{"id":155911,"date":"2024-11-29T20:21:17","date_gmt":"2024-11-29T19:21:17","guid":{"rendered":"https:\/\/www.bellunopress.it\/?p=155911"},"modified":"2024-11-29T20:21:17","modified_gmt":"2024-11-29T19:21:17","slug":"comune-di-belluno-bilancio-previsionale-2025-2027","status":"publish","type":"post","link":"https:\/\/www.bellunopress.it\/fr\/2024\/11\/29\/comune-di-belluno-bilancio-previsionale-2025-2027\/","title":{"rendered":"Comune di Belluno: bilancio previsionale 2025-2027"},"content":{"rendered":"<figure id=\"attachment_135245\" aria-describedby=\"caption-attachment-135245\" style=\"width: 803px\" class=\"wp-caption aligncenter\"><img loading=\"lazy\" decoding=\"async\" class=\"size-full wp-image-135245\" src=\"https:\/\/www.bellunopress.it\/wp-content\/uploads\/2022\/07\/Oscar-De-Pellegrin-sindaco-di-Belluno_edited.jpg\" alt=\"\" width=\"803\" height=\"1000\" srcset=\"https:\/\/www.bellunopress.it\/wp-content\/uploads\/2022\/07\/Oscar-De-Pellegrin-sindaco-di-Belluno_edited.jpg 803w, https:\/\/www.bellunopress.it\/wp-content\/uploads\/2022\/07\/Oscar-De-Pellegrin-sindaco-di-Belluno_edited-402x500.jpg 402w, https:\/\/www.bellunopress.it\/wp-content\/uploads\/2022\/07\/Oscar-De-Pellegrin-sindaco-di-Belluno_edited-696x867.jpg 696w, https:\/\/www.bellunopress.it\/wp-content\/uploads\/2022\/07\/Oscar-De-Pellegrin-sindaco-di-Belluno_edited-337x420.jpg 337w\" sizes=\"auto, (max-width: 803px) 100vw, 803px\" \/><figcaption id=\"caption-attachment-135245\" class=\"wp-caption-text\">Oscar De Pellegrin, sindaco di Belluno<\/figcaption><\/figure>\n<p>\u201cNon ci saranno tagli ai servizi e il sostegno alle fasce fragili \u00e8 assicurato da uno stanziamento per il sociale di 2 milioni in pi\u00f9 rispetto al 2024. E\u2019 un previsionale cesellato al centesimo con grande precisione per far quadrare i conti e assicurare alla Citt\u00e0 quei servizi che chiede un Capoluogo. E\u2019 stato condotto un lavoro intenso per arrivare all\u2019approvazione entro il 31 dicembre e assicurare in questo modo la piena operativit\u00e0 dell\u2019Ente senza rallentamenti che potrebbero essere causati, appunto, da un previsionale votato nel 2025, ne siamo soddisfatti e colgo per questo l\u2019occasione per ringraziare gli uffici. Quanto annunciato nei giorni scorsi da parte di alcuni consiglieri di minoranza non riflette i numeri reali di questo bilancio, i dati non sono corretti e questo dispiace\u201d.<\/p>\n<p>Cos\u00ec il sindaco di Belluno, Oscar De Pellegrin, nel commentare il bilancio di previsione 2025 -2027 approdato oggi all\u2019approvazione del Consiglio comunale.<\/p>\n<p>\u201cE\u2019 un documento politico e tecnico al contempo \u2013 prosegue il Sindaco-, tecnico perch\u00e9 l\u2019analisi precisa e la calibrazione delle singole voci hanno permesso di modulare le spese, realizzare economie e distribuire le risorse laddove ce n\u2019\u00e8 pi\u00f9 bisogno a partire da famiglie fragili, anziani e disabilit\u00e0. Politico perch\u00e9, a maggior ragione in periodi di coperta corta, sono state compiute scelte precise che vanno nella direzione di assicurare il sostegno alla nostra comunit\u00e0 aumentando la spesa per il sociale e allargando la fetta delle esenzioni Irpef. E\u2019 semplice chiudere bilanci in tempi di vacche grasse, come si dice, altra cosa \u00e8 mantenere i conti in equilibrio in periodi come questo.<br \/>\nIl previsionale \u00e8 il documento che ci guider\u00e0 nei prossimi mesi e delinea le linee di indirizzo dei prossimi anni, ma \u00e8 un documento in continuo aggiornamento, si sa. Nel corso del 2025 ci saranno perci\u00f2 variazioni per aumentare fondi e risorse ai vari capitoli di spesa e agli assessorati, potenziando le risorse nei servizi essenziali e in particolare in quelli rivolti alle famiglie e alle fasce fragili della popolazione\u201d.<\/p>\n<figure id=\"attachment_135822\" aria-describedby=\"caption-attachment-135822\" style=\"width: 446px\" class=\"wp-caption aligncenter\"><img loading=\"lazy\" decoding=\"async\" class=\"size-full wp-image-135822\" src=\"https:\/\/www.bellunopress.it\/wp-content\/uploads\/2022\/08\/Paolo-Gamba.jpg\" alt=\"\" width=\"446\" height=\"545\" srcset=\"https:\/\/www.bellunopress.it\/wp-content\/uploads\/2022\/08\/Paolo-Gamba.jpg 446w, https:\/\/www.bellunopress.it\/wp-content\/uploads\/2022\/08\/Paolo-Gamba-409x500.jpg 409w, https:\/\/www.bellunopress.it\/wp-content\/uploads\/2022\/08\/Paolo-Gamba-344x420.jpg 344w\" sizes=\"auto, (max-width: 446px) 100vw, 446px\" \/><figcaption id=\"caption-attachment-135822\" class=\"wp-caption-text\">Paolo Gamba, vicesindaco di Belluno e assessore al Bilancio<\/figcaption><\/figure>\n<p><strong>RELAZIONE DELL&#8217; ASSESSORE AL BILANCIO, PAOLO GAMBA<\/strong><br \/>\n\u201cAnche quest\u2019anno siamo riusciti a portare il bilancio di previsione all\u2019approvazione a fine del mese di novembre per poter dare la possibilit\u00e0 agli uffici di lavorare nel mese di dicembre per tutte le chiusure necessarie al prossimo bilancio consuntivo. Voglio ringraziare tutti gli uffici, i servizi che gi\u00e0 nel mese di luglio si sono attivati per poter arrivare a questo risultato. Non voglio dimenticare i revisori dei conti che sono messi subito a disposizione della struttura per arrivare a chiudere entro i termini. Un doveroso grazie\u201d. Esordisce cosi la relazione sul bilancio del vice sindaco e assessore al bilancio Paolo Gamba.<\/p>\n<p>\u201cIl bilancio del Comune \u00e8 un documento complesso e apparentemente incomprensibile, per questo vorrei fare un focus sulle condizioni esterne che incidono sulle scelte dell\u2019Amministrazione nella convinzione che la trasparenza amministrativa sia il primo presupposto per una cittadinanza libera e informata.<br \/>\nIl bilancio \u00e8 il documento principale di ogni ente. E\u2019 simile al bilancio di una famiglia, contiene tutte le entrate e le uscite che il Comune prevede di sostenere nel corso dell\u2019anno. Le previsioni delle entrate e delle uscite devono eguagliarsi in modo da raggiungere il pareggio di bilancio che costituisce un obbligo di legge.<br \/>\nIl bilancio di previsione definisce la stima delle entrate e delle uscite per il triennio successivo, le previsioni possono subire modifiche in relazione al verificarsi di circostanze nuove o imprevedibili che vengono evidenziate nelle variazioni di bilancio.<br \/>\nIl bilancio di previsione \u00e8 il documento con il quale il Comune programma l\u2019attivit\u00e0 e i servizi che potr\u00e0 offrire ai cittadini nei tre anni successivi. Vengono specificate le entrate e le spese previste e autorizzate sulla base delle necessit\u00e0 e delle priorit\u00e0 individuate dall\u2019Amministrazione. Le risorse finanziarie di cui il Comune pu\u00f2 disporre sono le entrate correnti e quelle in conto capitale.<br \/>\nE\u2019 importante sottolineare che una parte sostanziale del bilancio in entrata sono entrate vincolate e possono essere utilizzate solo per specifiche spese individuate da leggi o atti amministrativi.<\/p>\n<p>La questione delle riduzioni nei trasferimenti da parte dello Stato destinati alla spesa corrente non \u00e8 l\u2019unico grattacapo che ci toglie il sonno la notte.<\/p>\n<p>Il bilancio di previsione 25\/27 \u00e8 caratterizzato, ancora una volta, dall\u2019eccezionalit\u00e0 della fase storica in cui ci troviamo: inflazione, caro materiali, aumento dei costi dei cantieri, prezzo dell\u2019energia, adeguamento degli stipendi dei dipendenti e la penalizzazione causata dalla vicenda autovelox. Se un domani ci saranno meno fondi per sistemare le strade o illuminare un incrocio pericoloso lo si dovr\u00e0 anche allo spegnimento dei velox e, perci\u00f2, al venir meno di quei fondi derivanti dalle multe e che potevano essere investiti per la sicurezza. Tutti questi sono fattori che rendono lo scenario incerto. Perci\u00f2 la possibilit\u00e0 di fare un ragionamento politico in prospettiva \u00e8 molto limitata. A tutto questo si aggiungono le incertezze geopolitiche riconducibili ai conflitti in Ucraina e in Medio Oriente.<br \/>\nLe risorse utilizzate dal Comune per la realizzazione delle sue missioni istituzionali provengono da cittadini e utenti dei servizi comunali, da trasferimenti dello Stato, della Regione o di altri enti&#8221;.<\/p>\n<p>\u201cSiamo riusciti a raggiungere l\u2019equilibrio di bilancio nonostante gli aumenti \u2013 conclude il Sindaco -, tutto questo ci permette di affermare che il documento presentato oggi \u00e8 pulito, trasparente e veritiero. Non ci sono voli pindarici n\u00e9 ipotesi troppo ottimiste, abbiamo ragionato come il buon padre di famiglia e previsto spese ed entrate con prudenza ma anche razionalit\u00e0\u201d.<\/p>\n<p>&nbsp;<\/p>","protected":false},"excerpt":{"rendered":"<p>\u201cNon ci saranno tagli ai servizi e il sostegno alle fasce fragili \u00e8 assicurato da uno stanziamento per il sociale di 2 milioni in pi\u00f9 rispetto al 2024. E\u2019 un previsionale cesellato al centesimo con grande precisione per far quadrare i conti e assicurare alla Citt\u00e0 quei servizi che chiede un Capoluogo. E\u2019 stato condotto [&hellip;]<\/p>\n","protected":false},"author":2,"featured_media":112706,"comment_status":"closed","ping_status":"open","sticky":false,"template":"","format":"standard","meta":{"footnotes":""},"categories":[5,26,8],"tags":[],"class_list":["post-155911","post","type-post","status-publish","format-standard","has-post-thumbnail","category-cronaca","category-prima-pagina","category-societa-istituzioni"],"yoast_head":"<!-- This site is optimized with the Yoast SEO plugin v28.4 - https:\/\/yoast.com\/product\/yoast-seo-wordpress\/ -->\n<title>Comune di Belluno: bilancio previsionale 2025-2027 - Bellunopress - Dolomiti<\/title>\n<meta name=\"robots\" content=\"index, follow, max-snippet:-1, max-image-preview:large, max-video-preview:-1\" \/>\n<link rel=\"canonical\" href=\"https:\/\/www.bellunopress.it\/fr\/2024\/11\/29\/comune-di-belluno-bilancio-previsionale-2025-2027\/\" \/>\n<meta property=\"og:locale\" content=\"fr_FR\" \/>\n<meta property=\"og:type\" content=\"article\" \/>\n<meta property=\"og:title\" content=\"Comune di Belluno: bilancio previsionale 2025-2027 - Bellunopress - Dolomiti\" \/>\n<meta property=\"og:description\" content=\"\u201cNon ci saranno tagli ai servizi e il sostegno alle fasce fragili \u00e8 assicurato da uno stanziamento per il sociale di 2 milioni in pi\u00f9 rispetto al 2024. E\u2019 un previsionale cesellato al centesimo con grande precisione per far quadrare i conti e assicurare alla Citt\u00e0 quei servizi che chiede un Capoluogo. E\u2019 stato condotto [&hellip;]\" \/>\n<meta property=\"og:url\" content=\"https:\/\/www.bellunopress.it\/fr\/2024\/11\/29\/comune-di-belluno-bilancio-previsionale-2025-2027\/\" \/>\n<meta property=\"og:site_name\" content=\"Bellunopress - Dolomiti\" \/>\n<meta property=\"article:publisher\" content=\"https:\/\/www.facebook.com\/profile.php?id=100008943462799\" \/>\n<meta property=\"article:published_time\" content=\"2024-11-29T19:21:17+00:00\" \/>\n<meta property=\"og:image\" content=\"https:\/\/www.bellunopress.it\/wp-content\/uploads\/2020\/03\/palazzo-rosso-notte.jpg\" \/>\n\t<meta property=\"og:image:width\" content=\"900\" \/>\n\t<meta property=\"og:image:height\" content=\"688\" \/>\n\t<meta property=\"og:image:type\" content=\"image\/jpeg\" \/>\n<meta name=\"author\" content=\"redazione\" \/>\n<meta name=\"twitter:card\" content=\"summary_large_image\" \/>\n<meta name=\"twitter:creator\" content=\"@bellunopress\" \/>\n<meta name=\"twitter:site\" content=\"@bellunopress\" \/>\n<meta name=\"twitter:label1\" content=\"\u00c9crit par\" \/>\n\t<meta name=\"twitter:data1\" content=\"redazione\" \/>\n\t<meta name=\"twitter:label2\" content=\"Dur\u00e9e de lecture estim\u00e9e\" \/>\n\t<meta name=\"twitter:data2\" content=\"5 minutes\" \/>\n<script type=\"application\/ld+json\" class=\"yoast-schema-graph\">{\"@context\":\"https:\\\/\\\/schema.org\",\"@graph\":[{\"@type\":\"Article\",\"@id\":\"https:\\\/\\\/www.bellunopress.it\\\/2024\\\/11\\\/29\\\/comune-di-belluno-bilancio-previsionale-2025-2027\\\/#article\",\"isPartOf\":{\"@id\":\"https:\\\/\\\/www.bellunopress.it\\\/2024\\\/11\\\/29\\\/comune-di-belluno-bilancio-previsionale-2025-2027\\\/\"},\"author\":{\"name\":\"redazione\",\"@id\":\"https:\\\/\\\/www.bellunopress.it\\\/#\\\/schema\\\/person\\\/79bb06722b37ece1c03d3e94beb30d73\"},\"headline\":\"Comune di Belluno: bilancio previsionale 2025-2027\",\"datePublished\":\"2024-11-29T19:21:17+00:00\",\"mainEntityOfPage\":{\"@id\":\"https:\\\/\\\/www.bellunopress.it\\\/2024\\\/11\\\/29\\\/comune-di-belluno-bilancio-previsionale-2025-2027\\\/\"},\"wordCount\":927,\"publisher\":{\"@id\":\"https:\\\/\\\/www.bellunopress.it\\\/#organization\"},\"image\":{\"@id\":\"https:\\\/\\\/www.bellunopress.it\\\/2024\\\/11\\\/29\\\/comune-di-belluno-bilancio-previsionale-2025-2027\\\/#primaryimage\"},\"thumbnailUrl\":\"https:\\\/\\\/www.bellunopress.it\\\/wp-content\\\/uploads\\\/2020\\\/03\\\/palazzo-rosso-notte.jpg\",\"articleSection\":[\"Cronaca\\\/Politica\",\"Prima Pagina\",\"Societ\u00e0, Associazioni, Istituzioni\"],\"inLanguage\":\"fr-FR\"},{\"@type\":\"WebPage\",\"@id\":\"https:\\\/\\\/www.bellunopress.it\\\/2024\\\/11\\\/29\\\/comune-di-belluno-bilancio-previsionale-2025-2027\\\/\",\"url\":\"https:\\\/\\\/www.bellunopress.it\\\/2024\\\/11\\\/29\\\/comune-di-belluno-bilancio-previsionale-2025-2027\\\/\",\"name\":\"Comune di Belluno: bilancio previsionale 2025-2027 - Bellunopress - Dolomiti\",\"isPartOf\":{\"@id\":\"https:\\\/\\\/www.bellunopress.it\\\/#website\"},\"primaryImageOfPage\":{\"@id\":\"https:\\\/\\\/www.bellunopress.it\\\/2024\\\/11\\\/29\\\/comune-di-belluno-bilancio-previsionale-2025-2027\\\/#primaryimage\"},\"image\":{\"@id\":\"https:\\\/\\\/www.bellunopress.it\\\/2024\\\/11\\\/29\\\/comune-di-belluno-bilancio-previsionale-2025-2027\\\/#primaryimage\"},\"thumbnailUrl\":\"https:\\\/\\\/www.bellunopress.it\\\/wp-content\\\/uploads\\\/2020\\\/03\\\/palazzo-rosso-notte.jpg\",\"datePublished\":\"2024-11-29T19:21:17+00:00\",\"breadcrumb\":{\"@id\":\"https:\\\/\\\/www.bellunopress.it\\\/2024\\\/11\\\/29\\\/comune-di-belluno-bilancio-previsionale-2025-2027\\\/#breadcrumb\"},\"inLanguage\":\"fr-FR\",\"potentialAction\":[{\"@type\":\"ReadAction\",\"target\":[\"https:\\\/\\\/www.bellunopress.it\\\/2024\\\/11\\\/29\\\/comune-di-belluno-bilancio-previsionale-2025-2027\\\/\"]}]},{\"@type\":\"ImageObject\",\"inLanguage\":\"fr-FR\",\"@id\":\"https:\\\/\\\/www.bellunopress.it\\\/2024\\\/11\\\/29\\\/comune-di-belluno-bilancio-previsionale-2025-2027\\\/#primaryimage\",\"url\":\"https:\\\/\\\/www.bellunopress.it\\\/wp-content\\\/uploads\\\/2020\\\/03\\\/palazzo-rosso-notte.jpg\",\"contentUrl\":\"https:\\\/\\\/www.bellunopress.it\\\/wp-content\\\/uploads\\\/2020\\\/03\\\/palazzo-rosso-notte.jpg\",\"width\":900,\"height\":688,\"caption\":\"Palazzo Rosso, sede dell'Amministrazione comunale di Belluno\"},{\"@type\":\"BreadcrumbList\",\"@id\":\"https:\\\/\\\/www.bellunopress.it\\\/2024\\\/11\\\/29\\\/comune-di-belluno-bilancio-previsionale-2025-2027\\\/#breadcrumb\",\"itemListElement\":[{\"@type\":\"ListItem\",\"position\":1,\"name\":\"Home\",\"item\":\"https:\\\/\\\/www.bellunopress.it\\\/\"},{\"@type\":\"ListItem\",\"position\":2,\"name\":\"Comune di Belluno: bilancio previsionale 2025-2027\"}]},{\"@type\":\"WebSite\",\"@id\":\"https:\\\/\\\/www.bellunopress.it\\\/#website\",\"url\":\"https:\\\/\\\/www.bellunopress.it\\\/\",\"name\":\"Bellunopress - Dolomiti\",\"description\":\"e-mail: redazione@bellunopress.it\",\"publisher\":{\"@id\":\"https:\\\/\\\/www.bellunopress.it\\\/#organization\"},\"potentialAction\":[{\"@type\":\"SearchAction\",\"target\":{\"@type\":\"EntryPoint\",\"urlTemplate\":\"https:\\\/\\\/www.bellunopress.it\\\/?s={search_term_string}\"},\"query-input\":{\"@type\":\"PropertyValueSpecification\",\"valueRequired\":true,\"valueName\":\"search_term_string\"}}],\"inLanguage\":\"fr-FR\"},{\"@type\":\"Organization\",\"@id\":\"https:\\\/\\\/www.bellunopress.it\\\/#organization\",\"name\":\"Bellunopress\",\"url\":\"https:\\\/\\\/www.bellunopress.it\\\/\",\"logo\":{\"@type\":\"ImageObject\",\"inLanguage\":\"fr-FR\",\"@id\":\"https:\\\/\\\/www.bellunopress.it\\\/#\\\/schema\\\/logo\\\/image\\\/\",\"url\":\"https:\\\/\\\/www.bellunopress.it\\\/wp-content\\\/uploads\\\/2011\\\/05\\\/cropped-logo-bellunopress-.jpg\",\"contentUrl\":\"https:\\\/\\\/www.bellunopress.it\\\/wp-content\\\/uploads\\\/2011\\\/05\\\/cropped-logo-bellunopress-.jpg\",\"width\":512,\"height\":512,\"caption\":\"Bellunopress\"},\"image\":{\"@id\":\"https:\\\/\\\/www.bellunopress.it\\\/#\\\/schema\\\/logo\\\/image\\\/\"},\"sameAs\":[\"https:\\\/\\\/www.facebook.com\\\/profile.php?id=100008943462799\",\"https:\\\/\\\/x.com\\\/bellunopress\",\"https:\\\/\\\/www.linkedin.com\\\/hp\\\/?dnr=JBzUWaJfMUw8vbXJJ2tVW5-I3jZKvC4wsoxE&amp;amp;amp;amp;amp;amp;trk=nav_responsive_tab_home\",\"https:\\\/\\\/www.youtube.com\\\/channel\\\/UCxL0wu1uN0_3_7hGG0306cw\"]},{\"@type\":\"Person\",\"@id\":\"https:\\\/\\\/www.bellunopress.it\\\/#\\\/schema\\\/person\\\/79bb06722b37ece1c03d3e94beb30d73\",\"name\":\"redazione\",\"image\":{\"@type\":\"ImageObject\",\"inLanguage\":\"fr-FR\",\"@id\":\"https:\\\/\\\/secure.gravatar.com\\\/avatar\\\/37d968a2e67a6fd04c169c4bdef102d0bc5d31b2546345219e348575eb80e9a0?s=96&d=mm&r=g\",\"url\":\"https:\\\/\\\/secure.gravatar.com\\\/avatar\\\/37d968a2e67a6fd04c169c4bdef102d0bc5d31b2546345219e348575eb80e9a0?s=96&d=mm&r=g\",\"contentUrl\":\"https:\\\/\\\/secure.gravatar.com\\\/avatar\\\/37d968a2e67a6fd04c169c4bdef102d0bc5d31b2546345219e348575eb80e9a0?s=96&d=mm&r=g\",\"caption\":\"redazione\"},\"sameAs\":[\"http:\\\/\\\/www.bellunopress.it\",\"https:\\\/\\\/x.com\\\/bellunopress\"],\"url\":\"https:\\\/\\\/www.bellunopress.it\\\/fr\\\/author\\\/redazione\\\/\"}]}<\/script>\n<!-- \/ Yoast SEO plugin. -->","yoast_head_json":{"title":"Comune di Belluno: bilancio previsionale 2025-2027 - Bellunopress - Dolomiti","robots":{"index":"index","follow":"follow","max-snippet":"max-snippet:-1","max-image-preview":"max-image-preview:large","max-video-preview":"max-video-preview:-1"},"canonical":"https:\/\/www.bellunopress.it\/fr\/2024\/11\/29\/comune-di-belluno-bilancio-previsionale-2025-2027\/","og_locale":"fr_FR","og_type":"article","og_title":"Comune di Belluno: bilancio previsionale 2025-2027 - Bellunopress - Dolomiti","og_description":"\u201cNon ci saranno tagli ai servizi e il sostegno alle fasce fragili \u00e8 assicurato da uno stanziamento per il sociale di 2 milioni in pi\u00f9 rispetto al 2024. E\u2019 un previsionale cesellato al centesimo con grande precisione per far quadrare i conti e assicurare alla Citt\u00e0 quei servizi che chiede un Capoluogo. E\u2019 stato condotto [&hellip;]","og_url":"https:\/\/www.bellunopress.it\/fr\/2024\/11\/29\/comune-di-belluno-bilancio-previsionale-2025-2027\/","og_site_name":"Bellunopress - Dolomiti","article_publisher":"https:\/\/www.facebook.com\/profile.php?id=100008943462799","article_published_time":"2024-11-29T19:21:17+00:00","og_image":[{"width":900,"height":688,"url":"https:\/\/www.bellunopress.it\/wp-content\/uploads\/2020\/03\/palazzo-rosso-notte.jpg","type":"image\/jpeg"}],"author":"redazione","twitter_card":"summary_large_image","twitter_creator":"@bellunopress","twitter_site":"@bellunopress","twitter_misc":{"\u00c9crit par":"redazione","Dur\u00e9e de lecture estim\u00e9e":"5 minutes"},"schema":{"@context":"https:\/\/schema.org","@graph":[{"@type":"Article","@id":"https:\/\/www.bellunopress.it\/2024\/11\/29\/comune-di-belluno-bilancio-previsionale-2025-2027\/#article","isPartOf":{"@id":"https:\/\/www.bellunopress.it\/2024\/11\/29\/comune-di-belluno-bilancio-previsionale-2025-2027\/"},"author":{"name":"redazione","@id":"https:\/\/www.bellunopress.it\/#\/schema\/person\/79bb06722b37ece1c03d3e94beb30d73"},"headline":"Comune di Belluno: bilancio previsionale 2025-2027","datePublished":"2024-11-29T19:21:17+00:00","mainEntityOfPage":{"@id":"https:\/\/www.bellunopress.it\/2024\/11\/29\/comune-di-belluno-bilancio-previsionale-2025-2027\/"},"wordCount":927,"publisher":{"@id":"https:\/\/www.bellunopress.it\/#organization"},"image":{"@id":"https:\/\/www.bellunopress.it\/2024\/11\/29\/comune-di-belluno-bilancio-previsionale-2025-2027\/#primaryimage"},"thumbnailUrl":"https:\/\/www.bellunopress.it\/wp-content\/uploads\/2020\/03\/palazzo-rosso-notte.jpg","articleSection":["Cronaca\/Politica","Prima Pagina","Societ\u00e0, Associazioni, Istituzioni"],"inLanguage":"fr-FR"},{"@type":"WebPage","@id":"https:\/\/www.bellunopress.it\/2024\/11\/29\/comune-di-belluno-bilancio-previsionale-2025-2027\/","url":"https:\/\/www.bellunopress.it\/2024\/11\/29\/comune-di-belluno-bilancio-previsionale-2025-2027\/","name":"Comune di Belluno: bilancio previsionale 2025-2027 - Bellunopress - Dolomiti","isPartOf":{"@id":"https:\/\/www.bellunopress.it\/#website"},"primaryImageOfPage":{"@id":"https:\/\/www.bellunopress.it\/2024\/11\/29\/comune-di-belluno-bilancio-previsionale-2025-2027\/#primaryimage"},"image":{"@id":"https:\/\/www.bellunopress.it\/2024\/11\/29\/comune-di-belluno-bilancio-previsionale-2025-2027\/#primaryimage"},"thumbnailUrl":"https:\/\/www.bellunopress.it\/wp-content\/uploads\/2020\/03\/palazzo-rosso-notte.jpg","datePublished":"2024-11-29T19:21:17+00:00","breadcrumb":{"@id":"https:\/\/www.bellunopress.it\/2024\/11\/29\/comune-di-belluno-bilancio-previsionale-2025-2027\/#breadcrumb"},"inLanguage":"fr-FR","potentialAction":[{"@type":"ReadAction","target":["https:\/\/www.bellunopress.it\/2024\/11\/29\/comune-di-belluno-bilancio-previsionale-2025-2027\/"]}]},{"@type":"ImageObject","inLanguage":"fr-FR","@id":"https:\/\/www.bellunopress.it\/2024\/11\/29\/comune-di-belluno-bilancio-previsionale-2025-2027\/#primaryimage","url":"https:\/\/www.bellunopress.it\/wp-content\/uploads\/2020\/03\/palazzo-rosso-notte.jpg","contentUrl":"https:\/\/www.bellunopress.it\/wp-content\/uploads\/2020\/03\/palazzo-rosso-notte.jpg","width":900,"height":688,"caption":"Palazzo Rosso, sede dell'Amministrazione comunale di Belluno"},{"@type":"BreadcrumbList","@id":"https:\/\/www.bellunopress.it\/2024\/11\/29\/comune-di-belluno-bilancio-previsionale-2025-2027\/#breadcrumb","itemListElement":[{"@type":"ListItem","position":1,"name":"Home","item":"https:\/\/www.bellunopress.it\/"},{"@type":"ListItem","position":2,"name":"Comune di Belluno: bilancio previsionale 2025-2027"}]},{"@type":"WebSite","@id":"https:\/\/www.bellunopress.it\/#website","url":"https:\/\/www.bellunopress.it\/","name":"Bellunopress - Dolomiti","description":"e-mail: redazione@bellunopress.it","publisher":{"@id":"https:\/\/www.bellunopress.it\/#organization"},"potentialAction":[{"@type":"SearchAction","target":{"@type":"EntryPoint","urlTemplate":"https:\/\/www.bellunopress.it\/?s={search_term_string}"},"query-input":{"@type":"PropertyValueSpecification","valueRequired":true,"valueName":"search_term_string"}}],"inLanguage":"fr-FR"},{"@type":"Organization","@id":"https:\/\/www.bellunopress.it\/#organization","name":"Bellunopress","url":"https:\/\/www.bellunopress.it\/","logo":{"@type":"ImageObject","inLanguage":"fr-FR","@id":"https:\/\/www.bellunopress.it\/#\/schema\/logo\/image\/","url":"https:\/\/www.bellunopress.it\/wp-content\/uploads\/2011\/05\/cropped-logo-bellunopress-.jpg","contentUrl":"https:\/\/www.bellunopress.it\/wp-content\/uploads\/2011\/05\/cropped-logo-bellunopress-.jpg","width":512,"height":512,"caption":"Bellunopress"},"image":{"@id":"https:\/\/www.bellunopress.it\/#\/schema\/logo\/image\/"},"sameAs":["https:\/\/www.facebook.com\/profile.php?id=100008943462799","https:\/\/x.com\/bellunopress","https:\/\/www.linkedin.com\/hp\/?dnr=JBzUWaJfMUw8vbXJJ2tVW5-I3jZKvC4wsoxE&amp;amp;amp;amp;amp;amp;trk=nav_responsive_tab_home","https:\/\/www.youtube.com\/channel\/UCxL0wu1uN0_3_7hGG0306cw"]},{"@type":"Person","@id":"https:\/\/www.bellunopress.it\/#\/schema\/person\/79bb06722b37ece1c03d3e94beb30d73","name":"r\u00e9daction","image":{"@type":"ImageObject","inLanguage":"fr-FR","@id":"https:\/\/secure.gravatar.com\/avatar\/37d968a2e67a6fd04c169c4bdef102d0bc5d31b2546345219e348575eb80e9a0?s=96&d=mm&r=g","url":"https:\/\/secure.gravatar.com\/avatar\/37d968a2e67a6fd04c169c4bdef102d0bc5d31b2546345219e348575eb80e9a0?s=96&d=mm&r=g","contentUrl":"https:\/\/secure.gravatar.com\/avatar\/37d968a2e67a6fd04c169c4bdef102d0bc5d31b2546345219e348575eb80e9a0?s=96&d=mm&r=g","caption":"redazione"},"sameAs":["http:\/\/www.bellunopress.it","https:\/\/x.com\/bellunopress"],"url":"https:\/\/www.bellunopress.it\/fr\/author\/redazione\/"}]}},"_links":{"self":[{"href":"https:\/\/www.bellunopress.it\/fr\/wp-json\/wp\/v2\/posts\/155911","targetHints":{"allow":["GET"]}}],"collection":[{"href":"https:\/\/www.bellunopress.it\/fr\/wp-json\/wp\/v2\/posts"}],"about":[{"href":"https:\/\/www.bellunopress.it\/fr\/wp-json\/wp\/v2\/types\/post"}],"author":[{"embeddable":true,"href":"https:\/\/www.bellunopress.it\/fr\/wp-json\/wp\/v2\/users\/2"}],"replies":[{"embeddable":true,"href":"https:\/\/www.bellunopress.it\/fr\/wp-json\/wp\/v2\/comments?post=155911"}],"version-history":[{"count":1,"href":"https:\/\/www.bellunopress.it\/fr\/wp-json\/wp\/v2\/posts\/155911\/revisions"}],"predecessor-version":[{"id":155912,"href":"https:\/\/www.bellunopress.it\/fr\/wp-json\/wp\/v2\/posts\/155911\/revisions\/155912"}],"wp:featuredmedia":[{"embeddable":true,"href":"https:\/\/www.bellunopress.it\/fr\/wp-json\/wp\/v2\/media\/112706"}],"wp:attachment":[{"href":"https:\/\/www.bellunopress.it\/fr\/wp-json\/wp\/v2\/media?parent=155911"}],"wp:term":[{"taxonomy":"category","embeddable":true,"href":"https:\/\/www.bellunopress.it\/fr\/wp-json\/wp\/v2\/categories?post=155911"},{"taxonomy":"post_tag","embeddable":true,"href":"https:\/\/www.bellunopress.it\/fr\/wp-json\/wp\/v2\/tags?post=155911"}],"curies":[{"name":"wp","href":"https:\/\/api.w.org\/{rel}","templated":true}]}}