{"id":155903,"date":"2024-11-29T14:22:05","date_gmt":"2024-11-29T13:22:05","guid":{"rendered":"https:\/\/www.bellunopress.it\/?p=155903"},"modified":"2024-11-29T14:22:05","modified_gmt":"2024-11-29T13:22:05","slug":"sabato-30-novembre-apertura-impianti-faloria-e-cristallo","status":"publish","type":"post","link":"https:\/\/www.bellunopress.it\/fr\/2024\/11\/29\/sabato-30-novembre-apertura-impianti-faloria-e-cristallo\/","title":{"rendered":"Sabato 30 novembre apertura impianti Faloria e Cristallo"},"content":{"rendered":"<figure id=\"attachment_101666\" aria-describedby=\"caption-attachment-101666\" style=\"width: 206px\" class=\"wp-caption aligncenter\"><img loading=\"lazy\" decoding=\"async\" class=\"size-full wp-image-101666\" src=\"https:\/\/www.bellunopress.it\/wp-content\/uploads\/2019\/02\/Cortina_Funivia-Faloria_Foto_www.bandion.it_.jpg\" alt=\"\" width=\"206\" height=\"300\" \/><figcaption id=\"caption-attachment-101666\" class=\"wp-caption-text\">Cortina, Funivia Faloria (Foto Bandion)<\/figcaption><\/figure>\n<p>Faloria S.p.A. \u00e8 pronta per l&#8217;avvio della nuova stagione invernale: salvo condizioni meteo avverse, l&#8217;apertura degli impianti \u00e8 prevista per sabato 30 novembre 2024 con la chiusura fissata per domenica 4 maggio 2025. Sciatori, appassionati di altri sport invernali e turisti potranno quindi immergersi nel cuore delle Dolomiti, patrimonio dell&#8217;umanit\u00e0-UNESCO, raggiungendo le sue pi\u00f9 belle vette e concedersi cos\u00ec veri e propri momenti di relax.<\/p>\n<p>A distanza di poco pi\u00f9 di un anno dalle Olimpiadi invernali del 2026 c&#8217;\u00e8 molta attenzione alla cura dei servizi offerti per venire incontro alle esigenze dei propri utenti, in modo particolare grazie al sistema di innevamento programmato, alla manutenzione puntuale degli impianti di risalita e alla sicurezza delle piste.<\/p>\n<p>Nella Ski Area Faloria-Cristallo si scia su ben dieci piste: Faloria normale, Tondi di Faloria, Vitelli Alta, Canalone Franchetti, Vitelli Bassa, Stratondi, Slittone, Bigontina, Monti-Zardini, Scoiattolo.<\/p>\n<p>Le piste sono servite da sette impianti: la Funivia Cortina-Faloria, la sciovia Faloria-Tondi e cinque seggiovie (Vitelli Tondi, Rio Gere-Pian de Ra Bigontina, Bigontina-Costa Faloria, Rio Gere-Son Forca e Padeon-Son Forca).<\/p>\n<p>Dal 30 novembre saranno quindi aperte la funivia Faloria, la seggiovia Vitelli e la pista Tondi.<\/p>\n<p>Ampia la variet\u00e0 di servizi. Dal centro di Cortina con la funivia \u00e8 possibile raggiungere, in una decina di minuti, il Rifugio Faloria, a quota 2.120 metri, con la possibilit\u00e0 di usufruire della ristorazione e del grill, mentre dalla terrazza esterna si potr\u00e0 ammirare tutto il fascino della &#8220;perla delle Dolomiti&#8221;. Alla partenza della seggiovia Vitelli il punto di ristoro dello Ski Bar.<\/p>\n<p>Nella Ski Area sono presenti altri 4 rifugi (Capanna Tondi, Pista Bar Pian Bigontina, Rio Gere e Son Forca) ed operano nell&#8217;area diverse scuole sci.<\/p>\n<p>Molto ricca la proposta di eventi. Nell&#8217;ambito di &#8220;Cortina Fashion Week&#8221; (6-8 dicembre 2024), sar\u00e0 allestito, all&#8217;arrivo della funivia presso il Rifugio Faloria, il &#8220;Faloria Ski Village&#8221; dove gli sciatori e gli appassionati potranno testare le ultime attrezzature del settore. Il 7 e l&#8217;8 dicembre serata con il DJ set firmato Rosadira Festival. Il tutto rappresenta un&#8217;azzeccata unione tra area espositiva, area relax, corner food &amp; beverage, musica con l&#8217;apr\u00e8s-ski.<\/p>\n<p>Il 14 dicembre la pista Tondi del Monte Faloria ospita la Coppa del Mondo di Snowboard in notturna sulla pista tracciata per lo slalom gigante parallelo.<\/p>\n<p>Tra le altre iniziative il classico Capodanno &#8220;Dinner Show&#8221; al Rifugio Faloria, mentre nel corso della stagione si susseguiranno diversi appuntamenti con apr\u00e8s-ski e l&#8217;animazione di importanti DJ.<\/p>\n<p>Per quanto riguarda la mobilit\u00e0 interna \u00e8 stato intensificato il gi\u00e0 potenziato servizio di Skibus della Dolomitibus per l&#8217;accesso alla Ski Area: sar\u00e0 cos\u00ec possibile arrivare con comodit\u00e0 di fronte alla partenza della funivia Faloria dove c&#8217;\u00e8 anche il punto di noleggio sci.<\/p>\n<p>In localit\u00e0 Rio Gere \u00e8 possibile usufruire di un ampio parcheggio gestito dalla societ\u00e0 Faloria Cristallo, alla partenza della seggiovia \u00e8 disponibile il servizio noleggio sci.<\/p>\n<p>Tutti i servizi e gli impianti di risalita sono alimentati con energia verde nell&#8217;ottica della sostenibilit\u00e0 ambientale.<\/p>\n<p>Tutte le informazioni e ulteriori dettagli consultando il sito www.faloriacristallo.it<\/p>\n<p>Siamo anche su facebook, instagram e youtube.<\/p>\n<p>&nbsp;<\/p>","protected":false},"excerpt":{"rendered":"<p>Faloria S.p.A. \u00e8 pronta per l&#8217;avvio della nuova stagione invernale: salvo condizioni meteo avverse, l&#8217;apertura degli impianti \u00e8 prevista per sabato 30 novembre 2024 con la chiusura fissata per domenica 4 maggio 2025. Sciatori, appassionati di altri sport invernali e turisti potranno quindi immergersi nel cuore delle Dolomiti, patrimonio dell&#8217;umanit\u00e0-UNESCO, raggiungendo le sue pi\u00f9 belle [&hellip;]<\/p>\n","protected":false},"author":2,"featured_media":101665,"comment_status":"closed","ping_status":"open","sticky":false,"template":"","format":"standard","meta":{"footnotes":""},"categories":[25,4],"tags":[],"class_list":["post-155903","post","type-post","status-publish","format-standard","has-post-thumbnail","category-pausa-caffe","category-sport"],"yoast_head":"<!-- This site is optimized with the Yoast SEO plugin v28.4 - https:\/\/yoast.com\/product\/yoast-seo-wordpress\/ -->\n<title>Sabato 30 novembre apertura impianti Faloria e Cristallo - Bellunopress - Dolomiti<\/title>\n<meta name=\"robots\" content=\"index, follow, max-snippet:-1, max-image-preview:large, max-video-preview:-1\" \/>\n<link rel=\"canonical\" href=\"https:\/\/www.bellunopress.it\/fr\/2024\/11\/29\/sabato-30-novembre-apertura-impianti-faloria-e-cristallo\/\" \/>\n<meta property=\"og:locale\" content=\"fr_FR\" \/>\n<meta property=\"og:type\" content=\"article\" \/>\n<meta property=\"og:title\" content=\"Sabato 30 novembre apertura impianti Faloria e Cristallo - Bellunopress - Dolomiti\" \/>\n<meta property=\"og:description\" content=\"Faloria S.p.A. \u00e8 pronta per l&#8217;avvio della nuova stagione invernale: salvo condizioni meteo avverse, l&#8217;apertura degli impianti \u00e8 prevista per sabato 30 novembre 2024 con la chiusura fissata per domenica 4 maggio 2025. Sciatori, appassionati di altri sport invernali e turisti potranno quindi immergersi nel cuore delle Dolomiti, patrimonio dell&#8217;umanit\u00e0-UNESCO, raggiungendo le sue pi\u00f9 belle [&hellip;]\" \/>\n<meta property=\"og:url\" content=\"https:\/\/www.bellunopress.it\/fr\/2024\/11\/29\/sabato-30-novembre-apertura-impianti-faloria-e-cristallo\/\" \/>\n<meta property=\"og:site_name\" content=\"Bellunopress - Dolomiti\" \/>\n<meta property=\"article:publisher\" content=\"https:\/\/www.facebook.com\/profile.php?id=100008943462799\" \/>\n<meta property=\"article:published_time\" content=\"2024-11-29T13:22:05+00:00\" \/>\n<meta property=\"og:image\" content=\"https:\/\/www.bellunopress.it\/wp-content\/uploads\/2019\/02\/Cortina_Funivia-Faloria_Foto_DinoColli.jpg\" \/>\n\t<meta property=\"og:image:width\" content=\"300\" \/>\n\t<meta property=\"og:image:height\" content=\"216\" \/>\n\t<meta property=\"og:image:type\" content=\"image\/jpeg\" \/>\n<meta name=\"author\" content=\"redazione\" \/>\n<meta name=\"twitter:card\" content=\"summary_large_image\" \/>\n<meta name=\"twitter:creator\" content=\"@bellunopress\" \/>\n<meta name=\"twitter:site\" content=\"@bellunopress\" \/>\n<meta name=\"twitter:label1\" content=\"\u00c9crit par\" \/>\n\t<meta name=\"twitter:data1\" content=\"redazione\" \/>\n\t<meta name=\"twitter:label2\" content=\"Dur\u00e9e de lecture estim\u00e9e\" \/>\n\t<meta name=\"twitter:data2\" content=\"3 minutes\" \/>\n<script type=\"application\/ld+json\" class=\"yoast-schema-graph\">{\"@context\":\"https:\\\/\\\/schema.org\",\"@graph\":[{\"@type\":\"Article\",\"@id\":\"https:\\\/\\\/www.bellunopress.it\\\/2024\\\/11\\\/29\\\/sabato-30-novembre-apertura-impianti-faloria-e-cristallo\\\/#article\",\"isPartOf\":{\"@id\":\"https:\\\/\\\/www.bellunopress.it\\\/2024\\\/11\\\/29\\\/sabato-30-novembre-apertura-impianti-faloria-e-cristallo\\\/\"},\"author\":{\"name\":\"redazione\",\"@id\":\"https:\\\/\\\/www.bellunopress.it\\\/#\\\/schema\\\/person\\\/79bb06722b37ece1c03d3e94beb30d73\"},\"headline\":\"Sabato 30 novembre apertura impianti Faloria e Cristallo\",\"datePublished\":\"2024-11-29T13:22:05+00:00\",\"mainEntityOfPage\":{\"@id\":\"https:\\\/\\\/www.bellunopress.it\\\/2024\\\/11\\\/29\\\/sabato-30-novembre-apertura-impianti-faloria-e-cristallo\\\/\"},\"wordCount\":524,\"publisher\":{\"@id\":\"https:\\\/\\\/www.bellunopress.it\\\/#organization\"},\"image\":{\"@id\":\"https:\\\/\\\/www.bellunopress.it\\\/2024\\\/11\\\/29\\\/sabato-30-novembre-apertura-impianti-faloria-e-cristallo\\\/#primaryimage\"},\"thumbnailUrl\":\"https:\\\/\\\/www.bellunopress.it\\\/wp-content\\\/uploads\\\/2019\\\/02\\\/Cortina_Funivia-Faloria_Foto_DinoColli.jpg\",\"articleSection\":[\"Pausa Caff\u00e8\",\"Sport, tempo libero\"],\"inLanguage\":\"fr-FR\"},{\"@type\":\"WebPage\",\"@id\":\"https:\\\/\\\/www.bellunopress.it\\\/2024\\\/11\\\/29\\\/sabato-30-novembre-apertura-impianti-faloria-e-cristallo\\\/\",\"url\":\"https:\\\/\\\/www.bellunopress.it\\\/2024\\\/11\\\/29\\\/sabato-30-novembre-apertura-impianti-faloria-e-cristallo\\\/\",\"name\":\"Sabato 30 novembre apertura impianti Faloria e Cristallo - Bellunopress - Dolomiti\",\"isPartOf\":{\"@id\":\"https:\\\/\\\/www.bellunopress.it\\\/#website\"},\"primaryImageOfPage\":{\"@id\":\"https:\\\/\\\/www.bellunopress.it\\\/2024\\\/11\\\/29\\\/sabato-30-novembre-apertura-impianti-faloria-e-cristallo\\\/#primaryimage\"},\"image\":{\"@id\":\"https:\\\/\\\/www.bellunopress.it\\\/2024\\\/11\\\/29\\\/sabato-30-novembre-apertura-impianti-faloria-e-cristallo\\\/#primaryimage\"},\"thumbnailUrl\":\"https:\\\/\\\/www.bellunopress.it\\\/wp-content\\\/uploads\\\/2019\\\/02\\\/Cortina_Funivia-Faloria_Foto_DinoColli.jpg\",\"datePublished\":\"2024-11-29T13:22:05+00:00\",\"breadcrumb\":{\"@id\":\"https:\\\/\\\/www.bellunopress.it\\\/2024\\\/11\\\/29\\\/sabato-30-novembre-apertura-impianti-faloria-e-cristallo\\\/#breadcrumb\"},\"inLanguage\":\"fr-FR\",\"potentialAction\":[{\"@type\":\"ReadAction\",\"target\":[\"https:\\\/\\\/www.bellunopress.it\\\/2024\\\/11\\\/29\\\/sabato-30-novembre-apertura-impianti-faloria-e-cristallo\\\/\"]}]},{\"@type\":\"ImageObject\",\"inLanguage\":\"fr-FR\",\"@id\":\"https:\\\/\\\/www.bellunopress.it\\\/2024\\\/11\\\/29\\\/sabato-30-novembre-apertura-impianti-faloria-e-cristallo\\\/#primaryimage\",\"url\":\"https:\\\/\\\/www.bellunopress.it\\\/wp-content\\\/uploads\\\/2019\\\/02\\\/Cortina_Funivia-Faloria_Foto_DinoColli.jpg\",\"contentUrl\":\"https:\\\/\\\/www.bellunopress.it\\\/wp-content\\\/uploads\\\/2019\\\/02\\\/Cortina_Funivia-Faloria_Foto_DinoColli.jpg\",\"width\":300,\"height\":216,\"caption\":\"Cortina, Funivia Faloria (Foto_Dino Colli)\"},{\"@type\":\"BreadcrumbList\",\"@id\":\"https:\\\/\\\/www.bellunopress.it\\\/2024\\\/11\\\/29\\\/sabato-30-novembre-apertura-impianti-faloria-e-cristallo\\\/#breadcrumb\",\"itemListElement\":[{\"@type\":\"ListItem\",\"position\":1,\"name\":\"Home\",\"item\":\"https:\\\/\\\/www.bellunopress.it\\\/\"},{\"@type\":\"ListItem\",\"position\":2,\"name\":\"Sabato 30 novembre apertura impianti Faloria e Cristallo\"}]},{\"@type\":\"WebSite\",\"@id\":\"https:\\\/\\\/www.bellunopress.it\\\/#website\",\"url\":\"https:\\\/\\\/www.bellunopress.it\\\/\",\"name\":\"Bellunopress - Dolomiti\",\"description\":\"e-mail: redazione@bellunopress.it\",\"publisher\":{\"@id\":\"https:\\\/\\\/www.bellunopress.it\\\/#organization\"},\"potentialAction\":[{\"@type\":\"SearchAction\",\"target\":{\"@type\":\"EntryPoint\",\"urlTemplate\":\"https:\\\/\\\/www.bellunopress.it\\\/?s={search_term_string}\"},\"query-input\":{\"@type\":\"PropertyValueSpecification\",\"valueRequired\":true,\"valueName\":\"search_term_string\"}}],\"inLanguage\":\"fr-FR\"},{\"@type\":\"Organization\",\"@id\":\"https:\\\/\\\/www.bellunopress.it\\\/#organization\",\"name\":\"Bellunopress\",\"url\":\"https:\\\/\\\/www.bellunopress.it\\\/\",\"logo\":{\"@type\":\"ImageObject\",\"inLanguage\":\"fr-FR\",\"@id\":\"https:\\\/\\\/www.bellunopress.it\\\/#\\\/schema\\\/logo\\\/image\\\/\",\"url\":\"https:\\\/\\\/www.bellunopress.it\\\/wp-content\\\/uploads\\\/2011\\\/05\\\/cropped-logo-bellunopress-.jpg\",\"contentUrl\":\"https:\\\/\\\/www.bellunopress.it\\\/wp-content\\\/uploads\\\/2011\\\/05\\\/cropped-logo-bellunopress-.jpg\",\"width\":512,\"height\":512,\"caption\":\"Bellunopress\"},\"image\":{\"@id\":\"https:\\\/\\\/www.bellunopress.it\\\/#\\\/schema\\\/logo\\\/image\\\/\"},\"sameAs\":[\"https:\\\/\\\/www.facebook.com\\\/profile.php?id=100008943462799\",\"https:\\\/\\\/x.com\\\/bellunopress\",\"https:\\\/\\\/www.linkedin.com\\\/hp\\\/?dnr=JBzUWaJfMUw8vbXJJ2tVW5-I3jZKvC4wsoxE&amp;amp;amp;amp;amp;amp;trk=nav_responsive_tab_home\",\"https:\\\/\\\/www.youtube.com\\\/channel\\\/UCxL0wu1uN0_3_7hGG0306cw\"]},{\"@type\":\"Person\",\"@id\":\"https:\\\/\\\/www.bellunopress.it\\\/#\\\/schema\\\/person\\\/79bb06722b37ece1c03d3e94beb30d73\",\"name\":\"redazione\",\"image\":{\"@type\":\"ImageObject\",\"inLanguage\":\"fr-FR\",\"@id\":\"https:\\\/\\\/secure.gravatar.com\\\/avatar\\\/37d968a2e67a6fd04c169c4bdef102d0bc5d31b2546345219e348575eb80e9a0?s=96&d=mm&r=g\",\"url\":\"https:\\\/\\\/secure.gravatar.com\\\/avatar\\\/37d968a2e67a6fd04c169c4bdef102d0bc5d31b2546345219e348575eb80e9a0?s=96&d=mm&r=g\",\"contentUrl\":\"https:\\\/\\\/secure.gravatar.com\\\/avatar\\\/37d968a2e67a6fd04c169c4bdef102d0bc5d31b2546345219e348575eb80e9a0?s=96&d=mm&r=g\",\"caption\":\"redazione\"},\"sameAs\":[\"http:\\\/\\\/www.bellunopress.it\",\"https:\\\/\\\/x.com\\\/bellunopress\"],\"url\":\"https:\\\/\\\/www.bellunopress.it\\\/fr\\\/author\\\/redazione\\\/\"}]}<\/script>\n<!-- \/ Yoast SEO plugin. -->","yoast_head_json":{"title":"Sabato 30 novembre apertura impianti Faloria e Cristallo - Bellunopress - Dolomiti","robots":{"index":"index","follow":"follow","max-snippet":"max-snippet:-1","max-image-preview":"max-image-preview:large","max-video-preview":"max-video-preview:-1"},"canonical":"https:\/\/www.bellunopress.it\/fr\/2024\/11\/29\/sabato-30-novembre-apertura-impianti-faloria-e-cristallo\/","og_locale":"fr_FR","og_type":"article","og_title":"Sabato 30 novembre apertura impianti Faloria e Cristallo - Bellunopress - Dolomiti","og_description":"Faloria S.p.A. \u00e8 pronta per l&#8217;avvio della nuova stagione invernale: salvo condizioni meteo avverse, l&#8217;apertura degli impianti \u00e8 prevista per sabato 30 novembre 2024 con la chiusura fissata per domenica 4 maggio 2025. Sciatori, appassionati di altri sport invernali e turisti potranno quindi immergersi nel cuore delle Dolomiti, patrimonio dell&#8217;umanit\u00e0-UNESCO, raggiungendo le sue pi\u00f9 belle [&hellip;]","og_url":"https:\/\/www.bellunopress.it\/fr\/2024\/11\/29\/sabato-30-novembre-apertura-impianti-faloria-e-cristallo\/","og_site_name":"Bellunopress - Dolomiti","article_publisher":"https:\/\/www.facebook.com\/profile.php?id=100008943462799","article_published_time":"2024-11-29T13:22:05+00:00","og_image":[{"width":300,"height":216,"url":"https:\/\/www.bellunopress.it\/wp-content\/uploads\/2019\/02\/Cortina_Funivia-Faloria_Foto_DinoColli.jpg","type":"image\/jpeg"}],"author":"redazione","twitter_card":"summary_large_image","twitter_creator":"@bellunopress","twitter_site":"@bellunopress","twitter_misc":{"\u00c9crit par":"redazione","Dur\u00e9e de lecture estim\u00e9e":"3 minutes"},"schema":{"@context":"https:\/\/schema.org","@graph":[{"@type":"Article","@id":"https:\/\/www.bellunopress.it\/2024\/11\/29\/sabato-30-novembre-apertura-impianti-faloria-e-cristallo\/#article","isPartOf":{"@id":"https:\/\/www.bellunopress.it\/2024\/11\/29\/sabato-30-novembre-apertura-impianti-faloria-e-cristallo\/"},"author":{"name":"redazione","@id":"https:\/\/www.bellunopress.it\/#\/schema\/person\/79bb06722b37ece1c03d3e94beb30d73"},"headline":"Sabato 30 novembre apertura impianti Faloria e Cristallo","datePublished":"2024-11-29T13:22:05+00:00","mainEntityOfPage":{"@id":"https:\/\/www.bellunopress.it\/2024\/11\/29\/sabato-30-novembre-apertura-impianti-faloria-e-cristallo\/"},"wordCount":524,"publisher":{"@id":"https:\/\/www.bellunopress.it\/#organization"},"image":{"@id":"https:\/\/www.bellunopress.it\/2024\/11\/29\/sabato-30-novembre-apertura-impianti-faloria-e-cristallo\/#primaryimage"},"thumbnailUrl":"https:\/\/www.bellunopress.it\/wp-content\/uploads\/2019\/02\/Cortina_Funivia-Faloria_Foto_DinoColli.jpg","articleSection":["Pausa Caff\u00e8","Sport, tempo libero"],"inLanguage":"fr-FR"},{"@type":"WebPage","@id":"https:\/\/www.bellunopress.it\/2024\/11\/29\/sabato-30-novembre-apertura-impianti-faloria-e-cristallo\/","url":"https:\/\/www.bellunopress.it\/2024\/11\/29\/sabato-30-novembre-apertura-impianti-faloria-e-cristallo\/","name":"Sabato 30 novembre apertura impianti Faloria e Cristallo - Bellunopress - Dolomiti","isPartOf":{"@id":"https:\/\/www.bellunopress.it\/#website"},"primaryImageOfPage":{"@id":"https:\/\/www.bellunopress.it\/2024\/11\/29\/sabato-30-novembre-apertura-impianti-faloria-e-cristallo\/#primaryimage"},"image":{"@id":"https:\/\/www.bellunopress.it\/2024\/11\/29\/sabato-30-novembre-apertura-impianti-faloria-e-cristallo\/#primaryimage"},"thumbnailUrl":"https:\/\/www.bellunopress.it\/wp-content\/uploads\/2019\/02\/Cortina_Funivia-Faloria_Foto_DinoColli.jpg","datePublished":"2024-11-29T13:22:05+00:00","breadcrumb":{"@id":"https:\/\/www.bellunopress.it\/2024\/11\/29\/sabato-30-novembre-apertura-impianti-faloria-e-cristallo\/#breadcrumb"},"inLanguage":"fr-FR","potentialAction":[{"@type":"ReadAction","target":["https:\/\/www.bellunopress.it\/2024\/11\/29\/sabato-30-novembre-apertura-impianti-faloria-e-cristallo\/"]}]},{"@type":"ImageObject","inLanguage":"fr-FR","@id":"https:\/\/www.bellunopress.it\/2024\/11\/29\/sabato-30-novembre-apertura-impianti-faloria-e-cristallo\/#primaryimage","url":"https:\/\/www.bellunopress.it\/wp-content\/uploads\/2019\/02\/Cortina_Funivia-Faloria_Foto_DinoColli.jpg","contentUrl":"https:\/\/www.bellunopress.it\/wp-content\/uploads\/2019\/02\/Cortina_Funivia-Faloria_Foto_DinoColli.jpg","width":300,"height":216,"caption":"Cortina, Funivia Faloria (Foto_Dino Colli)"},{"@type":"BreadcrumbList","@id":"https:\/\/www.bellunopress.it\/2024\/11\/29\/sabato-30-novembre-apertura-impianti-faloria-e-cristallo\/#breadcrumb","itemListElement":[{"@type":"ListItem","position":1,"name":"Home","item":"https:\/\/www.bellunopress.it\/"},{"@type":"ListItem","position":2,"name":"Sabato 30 novembre apertura impianti Faloria e Cristallo"}]},{"@type":"WebSite","@id":"https:\/\/www.bellunopress.it\/#website","url":"https:\/\/www.bellunopress.it\/","name":"Bellunopress - Dolomiti","description":"e-mail: redazione@bellunopress.it","publisher":{"@id":"https:\/\/www.bellunopress.it\/#organization"},"potentialAction":[{"@type":"SearchAction","target":{"@type":"EntryPoint","urlTemplate":"https:\/\/www.bellunopress.it\/?s={search_term_string}"},"query-input":{"@type":"PropertyValueSpecification","valueRequired":true,"valueName":"search_term_string"}}],"inLanguage":"fr-FR"},{"@type":"Organization","@id":"https:\/\/www.bellunopress.it\/#organization","name":"Bellunopress","url":"https:\/\/www.bellunopress.it\/","logo":{"@type":"ImageObject","inLanguage":"fr-FR","@id":"https:\/\/www.bellunopress.it\/#\/schema\/logo\/image\/","url":"https:\/\/www.bellunopress.it\/wp-content\/uploads\/2011\/05\/cropped-logo-bellunopress-.jpg","contentUrl":"https:\/\/www.bellunopress.it\/wp-content\/uploads\/2011\/05\/cropped-logo-bellunopress-.jpg","width":512,"height":512,"caption":"Bellunopress"},"image":{"@id":"https:\/\/www.bellunopress.it\/#\/schema\/logo\/image\/"},"sameAs":["https:\/\/www.facebook.com\/profile.php?id=100008943462799","https:\/\/x.com\/bellunopress","https:\/\/www.linkedin.com\/hp\/?dnr=JBzUWaJfMUw8vbXJJ2tVW5-I3jZKvC4wsoxE&amp;amp;amp;amp;amp;amp;trk=nav_responsive_tab_home","https:\/\/www.youtube.com\/channel\/UCxL0wu1uN0_3_7hGG0306cw"]},{"@type":"Person","@id":"https:\/\/www.bellunopress.it\/#\/schema\/person\/79bb06722b37ece1c03d3e94beb30d73","name":"r\u00e9daction","image":{"@type":"ImageObject","inLanguage":"fr-FR","@id":"https:\/\/secure.gravatar.com\/avatar\/37d968a2e67a6fd04c169c4bdef102d0bc5d31b2546345219e348575eb80e9a0?s=96&d=mm&r=g","url":"https:\/\/secure.gravatar.com\/avatar\/37d968a2e67a6fd04c169c4bdef102d0bc5d31b2546345219e348575eb80e9a0?s=96&d=mm&r=g","contentUrl":"https:\/\/secure.gravatar.com\/avatar\/37d968a2e67a6fd04c169c4bdef102d0bc5d31b2546345219e348575eb80e9a0?s=96&d=mm&r=g","caption":"redazione"},"sameAs":["http:\/\/www.bellunopress.it","https:\/\/x.com\/bellunopress"],"url":"https:\/\/www.bellunopress.it\/fr\/author\/redazione\/"}]}},"_links":{"self":[{"href":"https:\/\/www.bellunopress.it\/fr\/wp-json\/wp\/v2\/posts\/155903","targetHints":{"allow":["GET"]}}],"collection":[{"href":"https:\/\/www.bellunopress.it\/fr\/wp-json\/wp\/v2\/posts"}],"about":[{"href":"https:\/\/www.bellunopress.it\/fr\/wp-json\/wp\/v2\/types\/post"}],"author":[{"embeddable":true,"href":"https:\/\/www.bellunopress.it\/fr\/wp-json\/wp\/v2\/users\/2"}],"replies":[{"embeddable":true,"href":"https:\/\/www.bellunopress.it\/fr\/wp-json\/wp\/v2\/comments?post=155903"}],"version-history":[{"count":1,"href":"https:\/\/www.bellunopress.it\/fr\/wp-json\/wp\/v2\/posts\/155903\/revisions"}],"predecessor-version":[{"id":155904,"href":"https:\/\/www.bellunopress.it\/fr\/wp-json\/wp\/v2\/posts\/155903\/revisions\/155904"}],"wp:featuredmedia":[{"embeddable":true,"href":"https:\/\/www.bellunopress.it\/fr\/wp-json\/wp\/v2\/media\/101665"}],"wp:attachment":[{"href":"https:\/\/www.bellunopress.it\/fr\/wp-json\/wp\/v2\/media?parent=155903"}],"wp:term":[{"taxonomy":"category","embeddable":true,"href":"https:\/\/www.bellunopress.it\/fr\/wp-json\/wp\/v2\/categories?post=155903"},{"taxonomy":"post_tag","embeddable":true,"href":"https:\/\/www.bellunopress.it\/fr\/wp-json\/wp\/v2\/tags?post=155903"}],"curies":[{"name":"wp","href":"https:\/\/api.w.org\/{rel}","templated":true}]}}