{"id":155901,"date":"2024-11-29T14:00:10","date_gmt":"2024-11-29T13:00:10","guid":{"rendered":"https:\/\/www.bellunopress.it\/?p=155901"},"modified":"2024-11-29T14:00:10","modified_gmt":"2024-11-29T13:00:10","slug":"cortina-dampezzo-feste-magia-tradizione-e-nuovi-appuntamenti-dal-5-dicembre-al-6-gennaio","status":"publish","type":"post","link":"https:\/\/www.bellunopress.it\/fr\/2024\/11\/29\/cortina-dampezzo-feste-magia-tradizione-e-nuovi-appuntamenti-dal-5-dicembre-al-6-gennaio\/","title":{"rendered":"Cortina d\u2019Ampezzo: feste, magia, tradizione e nuovi appuntamenti dal 5 dicembre al 6 gennaio"},"content":{"rendered":"<figure id=\"attachment_83141\" aria-describedby=\"caption-attachment-83141\" style=\"width: 350px\" class=\"wp-caption aligncenter\"><img loading=\"lazy\" decoding=\"async\" class=\"size-full wp-image-83141\" src=\"https:\/\/www.bellunopress.it\/wp-content\/uploads\/2016\/12\/cortina-natale-1.jpg\" alt=\"\" width=\"350\" height=\"233\" \/><figcaption id=\"caption-attachment-83141\" class=\"wp-caption-text\">Corso Italia &#8211; Cortina d&#8217;Ampezzo<\/figcaption><\/figure>\n<p>Cortina d\u2019Ampezzo si veste di magia per il Natale 2024 con un ricco programma di eventi che trasformer\u00e0 la Regina delle Dolomiti in un luogo di incanto e tradizione.<\/p>\n<p><strong>Luminarie e Calendario dell\u2019Avvento<\/strong><br \/>\nL&#8217;atmosfera natalizia si accender\u00e0 ufficialmente il 5 dicembre alle ore 16.00 quando,<br \/>\naccompagnati dalla Young Band, verranno inaugurate le luminarie natalizie e ci sar\u00e0 la<br \/>\npresentazione del nuovo Calendario dell&#8217;Avvento, allestito sulla facciata del Comun Vecio in<br \/>\nCorso Italia. Quest&#8217;anno, l&#8217;iniziativa assume un significato particolare essendo dedicata al prof. Paolo Barozzi, scomparso sei mesi fa e ideatore del primo Calendario dell\u2019Avvento. Il progetto anche questa volta \u00e8 curato da Irene Pompanin con la collaborazione di Diego Gaspari Bandion, delle Regole, dell&#8217;Ulda, della Cooperativa e la disponibilit\u00e0 di altri soggetti locali. Ogni giorno, fino a Natale, si aprir\u00e0 una delle finestre che racconter\u00e0 i piccoli grandi tesori d&#8217;arte custoditi nella conca ampezzana. Alle 17 arriva San Nicol\u00f2 all\u2019ingresso della Chiesa che incontrer\u00e0 grandi e piccini.<\/p>\n<p><strong>Luci sugli Spectaculars<\/strong><br \/>\nSabato 7 dicembre, alle ore 18, Piazza Farsetti si illumina con l\u2019evento \u201cMountain Cocktail:<br \/>\nluminarie ad alta quota\u201d. Un appuntamento speciale in cui la magia della neve si unisce<br \/>\nall\u2019incanto delle luci per dare risalto agli Spectaculars Olimpici e Paralimpici e all\u2019intera piazza.<br \/>\nL\u2019installazione luminosa, realizzata grazie alla generosa donazione dell\u2019agenzia Exhibita e<br \/>\nAllestimenti Benfenati, \u00e8 un regalo alla comunit\u00e0 di Cortina.<\/p>\n<p><strong>Musica e teatro<\/strong><br \/>\nPer chi ama lo spettacolo, ci saranno proposte musicali e teatrali che sapranno incantare ed<br \/>\nemozionare il pubblico.<br \/>\nSi inizia il 15 dicembre con il concerto \u201cL\u2019Olimpo di Beethoven\u201d, che si terr\u00e0 presso l\u2019Alexander Girardi Hall alle ore 20.45. Un\u2019occasione imperdibile per gli amanti della musica classica.<br \/>\nIl 27 dicembre, il tradizionale Concerto di Capodanno del Corpo Musicale di Cortina d\u2019Ampezzo, che si svolger\u00e0 nella Basilica.<br \/>\nIl 28 dicembre, alle ore 20.45, l\u2019Alexander Girardi Hall ospiter\u00e0 lo spettacolo \u201cIncanto di Natale\u201d, un evento musicale che porter\u00e0 sul palco le canzoni natalizie pi\u00f9 amate di sempre. Laura Ivan, con la sua straordinaria voce, sar\u00e0 accompagnata dall\u2019Orchestra Regionale Filarmonia Veneta e da una band pop, interpretando brani iconici come White Christmas, Jingle Bells e What a Wonderful World. Un\u2019occasione per rivivere i grandi classici delle feste in una chiave frizzante e coinvolgente.<br \/>\nIl 29 dicembre, alle ore 18.00, il palco della Conchiglia in Corso Italia sar\u00e0 illuminato dalle voci del Coro Gospel SOLENOTE.<br \/>\nInfine, il 3 gennaio all\u2019Alexander Girardi Hall (ore 20.45) torna la danza classica con \u201cLa<br \/>\nCenerentola\u201d, messa in scena dalla compagnia Balletto di Milano. Questa acclamata produzione, firmata dal coreografo Giorgio Madia e ispirata alla fiaba di Charles Perrault, ha ricevuto prestigiosi riconoscimenti internazionali.<\/p>\n<p><strong>Bambini e famiglie: il villaggio di Babbo Natale<\/strong><br \/>\nAnche quest\u2019anno la Piazza Angelo Dibona ospiter\u00e0 il villaggio di Babbo Natale artigianale<br \/>\npensato per tutti i bambini, giunto alla sua terza edizione.<br \/>\nLa novit\u00e0 del 2024 \u00e8 la realizzazione di una casetta dedicata ai laboratori, dove i bambini<br \/>\npotranno giocare e fare tante altre attivit\u00e0 al caldo.<br \/>\nL\u2019inaugurazione \u00e8 prevista sabato 21 dicembre alle ore 17.00 con uno spettacolo speciale.<br \/>\nIl villaggio offrir\u00e0 quotidianamente (esclusi 23 e 31 dicembre) dalle 17:00 alle 19:30, animazioni e intrattenimento per i pi\u00f9 piccoli con folletti, zucchero filato e dolcetti per tutti. Il 22 dicembre sar\u00e0 presente Babbo Natale, poi arriveranno Tina e Milo, le Mascotte di<\/p>\n<p><strong>Olimpiadi e Paralimpiadi<\/strong><br \/>\nMilano Cortina 2026, e il 5 gennaio un gran finale con l&#8217;arrivo della Befana che far\u00e0 ballare tutti i bambini sul palco della Conchiglia. A cura di Strilly Animazione.<\/p>\n<p>Calendario completo sul sito del Comune e di Cortina For Us<\/p>\n<p><strong>Un Natale per tutti<\/strong><br \/>\nCome di consueto, la tradizionale casetta dell\u2019Ulda offrir\u00e0 vin br\u00fbl\u00e9, succo di mela caldo e<br \/>\nbiscotti tipici, creando un punto di incontro dove gustare le prelibatezze locali e respirare il<br \/>\ncalore della comunit\u00e0.<\/p>\n<p>\u201cIl Natale \u00e8 un momento speciale dell\u2019anno &#8211; dichiara l&#8217;assessore Roberta Alver\u00e0 &#8211; che ci<br \/>\ninvita a riscoprire il calore della comunit\u00e0 e l\u2019incanto delle tradizioni che ci uniscono. Con<br \/>\nl\u2019accensione delle luminarie la nostra localit\u00e0 si trasforma in un luogo magico per far vivere<br \/>\nemozioni natalizie ai residenti e accogliere i nostri graditi ospiti con un programma pensato per coinvolgere tutti. Con i nostri eventi vogliamo offrire un\u2019esperienza indimenticabile, tra<br \/>\ntradizione, creativit\u00e0 e spirito comunitario.\u201d<\/p>\n<p><strong>Informazioni utili<\/strong><br \/>\nGli eventi di Natale a Cortina sono resi possibili grazie alla collaborazione tra il Comune di<br \/>\nCortina d\u2019Ampezzo, Cortina for Us e i partner locali.<br \/>\nPer il programma completo e gli aggiornamenti, \u00e8 possibile consultare il sito ufficiale del<br \/>\nComune di Cortina e di Cortina For Us<\/p>","protected":false},"excerpt":{"rendered":"<p>Cortina d\u2019Ampezzo si veste di magia per il Natale 2024 con un ricco programma di eventi che trasformer\u00e0 la Regina delle Dolomiti in un luogo di incanto e tradizione. Luminarie e Calendario dell\u2019Avvento L&#8217;atmosfera natalizia si accender\u00e0 ufficialmente il 5 dicembre alle ore 16.00 quando, accompagnati dalla Young Band, verranno inaugurate le luminarie natalizie e [&hellip;]<\/p>\n","protected":false},"author":2,"featured_media":83141,"comment_status":"closed","ping_status":"open","sticky":false,"template":"","format":"standard","meta":{"footnotes":""},"categories":[27,3,3446,25],"tags":[],"class_list":["post-155901","post","type-post","status-publish","format-standard","has-post-thumbnail","category-appuntamenti","category-arte-cultura-spettacoli-scienza-archivi","category-featured","category-pausa-caffe"],"yoast_head":"<!-- This site is optimized with the Yoast SEO plugin v28.4 - https:\/\/yoast.com\/product\/yoast-seo-wordpress\/ -->\n<title>Cortina d\u2019Ampezzo: feste, magia, tradizione e nuovi appuntamenti dal 5 dicembre al 6 gennaio - Bellunopress - Dolomiti<\/title>\n<meta name=\"robots\" content=\"index, follow, max-snippet:-1, max-image-preview:large, max-video-preview:-1\" \/>\n<link rel=\"canonical\" href=\"https:\/\/www.bellunopress.it\/fr\/2024\/11\/29\/cortina-dampezzo-feste-magia-tradizione-e-nuovi-appuntamenti-dal-5-dicembre-al-6-gennaio\/\" \/>\n<meta property=\"og:locale\" content=\"fr_FR\" \/>\n<meta property=\"og:type\" content=\"article\" \/>\n<meta property=\"og:title\" content=\"Cortina d\u2019Ampezzo: feste, magia, tradizione e nuovi appuntamenti dal 5 dicembre al 6 gennaio - Bellunopress - Dolomiti\" \/>\n<meta property=\"og:description\" content=\"Cortina d\u2019Ampezzo si veste di magia per il Natale 2024 con un ricco programma di eventi che trasformer\u00e0 la Regina delle Dolomiti in un luogo di incanto e tradizione. Luminarie e Calendario dell\u2019Avvento L&#8217;atmosfera natalizia si accender\u00e0 ufficialmente il 5 dicembre alle ore 16.00 quando, accompagnati dalla Young Band, verranno inaugurate le luminarie natalizie e [&hellip;]\" \/>\n<meta property=\"og:url\" content=\"https:\/\/www.bellunopress.it\/fr\/2024\/11\/29\/cortina-dampezzo-feste-magia-tradizione-e-nuovi-appuntamenti-dal-5-dicembre-al-6-gennaio\/\" \/>\n<meta property=\"og:site_name\" content=\"Bellunopress - Dolomiti\" \/>\n<meta property=\"article:publisher\" content=\"https:\/\/www.facebook.com\/profile.php?id=100008943462799\" \/>\n<meta property=\"article:published_time\" content=\"2024-11-29T13:00:10+00:00\" \/>\n<meta property=\"og:image\" content=\"https:\/\/www.bellunopress.it\/wp-content\/uploads\/2016\/12\/cortina-natale-1.jpg\" \/>\n\t<meta property=\"og:image:width\" content=\"350\" \/>\n\t<meta property=\"og:image:height\" content=\"233\" \/>\n\t<meta property=\"og:image:type\" content=\"image\/jpeg\" \/>\n<meta name=\"author\" content=\"redazione\" \/>\n<meta name=\"twitter:card\" content=\"summary_large_image\" \/>\n<meta name=\"twitter:creator\" content=\"@bellunopress\" \/>\n<meta name=\"twitter:site\" content=\"@bellunopress\" \/>\n<meta name=\"twitter:label1\" content=\"\u00c9crit par\" \/>\n\t<meta name=\"twitter:data1\" content=\"redazione\" \/>\n\t<meta name=\"twitter:label2\" content=\"Dur\u00e9e de lecture estim\u00e9e\" \/>\n\t<meta name=\"twitter:data2\" content=\"4 minutes\" \/>\n<script type=\"application\/ld+json\" class=\"yoast-schema-graph\">{\"@context\":\"https:\\\/\\\/schema.org\",\"@graph\":[{\"@type\":\"Article\",\"@id\":\"https:\\\/\\\/www.bellunopress.it\\\/2024\\\/11\\\/29\\\/cortina-dampezzo-feste-magia-tradizione-e-nuovi-appuntamenti-dal-5-dicembre-al-6-gennaio\\\/#article\",\"isPartOf\":{\"@id\":\"https:\\\/\\\/www.bellunopress.it\\\/2024\\\/11\\\/29\\\/cortina-dampezzo-feste-magia-tradizione-e-nuovi-appuntamenti-dal-5-dicembre-al-6-gennaio\\\/\"},\"author\":{\"name\":\"redazione\",\"@id\":\"https:\\\/\\\/www.bellunopress.it\\\/#\\\/schema\\\/person\\\/79bb06722b37ece1c03d3e94beb30d73\"},\"headline\":\"Cortina d\u2019Ampezzo: feste, magia, tradizione e nuovi appuntamenti dal 5 dicembre al 6 gennaio\",\"datePublished\":\"2024-11-29T13:00:10+00:00\",\"mainEntityOfPage\":{\"@id\":\"https:\\\/\\\/www.bellunopress.it\\\/2024\\\/11\\\/29\\\/cortina-dampezzo-feste-magia-tradizione-e-nuovi-appuntamenti-dal-5-dicembre-al-6-gennaio\\\/\"},\"wordCount\":776,\"publisher\":{\"@id\":\"https:\\\/\\\/www.bellunopress.it\\\/#organization\"},\"image\":{\"@id\":\"https:\\\/\\\/www.bellunopress.it\\\/2024\\\/11\\\/29\\\/cortina-dampezzo-feste-magia-tradizione-e-nuovi-appuntamenti-dal-5-dicembre-al-6-gennaio\\\/#primaryimage\"},\"thumbnailUrl\":\"https:\\\/\\\/www.bellunopress.it\\\/wp-content\\\/uploads\\\/2016\\\/12\\\/cortina-natale-1.jpg\",\"articleSection\":[\"Appuntamenti, Eventi\",\"Arte, Cultura, Spettacoli, Scienza\",\"Featured\",\"Pausa Caff\u00e8\"],\"inLanguage\":\"fr-FR\"},{\"@type\":\"WebPage\",\"@id\":\"https:\\\/\\\/www.bellunopress.it\\\/2024\\\/11\\\/29\\\/cortina-dampezzo-feste-magia-tradizione-e-nuovi-appuntamenti-dal-5-dicembre-al-6-gennaio\\\/\",\"url\":\"https:\\\/\\\/www.bellunopress.it\\\/2024\\\/11\\\/29\\\/cortina-dampezzo-feste-magia-tradizione-e-nuovi-appuntamenti-dal-5-dicembre-al-6-gennaio\\\/\",\"name\":\"Cortina d\u2019Ampezzo: feste, magia, tradizione e nuovi appuntamenti dal 5 dicembre al 6 gennaio - Bellunopress - Dolomiti\",\"isPartOf\":{\"@id\":\"https:\\\/\\\/www.bellunopress.it\\\/#website\"},\"primaryImageOfPage\":{\"@id\":\"https:\\\/\\\/www.bellunopress.it\\\/2024\\\/11\\\/29\\\/cortina-dampezzo-feste-magia-tradizione-e-nuovi-appuntamenti-dal-5-dicembre-al-6-gennaio\\\/#primaryimage\"},\"image\":{\"@id\":\"https:\\\/\\\/www.bellunopress.it\\\/2024\\\/11\\\/29\\\/cortina-dampezzo-feste-magia-tradizione-e-nuovi-appuntamenti-dal-5-dicembre-al-6-gennaio\\\/#primaryimage\"},\"thumbnailUrl\":\"https:\\\/\\\/www.bellunopress.it\\\/wp-content\\\/uploads\\\/2016\\\/12\\\/cortina-natale-1.jpg\",\"datePublished\":\"2024-11-29T13:00:10+00:00\",\"breadcrumb\":{\"@id\":\"https:\\\/\\\/www.bellunopress.it\\\/2024\\\/11\\\/29\\\/cortina-dampezzo-feste-magia-tradizione-e-nuovi-appuntamenti-dal-5-dicembre-al-6-gennaio\\\/#breadcrumb\"},\"inLanguage\":\"fr-FR\",\"potentialAction\":[{\"@type\":\"ReadAction\",\"target\":[\"https:\\\/\\\/www.bellunopress.it\\\/2024\\\/11\\\/29\\\/cortina-dampezzo-feste-magia-tradizione-e-nuovi-appuntamenti-dal-5-dicembre-al-6-gennaio\\\/\"]}]},{\"@type\":\"ImageObject\",\"inLanguage\":\"fr-FR\",\"@id\":\"https:\\\/\\\/www.bellunopress.it\\\/2024\\\/11\\\/29\\\/cortina-dampezzo-feste-magia-tradizione-e-nuovi-appuntamenti-dal-5-dicembre-al-6-gennaio\\\/#primaryimage\",\"url\":\"https:\\\/\\\/www.bellunopress.it\\\/wp-content\\\/uploads\\\/2016\\\/12\\\/cortina-natale-1.jpg\",\"contentUrl\":\"https:\\\/\\\/www.bellunopress.it\\\/wp-content\\\/uploads\\\/2016\\\/12\\\/cortina-natale-1.jpg\",\"width\":350,\"height\":233,\"caption\":\"Corso Italia - Cortina d'Ampezzo\"},{\"@type\":\"BreadcrumbList\",\"@id\":\"https:\\\/\\\/www.bellunopress.it\\\/2024\\\/11\\\/29\\\/cortina-dampezzo-feste-magia-tradizione-e-nuovi-appuntamenti-dal-5-dicembre-al-6-gennaio\\\/#breadcrumb\",\"itemListElement\":[{\"@type\":\"ListItem\",\"position\":1,\"name\":\"Home\",\"item\":\"https:\\\/\\\/www.bellunopress.it\\\/\"},{\"@type\":\"ListItem\",\"position\":2,\"name\":\"Cortina d\u2019Ampezzo: feste, magia, tradizione e nuovi appuntamenti dal 5 dicembre al 6 gennaio\"}]},{\"@type\":\"WebSite\",\"@id\":\"https:\\\/\\\/www.bellunopress.it\\\/#website\",\"url\":\"https:\\\/\\\/www.bellunopress.it\\\/\",\"name\":\"Bellunopress - Dolomiti\",\"description\":\"e-mail: redazione@bellunopress.it\",\"publisher\":{\"@id\":\"https:\\\/\\\/www.bellunopress.it\\\/#organization\"},\"potentialAction\":[{\"@type\":\"SearchAction\",\"target\":{\"@type\":\"EntryPoint\",\"urlTemplate\":\"https:\\\/\\\/www.bellunopress.it\\\/?s={search_term_string}\"},\"query-input\":{\"@type\":\"PropertyValueSpecification\",\"valueRequired\":true,\"valueName\":\"search_term_string\"}}],\"inLanguage\":\"fr-FR\"},{\"@type\":\"Organization\",\"@id\":\"https:\\\/\\\/www.bellunopress.it\\\/#organization\",\"name\":\"Bellunopress\",\"url\":\"https:\\\/\\\/www.bellunopress.it\\\/\",\"logo\":{\"@type\":\"ImageObject\",\"inLanguage\":\"fr-FR\",\"@id\":\"https:\\\/\\\/www.bellunopress.it\\\/#\\\/schema\\\/logo\\\/image\\\/\",\"url\":\"https:\\\/\\\/www.bellunopress.it\\\/wp-content\\\/uploads\\\/2011\\\/05\\\/cropped-logo-bellunopress-.jpg\",\"contentUrl\":\"https:\\\/\\\/www.bellunopress.it\\\/wp-content\\\/uploads\\\/2011\\\/05\\\/cropped-logo-bellunopress-.jpg\",\"width\":512,\"height\":512,\"caption\":\"Bellunopress\"},\"image\":{\"@id\":\"https:\\\/\\\/www.bellunopress.it\\\/#\\\/schema\\\/logo\\\/image\\\/\"},\"sameAs\":[\"https:\\\/\\\/www.facebook.com\\\/profile.php?id=100008943462799\",\"https:\\\/\\\/x.com\\\/bellunopress\",\"https:\\\/\\\/www.linkedin.com\\\/hp\\\/?dnr=JBzUWaJfMUw8vbXJJ2tVW5-I3jZKvC4wsoxE&amp;amp;amp;amp;amp;amp;trk=nav_responsive_tab_home\",\"https:\\\/\\\/www.youtube.com\\\/channel\\\/UCxL0wu1uN0_3_7hGG0306cw\"]},{\"@type\":\"Person\",\"@id\":\"https:\\\/\\\/www.bellunopress.it\\\/#\\\/schema\\\/person\\\/79bb06722b37ece1c03d3e94beb30d73\",\"name\":\"redazione\",\"image\":{\"@type\":\"ImageObject\",\"inLanguage\":\"fr-FR\",\"@id\":\"https:\\\/\\\/secure.gravatar.com\\\/avatar\\\/37d968a2e67a6fd04c169c4bdef102d0bc5d31b2546345219e348575eb80e9a0?s=96&d=mm&r=g\",\"url\":\"https:\\\/\\\/secure.gravatar.com\\\/avatar\\\/37d968a2e67a6fd04c169c4bdef102d0bc5d31b2546345219e348575eb80e9a0?s=96&d=mm&r=g\",\"contentUrl\":\"https:\\\/\\\/secure.gravatar.com\\\/avatar\\\/37d968a2e67a6fd04c169c4bdef102d0bc5d31b2546345219e348575eb80e9a0?s=96&d=mm&r=g\",\"caption\":\"redazione\"},\"sameAs\":[\"http:\\\/\\\/www.bellunopress.it\",\"https:\\\/\\\/x.com\\\/bellunopress\"],\"url\":\"https:\\\/\\\/www.bellunopress.it\\\/fr\\\/author\\\/redazione\\\/\"}]}<\/script>\n<!-- \/ Yoast SEO plugin. -->","yoast_head_json":{"title":"Cortina d\u2019Ampezzo: feste, magia, tradizione e nuovi appuntamenti dal 5 dicembre al 6 gennaio - Bellunopress - Dolomiti","robots":{"index":"index","follow":"follow","max-snippet":"max-snippet:-1","max-image-preview":"max-image-preview:large","max-video-preview":"max-video-preview:-1"},"canonical":"https:\/\/www.bellunopress.it\/fr\/2024\/11\/29\/cortina-dampezzo-feste-magia-tradizione-e-nuovi-appuntamenti-dal-5-dicembre-al-6-gennaio\/","og_locale":"fr_FR","og_type":"article","og_title":"Cortina d\u2019Ampezzo: feste, magia, tradizione e nuovi appuntamenti dal 5 dicembre al 6 gennaio - Bellunopress - Dolomiti","og_description":"Cortina d\u2019Ampezzo si veste di magia per il Natale 2024 con un ricco programma di eventi che trasformer\u00e0 la Regina delle Dolomiti in un luogo di incanto e tradizione. Luminarie e Calendario dell\u2019Avvento L&#8217;atmosfera natalizia si accender\u00e0 ufficialmente il 5 dicembre alle ore 16.00 quando, accompagnati dalla Young Band, verranno inaugurate le luminarie natalizie e [&hellip;]","og_url":"https:\/\/www.bellunopress.it\/fr\/2024\/11\/29\/cortina-dampezzo-feste-magia-tradizione-e-nuovi-appuntamenti-dal-5-dicembre-al-6-gennaio\/","og_site_name":"Bellunopress - Dolomiti","article_publisher":"https:\/\/www.facebook.com\/profile.php?id=100008943462799","article_published_time":"2024-11-29T13:00:10+00:00","og_image":[{"width":350,"height":233,"url":"https:\/\/www.bellunopress.it\/wp-content\/uploads\/2016\/12\/cortina-natale-1.jpg","type":"image\/jpeg"}],"author":"redazione","twitter_card":"summary_large_image","twitter_creator":"@bellunopress","twitter_site":"@bellunopress","twitter_misc":{"\u00c9crit par":"redazione","Dur\u00e9e de lecture estim\u00e9e":"4 minutes"},"schema":{"@context":"https:\/\/schema.org","@graph":[{"@type":"Article","@id":"https:\/\/www.bellunopress.it\/2024\/11\/29\/cortina-dampezzo-feste-magia-tradizione-e-nuovi-appuntamenti-dal-5-dicembre-al-6-gennaio\/#article","isPartOf":{"@id":"https:\/\/www.bellunopress.it\/2024\/11\/29\/cortina-dampezzo-feste-magia-tradizione-e-nuovi-appuntamenti-dal-5-dicembre-al-6-gennaio\/"},"author":{"name":"redazione","@id":"https:\/\/www.bellunopress.it\/#\/schema\/person\/79bb06722b37ece1c03d3e94beb30d73"},"headline":"Cortina d\u2019Ampezzo: feste, magia, tradizione e nuovi appuntamenti dal 5 dicembre al 6 gennaio","datePublished":"2024-11-29T13:00:10+00:00","mainEntityOfPage":{"@id":"https:\/\/www.bellunopress.it\/2024\/11\/29\/cortina-dampezzo-feste-magia-tradizione-e-nuovi-appuntamenti-dal-5-dicembre-al-6-gennaio\/"},"wordCount":776,"publisher":{"@id":"https:\/\/www.bellunopress.it\/#organization"},"image":{"@id":"https:\/\/www.bellunopress.it\/2024\/11\/29\/cortina-dampezzo-feste-magia-tradizione-e-nuovi-appuntamenti-dal-5-dicembre-al-6-gennaio\/#primaryimage"},"thumbnailUrl":"https:\/\/www.bellunopress.it\/wp-content\/uploads\/2016\/12\/cortina-natale-1.jpg","articleSection":["Appuntamenti, Eventi","Arte, Cultura, Spettacoli, Scienza","Featured","Pausa Caff\u00e8"],"inLanguage":"fr-FR"},{"@type":"WebPage","@id":"https:\/\/www.bellunopress.it\/2024\/11\/29\/cortina-dampezzo-feste-magia-tradizione-e-nuovi-appuntamenti-dal-5-dicembre-al-6-gennaio\/","url":"https:\/\/www.bellunopress.it\/2024\/11\/29\/cortina-dampezzo-feste-magia-tradizione-e-nuovi-appuntamenti-dal-5-dicembre-al-6-gennaio\/","name":"Cortina d\u2019Ampezzo: feste, magia, tradizione e nuovi appuntamenti dal 5 dicembre al 6 gennaio - Bellunopress - Dolomiti","isPartOf":{"@id":"https:\/\/www.bellunopress.it\/#website"},"primaryImageOfPage":{"@id":"https:\/\/www.bellunopress.it\/2024\/11\/29\/cortina-dampezzo-feste-magia-tradizione-e-nuovi-appuntamenti-dal-5-dicembre-al-6-gennaio\/#primaryimage"},"image":{"@id":"https:\/\/www.bellunopress.it\/2024\/11\/29\/cortina-dampezzo-feste-magia-tradizione-e-nuovi-appuntamenti-dal-5-dicembre-al-6-gennaio\/#primaryimage"},"thumbnailUrl":"https:\/\/www.bellunopress.it\/wp-content\/uploads\/2016\/12\/cortina-natale-1.jpg","datePublished":"2024-11-29T13:00:10+00:00","breadcrumb":{"@id":"https:\/\/www.bellunopress.it\/2024\/11\/29\/cortina-dampezzo-feste-magia-tradizione-e-nuovi-appuntamenti-dal-5-dicembre-al-6-gennaio\/#breadcrumb"},"inLanguage":"fr-FR","potentialAction":[{"@type":"ReadAction","target":["https:\/\/www.bellunopress.it\/2024\/11\/29\/cortina-dampezzo-feste-magia-tradizione-e-nuovi-appuntamenti-dal-5-dicembre-al-6-gennaio\/"]}]},{"@type":"ImageObject","inLanguage":"fr-FR","@id":"https:\/\/www.bellunopress.it\/2024\/11\/29\/cortina-dampezzo-feste-magia-tradizione-e-nuovi-appuntamenti-dal-5-dicembre-al-6-gennaio\/#primaryimage","url":"https:\/\/www.bellunopress.it\/wp-content\/uploads\/2016\/12\/cortina-natale-1.jpg","contentUrl":"https:\/\/www.bellunopress.it\/wp-content\/uploads\/2016\/12\/cortina-natale-1.jpg","width":350,"height":233,"caption":"Corso Italia - Cortina d'Ampezzo"},{"@type":"BreadcrumbList","@id":"https:\/\/www.bellunopress.it\/2024\/11\/29\/cortina-dampezzo-feste-magia-tradizione-e-nuovi-appuntamenti-dal-5-dicembre-al-6-gennaio\/#breadcrumb","itemListElement":[{"@type":"ListItem","position":1,"name":"Home","item":"https:\/\/www.bellunopress.it\/"},{"@type":"ListItem","position":2,"name":"Cortina d\u2019Ampezzo: feste, magia, tradizione e nuovi appuntamenti dal 5 dicembre al 6 gennaio"}]},{"@type":"WebSite","@id":"https:\/\/www.bellunopress.it\/#website","url":"https:\/\/www.bellunopress.it\/","name":"Bellunopress - Dolomiti","description":"e-mail: redazione@bellunopress.it","publisher":{"@id":"https:\/\/www.bellunopress.it\/#organization"},"potentialAction":[{"@type":"SearchAction","target":{"@type":"EntryPoint","urlTemplate":"https:\/\/www.bellunopress.it\/?s={search_term_string}"},"query-input":{"@type":"PropertyValueSpecification","valueRequired":true,"valueName":"search_term_string"}}],"inLanguage":"fr-FR"},{"@type":"Organization","@id":"https:\/\/www.bellunopress.it\/#organization","name":"Bellunopress","url":"https:\/\/www.bellunopress.it\/","logo":{"@type":"ImageObject","inLanguage":"fr-FR","@id":"https:\/\/www.bellunopress.it\/#\/schema\/logo\/image\/","url":"https:\/\/www.bellunopress.it\/wp-content\/uploads\/2011\/05\/cropped-logo-bellunopress-.jpg","contentUrl":"https:\/\/www.bellunopress.it\/wp-content\/uploads\/2011\/05\/cropped-logo-bellunopress-.jpg","width":512,"height":512,"caption":"Bellunopress"},"image":{"@id":"https:\/\/www.bellunopress.it\/#\/schema\/logo\/image\/"},"sameAs":["https:\/\/www.facebook.com\/profile.php?id=100008943462799","https:\/\/x.com\/bellunopress","https:\/\/www.linkedin.com\/hp\/?dnr=JBzUWaJfMUw8vbXJJ2tVW5-I3jZKvC4wsoxE&amp;amp;amp;amp;amp;amp;trk=nav_responsive_tab_home","https:\/\/www.youtube.com\/channel\/UCxL0wu1uN0_3_7hGG0306cw"]},{"@type":"Person","@id":"https:\/\/www.bellunopress.it\/#\/schema\/person\/79bb06722b37ece1c03d3e94beb30d73","name":"r\u00e9daction","image":{"@type":"ImageObject","inLanguage":"fr-FR","@id":"https:\/\/secure.gravatar.com\/avatar\/37d968a2e67a6fd04c169c4bdef102d0bc5d31b2546345219e348575eb80e9a0?s=96&d=mm&r=g","url":"https:\/\/secure.gravatar.com\/avatar\/37d968a2e67a6fd04c169c4bdef102d0bc5d31b2546345219e348575eb80e9a0?s=96&d=mm&r=g","contentUrl":"https:\/\/secure.gravatar.com\/avatar\/37d968a2e67a6fd04c169c4bdef102d0bc5d31b2546345219e348575eb80e9a0?s=96&d=mm&r=g","caption":"redazione"},"sameAs":["http:\/\/www.bellunopress.it","https:\/\/x.com\/bellunopress"],"url":"https:\/\/www.bellunopress.it\/fr\/author\/redazione\/"}]}},"_links":{"self":[{"href":"https:\/\/www.bellunopress.it\/fr\/wp-json\/wp\/v2\/posts\/155901","targetHints":{"allow":["GET"]}}],"collection":[{"href":"https:\/\/www.bellunopress.it\/fr\/wp-json\/wp\/v2\/posts"}],"about":[{"href":"https:\/\/www.bellunopress.it\/fr\/wp-json\/wp\/v2\/types\/post"}],"author":[{"embeddable":true,"href":"https:\/\/www.bellunopress.it\/fr\/wp-json\/wp\/v2\/users\/2"}],"replies":[{"embeddable":true,"href":"https:\/\/www.bellunopress.it\/fr\/wp-json\/wp\/v2\/comments?post=155901"}],"version-history":[{"count":1,"href":"https:\/\/www.bellunopress.it\/fr\/wp-json\/wp\/v2\/posts\/155901\/revisions"}],"predecessor-version":[{"id":155902,"href":"https:\/\/www.bellunopress.it\/fr\/wp-json\/wp\/v2\/posts\/155901\/revisions\/155902"}],"wp:featuredmedia":[{"embeddable":true,"href":"https:\/\/www.bellunopress.it\/fr\/wp-json\/wp\/v2\/media\/83141"}],"wp:attachment":[{"href":"https:\/\/www.bellunopress.it\/fr\/wp-json\/wp\/v2\/media?parent=155901"}],"wp:term":[{"taxonomy":"category","embeddable":true,"href":"https:\/\/www.bellunopress.it\/fr\/wp-json\/wp\/v2\/categories?post=155901"},{"taxonomy":"post_tag","embeddable":true,"href":"https:\/\/www.bellunopress.it\/fr\/wp-json\/wp\/v2\/tags?post=155901"}],"curies":[{"name":"wp","href":"https:\/\/api.w.org\/{rel}","templated":true}]}}