{"id":155739,"date":"2024-11-23T13:45:08","date_gmt":"2024-11-23T12:45:08","guid":{"rendered":"https:\/\/www.bellunopress.it\/?p=155739"},"modified":"2024-12-01T14:07:47","modified_gmt":"2024-12-01T13:07:47","slug":"limpresa-di-essere-donna-lunedi-al-comunale-lassemblea-generale-di-confindustria-belluno-dolomiti","status":"publish","type":"post","link":"https:\/\/www.bellunopress.it\/fr\/2024\/11\/23\/limpresa-di-essere-donna-lunedi-al-comunale-lassemblea-generale-di-confindustria-belluno-dolomiti\/","title":{"rendered":"L&#8217;impresa di essere donna. Luned\u00ec al Comunale l&#8217;Assemblea generale di Confindustria Belluno Dolomiti"},"content":{"rendered":"<figure id=\"attachment_113249\" aria-describedby=\"caption-attachment-113249\" style=\"width: 612px\" class=\"wp-caption aligncenter\"><img loading=\"lazy\" decoding=\"async\" class=\"size-full wp-image-113249\" src=\"https:\/\/www.bellunopress.it\/wp-content\/uploads\/2020\/03\/Lorraine_Berton_edited.jpg\" alt=\"\" width=\"612\" height=\"673\" srcset=\"https:\/\/www.bellunopress.it\/wp-content\/uploads\/2020\/03\/Lorraine_Berton_edited.jpg 612w, https:\/\/www.bellunopress.it\/wp-content\/uploads\/2020\/03\/Lorraine_Berton_edited-455x500.jpg 455w, https:\/\/www.bellunopress.it\/wp-content\/uploads\/2020\/03\/Lorraine_Berton_edited-382x420.jpg 382w\" sizes=\"auto, (max-width: 612px) 100vw, 612px\" \/><figcaption id=\"caption-attachment-113249\" class=\"wp-caption-text\">Lorraine Berton &#8211; Presidente Confindustria Belluno Dolomiti<\/figcaption><\/figure>\n<p>Belluno, 23 novembre 2024 &#8211; \u00c8 tutto pronto in Teatro comunale a Belluno per ospitare l&#8217;Assemblea generale dell&#8217;Associazione degli industriali bellunesi, in programma per luned\u00ec pomeriggio, 25 novembre, a partire dalle 17, evento che vedr\u00e0 la partecipazione &#8211; tra gli altri &#8211; del presidente di Confindustria Emanuele Orsini e del presidente della Regione del Veneto Luca Zaia.<\/p>\n<p>&#8220;Sar\u00e0 un momento di confronto operativo sui temi pi\u00f9 urgenti per la nostra montagna, il Veneto e l&#8217;intero Sistema Paese, dove il binomio impresa territorio deve continuare a fare la differenza&#8221;, afferma Lorraine Berton, presidente di Confindustria Belluno Dolomiti che aprir\u00e0 i lavori con un intervento dettagliato, che spazier\u00e0 dalle imminenti Olimpiadi di Milano Cortina 2026 ai temi dell&#8217;inclusione.<\/p>\n<p>&#8220;L&#8217;impresa di essere donna&#8221; \u00e8 infatti il titolo scelto per l&#8217;Assemblea generale nel corso della quale la Fondazione Nordest presenter\u00e0 uno studio inedito sulla parit\u00e0 di genere.<\/p>\n<p>Presenti, inoltre, alcune rappresentanze di studenti provenienti dagli istituti scolastici superiori del capoluogo.<\/p>\n<p>Le porte del Teatro si apriranno alle 16 per consentire le procedure di accredito, mentre l&#8217;avvio dell&#8217;Assemblea &#8211; condotta dal noto conduttore televisivo e radiofonico Gabriele Corsi &#8211; \u00e8 previsto alle 17 con la consegna di un premio speciale a un giovane talento bellunese, il musicista Giacomo Menegardi che si esibir\u00e0 al pianoforte.<\/p>\n<p>Dopo l&#8217;intervento di Berton, la presentazione del report della Fondazione Nordest &#8220;Valore: sostantivo femminile. Esplorando la parit\u00e0 di genere e le pratiche di conciliazione&#8221; sar\u00e0 affidata a Luca Paolazzi, direttore scientifico della Fondazione, e la ricercatrice Elisabetta Lamon.<\/p>\n<p>Ci sar\u00e0 poi una tavola rotonda tutta al femminile con profili di primo piano del mondo dell&#8217;impresa, dello sport e dell&#8217;impegno civile; a confrontarsi saranno Barbara Cimmino (vice presidente per l&#8217;Export e l&#8217;Attrazione degli investimenti di Confindustria), Cathy La Torre (avvocato, patrocinante in Cassazione e Giurisdizioni superiori, founder e Ceo di Wildside Human First \u2013 Legali Associate), Barbara Lissi (Global Head of Supply Chain, Manufacturing &amp; Sustainability of Kering Eyewear \u2013 Kering Group), Manuela Nicolosi (arbitro internazionale e Ambasciatrice della Diversit\u00e0 e dell&#8217;Inclusione) e Francesca Nieddu (Intesa Sanpaolo &#8211; direttore generale Veneto Est e Friuli Venezia Giulia).<\/p>\n<p>Il presidente Luca Zaia sar\u00e0 protagonista di una intervista, mentre le conclusioni saranno affidate al presidente di Confindustria Emanuele Orsini.<\/p>\n<p>La chiusura dei lavori \u00e8 prevista per le 19.<\/p>\n<p>L&#8217;evento \u00e8 reso possibile grazie a Intensa Sanpaolo e Umana, e con il contributo di Lattebusche, Maserati &#8211; De Bona Motors e Azzalini Energie.<\/p>","protected":false},"excerpt":{"rendered":"<p>Belluno, 23 novembre 2024 &#8211; \u00c8 tutto pronto in Teatro comunale a Belluno per ospitare l&#8217;Assemblea generale dell&#8217;Associazione degli industriali bellunesi, in programma per luned\u00ec pomeriggio, 25 novembre, a partire dalle 17, evento che vedr\u00e0 la partecipazione &#8211; tra gli altri &#8211; del presidente di Confindustria Emanuele Orsini e del presidente della Regione del Veneto [&hellip;]<\/p>\n","protected":false},"author":2,"featured_media":146172,"comment_status":"closed","ping_status":"open","sticky":false,"template":"","format":"standard","meta":{"footnotes":""},"categories":[36,26,8],"tags":[],"class_list":["post-155739","post","type-post","status-publish","format-standard","has-post-thumbnail","category-lavoro-economia","category-prima-pagina","category-societa-istituzioni"],"yoast_head":"<!-- This site is optimized with the Yoast SEO plugin v28.4 - https:\/\/yoast.com\/product\/yoast-seo-wordpress\/ -->\n<title>L&#039;impresa di essere donna. Luned\u00ec al Comunale l&#039;Assemblea generale di Confindustria Belluno Dolomiti - Bellunopress - Dolomiti<\/title>\n<meta name=\"robots\" content=\"index, follow, max-snippet:-1, max-image-preview:large, max-video-preview:-1\" \/>\n<link rel=\"canonical\" href=\"https:\/\/www.bellunopress.it\/fr\/2024\/11\/23\/limpresa-di-essere-donna-lunedi-al-comunale-lassemblea-generale-di-confindustria-belluno-dolomiti\/\" \/>\n<meta property=\"og:locale\" content=\"fr_FR\" \/>\n<meta property=\"og:type\" content=\"article\" \/>\n<meta property=\"og:title\" content=\"L&#039;impresa di essere donna. Luned\u00ec al Comunale l&#039;Assemblea generale di Confindustria Belluno Dolomiti - Bellunopress - Dolomiti\" \/>\n<meta property=\"og:description\" content=\"Belluno, 23 novembre 2024 &#8211; \u00c8 tutto pronto in Teatro comunale a Belluno per ospitare l&#8217;Assemblea generale dell&#8217;Associazione degli industriali bellunesi, in programma per luned\u00ec pomeriggio, 25 novembre, a partire dalle 17, evento che vedr\u00e0 la partecipazione &#8211; tra gli altri &#8211; del presidente di Confindustria Emanuele Orsini e del presidente della Regione del Veneto [&hellip;]\" \/>\n<meta property=\"og:url\" content=\"https:\/\/www.bellunopress.it\/fr\/2024\/11\/23\/limpresa-di-essere-donna-lunedi-al-comunale-lassemblea-generale-di-confindustria-belluno-dolomiti\/\" \/>\n<meta property=\"og:site_name\" content=\"Bellunopress - Dolomiti\" \/>\n<meta property=\"article:publisher\" content=\"https:\/\/www.facebook.com\/profile.php?id=100008943462799\" \/>\n<meta property=\"article:published_time\" content=\"2024-11-23T12:45:08+00:00\" \/>\n<meta property=\"article:modified_time\" content=\"2024-12-01T13:07:47+00:00\" \/>\n<meta property=\"og:image\" content=\"https:\/\/www.bellunopress.it\/wp-content\/uploads\/2023\/11\/Lorraine-Berton_edited.jpg\" \/>\n\t<meta property=\"og:image:width\" content=\"951\" \/>\n\t<meta property=\"og:image:height\" content=\"1000\" \/>\n\t<meta property=\"og:image:type\" content=\"image\/jpeg\" \/>\n<meta name=\"author\" content=\"redazione\" \/>\n<meta name=\"twitter:card\" content=\"summary_large_image\" \/>\n<meta name=\"twitter:creator\" content=\"@bellunopress\" \/>\n<meta name=\"twitter:site\" content=\"@bellunopress\" \/>\n<meta name=\"twitter:label1\" content=\"\u00c9crit par\" \/>\n\t<meta name=\"twitter:data1\" content=\"redazione\" \/>\n\t<meta name=\"twitter:label2\" content=\"Dur\u00e9e de lecture estim\u00e9e\" \/>\n\t<meta name=\"twitter:data2\" content=\"2 minutes\" \/>\n<script type=\"application\/ld+json\" class=\"yoast-schema-graph\">{\"@context\":\"https:\\\/\\\/schema.org\",\"@graph\":[{\"@type\":\"Article\",\"@id\":\"https:\\\/\\\/www.bellunopress.it\\\/2024\\\/11\\\/23\\\/limpresa-di-essere-donna-lunedi-al-comunale-lassemblea-generale-di-confindustria-belluno-dolomiti\\\/#article\",\"isPartOf\":{\"@id\":\"https:\\\/\\\/www.bellunopress.it\\\/2024\\\/11\\\/23\\\/limpresa-di-essere-donna-lunedi-al-comunale-lassemblea-generale-di-confindustria-belluno-dolomiti\\\/\"},\"author\":{\"name\":\"redazione\",\"@id\":\"https:\\\/\\\/www.bellunopress.it\\\/#\\\/schema\\\/person\\\/79bb06722b37ece1c03d3e94beb30d73\"},\"headline\":\"L&#8217;impresa di essere donna. Luned\u00ec al Comunale l&#8217;Assemblea generale di Confindustria Belluno Dolomiti\",\"datePublished\":\"2024-11-23T12:45:08+00:00\",\"dateModified\":\"2024-12-01T13:07:47+00:00\",\"mainEntityOfPage\":{\"@id\":\"https:\\\/\\\/www.bellunopress.it\\\/2024\\\/11\\\/23\\\/limpresa-di-essere-donna-lunedi-al-comunale-lassemblea-generale-di-confindustria-belluno-dolomiti\\\/\"},\"wordCount\":426,\"publisher\":{\"@id\":\"https:\\\/\\\/www.bellunopress.it\\\/#organization\"},\"image\":{\"@id\":\"https:\\\/\\\/www.bellunopress.it\\\/2024\\\/11\\\/23\\\/limpresa-di-essere-donna-lunedi-al-comunale-lassemblea-generale-di-confindustria-belluno-dolomiti\\\/#primaryimage\"},\"thumbnailUrl\":\"https:\\\/\\\/www.bellunopress.it\\\/wp-content\\\/uploads\\\/2023\\\/11\\\/Lorraine-Berton_edited.jpg\",\"articleSection\":[\"Lavoro, Economia, Turismo\",\"Prima Pagina\",\"Societ\u00e0, Associazioni, Istituzioni\"],\"inLanguage\":\"fr-FR\"},{\"@type\":\"WebPage\",\"@id\":\"https:\\\/\\\/www.bellunopress.it\\\/2024\\\/11\\\/23\\\/limpresa-di-essere-donna-lunedi-al-comunale-lassemblea-generale-di-confindustria-belluno-dolomiti\\\/\",\"url\":\"https:\\\/\\\/www.bellunopress.it\\\/2024\\\/11\\\/23\\\/limpresa-di-essere-donna-lunedi-al-comunale-lassemblea-generale-di-confindustria-belluno-dolomiti\\\/\",\"name\":\"L'impresa di essere donna. Luned\u00ec al Comunale l'Assemblea generale di Confindustria Belluno Dolomiti - Bellunopress - Dolomiti\",\"isPartOf\":{\"@id\":\"https:\\\/\\\/www.bellunopress.it\\\/#website\"},\"primaryImageOfPage\":{\"@id\":\"https:\\\/\\\/www.bellunopress.it\\\/2024\\\/11\\\/23\\\/limpresa-di-essere-donna-lunedi-al-comunale-lassemblea-generale-di-confindustria-belluno-dolomiti\\\/#primaryimage\"},\"image\":{\"@id\":\"https:\\\/\\\/www.bellunopress.it\\\/2024\\\/11\\\/23\\\/limpresa-di-essere-donna-lunedi-al-comunale-lassemblea-generale-di-confindustria-belluno-dolomiti\\\/#primaryimage\"},\"thumbnailUrl\":\"https:\\\/\\\/www.bellunopress.it\\\/wp-content\\\/uploads\\\/2023\\\/11\\\/Lorraine-Berton_edited.jpg\",\"datePublished\":\"2024-11-23T12:45:08+00:00\",\"dateModified\":\"2024-12-01T13:07:47+00:00\",\"breadcrumb\":{\"@id\":\"https:\\\/\\\/www.bellunopress.it\\\/2024\\\/11\\\/23\\\/limpresa-di-essere-donna-lunedi-al-comunale-lassemblea-generale-di-confindustria-belluno-dolomiti\\\/#breadcrumb\"},\"inLanguage\":\"fr-FR\",\"potentialAction\":[{\"@type\":\"ReadAction\",\"target\":[\"https:\\\/\\\/www.bellunopress.it\\\/2024\\\/11\\\/23\\\/limpresa-di-essere-donna-lunedi-al-comunale-lassemblea-generale-di-confindustria-belluno-dolomiti\\\/\"]}]},{\"@type\":\"ImageObject\",\"inLanguage\":\"fr-FR\",\"@id\":\"https:\\\/\\\/www.bellunopress.it\\\/2024\\\/11\\\/23\\\/limpresa-di-essere-donna-lunedi-al-comunale-lassemblea-generale-di-confindustria-belluno-dolomiti\\\/#primaryimage\",\"url\":\"https:\\\/\\\/www.bellunopress.it\\\/wp-content\\\/uploads\\\/2023\\\/11\\\/Lorraine-Berton_edited.jpg\",\"contentUrl\":\"https:\\\/\\\/www.bellunopress.it\\\/wp-content\\\/uploads\\\/2023\\\/11\\\/Lorraine-Berton_edited.jpg\",\"width\":951,\"height\":1000,\"caption\":\"Lorraine Berton, presidente di Confindustria Belluno Dolomiti\"},{\"@type\":\"BreadcrumbList\",\"@id\":\"https:\\\/\\\/www.bellunopress.it\\\/2024\\\/11\\\/23\\\/limpresa-di-essere-donna-lunedi-al-comunale-lassemblea-generale-di-confindustria-belluno-dolomiti\\\/#breadcrumb\",\"itemListElement\":[{\"@type\":\"ListItem\",\"position\":1,\"name\":\"Home\",\"item\":\"https:\\\/\\\/www.bellunopress.it\\\/\"},{\"@type\":\"ListItem\",\"position\":2,\"name\":\"L&#8217;impresa di essere donna. Luned\u00ec al Comunale l&#8217;Assemblea generale di Confindustria Belluno Dolomiti\"}]},{\"@type\":\"WebSite\",\"@id\":\"https:\\\/\\\/www.bellunopress.it\\\/#website\",\"url\":\"https:\\\/\\\/www.bellunopress.it\\\/\",\"name\":\"Bellunopress - Dolomiti\",\"description\":\"e-mail: redazione@bellunopress.it\",\"publisher\":{\"@id\":\"https:\\\/\\\/www.bellunopress.it\\\/#organization\"},\"potentialAction\":[{\"@type\":\"SearchAction\",\"target\":{\"@type\":\"EntryPoint\",\"urlTemplate\":\"https:\\\/\\\/www.bellunopress.it\\\/?s={search_term_string}\"},\"query-input\":{\"@type\":\"PropertyValueSpecification\",\"valueRequired\":true,\"valueName\":\"search_term_string\"}}],\"inLanguage\":\"fr-FR\"},{\"@type\":\"Organization\",\"@id\":\"https:\\\/\\\/www.bellunopress.it\\\/#organization\",\"name\":\"Bellunopress\",\"url\":\"https:\\\/\\\/www.bellunopress.it\\\/\",\"logo\":{\"@type\":\"ImageObject\",\"inLanguage\":\"fr-FR\",\"@id\":\"https:\\\/\\\/www.bellunopress.it\\\/#\\\/schema\\\/logo\\\/image\\\/\",\"url\":\"https:\\\/\\\/www.bellunopress.it\\\/wp-content\\\/uploads\\\/2011\\\/05\\\/cropped-logo-bellunopress-.jpg\",\"contentUrl\":\"https:\\\/\\\/www.bellunopress.it\\\/wp-content\\\/uploads\\\/2011\\\/05\\\/cropped-logo-bellunopress-.jpg\",\"width\":512,\"height\":512,\"caption\":\"Bellunopress\"},\"image\":{\"@id\":\"https:\\\/\\\/www.bellunopress.it\\\/#\\\/schema\\\/logo\\\/image\\\/\"},\"sameAs\":[\"https:\\\/\\\/www.facebook.com\\\/profile.php?id=100008943462799\",\"https:\\\/\\\/x.com\\\/bellunopress\",\"https:\\\/\\\/www.linkedin.com\\\/hp\\\/?dnr=JBzUWaJfMUw8vbXJJ2tVW5-I3jZKvC4wsoxE&amp;amp;amp;amp;amp;amp;trk=nav_responsive_tab_home\",\"https:\\\/\\\/www.youtube.com\\\/channel\\\/UCxL0wu1uN0_3_7hGG0306cw\"]},{\"@type\":\"Person\",\"@id\":\"https:\\\/\\\/www.bellunopress.it\\\/#\\\/schema\\\/person\\\/79bb06722b37ece1c03d3e94beb30d73\",\"name\":\"redazione\",\"image\":{\"@type\":\"ImageObject\",\"inLanguage\":\"fr-FR\",\"@id\":\"https:\\\/\\\/secure.gravatar.com\\\/avatar\\\/37d968a2e67a6fd04c169c4bdef102d0bc5d31b2546345219e348575eb80e9a0?s=96&d=mm&r=g\",\"url\":\"https:\\\/\\\/secure.gravatar.com\\\/avatar\\\/37d968a2e67a6fd04c169c4bdef102d0bc5d31b2546345219e348575eb80e9a0?s=96&d=mm&r=g\",\"contentUrl\":\"https:\\\/\\\/secure.gravatar.com\\\/avatar\\\/37d968a2e67a6fd04c169c4bdef102d0bc5d31b2546345219e348575eb80e9a0?s=96&d=mm&r=g\",\"caption\":\"redazione\"},\"sameAs\":[\"http:\\\/\\\/www.bellunopress.it\",\"https:\\\/\\\/x.com\\\/bellunopress\"],\"url\":\"https:\\\/\\\/www.bellunopress.it\\\/fr\\\/author\\\/redazione\\\/\"}]}<\/script>\n<!-- \/ Yoast SEO plugin. -->","yoast_head_json":{"title":"L'impresa di essere donna. Luned\u00ec al Comunale l'Assemblea generale di Confindustria Belluno Dolomiti - Bellunopress - Dolomiti","robots":{"index":"index","follow":"follow","max-snippet":"max-snippet:-1","max-image-preview":"max-image-preview:large","max-video-preview":"max-video-preview:-1"},"canonical":"https:\/\/www.bellunopress.it\/fr\/2024\/11\/23\/limpresa-di-essere-donna-lunedi-al-comunale-lassemblea-generale-di-confindustria-belluno-dolomiti\/","og_locale":"fr_FR","og_type":"article","og_title":"L'impresa di essere donna. Luned\u00ec al Comunale l'Assemblea generale di Confindustria Belluno Dolomiti - Bellunopress - Dolomiti","og_description":"Belluno, 23 novembre 2024 &#8211; \u00c8 tutto pronto in Teatro comunale a Belluno per ospitare l&#8217;Assemblea generale dell&#8217;Associazione degli industriali bellunesi, in programma per luned\u00ec pomeriggio, 25 novembre, a partire dalle 17, evento che vedr\u00e0 la partecipazione &#8211; tra gli altri &#8211; del presidente di Confindustria Emanuele Orsini e del presidente della Regione del Veneto [&hellip;]","og_url":"https:\/\/www.bellunopress.it\/fr\/2024\/11\/23\/limpresa-di-essere-donna-lunedi-al-comunale-lassemblea-generale-di-confindustria-belluno-dolomiti\/","og_site_name":"Bellunopress - Dolomiti","article_publisher":"https:\/\/www.facebook.com\/profile.php?id=100008943462799","article_published_time":"2024-11-23T12:45:08+00:00","article_modified_time":"2024-12-01T13:07:47+00:00","og_image":[{"width":951,"height":1000,"url":"https:\/\/www.bellunopress.it\/wp-content\/uploads\/2023\/11\/Lorraine-Berton_edited.jpg","type":"image\/jpeg"}],"author":"redazione","twitter_card":"summary_large_image","twitter_creator":"@bellunopress","twitter_site":"@bellunopress","twitter_misc":{"\u00c9crit par":"redazione","Dur\u00e9e de lecture estim\u00e9e":"2 minutes"},"schema":{"@context":"https:\/\/schema.org","@graph":[{"@type":"Article","@id":"https:\/\/www.bellunopress.it\/2024\/11\/23\/limpresa-di-essere-donna-lunedi-al-comunale-lassemblea-generale-di-confindustria-belluno-dolomiti\/#article","isPartOf":{"@id":"https:\/\/www.bellunopress.it\/2024\/11\/23\/limpresa-di-essere-donna-lunedi-al-comunale-lassemblea-generale-di-confindustria-belluno-dolomiti\/"},"author":{"name":"redazione","@id":"https:\/\/www.bellunopress.it\/#\/schema\/person\/79bb06722b37ece1c03d3e94beb30d73"},"headline":"L&#8217;impresa di essere donna. Luned\u00ec al Comunale l&#8217;Assemblea generale di Confindustria Belluno Dolomiti","datePublished":"2024-11-23T12:45:08+00:00","dateModified":"2024-12-01T13:07:47+00:00","mainEntityOfPage":{"@id":"https:\/\/www.bellunopress.it\/2024\/11\/23\/limpresa-di-essere-donna-lunedi-al-comunale-lassemblea-generale-di-confindustria-belluno-dolomiti\/"},"wordCount":426,"publisher":{"@id":"https:\/\/www.bellunopress.it\/#organization"},"image":{"@id":"https:\/\/www.bellunopress.it\/2024\/11\/23\/limpresa-di-essere-donna-lunedi-al-comunale-lassemblea-generale-di-confindustria-belluno-dolomiti\/#primaryimage"},"thumbnailUrl":"https:\/\/www.bellunopress.it\/wp-content\/uploads\/2023\/11\/Lorraine-Berton_edited.jpg","articleSection":["Lavoro, Economia, Turismo","Prima Pagina","Societ\u00e0, Associazioni, Istituzioni"],"inLanguage":"fr-FR"},{"@type":"WebPage","@id":"https:\/\/www.bellunopress.it\/2024\/11\/23\/limpresa-di-essere-donna-lunedi-al-comunale-lassemblea-generale-di-confindustria-belluno-dolomiti\/","url":"https:\/\/www.bellunopress.it\/2024\/11\/23\/limpresa-di-essere-donna-lunedi-al-comunale-lassemblea-generale-di-confindustria-belluno-dolomiti\/","name":"L'impresa di essere donna. Luned\u00ec al Comunale l'Assemblea generale di Confindustria Belluno Dolomiti - Bellunopress - Dolomiti","isPartOf":{"@id":"https:\/\/www.bellunopress.it\/#website"},"primaryImageOfPage":{"@id":"https:\/\/www.bellunopress.it\/2024\/11\/23\/limpresa-di-essere-donna-lunedi-al-comunale-lassemblea-generale-di-confindustria-belluno-dolomiti\/#primaryimage"},"image":{"@id":"https:\/\/www.bellunopress.it\/2024\/11\/23\/limpresa-di-essere-donna-lunedi-al-comunale-lassemblea-generale-di-confindustria-belluno-dolomiti\/#primaryimage"},"thumbnailUrl":"https:\/\/www.bellunopress.it\/wp-content\/uploads\/2023\/11\/Lorraine-Berton_edited.jpg","datePublished":"2024-11-23T12:45:08+00:00","dateModified":"2024-12-01T13:07:47+00:00","breadcrumb":{"@id":"https:\/\/www.bellunopress.it\/2024\/11\/23\/limpresa-di-essere-donna-lunedi-al-comunale-lassemblea-generale-di-confindustria-belluno-dolomiti\/#breadcrumb"},"inLanguage":"fr-FR","potentialAction":[{"@type":"ReadAction","target":["https:\/\/www.bellunopress.it\/2024\/11\/23\/limpresa-di-essere-donna-lunedi-al-comunale-lassemblea-generale-di-confindustria-belluno-dolomiti\/"]}]},{"@type":"ImageObject","inLanguage":"fr-FR","@id":"https:\/\/www.bellunopress.it\/2024\/11\/23\/limpresa-di-essere-donna-lunedi-al-comunale-lassemblea-generale-di-confindustria-belluno-dolomiti\/#primaryimage","url":"https:\/\/www.bellunopress.it\/wp-content\/uploads\/2023\/11\/Lorraine-Berton_edited.jpg","contentUrl":"https:\/\/www.bellunopress.it\/wp-content\/uploads\/2023\/11\/Lorraine-Berton_edited.jpg","width":951,"height":1000,"caption":"Lorraine Berton, presidente di Confindustria Belluno Dolomiti"},{"@type":"BreadcrumbList","@id":"https:\/\/www.bellunopress.it\/2024\/11\/23\/limpresa-di-essere-donna-lunedi-al-comunale-lassemblea-generale-di-confindustria-belluno-dolomiti\/#breadcrumb","itemListElement":[{"@type":"ListItem","position":1,"name":"Home","item":"https:\/\/www.bellunopress.it\/"},{"@type":"ListItem","position":2,"name":"L&#8217;impresa di essere donna. Luned\u00ec al Comunale l&#8217;Assemblea generale di Confindustria Belluno Dolomiti"}]},{"@type":"WebSite","@id":"https:\/\/www.bellunopress.it\/#website","url":"https:\/\/www.bellunopress.it\/","name":"Bellunopress - Dolomiti","description":"e-mail: redazione@bellunopress.it","publisher":{"@id":"https:\/\/www.bellunopress.it\/#organization"},"potentialAction":[{"@type":"SearchAction","target":{"@type":"EntryPoint","urlTemplate":"https:\/\/www.bellunopress.it\/?s={search_term_string}"},"query-input":{"@type":"PropertyValueSpecification","valueRequired":true,"valueName":"search_term_string"}}],"inLanguage":"fr-FR"},{"@type":"Organization","@id":"https:\/\/www.bellunopress.it\/#organization","name":"Bellunopress","url":"https:\/\/www.bellunopress.it\/","logo":{"@type":"ImageObject","inLanguage":"fr-FR","@id":"https:\/\/www.bellunopress.it\/#\/schema\/logo\/image\/","url":"https:\/\/www.bellunopress.it\/wp-content\/uploads\/2011\/05\/cropped-logo-bellunopress-.jpg","contentUrl":"https:\/\/www.bellunopress.it\/wp-content\/uploads\/2011\/05\/cropped-logo-bellunopress-.jpg","width":512,"height":512,"caption":"Bellunopress"},"image":{"@id":"https:\/\/www.bellunopress.it\/#\/schema\/logo\/image\/"},"sameAs":["https:\/\/www.facebook.com\/profile.php?id=100008943462799","https:\/\/x.com\/bellunopress","https:\/\/www.linkedin.com\/hp\/?dnr=JBzUWaJfMUw8vbXJJ2tVW5-I3jZKvC4wsoxE&amp;amp;amp;amp;amp;amp;trk=nav_responsive_tab_home","https:\/\/www.youtube.com\/channel\/UCxL0wu1uN0_3_7hGG0306cw"]},{"@type":"Person","@id":"https:\/\/www.bellunopress.it\/#\/schema\/person\/79bb06722b37ece1c03d3e94beb30d73","name":"r\u00e9daction","image":{"@type":"ImageObject","inLanguage":"fr-FR","@id":"https:\/\/secure.gravatar.com\/avatar\/37d968a2e67a6fd04c169c4bdef102d0bc5d31b2546345219e348575eb80e9a0?s=96&d=mm&r=g","url":"https:\/\/secure.gravatar.com\/avatar\/37d968a2e67a6fd04c169c4bdef102d0bc5d31b2546345219e348575eb80e9a0?s=96&d=mm&r=g","contentUrl":"https:\/\/secure.gravatar.com\/avatar\/37d968a2e67a6fd04c169c4bdef102d0bc5d31b2546345219e348575eb80e9a0?s=96&d=mm&r=g","caption":"redazione"},"sameAs":["http:\/\/www.bellunopress.it","https:\/\/x.com\/bellunopress"],"url":"https:\/\/www.bellunopress.it\/fr\/author\/redazione\/"}]}},"_links":{"self":[{"href":"https:\/\/www.bellunopress.it\/fr\/wp-json\/wp\/v2\/posts\/155739","targetHints":{"allow":["GET"]}}],"collection":[{"href":"https:\/\/www.bellunopress.it\/fr\/wp-json\/wp\/v2\/posts"}],"about":[{"href":"https:\/\/www.bellunopress.it\/fr\/wp-json\/wp\/v2\/types\/post"}],"author":[{"embeddable":true,"href":"https:\/\/www.bellunopress.it\/fr\/wp-json\/wp\/v2\/users\/2"}],"replies":[{"embeddable":true,"href":"https:\/\/www.bellunopress.it\/fr\/wp-json\/wp\/v2\/comments?post=155739"}],"version-history":[{"count":1,"href":"https:\/\/www.bellunopress.it\/fr\/wp-json\/wp\/v2\/posts\/155739\/revisions"}],"predecessor-version":[{"id":155740,"href":"https:\/\/www.bellunopress.it\/fr\/wp-json\/wp\/v2\/posts\/155739\/revisions\/155740"}],"wp:featuredmedia":[{"embeddable":true,"href":"https:\/\/www.bellunopress.it\/fr\/wp-json\/wp\/v2\/media\/146172"}],"wp:attachment":[{"href":"https:\/\/www.bellunopress.it\/fr\/wp-json\/wp\/v2\/media?parent=155739"}],"wp:term":[{"taxonomy":"category","embeddable":true,"href":"https:\/\/www.bellunopress.it\/fr\/wp-json\/wp\/v2\/categories?post=155739"},{"taxonomy":"post_tag","embeddable":true,"href":"https:\/\/www.bellunopress.it\/fr\/wp-json\/wp\/v2\/tags?post=155739"}],"curies":[{"name":"wp","href":"https:\/\/api.w.org\/{rel}","templated":true}]}}