{"id":155736,"date":"2024-11-23T13:27:33","date_gmt":"2024-11-23T12:27:33","guid":{"rendered":"https:\/\/www.bellunopress.it\/?p=155736"},"modified":"2024-11-23T13:27:33","modified_gmt":"2024-11-23T12:27:33","slug":"premio-internazionale-bellunesi-che-onorano-la-provincia-in-italia-e-nel-mondo-oggi-la-cerimonia-a-seren-del-grappa","status":"publish","type":"post","link":"https:\/\/www.bellunopress.it\/fr\/2024\/11\/23\/premio-internazionale-bellunesi-che-onorano-la-provincia-in-italia-e-nel-mondo-oggi-la-cerimonia-a-seren-del-grappa\/","title":{"rendered":"Premio internazionale &#8220;Bellunesi che onorano la provincia in Italia e nel mondo&#8221;. Oggi la cerimonia a Seren del Grappa"},"content":{"rendered":"<p><strong><img loading=\"lazy\" decoding=\"async\" class=\"aligncenter size-full wp-image-155737\" src=\"https:\/\/www.bellunopress.it\/wp-content\/uploads\/2024\/11\/premio-bellunesi-che-hanno-onorato-la-provincia-in-italia-e-nel-mondo_edited.jpg\" alt=\"\" width=\"1000\" height=\"707\" srcset=\"https:\/\/www.bellunopress.it\/wp-content\/uploads\/2024\/11\/premio-bellunesi-che-hanno-onorato-la-provincia-in-italia-e-nel-mondo_edited.jpg 1000w, https:\/\/www.bellunopress.it\/wp-content\/uploads\/2024\/11\/premio-bellunesi-che-hanno-onorato-la-provincia-in-italia-e-nel-mondo_edited-500x354.jpg 500w, https:\/\/www.bellunopress.it\/wp-content\/uploads\/2024\/11\/premio-bellunesi-che-hanno-onorato-la-provincia-in-italia-e-nel-mondo_edited-594x420.jpg 594w, https:\/\/www.bellunopress.it\/wp-content\/uploads\/2024\/11\/premio-bellunesi-che-hanno-onorato-la-provincia-in-italia-e-nel-mondo_edited-696x492.jpg 696w\" sizes=\"auto, (max-width: 1000px) 100vw, 1000px\" \/>Festa dell&#8217;orgoglio delle radici. Riconoscimenti a Ferdinando Samaria, Paola De Martin, ZeroCalcare, Mariaelena Pierobon e Gioachino Bratti<\/strong><\/p>\n<p>Da Cambridge agli Stati Uniti, passando per la Svizzera e Roma. Un mappamondo concentrato nella sala teatro di Rasai (Seren del Grappa) oggi per il Premio internazionale &#8220;Bellunesi che onorano la provincia in Italia e nel mondo&#8221;, organizzato da Provincia, Abm e Rotary Club. Una &#8220;festa dell&#8217;orgoglio delle radici&#8221; come \u00e8 stata definita. Ma anche il riconoscimento al lavoro silenzioso di tante e tanti migranti che con la valigia hanno lasciato il Bellunese e con il sudore della fronte hanno permesso alle generazioni successive di crescere, imparare, portare benessere alla terra d&#8217;origine.<\/p>\n<p>\u00abPer anni i nostri compaesani sono emigrati dal Bellunese per cercare fortuna altrove. In molti casi sono scappati dalla povert\u00e0, dalla fame. Lo hanno fatto con grandissima dignit\u00e0 e hanno esportato, nella loro valigia, la determinazione, la voglia di lavorare, la concretezza dolomitica. Oggi l&#8217;emigrazione \u00e8 un fenomeno diverso, perch\u00e9 siamo diventati una provincia ricca, in cui lavoro e benessere non mancano. Non si scappa, ma qualcuno sceglie di provare un&#8217;esperienza all&#8217;estero in cerca di studio, stimoli, carriera. Chi esce dal Bellunese \u00e8 cittadino del mondo e consapevole di esserlo, ma come dimostra questo premio, cittadino del mondo con il cuore tra le Dolomiti. Ed \u00e8 un cittadino del mondo che crea qualcosa di importante, che porta i propri valori e le proprie capacit\u00e0 nel Paese in cui vive e lavora\u00bb ha detto il presidente della Provincia di Belluno, Roberto Padrin. Che ha citato due discorsi tenuti nell&#8217;edizione 2023 del premio da altrettanti premiati. \u00abMi ha colpito molto quello che hanno detto due premiati della scorsa edizione, che si \u00e8 celebrata a Longarone: &#8220;Ricevere questo premio significa valorizzare le origini bellunesi. Io a Belluno ho imparato i valori veri e autentici, come l&#8217;onest\u00e0, la solidariet\u00e0, il rispetto delle tradizioni, il sacrificio&#8230; Se non fossi nato qui, forse non avrei raggiunto quello che ho raggiunto&#8221;. E ancora: &#8220;Mi inorgoglisce provenire da questa terra che ci ha abituato alla capacit\u00e0 di fare squadra, perch\u00e9 in montagna non si fa molto da soli&#8221;\u00bb.<\/p>\n<p><strong>I PREMIATI<\/strong><\/p>\n<p>Per il settore economico, imprenditoriale e professionale, il premio \u00e8 stato assegnato a Ferdinando Samaria, imprenditore e ricercatore nel campo dell&#8217;intelligenza artificiale, docente a Cambridge in Finanza decentralizzata e Moneta digitale. \u00abLa cosa pi\u00f9 importante da dire \u00e8 che i soldi si guadagnano lavorando e non con la finanza\u00bb ha detto dal palco il premiato. \u00abLa tecnologia ci aiuta molto, ma stiamo attenti alle conseguenze sui giovani\u00bb.<\/p>\n<p>Per il settore istituzioni, arte e cultura il premio \u00e8 andato a Paola De Martin e a Michele Rech, in arte ZeroCalcare. La prima \u00e8 una ricercatrice e docente con una vasta esperienza nel campo delle scienze umanistiche, in particolare nella storia culturale e nell&#8217;intersezione tra arte e societ\u00e0. Nata a Zurigo, \u00e8 co-curatrice del progetto etnografico e artistico &#8220;Schwarzenbach-Komplex,&#8221; che esplora la memoria del razzismo e della resistenza in Svizzera. Dal palco ha ringraziato tutti coloro che hanno permesso alla seconda e terza generazione di migranti di emergere. \u00abSe la Svizzera \u00e8 bella e pulita \u00e8 grazie ai migranti italiani che l&#8217;hanno costruita e pulita. \u00c8 grazie a loro se le generazioni come la mia hanno potuto aprire le ali e volare\u00bb.<\/p>\n<p>ZeroCalcare, noto fumettista, ha ricordato il proprio legame profondo con Seren del Grappa, dove la scuola media \u00e8 intitolata al nonno Leonida Rech. \u00abLe storie di chi ha lasciato la terra bellunese mi stanno emozionando\u00bb ha detto nel ritirare il premio. \u00abNoi siamo la somma degli individui che ci hanno preceduto. Mio nonno sarebbe contento di sapermi qua. Io non vengo associato ai bellunesi nel mondo, ma a parte le cadute nello Stizzon da ragazzino, ho ancora un legame con questa terra\u00bb.<\/p>\n<p>Per il settore sociale e solidaristico il riconoscimento \u00e8 andato a Mariaelena Pierobon, di Longarone, professoressa in Virginia (Usa) dove studia e approfondisce metodi brevettati per la rilevazione e il controllo del cancro. \u00abSono nata a Belluno e qui ho imparato la resilienza, che mi ha reso possibile l&#8217;adattamento in un Paese straniero\u00bb ha detto. \u00abQuesto premio va anche a chi si \u00e8 sacrificato per permettere a me di studiare e fare carriera\u00bb.Sempre di Longarone il premio speciale &#8220;Barcelloni Corte &#8211; De Martin Modolado&#8221;, che \u00e8 andato a Gioachino Bratti, gi\u00e0 sindaco della ricostruzione post Vajont. Bratti ha sottolineato il carico di umanit\u00e0 degli emigranti bellunesi, come valore aggiunto oltre alle capacit\u00e0 per cui si sono distinti nel lavoro e nella vita.<\/p>\n<p>Infine, premio alla memoria a Claudio Colmanet, il violinista e direttore d&#8217;orchestra scomparso un anno fa.<\/p>","protected":false},"excerpt":{"rendered":"<p>Festa dell&#8217;orgoglio delle radici. Riconoscimenti a Ferdinando Samaria, Paola De Martin, ZeroCalcare, Mariaelena Pierobon e Gioachino Bratti Da Cambridge agli Stati Uniti, passando per la Svizzera e Roma. Un mappamondo concentrato nella sala teatro di Rasai (Seren del Grappa) oggi per il Premio internazionale &#8220;Bellunesi che onorano la provincia in Italia e nel mondo&#8221;, organizzato [&hellip;]<\/p>\n","protected":false},"author":2,"featured_media":155737,"comment_status":"closed","ping_status":"open","sticky":false,"template":"","format":"standard","meta":{"footnotes":""},"categories":[26,8],"tags":[],"class_list":["post-155736","post","type-post","status-publish","format-standard","has-post-thumbnail","category-prima-pagina","category-societa-istituzioni"],"yoast_head":"<!-- This site is optimized with the Yoast SEO plugin v28.4 - https:\/\/yoast.com\/product\/yoast-seo-wordpress\/ -->\n<title>Premio internazionale &quot;Bellunesi che onorano la provincia in Italia e nel mondo&quot;. Oggi la cerimonia a Seren del Grappa - Bellunopress - Dolomiti<\/title>\n<meta name=\"robots\" content=\"index, follow, max-snippet:-1, max-image-preview:large, max-video-preview:-1\" \/>\n<link rel=\"canonical\" href=\"https:\/\/www.bellunopress.it\/fr\/2024\/11\/23\/premio-internazionale-bellunesi-che-onorano-la-provincia-in-italia-e-nel-mondo-oggi-la-cerimonia-a-seren-del-grappa\/\" \/>\n<meta property=\"og:locale\" content=\"fr_FR\" \/>\n<meta property=\"og:type\" content=\"article\" \/>\n<meta property=\"og:title\" content=\"Premio internazionale &quot;Bellunesi che onorano la provincia in Italia e nel mondo&quot;. Oggi la cerimonia a Seren del Grappa - Bellunopress - Dolomiti\" \/>\n<meta property=\"og:description\" content=\"Festa dell&#8217;orgoglio delle radici. Riconoscimenti a Ferdinando Samaria, Paola De Martin, ZeroCalcare, Mariaelena Pierobon e Gioachino Bratti Da Cambridge agli Stati Uniti, passando per la Svizzera e Roma. Un mappamondo concentrato nella sala teatro di Rasai (Seren del Grappa) oggi per il Premio internazionale &#8220;Bellunesi che onorano la provincia in Italia e nel mondo&#8221;, organizzato [&hellip;]\" \/>\n<meta property=\"og:url\" content=\"https:\/\/www.bellunopress.it\/fr\/2024\/11\/23\/premio-internazionale-bellunesi-che-onorano-la-provincia-in-italia-e-nel-mondo-oggi-la-cerimonia-a-seren-del-grappa\/\" \/>\n<meta property=\"og:site_name\" content=\"Bellunopress - Dolomiti\" \/>\n<meta property=\"article:publisher\" content=\"https:\/\/www.facebook.com\/profile.php?id=100008943462799\" \/>\n<meta property=\"article:published_time\" content=\"2024-11-23T12:27:33+00:00\" \/>\n<meta property=\"og:image\" content=\"https:\/\/www.bellunopress.it\/wp-content\/uploads\/2024\/11\/premio-bellunesi-che-hanno-onorato-la-provincia-in-italia-e-nel-mondo_edited.jpg\" \/>\n\t<meta property=\"og:image:width\" content=\"1000\" \/>\n\t<meta property=\"og:image:height\" content=\"707\" \/>\n\t<meta property=\"og:image:type\" content=\"image\/jpeg\" \/>\n<meta name=\"author\" content=\"redazione\" \/>\n<meta name=\"twitter:card\" content=\"summary_large_image\" \/>\n<meta name=\"twitter:creator\" content=\"@bellunopress\" \/>\n<meta name=\"twitter:site\" content=\"@bellunopress\" \/>\n<meta name=\"twitter:label1\" content=\"\u00c9crit par\" \/>\n\t<meta name=\"twitter:data1\" content=\"redazione\" \/>\n\t<meta name=\"twitter:label2\" content=\"Dur\u00e9e de lecture estim\u00e9e\" \/>\n\t<meta name=\"twitter:data2\" content=\"4 minutes\" \/>\n<script type=\"application\/ld+json\" class=\"yoast-schema-graph\">{\"@context\":\"https:\\\/\\\/schema.org\",\"@graph\":[{\"@type\":\"Article\",\"@id\":\"https:\\\/\\\/www.bellunopress.it\\\/2024\\\/11\\\/23\\\/premio-internazionale-bellunesi-che-onorano-la-provincia-in-italia-e-nel-mondo-oggi-la-cerimonia-a-seren-del-grappa\\\/#article\",\"isPartOf\":{\"@id\":\"https:\\\/\\\/www.bellunopress.it\\\/2024\\\/11\\\/23\\\/premio-internazionale-bellunesi-che-onorano-la-provincia-in-italia-e-nel-mondo-oggi-la-cerimonia-a-seren-del-grappa\\\/\"},\"author\":{\"name\":\"redazione\",\"@id\":\"https:\\\/\\\/www.bellunopress.it\\\/#\\\/schema\\\/person\\\/79bb06722b37ece1c03d3e94beb30d73\"},\"headline\":\"Premio internazionale &#8220;Bellunesi che onorano la provincia in Italia e nel mondo&#8221;. Oggi la cerimonia a Seren del Grappa\",\"datePublished\":\"2024-11-23T12:27:33+00:00\",\"mainEntityOfPage\":{\"@id\":\"https:\\\/\\\/www.bellunopress.it\\\/2024\\\/11\\\/23\\\/premio-internazionale-bellunesi-che-onorano-la-provincia-in-italia-e-nel-mondo-oggi-la-cerimonia-a-seren-del-grappa\\\/\"},\"wordCount\":776,\"publisher\":{\"@id\":\"https:\\\/\\\/www.bellunopress.it\\\/#organization\"},\"image\":{\"@id\":\"https:\\\/\\\/www.bellunopress.it\\\/2024\\\/11\\\/23\\\/premio-internazionale-bellunesi-che-onorano-la-provincia-in-italia-e-nel-mondo-oggi-la-cerimonia-a-seren-del-grappa\\\/#primaryimage\"},\"thumbnailUrl\":\"https:\\\/\\\/www.bellunopress.it\\\/wp-content\\\/uploads\\\/2024\\\/11\\\/premio-bellunesi-che-hanno-onorato-la-provincia-in-italia-e-nel-mondo_edited.jpg\",\"articleSection\":[\"Prima Pagina\",\"Societ\u00e0, Associazioni, Istituzioni\"],\"inLanguage\":\"fr-FR\"},{\"@type\":\"WebPage\",\"@id\":\"https:\\\/\\\/www.bellunopress.it\\\/2024\\\/11\\\/23\\\/premio-internazionale-bellunesi-che-onorano-la-provincia-in-italia-e-nel-mondo-oggi-la-cerimonia-a-seren-del-grappa\\\/\",\"url\":\"https:\\\/\\\/www.bellunopress.it\\\/2024\\\/11\\\/23\\\/premio-internazionale-bellunesi-che-onorano-la-provincia-in-italia-e-nel-mondo-oggi-la-cerimonia-a-seren-del-grappa\\\/\",\"name\":\"Premio internazionale \\\"Bellunesi che onorano la provincia in Italia e nel mondo\\\". Oggi la cerimonia a Seren del Grappa - Bellunopress - Dolomiti\",\"isPartOf\":{\"@id\":\"https:\\\/\\\/www.bellunopress.it\\\/#website\"},\"primaryImageOfPage\":{\"@id\":\"https:\\\/\\\/www.bellunopress.it\\\/2024\\\/11\\\/23\\\/premio-internazionale-bellunesi-che-onorano-la-provincia-in-italia-e-nel-mondo-oggi-la-cerimonia-a-seren-del-grappa\\\/#primaryimage\"},\"image\":{\"@id\":\"https:\\\/\\\/www.bellunopress.it\\\/2024\\\/11\\\/23\\\/premio-internazionale-bellunesi-che-onorano-la-provincia-in-italia-e-nel-mondo-oggi-la-cerimonia-a-seren-del-grappa\\\/#primaryimage\"},\"thumbnailUrl\":\"https:\\\/\\\/www.bellunopress.it\\\/wp-content\\\/uploads\\\/2024\\\/11\\\/premio-bellunesi-che-hanno-onorato-la-provincia-in-italia-e-nel-mondo_edited.jpg\",\"datePublished\":\"2024-11-23T12:27:33+00:00\",\"breadcrumb\":{\"@id\":\"https:\\\/\\\/www.bellunopress.it\\\/2024\\\/11\\\/23\\\/premio-internazionale-bellunesi-che-onorano-la-provincia-in-italia-e-nel-mondo-oggi-la-cerimonia-a-seren-del-grappa\\\/#breadcrumb\"},\"inLanguage\":\"fr-FR\",\"potentialAction\":[{\"@type\":\"ReadAction\",\"target\":[\"https:\\\/\\\/www.bellunopress.it\\\/2024\\\/11\\\/23\\\/premio-internazionale-bellunesi-che-onorano-la-provincia-in-italia-e-nel-mondo-oggi-la-cerimonia-a-seren-del-grappa\\\/\"]}]},{\"@type\":\"ImageObject\",\"inLanguage\":\"fr-FR\",\"@id\":\"https:\\\/\\\/www.bellunopress.it\\\/2024\\\/11\\\/23\\\/premio-internazionale-bellunesi-che-onorano-la-provincia-in-italia-e-nel-mondo-oggi-la-cerimonia-a-seren-del-grappa\\\/#primaryimage\",\"url\":\"https:\\\/\\\/www.bellunopress.it\\\/wp-content\\\/uploads\\\/2024\\\/11\\\/premio-bellunesi-che-hanno-onorato-la-provincia-in-italia-e-nel-mondo_edited.jpg\",\"contentUrl\":\"https:\\\/\\\/www.bellunopress.it\\\/wp-content\\\/uploads\\\/2024\\\/11\\\/premio-bellunesi-che-hanno-onorato-la-provincia-in-italia-e-nel-mondo_edited.jpg\",\"width\":1000,\"height\":707},{\"@type\":\"BreadcrumbList\",\"@id\":\"https:\\\/\\\/www.bellunopress.it\\\/2024\\\/11\\\/23\\\/premio-internazionale-bellunesi-che-onorano-la-provincia-in-italia-e-nel-mondo-oggi-la-cerimonia-a-seren-del-grappa\\\/#breadcrumb\",\"itemListElement\":[{\"@type\":\"ListItem\",\"position\":1,\"name\":\"Home\",\"item\":\"https:\\\/\\\/www.bellunopress.it\\\/\"},{\"@type\":\"ListItem\",\"position\":2,\"name\":\"Premio internazionale &#8220;Bellunesi che onorano la provincia in Italia e nel mondo&#8221;. Oggi la cerimonia a Seren del Grappa\"}]},{\"@type\":\"WebSite\",\"@id\":\"https:\\\/\\\/www.bellunopress.it\\\/#website\",\"url\":\"https:\\\/\\\/www.bellunopress.it\\\/\",\"name\":\"Bellunopress - Dolomiti\",\"description\":\"e-mail: redazione@bellunopress.it\",\"publisher\":{\"@id\":\"https:\\\/\\\/www.bellunopress.it\\\/#organization\"},\"potentialAction\":[{\"@type\":\"SearchAction\",\"target\":{\"@type\":\"EntryPoint\",\"urlTemplate\":\"https:\\\/\\\/www.bellunopress.it\\\/?s={search_term_string}\"},\"query-input\":{\"@type\":\"PropertyValueSpecification\",\"valueRequired\":true,\"valueName\":\"search_term_string\"}}],\"inLanguage\":\"fr-FR\"},{\"@type\":\"Organization\",\"@id\":\"https:\\\/\\\/www.bellunopress.it\\\/#organization\",\"name\":\"Bellunopress\",\"url\":\"https:\\\/\\\/www.bellunopress.it\\\/\",\"logo\":{\"@type\":\"ImageObject\",\"inLanguage\":\"fr-FR\",\"@id\":\"https:\\\/\\\/www.bellunopress.it\\\/#\\\/schema\\\/logo\\\/image\\\/\",\"url\":\"https:\\\/\\\/www.bellunopress.it\\\/wp-content\\\/uploads\\\/2011\\\/05\\\/cropped-logo-bellunopress-.jpg\",\"contentUrl\":\"https:\\\/\\\/www.bellunopress.it\\\/wp-content\\\/uploads\\\/2011\\\/05\\\/cropped-logo-bellunopress-.jpg\",\"width\":512,\"height\":512,\"caption\":\"Bellunopress\"},\"image\":{\"@id\":\"https:\\\/\\\/www.bellunopress.it\\\/#\\\/schema\\\/logo\\\/image\\\/\"},\"sameAs\":[\"https:\\\/\\\/www.facebook.com\\\/profile.php?id=100008943462799\",\"https:\\\/\\\/x.com\\\/bellunopress\",\"https:\\\/\\\/www.linkedin.com\\\/hp\\\/?dnr=JBzUWaJfMUw8vbXJJ2tVW5-I3jZKvC4wsoxE&amp;amp;amp;amp;amp;amp;trk=nav_responsive_tab_home\",\"https:\\\/\\\/www.youtube.com\\\/channel\\\/UCxL0wu1uN0_3_7hGG0306cw\"]},{\"@type\":\"Person\",\"@id\":\"https:\\\/\\\/www.bellunopress.it\\\/#\\\/schema\\\/person\\\/79bb06722b37ece1c03d3e94beb30d73\",\"name\":\"redazione\",\"image\":{\"@type\":\"ImageObject\",\"inLanguage\":\"fr-FR\",\"@id\":\"https:\\\/\\\/secure.gravatar.com\\\/avatar\\\/37d968a2e67a6fd04c169c4bdef102d0bc5d31b2546345219e348575eb80e9a0?s=96&d=mm&r=g\",\"url\":\"https:\\\/\\\/secure.gravatar.com\\\/avatar\\\/37d968a2e67a6fd04c169c4bdef102d0bc5d31b2546345219e348575eb80e9a0?s=96&d=mm&r=g\",\"contentUrl\":\"https:\\\/\\\/secure.gravatar.com\\\/avatar\\\/37d968a2e67a6fd04c169c4bdef102d0bc5d31b2546345219e348575eb80e9a0?s=96&d=mm&r=g\",\"caption\":\"redazione\"},\"sameAs\":[\"http:\\\/\\\/www.bellunopress.it\",\"https:\\\/\\\/x.com\\\/bellunopress\"],\"url\":\"https:\\\/\\\/www.bellunopress.it\\\/fr\\\/author\\\/redazione\\\/\"}]}<\/script>\n<!-- \/ Yoast SEO plugin. -->","yoast_head_json":{"title":"Premio internazionale \"Bellunesi che onorano la provincia in Italia e nel mondo\". Oggi la cerimonia a Seren del Grappa - Bellunopress - Dolomiti","robots":{"index":"index","follow":"follow","max-snippet":"max-snippet:-1","max-image-preview":"max-image-preview:large","max-video-preview":"max-video-preview:-1"},"canonical":"https:\/\/www.bellunopress.it\/fr\/2024\/11\/23\/premio-internazionale-bellunesi-che-onorano-la-provincia-in-italia-e-nel-mondo-oggi-la-cerimonia-a-seren-del-grappa\/","og_locale":"fr_FR","og_type":"article","og_title":"Premio internazionale \"Bellunesi che onorano la provincia in Italia e nel mondo\". Oggi la cerimonia a Seren del Grappa - Bellunopress - Dolomiti","og_description":"Festa dell&#8217;orgoglio delle radici. Riconoscimenti a Ferdinando Samaria, Paola De Martin, ZeroCalcare, Mariaelena Pierobon e Gioachino Bratti Da Cambridge agli Stati Uniti, passando per la Svizzera e Roma. Un mappamondo concentrato nella sala teatro di Rasai (Seren del Grappa) oggi per il Premio internazionale &#8220;Bellunesi che onorano la provincia in Italia e nel mondo&#8221;, organizzato [&hellip;]","og_url":"https:\/\/www.bellunopress.it\/fr\/2024\/11\/23\/premio-internazionale-bellunesi-che-onorano-la-provincia-in-italia-e-nel-mondo-oggi-la-cerimonia-a-seren-del-grappa\/","og_site_name":"Bellunopress - Dolomiti","article_publisher":"https:\/\/www.facebook.com\/profile.php?id=100008943462799","article_published_time":"2024-11-23T12:27:33+00:00","og_image":[{"width":1000,"height":707,"url":"https:\/\/www.bellunopress.it\/wp-content\/uploads\/2024\/11\/premio-bellunesi-che-hanno-onorato-la-provincia-in-italia-e-nel-mondo_edited.jpg","type":"image\/jpeg"}],"author":"redazione","twitter_card":"summary_large_image","twitter_creator":"@bellunopress","twitter_site":"@bellunopress","twitter_misc":{"\u00c9crit par":"redazione","Dur\u00e9e de lecture estim\u00e9e":"4 minutes"},"schema":{"@context":"https:\/\/schema.org","@graph":[{"@type":"Article","@id":"https:\/\/www.bellunopress.it\/2024\/11\/23\/premio-internazionale-bellunesi-che-onorano-la-provincia-in-italia-e-nel-mondo-oggi-la-cerimonia-a-seren-del-grappa\/#article","isPartOf":{"@id":"https:\/\/www.bellunopress.it\/2024\/11\/23\/premio-internazionale-bellunesi-che-onorano-la-provincia-in-italia-e-nel-mondo-oggi-la-cerimonia-a-seren-del-grappa\/"},"author":{"name":"redazione","@id":"https:\/\/www.bellunopress.it\/#\/schema\/person\/79bb06722b37ece1c03d3e94beb30d73"},"headline":"Premio internazionale &#8220;Bellunesi che onorano la provincia in Italia e nel mondo&#8221;. Oggi la cerimonia a Seren del Grappa","datePublished":"2024-11-23T12:27:33+00:00","mainEntityOfPage":{"@id":"https:\/\/www.bellunopress.it\/2024\/11\/23\/premio-internazionale-bellunesi-che-onorano-la-provincia-in-italia-e-nel-mondo-oggi-la-cerimonia-a-seren-del-grappa\/"},"wordCount":776,"publisher":{"@id":"https:\/\/www.bellunopress.it\/#organization"},"image":{"@id":"https:\/\/www.bellunopress.it\/2024\/11\/23\/premio-internazionale-bellunesi-che-onorano-la-provincia-in-italia-e-nel-mondo-oggi-la-cerimonia-a-seren-del-grappa\/#primaryimage"},"thumbnailUrl":"https:\/\/www.bellunopress.it\/wp-content\/uploads\/2024\/11\/premio-bellunesi-che-hanno-onorato-la-provincia-in-italia-e-nel-mondo_edited.jpg","articleSection":["Prima Pagina","Societ\u00e0, Associazioni, Istituzioni"],"inLanguage":"fr-FR"},{"@type":"WebPage","@id":"https:\/\/www.bellunopress.it\/2024\/11\/23\/premio-internazionale-bellunesi-che-onorano-la-provincia-in-italia-e-nel-mondo-oggi-la-cerimonia-a-seren-del-grappa\/","url":"https:\/\/www.bellunopress.it\/2024\/11\/23\/premio-internazionale-bellunesi-che-onorano-la-provincia-in-italia-e-nel-mondo-oggi-la-cerimonia-a-seren-del-grappa\/","name":"Premio internazionale \"Bellunesi che onorano la provincia in Italia e nel mondo\". Oggi la cerimonia a Seren del Grappa - Bellunopress - Dolomiti","isPartOf":{"@id":"https:\/\/www.bellunopress.it\/#website"},"primaryImageOfPage":{"@id":"https:\/\/www.bellunopress.it\/2024\/11\/23\/premio-internazionale-bellunesi-che-onorano-la-provincia-in-italia-e-nel-mondo-oggi-la-cerimonia-a-seren-del-grappa\/#primaryimage"},"image":{"@id":"https:\/\/www.bellunopress.it\/2024\/11\/23\/premio-internazionale-bellunesi-che-onorano-la-provincia-in-italia-e-nel-mondo-oggi-la-cerimonia-a-seren-del-grappa\/#primaryimage"},"thumbnailUrl":"https:\/\/www.bellunopress.it\/wp-content\/uploads\/2024\/11\/premio-bellunesi-che-hanno-onorato-la-provincia-in-italia-e-nel-mondo_edited.jpg","datePublished":"2024-11-23T12:27:33+00:00","breadcrumb":{"@id":"https:\/\/www.bellunopress.it\/2024\/11\/23\/premio-internazionale-bellunesi-che-onorano-la-provincia-in-italia-e-nel-mondo-oggi-la-cerimonia-a-seren-del-grappa\/#breadcrumb"},"inLanguage":"fr-FR","potentialAction":[{"@type":"ReadAction","target":["https:\/\/www.bellunopress.it\/2024\/11\/23\/premio-internazionale-bellunesi-che-onorano-la-provincia-in-italia-e-nel-mondo-oggi-la-cerimonia-a-seren-del-grappa\/"]}]},{"@type":"ImageObject","inLanguage":"fr-FR","@id":"https:\/\/www.bellunopress.it\/2024\/11\/23\/premio-internazionale-bellunesi-che-onorano-la-provincia-in-italia-e-nel-mondo-oggi-la-cerimonia-a-seren-del-grappa\/#primaryimage","url":"https:\/\/www.bellunopress.it\/wp-content\/uploads\/2024\/11\/premio-bellunesi-che-hanno-onorato-la-provincia-in-italia-e-nel-mondo_edited.jpg","contentUrl":"https:\/\/www.bellunopress.it\/wp-content\/uploads\/2024\/11\/premio-bellunesi-che-hanno-onorato-la-provincia-in-italia-e-nel-mondo_edited.jpg","width":1000,"height":707},{"@type":"BreadcrumbList","@id":"https:\/\/www.bellunopress.it\/2024\/11\/23\/premio-internazionale-bellunesi-che-onorano-la-provincia-in-italia-e-nel-mondo-oggi-la-cerimonia-a-seren-del-grappa\/#breadcrumb","itemListElement":[{"@type":"ListItem","position":1,"name":"Home","item":"https:\/\/www.bellunopress.it\/"},{"@type":"ListItem","position":2,"name":"Premio internazionale &#8220;Bellunesi che onorano la provincia in Italia e nel mondo&#8221;. Oggi la cerimonia a Seren del Grappa"}]},{"@type":"WebSite","@id":"https:\/\/www.bellunopress.it\/#website","url":"https:\/\/www.bellunopress.it\/","name":"Bellunopress - Dolomiti","description":"e-mail: redazione@bellunopress.it","publisher":{"@id":"https:\/\/www.bellunopress.it\/#organization"},"potentialAction":[{"@type":"SearchAction","target":{"@type":"EntryPoint","urlTemplate":"https:\/\/www.bellunopress.it\/?s={search_term_string}"},"query-input":{"@type":"PropertyValueSpecification","valueRequired":true,"valueName":"search_term_string"}}],"inLanguage":"fr-FR"},{"@type":"Organization","@id":"https:\/\/www.bellunopress.it\/#organization","name":"Bellunopress","url":"https:\/\/www.bellunopress.it\/","logo":{"@type":"ImageObject","inLanguage":"fr-FR","@id":"https:\/\/www.bellunopress.it\/#\/schema\/logo\/image\/","url":"https:\/\/www.bellunopress.it\/wp-content\/uploads\/2011\/05\/cropped-logo-bellunopress-.jpg","contentUrl":"https:\/\/www.bellunopress.it\/wp-content\/uploads\/2011\/05\/cropped-logo-bellunopress-.jpg","width":512,"height":512,"caption":"Bellunopress"},"image":{"@id":"https:\/\/www.bellunopress.it\/#\/schema\/logo\/image\/"},"sameAs":["https:\/\/www.facebook.com\/profile.php?id=100008943462799","https:\/\/x.com\/bellunopress","https:\/\/www.linkedin.com\/hp\/?dnr=JBzUWaJfMUw8vbXJJ2tVW5-I3jZKvC4wsoxE&amp;amp;amp;amp;amp;amp;trk=nav_responsive_tab_home","https:\/\/www.youtube.com\/channel\/UCxL0wu1uN0_3_7hGG0306cw"]},{"@type":"Person","@id":"https:\/\/www.bellunopress.it\/#\/schema\/person\/79bb06722b37ece1c03d3e94beb30d73","name":"r\u00e9daction","image":{"@type":"ImageObject","inLanguage":"fr-FR","@id":"https:\/\/secure.gravatar.com\/avatar\/37d968a2e67a6fd04c169c4bdef102d0bc5d31b2546345219e348575eb80e9a0?s=96&d=mm&r=g","url":"https:\/\/secure.gravatar.com\/avatar\/37d968a2e67a6fd04c169c4bdef102d0bc5d31b2546345219e348575eb80e9a0?s=96&d=mm&r=g","contentUrl":"https:\/\/secure.gravatar.com\/avatar\/37d968a2e67a6fd04c169c4bdef102d0bc5d31b2546345219e348575eb80e9a0?s=96&d=mm&r=g","caption":"redazione"},"sameAs":["http:\/\/www.bellunopress.it","https:\/\/x.com\/bellunopress"],"url":"https:\/\/www.bellunopress.it\/fr\/author\/redazione\/"}]}},"_links":{"self":[{"href":"https:\/\/www.bellunopress.it\/fr\/wp-json\/wp\/v2\/posts\/155736","targetHints":{"allow":["GET"]}}],"collection":[{"href":"https:\/\/www.bellunopress.it\/fr\/wp-json\/wp\/v2\/posts"}],"about":[{"href":"https:\/\/www.bellunopress.it\/fr\/wp-json\/wp\/v2\/types\/post"}],"author":[{"embeddable":true,"href":"https:\/\/www.bellunopress.it\/fr\/wp-json\/wp\/v2\/users\/2"}],"replies":[{"embeddable":true,"href":"https:\/\/www.bellunopress.it\/fr\/wp-json\/wp\/v2\/comments?post=155736"}],"version-history":[{"count":1,"href":"https:\/\/www.bellunopress.it\/fr\/wp-json\/wp\/v2\/posts\/155736\/revisions"}],"predecessor-version":[{"id":155738,"href":"https:\/\/www.bellunopress.it\/fr\/wp-json\/wp\/v2\/posts\/155736\/revisions\/155738"}],"wp:featuredmedia":[{"embeddable":true,"href":"https:\/\/www.bellunopress.it\/fr\/wp-json\/wp\/v2\/media\/155737"}],"wp:attachment":[{"href":"https:\/\/www.bellunopress.it\/fr\/wp-json\/wp\/v2\/media?parent=155736"}],"wp:term":[{"taxonomy":"category","embeddable":true,"href":"https:\/\/www.bellunopress.it\/fr\/wp-json\/wp\/v2\/categories?post=155736"},{"taxonomy":"post_tag","embeddable":true,"href":"https:\/\/www.bellunopress.it\/fr\/wp-json\/wp\/v2\/tags?post=155736"}],"curies":[{"name":"wp","href":"https:\/\/api.w.org\/{rel}","templated":true}]}}