{"id":155734,"date":"2024-11-23T11:04:38","date_gmt":"2024-11-23T10:04:38","guid":{"rendered":"https:\/\/www.bellunopress.it\/?p=155734"},"modified":"2024-11-23T11:04:38","modified_gmt":"2024-11-23T10:04:38","slug":"olimpiadi-2026-bob-cortina-zanella-simico-ritiri-diffida-a-de-zanna-e-a-voci-di-cortina","status":"publish","type":"post","link":"https:\/\/www.bellunopress.it\/fr\/2024\/11\/23\/olimpiadi-2026-bob-cortina-zanella-simico-ritiri-diffida-a-de-zanna-e-a-voci-di-cortina\/","title":{"rendered":"Olimpiadi 2026. Bob Cortina. Zanella: Simico ritiri diffida a De Zanna e a &#8220;Voci di Cortina&#8221;"},"content":{"rendered":"<p><strong><img loading=\"lazy\" decoding=\"async\" class=\"aligncenter size-full wp-image-144179\" src=\"https:\/\/www.bellunopress.it\/wp-content\/uploads\/2023\/09\/Luana-Zanella-deputato.jpg\" alt=\"\" width=\"656\" height=\"513\" srcset=\"https:\/\/www.bellunopress.it\/wp-content\/uploads\/2023\/09\/Luana-Zanella-deputato.jpg 656w, https:\/\/www.bellunopress.it\/wp-content\/uploads\/2023\/09\/Luana-Zanella-deputato-500x391.jpg 500w, https:\/\/www.bellunopress.it\/wp-content\/uploads\/2023\/09\/Luana-Zanella-deputato-537x420.jpg 537w\" sizes=\"auto, (max-width: 656px) 100vw, 656px\" \/>\u00a0In questo Paese il dissenso \u00e8 a rischio<\/strong><\/p>\n<p>Roma 22 novembre 2024 &#8211;\u00a0 &#8220;La diffida alla consigliera De Zanna \u00e8 intollerabile e deve essere ritirata. In questo Paese deve essere garantito il diritto costituzionale di pensiero e di parola, di dissenso e opposizione&#8221;.<\/p>\n<p>Cos\u00ec Luana Zanella, capogruppo di AVS alla Camera dopo la lettera di diffida inviata dalla Societ\u00e0 infrastrutture Milano Cortina (Simico) alla consigliera comunale di Cortina, Roberta De Zanna (Cortina Bene Comune), e al quotidiano locale &#8216;Voci di Cortina&#8217; dove De Zanna ha pubblicato un intervento critico sulle conseguenze ambientali della costruzione della pista di bob. &#8220;Esprimo solidariet\u00e0 a De Zanna e alla testata coinvolta, e indignazione nei confronti del commissario di Simico che, anzich\u00e9 rispondere puntualmente alle contestazioni di una esponente delle istituzioni che sta svolgendo il suo ruolo di opposizione, usa il suo potere per reprimere e intimidire chi solleva dubbi e problemi.<\/p>\n<p>Il Comitato olimpico internazionale \u00e8 al corrente di questa situazione? Invieremo una lettera, visto che sono molto attenti, in genere, agli standard del rispetto dei diritti, ci aspettiamo un loro intervento&#8221;, ha concluso Zanella che annuncia inoltre una interrogazione al ministro della Giustizia.<\/p>","protected":false},"excerpt":{"rendered":"<p>\u00a0In questo Paese il dissenso \u00e8 a rischio Roma 22 novembre 2024 &#8211;\u00a0 &#8220;La diffida alla consigliera De Zanna \u00e8 intollerabile e deve essere ritirata. In questo Paese deve essere garantito il diritto costituzionale di pensiero e di parola, di dissenso e opposizione&#8221;. Cos\u00ec Luana Zanella, capogruppo di AVS alla Camera dopo la lettera di [&hellip;]<\/p>\n","protected":false},"author":2,"featured_media":144179,"comment_status":"closed","ping_status":"open","sticky":false,"template":"","format":"standard","meta":{"footnotes":""},"categories":[5,26],"tags":[],"class_list":["post-155734","post","type-post","status-publish","format-standard","has-post-thumbnail","category-cronaca","category-prima-pagina"],"yoast_head":"<!-- This site is optimized with the Yoast SEO plugin v28.4 - https:\/\/yoast.com\/product\/yoast-seo-wordpress\/ -->\n<title>Olimpiadi 2026. Bob Cortina. Zanella: Simico ritiri diffida a De Zanna e a &quot;Voci di Cortina&quot; - Bellunopress - Dolomiti<\/title>\n<meta name=\"robots\" content=\"index, follow, max-snippet:-1, max-image-preview:large, max-video-preview:-1\" \/>\n<link rel=\"canonical\" href=\"https:\/\/www.bellunopress.it\/fr\/2024\/11\/23\/olimpiadi-2026-bob-cortina-zanella-simico-ritiri-diffida-a-de-zanna-e-a-voci-di-cortina\/\" \/>\n<meta property=\"og:locale\" content=\"fr_FR\" \/>\n<meta property=\"og:type\" content=\"article\" \/>\n<meta property=\"og:title\" content=\"Olimpiadi 2026. Bob Cortina. Zanella: Simico ritiri diffida a De Zanna e a &quot;Voci di Cortina&quot; - Bellunopress - Dolomiti\" \/>\n<meta property=\"og:description\" content=\"\u00a0In questo Paese il dissenso \u00e8 a rischio Roma 22 novembre 2024 &#8211;\u00a0 &#8220;La diffida alla consigliera De Zanna \u00e8 intollerabile e deve essere ritirata. In questo Paese deve essere garantito il diritto costituzionale di pensiero e di parola, di dissenso e opposizione&#8221;. Cos\u00ec Luana Zanella, capogruppo di AVS alla Camera dopo la lettera di [&hellip;]\" \/>\n<meta property=\"og:url\" content=\"https:\/\/www.bellunopress.it\/fr\/2024\/11\/23\/olimpiadi-2026-bob-cortina-zanella-simico-ritiri-diffida-a-de-zanna-e-a-voci-di-cortina\/\" \/>\n<meta property=\"og:site_name\" content=\"Bellunopress - Dolomiti\" \/>\n<meta property=\"article:publisher\" content=\"https:\/\/www.facebook.com\/profile.php?id=100008943462799\" \/>\n<meta property=\"article:published_time\" content=\"2024-11-23T10:04:38+00:00\" \/>\n<meta property=\"og:image\" content=\"https:\/\/www.bellunopress.it\/wp-content\/uploads\/2023\/09\/Luana-Zanella-deputato.jpg\" \/>\n\t<meta property=\"og:image:width\" content=\"656\" \/>\n\t<meta property=\"og:image:height\" content=\"513\" \/>\n\t<meta property=\"og:image:type\" content=\"image\/jpeg\" \/>\n<meta name=\"author\" content=\"redazione\" \/>\n<meta name=\"twitter:card\" content=\"summary_large_image\" \/>\n<meta name=\"twitter:creator\" content=\"@bellunopress\" \/>\n<meta name=\"twitter:site\" content=\"@bellunopress\" \/>\n<meta name=\"twitter:label1\" content=\"\u00c9crit par\" \/>\n\t<meta name=\"twitter:data1\" content=\"redazione\" \/>\n\t<meta name=\"twitter:label2\" content=\"Dur\u00e9e de lecture estim\u00e9e\" \/>\n\t<meta name=\"twitter:data2\" content=\"1 minute\" \/>\n<script type=\"application\/ld+json\" class=\"yoast-schema-graph\">{\"@context\":\"https:\\\/\\\/schema.org\",\"@graph\":[{\"@type\":\"Article\",\"@id\":\"https:\\\/\\\/www.bellunopress.it\\\/2024\\\/11\\\/23\\\/olimpiadi-2026-bob-cortina-zanella-simico-ritiri-diffida-a-de-zanna-e-a-voci-di-cortina\\\/#article\",\"isPartOf\":{\"@id\":\"https:\\\/\\\/www.bellunopress.it\\\/2024\\\/11\\\/23\\\/olimpiadi-2026-bob-cortina-zanella-simico-ritiri-diffida-a-de-zanna-e-a-voci-di-cortina\\\/\"},\"author\":{\"name\":\"redazione\",\"@id\":\"https:\\\/\\\/www.bellunopress.it\\\/#\\\/schema\\\/person\\\/79bb06722b37ece1c03d3e94beb30d73\"},\"headline\":\"Olimpiadi 2026. Bob Cortina. Zanella: Simico ritiri diffida a De Zanna e a &#8220;Voci di Cortina&#8221;\",\"datePublished\":\"2024-11-23T10:04:38+00:00\",\"mainEntityOfPage\":{\"@id\":\"https:\\\/\\\/www.bellunopress.it\\\/2024\\\/11\\\/23\\\/olimpiadi-2026-bob-cortina-zanella-simico-ritiri-diffida-a-de-zanna-e-a-voci-di-cortina\\\/\"},\"wordCount\":200,\"publisher\":{\"@id\":\"https:\\\/\\\/www.bellunopress.it\\\/#organization\"},\"image\":{\"@id\":\"https:\\\/\\\/www.bellunopress.it\\\/2024\\\/11\\\/23\\\/olimpiadi-2026-bob-cortina-zanella-simico-ritiri-diffida-a-de-zanna-e-a-voci-di-cortina\\\/#primaryimage\"},\"thumbnailUrl\":\"https:\\\/\\\/www.bellunopress.it\\\/wp-content\\\/uploads\\\/2023\\\/09\\\/Luana-Zanella-deputato.jpg\",\"articleSection\":[\"Cronaca\\\/Politica\",\"Prima Pagina\"],\"inLanguage\":\"fr-FR\"},{\"@type\":\"WebPage\",\"@id\":\"https:\\\/\\\/www.bellunopress.it\\\/2024\\\/11\\\/23\\\/olimpiadi-2026-bob-cortina-zanella-simico-ritiri-diffida-a-de-zanna-e-a-voci-di-cortina\\\/\",\"url\":\"https:\\\/\\\/www.bellunopress.it\\\/2024\\\/11\\\/23\\\/olimpiadi-2026-bob-cortina-zanella-simico-ritiri-diffida-a-de-zanna-e-a-voci-di-cortina\\\/\",\"name\":\"Olimpiadi 2026. Bob Cortina. Zanella: Simico ritiri diffida a De Zanna e a \\\"Voci di Cortina\\\" - Bellunopress - Dolomiti\",\"isPartOf\":{\"@id\":\"https:\\\/\\\/www.bellunopress.it\\\/#website\"},\"primaryImageOfPage\":{\"@id\":\"https:\\\/\\\/www.bellunopress.it\\\/2024\\\/11\\\/23\\\/olimpiadi-2026-bob-cortina-zanella-simico-ritiri-diffida-a-de-zanna-e-a-voci-di-cortina\\\/#primaryimage\"},\"image\":{\"@id\":\"https:\\\/\\\/www.bellunopress.it\\\/2024\\\/11\\\/23\\\/olimpiadi-2026-bob-cortina-zanella-simico-ritiri-diffida-a-de-zanna-e-a-voci-di-cortina\\\/#primaryimage\"},\"thumbnailUrl\":\"https:\\\/\\\/www.bellunopress.it\\\/wp-content\\\/uploads\\\/2023\\\/09\\\/Luana-Zanella-deputato.jpg\",\"datePublished\":\"2024-11-23T10:04:38+00:00\",\"breadcrumb\":{\"@id\":\"https:\\\/\\\/www.bellunopress.it\\\/2024\\\/11\\\/23\\\/olimpiadi-2026-bob-cortina-zanella-simico-ritiri-diffida-a-de-zanna-e-a-voci-di-cortina\\\/#breadcrumb\"},\"inLanguage\":\"fr-FR\",\"potentialAction\":[{\"@type\":\"ReadAction\",\"target\":[\"https:\\\/\\\/www.bellunopress.it\\\/2024\\\/11\\\/23\\\/olimpiadi-2026-bob-cortina-zanella-simico-ritiri-diffida-a-de-zanna-e-a-voci-di-cortina\\\/\"]}]},{\"@type\":\"ImageObject\",\"inLanguage\":\"fr-FR\",\"@id\":\"https:\\\/\\\/www.bellunopress.it\\\/2024\\\/11\\\/23\\\/olimpiadi-2026-bob-cortina-zanella-simico-ritiri-diffida-a-de-zanna-e-a-voci-di-cortina\\\/#primaryimage\",\"url\":\"https:\\\/\\\/www.bellunopress.it\\\/wp-content\\\/uploads\\\/2023\\\/09\\\/Luana-Zanella-deputato.jpg\",\"contentUrl\":\"https:\\\/\\\/www.bellunopress.it\\\/wp-content\\\/uploads\\\/2023\\\/09\\\/Luana-Zanella-deputato.jpg\",\"width\":656,\"height\":513,\"caption\":\"Onorevole Luana Zanella, capogruppo di Alleanza Verdi Sinistra alla Camera dei Deputati\"},{\"@type\":\"BreadcrumbList\",\"@id\":\"https:\\\/\\\/www.bellunopress.it\\\/2024\\\/11\\\/23\\\/olimpiadi-2026-bob-cortina-zanella-simico-ritiri-diffida-a-de-zanna-e-a-voci-di-cortina\\\/#breadcrumb\",\"itemListElement\":[{\"@type\":\"ListItem\",\"position\":1,\"name\":\"Home\",\"item\":\"https:\\\/\\\/www.bellunopress.it\\\/\"},{\"@type\":\"ListItem\",\"position\":2,\"name\":\"Olimpiadi 2026. Bob Cortina. Zanella: Simico ritiri diffida a De Zanna e a &#8220;Voci di Cortina&#8221;\"}]},{\"@type\":\"WebSite\",\"@id\":\"https:\\\/\\\/www.bellunopress.it\\\/#website\",\"url\":\"https:\\\/\\\/www.bellunopress.it\\\/\",\"name\":\"Bellunopress - Dolomiti\",\"description\":\"e-mail: redazione@bellunopress.it\",\"publisher\":{\"@id\":\"https:\\\/\\\/www.bellunopress.it\\\/#organization\"},\"potentialAction\":[{\"@type\":\"SearchAction\",\"target\":{\"@type\":\"EntryPoint\",\"urlTemplate\":\"https:\\\/\\\/www.bellunopress.it\\\/?s={search_term_string}\"},\"query-input\":{\"@type\":\"PropertyValueSpecification\",\"valueRequired\":true,\"valueName\":\"search_term_string\"}}],\"inLanguage\":\"fr-FR\"},{\"@type\":\"Organization\",\"@id\":\"https:\\\/\\\/www.bellunopress.it\\\/#organization\",\"name\":\"Bellunopress\",\"url\":\"https:\\\/\\\/www.bellunopress.it\\\/\",\"logo\":{\"@type\":\"ImageObject\",\"inLanguage\":\"fr-FR\",\"@id\":\"https:\\\/\\\/www.bellunopress.it\\\/#\\\/schema\\\/logo\\\/image\\\/\",\"url\":\"https:\\\/\\\/www.bellunopress.it\\\/wp-content\\\/uploads\\\/2011\\\/05\\\/cropped-logo-bellunopress-.jpg\",\"contentUrl\":\"https:\\\/\\\/www.bellunopress.it\\\/wp-content\\\/uploads\\\/2011\\\/05\\\/cropped-logo-bellunopress-.jpg\",\"width\":512,\"height\":512,\"caption\":\"Bellunopress\"},\"image\":{\"@id\":\"https:\\\/\\\/www.bellunopress.it\\\/#\\\/schema\\\/logo\\\/image\\\/\"},\"sameAs\":[\"https:\\\/\\\/www.facebook.com\\\/profile.php?id=100008943462799\",\"https:\\\/\\\/x.com\\\/bellunopress\",\"https:\\\/\\\/www.linkedin.com\\\/hp\\\/?dnr=JBzUWaJfMUw8vbXJJ2tVW5-I3jZKvC4wsoxE&amp;amp;amp;amp;amp;amp;trk=nav_responsive_tab_home\",\"https:\\\/\\\/www.youtube.com\\\/channel\\\/UCxL0wu1uN0_3_7hGG0306cw\"]},{\"@type\":\"Person\",\"@id\":\"https:\\\/\\\/www.bellunopress.it\\\/#\\\/schema\\\/person\\\/79bb06722b37ece1c03d3e94beb30d73\",\"name\":\"redazione\",\"image\":{\"@type\":\"ImageObject\",\"inLanguage\":\"fr-FR\",\"@id\":\"https:\\\/\\\/secure.gravatar.com\\\/avatar\\\/37d968a2e67a6fd04c169c4bdef102d0bc5d31b2546345219e348575eb80e9a0?s=96&d=mm&r=g\",\"url\":\"https:\\\/\\\/secure.gravatar.com\\\/avatar\\\/37d968a2e67a6fd04c169c4bdef102d0bc5d31b2546345219e348575eb80e9a0?s=96&d=mm&r=g\",\"contentUrl\":\"https:\\\/\\\/secure.gravatar.com\\\/avatar\\\/37d968a2e67a6fd04c169c4bdef102d0bc5d31b2546345219e348575eb80e9a0?s=96&d=mm&r=g\",\"caption\":\"redazione\"},\"sameAs\":[\"http:\\\/\\\/www.bellunopress.it\",\"https:\\\/\\\/x.com\\\/bellunopress\"],\"url\":\"https:\\\/\\\/www.bellunopress.it\\\/fr\\\/author\\\/redazione\\\/\"}]}<\/script>\n<!-- \/ Yoast SEO plugin. -->","yoast_head_json":{"title":"Olimpiadi 2026. Bob Cortina. Zanella: Simico ritiri diffida a De Zanna e a \"Voci di Cortina\" - Bellunopress - Dolomiti","robots":{"index":"index","follow":"follow","max-snippet":"max-snippet:-1","max-image-preview":"max-image-preview:large","max-video-preview":"max-video-preview:-1"},"canonical":"https:\/\/www.bellunopress.it\/fr\/2024\/11\/23\/olimpiadi-2026-bob-cortina-zanella-simico-ritiri-diffida-a-de-zanna-e-a-voci-di-cortina\/","og_locale":"fr_FR","og_type":"article","og_title":"Olimpiadi 2026. Bob Cortina. Zanella: Simico ritiri diffida a De Zanna e a \"Voci di Cortina\" - Bellunopress - Dolomiti","og_description":"\u00a0In questo Paese il dissenso \u00e8 a rischio Roma 22 novembre 2024 &#8211;\u00a0 &#8220;La diffida alla consigliera De Zanna \u00e8 intollerabile e deve essere ritirata. In questo Paese deve essere garantito il diritto costituzionale di pensiero e di parola, di dissenso e opposizione&#8221;. Cos\u00ec Luana Zanella, capogruppo di AVS alla Camera dopo la lettera di [&hellip;]","og_url":"https:\/\/www.bellunopress.it\/fr\/2024\/11\/23\/olimpiadi-2026-bob-cortina-zanella-simico-ritiri-diffida-a-de-zanna-e-a-voci-di-cortina\/","og_site_name":"Bellunopress - Dolomiti","article_publisher":"https:\/\/www.facebook.com\/profile.php?id=100008943462799","article_published_time":"2024-11-23T10:04:38+00:00","og_image":[{"width":656,"height":513,"url":"https:\/\/www.bellunopress.it\/wp-content\/uploads\/2023\/09\/Luana-Zanella-deputato.jpg","type":"image\/jpeg"}],"author":"redazione","twitter_card":"summary_large_image","twitter_creator":"@bellunopress","twitter_site":"@bellunopress","twitter_misc":{"\u00c9crit par":"redazione","Dur\u00e9e de lecture estim\u00e9e":"1 minute"},"schema":{"@context":"https:\/\/schema.org","@graph":[{"@type":"Article","@id":"https:\/\/www.bellunopress.it\/2024\/11\/23\/olimpiadi-2026-bob-cortina-zanella-simico-ritiri-diffida-a-de-zanna-e-a-voci-di-cortina\/#article","isPartOf":{"@id":"https:\/\/www.bellunopress.it\/2024\/11\/23\/olimpiadi-2026-bob-cortina-zanella-simico-ritiri-diffida-a-de-zanna-e-a-voci-di-cortina\/"},"author":{"name":"redazione","@id":"https:\/\/www.bellunopress.it\/#\/schema\/person\/79bb06722b37ece1c03d3e94beb30d73"},"headline":"Olimpiadi 2026. Bob Cortina. Zanella: Simico ritiri diffida a De Zanna e a &#8220;Voci di Cortina&#8221;","datePublished":"2024-11-23T10:04:38+00:00","mainEntityOfPage":{"@id":"https:\/\/www.bellunopress.it\/2024\/11\/23\/olimpiadi-2026-bob-cortina-zanella-simico-ritiri-diffida-a-de-zanna-e-a-voci-di-cortina\/"},"wordCount":200,"publisher":{"@id":"https:\/\/www.bellunopress.it\/#organization"},"image":{"@id":"https:\/\/www.bellunopress.it\/2024\/11\/23\/olimpiadi-2026-bob-cortina-zanella-simico-ritiri-diffida-a-de-zanna-e-a-voci-di-cortina\/#primaryimage"},"thumbnailUrl":"https:\/\/www.bellunopress.it\/wp-content\/uploads\/2023\/09\/Luana-Zanella-deputato.jpg","articleSection":["Cronaca\/Politica","Prima Pagina"],"inLanguage":"fr-FR"},{"@type":"WebPage","@id":"https:\/\/www.bellunopress.it\/2024\/11\/23\/olimpiadi-2026-bob-cortina-zanella-simico-ritiri-diffida-a-de-zanna-e-a-voci-di-cortina\/","url":"https:\/\/www.bellunopress.it\/2024\/11\/23\/olimpiadi-2026-bob-cortina-zanella-simico-ritiri-diffida-a-de-zanna-e-a-voci-di-cortina\/","name":"Olimpiadi 2026. Bob Cortina. Zanella: Simico ritiri diffida a De Zanna e a \"Voci di Cortina\" - Bellunopress - Dolomiti","isPartOf":{"@id":"https:\/\/www.bellunopress.it\/#website"},"primaryImageOfPage":{"@id":"https:\/\/www.bellunopress.it\/2024\/11\/23\/olimpiadi-2026-bob-cortina-zanella-simico-ritiri-diffida-a-de-zanna-e-a-voci-di-cortina\/#primaryimage"},"image":{"@id":"https:\/\/www.bellunopress.it\/2024\/11\/23\/olimpiadi-2026-bob-cortina-zanella-simico-ritiri-diffida-a-de-zanna-e-a-voci-di-cortina\/#primaryimage"},"thumbnailUrl":"https:\/\/www.bellunopress.it\/wp-content\/uploads\/2023\/09\/Luana-Zanella-deputato.jpg","datePublished":"2024-11-23T10:04:38+00:00","breadcrumb":{"@id":"https:\/\/www.bellunopress.it\/2024\/11\/23\/olimpiadi-2026-bob-cortina-zanella-simico-ritiri-diffida-a-de-zanna-e-a-voci-di-cortina\/#breadcrumb"},"inLanguage":"fr-FR","potentialAction":[{"@type":"ReadAction","target":["https:\/\/www.bellunopress.it\/2024\/11\/23\/olimpiadi-2026-bob-cortina-zanella-simico-ritiri-diffida-a-de-zanna-e-a-voci-di-cortina\/"]}]},{"@type":"ImageObject","inLanguage":"fr-FR","@id":"https:\/\/www.bellunopress.it\/2024\/11\/23\/olimpiadi-2026-bob-cortina-zanella-simico-ritiri-diffida-a-de-zanna-e-a-voci-di-cortina\/#primaryimage","url":"https:\/\/www.bellunopress.it\/wp-content\/uploads\/2023\/09\/Luana-Zanella-deputato.jpg","contentUrl":"https:\/\/www.bellunopress.it\/wp-content\/uploads\/2023\/09\/Luana-Zanella-deputato.jpg","width":656,"height":513,"caption":"Onorevole Luana Zanella, capogruppo di Alleanza Verdi Sinistra alla Camera dei Deputati"},{"@type":"BreadcrumbList","@id":"https:\/\/www.bellunopress.it\/2024\/11\/23\/olimpiadi-2026-bob-cortina-zanella-simico-ritiri-diffida-a-de-zanna-e-a-voci-di-cortina\/#breadcrumb","itemListElement":[{"@type":"ListItem","position":1,"name":"Home","item":"https:\/\/www.bellunopress.it\/"},{"@type":"ListItem","position":2,"name":"Olimpiadi 2026. Bob Cortina. Zanella: Simico ritiri diffida a De Zanna e a &#8220;Voci di Cortina&#8221;"}]},{"@type":"WebSite","@id":"https:\/\/www.bellunopress.it\/#website","url":"https:\/\/www.bellunopress.it\/","name":"Bellunopress - Dolomiti","description":"e-mail: redazione@bellunopress.it","publisher":{"@id":"https:\/\/www.bellunopress.it\/#organization"},"potentialAction":[{"@type":"SearchAction","target":{"@type":"EntryPoint","urlTemplate":"https:\/\/www.bellunopress.it\/?s={search_term_string}"},"query-input":{"@type":"PropertyValueSpecification","valueRequired":true,"valueName":"search_term_string"}}],"inLanguage":"fr-FR"},{"@type":"Organization","@id":"https:\/\/www.bellunopress.it\/#organization","name":"Bellunopress","url":"https:\/\/www.bellunopress.it\/","logo":{"@type":"ImageObject","inLanguage":"fr-FR","@id":"https:\/\/www.bellunopress.it\/#\/schema\/logo\/image\/","url":"https:\/\/www.bellunopress.it\/wp-content\/uploads\/2011\/05\/cropped-logo-bellunopress-.jpg","contentUrl":"https:\/\/www.bellunopress.it\/wp-content\/uploads\/2011\/05\/cropped-logo-bellunopress-.jpg","width":512,"height":512,"caption":"Bellunopress"},"image":{"@id":"https:\/\/www.bellunopress.it\/#\/schema\/logo\/image\/"},"sameAs":["https:\/\/www.facebook.com\/profile.php?id=100008943462799","https:\/\/x.com\/bellunopress","https:\/\/www.linkedin.com\/hp\/?dnr=JBzUWaJfMUw8vbXJJ2tVW5-I3jZKvC4wsoxE&amp;amp;amp;amp;amp;amp;trk=nav_responsive_tab_home","https:\/\/www.youtube.com\/channel\/UCxL0wu1uN0_3_7hGG0306cw"]},{"@type":"Person","@id":"https:\/\/www.bellunopress.it\/#\/schema\/person\/79bb06722b37ece1c03d3e94beb30d73","name":"r\u00e9daction","image":{"@type":"ImageObject","inLanguage":"fr-FR","@id":"https:\/\/secure.gravatar.com\/avatar\/37d968a2e67a6fd04c169c4bdef102d0bc5d31b2546345219e348575eb80e9a0?s=96&d=mm&r=g","url":"https:\/\/secure.gravatar.com\/avatar\/37d968a2e67a6fd04c169c4bdef102d0bc5d31b2546345219e348575eb80e9a0?s=96&d=mm&r=g","contentUrl":"https:\/\/secure.gravatar.com\/avatar\/37d968a2e67a6fd04c169c4bdef102d0bc5d31b2546345219e348575eb80e9a0?s=96&d=mm&r=g","caption":"redazione"},"sameAs":["http:\/\/www.bellunopress.it","https:\/\/x.com\/bellunopress"],"url":"https:\/\/www.bellunopress.it\/fr\/author\/redazione\/"}]}},"_links":{"self":[{"href":"https:\/\/www.bellunopress.it\/fr\/wp-json\/wp\/v2\/posts\/155734","targetHints":{"allow":["GET"]}}],"collection":[{"href":"https:\/\/www.bellunopress.it\/fr\/wp-json\/wp\/v2\/posts"}],"about":[{"href":"https:\/\/www.bellunopress.it\/fr\/wp-json\/wp\/v2\/types\/post"}],"author":[{"embeddable":true,"href":"https:\/\/www.bellunopress.it\/fr\/wp-json\/wp\/v2\/users\/2"}],"replies":[{"embeddable":true,"href":"https:\/\/www.bellunopress.it\/fr\/wp-json\/wp\/v2\/comments?post=155734"}],"version-history":[{"count":1,"href":"https:\/\/www.bellunopress.it\/fr\/wp-json\/wp\/v2\/posts\/155734\/revisions"}],"predecessor-version":[{"id":155735,"href":"https:\/\/www.bellunopress.it\/fr\/wp-json\/wp\/v2\/posts\/155734\/revisions\/155735"}],"wp:featuredmedia":[{"embeddable":true,"href":"https:\/\/www.bellunopress.it\/fr\/wp-json\/wp\/v2\/media\/144179"}],"wp:attachment":[{"href":"https:\/\/www.bellunopress.it\/fr\/wp-json\/wp\/v2\/media?parent=155734"}],"wp:term":[{"taxonomy":"category","embeddable":true,"href":"https:\/\/www.bellunopress.it\/fr\/wp-json\/wp\/v2\/categories?post=155734"},{"taxonomy":"post_tag","embeddable":true,"href":"https:\/\/www.bellunopress.it\/fr\/wp-json\/wp\/v2\/tags?post=155734"}],"curies":[{"name":"wp","href":"https:\/\/api.w.org\/{rel}","templated":true}]}}