{"id":155732,"date":"2024-11-23T10:54:22","date_gmt":"2024-11-23T09:54:22","guid":{"rendered":"https:\/\/www.bellunopress.it\/?p=155732"},"modified":"2024-11-23T10:54:22","modified_gmt":"2024-11-23T09:54:22","slug":"venerdi-mattina-la-riunione-del-consiglio-comunale-di-belluno","status":"publish","type":"post","link":"https:\/\/www.bellunopress.it\/fr\/2024\/11\/23\/venerdi-mattina-la-riunione-del-consiglio-comunale-di-belluno\/","title":{"rendered":"Venerd\u00ec mattina la riunione del Consiglio comunale di Belluno"},"content":{"rendered":"<figure id=\"attachment_112706\" aria-describedby=\"caption-attachment-112706\" style=\"width: 900px\" class=\"wp-caption aligncenter\"><img loading=\"lazy\" decoding=\"async\" class=\"size-full wp-image-112706\" src=\"https:\/\/www.bellunopress.it\/wp-content\/uploads\/2020\/03\/palazzo-rosso-notte.jpg\" alt=\"\" width=\"900\" height=\"688\" srcset=\"https:\/\/www.bellunopress.it\/wp-content\/uploads\/2020\/03\/palazzo-rosso-notte.jpg 900w, https:\/\/www.bellunopress.it\/wp-content\/uploads\/2020\/03\/palazzo-rosso-notte-500x382.jpg 500w, https:\/\/www.bellunopress.it\/wp-content\/uploads\/2020\/03\/palazzo-rosso-notte-696x532.jpg 696w, https:\/\/www.bellunopress.it\/wp-content\/uploads\/2020\/03\/palazzo-rosso-notte-549x420.jpg 549w, https:\/\/www.bellunopress.it\/wp-content\/uploads\/2020\/03\/palazzo-rosso-notte-80x60.jpg 80w\" sizes=\"auto, (max-width: 900px) 100vw, 900px\" \/><figcaption id=\"caption-attachment-112706\" class=\"wp-caption-text\">Palazzo Rosso, sede dell&#8217;Amministrazione comunale di Belluno<\/figcaption><\/figure>\n<p>Si terr\u00e0 venerd\u00ec 29 novembre, alle ore 9.30, nella Sala consiliare di Palazzo Rosso, in Piazza Duomo 1, la riunione del Consiglio comunale, per la trattazione dei seguenti punti all&#8217;ordine del giorno:<\/p>\n<p>1. Processo verbale della seduta del Consiglio comunale del 28 giugno 2024 &#8211;<br \/>\nApprovazione ai sensi dell&#8217;art. 56 del Regolamento per il funzionamento del Consiglio<br \/>\ncomunale.<br \/>\n2. Processo verbale della seduta del Consiglio comunale del 30 luglio 2024 &#8211;<br \/>\nApprovazione ai sensi dell&#8217;art. 56 del Regolamento per il funzionamento del Consiglio<br \/>\ncomunale.<br \/>\n3. Concessione della cittadinanza onoraria al Corpo nazionale Soccorso alpino e<br \/>\nspeleologico e alle sue articolazioni territoriali &#8211; Soccorso alpino e speleologico Veneto<br \/>\n&#8211; 2^ Zona Delegazione Dolomiti bellunesi &#8211; Stazione di Belluno.<br \/>\n4. R.G. 368\/2021 Corte d&#8217;Appello di Venezia &#8211; Sentenza n. 524\/2024 &#8211;<br \/>\nRiconoscimento debito fuori bilancio.<br \/>\n5. Variazione al bilancio di previsione 2024\/2026 e documenti correlati:<br \/>\napprovazione.<br \/>\n6. Addizionale comunale all&#8217;imposta sul reddito delle persone fisiche. Modifica<br \/>\nRegolamento.<br \/>\n7. Aliquote e detrazioni dell&#8217;imposta municipale propria (IMU) 2025 &#8211; approvazione.<br \/>\n8. Verifica quantit\u00e0 e qualit\u00e0 di aree e fabbricati da destinarsi alla residenza, alle<br \/>\nattivit\u00e0 produttive e terziarie, ai sensi delle leggi del 18\/04\/1962 n. 167, del<br \/>\n22\/10\/1971 n. 865 e del 05\/08\/1978 n. 457 &#8211; Presa atto non disponibilit\u00e0 aree e<br \/>\nfabbricati.<br \/>\n9. Tariffe palazzo Crepadona, modifica delle tariffe d&#8217;ingresso al Museo in caso di<br \/>\nmostra temporanea e modifica del Regolamento per l&#8217;utilizzo delle sale e spazi<br \/>\ncomunali.<br \/>\n10. Approvazione della nota di aggiornamento al Documento Unico di<br \/>\nProgrammazione 2025-2027.<br \/>\n11. Programma triennale OO.PP. 2025\/2027 ed elenco annuale 2025 \u2013 Approvazione.<br \/>\n12. Approvazione del bilancio di previsione per il triennio 2025 \u2013 2027 e relativi<br \/>\nallegati.<br \/>\n13. Edificio sito in via San Martino, in localit\u00e0 Castoi, censito catastalmente al fg. 108<br \/>\nmappale 78 &#8211; variazione grado di protezione 6, ai sensi dell&#8217;art.1.4 delle N.T.A. Del<br \/>\nP.I. (ex PRG) variante relativa alla citt\u00e0 e centri frazionali.<br \/>\n14. Ente di Gverno del Trasporto pubblico locale del bacino territoriale ottimale e<br \/>\nomogeneo di Belluno. Rinnovo convenzione per l&#8217;esercizio delle funzioni<br \/>\namministrative &#8211; approvazione schema di convenzione.<br \/>\n15. Interrogazione presentata dai consiglieri comunali Mirco Costa, Riccardo Samaria,<br \/>\nGiuseppe Vignato (Valore comune), a oggetto: \u201cL\u2019Amministrazione ha concordato<br \/>\nl\u2019esclusione del rappresentante del comune di Belluno dal direttivo del Consiglio di<br \/>\nbacino \u201cDolomiti bellunesi\u201d relativo al servizio idrico integrato provinciale?\u201d<br \/>\n16. Interrogazione presentata dai consiglieri comunali Mirco costa, Riccardo Samaria,<br \/>\nGiuseppe Vignato (Valore comune), a oggetto: \u201cPonte Bailey in scadenza, quale<br \/>\nfuturo?\u201d<br \/>\n17. Interrogazione presentata dai consiglieri comunali Riccardo Samaria (Valore<br \/>\ncomune), Massimo Garzotto (Belluno al centro), a oggetto: \u201cUnione montana<br \/>\nbellunese, quale futuro?\u201d<br \/>\n18. Interrogazione presentata dal consigliere comunale Lucia Olivotto (Insieme per<br \/>\nBelluno Bene comune), a oggetto: \u201cCome funziona la bollettazione dei rifiuti del<br \/>\n2024?\u201d<br \/>\nLa seduta del Consiglio verr\u00e0 trasmessa in diretta e potr\u00e0 essere seguita dal canale<br \/>\nYouTube del Comune di Belluno, all\u2019indirizzo:<br \/>\nhttps:\/\/www.youtube.com\/comunebelluno<\/p>","protected":false},"excerpt":{"rendered":"<p>Si terr\u00e0 venerd\u00ec 29 novembre, alle ore 9.30, nella Sala consiliare di Palazzo Rosso, in Piazza Duomo 1, la riunione del Consiglio comunale, per la trattazione dei seguenti punti all&#8217;ordine del giorno: 1. Processo verbale della seduta del Consiglio comunale del 28 giugno 2024 &#8211; Approvazione ai sensi dell&#8217;art. 56 del Regolamento per il funzionamento [&hellip;]<\/p>\n","protected":false},"author":2,"featured_media":112706,"comment_status":"closed","ping_status":"open","sticky":false,"template":"","format":"standard","meta":{"footnotes":""},"categories":[5,26,50],"tags":[],"class_list":["post-155732","post","type-post","status-publish","format-standard","has-post-thumbnail","category-cronaca","category-prima-pagina","category-pubbliredazionali"],"yoast_head":"<!-- This site is optimized with the Yoast SEO plugin v28.4 - https:\/\/yoast.com\/product\/yoast-seo-wordpress\/ -->\n<title>Venerd\u00ec mattina la riunione del Consiglio comunale di Belluno - Bellunopress - Dolomiti<\/title>\n<meta name=\"robots\" content=\"index, follow, max-snippet:-1, max-image-preview:large, max-video-preview:-1\" \/>\n<link rel=\"canonical\" href=\"https:\/\/www.bellunopress.it\/fr\/2024\/11\/23\/venerdi-mattina-la-riunione-del-consiglio-comunale-di-belluno\/\" \/>\n<meta property=\"og:locale\" content=\"fr_FR\" \/>\n<meta property=\"og:type\" content=\"article\" \/>\n<meta property=\"og:title\" content=\"Venerd\u00ec mattina la riunione del Consiglio comunale di Belluno - Bellunopress - Dolomiti\" \/>\n<meta property=\"og:description\" content=\"Si terr\u00e0 venerd\u00ec 29 novembre, alle ore 9.30, nella Sala consiliare di Palazzo Rosso, in Piazza Duomo 1, la riunione del Consiglio comunale, per la trattazione dei seguenti punti all&#8217;ordine del giorno: 1. Processo verbale della seduta del Consiglio comunale del 28 giugno 2024 &#8211; Approvazione ai sensi dell&#8217;art. 56 del Regolamento per il funzionamento [&hellip;]\" \/>\n<meta property=\"og:url\" content=\"https:\/\/www.bellunopress.it\/fr\/2024\/11\/23\/venerdi-mattina-la-riunione-del-consiglio-comunale-di-belluno\/\" \/>\n<meta property=\"og:site_name\" content=\"Bellunopress - Dolomiti\" \/>\n<meta property=\"article:publisher\" content=\"https:\/\/www.facebook.com\/profile.php?id=100008943462799\" \/>\n<meta property=\"article:published_time\" content=\"2024-11-23T09:54:22+00:00\" \/>\n<meta property=\"og:image\" content=\"https:\/\/www.bellunopress.it\/wp-content\/uploads\/2020\/03\/palazzo-rosso-notte.jpg\" \/>\n\t<meta property=\"og:image:width\" content=\"900\" \/>\n\t<meta property=\"og:image:height\" content=\"688\" \/>\n\t<meta property=\"og:image:type\" content=\"image\/jpeg\" \/>\n<meta name=\"author\" content=\"redazione\" \/>\n<meta name=\"twitter:card\" content=\"summary_large_image\" \/>\n<meta name=\"twitter:creator\" content=\"@bellunopress\" \/>\n<meta name=\"twitter:site\" content=\"@bellunopress\" \/>\n<meta name=\"twitter:label1\" content=\"\u00c9crit par\" \/>\n\t<meta name=\"twitter:data1\" content=\"redazione\" \/>\n\t<meta name=\"twitter:label2\" content=\"Dur\u00e9e de lecture estim\u00e9e\" \/>\n\t<meta name=\"twitter:data2\" content=\"2 minutes\" \/>\n<script type=\"application\/ld+json\" class=\"yoast-schema-graph\">{\"@context\":\"https:\\\/\\\/schema.org\",\"@graph\":[{\"@type\":\"Article\",\"@id\":\"https:\\\/\\\/www.bellunopress.it\\\/2024\\\/11\\\/23\\\/venerdi-mattina-la-riunione-del-consiglio-comunale-di-belluno\\\/#article\",\"isPartOf\":{\"@id\":\"https:\\\/\\\/www.bellunopress.it\\\/2024\\\/11\\\/23\\\/venerdi-mattina-la-riunione-del-consiglio-comunale-di-belluno\\\/\"},\"author\":{\"name\":\"redazione\",\"@id\":\"https:\\\/\\\/www.bellunopress.it\\\/#\\\/schema\\\/person\\\/79bb06722b37ece1c03d3e94beb30d73\"},\"headline\":\"Venerd\u00ec mattina la riunione del Consiglio comunale di Belluno\",\"datePublished\":\"2024-11-23T09:54:22+00:00\",\"mainEntityOfPage\":{\"@id\":\"https:\\\/\\\/www.bellunopress.it\\\/2024\\\/11\\\/23\\\/venerdi-mattina-la-riunione-del-consiglio-comunale-di-belluno\\\/\"},\"wordCount\":466,\"publisher\":{\"@id\":\"https:\\\/\\\/www.bellunopress.it\\\/#organization\"},\"image\":{\"@id\":\"https:\\\/\\\/www.bellunopress.it\\\/2024\\\/11\\\/23\\\/venerdi-mattina-la-riunione-del-consiglio-comunale-di-belluno\\\/#primaryimage\"},\"thumbnailUrl\":\"https:\\\/\\\/www.bellunopress.it\\\/wp-content\\\/uploads\\\/2020\\\/03\\\/palazzo-rosso-notte.jpg\",\"articleSection\":[\"Cronaca\\\/Politica\",\"Prima Pagina\",\"Pubbliredazionali\"],\"inLanguage\":\"fr-FR\"},{\"@type\":\"WebPage\",\"@id\":\"https:\\\/\\\/www.bellunopress.it\\\/2024\\\/11\\\/23\\\/venerdi-mattina-la-riunione-del-consiglio-comunale-di-belluno\\\/\",\"url\":\"https:\\\/\\\/www.bellunopress.it\\\/2024\\\/11\\\/23\\\/venerdi-mattina-la-riunione-del-consiglio-comunale-di-belluno\\\/\",\"name\":\"Venerd\u00ec mattina la riunione del Consiglio comunale di Belluno - Bellunopress - Dolomiti\",\"isPartOf\":{\"@id\":\"https:\\\/\\\/www.bellunopress.it\\\/#website\"},\"primaryImageOfPage\":{\"@id\":\"https:\\\/\\\/www.bellunopress.it\\\/2024\\\/11\\\/23\\\/venerdi-mattina-la-riunione-del-consiglio-comunale-di-belluno\\\/#primaryimage\"},\"image\":{\"@id\":\"https:\\\/\\\/www.bellunopress.it\\\/2024\\\/11\\\/23\\\/venerdi-mattina-la-riunione-del-consiglio-comunale-di-belluno\\\/#primaryimage\"},\"thumbnailUrl\":\"https:\\\/\\\/www.bellunopress.it\\\/wp-content\\\/uploads\\\/2020\\\/03\\\/palazzo-rosso-notte.jpg\",\"datePublished\":\"2024-11-23T09:54:22+00:00\",\"breadcrumb\":{\"@id\":\"https:\\\/\\\/www.bellunopress.it\\\/2024\\\/11\\\/23\\\/venerdi-mattina-la-riunione-del-consiglio-comunale-di-belluno\\\/#breadcrumb\"},\"inLanguage\":\"fr-FR\",\"potentialAction\":[{\"@type\":\"ReadAction\",\"target\":[\"https:\\\/\\\/www.bellunopress.it\\\/2024\\\/11\\\/23\\\/venerdi-mattina-la-riunione-del-consiglio-comunale-di-belluno\\\/\"]}]},{\"@type\":\"ImageObject\",\"inLanguage\":\"fr-FR\",\"@id\":\"https:\\\/\\\/www.bellunopress.it\\\/2024\\\/11\\\/23\\\/venerdi-mattina-la-riunione-del-consiglio-comunale-di-belluno\\\/#primaryimage\",\"url\":\"https:\\\/\\\/www.bellunopress.it\\\/wp-content\\\/uploads\\\/2020\\\/03\\\/palazzo-rosso-notte.jpg\",\"contentUrl\":\"https:\\\/\\\/www.bellunopress.it\\\/wp-content\\\/uploads\\\/2020\\\/03\\\/palazzo-rosso-notte.jpg\",\"width\":900,\"height\":688,\"caption\":\"Palazzo Rosso, sede dell'Amministrazione comunale di Belluno\"},{\"@type\":\"BreadcrumbList\",\"@id\":\"https:\\\/\\\/www.bellunopress.it\\\/2024\\\/11\\\/23\\\/venerdi-mattina-la-riunione-del-consiglio-comunale-di-belluno\\\/#breadcrumb\",\"itemListElement\":[{\"@type\":\"ListItem\",\"position\":1,\"name\":\"Home\",\"item\":\"https:\\\/\\\/www.bellunopress.it\\\/\"},{\"@type\":\"ListItem\",\"position\":2,\"name\":\"Venerd\u00ec mattina la riunione del Consiglio comunale di Belluno\"}]},{\"@type\":\"WebSite\",\"@id\":\"https:\\\/\\\/www.bellunopress.it\\\/#website\",\"url\":\"https:\\\/\\\/www.bellunopress.it\\\/\",\"name\":\"Bellunopress - Dolomiti\",\"description\":\"e-mail: redazione@bellunopress.it\",\"publisher\":{\"@id\":\"https:\\\/\\\/www.bellunopress.it\\\/#organization\"},\"potentialAction\":[{\"@type\":\"SearchAction\",\"target\":{\"@type\":\"EntryPoint\",\"urlTemplate\":\"https:\\\/\\\/www.bellunopress.it\\\/?s={search_term_string}\"},\"query-input\":{\"@type\":\"PropertyValueSpecification\",\"valueRequired\":true,\"valueName\":\"search_term_string\"}}],\"inLanguage\":\"fr-FR\"},{\"@type\":\"Organization\",\"@id\":\"https:\\\/\\\/www.bellunopress.it\\\/#organization\",\"name\":\"Bellunopress\",\"url\":\"https:\\\/\\\/www.bellunopress.it\\\/\",\"logo\":{\"@type\":\"ImageObject\",\"inLanguage\":\"fr-FR\",\"@id\":\"https:\\\/\\\/www.bellunopress.it\\\/#\\\/schema\\\/logo\\\/image\\\/\",\"url\":\"https:\\\/\\\/www.bellunopress.it\\\/wp-content\\\/uploads\\\/2011\\\/05\\\/cropped-logo-bellunopress-.jpg\",\"contentUrl\":\"https:\\\/\\\/www.bellunopress.it\\\/wp-content\\\/uploads\\\/2011\\\/05\\\/cropped-logo-bellunopress-.jpg\",\"width\":512,\"height\":512,\"caption\":\"Bellunopress\"},\"image\":{\"@id\":\"https:\\\/\\\/www.bellunopress.it\\\/#\\\/schema\\\/logo\\\/image\\\/\"},\"sameAs\":[\"https:\\\/\\\/www.facebook.com\\\/profile.php?id=100008943462799\",\"https:\\\/\\\/x.com\\\/bellunopress\",\"https:\\\/\\\/www.linkedin.com\\\/hp\\\/?dnr=JBzUWaJfMUw8vbXJJ2tVW5-I3jZKvC4wsoxE&amp;amp;amp;amp;amp;amp;trk=nav_responsive_tab_home\",\"https:\\\/\\\/www.youtube.com\\\/channel\\\/UCxL0wu1uN0_3_7hGG0306cw\"]},{\"@type\":\"Person\",\"@id\":\"https:\\\/\\\/www.bellunopress.it\\\/#\\\/schema\\\/person\\\/79bb06722b37ece1c03d3e94beb30d73\",\"name\":\"redazione\",\"image\":{\"@type\":\"ImageObject\",\"inLanguage\":\"fr-FR\",\"@id\":\"https:\\\/\\\/secure.gravatar.com\\\/avatar\\\/37d968a2e67a6fd04c169c4bdef102d0bc5d31b2546345219e348575eb80e9a0?s=96&d=mm&r=g\",\"url\":\"https:\\\/\\\/secure.gravatar.com\\\/avatar\\\/37d968a2e67a6fd04c169c4bdef102d0bc5d31b2546345219e348575eb80e9a0?s=96&d=mm&r=g\",\"contentUrl\":\"https:\\\/\\\/secure.gravatar.com\\\/avatar\\\/37d968a2e67a6fd04c169c4bdef102d0bc5d31b2546345219e348575eb80e9a0?s=96&d=mm&r=g\",\"caption\":\"redazione\"},\"sameAs\":[\"http:\\\/\\\/www.bellunopress.it\",\"https:\\\/\\\/x.com\\\/bellunopress\"],\"url\":\"https:\\\/\\\/www.bellunopress.it\\\/fr\\\/author\\\/redazione\\\/\"}]}<\/script>\n<!-- \/ Yoast SEO plugin. -->","yoast_head_json":{"title":"Venerd\u00ec mattina la riunione del Consiglio comunale di Belluno - Bellunopress - Dolomiti","robots":{"index":"index","follow":"follow","max-snippet":"max-snippet:-1","max-image-preview":"max-image-preview:large","max-video-preview":"max-video-preview:-1"},"canonical":"https:\/\/www.bellunopress.it\/fr\/2024\/11\/23\/venerdi-mattina-la-riunione-del-consiglio-comunale-di-belluno\/","og_locale":"fr_FR","og_type":"article","og_title":"Venerd\u00ec mattina la riunione del Consiglio comunale di Belluno - Bellunopress - Dolomiti","og_description":"Si terr\u00e0 venerd\u00ec 29 novembre, alle ore 9.30, nella Sala consiliare di Palazzo Rosso, in Piazza Duomo 1, la riunione del Consiglio comunale, per la trattazione dei seguenti punti all&#8217;ordine del giorno: 1. Processo verbale della seduta del Consiglio comunale del 28 giugno 2024 &#8211; Approvazione ai sensi dell&#8217;art. 56 del Regolamento per il funzionamento [&hellip;]","og_url":"https:\/\/www.bellunopress.it\/fr\/2024\/11\/23\/venerdi-mattina-la-riunione-del-consiglio-comunale-di-belluno\/","og_site_name":"Bellunopress - Dolomiti","article_publisher":"https:\/\/www.facebook.com\/profile.php?id=100008943462799","article_published_time":"2024-11-23T09:54:22+00:00","og_image":[{"width":900,"height":688,"url":"https:\/\/www.bellunopress.it\/wp-content\/uploads\/2020\/03\/palazzo-rosso-notte.jpg","type":"image\/jpeg"}],"author":"redazione","twitter_card":"summary_large_image","twitter_creator":"@bellunopress","twitter_site":"@bellunopress","twitter_misc":{"\u00c9crit par":"redazione","Dur\u00e9e de lecture estim\u00e9e":"2 minutes"},"schema":{"@context":"https:\/\/schema.org","@graph":[{"@type":"Article","@id":"https:\/\/www.bellunopress.it\/2024\/11\/23\/venerdi-mattina-la-riunione-del-consiglio-comunale-di-belluno\/#article","isPartOf":{"@id":"https:\/\/www.bellunopress.it\/2024\/11\/23\/venerdi-mattina-la-riunione-del-consiglio-comunale-di-belluno\/"},"author":{"name":"redazione","@id":"https:\/\/www.bellunopress.it\/#\/schema\/person\/79bb06722b37ece1c03d3e94beb30d73"},"headline":"Venerd\u00ec mattina la riunione del Consiglio comunale di Belluno","datePublished":"2024-11-23T09:54:22+00:00","mainEntityOfPage":{"@id":"https:\/\/www.bellunopress.it\/2024\/11\/23\/venerdi-mattina-la-riunione-del-consiglio-comunale-di-belluno\/"},"wordCount":466,"publisher":{"@id":"https:\/\/www.bellunopress.it\/#organization"},"image":{"@id":"https:\/\/www.bellunopress.it\/2024\/11\/23\/venerdi-mattina-la-riunione-del-consiglio-comunale-di-belluno\/#primaryimage"},"thumbnailUrl":"https:\/\/www.bellunopress.it\/wp-content\/uploads\/2020\/03\/palazzo-rosso-notte.jpg","articleSection":["Cronaca\/Politica","Prima Pagina","Pubbliredazionali"],"inLanguage":"fr-FR"},{"@type":"WebPage","@id":"https:\/\/www.bellunopress.it\/2024\/11\/23\/venerdi-mattina-la-riunione-del-consiglio-comunale-di-belluno\/","url":"https:\/\/www.bellunopress.it\/2024\/11\/23\/venerdi-mattina-la-riunione-del-consiglio-comunale-di-belluno\/","name":"Venerd\u00ec mattina la riunione del Consiglio comunale di Belluno - Bellunopress - Dolomiti","isPartOf":{"@id":"https:\/\/www.bellunopress.it\/#website"},"primaryImageOfPage":{"@id":"https:\/\/www.bellunopress.it\/2024\/11\/23\/venerdi-mattina-la-riunione-del-consiglio-comunale-di-belluno\/#primaryimage"},"image":{"@id":"https:\/\/www.bellunopress.it\/2024\/11\/23\/venerdi-mattina-la-riunione-del-consiglio-comunale-di-belluno\/#primaryimage"},"thumbnailUrl":"https:\/\/www.bellunopress.it\/wp-content\/uploads\/2020\/03\/palazzo-rosso-notte.jpg","datePublished":"2024-11-23T09:54:22+00:00","breadcrumb":{"@id":"https:\/\/www.bellunopress.it\/2024\/11\/23\/venerdi-mattina-la-riunione-del-consiglio-comunale-di-belluno\/#breadcrumb"},"inLanguage":"fr-FR","potentialAction":[{"@type":"ReadAction","target":["https:\/\/www.bellunopress.it\/2024\/11\/23\/venerdi-mattina-la-riunione-del-consiglio-comunale-di-belluno\/"]}]},{"@type":"ImageObject","inLanguage":"fr-FR","@id":"https:\/\/www.bellunopress.it\/2024\/11\/23\/venerdi-mattina-la-riunione-del-consiglio-comunale-di-belluno\/#primaryimage","url":"https:\/\/www.bellunopress.it\/wp-content\/uploads\/2020\/03\/palazzo-rosso-notte.jpg","contentUrl":"https:\/\/www.bellunopress.it\/wp-content\/uploads\/2020\/03\/palazzo-rosso-notte.jpg","width":900,"height":688,"caption":"Palazzo Rosso, sede dell'Amministrazione comunale di Belluno"},{"@type":"BreadcrumbList","@id":"https:\/\/www.bellunopress.it\/2024\/11\/23\/venerdi-mattina-la-riunione-del-consiglio-comunale-di-belluno\/#breadcrumb","itemListElement":[{"@type":"ListItem","position":1,"name":"Home","item":"https:\/\/www.bellunopress.it\/"},{"@type":"ListItem","position":2,"name":"Venerd\u00ec mattina la riunione del Consiglio comunale di Belluno"}]},{"@type":"WebSite","@id":"https:\/\/www.bellunopress.it\/#website","url":"https:\/\/www.bellunopress.it\/","name":"Bellunopress - Dolomiti","description":"e-mail: redazione@bellunopress.it","publisher":{"@id":"https:\/\/www.bellunopress.it\/#organization"},"potentialAction":[{"@type":"SearchAction","target":{"@type":"EntryPoint","urlTemplate":"https:\/\/www.bellunopress.it\/?s={search_term_string}"},"query-input":{"@type":"PropertyValueSpecification","valueRequired":true,"valueName":"search_term_string"}}],"inLanguage":"fr-FR"},{"@type":"Organization","@id":"https:\/\/www.bellunopress.it\/#organization","name":"Bellunopress","url":"https:\/\/www.bellunopress.it\/","logo":{"@type":"ImageObject","inLanguage":"fr-FR","@id":"https:\/\/www.bellunopress.it\/#\/schema\/logo\/image\/","url":"https:\/\/www.bellunopress.it\/wp-content\/uploads\/2011\/05\/cropped-logo-bellunopress-.jpg","contentUrl":"https:\/\/www.bellunopress.it\/wp-content\/uploads\/2011\/05\/cropped-logo-bellunopress-.jpg","width":512,"height":512,"caption":"Bellunopress"},"image":{"@id":"https:\/\/www.bellunopress.it\/#\/schema\/logo\/image\/"},"sameAs":["https:\/\/www.facebook.com\/profile.php?id=100008943462799","https:\/\/x.com\/bellunopress","https:\/\/www.linkedin.com\/hp\/?dnr=JBzUWaJfMUw8vbXJJ2tVW5-I3jZKvC4wsoxE&amp;amp;amp;amp;amp;amp;trk=nav_responsive_tab_home","https:\/\/www.youtube.com\/channel\/UCxL0wu1uN0_3_7hGG0306cw"]},{"@type":"Person","@id":"https:\/\/www.bellunopress.it\/#\/schema\/person\/79bb06722b37ece1c03d3e94beb30d73","name":"r\u00e9daction","image":{"@type":"ImageObject","inLanguage":"fr-FR","@id":"https:\/\/secure.gravatar.com\/avatar\/37d968a2e67a6fd04c169c4bdef102d0bc5d31b2546345219e348575eb80e9a0?s=96&d=mm&r=g","url":"https:\/\/secure.gravatar.com\/avatar\/37d968a2e67a6fd04c169c4bdef102d0bc5d31b2546345219e348575eb80e9a0?s=96&d=mm&r=g","contentUrl":"https:\/\/secure.gravatar.com\/avatar\/37d968a2e67a6fd04c169c4bdef102d0bc5d31b2546345219e348575eb80e9a0?s=96&d=mm&r=g","caption":"redazione"},"sameAs":["http:\/\/www.bellunopress.it","https:\/\/x.com\/bellunopress"],"url":"https:\/\/www.bellunopress.it\/fr\/author\/redazione\/"}]}},"_links":{"self":[{"href":"https:\/\/www.bellunopress.it\/fr\/wp-json\/wp\/v2\/posts\/155732","targetHints":{"allow":["GET"]}}],"collection":[{"href":"https:\/\/www.bellunopress.it\/fr\/wp-json\/wp\/v2\/posts"}],"about":[{"href":"https:\/\/www.bellunopress.it\/fr\/wp-json\/wp\/v2\/types\/post"}],"author":[{"embeddable":true,"href":"https:\/\/www.bellunopress.it\/fr\/wp-json\/wp\/v2\/users\/2"}],"replies":[{"embeddable":true,"href":"https:\/\/www.bellunopress.it\/fr\/wp-json\/wp\/v2\/comments?post=155732"}],"version-history":[{"count":1,"href":"https:\/\/www.bellunopress.it\/fr\/wp-json\/wp\/v2\/posts\/155732\/revisions"}],"predecessor-version":[{"id":155733,"href":"https:\/\/www.bellunopress.it\/fr\/wp-json\/wp\/v2\/posts\/155732\/revisions\/155733"}],"wp:featuredmedia":[{"embeddable":true,"href":"https:\/\/www.bellunopress.it\/fr\/wp-json\/wp\/v2\/media\/112706"}],"wp:attachment":[{"href":"https:\/\/www.bellunopress.it\/fr\/wp-json\/wp\/v2\/media?parent=155732"}],"wp:term":[{"taxonomy":"category","embeddable":true,"href":"https:\/\/www.bellunopress.it\/fr\/wp-json\/wp\/v2\/categories?post=155732"},{"taxonomy":"post_tag","embeddable":true,"href":"https:\/\/www.bellunopress.it\/fr\/wp-json\/wp\/v2\/tags?post=155732"}],"curies":[{"name":"wp","href":"https:\/\/api.w.org\/{rel}","templated":true}]}}