{"id":155726,"date":"2024-11-22T16:13:48","date_gmt":"2024-11-22T15:13:48","guid":{"rendered":"https:\/\/www.bellunopress.it\/?p=155726"},"modified":"2024-11-22T16:13:48","modified_gmt":"2024-11-22T15:13:48","slug":"diga-vanoi-la-provincia-in-attesa-delle-risposte-del-consorzio-brenta","status":"publish","type":"post","link":"https:\/\/www.bellunopress.it\/fr\/2024\/11\/22\/diga-vanoi-la-provincia-in-attesa-delle-risposte-del-consorzio-brenta\/","title":{"rendered":"Diga Vanoi, la Provincia in attesa delle risposte del Consorzio Brenta"},"content":{"rendered":"<figure id=\"attachment_144899\" aria-describedby=\"caption-attachment-144899\" style=\"width: 553px\" class=\"wp-caption aligncenter\"><img loading=\"lazy\" decoding=\"async\" class=\"size-full wp-image-144899\" src=\"https:\/\/www.bellunopress.it\/wp-content\/uploads\/2023\/10\/Roberto-Padrin-1.jpg\" alt=\"\" width=\"553\" height=\"466\" srcset=\"https:\/\/www.bellunopress.it\/wp-content\/uploads\/2023\/10\/Roberto-Padrin-1.jpg 553w, https:\/\/www.bellunopress.it\/wp-content\/uploads\/2023\/10\/Roberto-Padrin-1-500x421.jpg 500w\" sizes=\"auto, (max-width: 553px) 100vw, 553px\" \/><figcaption id=\"caption-attachment-144899\" class=\"wp-caption-text\">Roberto Padrin, presidente della Provincia<\/figcaption><\/figure>\n<p><strong>Padrin: \u00abBene che anche il ministero della cultura si sia espresso contro la realizzazione\u00bb<\/strong><\/p>\n<p>Anche il ministero della Cultura ha depositato osservazioni contro la realizzazione della diga del Vanoi. La Provincia di Belluno lo ha appreso oggi, partecipando con la parte tecnica alla presentazione online del &#8220;Quaderno delle osservazioni&#8221;, vale a dire la raccolta e la catalogazione strutturata di tutti i contributi ricevuti.<\/p>\n<p>\u00ab\u00c8 un&#8217;ottima notizia, soprattutto perch\u00e9 &#8211; a quanto pare &#8211; il ministero ha individuato l&#8217;opzione zero come quella migliore. Quindi ha la stessa nostra posizione\u00bb afferma il presidente della Provincia di Belluno, Roberto Padrin. \u00abLo abbiamo detto, ribadito e sottolineato sia con atti ufficiali sia con documenti tecnici: il territorio bellunese \u00e8 contrario alla diga del Vanoi. E abbiamo proposto alternative valide ai problemi che la diga vorrebbe risolvere, come la siccit\u00e0 e la necessit\u00e0 di stoccare l&#8217;acqua. Ora i nostri uffici analizzeranno il &#8220;Quaderno delle osservazioni&#8221; per valutare che contenga tutto quello che abbiamo prodotto. Dopodich\u00e9 aspetteremo le risposte del Consorzio di Bonifica Brenta, consapevoli dell&#8217;importanza di quanto depositato sia da parte nostra sia da parte di tutti gli altri soggetti contrari alla diga\u00bb.<\/p>\n<p>Nella presentazione odierna, \u00e8 stato annunciato che il &#8220;Quaderno delle osservazioni&#8221; sar\u00e0 controdedotto dal Consorzio entro il 12 dicembre. Questa la data in cui il proponente del progetto presenter\u00e0 le risposte.<\/p>\n<p>\u00abConfidiamo in una chiusura della progettazione, perch\u00e9 la pianificazione della diga non deve proseguire\u00bb aggiunge il consigliere provinciale delegato al demanio idrico, Massimo Bortoluzzi. \u00abSpiace che anche oggi sia stato detto che la fase di dibattito \u00e8 stata un dialogo tra sordi e che uno dei due fronti contrapposti dovr\u00e0 essere solidale con l&#8217;altro: sono state poste le esigenze delle imprese della pianura, e non quelle della montagna. Ma ripeto quello che abbiamo detto pi\u00f9 volte: non deve esserci una contrapposizione tra montagna e pianura, perch\u00e9 le alternative alla diga, come abbiamo scritto nelle nostre osservazioni, ci sono\u00bb.<\/p>","protected":false},"excerpt":{"rendered":"<p>Padrin: \u00abBene che anche il ministero della cultura si sia espresso contro la realizzazione\u00bb Anche il ministero della Cultura ha depositato osservazioni contro la realizzazione della diga del Vanoi. La Provincia di Belluno lo ha appreso oggi, partecipando con la parte tecnica alla presentazione online del &#8220;Quaderno delle osservazioni&#8221;, vale a dire la raccolta e [&hellip;]<\/p>\n","protected":false},"author":2,"featured_media":144899,"comment_status":"closed","ping_status":"open","sticky":false,"template":"","format":"standard","meta":{"footnotes":""},"categories":[5,26,50],"tags":[],"class_list":["post-155726","post","type-post","status-publish","format-standard","has-post-thumbnail","category-cronaca","category-prima-pagina","category-pubbliredazionali"],"yoast_head":"<!-- This site is optimized with the Yoast SEO plugin v28.4 - https:\/\/yoast.com\/product\/yoast-seo-wordpress\/ -->\n<title>Diga Vanoi, la Provincia in attesa delle risposte del Consorzio Brenta - Bellunopress - Dolomiti<\/title>\n<meta name=\"robots\" content=\"index, follow, max-snippet:-1, max-image-preview:large, max-video-preview:-1\" \/>\n<link rel=\"canonical\" href=\"https:\/\/www.bellunopress.it\/fr\/2024\/11\/22\/diga-vanoi-la-provincia-in-attesa-delle-risposte-del-consorzio-brenta\/\" \/>\n<meta property=\"og:locale\" content=\"fr_FR\" \/>\n<meta property=\"og:type\" content=\"article\" \/>\n<meta property=\"og:title\" content=\"Diga Vanoi, la Provincia in attesa delle risposte del Consorzio Brenta - Bellunopress - Dolomiti\" \/>\n<meta property=\"og:description\" content=\"Padrin: \u00abBene che anche il ministero della cultura si sia espresso contro la realizzazione\u00bb Anche il ministero della Cultura ha depositato osservazioni contro la realizzazione della diga del Vanoi. La Provincia di Belluno lo ha appreso oggi, partecipando con la parte tecnica alla presentazione online del &#8220;Quaderno delle osservazioni&#8221;, vale a dire la raccolta e [&hellip;]\" \/>\n<meta property=\"og:url\" content=\"https:\/\/www.bellunopress.it\/fr\/2024\/11\/22\/diga-vanoi-la-provincia-in-attesa-delle-risposte-del-consorzio-brenta\/\" \/>\n<meta property=\"og:site_name\" content=\"Bellunopress - Dolomiti\" \/>\n<meta property=\"article:publisher\" content=\"https:\/\/www.facebook.com\/profile.php?id=100008943462799\" \/>\n<meta property=\"article:published_time\" content=\"2024-11-22T15:13:48+00:00\" \/>\n<meta property=\"og:image\" content=\"https:\/\/www.bellunopress.it\/wp-content\/uploads\/2023\/10\/Roberto-Padrin-1.jpg\" \/>\n\t<meta property=\"og:image:width\" content=\"553\" \/>\n\t<meta property=\"og:image:height\" content=\"466\" \/>\n\t<meta property=\"og:image:type\" content=\"image\/jpeg\" \/>\n<meta name=\"author\" content=\"redazione\" \/>\n<meta name=\"twitter:card\" content=\"summary_large_image\" \/>\n<meta name=\"twitter:creator\" content=\"@bellunopress\" \/>\n<meta name=\"twitter:site\" content=\"@bellunopress\" \/>\n<meta name=\"twitter:label1\" content=\"Written by\" \/>\n\t<meta name=\"twitter:data1\" content=\"redazione\" \/>\n\t<meta name=\"twitter:label2\" content=\"Est. reading time\" \/>\n\t<meta name=\"twitter:data2\" content=\"2 minutes\" \/>\n<script type=\"application\/ld+json\" class=\"yoast-schema-graph\">{\"@context\":\"https:\\\/\\\/schema.org\",\"@graph\":[{\"@type\":\"Article\",\"@id\":\"https:\\\/\\\/www.bellunopress.it\\\/2024\\\/11\\\/22\\\/diga-vanoi-la-provincia-in-attesa-delle-risposte-del-consorzio-brenta\\\/#article\",\"isPartOf\":{\"@id\":\"https:\\\/\\\/www.bellunopress.it\\\/2024\\\/11\\\/22\\\/diga-vanoi-la-provincia-in-attesa-delle-risposte-del-consorzio-brenta\\\/\"},\"author\":{\"name\":\"redazione\",\"@id\":\"https:\\\/\\\/www.bellunopress.it\\\/#\\\/schema\\\/person\\\/79bb06722b37ece1c03d3e94beb30d73\"},\"headline\":\"Diga Vanoi, la Provincia in attesa delle risposte del Consorzio Brenta\",\"datePublished\":\"2024-11-22T15:13:48+00:00\",\"mainEntityOfPage\":{\"@id\":\"https:\\\/\\\/www.bellunopress.it\\\/2024\\\/11\\\/22\\\/diga-vanoi-la-provincia-in-attesa-delle-risposte-del-consorzio-brenta\\\/\"},\"wordCount\":340,\"publisher\":{\"@id\":\"https:\\\/\\\/www.bellunopress.it\\\/#organization\"},\"image\":{\"@id\":\"https:\\\/\\\/www.bellunopress.it\\\/2024\\\/11\\\/22\\\/diga-vanoi-la-provincia-in-attesa-delle-risposte-del-consorzio-brenta\\\/#primaryimage\"},\"thumbnailUrl\":\"https:\\\/\\\/www.bellunopress.it\\\/wp-content\\\/uploads\\\/2023\\\/10\\\/Roberto-Padrin-1.jpg\",\"articleSection\":[\"Cronaca\\\/Politica\",\"Prima Pagina\",\"Pubbliredazionali\"],\"inLanguage\":\"fr-FR\"},{\"@type\":\"WebPage\",\"@id\":\"https:\\\/\\\/www.bellunopress.it\\\/2024\\\/11\\\/22\\\/diga-vanoi-la-provincia-in-attesa-delle-risposte-del-consorzio-brenta\\\/\",\"url\":\"https:\\\/\\\/www.bellunopress.it\\\/2024\\\/11\\\/22\\\/diga-vanoi-la-provincia-in-attesa-delle-risposte-del-consorzio-brenta\\\/\",\"name\":\"Diga Vanoi, la Provincia in attesa delle risposte del Consorzio Brenta - Bellunopress - Dolomiti\",\"isPartOf\":{\"@id\":\"https:\\\/\\\/www.bellunopress.it\\\/#website\"},\"primaryImageOfPage\":{\"@id\":\"https:\\\/\\\/www.bellunopress.it\\\/2024\\\/11\\\/22\\\/diga-vanoi-la-provincia-in-attesa-delle-risposte-del-consorzio-brenta\\\/#primaryimage\"},\"image\":{\"@id\":\"https:\\\/\\\/www.bellunopress.it\\\/2024\\\/11\\\/22\\\/diga-vanoi-la-provincia-in-attesa-delle-risposte-del-consorzio-brenta\\\/#primaryimage\"},\"thumbnailUrl\":\"https:\\\/\\\/www.bellunopress.it\\\/wp-content\\\/uploads\\\/2023\\\/10\\\/Roberto-Padrin-1.jpg\",\"datePublished\":\"2024-11-22T15:13:48+00:00\",\"breadcrumb\":{\"@id\":\"https:\\\/\\\/www.bellunopress.it\\\/2024\\\/11\\\/22\\\/diga-vanoi-la-provincia-in-attesa-delle-risposte-del-consorzio-brenta\\\/#breadcrumb\"},\"inLanguage\":\"fr-FR\",\"potentialAction\":[{\"@type\":\"ReadAction\",\"target\":[\"https:\\\/\\\/www.bellunopress.it\\\/2024\\\/11\\\/22\\\/diga-vanoi-la-provincia-in-attesa-delle-risposte-del-consorzio-brenta\\\/\"]}]},{\"@type\":\"ImageObject\",\"inLanguage\":\"fr-FR\",\"@id\":\"https:\\\/\\\/www.bellunopress.it\\\/2024\\\/11\\\/22\\\/diga-vanoi-la-provincia-in-attesa-delle-risposte-del-consorzio-brenta\\\/#primaryimage\",\"url\":\"https:\\\/\\\/www.bellunopress.it\\\/wp-content\\\/uploads\\\/2023\\\/10\\\/Roberto-Padrin-1.jpg\",\"contentUrl\":\"https:\\\/\\\/www.bellunopress.it\\\/wp-content\\\/uploads\\\/2023\\\/10\\\/Roberto-Padrin-1.jpg\",\"width\":553,\"height\":466,\"caption\":\"Roberto Padrin, presidente della Provincia e presidente Fondazione Dolomiti Unesco Fondazione\"},{\"@type\":\"BreadcrumbList\",\"@id\":\"https:\\\/\\\/www.bellunopress.it\\\/2024\\\/11\\\/22\\\/diga-vanoi-la-provincia-in-attesa-delle-risposte-del-consorzio-brenta\\\/#breadcrumb\",\"itemListElement\":[{\"@type\":\"ListItem\",\"position\":1,\"name\":\"Home\",\"item\":\"https:\\\/\\\/www.bellunopress.it\\\/\"},{\"@type\":\"ListItem\",\"position\":2,\"name\":\"Diga Vanoi, la Provincia in attesa delle risposte del Consorzio Brenta\"}]},{\"@type\":\"WebSite\",\"@id\":\"https:\\\/\\\/www.bellunopress.it\\\/#website\",\"url\":\"https:\\\/\\\/www.bellunopress.it\\\/\",\"name\":\"Bellunopress - Dolomiti\",\"description\":\"e-mail: redazione@bellunopress.it\",\"publisher\":{\"@id\":\"https:\\\/\\\/www.bellunopress.it\\\/#organization\"},\"potentialAction\":[{\"@type\":\"SearchAction\",\"target\":{\"@type\":\"EntryPoint\",\"urlTemplate\":\"https:\\\/\\\/www.bellunopress.it\\\/?s={search_term_string}\"},\"query-input\":{\"@type\":\"PropertyValueSpecification\",\"valueRequired\":true,\"valueName\":\"search_term_string\"}}],\"inLanguage\":\"fr-FR\"},{\"@type\":\"Organization\",\"@id\":\"https:\\\/\\\/www.bellunopress.it\\\/#organization\",\"name\":\"Bellunopress\",\"url\":\"https:\\\/\\\/www.bellunopress.it\\\/\",\"logo\":{\"@type\":\"ImageObject\",\"inLanguage\":\"fr-FR\",\"@id\":\"https:\\\/\\\/www.bellunopress.it\\\/#\\\/schema\\\/logo\\\/image\\\/\",\"url\":\"https:\\\/\\\/www.bellunopress.it\\\/wp-content\\\/uploads\\\/2011\\\/05\\\/cropped-logo-bellunopress-.jpg\",\"contentUrl\":\"https:\\\/\\\/www.bellunopress.it\\\/wp-content\\\/uploads\\\/2011\\\/05\\\/cropped-logo-bellunopress-.jpg\",\"width\":512,\"height\":512,\"caption\":\"Bellunopress\"},\"image\":{\"@id\":\"https:\\\/\\\/www.bellunopress.it\\\/#\\\/schema\\\/logo\\\/image\\\/\"},\"sameAs\":[\"https:\\\/\\\/www.facebook.com\\\/profile.php?id=100008943462799\",\"https:\\\/\\\/x.com\\\/bellunopress\",\"https:\\\/\\\/www.linkedin.com\\\/hp\\\/?dnr=JBzUWaJfMUw8vbXJJ2tVW5-I3jZKvC4wsoxE&amp;amp;amp;amp;amp;amp;trk=nav_responsive_tab_home\",\"https:\\\/\\\/www.youtube.com\\\/channel\\\/UCxL0wu1uN0_3_7hGG0306cw\"]},{\"@type\":\"Person\",\"@id\":\"https:\\\/\\\/www.bellunopress.it\\\/#\\\/schema\\\/person\\\/79bb06722b37ece1c03d3e94beb30d73\",\"name\":\"redazione\",\"image\":{\"@type\":\"ImageObject\",\"inLanguage\":\"fr-FR\",\"@id\":\"https:\\\/\\\/secure.gravatar.com\\\/avatar\\\/37d968a2e67a6fd04c169c4bdef102d0bc5d31b2546345219e348575eb80e9a0?s=96&d=mm&r=g\",\"url\":\"https:\\\/\\\/secure.gravatar.com\\\/avatar\\\/37d968a2e67a6fd04c169c4bdef102d0bc5d31b2546345219e348575eb80e9a0?s=96&d=mm&r=g\",\"contentUrl\":\"https:\\\/\\\/secure.gravatar.com\\\/avatar\\\/37d968a2e67a6fd04c169c4bdef102d0bc5d31b2546345219e348575eb80e9a0?s=96&d=mm&r=g\",\"caption\":\"redazione\"},\"sameAs\":[\"http:\\\/\\\/www.bellunopress.it\",\"https:\\\/\\\/x.com\\\/bellunopress\"],\"url\":\"https:\\\/\\\/www.bellunopress.it\\\/fr\\\/author\\\/redazione\\\/\"}]}<\/script>\n<!-- \/ Yoast SEO plugin. -->","yoast_head_json":{"title":"Diga Vanoi, la Provincia in attesa delle risposte del Consorzio Brenta - Bellunopress - Dolomiti","robots":{"index":"index","follow":"follow","max-snippet":"max-snippet:-1","max-image-preview":"max-image-preview:large","max-video-preview":"max-video-preview:-1"},"canonical":"https:\/\/www.bellunopress.it\/fr\/2024\/11\/22\/diga-vanoi-la-provincia-in-attesa-delle-risposte-del-consorzio-brenta\/","og_locale":"fr_FR","og_type":"article","og_title":"Diga Vanoi, la Provincia in attesa delle risposte del Consorzio Brenta - Bellunopress - Dolomiti","og_description":"Padrin: \u00abBene che anche il ministero della cultura si sia espresso contro la realizzazione\u00bb Anche il ministero della Cultura ha depositato osservazioni contro la realizzazione della diga del Vanoi. La Provincia di Belluno lo ha appreso oggi, partecipando con la parte tecnica alla presentazione online del &#8220;Quaderno delle osservazioni&#8221;, vale a dire la raccolta e [&hellip;]","og_url":"https:\/\/www.bellunopress.it\/fr\/2024\/11\/22\/diga-vanoi-la-provincia-in-attesa-delle-risposte-del-consorzio-brenta\/","og_site_name":"Bellunopress - Dolomiti","article_publisher":"https:\/\/www.facebook.com\/profile.php?id=100008943462799","article_published_time":"2024-11-22T15:13:48+00:00","og_image":[{"width":553,"height":466,"url":"https:\/\/www.bellunopress.it\/wp-content\/uploads\/2023\/10\/Roberto-Padrin-1.jpg","type":"image\/jpeg"}],"author":"redazione","twitter_card":"summary_large_image","twitter_creator":"@bellunopress","twitter_site":"@bellunopress","twitter_misc":{"Written by":"redazione","Est. reading time":"2 minutes"},"schema":{"@context":"https:\/\/schema.org","@graph":[{"@type":"Article","@id":"https:\/\/www.bellunopress.it\/2024\/11\/22\/diga-vanoi-la-provincia-in-attesa-delle-risposte-del-consorzio-brenta\/#article","isPartOf":{"@id":"https:\/\/www.bellunopress.it\/2024\/11\/22\/diga-vanoi-la-provincia-in-attesa-delle-risposte-del-consorzio-brenta\/"},"author":{"name":"redazione","@id":"https:\/\/www.bellunopress.it\/#\/schema\/person\/79bb06722b37ece1c03d3e94beb30d73"},"headline":"Diga Vanoi, la Provincia in attesa delle risposte del Consorzio Brenta","datePublished":"2024-11-22T15:13:48+00:00","mainEntityOfPage":{"@id":"https:\/\/www.bellunopress.it\/2024\/11\/22\/diga-vanoi-la-provincia-in-attesa-delle-risposte-del-consorzio-brenta\/"},"wordCount":340,"publisher":{"@id":"https:\/\/www.bellunopress.it\/#organization"},"image":{"@id":"https:\/\/www.bellunopress.it\/2024\/11\/22\/diga-vanoi-la-provincia-in-attesa-delle-risposte-del-consorzio-brenta\/#primaryimage"},"thumbnailUrl":"https:\/\/www.bellunopress.it\/wp-content\/uploads\/2023\/10\/Roberto-Padrin-1.jpg","articleSection":["Cronaca\/Politica","Prima Pagina","Pubbliredazionali"],"inLanguage":"fr-FR"},{"@type":"WebPage","@id":"https:\/\/www.bellunopress.it\/2024\/11\/22\/diga-vanoi-la-provincia-in-attesa-delle-risposte-del-consorzio-brenta\/","url":"https:\/\/www.bellunopress.it\/2024\/11\/22\/diga-vanoi-la-provincia-in-attesa-delle-risposte-del-consorzio-brenta\/","name":"Diga Vanoi, la Provincia in attesa delle risposte del Consorzio Brenta - Bellunopress - Dolomiti","isPartOf":{"@id":"https:\/\/www.bellunopress.it\/#website"},"primaryImageOfPage":{"@id":"https:\/\/www.bellunopress.it\/2024\/11\/22\/diga-vanoi-la-provincia-in-attesa-delle-risposte-del-consorzio-brenta\/#primaryimage"},"image":{"@id":"https:\/\/www.bellunopress.it\/2024\/11\/22\/diga-vanoi-la-provincia-in-attesa-delle-risposte-del-consorzio-brenta\/#primaryimage"},"thumbnailUrl":"https:\/\/www.bellunopress.it\/wp-content\/uploads\/2023\/10\/Roberto-Padrin-1.jpg","datePublished":"2024-11-22T15:13:48+00:00","breadcrumb":{"@id":"https:\/\/www.bellunopress.it\/2024\/11\/22\/diga-vanoi-la-provincia-in-attesa-delle-risposte-del-consorzio-brenta\/#breadcrumb"},"inLanguage":"fr-FR","potentialAction":[{"@type":"ReadAction","target":["https:\/\/www.bellunopress.it\/2024\/11\/22\/diga-vanoi-la-provincia-in-attesa-delle-risposte-del-consorzio-brenta\/"]}]},{"@type":"ImageObject","inLanguage":"fr-FR","@id":"https:\/\/www.bellunopress.it\/2024\/11\/22\/diga-vanoi-la-provincia-in-attesa-delle-risposte-del-consorzio-brenta\/#primaryimage","url":"https:\/\/www.bellunopress.it\/wp-content\/uploads\/2023\/10\/Roberto-Padrin-1.jpg","contentUrl":"https:\/\/www.bellunopress.it\/wp-content\/uploads\/2023\/10\/Roberto-Padrin-1.jpg","width":553,"height":466,"caption":"Roberto Padrin, presidente della Provincia e presidente Fondazione Dolomiti Unesco Fondazione"},{"@type":"BreadcrumbList","@id":"https:\/\/www.bellunopress.it\/2024\/11\/22\/diga-vanoi-la-provincia-in-attesa-delle-risposte-del-consorzio-brenta\/#breadcrumb","itemListElement":[{"@type":"ListItem","position":1,"name":"Home","item":"https:\/\/www.bellunopress.it\/"},{"@type":"ListItem","position":2,"name":"Diga Vanoi, la Provincia in attesa delle risposte del Consorzio Brenta"}]},{"@type":"WebSite","@id":"https:\/\/www.bellunopress.it\/#website","url":"https:\/\/www.bellunopress.it\/","name":"Bellunopress - Dolomiti","description":"e-mail: redazione@bellunopress.it","publisher":{"@id":"https:\/\/www.bellunopress.it\/#organization"},"potentialAction":[{"@type":"SearchAction","target":{"@type":"EntryPoint","urlTemplate":"https:\/\/www.bellunopress.it\/?s={search_term_string}"},"query-input":{"@type":"PropertyValueSpecification","valueRequired":true,"valueName":"search_term_string"}}],"inLanguage":"fr-FR"},{"@type":"Organization","@id":"https:\/\/www.bellunopress.it\/#organization","name":"Bellunopress","url":"https:\/\/www.bellunopress.it\/","logo":{"@type":"ImageObject","inLanguage":"fr-FR","@id":"https:\/\/www.bellunopress.it\/#\/schema\/logo\/image\/","url":"https:\/\/www.bellunopress.it\/wp-content\/uploads\/2011\/05\/cropped-logo-bellunopress-.jpg","contentUrl":"https:\/\/www.bellunopress.it\/wp-content\/uploads\/2011\/05\/cropped-logo-bellunopress-.jpg","width":512,"height":512,"caption":"Bellunopress"},"image":{"@id":"https:\/\/www.bellunopress.it\/#\/schema\/logo\/image\/"},"sameAs":["https:\/\/www.facebook.com\/profile.php?id=100008943462799","https:\/\/x.com\/bellunopress","https:\/\/www.linkedin.com\/hp\/?dnr=JBzUWaJfMUw8vbXJJ2tVW5-I3jZKvC4wsoxE&amp;amp;amp;amp;amp;amp;trk=nav_responsive_tab_home","https:\/\/www.youtube.com\/channel\/UCxL0wu1uN0_3_7hGG0306cw"]},{"@type":"Person","@id":"https:\/\/www.bellunopress.it\/#\/schema\/person\/79bb06722b37ece1c03d3e94beb30d73","name":"r\u00e9daction","image":{"@type":"ImageObject","inLanguage":"fr-FR","@id":"https:\/\/secure.gravatar.com\/avatar\/37d968a2e67a6fd04c169c4bdef102d0bc5d31b2546345219e348575eb80e9a0?s=96&d=mm&r=g","url":"https:\/\/secure.gravatar.com\/avatar\/37d968a2e67a6fd04c169c4bdef102d0bc5d31b2546345219e348575eb80e9a0?s=96&d=mm&r=g","contentUrl":"https:\/\/secure.gravatar.com\/avatar\/37d968a2e67a6fd04c169c4bdef102d0bc5d31b2546345219e348575eb80e9a0?s=96&d=mm&r=g","caption":"redazione"},"sameAs":["http:\/\/www.bellunopress.it","https:\/\/x.com\/bellunopress"],"url":"https:\/\/www.bellunopress.it\/fr\/author\/redazione\/"}]}},"_links":{"self":[{"href":"https:\/\/www.bellunopress.it\/fr\/wp-json\/wp\/v2\/posts\/155726","targetHints":{"allow":["GET"]}}],"collection":[{"href":"https:\/\/www.bellunopress.it\/fr\/wp-json\/wp\/v2\/posts"}],"about":[{"href":"https:\/\/www.bellunopress.it\/fr\/wp-json\/wp\/v2\/types\/post"}],"author":[{"embeddable":true,"href":"https:\/\/www.bellunopress.it\/fr\/wp-json\/wp\/v2\/users\/2"}],"replies":[{"embeddable":true,"href":"https:\/\/www.bellunopress.it\/fr\/wp-json\/wp\/v2\/comments?post=155726"}],"version-history":[{"count":1,"href":"https:\/\/www.bellunopress.it\/fr\/wp-json\/wp\/v2\/posts\/155726\/revisions"}],"predecessor-version":[{"id":155727,"href":"https:\/\/www.bellunopress.it\/fr\/wp-json\/wp\/v2\/posts\/155726\/revisions\/155727"}],"wp:featuredmedia":[{"embeddable":true,"href":"https:\/\/www.bellunopress.it\/fr\/wp-json\/wp\/v2\/media\/144899"}],"wp:attachment":[{"href":"https:\/\/www.bellunopress.it\/fr\/wp-json\/wp\/v2\/media?parent=155726"}],"wp:term":[{"taxonomy":"category","embeddable":true,"href":"https:\/\/www.bellunopress.it\/fr\/wp-json\/wp\/v2\/categories?post=155726"},{"taxonomy":"post_tag","embeddable":true,"href":"https:\/\/www.bellunopress.it\/fr\/wp-json\/wp\/v2\/tags?post=155726"}],"curies":[{"name":"wp","href":"https:\/\/api.w.org\/{rel}","templated":true}]}}