{"id":155583,"date":"2024-11-09T20:45:08","date_gmt":"2024-11-09T19:45:08","guid":{"rendered":"https:\/\/www.bellunopress.it\/?p=155583"},"modified":"2024-11-09T20:45:08","modified_gmt":"2024-11-09T19:45:08","slug":"il-mondo-al-contrario-il-comitato-culturale-del-generale-vannacci-diventa-movimento-politico-intervista-alla-referente-provinciale-titti-monteleone","status":"publish","type":"post","link":"https:\/\/www.bellunopress.it\/fr\/2024\/11\/09\/il-mondo-al-contrario-il-comitato-culturale-del-generale-vannacci-diventa-movimento-politico-intervista-alla-referente-provinciale-titti-monteleone\/","title":{"rendered":"Il Mondo al Contrario, il comitato culturale del generale Vannacci diventa movimento politico. Intervista alla referente provinciale Titti Monteleone"},"content":{"rendered":"<figure id=\"attachment_155584\" aria-describedby=\"caption-attachment-155584\" style=\"width: 578px\" class=\"wp-caption aligncenter\"><img loading=\"lazy\" decoding=\"async\" class=\"size-full wp-image-155584\" src=\"https:\/\/www.bellunopress.it\/wp-content\/uploads\/2024\/11\/Titti-Monteleone-Roberto-Vannacci_edited.jpg\" alt=\"\" width=\"578\" height=\"593\" srcset=\"https:\/\/www.bellunopress.it\/wp-content\/uploads\/2024\/11\/Titti-Monteleone-Roberto-Vannacci_edited.jpg 578w, https:\/\/www.bellunopress.it\/wp-content\/uploads\/2024\/11\/Titti-Monteleone-Roberto-Vannacci_edited-487x500.jpg 487w, https:\/\/www.bellunopress.it\/wp-content\/uploads\/2024\/11\/Titti-Monteleone-Roberto-Vannacci_edited-409x420.jpg 409w\" sizes=\"auto, (max-width: 578px) 100vw, 578px\" \/><figcaption id=\"caption-attachment-155584\" class=\"wp-caption-text\">Titti Monteleone con l&#8217;eurodeputato Roberto Vannacci<\/figcaption><\/figure>\n<p>Il comitato culturale \u201cIl Mondo al Contrario\u201d fondato il 26 agosto del 2023, ispirato al libro dell\u2019eurodeputato generale Roberto Vannacci, presieduto da Fabio Filomeni, tenente colonnello in congedo incursore della Brigata paracadutisti Folgore, diventa un movimento politico.<\/p>\n<p>L\u2019atto di nascita del nuovo movimento politico nazionale avr\u00e0 luogo il 23 novembre 2024 all\u2019Hotel Terme Leopoldo II di Marina di Grosseto, in occasione della seconda assemblea del comitato culturale nel corso della quale sar\u00e0 votata la trasformazione in movimento politico con l\u2019apertura dei lavori del I\u00b0 Convegno nazionale, aperto a tutti.<\/p>\n<p><strong>Perch\u00e9 questa modifica da comitato culturale a movimento politico? <\/strong><br \/>\n<strong>Lo abbiamo chiesto a Titti Monteleone, referente per la provincia di Belluno del nascente movimento.<\/strong><\/p>\n<p>\u201cLa modifica si \u00e8 resa necessaria da quando il generale Vannacci \u00e8 stato eletto eurodeputato grazie al voto di oltre mezzo milione di italiani. Lo status di comitato culturale, infatti, non consente l\u2019esercizio di attivit\u00e0 politiche e pertanto questo \u00e8 un passaggio obbligato per dare vita al nuovo soggetto politico che si identifica con i contenuti dei 12 capitoli e dei 7 principi enunciati nel libro Il mondo al contrario\u201d.<\/p>\n<p><strong>Il suo nome \u00e8 legato da sempre alla destra. Su un articolo di Repubblica pubblicato lo scorso 29 settembre, dove si parla dei sostenitori del generale Vannacci, lei \u00e8 stata definita una \u201cfiera neofascista\u201d. Cosa risponde?<\/strong><\/p>\n<p>Ho scritto all\u2019autore dell\u2019articolo dicendo che, se per fiera neofascista si intende una donna che da anni si batte per il sociale, per chi rischia di perdere la casa popolare, per i piccoli negozi che chiudono, per i bambini strappati alle famiglie perch\u00e9 povere, per gli animali maltrattati, per le vittime delle calamit\u00e0 naturali, per la dignit\u00e0 delle donne maltrattate, per gli uomini separati spesso vittime di donne senza scrupoli, per gli anziani abbandonati, per il salario alle casalinghe, per la difesa dei confini, per la memoria di chi non c\u2019\u00e8 pi\u00f9, ebbene, io sono neofascista. Ed ora \u2013 ho concluso la mia replica al cronista di Repubblica &#8211; mi definisca pure neofascista, io le rispondo me ne frego&#8221;.<\/p>\n<p><strong>Quando ha iniziato il suo percorso politico?<\/strong><\/p>\n<p>\u201cAvevo 14 anni, frequentavo il Liceo classico statale \u2018Quinto Orazio Flacco\u2019 dove hanno studiato anche Marcello Veneziani, giornalista e scrittore, Francesco Laudadio, regista e scrittore, Gianrico Carofiglio, ex magistrato, politico e scrittore. Non rinnego quella scelta fatta in pieno 1968, quando il mondo giovanile andava a sinistra e io invece aderivo alla Giovane Italia. Una scelta che ha condizionato il resto della mia vita. Sono stata la prima presidente provinciale donna a Bari del Fuan Fronte unitario azione nazionale. Ho militato in Avanguardia Nazionale. Per 10 anni sono stata nell\u2019ufficio politico della Destra di Storace. A Belluno ho aderito ad Alleanza Nazionale. E da sei anni sono iscritta alla Lega\u201d.<\/p>\n<p><strong>C\u2019\u00e8 qualcosa che non rifarebbe?<\/strong><\/p>\n<p>\u201cNo, sono orgogliosa del mio passato. Sono orgogliosa di aver venduto un gioiello di famiglia per una campagna elettorale dove non ero neanche candidata, Sono orgogliosa di aver rinunciato all\u2019elezione sicura in listino bloccato in Veneto, solo perch\u00e9 mi ero trasferita da poco e ritenevo non fosse corretto nei confronti di chi faceva politica sul territorio. Sono orgogliosa di essere stata denunciata dalla Lega di Bossi quando esultarono per il gol contro l&#8217;Italia e di notte tappezzai di tricolore la loro sede. Sono orgogliosa di essermi autodenunciata in Procura come correa del Ministro Salvini. Sono orgogliosa di militare accanto al Generale Vannacc. Sono orgogliosa, si tanto orgogliosa di essere una donna oggi, una ragazza tanto tempo fa che ama la sua Patria, ama il Popolo, ama chi crede nella cultura Occidentale\u201d.<\/p>","protected":false},"excerpt":{"rendered":"<p>Il comitato culturale \u201cIl Mondo al Contrario\u201d fondato il 26 agosto del 2023, ispirato al libro dell\u2019eurodeputato generale Roberto Vannacci, presieduto da Fabio Filomeni, tenente colonnello in congedo incursore della Brigata paracadutisti Folgore, diventa un movimento politico. L\u2019atto di nascita del nuovo movimento politico nazionale avr\u00e0 luogo il 23 novembre 2024 all\u2019Hotel Terme Leopoldo II [&hellip;]<\/p>\n","protected":false},"author":2,"featured_media":155584,"comment_status":"closed","ping_status":"open","sticky":false,"template":"","format":"standard","meta":{"footnotes":""},"categories":[5,26],"tags":[],"class_list":["post-155583","post","type-post","status-publish","format-standard","has-post-thumbnail","category-cronaca","category-prima-pagina"],"yoast_head":"<!-- This site is optimized with the Yoast SEO plugin v28.4 - https:\/\/yoast.com\/product\/yoast-seo-wordpress\/ -->\n<title>Il Mondo al Contrario, il comitato culturale del generale Vannacci diventa movimento politico. Intervista alla referente provinciale Titti Monteleone - Bellunopress - Dolomiti<\/title>\n<meta name=\"robots\" content=\"index, follow, max-snippet:-1, max-image-preview:large, max-video-preview:-1\" \/>\n<link rel=\"canonical\" href=\"https:\/\/www.bellunopress.it\/fr\/2024\/11\/09\/il-mondo-al-contrario-il-comitato-culturale-del-generale-vannacci-diventa-movimento-politico-intervista-alla-referente-provinciale-titti-monteleone\/\" \/>\n<meta property=\"og:locale\" content=\"fr_FR\" \/>\n<meta property=\"og:type\" content=\"article\" \/>\n<meta property=\"og:title\" content=\"Il Mondo al Contrario, il comitato culturale del generale Vannacci diventa movimento politico. Intervista alla referente provinciale Titti Monteleone - Bellunopress - Dolomiti\" \/>\n<meta property=\"og:description\" content=\"Il comitato culturale \u201cIl Mondo al Contrario\u201d fondato il 26 agosto del 2023, ispirato al libro dell\u2019eurodeputato generale Roberto Vannacci, presieduto da Fabio Filomeni, tenente colonnello in congedo incursore della Brigata paracadutisti Folgore, diventa un movimento politico. L\u2019atto di nascita del nuovo movimento politico nazionale avr\u00e0 luogo il 23 novembre 2024 all\u2019Hotel Terme Leopoldo II [&hellip;]\" \/>\n<meta property=\"og:url\" content=\"https:\/\/www.bellunopress.it\/fr\/2024\/11\/09\/il-mondo-al-contrario-il-comitato-culturale-del-generale-vannacci-diventa-movimento-politico-intervista-alla-referente-provinciale-titti-monteleone\/\" \/>\n<meta property=\"og:site_name\" content=\"Bellunopress - Dolomiti\" \/>\n<meta property=\"article:publisher\" content=\"https:\/\/www.facebook.com\/profile.php?id=100008943462799\" \/>\n<meta property=\"article:published_time\" content=\"2024-11-09T19:45:08+00:00\" \/>\n<meta property=\"og:image\" content=\"https:\/\/www.bellunopress.it\/wp-content\/uploads\/2024\/11\/Titti-Monteleone-Roberto-Vannacci_edited.jpg\" \/>\n\t<meta property=\"og:image:width\" content=\"578\" \/>\n\t<meta property=\"og:image:height\" content=\"593\" \/>\n\t<meta property=\"og:image:type\" content=\"image\/jpeg\" \/>\n<meta name=\"author\" content=\"redazione\" \/>\n<meta name=\"twitter:card\" content=\"summary_large_image\" \/>\n<meta name=\"twitter:creator\" content=\"@bellunopress\" \/>\n<meta name=\"twitter:site\" content=\"@bellunopress\" \/>\n<meta name=\"twitter:label1\" content=\"\u00c9crit par\" \/>\n\t<meta name=\"twitter:data1\" content=\"redazione\" \/>\n\t<meta name=\"twitter:label2\" content=\"Dur\u00e9e de lecture estim\u00e9e\" \/>\n\t<meta name=\"twitter:data2\" content=\"3 minutes\" \/>\n<script type=\"application\/ld+json\" class=\"yoast-schema-graph\">{\"@context\":\"https:\\\/\\\/schema.org\",\"@graph\":[{\"@type\":\"Article\",\"@id\":\"https:\\\/\\\/www.bellunopress.it\\\/2024\\\/11\\\/09\\\/il-mondo-al-contrario-il-comitato-culturale-del-generale-vannacci-diventa-movimento-politico-intervista-alla-referente-provinciale-titti-monteleone\\\/#article\",\"isPartOf\":{\"@id\":\"https:\\\/\\\/www.bellunopress.it\\\/2024\\\/11\\\/09\\\/il-mondo-al-contrario-il-comitato-culturale-del-generale-vannacci-diventa-movimento-politico-intervista-alla-referente-provinciale-titti-monteleone\\\/\"},\"author\":{\"name\":\"redazione\",\"@id\":\"https:\\\/\\\/www.bellunopress.it\\\/#\\\/schema\\\/person\\\/79bb06722b37ece1c03d3e94beb30d73\"},\"headline\":\"Il Mondo al Contrario, il comitato culturale del generale Vannacci diventa movimento politico. Intervista alla referente provinciale Titti Monteleone\",\"datePublished\":\"2024-11-09T19:45:08+00:00\",\"mainEntityOfPage\":{\"@id\":\"https:\\\/\\\/www.bellunopress.it\\\/2024\\\/11\\\/09\\\/il-mondo-al-contrario-il-comitato-culturale-del-generale-vannacci-diventa-movimento-politico-intervista-alla-referente-provinciale-titti-monteleone\\\/\"},\"wordCount\":618,\"publisher\":{\"@id\":\"https:\\\/\\\/www.bellunopress.it\\\/#organization\"},\"image\":{\"@id\":\"https:\\\/\\\/www.bellunopress.it\\\/2024\\\/11\\\/09\\\/il-mondo-al-contrario-il-comitato-culturale-del-generale-vannacci-diventa-movimento-politico-intervista-alla-referente-provinciale-titti-monteleone\\\/#primaryimage\"},\"thumbnailUrl\":\"https:\\\/\\\/www.bellunopress.it\\\/wp-content\\\/uploads\\\/2024\\\/11\\\/Titti-Monteleone-Roberto-Vannacci_edited.jpg\",\"articleSection\":[\"Cronaca\\\/Politica\",\"Prima Pagina\"],\"inLanguage\":\"fr-FR\"},{\"@type\":\"WebPage\",\"@id\":\"https:\\\/\\\/www.bellunopress.it\\\/2024\\\/11\\\/09\\\/il-mondo-al-contrario-il-comitato-culturale-del-generale-vannacci-diventa-movimento-politico-intervista-alla-referente-provinciale-titti-monteleone\\\/\",\"url\":\"https:\\\/\\\/www.bellunopress.it\\\/2024\\\/11\\\/09\\\/il-mondo-al-contrario-il-comitato-culturale-del-generale-vannacci-diventa-movimento-politico-intervista-alla-referente-provinciale-titti-monteleone\\\/\",\"name\":\"Il Mondo al Contrario, il comitato culturale del generale Vannacci diventa movimento politico. Intervista alla referente provinciale Titti Monteleone - Bellunopress - Dolomiti\",\"isPartOf\":{\"@id\":\"https:\\\/\\\/www.bellunopress.it\\\/#website\"},\"primaryImageOfPage\":{\"@id\":\"https:\\\/\\\/www.bellunopress.it\\\/2024\\\/11\\\/09\\\/il-mondo-al-contrario-il-comitato-culturale-del-generale-vannacci-diventa-movimento-politico-intervista-alla-referente-provinciale-titti-monteleone\\\/#primaryimage\"},\"image\":{\"@id\":\"https:\\\/\\\/www.bellunopress.it\\\/2024\\\/11\\\/09\\\/il-mondo-al-contrario-il-comitato-culturale-del-generale-vannacci-diventa-movimento-politico-intervista-alla-referente-provinciale-titti-monteleone\\\/#primaryimage\"},\"thumbnailUrl\":\"https:\\\/\\\/www.bellunopress.it\\\/wp-content\\\/uploads\\\/2024\\\/11\\\/Titti-Monteleone-Roberto-Vannacci_edited.jpg\",\"datePublished\":\"2024-11-09T19:45:08+00:00\",\"breadcrumb\":{\"@id\":\"https:\\\/\\\/www.bellunopress.it\\\/2024\\\/11\\\/09\\\/il-mondo-al-contrario-il-comitato-culturale-del-generale-vannacci-diventa-movimento-politico-intervista-alla-referente-provinciale-titti-monteleone\\\/#breadcrumb\"},\"inLanguage\":\"fr-FR\",\"potentialAction\":[{\"@type\":\"ReadAction\",\"target\":[\"https:\\\/\\\/www.bellunopress.it\\\/2024\\\/11\\\/09\\\/il-mondo-al-contrario-il-comitato-culturale-del-generale-vannacci-diventa-movimento-politico-intervista-alla-referente-provinciale-titti-monteleone\\\/\"]}]},{\"@type\":\"ImageObject\",\"inLanguage\":\"fr-FR\",\"@id\":\"https:\\\/\\\/www.bellunopress.it\\\/2024\\\/11\\\/09\\\/il-mondo-al-contrario-il-comitato-culturale-del-generale-vannacci-diventa-movimento-politico-intervista-alla-referente-provinciale-titti-monteleone\\\/#primaryimage\",\"url\":\"https:\\\/\\\/www.bellunopress.it\\\/wp-content\\\/uploads\\\/2024\\\/11\\\/Titti-Monteleone-Roberto-Vannacci_edited.jpg\",\"contentUrl\":\"https:\\\/\\\/www.bellunopress.it\\\/wp-content\\\/uploads\\\/2024\\\/11\\\/Titti-Monteleone-Roberto-Vannacci_edited.jpg\",\"width\":578,\"height\":593,\"caption\":\"Titti Monteleone con l'eurodeputato Roberto Vannacci\"},{\"@type\":\"BreadcrumbList\",\"@id\":\"https:\\\/\\\/www.bellunopress.it\\\/2024\\\/11\\\/09\\\/il-mondo-al-contrario-il-comitato-culturale-del-generale-vannacci-diventa-movimento-politico-intervista-alla-referente-provinciale-titti-monteleone\\\/#breadcrumb\",\"itemListElement\":[{\"@type\":\"ListItem\",\"position\":1,\"name\":\"Home\",\"item\":\"https:\\\/\\\/www.bellunopress.it\\\/\"},{\"@type\":\"ListItem\",\"position\":2,\"name\":\"Il Mondo al Contrario, il comitato culturale del generale Vannacci diventa movimento politico. Intervista alla referente provinciale Titti Monteleone\"}]},{\"@type\":\"WebSite\",\"@id\":\"https:\\\/\\\/www.bellunopress.it\\\/#website\",\"url\":\"https:\\\/\\\/www.bellunopress.it\\\/\",\"name\":\"Bellunopress - Dolomiti\",\"description\":\"e-mail: redazione@bellunopress.it\",\"publisher\":{\"@id\":\"https:\\\/\\\/www.bellunopress.it\\\/#organization\"},\"potentialAction\":[{\"@type\":\"SearchAction\",\"target\":{\"@type\":\"EntryPoint\",\"urlTemplate\":\"https:\\\/\\\/www.bellunopress.it\\\/?s={search_term_string}\"},\"query-input\":{\"@type\":\"PropertyValueSpecification\",\"valueRequired\":true,\"valueName\":\"search_term_string\"}}],\"inLanguage\":\"fr-FR\"},{\"@type\":\"Organization\",\"@id\":\"https:\\\/\\\/www.bellunopress.it\\\/#organization\",\"name\":\"Bellunopress\",\"url\":\"https:\\\/\\\/www.bellunopress.it\\\/\",\"logo\":{\"@type\":\"ImageObject\",\"inLanguage\":\"fr-FR\",\"@id\":\"https:\\\/\\\/www.bellunopress.it\\\/#\\\/schema\\\/logo\\\/image\\\/\",\"url\":\"https:\\\/\\\/www.bellunopress.it\\\/wp-content\\\/uploads\\\/2011\\\/05\\\/cropped-logo-bellunopress-.jpg\",\"contentUrl\":\"https:\\\/\\\/www.bellunopress.it\\\/wp-content\\\/uploads\\\/2011\\\/05\\\/cropped-logo-bellunopress-.jpg\",\"width\":512,\"height\":512,\"caption\":\"Bellunopress\"},\"image\":{\"@id\":\"https:\\\/\\\/www.bellunopress.it\\\/#\\\/schema\\\/logo\\\/image\\\/\"},\"sameAs\":[\"https:\\\/\\\/www.facebook.com\\\/profile.php?id=100008943462799\",\"https:\\\/\\\/x.com\\\/bellunopress\",\"https:\\\/\\\/www.linkedin.com\\\/hp\\\/?dnr=JBzUWaJfMUw8vbXJJ2tVW5-I3jZKvC4wsoxE&amp;amp;amp;amp;amp;amp;trk=nav_responsive_tab_home\",\"https:\\\/\\\/www.youtube.com\\\/channel\\\/UCxL0wu1uN0_3_7hGG0306cw\"]},{\"@type\":\"Person\",\"@id\":\"https:\\\/\\\/www.bellunopress.it\\\/#\\\/schema\\\/person\\\/79bb06722b37ece1c03d3e94beb30d73\",\"name\":\"redazione\",\"image\":{\"@type\":\"ImageObject\",\"inLanguage\":\"fr-FR\",\"@id\":\"https:\\\/\\\/secure.gravatar.com\\\/avatar\\\/37d968a2e67a6fd04c169c4bdef102d0bc5d31b2546345219e348575eb80e9a0?s=96&d=mm&r=g\",\"url\":\"https:\\\/\\\/secure.gravatar.com\\\/avatar\\\/37d968a2e67a6fd04c169c4bdef102d0bc5d31b2546345219e348575eb80e9a0?s=96&d=mm&r=g\",\"contentUrl\":\"https:\\\/\\\/secure.gravatar.com\\\/avatar\\\/37d968a2e67a6fd04c169c4bdef102d0bc5d31b2546345219e348575eb80e9a0?s=96&d=mm&r=g\",\"caption\":\"redazione\"},\"sameAs\":[\"http:\\\/\\\/www.bellunopress.it\",\"https:\\\/\\\/x.com\\\/bellunopress\"],\"url\":\"https:\\\/\\\/www.bellunopress.it\\\/fr\\\/author\\\/redazione\\\/\"}]}<\/script>\n<!-- \/ Yoast SEO plugin. -->","yoast_head_json":{"title":"Il Mondo al Contrario, il comitato culturale del generale Vannacci diventa movimento politico. Intervista alla referente provinciale Titti Monteleone - Bellunopress - Dolomiti","robots":{"index":"index","follow":"follow","max-snippet":"max-snippet:-1","max-image-preview":"max-image-preview:large","max-video-preview":"max-video-preview:-1"},"canonical":"https:\/\/www.bellunopress.it\/fr\/2024\/11\/09\/il-mondo-al-contrario-il-comitato-culturale-del-generale-vannacci-diventa-movimento-politico-intervista-alla-referente-provinciale-titti-monteleone\/","og_locale":"fr_FR","og_type":"article","og_title":"Il Mondo al Contrario, il comitato culturale del generale Vannacci diventa movimento politico. Intervista alla referente provinciale Titti Monteleone - Bellunopress - Dolomiti","og_description":"Il comitato culturale \u201cIl Mondo al Contrario\u201d fondato il 26 agosto del 2023, ispirato al libro dell\u2019eurodeputato generale Roberto Vannacci, presieduto da Fabio Filomeni, tenente colonnello in congedo incursore della Brigata paracadutisti Folgore, diventa un movimento politico. L\u2019atto di nascita del nuovo movimento politico nazionale avr\u00e0 luogo il 23 novembre 2024 all\u2019Hotel Terme Leopoldo II [&hellip;]","og_url":"https:\/\/www.bellunopress.it\/fr\/2024\/11\/09\/il-mondo-al-contrario-il-comitato-culturale-del-generale-vannacci-diventa-movimento-politico-intervista-alla-referente-provinciale-titti-monteleone\/","og_site_name":"Bellunopress - Dolomiti","article_publisher":"https:\/\/www.facebook.com\/profile.php?id=100008943462799","article_published_time":"2024-11-09T19:45:08+00:00","og_image":[{"width":578,"height":593,"url":"https:\/\/www.bellunopress.it\/wp-content\/uploads\/2024\/11\/Titti-Monteleone-Roberto-Vannacci_edited.jpg","type":"image\/jpeg"}],"author":"redazione","twitter_card":"summary_large_image","twitter_creator":"@bellunopress","twitter_site":"@bellunopress","twitter_misc":{"\u00c9crit par":"redazione","Dur\u00e9e de lecture estim\u00e9e":"3 minutes"},"schema":{"@context":"https:\/\/schema.org","@graph":[{"@type":"Article","@id":"https:\/\/www.bellunopress.it\/2024\/11\/09\/il-mondo-al-contrario-il-comitato-culturale-del-generale-vannacci-diventa-movimento-politico-intervista-alla-referente-provinciale-titti-monteleone\/#article","isPartOf":{"@id":"https:\/\/www.bellunopress.it\/2024\/11\/09\/il-mondo-al-contrario-il-comitato-culturale-del-generale-vannacci-diventa-movimento-politico-intervista-alla-referente-provinciale-titti-monteleone\/"},"author":{"name":"redazione","@id":"https:\/\/www.bellunopress.it\/#\/schema\/person\/79bb06722b37ece1c03d3e94beb30d73"},"headline":"Il Mondo al Contrario, il comitato culturale del generale Vannacci diventa movimento politico. Intervista alla referente provinciale Titti Monteleone","datePublished":"2024-11-09T19:45:08+00:00","mainEntityOfPage":{"@id":"https:\/\/www.bellunopress.it\/2024\/11\/09\/il-mondo-al-contrario-il-comitato-culturale-del-generale-vannacci-diventa-movimento-politico-intervista-alla-referente-provinciale-titti-monteleone\/"},"wordCount":618,"publisher":{"@id":"https:\/\/www.bellunopress.it\/#organization"},"image":{"@id":"https:\/\/www.bellunopress.it\/2024\/11\/09\/il-mondo-al-contrario-il-comitato-culturale-del-generale-vannacci-diventa-movimento-politico-intervista-alla-referente-provinciale-titti-monteleone\/#primaryimage"},"thumbnailUrl":"https:\/\/www.bellunopress.it\/wp-content\/uploads\/2024\/11\/Titti-Monteleone-Roberto-Vannacci_edited.jpg","articleSection":["Cronaca\/Politica","Prima Pagina"],"inLanguage":"fr-FR"},{"@type":"WebPage","@id":"https:\/\/www.bellunopress.it\/2024\/11\/09\/il-mondo-al-contrario-il-comitato-culturale-del-generale-vannacci-diventa-movimento-politico-intervista-alla-referente-provinciale-titti-monteleone\/","url":"https:\/\/www.bellunopress.it\/2024\/11\/09\/il-mondo-al-contrario-il-comitato-culturale-del-generale-vannacci-diventa-movimento-politico-intervista-alla-referente-provinciale-titti-monteleone\/","name":"Il Mondo al Contrario, il comitato culturale del generale Vannacci diventa movimento politico. Intervista alla referente provinciale Titti Monteleone - Bellunopress - Dolomiti","isPartOf":{"@id":"https:\/\/www.bellunopress.it\/#website"},"primaryImageOfPage":{"@id":"https:\/\/www.bellunopress.it\/2024\/11\/09\/il-mondo-al-contrario-il-comitato-culturale-del-generale-vannacci-diventa-movimento-politico-intervista-alla-referente-provinciale-titti-monteleone\/#primaryimage"},"image":{"@id":"https:\/\/www.bellunopress.it\/2024\/11\/09\/il-mondo-al-contrario-il-comitato-culturale-del-generale-vannacci-diventa-movimento-politico-intervista-alla-referente-provinciale-titti-monteleone\/#primaryimage"},"thumbnailUrl":"https:\/\/www.bellunopress.it\/wp-content\/uploads\/2024\/11\/Titti-Monteleone-Roberto-Vannacci_edited.jpg","datePublished":"2024-11-09T19:45:08+00:00","breadcrumb":{"@id":"https:\/\/www.bellunopress.it\/2024\/11\/09\/il-mondo-al-contrario-il-comitato-culturale-del-generale-vannacci-diventa-movimento-politico-intervista-alla-referente-provinciale-titti-monteleone\/#breadcrumb"},"inLanguage":"fr-FR","potentialAction":[{"@type":"ReadAction","target":["https:\/\/www.bellunopress.it\/2024\/11\/09\/il-mondo-al-contrario-il-comitato-culturale-del-generale-vannacci-diventa-movimento-politico-intervista-alla-referente-provinciale-titti-monteleone\/"]}]},{"@type":"ImageObject","inLanguage":"fr-FR","@id":"https:\/\/www.bellunopress.it\/2024\/11\/09\/il-mondo-al-contrario-il-comitato-culturale-del-generale-vannacci-diventa-movimento-politico-intervista-alla-referente-provinciale-titti-monteleone\/#primaryimage","url":"https:\/\/www.bellunopress.it\/wp-content\/uploads\/2024\/11\/Titti-Monteleone-Roberto-Vannacci_edited.jpg","contentUrl":"https:\/\/www.bellunopress.it\/wp-content\/uploads\/2024\/11\/Titti-Monteleone-Roberto-Vannacci_edited.jpg","width":578,"height":593,"caption":"Titti Monteleone con l'eurodeputato Roberto Vannacci"},{"@type":"BreadcrumbList","@id":"https:\/\/www.bellunopress.it\/2024\/11\/09\/il-mondo-al-contrario-il-comitato-culturale-del-generale-vannacci-diventa-movimento-politico-intervista-alla-referente-provinciale-titti-monteleone\/#breadcrumb","itemListElement":[{"@type":"ListItem","position":1,"name":"Home","item":"https:\/\/www.bellunopress.it\/"},{"@type":"ListItem","position":2,"name":"Il Mondo al Contrario, il comitato culturale del generale Vannacci diventa movimento politico. Intervista alla referente provinciale Titti Monteleone"}]},{"@type":"WebSite","@id":"https:\/\/www.bellunopress.it\/#website","url":"https:\/\/www.bellunopress.it\/","name":"Bellunopress - Dolomiti","description":"e-mail: redazione@bellunopress.it","publisher":{"@id":"https:\/\/www.bellunopress.it\/#organization"},"potentialAction":[{"@type":"SearchAction","target":{"@type":"EntryPoint","urlTemplate":"https:\/\/www.bellunopress.it\/?s={search_term_string}"},"query-input":{"@type":"PropertyValueSpecification","valueRequired":true,"valueName":"search_term_string"}}],"inLanguage":"fr-FR"},{"@type":"Organization","@id":"https:\/\/www.bellunopress.it\/#organization","name":"Bellunopress","url":"https:\/\/www.bellunopress.it\/","logo":{"@type":"ImageObject","inLanguage":"fr-FR","@id":"https:\/\/www.bellunopress.it\/#\/schema\/logo\/image\/","url":"https:\/\/www.bellunopress.it\/wp-content\/uploads\/2011\/05\/cropped-logo-bellunopress-.jpg","contentUrl":"https:\/\/www.bellunopress.it\/wp-content\/uploads\/2011\/05\/cropped-logo-bellunopress-.jpg","width":512,"height":512,"caption":"Bellunopress"},"image":{"@id":"https:\/\/www.bellunopress.it\/#\/schema\/logo\/image\/"},"sameAs":["https:\/\/www.facebook.com\/profile.php?id=100008943462799","https:\/\/x.com\/bellunopress","https:\/\/www.linkedin.com\/hp\/?dnr=JBzUWaJfMUw8vbXJJ2tVW5-I3jZKvC4wsoxE&amp;amp;amp;amp;amp;amp;trk=nav_responsive_tab_home","https:\/\/www.youtube.com\/channel\/UCxL0wu1uN0_3_7hGG0306cw"]},{"@type":"Person","@id":"https:\/\/www.bellunopress.it\/#\/schema\/person\/79bb06722b37ece1c03d3e94beb30d73","name":"r\u00e9daction","image":{"@type":"ImageObject","inLanguage":"fr-FR","@id":"https:\/\/secure.gravatar.com\/avatar\/37d968a2e67a6fd04c169c4bdef102d0bc5d31b2546345219e348575eb80e9a0?s=96&d=mm&r=g","url":"https:\/\/secure.gravatar.com\/avatar\/37d968a2e67a6fd04c169c4bdef102d0bc5d31b2546345219e348575eb80e9a0?s=96&d=mm&r=g","contentUrl":"https:\/\/secure.gravatar.com\/avatar\/37d968a2e67a6fd04c169c4bdef102d0bc5d31b2546345219e348575eb80e9a0?s=96&d=mm&r=g","caption":"redazione"},"sameAs":["http:\/\/www.bellunopress.it","https:\/\/x.com\/bellunopress"],"url":"https:\/\/www.bellunopress.it\/fr\/author\/redazione\/"}]}},"_links":{"self":[{"href":"https:\/\/www.bellunopress.it\/fr\/wp-json\/wp\/v2\/posts\/155583","targetHints":{"allow":["GET"]}}],"collection":[{"href":"https:\/\/www.bellunopress.it\/fr\/wp-json\/wp\/v2\/posts"}],"about":[{"href":"https:\/\/www.bellunopress.it\/fr\/wp-json\/wp\/v2\/types\/post"}],"author":[{"embeddable":true,"href":"https:\/\/www.bellunopress.it\/fr\/wp-json\/wp\/v2\/users\/2"}],"replies":[{"embeddable":true,"href":"https:\/\/www.bellunopress.it\/fr\/wp-json\/wp\/v2\/comments?post=155583"}],"version-history":[{"count":1,"href":"https:\/\/www.bellunopress.it\/fr\/wp-json\/wp\/v2\/posts\/155583\/revisions"}],"predecessor-version":[{"id":155585,"href":"https:\/\/www.bellunopress.it\/fr\/wp-json\/wp\/v2\/posts\/155583\/revisions\/155585"}],"wp:featuredmedia":[{"embeddable":true,"href":"https:\/\/www.bellunopress.it\/fr\/wp-json\/wp\/v2\/media\/155584"}],"wp:attachment":[{"href":"https:\/\/www.bellunopress.it\/fr\/wp-json\/wp\/v2\/media?parent=155583"}],"wp:term":[{"taxonomy":"category","embeddable":true,"href":"https:\/\/www.bellunopress.it\/fr\/wp-json\/wp\/v2\/categories?post=155583"},{"taxonomy":"post_tag","embeddable":true,"href":"https:\/\/www.bellunopress.it\/fr\/wp-json\/wp\/v2\/tags?post=155583"}],"curies":[{"name":"wp","href":"https:\/\/api.w.org\/{rel}","templated":true}]}}