{"id":155580,"date":"2024-11-09T20:27:13","date_gmt":"2024-11-09T19:27:13","guid":{"rendered":"https:\/\/www.bellunopress.it\/?p=155580"},"modified":"2024-11-09T20:27:13","modified_gmt":"2024-11-09T19:27:13","slug":"borgo-valbelluna-camminando-lauditorium-di-s-pietro-gemito-per-ascoltare-giovanni-carraro-e-le-prealpi-bellunesi","status":"publish","type":"post","link":"https:\/\/www.bellunopress.it\/fr\/2024\/11\/09\/borgo-valbelluna-camminando-lauditorium-di-s-pietro-gemito-per-ascoltare-giovanni-carraro-e-le-prealpi-bellunesi\/","title":{"rendered":"Borgo Valbelluna. Camminando: l\u2019Auditorium di S. Pietro gemito per ascoltare Giovanni Carraro e le Prealpi Bellunesi"},"content":{"rendered":"<figure id=\"attachment_155581\" aria-describedby=\"caption-attachment-155581\" style=\"width: 1000px\" class=\"wp-caption aligncenter\"><img loading=\"lazy\" decoding=\"async\" class=\"size-full wp-image-155581\" src=\"https:\/\/www.bellunopress.it\/wp-content\/uploads\/2024\/11\/Andrea-Cecchella-e-Carraro.jpg\" alt=\"\" width=\"1000\" height=\"563\" srcset=\"https:\/\/www.bellunopress.it\/wp-content\/uploads\/2024\/11\/Andrea-Cecchella-e-Carraro.jpg 1000w, https:\/\/www.bellunopress.it\/wp-content\/uploads\/2024\/11\/Andrea-Cecchella-e-Carraro-500x282.jpg 500w, https:\/\/www.bellunopress.it\/wp-content\/uploads\/2024\/11\/Andrea-Cecchella-e-Carraro-746x420.jpg 746w, https:\/\/www.bellunopress.it\/wp-content\/uploads\/2024\/11\/Andrea-Cecchella-e-Carraro-696x392.jpg 696w\" sizes=\"auto, (max-width: 1000px) 100vw, 1000px\" \/><figcaption id=\"caption-attachment-155581\" class=\"wp-caption-text\">Andrea Cecchella e Giovanni Carraro<\/figcaption><\/figure>\n<p>L\u2019anteprima autunnale di Camminando. Esperienze, sensazioni, emozioni, si \u00e8 conclusa venerd\u00ec 8 novembre con un altro successo di pubblico. Un Auditorium di S. Pietro tutto esaurito ha accolto il trail explorer Giovanni Carraro e la sua presentazione in anteprima del progetto di mappatura dei Sentieri delle Prealpi Bellunesi. Da alcuni mesi \u00e8 possibile incontrare Carraro lungo la pedemontana, vederlo parlare con la gente intessendo una rete di collaborazioni, come sottolineato in apertura da Tatiana Menegol, presidente di Borgo Valbelluna Safe Walking e capogruppo di maggioranza, che ravvivano il senso di comunit\u00e0 e permettono di raccogliere informazioni, aneddoti e curiosit\u00e0 che arricchiranno la guida in uscita per il 2026.<br \/>\nDopo i saluti di Antonella Giacomini, giornalista ideatrice e curatrice di Camminando, del vice sindaco Simone Deola e del presidente del Parco Dolomiti Bellunesi, Ennio Vigne, che ha sottolineato il potenziale turistico delle Prealpi, Andrea Cecchella ha condotto una serata briosa, che ha portato sul palco anche alcuni tra i protagonisti e custodi del territorio. Cos\u00ec per il pubblico \u00e8 stato divertente, insieme al maestro di Cordellon, Ernesto Isotton, ricordare i sette soprannomi della nutrita famiglia Scarton: Gir, Monine, Pompei, Titoi, Lunardi, Poloi e Marioi.<\/p>\n<p>In pochi sapevano la storia del B24 Liberator caduto alla \u201cBusa dell\u2019Aereo\u201d del San Boldo, evento descritto da Daniele Cortina in un suo recente libro, della base Nato sul Cimone e del soggiorno degli americani a Pranolz, narrato a Carraro da Mario Magagnin. Si \u00e8 parlato anche dei miti e segreti che si celano attorno ai tredici faggi di Cavarnere in quel di Melere e della ferrovia, mai nata, raccontata da Marco Rosset e Davide De Bona. Patrimoni paesaggistici e culturali come il tiglio monumentale dei Giaroni di Laura Stiz e il dolce ricordo della minestra alla sbiraglia della locanda Al Ciclamino, evocata con un pizzico di nostalgia da Rosanna Colle da Stabie, li ritroveremo come box di approfondimento nella futura guida.<\/p>\n<p>Dei quaranta itinerari programmati, immersi tra morene, torbiere e cascatelle, Carraro ad oggi ne ha mappati ventotto, sostenuto anche dall\u2019Amministrazione comunale di Borgo Valbelluna, che crede fortemente al potenziale del suo territorio e alla possibilit\u00e0 di promuoverlo anche attraverso il cammino; per questo, grazie all\u2019opera dei volontari, sono gi\u00e0 stati tabellati oltre 300 km di sentieri.<\/p>\n<p>Camminando. Esperienze, sensazioni, emozioni il primo festival, in provincia di Belluno, dedicato all\u2019andare a piedi a 360\u00b0, d\u00e0 appuntamento alla ricchissima edizione 2025 che prender\u00e0 il via il 7 febbraio con Daniele Matterazzo, il giovane padovano che, malgrado una disabilit\u00e0 al braccio sinistro affronta cammini estremi in solitudine, e che racconter\u00e0 la sua ultima impresa in Groenlandia lungo un\u2019antica via di migrazione stagionale utilizzata fin dall\u2019antichit\u00e0 dagli Inuit. A seguire il 28 marzo l\u2019incontro con il geografo-scrittore Luigi Farrauto e il suo \u201cGeografie di un viaggiatore pavido\u201d guida ironica di che cosa non andrebbe fatto viaggiando nei luoghi pi\u00f9 sperduti della terra.<\/p>\n<p>Vera novit\u00e0 sar\u00e0, l\u201911 aprile, lo spettacolo di tango e flamenco El Coraz\u00f3n al Sur, racconto delle grandi migrazioni nel Nuovo Mondo che hanno determinato storicamente la costruzione di nuove identit\u00e0 nazionali e fenomeni culturali che hanno contaminato la stessa Europa. Non mancheranno inoltre i concorsi, i convegni, la fotografia: per la prima volta in Veneto arriver\u00e0 la mostra fotografica IMMENSO BLU con i suoi paesaggi antartici e la proiezione dell\u2019omonimo film di Manrico Dell\u2019Agnola. E poi tante, tante camminate per conoscere ed innamorarsi delle Prealpi.<\/p>","protected":false},"excerpt":{"rendered":"<p>L\u2019anteprima autunnale di Camminando. Esperienze, sensazioni, emozioni, si \u00e8 conclusa venerd\u00ec 8 novembre con un altro successo di pubblico. Un Auditorium di S. Pietro tutto esaurito ha accolto il trail explorer Giovanni Carraro e la sua presentazione in anteprima del progetto di mappatura dei Sentieri delle Prealpi Bellunesi. Da alcuni mesi \u00e8 possibile incontrare Carraro [&hellip;]<\/p>\n","protected":false},"author":2,"featured_media":155581,"comment_status":"closed","ping_status":"open","sticky":false,"template":"","format":"standard","meta":{"footnotes":""},"categories":[3,25],"tags":[],"class_list":["post-155580","post","type-post","status-publish","format-standard","has-post-thumbnail","category-arte-cultura-spettacoli-scienza-archivi","category-pausa-caffe"],"yoast_head":"<!-- This site is optimized with the Yoast SEO plugin v28.4 - https:\/\/yoast.com\/product\/yoast-seo-wordpress\/ -->\n<title>Borgo Valbelluna. Camminando: l\u2019Auditorium di S. Pietro gemito per ascoltare Giovanni Carraro e le Prealpi Bellunesi - Bellunopress - Dolomiti<\/title>\n<meta name=\"robots\" content=\"index, follow, max-snippet:-1, max-image-preview:large, max-video-preview:-1\" \/>\n<link rel=\"canonical\" href=\"https:\/\/www.bellunopress.it\/fr\/2024\/11\/09\/borgo-valbelluna-camminando-lauditorium-di-s-pietro-gemito-per-ascoltare-giovanni-carraro-e-le-prealpi-bellunesi\/\" \/>\n<meta property=\"og:locale\" content=\"fr_FR\" \/>\n<meta property=\"og:type\" content=\"article\" \/>\n<meta property=\"og:title\" content=\"Borgo Valbelluna. Camminando: l\u2019Auditorium di S. Pietro gemito per ascoltare Giovanni Carraro e le Prealpi Bellunesi - Bellunopress - Dolomiti\" \/>\n<meta property=\"og:description\" content=\"L\u2019anteprima autunnale di Camminando. Esperienze, sensazioni, emozioni, si \u00e8 conclusa venerd\u00ec 8 novembre con un altro successo di pubblico. Un Auditorium di S. Pietro tutto esaurito ha accolto il trail explorer Giovanni Carraro e la sua presentazione in anteprima del progetto di mappatura dei Sentieri delle Prealpi Bellunesi. Da alcuni mesi \u00e8 possibile incontrare Carraro [&hellip;]\" \/>\n<meta property=\"og:url\" content=\"https:\/\/www.bellunopress.it\/fr\/2024\/11\/09\/borgo-valbelluna-camminando-lauditorium-di-s-pietro-gemito-per-ascoltare-giovanni-carraro-e-le-prealpi-bellunesi\/\" \/>\n<meta property=\"og:site_name\" content=\"Bellunopress - Dolomiti\" \/>\n<meta property=\"article:publisher\" content=\"https:\/\/www.facebook.com\/profile.php?id=100008943462799\" \/>\n<meta property=\"article:published_time\" content=\"2024-11-09T19:27:13+00:00\" \/>\n<meta property=\"og:image\" content=\"https:\/\/www.bellunopress.it\/wp-content\/uploads\/2024\/11\/Andrea-Cecchella-e-Carraro.jpg\" \/>\n\t<meta property=\"og:image:width\" content=\"1000\" \/>\n\t<meta property=\"og:image:height\" content=\"563\" \/>\n\t<meta property=\"og:image:type\" content=\"image\/jpeg\" \/>\n<meta name=\"author\" content=\"redazione\" \/>\n<meta name=\"twitter:card\" content=\"summary_large_image\" \/>\n<meta name=\"twitter:creator\" content=\"@bellunopress\" \/>\n<meta name=\"twitter:site\" content=\"@bellunopress\" \/>\n<meta name=\"twitter:label1\" content=\"\u00c9crit par\" \/>\n\t<meta name=\"twitter:data1\" content=\"redazione\" \/>\n\t<meta name=\"twitter:label2\" content=\"Dur\u00e9e de lecture estim\u00e9e\" \/>\n\t<meta name=\"twitter:data2\" content=\"3 minutes\" \/>\n<script type=\"application\/ld+json\" class=\"yoast-schema-graph\">{\"@context\":\"https:\\\/\\\/schema.org\",\"@graph\":[{\"@type\":\"Article\",\"@id\":\"https:\\\/\\\/www.bellunopress.it\\\/2024\\\/11\\\/09\\\/borgo-valbelluna-camminando-lauditorium-di-s-pietro-gemito-per-ascoltare-giovanni-carraro-e-le-prealpi-bellunesi\\\/#article\",\"isPartOf\":{\"@id\":\"https:\\\/\\\/www.bellunopress.it\\\/2024\\\/11\\\/09\\\/borgo-valbelluna-camminando-lauditorium-di-s-pietro-gemito-per-ascoltare-giovanni-carraro-e-le-prealpi-bellunesi\\\/\"},\"author\":{\"name\":\"redazione\",\"@id\":\"https:\\\/\\\/www.bellunopress.it\\\/#\\\/schema\\\/person\\\/79bb06722b37ece1c03d3e94beb30d73\"},\"headline\":\"Borgo Valbelluna. Camminando: l\u2019Auditorium di S. Pietro gemito per ascoltare Giovanni Carraro e le Prealpi Bellunesi\",\"datePublished\":\"2024-11-09T19:27:13+00:00\",\"mainEntityOfPage\":{\"@id\":\"https:\\\/\\\/www.bellunopress.it\\\/2024\\\/11\\\/09\\\/borgo-valbelluna-camminando-lauditorium-di-s-pietro-gemito-per-ascoltare-giovanni-carraro-e-le-prealpi-bellunesi\\\/\"},\"wordCount\":588,\"publisher\":{\"@id\":\"https:\\\/\\\/www.bellunopress.it\\\/#organization\"},\"image\":{\"@id\":\"https:\\\/\\\/www.bellunopress.it\\\/2024\\\/11\\\/09\\\/borgo-valbelluna-camminando-lauditorium-di-s-pietro-gemito-per-ascoltare-giovanni-carraro-e-le-prealpi-bellunesi\\\/#primaryimage\"},\"thumbnailUrl\":\"https:\\\/\\\/www.bellunopress.it\\\/wp-content\\\/uploads\\\/2024\\\/11\\\/Andrea-Cecchella-e-Carraro.jpg\",\"articleSection\":[\"Arte, Cultura, Spettacoli, Scienza\",\"Pausa Caff\u00e8\"],\"inLanguage\":\"fr-FR\"},{\"@type\":\"WebPage\",\"@id\":\"https:\\\/\\\/www.bellunopress.it\\\/2024\\\/11\\\/09\\\/borgo-valbelluna-camminando-lauditorium-di-s-pietro-gemito-per-ascoltare-giovanni-carraro-e-le-prealpi-bellunesi\\\/\",\"url\":\"https:\\\/\\\/www.bellunopress.it\\\/2024\\\/11\\\/09\\\/borgo-valbelluna-camminando-lauditorium-di-s-pietro-gemito-per-ascoltare-giovanni-carraro-e-le-prealpi-bellunesi\\\/\",\"name\":\"Borgo Valbelluna. Camminando: l\u2019Auditorium di S. Pietro gemito per ascoltare Giovanni Carraro e le Prealpi Bellunesi - Bellunopress - Dolomiti\",\"isPartOf\":{\"@id\":\"https:\\\/\\\/www.bellunopress.it\\\/#website\"},\"primaryImageOfPage\":{\"@id\":\"https:\\\/\\\/www.bellunopress.it\\\/2024\\\/11\\\/09\\\/borgo-valbelluna-camminando-lauditorium-di-s-pietro-gemito-per-ascoltare-giovanni-carraro-e-le-prealpi-bellunesi\\\/#primaryimage\"},\"image\":{\"@id\":\"https:\\\/\\\/www.bellunopress.it\\\/2024\\\/11\\\/09\\\/borgo-valbelluna-camminando-lauditorium-di-s-pietro-gemito-per-ascoltare-giovanni-carraro-e-le-prealpi-bellunesi\\\/#primaryimage\"},\"thumbnailUrl\":\"https:\\\/\\\/www.bellunopress.it\\\/wp-content\\\/uploads\\\/2024\\\/11\\\/Andrea-Cecchella-e-Carraro.jpg\",\"datePublished\":\"2024-11-09T19:27:13+00:00\",\"breadcrumb\":{\"@id\":\"https:\\\/\\\/www.bellunopress.it\\\/2024\\\/11\\\/09\\\/borgo-valbelluna-camminando-lauditorium-di-s-pietro-gemito-per-ascoltare-giovanni-carraro-e-le-prealpi-bellunesi\\\/#breadcrumb\"},\"inLanguage\":\"fr-FR\",\"potentialAction\":[{\"@type\":\"ReadAction\",\"target\":[\"https:\\\/\\\/www.bellunopress.it\\\/2024\\\/11\\\/09\\\/borgo-valbelluna-camminando-lauditorium-di-s-pietro-gemito-per-ascoltare-giovanni-carraro-e-le-prealpi-bellunesi\\\/\"]}]},{\"@type\":\"ImageObject\",\"inLanguage\":\"fr-FR\",\"@id\":\"https:\\\/\\\/www.bellunopress.it\\\/2024\\\/11\\\/09\\\/borgo-valbelluna-camminando-lauditorium-di-s-pietro-gemito-per-ascoltare-giovanni-carraro-e-le-prealpi-bellunesi\\\/#primaryimage\",\"url\":\"https:\\\/\\\/www.bellunopress.it\\\/wp-content\\\/uploads\\\/2024\\\/11\\\/Andrea-Cecchella-e-Carraro.jpg\",\"contentUrl\":\"https:\\\/\\\/www.bellunopress.it\\\/wp-content\\\/uploads\\\/2024\\\/11\\\/Andrea-Cecchella-e-Carraro.jpg\",\"width\":1000,\"height\":563,\"caption\":\"Andrea Cecchella e Giovanni Carraro\"},{\"@type\":\"BreadcrumbList\",\"@id\":\"https:\\\/\\\/www.bellunopress.it\\\/2024\\\/11\\\/09\\\/borgo-valbelluna-camminando-lauditorium-di-s-pietro-gemito-per-ascoltare-giovanni-carraro-e-le-prealpi-bellunesi\\\/#breadcrumb\",\"itemListElement\":[{\"@type\":\"ListItem\",\"position\":1,\"name\":\"Home\",\"item\":\"https:\\\/\\\/www.bellunopress.it\\\/\"},{\"@type\":\"ListItem\",\"position\":2,\"name\":\"Borgo Valbelluna. Camminando: l\u2019Auditorium di S. Pietro gemito per ascoltare Giovanni Carraro e le Prealpi Bellunesi\"}]},{\"@type\":\"WebSite\",\"@id\":\"https:\\\/\\\/www.bellunopress.it\\\/#website\",\"url\":\"https:\\\/\\\/www.bellunopress.it\\\/\",\"name\":\"Bellunopress - Dolomiti\",\"description\":\"e-mail: redazione@bellunopress.it\",\"publisher\":{\"@id\":\"https:\\\/\\\/www.bellunopress.it\\\/#organization\"},\"potentialAction\":[{\"@type\":\"SearchAction\",\"target\":{\"@type\":\"EntryPoint\",\"urlTemplate\":\"https:\\\/\\\/www.bellunopress.it\\\/?s={search_term_string}\"},\"query-input\":{\"@type\":\"PropertyValueSpecification\",\"valueRequired\":true,\"valueName\":\"search_term_string\"}}],\"inLanguage\":\"fr-FR\"},{\"@type\":\"Organization\",\"@id\":\"https:\\\/\\\/www.bellunopress.it\\\/#organization\",\"name\":\"Bellunopress\",\"url\":\"https:\\\/\\\/www.bellunopress.it\\\/\",\"logo\":{\"@type\":\"ImageObject\",\"inLanguage\":\"fr-FR\",\"@id\":\"https:\\\/\\\/www.bellunopress.it\\\/#\\\/schema\\\/logo\\\/image\\\/\",\"url\":\"https:\\\/\\\/www.bellunopress.it\\\/wp-content\\\/uploads\\\/2011\\\/05\\\/cropped-logo-bellunopress-.jpg\",\"contentUrl\":\"https:\\\/\\\/www.bellunopress.it\\\/wp-content\\\/uploads\\\/2011\\\/05\\\/cropped-logo-bellunopress-.jpg\",\"width\":512,\"height\":512,\"caption\":\"Bellunopress\"},\"image\":{\"@id\":\"https:\\\/\\\/www.bellunopress.it\\\/#\\\/schema\\\/logo\\\/image\\\/\"},\"sameAs\":[\"https:\\\/\\\/www.facebook.com\\\/profile.php?id=100008943462799\",\"https:\\\/\\\/x.com\\\/bellunopress\",\"https:\\\/\\\/www.linkedin.com\\\/hp\\\/?dnr=JBzUWaJfMUw8vbXJJ2tVW5-I3jZKvC4wsoxE&amp;amp;amp;amp;amp;amp;trk=nav_responsive_tab_home\",\"https:\\\/\\\/www.youtube.com\\\/channel\\\/UCxL0wu1uN0_3_7hGG0306cw\"]},{\"@type\":\"Person\",\"@id\":\"https:\\\/\\\/www.bellunopress.it\\\/#\\\/schema\\\/person\\\/79bb06722b37ece1c03d3e94beb30d73\",\"name\":\"redazione\",\"image\":{\"@type\":\"ImageObject\",\"inLanguage\":\"fr-FR\",\"@id\":\"https:\\\/\\\/secure.gravatar.com\\\/avatar\\\/37d968a2e67a6fd04c169c4bdef102d0bc5d31b2546345219e348575eb80e9a0?s=96&d=mm&r=g\",\"url\":\"https:\\\/\\\/secure.gravatar.com\\\/avatar\\\/37d968a2e67a6fd04c169c4bdef102d0bc5d31b2546345219e348575eb80e9a0?s=96&d=mm&r=g\",\"contentUrl\":\"https:\\\/\\\/secure.gravatar.com\\\/avatar\\\/37d968a2e67a6fd04c169c4bdef102d0bc5d31b2546345219e348575eb80e9a0?s=96&d=mm&r=g\",\"caption\":\"redazione\"},\"sameAs\":[\"http:\\\/\\\/www.bellunopress.it\",\"https:\\\/\\\/x.com\\\/bellunopress\"],\"url\":\"https:\\\/\\\/www.bellunopress.it\\\/fr\\\/author\\\/redazione\\\/\"}]}<\/script>\n<!-- \/ Yoast SEO plugin. -->","yoast_head_json":{"title":"Borgo Valbelluna. Camminando: l\u2019Auditorium di S. Pietro gemito per ascoltare Giovanni Carraro e le Prealpi Bellunesi - Bellunopress - Dolomiti","robots":{"index":"index","follow":"follow","max-snippet":"max-snippet:-1","max-image-preview":"max-image-preview:large","max-video-preview":"max-video-preview:-1"},"canonical":"https:\/\/www.bellunopress.it\/fr\/2024\/11\/09\/borgo-valbelluna-camminando-lauditorium-di-s-pietro-gemito-per-ascoltare-giovanni-carraro-e-le-prealpi-bellunesi\/","og_locale":"fr_FR","og_type":"article","og_title":"Borgo Valbelluna. Camminando: l\u2019Auditorium di S. Pietro gemito per ascoltare Giovanni Carraro e le Prealpi Bellunesi - Bellunopress - Dolomiti","og_description":"L\u2019anteprima autunnale di Camminando. Esperienze, sensazioni, emozioni, si \u00e8 conclusa venerd\u00ec 8 novembre con un altro successo di pubblico. Un Auditorium di S. Pietro tutto esaurito ha accolto il trail explorer Giovanni Carraro e la sua presentazione in anteprima del progetto di mappatura dei Sentieri delle Prealpi Bellunesi. Da alcuni mesi \u00e8 possibile incontrare Carraro [&hellip;]","og_url":"https:\/\/www.bellunopress.it\/fr\/2024\/11\/09\/borgo-valbelluna-camminando-lauditorium-di-s-pietro-gemito-per-ascoltare-giovanni-carraro-e-le-prealpi-bellunesi\/","og_site_name":"Bellunopress - Dolomiti","article_publisher":"https:\/\/www.facebook.com\/profile.php?id=100008943462799","article_published_time":"2024-11-09T19:27:13+00:00","og_image":[{"width":1000,"height":563,"url":"https:\/\/www.bellunopress.it\/wp-content\/uploads\/2024\/11\/Andrea-Cecchella-e-Carraro.jpg","type":"image\/jpeg"}],"author":"redazione","twitter_card":"summary_large_image","twitter_creator":"@bellunopress","twitter_site":"@bellunopress","twitter_misc":{"\u00c9crit par":"redazione","Dur\u00e9e de lecture estim\u00e9e":"3 minutes"},"schema":{"@context":"https:\/\/schema.org","@graph":[{"@type":"Article","@id":"https:\/\/www.bellunopress.it\/2024\/11\/09\/borgo-valbelluna-camminando-lauditorium-di-s-pietro-gemito-per-ascoltare-giovanni-carraro-e-le-prealpi-bellunesi\/#article","isPartOf":{"@id":"https:\/\/www.bellunopress.it\/2024\/11\/09\/borgo-valbelluna-camminando-lauditorium-di-s-pietro-gemito-per-ascoltare-giovanni-carraro-e-le-prealpi-bellunesi\/"},"author":{"name":"redazione","@id":"https:\/\/www.bellunopress.it\/#\/schema\/person\/79bb06722b37ece1c03d3e94beb30d73"},"headline":"Borgo Valbelluna. Camminando: l\u2019Auditorium di S. Pietro gemito per ascoltare Giovanni Carraro e le Prealpi Bellunesi","datePublished":"2024-11-09T19:27:13+00:00","mainEntityOfPage":{"@id":"https:\/\/www.bellunopress.it\/2024\/11\/09\/borgo-valbelluna-camminando-lauditorium-di-s-pietro-gemito-per-ascoltare-giovanni-carraro-e-le-prealpi-bellunesi\/"},"wordCount":588,"publisher":{"@id":"https:\/\/www.bellunopress.it\/#organization"},"image":{"@id":"https:\/\/www.bellunopress.it\/2024\/11\/09\/borgo-valbelluna-camminando-lauditorium-di-s-pietro-gemito-per-ascoltare-giovanni-carraro-e-le-prealpi-bellunesi\/#primaryimage"},"thumbnailUrl":"https:\/\/www.bellunopress.it\/wp-content\/uploads\/2024\/11\/Andrea-Cecchella-e-Carraro.jpg","articleSection":["Arte, Cultura, Spettacoli, Scienza","Pausa Caff\u00e8"],"inLanguage":"fr-FR"},{"@type":"WebPage","@id":"https:\/\/www.bellunopress.it\/2024\/11\/09\/borgo-valbelluna-camminando-lauditorium-di-s-pietro-gemito-per-ascoltare-giovanni-carraro-e-le-prealpi-bellunesi\/","url":"https:\/\/www.bellunopress.it\/2024\/11\/09\/borgo-valbelluna-camminando-lauditorium-di-s-pietro-gemito-per-ascoltare-giovanni-carraro-e-le-prealpi-bellunesi\/","name":"Borgo Valbelluna. Camminando: l\u2019Auditorium di S. Pietro gemito per ascoltare Giovanni Carraro e le Prealpi Bellunesi - Bellunopress - Dolomiti","isPartOf":{"@id":"https:\/\/www.bellunopress.it\/#website"},"primaryImageOfPage":{"@id":"https:\/\/www.bellunopress.it\/2024\/11\/09\/borgo-valbelluna-camminando-lauditorium-di-s-pietro-gemito-per-ascoltare-giovanni-carraro-e-le-prealpi-bellunesi\/#primaryimage"},"image":{"@id":"https:\/\/www.bellunopress.it\/2024\/11\/09\/borgo-valbelluna-camminando-lauditorium-di-s-pietro-gemito-per-ascoltare-giovanni-carraro-e-le-prealpi-bellunesi\/#primaryimage"},"thumbnailUrl":"https:\/\/www.bellunopress.it\/wp-content\/uploads\/2024\/11\/Andrea-Cecchella-e-Carraro.jpg","datePublished":"2024-11-09T19:27:13+00:00","breadcrumb":{"@id":"https:\/\/www.bellunopress.it\/2024\/11\/09\/borgo-valbelluna-camminando-lauditorium-di-s-pietro-gemito-per-ascoltare-giovanni-carraro-e-le-prealpi-bellunesi\/#breadcrumb"},"inLanguage":"fr-FR","potentialAction":[{"@type":"ReadAction","target":["https:\/\/www.bellunopress.it\/2024\/11\/09\/borgo-valbelluna-camminando-lauditorium-di-s-pietro-gemito-per-ascoltare-giovanni-carraro-e-le-prealpi-bellunesi\/"]}]},{"@type":"ImageObject","inLanguage":"fr-FR","@id":"https:\/\/www.bellunopress.it\/2024\/11\/09\/borgo-valbelluna-camminando-lauditorium-di-s-pietro-gemito-per-ascoltare-giovanni-carraro-e-le-prealpi-bellunesi\/#primaryimage","url":"https:\/\/www.bellunopress.it\/wp-content\/uploads\/2024\/11\/Andrea-Cecchella-e-Carraro.jpg","contentUrl":"https:\/\/www.bellunopress.it\/wp-content\/uploads\/2024\/11\/Andrea-Cecchella-e-Carraro.jpg","width":1000,"height":563,"caption":"Andrea Cecchella e Giovanni Carraro"},{"@type":"BreadcrumbList","@id":"https:\/\/www.bellunopress.it\/2024\/11\/09\/borgo-valbelluna-camminando-lauditorium-di-s-pietro-gemito-per-ascoltare-giovanni-carraro-e-le-prealpi-bellunesi\/#breadcrumb","itemListElement":[{"@type":"ListItem","position":1,"name":"Home","item":"https:\/\/www.bellunopress.it\/"},{"@type":"ListItem","position":2,"name":"Borgo Valbelluna. Camminando: l\u2019Auditorium di S. Pietro gemito per ascoltare Giovanni Carraro e le Prealpi Bellunesi"}]},{"@type":"WebSite","@id":"https:\/\/www.bellunopress.it\/#website","url":"https:\/\/www.bellunopress.it\/","name":"Bellunopress - Dolomiti","description":"e-mail: redazione@bellunopress.it","publisher":{"@id":"https:\/\/www.bellunopress.it\/#organization"},"potentialAction":[{"@type":"SearchAction","target":{"@type":"EntryPoint","urlTemplate":"https:\/\/www.bellunopress.it\/?s={search_term_string}"},"query-input":{"@type":"PropertyValueSpecification","valueRequired":true,"valueName":"search_term_string"}}],"inLanguage":"fr-FR"},{"@type":"Organization","@id":"https:\/\/www.bellunopress.it\/#organization","name":"Bellunopress","url":"https:\/\/www.bellunopress.it\/","logo":{"@type":"ImageObject","inLanguage":"fr-FR","@id":"https:\/\/www.bellunopress.it\/#\/schema\/logo\/image\/","url":"https:\/\/www.bellunopress.it\/wp-content\/uploads\/2011\/05\/cropped-logo-bellunopress-.jpg","contentUrl":"https:\/\/www.bellunopress.it\/wp-content\/uploads\/2011\/05\/cropped-logo-bellunopress-.jpg","width":512,"height":512,"caption":"Bellunopress"},"image":{"@id":"https:\/\/www.bellunopress.it\/#\/schema\/logo\/image\/"},"sameAs":["https:\/\/www.facebook.com\/profile.php?id=100008943462799","https:\/\/x.com\/bellunopress","https:\/\/www.linkedin.com\/hp\/?dnr=JBzUWaJfMUw8vbXJJ2tVW5-I3jZKvC4wsoxE&amp;amp;amp;amp;amp;amp;trk=nav_responsive_tab_home","https:\/\/www.youtube.com\/channel\/UCxL0wu1uN0_3_7hGG0306cw"]},{"@type":"Person","@id":"https:\/\/www.bellunopress.it\/#\/schema\/person\/79bb06722b37ece1c03d3e94beb30d73","name":"r\u00e9daction","image":{"@type":"ImageObject","inLanguage":"fr-FR","@id":"https:\/\/secure.gravatar.com\/avatar\/37d968a2e67a6fd04c169c4bdef102d0bc5d31b2546345219e348575eb80e9a0?s=96&d=mm&r=g","url":"https:\/\/secure.gravatar.com\/avatar\/37d968a2e67a6fd04c169c4bdef102d0bc5d31b2546345219e348575eb80e9a0?s=96&d=mm&r=g","contentUrl":"https:\/\/secure.gravatar.com\/avatar\/37d968a2e67a6fd04c169c4bdef102d0bc5d31b2546345219e348575eb80e9a0?s=96&d=mm&r=g","caption":"redazione"},"sameAs":["http:\/\/www.bellunopress.it","https:\/\/x.com\/bellunopress"],"url":"https:\/\/www.bellunopress.it\/fr\/author\/redazione\/"}]}},"_links":{"self":[{"href":"https:\/\/www.bellunopress.it\/fr\/wp-json\/wp\/v2\/posts\/155580","targetHints":{"allow":["GET"]}}],"collection":[{"href":"https:\/\/www.bellunopress.it\/fr\/wp-json\/wp\/v2\/posts"}],"about":[{"href":"https:\/\/www.bellunopress.it\/fr\/wp-json\/wp\/v2\/types\/post"}],"author":[{"embeddable":true,"href":"https:\/\/www.bellunopress.it\/fr\/wp-json\/wp\/v2\/users\/2"}],"replies":[{"embeddable":true,"href":"https:\/\/www.bellunopress.it\/fr\/wp-json\/wp\/v2\/comments?post=155580"}],"version-history":[{"count":1,"href":"https:\/\/www.bellunopress.it\/fr\/wp-json\/wp\/v2\/posts\/155580\/revisions"}],"predecessor-version":[{"id":155582,"href":"https:\/\/www.bellunopress.it\/fr\/wp-json\/wp\/v2\/posts\/155580\/revisions\/155582"}],"wp:featuredmedia":[{"embeddable":true,"href":"https:\/\/www.bellunopress.it\/fr\/wp-json\/wp\/v2\/media\/155581"}],"wp:attachment":[{"href":"https:\/\/www.bellunopress.it\/fr\/wp-json\/wp\/v2\/media?parent=155580"}],"wp:term":[{"taxonomy":"category","embeddable":true,"href":"https:\/\/www.bellunopress.it\/fr\/wp-json\/wp\/v2\/categories?post=155580"},{"taxonomy":"post_tag","embeddable":true,"href":"https:\/\/www.bellunopress.it\/fr\/wp-json\/wp\/v2\/tags?post=155580"}],"curies":[{"name":"wp","href":"https:\/\/api.w.org\/{rel}","templated":true}]}}