{"id":155576,"date":"2024-11-09T20:20:13","date_gmt":"2024-11-09T19:20:13","guid":{"rendered":"https:\/\/www.bellunopress.it\/?p=155576"},"modified":"2024-11-09T20:20:13","modified_gmt":"2024-11-09T19:20:13","slug":"controlli-del-sabato-sera-della-polizia-stradale","status":"publish","type":"post","link":"https:\/\/www.bellunopress.it\/fr\/2024\/11\/09\/controlli-del-sabato-sera-della-polizia-stradale\/","title":{"rendered":"Controlli del sabato sera della Polizia stradale"},"content":{"rendered":"<figure id=\"attachment_122507\" aria-describedby=\"caption-attachment-122507\" style=\"width: 1000px\" class=\"wp-caption aligncenter\"><img loading=\"lazy\" decoding=\"async\" class=\"size-full wp-image-122507\" src=\"https:\/\/www.bellunopress.it\/wp-content\/uploads\/2021\/03\/Polizia-Stradale_edited.jpg\" alt=\"\" width=\"1000\" height=\"650\" srcset=\"https:\/\/www.bellunopress.it\/wp-content\/uploads\/2021\/03\/Polizia-Stradale_edited.jpg 1000w, https:\/\/www.bellunopress.it\/wp-content\/uploads\/2021\/03\/Polizia-Stradale_edited-500x325.jpg 500w, https:\/\/www.bellunopress.it\/wp-content\/uploads\/2021\/03\/Polizia-Stradale_edited-696x452.jpg 696w, https:\/\/www.bellunopress.it\/wp-content\/uploads\/2021\/03\/Polizia-Stradale_edited-646x420.jpg 646w\" sizes=\"auto, (max-width: 1000px) 100vw, 1000px\" \/><figcaption id=\"caption-attachment-122507\" class=\"wp-caption-text\">Polizia stradale (Foto di repertorio)<\/figcaption><\/figure>\n<p>Il Servizio Polizia Stradale ha predisposto negli ultimi fine settimana del mese di novembre una serie di controlli specifici atti a contrastare la guida in stato di ebrezza alcolica o sotto effetto di sostanze stupefacenti o psicotrope, considerata la necessit\u00e0 di perseguire con la massima efficacia un fenomeno sovente causa di incidenti stradali.<\/p>\n<p>Oltre al gi\u00e0 noto etilometro, utilizzato per l\u2019accertamento dell\u2019ebbrezza alcolica, \u00e8 stato adoperato anche il dispositivo di screening e relativi kit per su campioni di saliva prelevati in modo non invasivo, per l\u2019accertamento dell\u2019assunzione di sostanze stupefacenti- psicotrope, alla presenza del Funzionario Medico di Polizia.<\/p>\n<p>Il dispositivo messo in atto sul territorio bellunese, e ha consentito di realizzare un controllo totale di 44 veicoli, 47 conducenti, 5 dei quali sono risultati positivi all\u2019accertamento mediante etilometro, lo strumento omologato che consente di quantificare il tasso alcolemico raggiunto, con il deferimento all\u2019Autorit\u00e0 Giudiziaria e 2 conducenti risultati positivi a sostanze stupefacenti-psicotrope, quindi con una percentuale sorprendentemente alta rispetto ad analoghi servizi, ovvero superiore del 15 %.<\/p>\n<p>In qualche caso gli operatori di polizia stradale hanno riscontrato la presenza a bordo di un conducente designato, ovvero una persona che si prende l\u2019impegno di non bere alcolici per riportare a casa i passeggeri. Anche per non rischiare le pesanti sanzioni accessorie del ritiro della patente ai fini della sospensione fino ad un massimo di due anni e la revisione della patente stessa, che comporta l\u2019obbligo per il conducente di presentarsi presso la Commissione Medica Provinciale per l\u2019idoneit\u00e0 dei requisiti psicofisici, con la riduzione della validit\u00e0 della patente. Se il conducente supera il tasso alcolemico di 1,5 g\/l \u00e8 prevista anche la confisca del veicolo.<\/p>\n<p>I controlli della Polizia Stradale con l\u2019ausilio di strumentazioni specifiche e di precursori per l\u2019uso delle sostanze saranno ripetuti e si estenderanno su tutto il territorio provinciale.<\/p>","protected":false},"excerpt":{"rendered":"<p>Il Servizio Polizia Stradale ha predisposto negli ultimi fine settimana del mese di novembre una serie di controlli specifici atti a contrastare la guida in stato di ebrezza alcolica o sotto effetto di sostanze stupefacenti o psicotrope, considerata la necessit\u00e0 di perseguire con la massima efficacia un fenomeno sovente causa di incidenti stradali. Oltre al [&hellip;]<\/p>\n","protected":false},"author":2,"featured_media":122507,"comment_status":"closed","ping_status":"open","sticky":false,"template":"","format":"standard","meta":{"footnotes":""},"categories":[5,26],"tags":[],"class_list":["post-155576","post","type-post","status-publish","format-standard","has-post-thumbnail","category-cronaca","category-prima-pagina"],"yoast_head":"<!-- This site is optimized with the Yoast SEO plugin v28.4 - https:\/\/yoast.com\/product\/yoast-seo-wordpress\/ -->\n<title>Controlli del sabato sera della Polizia stradale - Bellunopress - Dolomiti<\/title>\n<meta name=\"robots\" content=\"index, follow, max-snippet:-1, max-image-preview:large, max-video-preview:-1\" \/>\n<link rel=\"canonical\" href=\"https:\/\/www.bellunopress.it\/fr\/2024\/11\/09\/controlli-del-sabato-sera-della-polizia-stradale\/\" \/>\n<meta property=\"og:locale\" content=\"fr_FR\" \/>\n<meta property=\"og:type\" content=\"article\" \/>\n<meta property=\"og:title\" content=\"Controlli del sabato sera della Polizia stradale - Bellunopress - Dolomiti\" \/>\n<meta property=\"og:description\" content=\"Il Servizio Polizia Stradale ha predisposto negli ultimi fine settimana del mese di novembre una serie di controlli specifici atti a contrastare la guida in stato di ebrezza alcolica o sotto effetto di sostanze stupefacenti o psicotrope, considerata la necessit\u00e0 di perseguire con la massima efficacia un fenomeno sovente causa di incidenti stradali. Oltre al [&hellip;]\" \/>\n<meta property=\"og:url\" content=\"https:\/\/www.bellunopress.it\/fr\/2024\/11\/09\/controlli-del-sabato-sera-della-polizia-stradale\/\" \/>\n<meta property=\"og:site_name\" content=\"Bellunopress - Dolomiti\" \/>\n<meta property=\"article:publisher\" content=\"https:\/\/www.facebook.com\/profile.php?id=100008943462799\" \/>\n<meta property=\"article:published_time\" content=\"2024-11-09T19:20:13+00:00\" \/>\n<meta property=\"og:image\" content=\"https:\/\/www.bellunopress.it\/wp-content\/uploads\/2021\/03\/Polizia-Stradale_edited.jpg\" \/>\n\t<meta property=\"og:image:width\" content=\"1000\" \/>\n\t<meta property=\"og:image:height\" content=\"650\" \/>\n\t<meta property=\"og:image:type\" content=\"image\/jpeg\" \/>\n<meta name=\"author\" content=\"redazione\" \/>\n<meta name=\"twitter:card\" content=\"summary_large_image\" \/>\n<meta name=\"twitter:creator\" content=\"@bellunopress\" \/>\n<meta name=\"twitter:site\" content=\"@bellunopress\" \/>\n<meta name=\"twitter:label1\" content=\"\u00c9crit par\" \/>\n\t<meta name=\"twitter:data1\" content=\"redazione\" \/>\n\t<meta name=\"twitter:label2\" content=\"Dur\u00e9e de lecture estim\u00e9e\" \/>\n\t<meta name=\"twitter:data2\" content=\"2 minutes\" \/>\n<script type=\"application\/ld+json\" class=\"yoast-schema-graph\">{\"@context\":\"https:\\\/\\\/schema.org\",\"@graph\":[{\"@type\":\"Article\",\"@id\":\"https:\\\/\\\/www.bellunopress.it\\\/2024\\\/11\\\/09\\\/controlli-del-sabato-sera-della-polizia-stradale\\\/#article\",\"isPartOf\":{\"@id\":\"https:\\\/\\\/www.bellunopress.it\\\/2024\\\/11\\\/09\\\/controlli-del-sabato-sera-della-polizia-stradale\\\/\"},\"author\":{\"name\":\"redazione\",\"@id\":\"https:\\\/\\\/www.bellunopress.it\\\/#\\\/schema\\\/person\\\/79bb06722b37ece1c03d3e94beb30d73\"},\"headline\":\"Controlli del sabato sera della Polizia stradale\",\"datePublished\":\"2024-11-09T19:20:13+00:00\",\"mainEntityOfPage\":{\"@id\":\"https:\\\/\\\/www.bellunopress.it\\\/2024\\\/11\\\/09\\\/controlli-del-sabato-sera-della-polizia-stradale\\\/\"},\"wordCount\":322,\"publisher\":{\"@id\":\"https:\\\/\\\/www.bellunopress.it\\\/#organization\"},\"image\":{\"@id\":\"https:\\\/\\\/www.bellunopress.it\\\/2024\\\/11\\\/09\\\/controlli-del-sabato-sera-della-polizia-stradale\\\/#primaryimage\"},\"thumbnailUrl\":\"https:\\\/\\\/www.bellunopress.it\\\/wp-content\\\/uploads\\\/2021\\\/03\\\/Polizia-Stradale_edited.jpg\",\"articleSection\":[\"Cronaca\\\/Politica\",\"Prima Pagina\"],\"inLanguage\":\"fr-FR\"},{\"@type\":\"WebPage\",\"@id\":\"https:\\\/\\\/www.bellunopress.it\\\/2024\\\/11\\\/09\\\/controlli-del-sabato-sera-della-polizia-stradale\\\/\",\"url\":\"https:\\\/\\\/www.bellunopress.it\\\/2024\\\/11\\\/09\\\/controlli-del-sabato-sera-della-polizia-stradale\\\/\",\"name\":\"Controlli del sabato sera della Polizia stradale - Bellunopress - Dolomiti\",\"isPartOf\":{\"@id\":\"https:\\\/\\\/www.bellunopress.it\\\/#website\"},\"primaryImageOfPage\":{\"@id\":\"https:\\\/\\\/www.bellunopress.it\\\/2024\\\/11\\\/09\\\/controlli-del-sabato-sera-della-polizia-stradale\\\/#primaryimage\"},\"image\":{\"@id\":\"https:\\\/\\\/www.bellunopress.it\\\/2024\\\/11\\\/09\\\/controlli-del-sabato-sera-della-polizia-stradale\\\/#primaryimage\"},\"thumbnailUrl\":\"https:\\\/\\\/www.bellunopress.it\\\/wp-content\\\/uploads\\\/2021\\\/03\\\/Polizia-Stradale_edited.jpg\",\"datePublished\":\"2024-11-09T19:20:13+00:00\",\"breadcrumb\":{\"@id\":\"https:\\\/\\\/www.bellunopress.it\\\/2024\\\/11\\\/09\\\/controlli-del-sabato-sera-della-polizia-stradale\\\/#breadcrumb\"},\"inLanguage\":\"fr-FR\",\"potentialAction\":[{\"@type\":\"ReadAction\",\"target\":[\"https:\\\/\\\/www.bellunopress.it\\\/2024\\\/11\\\/09\\\/controlli-del-sabato-sera-della-polizia-stradale\\\/\"]}]},{\"@type\":\"ImageObject\",\"inLanguage\":\"fr-FR\",\"@id\":\"https:\\\/\\\/www.bellunopress.it\\\/2024\\\/11\\\/09\\\/controlli-del-sabato-sera-della-polizia-stradale\\\/#primaryimage\",\"url\":\"https:\\\/\\\/www.bellunopress.it\\\/wp-content\\\/uploads\\\/2021\\\/03\\\/Polizia-Stradale_edited.jpg\",\"contentUrl\":\"https:\\\/\\\/www.bellunopress.it\\\/wp-content\\\/uploads\\\/2021\\\/03\\\/Polizia-Stradale_edited.jpg\",\"width\":1000,\"height\":650,\"caption\":\"Polizia stradale (Foto di repertorio)\"},{\"@type\":\"BreadcrumbList\",\"@id\":\"https:\\\/\\\/www.bellunopress.it\\\/2024\\\/11\\\/09\\\/controlli-del-sabato-sera-della-polizia-stradale\\\/#breadcrumb\",\"itemListElement\":[{\"@type\":\"ListItem\",\"position\":1,\"name\":\"Home\",\"item\":\"https:\\\/\\\/www.bellunopress.it\\\/\"},{\"@type\":\"ListItem\",\"position\":2,\"name\":\"Controlli del sabato sera della Polizia stradale\"}]},{\"@type\":\"WebSite\",\"@id\":\"https:\\\/\\\/www.bellunopress.it\\\/#website\",\"url\":\"https:\\\/\\\/www.bellunopress.it\\\/\",\"name\":\"Bellunopress - Dolomiti\",\"description\":\"e-mail: redazione@bellunopress.it\",\"publisher\":{\"@id\":\"https:\\\/\\\/www.bellunopress.it\\\/#organization\"},\"potentialAction\":[{\"@type\":\"SearchAction\",\"target\":{\"@type\":\"EntryPoint\",\"urlTemplate\":\"https:\\\/\\\/www.bellunopress.it\\\/?s={search_term_string}\"},\"query-input\":{\"@type\":\"PropertyValueSpecification\",\"valueRequired\":true,\"valueName\":\"search_term_string\"}}],\"inLanguage\":\"fr-FR\"},{\"@type\":\"Organization\",\"@id\":\"https:\\\/\\\/www.bellunopress.it\\\/#organization\",\"name\":\"Bellunopress\",\"url\":\"https:\\\/\\\/www.bellunopress.it\\\/\",\"logo\":{\"@type\":\"ImageObject\",\"inLanguage\":\"fr-FR\",\"@id\":\"https:\\\/\\\/www.bellunopress.it\\\/#\\\/schema\\\/logo\\\/image\\\/\",\"url\":\"https:\\\/\\\/www.bellunopress.it\\\/wp-content\\\/uploads\\\/2011\\\/05\\\/cropped-logo-bellunopress-.jpg\",\"contentUrl\":\"https:\\\/\\\/www.bellunopress.it\\\/wp-content\\\/uploads\\\/2011\\\/05\\\/cropped-logo-bellunopress-.jpg\",\"width\":512,\"height\":512,\"caption\":\"Bellunopress\"},\"image\":{\"@id\":\"https:\\\/\\\/www.bellunopress.it\\\/#\\\/schema\\\/logo\\\/image\\\/\"},\"sameAs\":[\"https:\\\/\\\/www.facebook.com\\\/profile.php?id=100008943462799\",\"https:\\\/\\\/x.com\\\/bellunopress\",\"https:\\\/\\\/www.linkedin.com\\\/hp\\\/?dnr=JBzUWaJfMUw8vbXJJ2tVW5-I3jZKvC4wsoxE&amp;amp;amp;amp;amp;amp;trk=nav_responsive_tab_home\",\"https:\\\/\\\/www.youtube.com\\\/channel\\\/UCxL0wu1uN0_3_7hGG0306cw\"]},{\"@type\":\"Person\",\"@id\":\"https:\\\/\\\/www.bellunopress.it\\\/#\\\/schema\\\/person\\\/79bb06722b37ece1c03d3e94beb30d73\",\"name\":\"redazione\",\"image\":{\"@type\":\"ImageObject\",\"inLanguage\":\"fr-FR\",\"@id\":\"https:\\\/\\\/secure.gravatar.com\\\/avatar\\\/37d968a2e67a6fd04c169c4bdef102d0bc5d31b2546345219e348575eb80e9a0?s=96&d=mm&r=g\",\"url\":\"https:\\\/\\\/secure.gravatar.com\\\/avatar\\\/37d968a2e67a6fd04c169c4bdef102d0bc5d31b2546345219e348575eb80e9a0?s=96&d=mm&r=g\",\"contentUrl\":\"https:\\\/\\\/secure.gravatar.com\\\/avatar\\\/37d968a2e67a6fd04c169c4bdef102d0bc5d31b2546345219e348575eb80e9a0?s=96&d=mm&r=g\",\"caption\":\"redazione\"},\"sameAs\":[\"http:\\\/\\\/www.bellunopress.it\",\"https:\\\/\\\/x.com\\\/bellunopress\"],\"url\":\"https:\\\/\\\/www.bellunopress.it\\\/fr\\\/author\\\/redazione\\\/\"}]}<\/script>\n<!-- \/ Yoast SEO plugin. -->","yoast_head_json":{"title":"Controlli del sabato sera della Polizia stradale - Bellunopress - Dolomiti","robots":{"index":"index","follow":"follow","max-snippet":"max-snippet:-1","max-image-preview":"max-image-preview:large","max-video-preview":"max-video-preview:-1"},"canonical":"https:\/\/www.bellunopress.it\/fr\/2024\/11\/09\/controlli-del-sabato-sera-della-polizia-stradale\/","og_locale":"fr_FR","og_type":"article","og_title":"Controlli del sabato sera della Polizia stradale - Bellunopress - Dolomiti","og_description":"Il Servizio Polizia Stradale ha predisposto negli ultimi fine settimana del mese di novembre una serie di controlli specifici atti a contrastare la guida in stato di ebrezza alcolica o sotto effetto di sostanze stupefacenti o psicotrope, considerata la necessit\u00e0 di perseguire con la massima efficacia un fenomeno sovente causa di incidenti stradali. Oltre al [&hellip;]","og_url":"https:\/\/www.bellunopress.it\/fr\/2024\/11\/09\/controlli-del-sabato-sera-della-polizia-stradale\/","og_site_name":"Bellunopress - Dolomiti","article_publisher":"https:\/\/www.facebook.com\/profile.php?id=100008943462799","article_published_time":"2024-11-09T19:20:13+00:00","og_image":[{"width":1000,"height":650,"url":"https:\/\/www.bellunopress.it\/wp-content\/uploads\/2021\/03\/Polizia-Stradale_edited.jpg","type":"image\/jpeg"}],"author":"redazione","twitter_card":"summary_large_image","twitter_creator":"@bellunopress","twitter_site":"@bellunopress","twitter_misc":{"\u00c9crit par":"redazione","Dur\u00e9e de lecture estim\u00e9e":"2 minutes"},"schema":{"@context":"https:\/\/schema.org","@graph":[{"@type":"Article","@id":"https:\/\/www.bellunopress.it\/2024\/11\/09\/controlli-del-sabato-sera-della-polizia-stradale\/#article","isPartOf":{"@id":"https:\/\/www.bellunopress.it\/2024\/11\/09\/controlli-del-sabato-sera-della-polizia-stradale\/"},"author":{"name":"redazione","@id":"https:\/\/www.bellunopress.it\/#\/schema\/person\/79bb06722b37ece1c03d3e94beb30d73"},"headline":"Controlli del sabato sera della Polizia stradale","datePublished":"2024-11-09T19:20:13+00:00","mainEntityOfPage":{"@id":"https:\/\/www.bellunopress.it\/2024\/11\/09\/controlli-del-sabato-sera-della-polizia-stradale\/"},"wordCount":322,"publisher":{"@id":"https:\/\/www.bellunopress.it\/#organization"},"image":{"@id":"https:\/\/www.bellunopress.it\/2024\/11\/09\/controlli-del-sabato-sera-della-polizia-stradale\/#primaryimage"},"thumbnailUrl":"https:\/\/www.bellunopress.it\/wp-content\/uploads\/2021\/03\/Polizia-Stradale_edited.jpg","articleSection":["Cronaca\/Politica","Prima Pagina"],"inLanguage":"fr-FR"},{"@type":"WebPage","@id":"https:\/\/www.bellunopress.it\/2024\/11\/09\/controlli-del-sabato-sera-della-polizia-stradale\/","url":"https:\/\/www.bellunopress.it\/2024\/11\/09\/controlli-del-sabato-sera-della-polizia-stradale\/","name":"Controlli del sabato sera della Polizia stradale - Bellunopress - Dolomiti","isPartOf":{"@id":"https:\/\/www.bellunopress.it\/#website"},"primaryImageOfPage":{"@id":"https:\/\/www.bellunopress.it\/2024\/11\/09\/controlli-del-sabato-sera-della-polizia-stradale\/#primaryimage"},"image":{"@id":"https:\/\/www.bellunopress.it\/2024\/11\/09\/controlli-del-sabato-sera-della-polizia-stradale\/#primaryimage"},"thumbnailUrl":"https:\/\/www.bellunopress.it\/wp-content\/uploads\/2021\/03\/Polizia-Stradale_edited.jpg","datePublished":"2024-11-09T19:20:13+00:00","breadcrumb":{"@id":"https:\/\/www.bellunopress.it\/2024\/11\/09\/controlli-del-sabato-sera-della-polizia-stradale\/#breadcrumb"},"inLanguage":"fr-FR","potentialAction":[{"@type":"ReadAction","target":["https:\/\/www.bellunopress.it\/2024\/11\/09\/controlli-del-sabato-sera-della-polizia-stradale\/"]}]},{"@type":"ImageObject","inLanguage":"fr-FR","@id":"https:\/\/www.bellunopress.it\/2024\/11\/09\/controlli-del-sabato-sera-della-polizia-stradale\/#primaryimage","url":"https:\/\/www.bellunopress.it\/wp-content\/uploads\/2021\/03\/Polizia-Stradale_edited.jpg","contentUrl":"https:\/\/www.bellunopress.it\/wp-content\/uploads\/2021\/03\/Polizia-Stradale_edited.jpg","width":1000,"height":650,"caption":"Polizia stradale (Foto di repertorio)"},{"@type":"BreadcrumbList","@id":"https:\/\/www.bellunopress.it\/2024\/11\/09\/controlli-del-sabato-sera-della-polizia-stradale\/#breadcrumb","itemListElement":[{"@type":"ListItem","position":1,"name":"Home","item":"https:\/\/www.bellunopress.it\/"},{"@type":"ListItem","position":2,"name":"Controlli del sabato sera della Polizia stradale"}]},{"@type":"WebSite","@id":"https:\/\/www.bellunopress.it\/#website","url":"https:\/\/www.bellunopress.it\/","name":"Bellunopress - Dolomiti","description":"e-mail: redazione@bellunopress.it","publisher":{"@id":"https:\/\/www.bellunopress.it\/#organization"},"potentialAction":[{"@type":"SearchAction","target":{"@type":"EntryPoint","urlTemplate":"https:\/\/www.bellunopress.it\/?s={search_term_string}"},"query-input":{"@type":"PropertyValueSpecification","valueRequired":true,"valueName":"search_term_string"}}],"inLanguage":"fr-FR"},{"@type":"Organization","@id":"https:\/\/www.bellunopress.it\/#organization","name":"Bellunopress","url":"https:\/\/www.bellunopress.it\/","logo":{"@type":"ImageObject","inLanguage":"fr-FR","@id":"https:\/\/www.bellunopress.it\/#\/schema\/logo\/image\/","url":"https:\/\/www.bellunopress.it\/wp-content\/uploads\/2011\/05\/cropped-logo-bellunopress-.jpg","contentUrl":"https:\/\/www.bellunopress.it\/wp-content\/uploads\/2011\/05\/cropped-logo-bellunopress-.jpg","width":512,"height":512,"caption":"Bellunopress"},"image":{"@id":"https:\/\/www.bellunopress.it\/#\/schema\/logo\/image\/"},"sameAs":["https:\/\/www.facebook.com\/profile.php?id=100008943462799","https:\/\/x.com\/bellunopress","https:\/\/www.linkedin.com\/hp\/?dnr=JBzUWaJfMUw8vbXJJ2tVW5-I3jZKvC4wsoxE&amp;amp;amp;amp;amp;amp;trk=nav_responsive_tab_home","https:\/\/www.youtube.com\/channel\/UCxL0wu1uN0_3_7hGG0306cw"]},{"@type":"Person","@id":"https:\/\/www.bellunopress.it\/#\/schema\/person\/79bb06722b37ece1c03d3e94beb30d73","name":"r\u00e9daction","image":{"@type":"ImageObject","inLanguage":"fr-FR","@id":"https:\/\/secure.gravatar.com\/avatar\/37d968a2e67a6fd04c169c4bdef102d0bc5d31b2546345219e348575eb80e9a0?s=96&d=mm&r=g","url":"https:\/\/secure.gravatar.com\/avatar\/37d968a2e67a6fd04c169c4bdef102d0bc5d31b2546345219e348575eb80e9a0?s=96&d=mm&r=g","contentUrl":"https:\/\/secure.gravatar.com\/avatar\/37d968a2e67a6fd04c169c4bdef102d0bc5d31b2546345219e348575eb80e9a0?s=96&d=mm&r=g","caption":"redazione"},"sameAs":["http:\/\/www.bellunopress.it","https:\/\/x.com\/bellunopress"],"url":"https:\/\/www.bellunopress.it\/fr\/author\/redazione\/"}]}},"_links":{"self":[{"href":"https:\/\/www.bellunopress.it\/fr\/wp-json\/wp\/v2\/posts\/155576","targetHints":{"allow":["GET"]}}],"collection":[{"href":"https:\/\/www.bellunopress.it\/fr\/wp-json\/wp\/v2\/posts"}],"about":[{"href":"https:\/\/www.bellunopress.it\/fr\/wp-json\/wp\/v2\/types\/post"}],"author":[{"embeddable":true,"href":"https:\/\/www.bellunopress.it\/fr\/wp-json\/wp\/v2\/users\/2"}],"replies":[{"embeddable":true,"href":"https:\/\/www.bellunopress.it\/fr\/wp-json\/wp\/v2\/comments?post=155576"}],"version-history":[{"count":1,"href":"https:\/\/www.bellunopress.it\/fr\/wp-json\/wp\/v2\/posts\/155576\/revisions"}],"predecessor-version":[{"id":155579,"href":"https:\/\/www.bellunopress.it\/fr\/wp-json\/wp\/v2\/posts\/155576\/revisions\/155579"}],"wp:featuredmedia":[{"embeddable":true,"href":"https:\/\/www.bellunopress.it\/fr\/wp-json\/wp\/v2\/media\/122507"}],"wp:attachment":[{"href":"https:\/\/www.bellunopress.it\/fr\/wp-json\/wp\/v2\/media?parent=155576"}],"wp:term":[{"taxonomy":"category","embeddable":true,"href":"https:\/\/www.bellunopress.it\/fr\/wp-json\/wp\/v2\/categories?post=155576"},{"taxonomy":"post_tag","embeddable":true,"href":"https:\/\/www.bellunopress.it\/fr\/wp-json\/wp\/v2\/tags?post=155576"}],"curies":[{"name":"wp","href":"https:\/\/api.w.org\/{rel}","templated":true}]}}