{"id":155547,"date":"2024-11-06T09:35:03","date_gmt":"2024-11-06T08:35:03","guid":{"rendered":"https:\/\/www.bellunopress.it\/?p=155547"},"modified":"2024-11-05T23:39:30","modified_gmt":"2024-11-05T22:39:30","slug":"il-lifetime-di-karima-venerdi-8-novembre-allunisono-di-feltre","status":"publish","type":"post","link":"https:\/\/www.bellunopress.it\/fr\/2024\/11\/06\/il-lifetime-di-karima-venerdi-8-novembre-allunisono-di-feltre\/","title":{"rendered":"Il Lifetime di Karima venerd\u00ec 8 novembre all&#8217;Unisono di Feltre"},"content":{"rendered":"<figure id=\"attachment_155548\" aria-describedby=\"caption-attachment-155548\" style=\"width: 1000px\" class=\"wp-caption aligncenter\"><img loading=\"lazy\" decoding=\"async\" class=\"size-full wp-image-155548\" src=\"https:\/\/www.bellunopress.it\/wp-content\/uploads\/2024\/11\/Karima-foto-Lifetime.jpg\" alt=\"\" width=\"1000\" height=\"660\" srcset=\"https:\/\/www.bellunopress.it\/wp-content\/uploads\/2024\/11\/Karima-foto-Lifetime.jpg 1000w, https:\/\/www.bellunopress.it\/wp-content\/uploads\/2024\/11\/Karima-foto-Lifetime-500x330.jpg 500w, https:\/\/www.bellunopress.it\/wp-content\/uploads\/2024\/11\/Karima-foto-Lifetime-636x420.jpg 636w, https:\/\/www.bellunopress.it\/wp-content\/uploads\/2024\/11\/Karima-foto-Lifetime-696x459.jpg 696w\" sizes=\"auto, (max-width: 1000px) 100vw, 1000px\" \/><figcaption id=\"caption-attachment-155548\" class=\"wp-caption-text\">Karima (foto: Lifetime)<\/figcaption><\/figure>\n<p>Karima venerd\u00ec 8 novembre all&#8217;Unisono Jazz Club di Feltre. Il progetto &#8220;Lifetime&#8221; fa tappa a Palazzo Guarnieri per un concerto unico: in una sala da appena 50 posti sar\u00e0 possibile ascoltare una delle pi\u00f9 grandi interpreti contemporanee del jazz e del soul. Prosegue cos\u00ec, con uno spettacolo che sta attirando pubblico da tutto il Veneto, la 27esima stagione di Jazz Time.<\/p>\n<p>Karima ha inciso un disco con Burt Bacharach, ha aperto i concerti di una delle pi\u00f9 grandi voci di tutti i tempi, Whitney Houston, e quelli di John Legend e la sua voce \u00e8 amata in tutto il mondo. Venerd\u00ec 8 novembre in doppio set a Feltre porter\u00e0 il suo progetto pi\u00f9 intimista. Con il solo accompagnamento del pianoforte, l&#8217;artista si racconter\u00e0 attraverso la musica, sua fedele compagna di vita percorrendo un viaggio nei ricordi, nelle emozioni e nella passione. Per intraprendere questo viaggio, si affida al talento di Piero Frassi, che vestir\u00e0 la sua voce con arrangiamenti di grande effetto.<\/p>\n<p>&#8220;C&#8217;\u00e8 grande attesa per questa data \u2013 rivela Nicol\u00f2 Ferrari Bravo, direttore artistico e titolare di Unisono -, Karima \u00e8 una cantante molto amata dal pubblico e dai musicisti, averla a Feltre nello spazio racchiuso e intimo di una piccola sala concerti poco pi\u00f9 grande di un salotto di casa, \u00e8 un evento pi\u00f9 unico che raro. Parliamo di un&#8217;artista che solitamente possiamo ascoltare in teatri, al pi\u00f9 in locali con grande capienza di pubblico, di una cantante che ha aperto i concerti di alcuni degli artisti pi\u00f9 importanti di tutti i tempi. Siamo felici e orgogliosi di portarla a Feltre e di attirare sul territorio un pubblico che arriver\u00e0 da diverse parti del Veneto, ma anche da fuori regione&#8221;.<\/p>\n<p>Karima con &#8220;Lifetime&#8221; sar\u00e0 il terzo appuntamento in cartellone per Jazz Time 2024-2025, dopo l&#8217;apertura di stagione con Rossana Casale e il suo progetto &#8220;Almost Blue&#8221; e dopo i DadFunk e Sulene Fleming il 26 ottobre, entrambi sold out.<\/p>\n<p>&nbsp;<\/p>\n<p>Concerto in doppio set, ore 19.30 e ore 21.30<\/p>\n<p>Biglietto 40 euro. Per info e prenotazioni 388.7884850.<\/p>\n<p>Possibilit\u00e0 di abbinare al concerto la cena.<\/p>","protected":false},"excerpt":{"rendered":"<p>Karima venerd\u00ec 8 novembre all&#8217;Unisono Jazz Club di Feltre. Il progetto &#8220;Lifetime&#8221; fa tappa a Palazzo Guarnieri per un concerto unico: in una sala da appena 50 posti sar\u00e0 possibile ascoltare una delle pi\u00f9 grandi interpreti contemporanee del jazz e del soul. Prosegue cos\u00ec, con uno spettacolo che sta attirando pubblico da tutto il Veneto, [&hellip;]<\/p>\n","protected":false},"author":2,"featured_media":155548,"comment_status":"closed","ping_status":"open","sticky":false,"template":"","format":"standard","meta":{"footnotes":""},"categories":[27,25],"tags":[],"class_list":["post-155547","post","type-post","status-publish","format-standard","has-post-thumbnail","category-appuntamenti","category-pausa-caffe"],"yoast_head":"<!-- This site is optimized with the Yoast SEO plugin v28.4 - https:\/\/yoast.com\/product\/yoast-seo-wordpress\/ -->\n<title>Il Lifetime di Karima venerd\u00ec 8 novembre all&#039;Unisono di Feltre - Bellunopress - Dolomiti<\/title>\n<meta name=\"robots\" content=\"index, follow, max-snippet:-1, max-image-preview:large, max-video-preview:-1\" \/>\n<link rel=\"canonical\" href=\"https:\/\/www.bellunopress.it\/fr\/2024\/11\/06\/il-lifetime-di-karima-venerdi-8-novembre-allunisono-di-feltre\/\" \/>\n<meta property=\"og:locale\" content=\"fr_FR\" \/>\n<meta property=\"og:type\" content=\"article\" \/>\n<meta property=\"og:title\" content=\"Il Lifetime di Karima venerd\u00ec 8 novembre all&#039;Unisono di Feltre - Bellunopress - Dolomiti\" \/>\n<meta property=\"og:description\" content=\"Karima venerd\u00ec 8 novembre all&#8217;Unisono Jazz Club di Feltre. Il progetto &#8220;Lifetime&#8221; fa tappa a Palazzo Guarnieri per un concerto unico: in una sala da appena 50 posti sar\u00e0 possibile ascoltare una delle pi\u00f9 grandi interpreti contemporanee del jazz e del soul. Prosegue cos\u00ec, con uno spettacolo che sta attirando pubblico da tutto il Veneto, [&hellip;]\" \/>\n<meta property=\"og:url\" content=\"https:\/\/www.bellunopress.it\/fr\/2024\/11\/06\/il-lifetime-di-karima-venerdi-8-novembre-allunisono-di-feltre\/\" \/>\n<meta property=\"og:site_name\" content=\"Bellunopress - Dolomiti\" \/>\n<meta property=\"article:publisher\" content=\"https:\/\/www.facebook.com\/profile.php?id=100008943462799\" \/>\n<meta property=\"article:published_time\" content=\"2024-11-06T08:35:03+00:00\" \/>\n<meta property=\"og:image\" content=\"https:\/\/www.bellunopress.it\/wp-content\/uploads\/2024\/11\/Karima-foto-Lifetime.jpg\" \/>\n\t<meta property=\"og:image:width\" content=\"1000\" \/>\n\t<meta property=\"og:image:height\" content=\"660\" \/>\n\t<meta property=\"og:image:type\" content=\"image\/jpeg\" \/>\n<meta name=\"author\" content=\"redazione\" \/>\n<meta name=\"twitter:card\" content=\"summary_large_image\" \/>\n<meta name=\"twitter:creator\" content=\"@bellunopress\" \/>\n<meta name=\"twitter:site\" content=\"@bellunopress\" \/>\n<meta name=\"twitter:label1\" content=\"\u00c9crit par\" \/>\n\t<meta name=\"twitter:data1\" content=\"redazione\" \/>\n\t<meta name=\"twitter:label2\" content=\"Dur\u00e9e de lecture estim\u00e9e\" \/>\n\t<meta name=\"twitter:data2\" content=\"2 minutes\" \/>\n<script type=\"application\/ld+json\" class=\"yoast-schema-graph\">{\"@context\":\"https:\\\/\\\/schema.org\",\"@graph\":[{\"@type\":\"Article\",\"@id\":\"https:\\\/\\\/www.bellunopress.it\\\/2024\\\/11\\\/06\\\/il-lifetime-di-karima-venerdi-8-novembre-allunisono-di-feltre\\\/#article\",\"isPartOf\":{\"@id\":\"https:\\\/\\\/www.bellunopress.it\\\/2024\\\/11\\\/06\\\/il-lifetime-di-karima-venerdi-8-novembre-allunisono-di-feltre\\\/\"},\"author\":{\"name\":\"redazione\",\"@id\":\"https:\\\/\\\/www.bellunopress.it\\\/#\\\/schema\\\/person\\\/79bb06722b37ece1c03d3e94beb30d73\"},\"headline\":\"Il Lifetime di Karima venerd\u00ec 8 novembre all&#8217;Unisono di Feltre\",\"datePublished\":\"2024-11-06T08:35:03+00:00\",\"mainEntityOfPage\":{\"@id\":\"https:\\\/\\\/www.bellunopress.it\\\/2024\\\/11\\\/06\\\/il-lifetime-di-karima-venerdi-8-novembre-allunisono-di-feltre\\\/\"},\"wordCount\":358,\"publisher\":{\"@id\":\"https:\\\/\\\/www.bellunopress.it\\\/#organization\"},\"image\":{\"@id\":\"https:\\\/\\\/www.bellunopress.it\\\/2024\\\/11\\\/06\\\/il-lifetime-di-karima-venerdi-8-novembre-allunisono-di-feltre\\\/#primaryimage\"},\"thumbnailUrl\":\"https:\\\/\\\/www.bellunopress.it\\\/wp-content\\\/uploads\\\/2024\\\/11\\\/Karima-foto-Lifetime.jpg\",\"articleSection\":[\"Appuntamenti, Eventi\",\"Pausa Caff\u00e8\"],\"inLanguage\":\"fr-FR\"},{\"@type\":\"WebPage\",\"@id\":\"https:\\\/\\\/www.bellunopress.it\\\/2024\\\/11\\\/06\\\/il-lifetime-di-karima-venerdi-8-novembre-allunisono-di-feltre\\\/\",\"url\":\"https:\\\/\\\/www.bellunopress.it\\\/2024\\\/11\\\/06\\\/il-lifetime-di-karima-venerdi-8-novembre-allunisono-di-feltre\\\/\",\"name\":\"Il Lifetime di Karima venerd\u00ec 8 novembre all'Unisono di Feltre - Bellunopress - Dolomiti\",\"isPartOf\":{\"@id\":\"https:\\\/\\\/www.bellunopress.it\\\/#website\"},\"primaryImageOfPage\":{\"@id\":\"https:\\\/\\\/www.bellunopress.it\\\/2024\\\/11\\\/06\\\/il-lifetime-di-karima-venerdi-8-novembre-allunisono-di-feltre\\\/#primaryimage\"},\"image\":{\"@id\":\"https:\\\/\\\/www.bellunopress.it\\\/2024\\\/11\\\/06\\\/il-lifetime-di-karima-venerdi-8-novembre-allunisono-di-feltre\\\/#primaryimage\"},\"thumbnailUrl\":\"https:\\\/\\\/www.bellunopress.it\\\/wp-content\\\/uploads\\\/2024\\\/11\\\/Karima-foto-Lifetime.jpg\",\"datePublished\":\"2024-11-06T08:35:03+00:00\",\"breadcrumb\":{\"@id\":\"https:\\\/\\\/www.bellunopress.it\\\/2024\\\/11\\\/06\\\/il-lifetime-di-karima-venerdi-8-novembre-allunisono-di-feltre\\\/#breadcrumb\"},\"inLanguage\":\"fr-FR\",\"potentialAction\":[{\"@type\":\"ReadAction\",\"target\":[\"https:\\\/\\\/www.bellunopress.it\\\/2024\\\/11\\\/06\\\/il-lifetime-di-karima-venerdi-8-novembre-allunisono-di-feltre\\\/\"]}]},{\"@type\":\"ImageObject\",\"inLanguage\":\"fr-FR\",\"@id\":\"https:\\\/\\\/www.bellunopress.it\\\/2024\\\/11\\\/06\\\/il-lifetime-di-karima-venerdi-8-novembre-allunisono-di-feltre\\\/#primaryimage\",\"url\":\"https:\\\/\\\/www.bellunopress.it\\\/wp-content\\\/uploads\\\/2024\\\/11\\\/Karima-foto-Lifetime.jpg\",\"contentUrl\":\"https:\\\/\\\/www.bellunopress.it\\\/wp-content\\\/uploads\\\/2024\\\/11\\\/Karima-foto-Lifetime.jpg\",\"width\":1000,\"height\":660,\"caption\":\"Karima (foto: Lifetime)\"},{\"@type\":\"BreadcrumbList\",\"@id\":\"https:\\\/\\\/www.bellunopress.it\\\/2024\\\/11\\\/06\\\/il-lifetime-di-karima-venerdi-8-novembre-allunisono-di-feltre\\\/#breadcrumb\",\"itemListElement\":[{\"@type\":\"ListItem\",\"position\":1,\"name\":\"Home\",\"item\":\"https:\\\/\\\/www.bellunopress.it\\\/\"},{\"@type\":\"ListItem\",\"position\":2,\"name\":\"Il Lifetime di Karima venerd\u00ec 8 novembre all&#8217;Unisono di Feltre\"}]},{\"@type\":\"WebSite\",\"@id\":\"https:\\\/\\\/www.bellunopress.it\\\/#website\",\"url\":\"https:\\\/\\\/www.bellunopress.it\\\/\",\"name\":\"Bellunopress - Dolomiti\",\"description\":\"e-mail: redazione@bellunopress.it\",\"publisher\":{\"@id\":\"https:\\\/\\\/www.bellunopress.it\\\/#organization\"},\"potentialAction\":[{\"@type\":\"SearchAction\",\"target\":{\"@type\":\"EntryPoint\",\"urlTemplate\":\"https:\\\/\\\/www.bellunopress.it\\\/?s={search_term_string}\"},\"query-input\":{\"@type\":\"PropertyValueSpecification\",\"valueRequired\":true,\"valueName\":\"search_term_string\"}}],\"inLanguage\":\"fr-FR\"},{\"@type\":\"Organization\",\"@id\":\"https:\\\/\\\/www.bellunopress.it\\\/#organization\",\"name\":\"Bellunopress\",\"url\":\"https:\\\/\\\/www.bellunopress.it\\\/\",\"logo\":{\"@type\":\"ImageObject\",\"inLanguage\":\"fr-FR\",\"@id\":\"https:\\\/\\\/www.bellunopress.it\\\/#\\\/schema\\\/logo\\\/image\\\/\",\"url\":\"https:\\\/\\\/www.bellunopress.it\\\/wp-content\\\/uploads\\\/2011\\\/05\\\/cropped-logo-bellunopress-.jpg\",\"contentUrl\":\"https:\\\/\\\/www.bellunopress.it\\\/wp-content\\\/uploads\\\/2011\\\/05\\\/cropped-logo-bellunopress-.jpg\",\"width\":512,\"height\":512,\"caption\":\"Bellunopress\"},\"image\":{\"@id\":\"https:\\\/\\\/www.bellunopress.it\\\/#\\\/schema\\\/logo\\\/image\\\/\"},\"sameAs\":[\"https:\\\/\\\/www.facebook.com\\\/profile.php?id=100008943462799\",\"https:\\\/\\\/x.com\\\/bellunopress\",\"https:\\\/\\\/www.linkedin.com\\\/hp\\\/?dnr=JBzUWaJfMUw8vbXJJ2tVW5-I3jZKvC4wsoxE&amp;amp;amp;amp;amp;amp;trk=nav_responsive_tab_home\",\"https:\\\/\\\/www.youtube.com\\\/channel\\\/UCxL0wu1uN0_3_7hGG0306cw\"]},{\"@type\":\"Person\",\"@id\":\"https:\\\/\\\/www.bellunopress.it\\\/#\\\/schema\\\/person\\\/79bb06722b37ece1c03d3e94beb30d73\",\"name\":\"redazione\",\"image\":{\"@type\":\"ImageObject\",\"inLanguage\":\"fr-FR\",\"@id\":\"https:\\\/\\\/secure.gravatar.com\\\/avatar\\\/37d968a2e67a6fd04c169c4bdef102d0bc5d31b2546345219e348575eb80e9a0?s=96&d=mm&r=g\",\"url\":\"https:\\\/\\\/secure.gravatar.com\\\/avatar\\\/37d968a2e67a6fd04c169c4bdef102d0bc5d31b2546345219e348575eb80e9a0?s=96&d=mm&r=g\",\"contentUrl\":\"https:\\\/\\\/secure.gravatar.com\\\/avatar\\\/37d968a2e67a6fd04c169c4bdef102d0bc5d31b2546345219e348575eb80e9a0?s=96&d=mm&r=g\",\"caption\":\"redazione\"},\"sameAs\":[\"http:\\\/\\\/www.bellunopress.it\",\"https:\\\/\\\/x.com\\\/bellunopress\"],\"url\":\"https:\\\/\\\/www.bellunopress.it\\\/fr\\\/author\\\/redazione\\\/\"}]}<\/script>\n<!-- \/ Yoast SEO plugin. -->","yoast_head_json":{"title":"Il Lifetime di Karima venerd\u00ec 8 novembre all'Unisono di Feltre - Bellunopress - Dolomiti","robots":{"index":"index","follow":"follow","max-snippet":"max-snippet:-1","max-image-preview":"max-image-preview:large","max-video-preview":"max-video-preview:-1"},"canonical":"https:\/\/www.bellunopress.it\/fr\/2024\/11\/06\/il-lifetime-di-karima-venerdi-8-novembre-allunisono-di-feltre\/","og_locale":"fr_FR","og_type":"article","og_title":"Il Lifetime di Karima venerd\u00ec 8 novembre all'Unisono di Feltre - Bellunopress - Dolomiti","og_description":"Karima venerd\u00ec 8 novembre all&#8217;Unisono Jazz Club di Feltre. Il progetto &#8220;Lifetime&#8221; fa tappa a Palazzo Guarnieri per un concerto unico: in una sala da appena 50 posti sar\u00e0 possibile ascoltare una delle pi\u00f9 grandi interpreti contemporanee del jazz e del soul. Prosegue cos\u00ec, con uno spettacolo che sta attirando pubblico da tutto il Veneto, [&hellip;]","og_url":"https:\/\/www.bellunopress.it\/fr\/2024\/11\/06\/il-lifetime-di-karima-venerdi-8-novembre-allunisono-di-feltre\/","og_site_name":"Bellunopress - Dolomiti","article_publisher":"https:\/\/www.facebook.com\/profile.php?id=100008943462799","article_published_time":"2024-11-06T08:35:03+00:00","og_image":[{"width":1000,"height":660,"url":"https:\/\/www.bellunopress.it\/wp-content\/uploads\/2024\/11\/Karima-foto-Lifetime.jpg","type":"image\/jpeg"}],"author":"redazione","twitter_card":"summary_large_image","twitter_creator":"@bellunopress","twitter_site":"@bellunopress","twitter_misc":{"\u00c9crit par":"redazione","Dur\u00e9e de lecture estim\u00e9e":"2 minutes"},"schema":{"@context":"https:\/\/schema.org","@graph":[{"@type":"Article","@id":"https:\/\/www.bellunopress.it\/2024\/11\/06\/il-lifetime-di-karima-venerdi-8-novembre-allunisono-di-feltre\/#article","isPartOf":{"@id":"https:\/\/www.bellunopress.it\/2024\/11\/06\/il-lifetime-di-karima-venerdi-8-novembre-allunisono-di-feltre\/"},"author":{"name":"redazione","@id":"https:\/\/www.bellunopress.it\/#\/schema\/person\/79bb06722b37ece1c03d3e94beb30d73"},"headline":"Il Lifetime di Karima venerd\u00ec 8 novembre all&#8217;Unisono di Feltre","datePublished":"2024-11-06T08:35:03+00:00","mainEntityOfPage":{"@id":"https:\/\/www.bellunopress.it\/2024\/11\/06\/il-lifetime-di-karima-venerdi-8-novembre-allunisono-di-feltre\/"},"wordCount":358,"publisher":{"@id":"https:\/\/www.bellunopress.it\/#organization"},"image":{"@id":"https:\/\/www.bellunopress.it\/2024\/11\/06\/il-lifetime-di-karima-venerdi-8-novembre-allunisono-di-feltre\/#primaryimage"},"thumbnailUrl":"https:\/\/www.bellunopress.it\/wp-content\/uploads\/2024\/11\/Karima-foto-Lifetime.jpg","articleSection":["Appuntamenti, Eventi","Pausa Caff\u00e8"],"inLanguage":"fr-FR"},{"@type":"WebPage","@id":"https:\/\/www.bellunopress.it\/2024\/11\/06\/il-lifetime-di-karima-venerdi-8-novembre-allunisono-di-feltre\/","url":"https:\/\/www.bellunopress.it\/2024\/11\/06\/il-lifetime-di-karima-venerdi-8-novembre-allunisono-di-feltre\/","name":"Il Lifetime di Karima venerd\u00ec 8 novembre all'Unisono di Feltre - Bellunopress - Dolomiti","isPartOf":{"@id":"https:\/\/www.bellunopress.it\/#website"},"primaryImageOfPage":{"@id":"https:\/\/www.bellunopress.it\/2024\/11\/06\/il-lifetime-di-karima-venerdi-8-novembre-allunisono-di-feltre\/#primaryimage"},"image":{"@id":"https:\/\/www.bellunopress.it\/2024\/11\/06\/il-lifetime-di-karima-venerdi-8-novembre-allunisono-di-feltre\/#primaryimage"},"thumbnailUrl":"https:\/\/www.bellunopress.it\/wp-content\/uploads\/2024\/11\/Karima-foto-Lifetime.jpg","datePublished":"2024-11-06T08:35:03+00:00","breadcrumb":{"@id":"https:\/\/www.bellunopress.it\/2024\/11\/06\/il-lifetime-di-karima-venerdi-8-novembre-allunisono-di-feltre\/#breadcrumb"},"inLanguage":"fr-FR","potentialAction":[{"@type":"ReadAction","target":["https:\/\/www.bellunopress.it\/2024\/11\/06\/il-lifetime-di-karima-venerdi-8-novembre-allunisono-di-feltre\/"]}]},{"@type":"ImageObject","inLanguage":"fr-FR","@id":"https:\/\/www.bellunopress.it\/2024\/11\/06\/il-lifetime-di-karima-venerdi-8-novembre-allunisono-di-feltre\/#primaryimage","url":"https:\/\/www.bellunopress.it\/wp-content\/uploads\/2024\/11\/Karima-foto-Lifetime.jpg","contentUrl":"https:\/\/www.bellunopress.it\/wp-content\/uploads\/2024\/11\/Karima-foto-Lifetime.jpg","width":1000,"height":660,"caption":"Karima (foto: Lifetime)"},{"@type":"BreadcrumbList","@id":"https:\/\/www.bellunopress.it\/2024\/11\/06\/il-lifetime-di-karima-venerdi-8-novembre-allunisono-di-feltre\/#breadcrumb","itemListElement":[{"@type":"ListItem","position":1,"name":"Home","item":"https:\/\/www.bellunopress.it\/"},{"@type":"ListItem","position":2,"name":"Il Lifetime di Karima venerd\u00ec 8 novembre all&#8217;Unisono di Feltre"}]},{"@type":"WebSite","@id":"https:\/\/www.bellunopress.it\/#website","url":"https:\/\/www.bellunopress.it\/","name":"Bellunopress - Dolomiti","description":"e-mail: redazione@bellunopress.it","publisher":{"@id":"https:\/\/www.bellunopress.it\/#organization"},"potentialAction":[{"@type":"SearchAction","target":{"@type":"EntryPoint","urlTemplate":"https:\/\/www.bellunopress.it\/?s={search_term_string}"},"query-input":{"@type":"PropertyValueSpecification","valueRequired":true,"valueName":"search_term_string"}}],"inLanguage":"fr-FR"},{"@type":"Organization","@id":"https:\/\/www.bellunopress.it\/#organization","name":"Bellunopress","url":"https:\/\/www.bellunopress.it\/","logo":{"@type":"ImageObject","inLanguage":"fr-FR","@id":"https:\/\/www.bellunopress.it\/#\/schema\/logo\/image\/","url":"https:\/\/www.bellunopress.it\/wp-content\/uploads\/2011\/05\/cropped-logo-bellunopress-.jpg","contentUrl":"https:\/\/www.bellunopress.it\/wp-content\/uploads\/2011\/05\/cropped-logo-bellunopress-.jpg","width":512,"height":512,"caption":"Bellunopress"},"image":{"@id":"https:\/\/www.bellunopress.it\/#\/schema\/logo\/image\/"},"sameAs":["https:\/\/www.facebook.com\/profile.php?id=100008943462799","https:\/\/x.com\/bellunopress","https:\/\/www.linkedin.com\/hp\/?dnr=JBzUWaJfMUw8vbXJJ2tVW5-I3jZKvC4wsoxE&amp;amp;amp;amp;amp;amp;trk=nav_responsive_tab_home","https:\/\/www.youtube.com\/channel\/UCxL0wu1uN0_3_7hGG0306cw"]},{"@type":"Person","@id":"https:\/\/www.bellunopress.it\/#\/schema\/person\/79bb06722b37ece1c03d3e94beb30d73","name":"r\u00e9daction","image":{"@type":"ImageObject","inLanguage":"fr-FR","@id":"https:\/\/secure.gravatar.com\/avatar\/37d968a2e67a6fd04c169c4bdef102d0bc5d31b2546345219e348575eb80e9a0?s=96&d=mm&r=g","url":"https:\/\/secure.gravatar.com\/avatar\/37d968a2e67a6fd04c169c4bdef102d0bc5d31b2546345219e348575eb80e9a0?s=96&d=mm&r=g","contentUrl":"https:\/\/secure.gravatar.com\/avatar\/37d968a2e67a6fd04c169c4bdef102d0bc5d31b2546345219e348575eb80e9a0?s=96&d=mm&r=g","caption":"redazione"},"sameAs":["http:\/\/www.bellunopress.it","https:\/\/x.com\/bellunopress"],"url":"https:\/\/www.bellunopress.it\/fr\/author\/redazione\/"}]}},"_links":{"self":[{"href":"https:\/\/www.bellunopress.it\/fr\/wp-json\/wp\/v2\/posts\/155547","targetHints":{"allow":["GET"]}}],"collection":[{"href":"https:\/\/www.bellunopress.it\/fr\/wp-json\/wp\/v2\/posts"}],"about":[{"href":"https:\/\/www.bellunopress.it\/fr\/wp-json\/wp\/v2\/types\/post"}],"author":[{"embeddable":true,"href":"https:\/\/www.bellunopress.it\/fr\/wp-json\/wp\/v2\/users\/2"}],"replies":[{"embeddable":true,"href":"https:\/\/www.bellunopress.it\/fr\/wp-json\/wp\/v2\/comments?post=155547"}],"version-history":[{"count":1,"href":"https:\/\/www.bellunopress.it\/fr\/wp-json\/wp\/v2\/posts\/155547\/revisions"}],"predecessor-version":[{"id":155549,"href":"https:\/\/www.bellunopress.it\/fr\/wp-json\/wp\/v2\/posts\/155547\/revisions\/155549"}],"wp:featuredmedia":[{"embeddable":true,"href":"https:\/\/www.bellunopress.it\/fr\/wp-json\/wp\/v2\/media\/155548"}],"wp:attachment":[{"href":"https:\/\/www.bellunopress.it\/fr\/wp-json\/wp\/v2\/media?parent=155547"}],"wp:term":[{"taxonomy":"category","embeddable":true,"href":"https:\/\/www.bellunopress.it\/fr\/wp-json\/wp\/v2\/categories?post=155547"},{"taxonomy":"post_tag","embeddable":true,"href":"https:\/\/www.bellunopress.it\/fr\/wp-json\/wp\/v2\/tags?post=155547"}],"curies":[{"name":"wp","href":"https:\/\/api.w.org\/{rel}","templated":true}]}}