{"id":155541,"date":"2024-11-05T23:00:55","date_gmt":"2024-11-05T22:00:55","guid":{"rendered":"https:\/\/www.bellunopress.it\/?p=155541"},"modified":"2024-11-05T23:00:55","modified_gmt":"2024-11-05T22:00:55","slug":"insieme-contro-la-violenza-di-genere-il-procuratore-della-repubblica-roberta-gallego-belluno-non-e-unisola-felice","status":"publish","type":"post","link":"https:\/\/www.bellunopress.it\/fr\/2024\/11\/05\/insieme-contro-la-violenza-di-genere-il-procuratore-della-repubblica-roberta-gallego-belluno-non-e-unisola-felice\/","title":{"rendered":"Insieme contro la violenza di genere. Il procuratore della Repubblica Roberta Gallego: &#8220;Belluno non \u00e8 un&#8217;isola felice&#8221;"},"content":{"rendered":"<p><img loading=\"lazy\" decoding=\"async\" class=\"aligncenter size-full wp-image-155542\" src=\"https:\/\/www.bellunopress.it\/wp-content\/uploads\/2024\/11\/violenza-sulla-donna-conferenza-Ass-Industriali_edited.jpg\" alt=\"\" width=\"1000\" height=\"750\" srcset=\"https:\/\/www.bellunopress.it\/wp-content\/uploads\/2024\/11\/violenza-sulla-donna-conferenza-Ass-Industriali_edited.jpg 1000w, https:\/\/www.bellunopress.it\/wp-content\/uploads\/2024\/11\/violenza-sulla-donna-conferenza-Ass-Industriali_edited-500x375.jpg 500w, https:\/\/www.bellunopress.it\/wp-content\/uploads\/2024\/11\/violenza-sulla-donna-conferenza-Ass-Industriali_edited-560x420.jpg 560w, https:\/\/www.bellunopress.it\/wp-content\/uploads\/2024\/11\/violenza-sulla-donna-conferenza-Ass-Industriali_edited-80x60.jpg 80w, https:\/\/www.bellunopress.it\/wp-content\/uploads\/2024\/11\/violenza-sulla-donna-conferenza-Ass-Industriali_edited-696x522.jpg 696w\" sizes=\"auto, (max-width: 1000px) 100vw, 1000px\" \/>Belluno, 5 novembre 2024 \u2013 \u201cBelluno non \u00e8 un\u2019isola felice. Molestie, atti persecutori, violenza sessuale, le statistiche rivelano che i dati provinciali sono paragonabili a quelli del resto d\u2019Italia. I tratti del presunto autore non sono quelli dello sconosciuto che insegue la preda, ma nella maggior parte dei casi \u00e8 un soggetto con il quale c\u2019\u00e8 stata una relazione, che \u00e8 diventata tossica e di possesso\u201d.<\/p>\n<p>Lo ha detto questa sera nella sala polifunzionale del Liceo Lollino di Belluno il procuratore della Repubblica reggente Roberta Gallego, all\u2019incontro dal titolo \u201cInsieme contro la violenza di genere\u201d organizzato da Confindustria Belluno Dolomiti. Ad introdurre la serata c\u2019era il delegato al sociale dell\u2019Associazione industriali Flavio Mares. Con moderatrice la giornalista Marcella Corr\u00e0.<\/p>\n<p>La dottoressa Gallego ha descritto un episodio accaduto su Snapchat, un social come tanti altri dove l\u2019identit\u00e0 dei partecipanti non \u00e8 mai certa, mezzo prodromico di incontri che possono finire in violenza di vario genere. Video di ragazze minorenni in situazioni di sovraesposizione che non sono in grado di gestire, con conseguenti traumi emotivi e psicologici paragonabili ad uno stupro reale. Anche sul web, insomma, corre l\u2019insidia della violenza di genere. \u201cC\u2019\u00e8 un sommerso incredibile. &#8211; ha detto il magistrato &#8211; Su smartphone sequestrati troviamo materiale pornografico\u201d. \u201cAbuso di alcol e quindi perdita del controllo, sono una sintomatologia caratteristica del nostro territorio, che ritroviamo spesso nei capi di imputazione. Ultimamente le feste sono tutte battezzate da queste situazioni\u201d. Roberta Gallego ha concluso il suo intervento parlando delle procedure, della tempistica investigativa che deve sentire la vittima entro tre giorni, dei braccialetti elettronici gestiti da Fastweb che non sempre sono affidabili, di tutte quelle situazioni scabrose che possono verificarsi, con il rischio di vittimizzazione secondaria per la donna.<\/p>\n<p>Erika Leone, medico legale della Ulss 1 Dolomiti, ha sottolineato la necessit\u00e0 delle istituzioni ed enti di lavorare in rete. \u201cComunicare, certificare, documentare\u201d ha detto la dottoressa Leone, spiegando che il medico legale \u00e8 l\u2019anello di collegamento all\u2019interno dell\u2019ospedale e dove il pronto soccorso \u00e8 il primo punto di accesso della vittima di violenza. \u201cSono caduta dalle scale, \u00e8 la prima risposta che generalmente d\u00e0 la vittima. E quindi \u00e8 importante riconoscere il tipo di lesione, da morso, ferite da taglio ecc. con la datazione delle stesse\u201d.<\/p>\n<p>Nel suo intervento, il colonnello Enrico Pigozzo, comandante provinciale dei carabinieri, ha posto l\u2019accento sulle \u201cFerite dell\u2019anima, perch\u00e9 sono quelle che non trovano cura\u201d. Secondo il comandante dell\u2019Arma, non \u00e8 l\u2019alcol in vero problema, la causa primaria delle violenze, ma la convinzione che quella cosa si possa fare! \u201cRagazzi che considerano normali dei comportamenti violenti, abituati a vivere nella realt\u00e0 virtuale degli smartphone. La violenza di genere \u00e8 questione di cultura. Le tre C: cultura, coscienza, consapevolezza\u201d. Il colonnello ha parlato dell\u2019importanza del ruolo degli insegnanti. E anche di una societ\u00e0 di invisibili. \u201cNonostante la tragicit\u00e0 dei numeri (nel 2023 sono state 154 le donne nella nostra provincia che si sono rivolte all\u2019Associazione Belluno Donna), sono convinto che i dati siano ancora sottostimati\u201d.<\/p>\n<p>E di questo ne \u00e8 la prova vivente la professoressa Martina Casanova Fuga, autrice del romanzo autobiografico \u201cCome stelle aggrappate al cielo\u201d. \u201cQuesto libro &#8211; ha detto &#8211; \u00e8 la mia denuncia che non ho fatto 25 anni fa, quando avevo 16 anni, per il timore di dover raccontare a qualcuno quello che mi era successo. Un passaggio in auto da un conoscente. Io faccio parte di quel numero oscuro di perone che non hanno denunciato, perch\u00e9 all\u2019epoca le cose erano diverse, la violenza sulle donne era tab\u00f9, io tra l\u2019altro vivevo in un collegio cattolico. Non ho denunciato per sopravvivere. Probabilmente se allora ci fossero stati dei centri specializzati mi sarei rivolta a loro. Ce l\u2019ho fatta da sola, la musica mi ha aiutata a rialzarmi, a sopravvivere, a darmi la forza di rinascere. Le forze dell\u2019ordine sono fondamentali in questa rinascita\u201d.<\/p>","protected":false},"excerpt":{"rendered":"<p>Belluno, 5 novembre 2024 \u2013 \u201cBelluno non \u00e8 un\u2019isola felice. Molestie, atti persecutori, violenza sessuale, le statistiche rivelano che i dati provinciali sono paragonabili a quelli del resto d\u2019Italia. I tratti del presunto autore non sono quelli dello sconosciuto che insegue la preda, ma nella maggior parte dei casi \u00e8 un soggetto con il quale [&hellip;]<\/p>\n","protected":false},"author":2,"featured_media":155542,"comment_status":"closed","ping_status":"open","sticky":false,"template":"","format":"standard","meta":{"footnotes":""},"categories":[3446,26,8],"tags":[],"class_list":["post-155541","post","type-post","status-publish","format-standard","has-post-thumbnail","category-featured","category-prima-pagina","category-societa-istituzioni"],"yoast_head":"<!-- This site is optimized with the Yoast SEO plugin v28.4 - https:\/\/yoast.com\/product\/yoast-seo-wordpress\/ -->\n<title>Insieme contro la violenza di genere. Il procuratore della Repubblica Roberta Gallego: &quot;Belluno non \u00e8 un&#039;isola felice&quot; - Bellunopress - Dolomiti<\/title>\n<meta name=\"robots\" content=\"index, follow, max-snippet:-1, max-image-preview:large, max-video-preview:-1\" \/>\n<link rel=\"canonical\" href=\"https:\/\/www.bellunopress.it\/fr\/2024\/11\/05\/insieme-contro-la-violenza-di-genere-il-procuratore-della-repubblica-roberta-gallego-belluno-non-e-unisola-felice\/\" \/>\n<meta property=\"og:locale\" content=\"fr_FR\" \/>\n<meta property=\"og:type\" content=\"article\" \/>\n<meta property=\"og:title\" content=\"Insieme contro la violenza di genere. Il procuratore della Repubblica Roberta Gallego: &quot;Belluno non \u00e8 un&#039;isola felice&quot; - Bellunopress - Dolomiti\" \/>\n<meta property=\"og:description\" content=\"Belluno, 5 novembre 2024 \u2013 \u201cBelluno non \u00e8 un\u2019isola felice. Molestie, atti persecutori, violenza sessuale, le statistiche rivelano che i dati provinciali sono paragonabili a quelli del resto d\u2019Italia. I tratti del presunto autore non sono quelli dello sconosciuto che insegue la preda, ma nella maggior parte dei casi \u00e8 un soggetto con il quale [&hellip;]\" \/>\n<meta property=\"og:url\" content=\"https:\/\/www.bellunopress.it\/fr\/2024\/11\/05\/insieme-contro-la-violenza-di-genere-il-procuratore-della-repubblica-roberta-gallego-belluno-non-e-unisola-felice\/\" \/>\n<meta property=\"og:site_name\" content=\"Bellunopress - Dolomiti\" \/>\n<meta property=\"article:publisher\" content=\"https:\/\/www.facebook.com\/profile.php?id=100008943462799\" \/>\n<meta property=\"article:published_time\" content=\"2024-11-05T22:00:55+00:00\" \/>\n<meta property=\"og:image\" content=\"https:\/\/www.bellunopress.it\/wp-content\/uploads\/2024\/11\/violenza-sulla-donna-conferenza-Ass-Industriali_edited.jpg\" \/>\n\t<meta property=\"og:image:width\" content=\"1000\" \/>\n\t<meta property=\"og:image:height\" content=\"750\" \/>\n\t<meta property=\"og:image:type\" content=\"image\/jpeg\" \/>\n<meta name=\"author\" content=\"redazione\" \/>\n<meta name=\"twitter:card\" content=\"summary_large_image\" \/>\n<meta name=\"twitter:creator\" content=\"@bellunopress\" \/>\n<meta name=\"twitter:site\" content=\"@bellunopress\" \/>\n<meta name=\"twitter:label1\" content=\"\u00c9crit par\" \/>\n\t<meta name=\"twitter:data1\" content=\"redazione\" \/>\n\t<meta name=\"twitter:label2\" content=\"Dur\u00e9e de lecture estim\u00e9e\" \/>\n\t<meta name=\"twitter:data2\" content=\"3 minutes\" \/>\n<script type=\"application\/ld+json\" class=\"yoast-schema-graph\">{\"@context\":\"https:\\\/\\\/schema.org\",\"@graph\":[{\"@type\":\"Article\",\"@id\":\"https:\\\/\\\/www.bellunopress.it\\\/2024\\\/11\\\/05\\\/insieme-contro-la-violenza-di-genere-il-procuratore-della-repubblica-roberta-gallego-belluno-non-e-unisola-felice\\\/#article\",\"isPartOf\":{\"@id\":\"https:\\\/\\\/www.bellunopress.it\\\/2024\\\/11\\\/05\\\/insieme-contro-la-violenza-di-genere-il-procuratore-della-repubblica-roberta-gallego-belluno-non-e-unisola-felice\\\/\"},\"author\":{\"name\":\"redazione\",\"@id\":\"https:\\\/\\\/www.bellunopress.it\\\/#\\\/schema\\\/person\\\/79bb06722b37ece1c03d3e94beb30d73\"},\"headline\":\"Insieme contro la violenza di genere. Il procuratore della Repubblica Roberta Gallego: &#8220;Belluno non \u00e8 un&#8217;isola felice&#8221;\",\"datePublished\":\"2024-11-05T22:00:55+00:00\",\"mainEntityOfPage\":{\"@id\":\"https:\\\/\\\/www.bellunopress.it\\\/2024\\\/11\\\/05\\\/insieme-contro-la-violenza-di-genere-il-procuratore-della-repubblica-roberta-gallego-belluno-non-e-unisola-felice\\\/\"},\"wordCount\":656,\"publisher\":{\"@id\":\"https:\\\/\\\/www.bellunopress.it\\\/#organization\"},\"image\":{\"@id\":\"https:\\\/\\\/www.bellunopress.it\\\/2024\\\/11\\\/05\\\/insieme-contro-la-violenza-di-genere-il-procuratore-della-repubblica-roberta-gallego-belluno-non-e-unisola-felice\\\/#primaryimage\"},\"thumbnailUrl\":\"https:\\\/\\\/www.bellunopress.it\\\/wp-content\\\/uploads\\\/2024\\\/11\\\/violenza-sulla-donna-conferenza-Ass-Industriali_edited.jpg\",\"articleSection\":[\"Featured\",\"Prima Pagina\",\"Societ\u00e0, Associazioni, Istituzioni\"],\"inLanguage\":\"fr-FR\"},{\"@type\":\"WebPage\",\"@id\":\"https:\\\/\\\/www.bellunopress.it\\\/2024\\\/11\\\/05\\\/insieme-contro-la-violenza-di-genere-il-procuratore-della-repubblica-roberta-gallego-belluno-non-e-unisola-felice\\\/\",\"url\":\"https:\\\/\\\/www.bellunopress.it\\\/2024\\\/11\\\/05\\\/insieme-contro-la-violenza-di-genere-il-procuratore-della-repubblica-roberta-gallego-belluno-non-e-unisola-felice\\\/\",\"name\":\"Insieme contro la violenza di genere. Il procuratore della Repubblica Roberta Gallego: \\\"Belluno non \u00e8 un'isola felice\\\" - Bellunopress - Dolomiti\",\"isPartOf\":{\"@id\":\"https:\\\/\\\/www.bellunopress.it\\\/#website\"},\"primaryImageOfPage\":{\"@id\":\"https:\\\/\\\/www.bellunopress.it\\\/2024\\\/11\\\/05\\\/insieme-contro-la-violenza-di-genere-il-procuratore-della-repubblica-roberta-gallego-belluno-non-e-unisola-felice\\\/#primaryimage\"},\"image\":{\"@id\":\"https:\\\/\\\/www.bellunopress.it\\\/2024\\\/11\\\/05\\\/insieme-contro-la-violenza-di-genere-il-procuratore-della-repubblica-roberta-gallego-belluno-non-e-unisola-felice\\\/#primaryimage\"},\"thumbnailUrl\":\"https:\\\/\\\/www.bellunopress.it\\\/wp-content\\\/uploads\\\/2024\\\/11\\\/violenza-sulla-donna-conferenza-Ass-Industriali_edited.jpg\",\"datePublished\":\"2024-11-05T22:00:55+00:00\",\"breadcrumb\":{\"@id\":\"https:\\\/\\\/www.bellunopress.it\\\/2024\\\/11\\\/05\\\/insieme-contro-la-violenza-di-genere-il-procuratore-della-repubblica-roberta-gallego-belluno-non-e-unisola-felice\\\/#breadcrumb\"},\"inLanguage\":\"fr-FR\",\"potentialAction\":[{\"@type\":\"ReadAction\",\"target\":[\"https:\\\/\\\/www.bellunopress.it\\\/2024\\\/11\\\/05\\\/insieme-contro-la-violenza-di-genere-il-procuratore-della-repubblica-roberta-gallego-belluno-non-e-unisola-felice\\\/\"]}]},{\"@type\":\"ImageObject\",\"inLanguage\":\"fr-FR\",\"@id\":\"https:\\\/\\\/www.bellunopress.it\\\/2024\\\/11\\\/05\\\/insieme-contro-la-violenza-di-genere-il-procuratore-della-repubblica-roberta-gallego-belluno-non-e-unisola-felice\\\/#primaryimage\",\"url\":\"https:\\\/\\\/www.bellunopress.it\\\/wp-content\\\/uploads\\\/2024\\\/11\\\/violenza-sulla-donna-conferenza-Ass-Industriali_edited.jpg\",\"contentUrl\":\"https:\\\/\\\/www.bellunopress.it\\\/wp-content\\\/uploads\\\/2024\\\/11\\\/violenza-sulla-donna-conferenza-Ass-Industriali_edited.jpg\",\"width\":1000,\"height\":750},{\"@type\":\"BreadcrumbList\",\"@id\":\"https:\\\/\\\/www.bellunopress.it\\\/2024\\\/11\\\/05\\\/insieme-contro-la-violenza-di-genere-il-procuratore-della-repubblica-roberta-gallego-belluno-non-e-unisola-felice\\\/#breadcrumb\",\"itemListElement\":[{\"@type\":\"ListItem\",\"position\":1,\"name\":\"Home\",\"item\":\"https:\\\/\\\/www.bellunopress.it\\\/\"},{\"@type\":\"ListItem\",\"position\":2,\"name\":\"Insieme contro la violenza di genere. Il procuratore della Repubblica Roberta Gallego: &#8220;Belluno non \u00e8 un&#8217;isola felice&#8221;\"}]},{\"@type\":\"WebSite\",\"@id\":\"https:\\\/\\\/www.bellunopress.it\\\/#website\",\"url\":\"https:\\\/\\\/www.bellunopress.it\\\/\",\"name\":\"Bellunopress - Dolomiti\",\"description\":\"e-mail: redazione@bellunopress.it\",\"publisher\":{\"@id\":\"https:\\\/\\\/www.bellunopress.it\\\/#organization\"},\"potentialAction\":[{\"@type\":\"SearchAction\",\"target\":{\"@type\":\"EntryPoint\",\"urlTemplate\":\"https:\\\/\\\/www.bellunopress.it\\\/?s={search_term_string}\"},\"query-input\":{\"@type\":\"PropertyValueSpecification\",\"valueRequired\":true,\"valueName\":\"search_term_string\"}}],\"inLanguage\":\"fr-FR\"},{\"@type\":\"Organization\",\"@id\":\"https:\\\/\\\/www.bellunopress.it\\\/#organization\",\"name\":\"Bellunopress\",\"url\":\"https:\\\/\\\/www.bellunopress.it\\\/\",\"logo\":{\"@type\":\"ImageObject\",\"inLanguage\":\"fr-FR\",\"@id\":\"https:\\\/\\\/www.bellunopress.it\\\/#\\\/schema\\\/logo\\\/image\\\/\",\"url\":\"https:\\\/\\\/www.bellunopress.it\\\/wp-content\\\/uploads\\\/2011\\\/05\\\/cropped-logo-bellunopress-.jpg\",\"contentUrl\":\"https:\\\/\\\/www.bellunopress.it\\\/wp-content\\\/uploads\\\/2011\\\/05\\\/cropped-logo-bellunopress-.jpg\",\"width\":512,\"height\":512,\"caption\":\"Bellunopress\"},\"image\":{\"@id\":\"https:\\\/\\\/www.bellunopress.it\\\/#\\\/schema\\\/logo\\\/image\\\/\"},\"sameAs\":[\"https:\\\/\\\/www.facebook.com\\\/profile.php?id=100008943462799\",\"https:\\\/\\\/x.com\\\/bellunopress\",\"https:\\\/\\\/www.linkedin.com\\\/hp\\\/?dnr=JBzUWaJfMUw8vbXJJ2tVW5-I3jZKvC4wsoxE&amp;amp;amp;amp;amp;amp;trk=nav_responsive_tab_home\",\"https:\\\/\\\/www.youtube.com\\\/channel\\\/UCxL0wu1uN0_3_7hGG0306cw\"]},{\"@type\":\"Person\",\"@id\":\"https:\\\/\\\/www.bellunopress.it\\\/#\\\/schema\\\/person\\\/79bb06722b37ece1c03d3e94beb30d73\",\"name\":\"redazione\",\"image\":{\"@type\":\"ImageObject\",\"inLanguage\":\"fr-FR\",\"@id\":\"https:\\\/\\\/secure.gravatar.com\\\/avatar\\\/37d968a2e67a6fd04c169c4bdef102d0bc5d31b2546345219e348575eb80e9a0?s=96&d=mm&r=g\",\"url\":\"https:\\\/\\\/secure.gravatar.com\\\/avatar\\\/37d968a2e67a6fd04c169c4bdef102d0bc5d31b2546345219e348575eb80e9a0?s=96&d=mm&r=g\",\"contentUrl\":\"https:\\\/\\\/secure.gravatar.com\\\/avatar\\\/37d968a2e67a6fd04c169c4bdef102d0bc5d31b2546345219e348575eb80e9a0?s=96&d=mm&r=g\",\"caption\":\"redazione\"},\"sameAs\":[\"http:\\\/\\\/www.bellunopress.it\",\"https:\\\/\\\/x.com\\\/bellunopress\"],\"url\":\"https:\\\/\\\/www.bellunopress.it\\\/fr\\\/author\\\/redazione\\\/\"}]}<\/script>\n<!-- \/ Yoast SEO plugin. -->","yoast_head_json":{"title":"Insieme contro la violenza di genere. Il procuratore della Repubblica Roberta Gallego: \"Belluno non \u00e8 un'isola felice\" - Bellunopress - Dolomiti","robots":{"index":"index","follow":"follow","max-snippet":"max-snippet:-1","max-image-preview":"max-image-preview:large","max-video-preview":"max-video-preview:-1"},"canonical":"https:\/\/www.bellunopress.it\/fr\/2024\/11\/05\/insieme-contro-la-violenza-di-genere-il-procuratore-della-repubblica-roberta-gallego-belluno-non-e-unisola-felice\/","og_locale":"fr_FR","og_type":"article","og_title":"Insieme contro la violenza di genere. Il procuratore della Repubblica Roberta Gallego: \"Belluno non \u00e8 un'isola felice\" - Bellunopress - Dolomiti","og_description":"Belluno, 5 novembre 2024 \u2013 \u201cBelluno non \u00e8 un\u2019isola felice. Molestie, atti persecutori, violenza sessuale, le statistiche rivelano che i dati provinciali sono paragonabili a quelli del resto d\u2019Italia. I tratti del presunto autore non sono quelli dello sconosciuto che insegue la preda, ma nella maggior parte dei casi \u00e8 un soggetto con il quale [&hellip;]","og_url":"https:\/\/www.bellunopress.it\/fr\/2024\/11\/05\/insieme-contro-la-violenza-di-genere-il-procuratore-della-repubblica-roberta-gallego-belluno-non-e-unisola-felice\/","og_site_name":"Bellunopress - Dolomiti","article_publisher":"https:\/\/www.facebook.com\/profile.php?id=100008943462799","article_published_time":"2024-11-05T22:00:55+00:00","og_image":[{"width":1000,"height":750,"url":"https:\/\/www.bellunopress.it\/wp-content\/uploads\/2024\/11\/violenza-sulla-donna-conferenza-Ass-Industriali_edited.jpg","type":"image\/jpeg"}],"author":"redazione","twitter_card":"summary_large_image","twitter_creator":"@bellunopress","twitter_site":"@bellunopress","twitter_misc":{"\u00c9crit par":"redazione","Dur\u00e9e de lecture estim\u00e9e":"3 minutes"},"schema":{"@context":"https:\/\/schema.org","@graph":[{"@type":"Article","@id":"https:\/\/www.bellunopress.it\/2024\/11\/05\/insieme-contro-la-violenza-di-genere-il-procuratore-della-repubblica-roberta-gallego-belluno-non-e-unisola-felice\/#article","isPartOf":{"@id":"https:\/\/www.bellunopress.it\/2024\/11\/05\/insieme-contro-la-violenza-di-genere-il-procuratore-della-repubblica-roberta-gallego-belluno-non-e-unisola-felice\/"},"author":{"name":"redazione","@id":"https:\/\/www.bellunopress.it\/#\/schema\/person\/79bb06722b37ece1c03d3e94beb30d73"},"headline":"Insieme contro la violenza di genere. Il procuratore della Repubblica Roberta Gallego: &#8220;Belluno non \u00e8 un&#8217;isola felice&#8221;","datePublished":"2024-11-05T22:00:55+00:00","mainEntityOfPage":{"@id":"https:\/\/www.bellunopress.it\/2024\/11\/05\/insieme-contro-la-violenza-di-genere-il-procuratore-della-repubblica-roberta-gallego-belluno-non-e-unisola-felice\/"},"wordCount":656,"publisher":{"@id":"https:\/\/www.bellunopress.it\/#organization"},"image":{"@id":"https:\/\/www.bellunopress.it\/2024\/11\/05\/insieme-contro-la-violenza-di-genere-il-procuratore-della-repubblica-roberta-gallego-belluno-non-e-unisola-felice\/#primaryimage"},"thumbnailUrl":"https:\/\/www.bellunopress.it\/wp-content\/uploads\/2024\/11\/violenza-sulla-donna-conferenza-Ass-Industriali_edited.jpg","articleSection":["Featured","Prima Pagina","Societ\u00e0, Associazioni, Istituzioni"],"inLanguage":"fr-FR"},{"@type":"WebPage","@id":"https:\/\/www.bellunopress.it\/2024\/11\/05\/insieme-contro-la-violenza-di-genere-il-procuratore-della-repubblica-roberta-gallego-belluno-non-e-unisola-felice\/","url":"https:\/\/www.bellunopress.it\/2024\/11\/05\/insieme-contro-la-violenza-di-genere-il-procuratore-della-repubblica-roberta-gallego-belluno-non-e-unisola-felice\/","name":"Insieme contro la violenza di genere. Il procuratore della Repubblica Roberta Gallego: \"Belluno non \u00e8 un'isola felice\" - Bellunopress - Dolomiti","isPartOf":{"@id":"https:\/\/www.bellunopress.it\/#website"},"primaryImageOfPage":{"@id":"https:\/\/www.bellunopress.it\/2024\/11\/05\/insieme-contro-la-violenza-di-genere-il-procuratore-della-repubblica-roberta-gallego-belluno-non-e-unisola-felice\/#primaryimage"},"image":{"@id":"https:\/\/www.bellunopress.it\/2024\/11\/05\/insieme-contro-la-violenza-di-genere-il-procuratore-della-repubblica-roberta-gallego-belluno-non-e-unisola-felice\/#primaryimage"},"thumbnailUrl":"https:\/\/www.bellunopress.it\/wp-content\/uploads\/2024\/11\/violenza-sulla-donna-conferenza-Ass-Industriali_edited.jpg","datePublished":"2024-11-05T22:00:55+00:00","breadcrumb":{"@id":"https:\/\/www.bellunopress.it\/2024\/11\/05\/insieme-contro-la-violenza-di-genere-il-procuratore-della-repubblica-roberta-gallego-belluno-non-e-unisola-felice\/#breadcrumb"},"inLanguage":"fr-FR","potentialAction":[{"@type":"ReadAction","target":["https:\/\/www.bellunopress.it\/2024\/11\/05\/insieme-contro-la-violenza-di-genere-il-procuratore-della-repubblica-roberta-gallego-belluno-non-e-unisola-felice\/"]}]},{"@type":"ImageObject","inLanguage":"fr-FR","@id":"https:\/\/www.bellunopress.it\/2024\/11\/05\/insieme-contro-la-violenza-di-genere-il-procuratore-della-repubblica-roberta-gallego-belluno-non-e-unisola-felice\/#primaryimage","url":"https:\/\/www.bellunopress.it\/wp-content\/uploads\/2024\/11\/violenza-sulla-donna-conferenza-Ass-Industriali_edited.jpg","contentUrl":"https:\/\/www.bellunopress.it\/wp-content\/uploads\/2024\/11\/violenza-sulla-donna-conferenza-Ass-Industriali_edited.jpg","width":1000,"height":750},{"@type":"BreadcrumbList","@id":"https:\/\/www.bellunopress.it\/2024\/11\/05\/insieme-contro-la-violenza-di-genere-il-procuratore-della-repubblica-roberta-gallego-belluno-non-e-unisola-felice\/#breadcrumb","itemListElement":[{"@type":"ListItem","position":1,"name":"Home","item":"https:\/\/www.bellunopress.it\/"},{"@type":"ListItem","position":2,"name":"Insieme contro la violenza di genere. Il procuratore della Repubblica Roberta Gallego: &#8220;Belluno non \u00e8 un&#8217;isola felice&#8221;"}]},{"@type":"WebSite","@id":"https:\/\/www.bellunopress.it\/#website","url":"https:\/\/www.bellunopress.it\/","name":"Bellunopress - Dolomiti","description":"e-mail: redazione@bellunopress.it","publisher":{"@id":"https:\/\/www.bellunopress.it\/#organization"},"potentialAction":[{"@type":"SearchAction","target":{"@type":"EntryPoint","urlTemplate":"https:\/\/www.bellunopress.it\/?s={search_term_string}"},"query-input":{"@type":"PropertyValueSpecification","valueRequired":true,"valueName":"search_term_string"}}],"inLanguage":"fr-FR"},{"@type":"Organization","@id":"https:\/\/www.bellunopress.it\/#organization","name":"Bellunopress","url":"https:\/\/www.bellunopress.it\/","logo":{"@type":"ImageObject","inLanguage":"fr-FR","@id":"https:\/\/www.bellunopress.it\/#\/schema\/logo\/image\/","url":"https:\/\/www.bellunopress.it\/wp-content\/uploads\/2011\/05\/cropped-logo-bellunopress-.jpg","contentUrl":"https:\/\/www.bellunopress.it\/wp-content\/uploads\/2011\/05\/cropped-logo-bellunopress-.jpg","width":512,"height":512,"caption":"Bellunopress"},"image":{"@id":"https:\/\/www.bellunopress.it\/#\/schema\/logo\/image\/"},"sameAs":["https:\/\/www.facebook.com\/profile.php?id=100008943462799","https:\/\/x.com\/bellunopress","https:\/\/www.linkedin.com\/hp\/?dnr=JBzUWaJfMUw8vbXJJ2tVW5-I3jZKvC4wsoxE&amp;amp;amp;amp;amp;amp;trk=nav_responsive_tab_home","https:\/\/www.youtube.com\/channel\/UCxL0wu1uN0_3_7hGG0306cw"]},{"@type":"Person","@id":"https:\/\/www.bellunopress.it\/#\/schema\/person\/79bb06722b37ece1c03d3e94beb30d73","name":"r\u00e9daction","image":{"@type":"ImageObject","inLanguage":"fr-FR","@id":"https:\/\/secure.gravatar.com\/avatar\/37d968a2e67a6fd04c169c4bdef102d0bc5d31b2546345219e348575eb80e9a0?s=96&d=mm&r=g","url":"https:\/\/secure.gravatar.com\/avatar\/37d968a2e67a6fd04c169c4bdef102d0bc5d31b2546345219e348575eb80e9a0?s=96&d=mm&r=g","contentUrl":"https:\/\/secure.gravatar.com\/avatar\/37d968a2e67a6fd04c169c4bdef102d0bc5d31b2546345219e348575eb80e9a0?s=96&d=mm&r=g","caption":"redazione"},"sameAs":["http:\/\/www.bellunopress.it","https:\/\/x.com\/bellunopress"],"url":"https:\/\/www.bellunopress.it\/fr\/author\/redazione\/"}]}},"_links":{"self":[{"href":"https:\/\/www.bellunopress.it\/fr\/wp-json\/wp\/v2\/posts\/155541","targetHints":{"allow":["GET"]}}],"collection":[{"href":"https:\/\/www.bellunopress.it\/fr\/wp-json\/wp\/v2\/posts"}],"about":[{"href":"https:\/\/www.bellunopress.it\/fr\/wp-json\/wp\/v2\/types\/post"}],"author":[{"embeddable":true,"href":"https:\/\/www.bellunopress.it\/fr\/wp-json\/wp\/v2\/users\/2"}],"replies":[{"embeddable":true,"href":"https:\/\/www.bellunopress.it\/fr\/wp-json\/wp\/v2\/comments?post=155541"}],"version-history":[{"count":1,"href":"https:\/\/www.bellunopress.it\/fr\/wp-json\/wp\/v2\/posts\/155541\/revisions"}],"predecessor-version":[{"id":155543,"href":"https:\/\/www.bellunopress.it\/fr\/wp-json\/wp\/v2\/posts\/155541\/revisions\/155543"}],"wp:featuredmedia":[{"embeddable":true,"href":"https:\/\/www.bellunopress.it\/fr\/wp-json\/wp\/v2\/media\/155542"}],"wp:attachment":[{"href":"https:\/\/www.bellunopress.it\/fr\/wp-json\/wp\/v2\/media?parent=155541"}],"wp:term":[{"taxonomy":"category","embeddable":true,"href":"https:\/\/www.bellunopress.it\/fr\/wp-json\/wp\/v2\/categories?post=155541"},{"taxonomy":"post_tag","embeddable":true,"href":"https:\/\/www.bellunopress.it\/fr\/wp-json\/wp\/v2\/tags?post=155541"}],"curies":[{"name":"wp","href":"https:\/\/api.w.org\/{rel}","templated":true}]}}