{"id":1555,"date":"2009-03-12T23:54:48","date_gmt":"2009-03-12T22:54:48","guid":{"rendered":"http:\/\/www.bellunopress.it\/?p=1555"},"modified":"2009-03-12T23:55:37","modified_gmt":"2009-03-12T22:55:37","slug":"guide-turistiche-errate-reolon-competenze-turistiche-alla-provincia","status":"publish","type":"post","link":"https:\/\/www.bellunopress.it\/fr\/2009\/03\/12\/guide-turistiche-errate-reolon-competenze-turistiche-alla-provincia\/","title":{"rendered":"Guide turistiche errate, Reolon: competenze turistiche alla Provincia"},"content":{"rendered":"<p><a href=\"http:\/\/www.bellunopress.it\/wp-content\/uploads\/2009\/03\/sergio-reolon-1.jpg\"><img loading=\"lazy\" decoding=\"async\" class=\"alignleft size-medium wp-image-1538\" title=\"sergio-reolon-1\" src=\"http:\/\/www.bellunopress.it\/wp-content\/uploads\/2009\/03\/sergio-reolon-1.jpg\" alt=\"\" width=\"270\" height=\"180\" \/><\/a>Le segnalazioni degli organi di stampa sugli errori di posizionamento di molte localit\u00e0 bellunesi fatti dagli autori di due guide turistiche non fanno che confermare la necessit\u00e0 di passare le competenze turistiche dalla Regione alla Provincia di Belluno. \u00abTutto il lavoro fatto sul turismo in questi anni\u00bb, spiega il presidente della Provincia di Belluno, Sergio Reolon, \u00abci sta facendo emergere. Per\u00f2 siamo consapevoli di alcuni limiti: da un lato partivamo da posizioni molto arretrate, rispetto ai territori contermini. Dall\u2019altro avevamo e abbiamo ancora i paletti imposti dalla legge regionale sul turismo che polverizza le competenze\u00bb.<br \/>\nTuttavia non mancano i segnali di controtendenza: \u00abProprio ieri, marted\u00ec 11 marzo, a Evian, in Francia, unici in Italia, abbiamo ricevuto un premio internazionale per un prodotto turistico. Ce lo ha consegnato la Convenzione delle Alpi che ha giudicato il Cammino delle Dolomiti come il miglior progetto italiano dal punto di vista dell\u2019innovativit\u00e0 e della sostenibilit\u00e0 ambientale. Sono proprio iniziative come questa che ci consentono di valorizzare concretamente le nostre Dolomiti e di qualificarci sulla scena internazionale\u00bb.<\/p>","protected":false},"excerpt":{"rendered":"<p>Le segnalazioni degli organi di stampa sugli errori di posizionamento di molte localit\u00e0 bellunesi fatti dagli autori di due guide turistiche non fanno che confermare la necessit\u00e0 di passare le competenze turistiche dalla Regione alla Provincia di Belluno. \u00abTutto il lavoro fatto sul turismo in questi anni\u00bb, spiega il presidente della Provincia di Belluno, Sergio [&hellip;]<\/p>\n","protected":false},"author":2,"featured_media":0,"comment_status":"closed","ping_status":"open","sticky":false,"template":"","format":"standard","meta":{"footnotes":""},"categories":[26],"tags":[139,63],"class_list":["post-1555","post","type-post","status-publish","format-standard","category-prima-pagina","tag-belluno","tag-dolomiti"],"yoast_head":"<!-- This site is optimized with the Yoast SEO plugin v28.4 - https:\/\/yoast.com\/product\/yoast-seo-wordpress\/ -->\n<title>Guide turistiche errate, Reolon: competenze turistiche alla Provincia - Bellunopress - Dolomiti<\/title>\n<meta name=\"robots\" content=\"index, follow, max-snippet:-1, max-image-preview:large, max-video-preview:-1\" \/>\n<link rel=\"canonical\" href=\"https:\/\/www.bellunopress.it\/fr\/2009\/03\/12\/guide-turistiche-errate-reolon-competenze-turistiche-alla-provincia\/\" \/>\n<meta property=\"og:locale\" content=\"fr_FR\" \/>\n<meta property=\"og:type\" content=\"article\" \/>\n<meta property=\"og:title\" content=\"Guide turistiche errate, Reolon: competenze turistiche alla Provincia - Bellunopress - Dolomiti\" \/>\n<meta property=\"og:description\" content=\"Le segnalazioni degli organi di stampa sugli errori di posizionamento di molte localit\u00e0 bellunesi fatti dagli autori di due guide turistiche non fanno che confermare la necessit\u00e0 di passare le competenze turistiche dalla Regione alla Provincia di Belluno. \u00abTutto il lavoro fatto sul turismo in questi anni\u00bb, spiega il presidente della Provincia di Belluno, Sergio [&hellip;]\" \/>\n<meta property=\"og:url\" content=\"https:\/\/www.bellunopress.it\/fr\/2009\/03\/12\/guide-turistiche-errate-reolon-competenze-turistiche-alla-provincia\/\" \/>\n<meta property=\"og:site_name\" content=\"Bellunopress - Dolomiti\" \/>\n<meta property=\"article:publisher\" content=\"https:\/\/www.facebook.com\/profile.php?id=100008943462799\" \/>\n<meta property=\"article:published_time\" content=\"2009-03-12T22:54:48+00:00\" \/>\n<meta property=\"article:modified_time\" content=\"2009-03-12T22:55:37+00:00\" \/>\n<meta property=\"og:image\" content=\"http:\/\/www.bellunopress.it\/wp-content\/uploads\/2009\/03\/sergio-reolon-1.jpg\" \/>\n<meta name=\"author\" content=\"redazione\" \/>\n<meta name=\"twitter:card\" content=\"summary_large_image\" \/>\n<meta name=\"twitter:creator\" content=\"@bellunopress\" \/>\n<meta name=\"twitter:site\" content=\"@bellunopress\" \/>\n<meta name=\"twitter:label1\" content=\"\u00c9crit par\" \/>\n\t<meta name=\"twitter:data1\" content=\"redazione\" \/>\n\t<meta name=\"twitter:label2\" content=\"Dur\u00e9e de lecture estim\u00e9e\" \/>\n\t<meta name=\"twitter:data2\" content=\"1 minute\" \/>\n<script type=\"application\/ld+json\" class=\"yoast-schema-graph\">{\"@context\":\"https:\\\/\\\/schema.org\",\"@graph\":[{\"@type\":\"Article\",\"@id\":\"https:\\\/\\\/www.bellunopress.it\\\/2009\\\/03\\\/12\\\/guide-turistiche-errate-reolon-competenze-turistiche-alla-provincia\\\/#article\",\"isPartOf\":{\"@id\":\"https:\\\/\\\/www.bellunopress.it\\\/2009\\\/03\\\/12\\\/guide-turistiche-errate-reolon-competenze-turistiche-alla-provincia\\\/\"},\"author\":{\"name\":\"redazione\",\"@id\":\"https:\\\/\\\/www.bellunopress.it\\\/#\\\/schema\\\/person\\\/79bb06722b37ece1c03d3e94beb30d73\"},\"headline\":\"Guide turistiche errate, Reolon: competenze turistiche alla Provincia\",\"datePublished\":\"2009-03-12T22:54:48+00:00\",\"dateModified\":\"2009-03-12T22:55:37+00:00\",\"mainEntityOfPage\":{\"@id\":\"https:\\\/\\\/www.bellunopress.it\\\/2009\\\/03\\\/12\\\/guide-turistiche-errate-reolon-competenze-turistiche-alla-provincia\\\/\"},\"wordCount\":181,\"publisher\":{\"@id\":\"https:\\\/\\\/www.bellunopress.it\\\/#organization\"},\"image\":{\"@id\":\"https:\\\/\\\/www.bellunopress.it\\\/2009\\\/03\\\/12\\\/guide-turistiche-errate-reolon-competenze-turistiche-alla-provincia\\\/#primaryimage\"},\"thumbnailUrl\":\"http:\\\/\\\/www.bellunopress.it\\\/wp-content\\\/uploads\\\/2009\\\/03\\\/sergio-reolon-1.jpg\",\"keywords\":[\"Belluno\",\"Dolomiti\"],\"articleSection\":[\"Prima Pagina\"],\"inLanguage\":\"fr-FR\"},{\"@type\":\"WebPage\",\"@id\":\"https:\\\/\\\/www.bellunopress.it\\\/2009\\\/03\\\/12\\\/guide-turistiche-errate-reolon-competenze-turistiche-alla-provincia\\\/\",\"url\":\"https:\\\/\\\/www.bellunopress.it\\\/2009\\\/03\\\/12\\\/guide-turistiche-errate-reolon-competenze-turistiche-alla-provincia\\\/\",\"name\":\"Guide turistiche errate, Reolon: competenze turistiche alla Provincia - Bellunopress - Dolomiti\",\"isPartOf\":{\"@id\":\"https:\\\/\\\/www.bellunopress.it\\\/#website\"},\"primaryImageOfPage\":{\"@id\":\"https:\\\/\\\/www.bellunopress.it\\\/2009\\\/03\\\/12\\\/guide-turistiche-errate-reolon-competenze-turistiche-alla-provincia\\\/#primaryimage\"},\"image\":{\"@id\":\"https:\\\/\\\/www.bellunopress.it\\\/2009\\\/03\\\/12\\\/guide-turistiche-errate-reolon-competenze-turistiche-alla-provincia\\\/#primaryimage\"},\"thumbnailUrl\":\"http:\\\/\\\/www.bellunopress.it\\\/wp-content\\\/uploads\\\/2009\\\/03\\\/sergio-reolon-1.jpg\",\"datePublished\":\"2009-03-12T22:54:48+00:00\",\"dateModified\":\"2009-03-12T22:55:37+00:00\",\"breadcrumb\":{\"@id\":\"https:\\\/\\\/www.bellunopress.it\\\/2009\\\/03\\\/12\\\/guide-turistiche-errate-reolon-competenze-turistiche-alla-provincia\\\/#breadcrumb\"},\"inLanguage\":\"fr-FR\",\"potentialAction\":[{\"@type\":\"ReadAction\",\"target\":[\"https:\\\/\\\/www.bellunopress.it\\\/2009\\\/03\\\/12\\\/guide-turistiche-errate-reolon-competenze-turistiche-alla-provincia\\\/\"]}]},{\"@type\":\"ImageObject\",\"inLanguage\":\"fr-FR\",\"@id\":\"https:\\\/\\\/www.bellunopress.it\\\/2009\\\/03\\\/12\\\/guide-turistiche-errate-reolon-competenze-turistiche-alla-provincia\\\/#primaryimage\",\"url\":\"http:\\\/\\\/www.bellunopress.it\\\/wp-content\\\/uploads\\\/2009\\\/03\\\/sergio-reolon-1.jpg\",\"contentUrl\":\"http:\\\/\\\/www.bellunopress.it\\\/wp-content\\\/uploads\\\/2009\\\/03\\\/sergio-reolon-1.jpg\"},{\"@type\":\"BreadcrumbList\",\"@id\":\"https:\\\/\\\/www.bellunopress.it\\\/2009\\\/03\\\/12\\\/guide-turistiche-errate-reolon-competenze-turistiche-alla-provincia\\\/#breadcrumb\",\"itemListElement\":[{\"@type\":\"ListItem\",\"position\":1,\"name\":\"Home\",\"item\":\"https:\\\/\\\/www.bellunopress.it\\\/\"},{\"@type\":\"ListItem\",\"position\":2,\"name\":\"Guide turistiche errate, Reolon: competenze turistiche alla Provincia\"}]},{\"@type\":\"WebSite\",\"@id\":\"https:\\\/\\\/www.bellunopress.it\\\/#website\",\"url\":\"https:\\\/\\\/www.bellunopress.it\\\/\",\"name\":\"Bellunopress - Dolomiti\",\"description\":\"e-mail: redazione@bellunopress.it\",\"publisher\":{\"@id\":\"https:\\\/\\\/www.bellunopress.it\\\/#organization\"},\"potentialAction\":[{\"@type\":\"SearchAction\",\"target\":{\"@type\":\"EntryPoint\",\"urlTemplate\":\"https:\\\/\\\/www.bellunopress.it\\\/?s={search_term_string}\"},\"query-input\":{\"@type\":\"PropertyValueSpecification\",\"valueRequired\":true,\"valueName\":\"search_term_string\"}}],\"inLanguage\":\"fr-FR\"},{\"@type\":\"Organization\",\"@id\":\"https:\\\/\\\/www.bellunopress.it\\\/#organization\",\"name\":\"Bellunopress\",\"url\":\"https:\\\/\\\/www.bellunopress.it\\\/\",\"logo\":{\"@type\":\"ImageObject\",\"inLanguage\":\"fr-FR\",\"@id\":\"https:\\\/\\\/www.bellunopress.it\\\/#\\\/schema\\\/logo\\\/image\\\/\",\"url\":\"https:\\\/\\\/www.bellunopress.it\\\/wp-content\\\/uploads\\\/2011\\\/05\\\/cropped-logo-bellunopress-.jpg\",\"contentUrl\":\"https:\\\/\\\/www.bellunopress.it\\\/wp-content\\\/uploads\\\/2011\\\/05\\\/cropped-logo-bellunopress-.jpg\",\"width\":512,\"height\":512,\"caption\":\"Bellunopress\"},\"image\":{\"@id\":\"https:\\\/\\\/www.bellunopress.it\\\/#\\\/schema\\\/logo\\\/image\\\/\"},\"sameAs\":[\"https:\\\/\\\/www.facebook.com\\\/profile.php?id=100008943462799\",\"https:\\\/\\\/x.com\\\/bellunopress\",\"https:\\\/\\\/www.linkedin.com\\\/hp\\\/?dnr=JBzUWaJfMUw8vbXJJ2tVW5-I3jZKvC4wsoxE&amp;amp;amp;amp;amp;amp;trk=nav_responsive_tab_home\",\"https:\\\/\\\/www.youtube.com\\\/channel\\\/UCxL0wu1uN0_3_7hGG0306cw\"]},{\"@type\":\"Person\",\"@id\":\"https:\\\/\\\/www.bellunopress.it\\\/#\\\/schema\\\/person\\\/79bb06722b37ece1c03d3e94beb30d73\",\"name\":\"redazione\",\"image\":{\"@type\":\"ImageObject\",\"inLanguage\":\"fr-FR\",\"@id\":\"https:\\\/\\\/secure.gravatar.com\\\/avatar\\\/37d968a2e67a6fd04c169c4bdef102d0bc5d31b2546345219e348575eb80e9a0?s=96&d=mm&r=g\",\"url\":\"https:\\\/\\\/secure.gravatar.com\\\/avatar\\\/37d968a2e67a6fd04c169c4bdef102d0bc5d31b2546345219e348575eb80e9a0?s=96&d=mm&r=g\",\"contentUrl\":\"https:\\\/\\\/secure.gravatar.com\\\/avatar\\\/37d968a2e67a6fd04c169c4bdef102d0bc5d31b2546345219e348575eb80e9a0?s=96&d=mm&r=g\",\"caption\":\"redazione\"},\"sameAs\":[\"http:\\\/\\\/www.bellunopress.it\",\"https:\\\/\\\/x.com\\\/bellunopress\"],\"url\":\"https:\\\/\\\/www.bellunopress.it\\\/fr\\\/author\\\/redazione\\\/\"}]}<\/script>\n<!-- \/ Yoast SEO plugin. -->","yoast_head_json":{"title":"Guide turistiche errate, Reolon: competenze turistiche alla Provincia - Bellunopress - Dolomiti","robots":{"index":"index","follow":"follow","max-snippet":"max-snippet:-1","max-image-preview":"max-image-preview:large","max-video-preview":"max-video-preview:-1"},"canonical":"https:\/\/www.bellunopress.it\/fr\/2009\/03\/12\/guide-turistiche-errate-reolon-competenze-turistiche-alla-provincia\/","og_locale":"fr_FR","og_type":"article","og_title":"Guide turistiche errate, Reolon: competenze turistiche alla Provincia - Bellunopress - Dolomiti","og_description":"Le segnalazioni degli organi di stampa sugli errori di posizionamento di molte localit\u00e0 bellunesi fatti dagli autori di due guide turistiche non fanno che confermare la necessit\u00e0 di passare le competenze turistiche dalla Regione alla Provincia di Belluno. \u00abTutto il lavoro fatto sul turismo in questi anni\u00bb, spiega il presidente della Provincia di Belluno, Sergio [&hellip;]","og_url":"https:\/\/www.bellunopress.it\/fr\/2009\/03\/12\/guide-turistiche-errate-reolon-competenze-turistiche-alla-provincia\/","og_site_name":"Bellunopress - Dolomiti","article_publisher":"https:\/\/www.facebook.com\/profile.php?id=100008943462799","article_published_time":"2009-03-12T22:54:48+00:00","article_modified_time":"2009-03-12T22:55:37+00:00","og_image":[{"url":"http:\/\/www.bellunopress.it\/wp-content\/uploads\/2009\/03\/sergio-reolon-1.jpg","type":"","width":"","height":""}],"author":"redazione","twitter_card":"summary_large_image","twitter_creator":"@bellunopress","twitter_site":"@bellunopress","twitter_misc":{"\u00c9crit par":"redazione","Dur\u00e9e de lecture estim\u00e9e":"1 minute"},"schema":{"@context":"https:\/\/schema.org","@graph":[{"@type":"Article","@id":"https:\/\/www.bellunopress.it\/2009\/03\/12\/guide-turistiche-errate-reolon-competenze-turistiche-alla-provincia\/#article","isPartOf":{"@id":"https:\/\/www.bellunopress.it\/2009\/03\/12\/guide-turistiche-errate-reolon-competenze-turistiche-alla-provincia\/"},"author":{"name":"redazione","@id":"https:\/\/www.bellunopress.it\/#\/schema\/person\/79bb06722b37ece1c03d3e94beb30d73"},"headline":"Guide turistiche errate, Reolon: competenze turistiche alla Provincia","datePublished":"2009-03-12T22:54:48+00:00","dateModified":"2009-03-12T22:55:37+00:00","mainEntityOfPage":{"@id":"https:\/\/www.bellunopress.it\/2009\/03\/12\/guide-turistiche-errate-reolon-competenze-turistiche-alla-provincia\/"},"wordCount":181,"publisher":{"@id":"https:\/\/www.bellunopress.it\/#organization"},"image":{"@id":"https:\/\/www.bellunopress.it\/2009\/03\/12\/guide-turistiche-errate-reolon-competenze-turistiche-alla-provincia\/#primaryimage"},"thumbnailUrl":"http:\/\/www.bellunopress.it\/wp-content\/uploads\/2009\/03\/sergio-reolon-1.jpg","keywords":["Belluno","Dolomiti"],"articleSection":["Prima Pagina"],"inLanguage":"fr-FR"},{"@type":"WebPage","@id":"https:\/\/www.bellunopress.it\/2009\/03\/12\/guide-turistiche-errate-reolon-competenze-turistiche-alla-provincia\/","url":"https:\/\/www.bellunopress.it\/2009\/03\/12\/guide-turistiche-errate-reolon-competenze-turistiche-alla-provincia\/","name":"Guide turistiche errate, Reolon: competenze turistiche alla Provincia - Bellunopress - Dolomiti","isPartOf":{"@id":"https:\/\/www.bellunopress.it\/#website"},"primaryImageOfPage":{"@id":"https:\/\/www.bellunopress.it\/2009\/03\/12\/guide-turistiche-errate-reolon-competenze-turistiche-alla-provincia\/#primaryimage"},"image":{"@id":"https:\/\/www.bellunopress.it\/2009\/03\/12\/guide-turistiche-errate-reolon-competenze-turistiche-alla-provincia\/#primaryimage"},"thumbnailUrl":"http:\/\/www.bellunopress.it\/wp-content\/uploads\/2009\/03\/sergio-reolon-1.jpg","datePublished":"2009-03-12T22:54:48+00:00","dateModified":"2009-03-12T22:55:37+00:00","breadcrumb":{"@id":"https:\/\/www.bellunopress.it\/2009\/03\/12\/guide-turistiche-errate-reolon-competenze-turistiche-alla-provincia\/#breadcrumb"},"inLanguage":"fr-FR","potentialAction":[{"@type":"ReadAction","target":["https:\/\/www.bellunopress.it\/2009\/03\/12\/guide-turistiche-errate-reolon-competenze-turistiche-alla-provincia\/"]}]},{"@type":"ImageObject","inLanguage":"fr-FR","@id":"https:\/\/www.bellunopress.it\/2009\/03\/12\/guide-turistiche-errate-reolon-competenze-turistiche-alla-provincia\/#primaryimage","url":"http:\/\/www.bellunopress.it\/wp-content\/uploads\/2009\/03\/sergio-reolon-1.jpg","contentUrl":"http:\/\/www.bellunopress.it\/wp-content\/uploads\/2009\/03\/sergio-reolon-1.jpg"},{"@type":"BreadcrumbList","@id":"https:\/\/www.bellunopress.it\/2009\/03\/12\/guide-turistiche-errate-reolon-competenze-turistiche-alla-provincia\/#breadcrumb","itemListElement":[{"@type":"ListItem","position":1,"name":"Home","item":"https:\/\/www.bellunopress.it\/"},{"@type":"ListItem","position":2,"name":"Guide turistiche errate, Reolon: competenze turistiche alla Provincia"}]},{"@type":"WebSite","@id":"https:\/\/www.bellunopress.it\/#website","url":"https:\/\/www.bellunopress.it\/","name":"Bellunopress - Dolomiti","description":"e-mail: redazione@bellunopress.it","publisher":{"@id":"https:\/\/www.bellunopress.it\/#organization"},"potentialAction":[{"@type":"SearchAction","target":{"@type":"EntryPoint","urlTemplate":"https:\/\/www.bellunopress.it\/?s={search_term_string}"},"query-input":{"@type":"PropertyValueSpecification","valueRequired":true,"valueName":"search_term_string"}}],"inLanguage":"fr-FR"},{"@type":"Organization","@id":"https:\/\/www.bellunopress.it\/#organization","name":"Bellunopress","url":"https:\/\/www.bellunopress.it\/","logo":{"@type":"ImageObject","inLanguage":"fr-FR","@id":"https:\/\/www.bellunopress.it\/#\/schema\/logo\/image\/","url":"https:\/\/www.bellunopress.it\/wp-content\/uploads\/2011\/05\/cropped-logo-bellunopress-.jpg","contentUrl":"https:\/\/www.bellunopress.it\/wp-content\/uploads\/2011\/05\/cropped-logo-bellunopress-.jpg","width":512,"height":512,"caption":"Bellunopress"},"image":{"@id":"https:\/\/www.bellunopress.it\/#\/schema\/logo\/image\/"},"sameAs":["https:\/\/www.facebook.com\/profile.php?id=100008943462799","https:\/\/x.com\/bellunopress","https:\/\/www.linkedin.com\/hp\/?dnr=JBzUWaJfMUw8vbXJJ2tVW5-I3jZKvC4wsoxE&amp;amp;amp;amp;amp;amp;trk=nav_responsive_tab_home","https:\/\/www.youtube.com\/channel\/UCxL0wu1uN0_3_7hGG0306cw"]},{"@type":"Person","@id":"https:\/\/www.bellunopress.it\/#\/schema\/person\/79bb06722b37ece1c03d3e94beb30d73","name":"r\u00e9daction","image":{"@type":"ImageObject","inLanguage":"fr-FR","@id":"https:\/\/secure.gravatar.com\/avatar\/37d968a2e67a6fd04c169c4bdef102d0bc5d31b2546345219e348575eb80e9a0?s=96&d=mm&r=g","url":"https:\/\/secure.gravatar.com\/avatar\/37d968a2e67a6fd04c169c4bdef102d0bc5d31b2546345219e348575eb80e9a0?s=96&d=mm&r=g","contentUrl":"https:\/\/secure.gravatar.com\/avatar\/37d968a2e67a6fd04c169c4bdef102d0bc5d31b2546345219e348575eb80e9a0?s=96&d=mm&r=g","caption":"redazione"},"sameAs":["http:\/\/www.bellunopress.it","https:\/\/x.com\/bellunopress"],"url":"https:\/\/www.bellunopress.it\/fr\/author\/redazione\/"}]}},"_links":{"self":[{"href":"https:\/\/www.bellunopress.it\/fr\/wp-json\/wp\/v2\/posts\/1555","targetHints":{"allow":["GET"]}}],"collection":[{"href":"https:\/\/www.bellunopress.it\/fr\/wp-json\/wp\/v2\/posts"}],"about":[{"href":"https:\/\/www.bellunopress.it\/fr\/wp-json\/wp\/v2\/types\/post"}],"author":[{"embeddable":true,"href":"https:\/\/www.bellunopress.it\/fr\/wp-json\/wp\/v2\/users\/2"}],"replies":[{"embeddable":true,"href":"https:\/\/www.bellunopress.it\/fr\/wp-json\/wp\/v2\/comments?post=1555"}],"version-history":[{"count":2,"href":"https:\/\/www.bellunopress.it\/fr\/wp-json\/wp\/v2\/posts\/1555\/revisions"}],"predecessor-version":[{"id":1557,"href":"https:\/\/www.bellunopress.it\/fr\/wp-json\/wp\/v2\/posts\/1555\/revisions\/1557"}],"wp:attachment":[{"href":"https:\/\/www.bellunopress.it\/fr\/wp-json\/wp\/v2\/media?parent=1555"}],"wp:term":[{"taxonomy":"category","embeddable":true,"href":"https:\/\/www.bellunopress.it\/fr\/wp-json\/wp\/v2\/categories?post=1555"},{"taxonomy":"post_tag","embeddable":true,"href":"https:\/\/www.bellunopress.it\/fr\/wp-json\/wp\/v2\/tags?post=1555"}],"curies":[{"name":"wp","href":"https:\/\/api.w.org\/{rel}","templated":true}]}}