{"id":15528,"date":"2010-05-24T18:04:06","date_gmt":"2010-05-24T17:04:06","guid":{"rendered":"http:\/\/www.bellunopress.it\/?p=15528"},"modified":"2010-05-24T18:04:35","modified_gmt":"2010-05-24T17:04:35","slug":"scuola-fa-discutere-la-proposta-dellapertuta-il-30-settembre","status":"publish","type":"post","link":"https:\/\/www.bellunopress.it\/fr\/2010\/05\/24\/scuola-fa-discutere-la-proposta-dellapertuta-il-30-settembre\/","title":{"rendered":"Scuola, fa discutere la proposta dell&#8217;apertura il 30 settembre"},"content":{"rendered":"<p><a href=\"http:\/\/www.bellunopress.it\/wp-content\/uploads\/2009\/03\/donazzan-leggerissima2.jpg\"><img loading=\"lazy\" decoding=\"async\" class=\"alignleft size-medium wp-image-1617\" title=\"donazzan-leggerissima2\" src=\"http:\/\/www.bellunopress.it\/wp-content\/uploads\/2009\/03\/donazzan-leggerissima2.jpg\" alt=\"\" width=\"85\" height=\"65\" \/><\/a>\u201cAncora una volta una proposta nata da noi diventa occasione di dibattito nazionale\u201d. Commenta cos\u00ec Elena Donazzan, assessore all\u2019istruzione, formazione e lavoro del Veneto, l\u2019apertura del ministro dell\u2019Istruzione Mariastella Gelmini al posticipo dell\u2019inizio scolastico al 30 settembre.\u00a0<a href=\"http:\/\/www.bellunopress.it\/wp-content\/uploads\/2010\/05\/bond-leggeriss.jpg\"><img loading=\"lazy\" decoding=\"async\" class=\"alignright size-medium wp-image-15529\" title=\"bond-leggeriss\" src=\"http:\/\/www.bellunopress.it\/wp-content\/uploads\/2010\/05\/bond-leggeriss.jpg\" alt=\"\" width=\"130\" height=\"130\" \/><\/a> &#8220;Sull&#8217;apertura dell&#8217;anno scolastico &#8211; dichiara il consigliere regionale e capogruppo Pdl Dario Bond &#8211; la cosa pi\u00f9 sensata da fare \u00e8 quella di dare alle Regioni la possibilit\u00e0 di gestire i calendari scolastici nel modo pi\u00f9 flessibile secondo le esigenze e le opportunit\u00e0 locali. E&#8217; vero che l\u00e0 dove il turismo \u00e8 trainante per l&#8217;economia possono essere utili alcune settimane di settembre in pi\u00f9 per gli operatori, ma \u00e8 anche vero che questo guadagno da una parte si pu\u00f2 rivelare un costo per le famiglie. Famiglie dove entrambi i genitori lavorano, infatti, si troverebbero ad essere costrette a rivolgersi a servizi dispendiosi e di babysitteraggio per i figli. Esigenza che, comunque, si ripercuoterebbe sui Comuni. La normativa europea impone un minimo di giorni di scuola non solo a noi italiani, ma appunto a tutti gli europei e forse sarebbe pi\u00f9 opportuno cercare di coordinare i calendari scolastici tra paesi europei visto che in alcuni di questi si torna a scuola, addirittura, gi\u00e0 a met\u00e0 agosto&#8221;.<\/p>","protected":false},"excerpt":{"rendered":"<p>\u201cAncora una volta una proposta nata da noi diventa occasione di dibattito nazionale\u201d. Commenta cos\u00ec Elena Donazzan, assessore all\u2019istruzione, formazione e lavoro del Veneto, l\u2019apertura del ministro dell\u2019Istruzione Mariastella Gelmini al posticipo dell\u2019inizio scolastico al 30 settembre.\u00a0 &#8220;Sull&#8217;apertura dell&#8217;anno scolastico &#8211; dichiara il consigliere regionale e capogruppo Pdl Dario Bond &#8211; la cosa pi\u00f9 sensata [&hellip;]<\/p>\n","protected":false},"author":2,"featured_media":0,"comment_status":"closed","ping_status":"open","sticky":false,"template":"","format":"standard","meta":{"footnotes":""},"categories":[26,15],"tags":[1677],"class_list":["post-15528","post","type-post","status-publish","format-standard","category-prima-pagina","category-scuola","tag-a-scuola-il-30-settembre"],"yoast_head":"<!-- This site is optimized with the Yoast SEO plugin v28.4 - https:\/\/yoast.com\/product\/yoast-seo-wordpress\/ -->\n<title>Scuola, fa discutere la proposta dell&#039;apertura il 30 settembre - Bellunopress - Dolomiti<\/title>\n<meta name=\"robots\" content=\"index, follow, max-snippet:-1, max-image-preview:large, max-video-preview:-1\" \/>\n<link rel=\"canonical\" href=\"https:\/\/www.bellunopress.it\/fr\/2010\/05\/24\/scuola-fa-discutere-la-proposta-dellapertuta-il-30-settembre\/\" \/>\n<meta property=\"og:locale\" content=\"fr_FR\" \/>\n<meta property=\"og:type\" content=\"article\" \/>\n<meta property=\"og:title\" content=\"Scuola, fa discutere la proposta dell&#039;apertura il 30 settembre - Bellunopress - Dolomiti\" \/>\n<meta property=\"og:description\" content=\"\u201cAncora una volta una proposta nata da noi diventa occasione di dibattito nazionale\u201d. Commenta cos\u00ec Elena Donazzan, assessore all\u2019istruzione, formazione e lavoro del Veneto, l\u2019apertura del ministro dell\u2019Istruzione Mariastella Gelmini al posticipo dell\u2019inizio scolastico al 30 settembre.\u00a0 &#8220;Sull&#8217;apertura dell&#8217;anno scolastico &#8211; dichiara il consigliere regionale e capogruppo Pdl Dario Bond &#8211; la cosa pi\u00f9 sensata [&hellip;]\" \/>\n<meta property=\"og:url\" content=\"https:\/\/www.bellunopress.it\/fr\/2010\/05\/24\/scuola-fa-discutere-la-proposta-dellapertuta-il-30-settembre\/\" \/>\n<meta property=\"og:site_name\" content=\"Bellunopress - Dolomiti\" \/>\n<meta property=\"article:publisher\" content=\"https:\/\/www.facebook.com\/profile.php?id=100008943462799\" \/>\n<meta property=\"article:published_time\" content=\"2010-05-24T17:04:06+00:00\" \/>\n<meta property=\"article:modified_time\" content=\"2010-05-24T17:04:35+00:00\" \/>\n<meta property=\"og:image\" content=\"http:\/\/www.bellunopress.it\/wp-content\/uploads\/2009\/03\/donazzan-leggerissima2.jpg\" \/>\n<meta name=\"author\" content=\"redazione\" \/>\n<meta name=\"twitter:card\" content=\"summary_large_image\" \/>\n<meta name=\"twitter:creator\" content=\"@bellunopress\" \/>\n<meta name=\"twitter:site\" content=\"@bellunopress\" \/>\n<meta name=\"twitter:label1\" content=\"\u00c9crit par\" \/>\n\t<meta name=\"twitter:data1\" content=\"redazione\" \/>\n\t<meta name=\"twitter:label2\" content=\"Dur\u00e9e de lecture estim\u00e9e\" \/>\n\t<meta name=\"twitter:data2\" content=\"1 minute\" \/>\n<script type=\"application\/ld+json\" class=\"yoast-schema-graph\">{\"@context\":\"https:\\\/\\\/schema.org\",\"@graph\":[{\"@type\":\"Article\",\"@id\":\"https:\\\/\\\/www.bellunopress.it\\\/2010\\\/05\\\/24\\\/scuola-fa-discutere-la-proposta-dellapertuta-il-30-settembre\\\/#article\",\"isPartOf\":{\"@id\":\"https:\\\/\\\/www.bellunopress.it\\\/2010\\\/05\\\/24\\\/scuola-fa-discutere-la-proposta-dellapertuta-il-30-settembre\\\/\"},\"author\":{\"name\":\"redazione\",\"@id\":\"https:\\\/\\\/www.bellunopress.it\\\/#\\\/schema\\\/person\\\/79bb06722b37ece1c03d3e94beb30d73\"},\"headline\":\"Scuola, fa discutere la proposta dell&#8217;apertura il 30 settembre\",\"datePublished\":\"2010-05-24T17:04:06+00:00\",\"dateModified\":\"2010-05-24T17:04:35+00:00\",\"mainEntityOfPage\":{\"@id\":\"https:\\\/\\\/www.bellunopress.it\\\/2010\\\/05\\\/24\\\/scuola-fa-discutere-la-proposta-dellapertuta-il-30-settembre\\\/\"},\"wordCount\":214,\"publisher\":{\"@id\":\"https:\\\/\\\/www.bellunopress.it\\\/#organization\"},\"image\":{\"@id\":\"https:\\\/\\\/www.bellunopress.it\\\/2010\\\/05\\\/24\\\/scuola-fa-discutere-la-proposta-dellapertuta-il-30-settembre\\\/#primaryimage\"},\"thumbnailUrl\":\"http:\\\/\\\/www.bellunopress.it\\\/wp-content\\\/uploads\\\/2009\\\/03\\\/donazzan-leggerissima2.jpg\",\"keywords\":[\"A scuola il 30 settembre?\"],\"articleSection\":[\"Prima Pagina\",\"Scuola\"],\"inLanguage\":\"fr-FR\"},{\"@type\":\"WebPage\",\"@id\":\"https:\\\/\\\/www.bellunopress.it\\\/2010\\\/05\\\/24\\\/scuola-fa-discutere-la-proposta-dellapertuta-il-30-settembre\\\/\",\"url\":\"https:\\\/\\\/www.bellunopress.it\\\/2010\\\/05\\\/24\\\/scuola-fa-discutere-la-proposta-dellapertuta-il-30-settembre\\\/\",\"name\":\"Scuola, fa discutere la proposta dell'apertura il 30 settembre - Bellunopress - Dolomiti\",\"isPartOf\":{\"@id\":\"https:\\\/\\\/www.bellunopress.it\\\/#website\"},\"primaryImageOfPage\":{\"@id\":\"https:\\\/\\\/www.bellunopress.it\\\/2010\\\/05\\\/24\\\/scuola-fa-discutere-la-proposta-dellapertuta-il-30-settembre\\\/#primaryimage\"},\"image\":{\"@id\":\"https:\\\/\\\/www.bellunopress.it\\\/2010\\\/05\\\/24\\\/scuola-fa-discutere-la-proposta-dellapertuta-il-30-settembre\\\/#primaryimage\"},\"thumbnailUrl\":\"http:\\\/\\\/www.bellunopress.it\\\/wp-content\\\/uploads\\\/2009\\\/03\\\/donazzan-leggerissima2.jpg\",\"datePublished\":\"2010-05-24T17:04:06+00:00\",\"dateModified\":\"2010-05-24T17:04:35+00:00\",\"breadcrumb\":{\"@id\":\"https:\\\/\\\/www.bellunopress.it\\\/2010\\\/05\\\/24\\\/scuola-fa-discutere-la-proposta-dellapertuta-il-30-settembre\\\/#breadcrumb\"},\"inLanguage\":\"fr-FR\",\"potentialAction\":[{\"@type\":\"ReadAction\",\"target\":[\"https:\\\/\\\/www.bellunopress.it\\\/2010\\\/05\\\/24\\\/scuola-fa-discutere-la-proposta-dellapertuta-il-30-settembre\\\/\"]}]},{\"@type\":\"ImageObject\",\"inLanguage\":\"fr-FR\",\"@id\":\"https:\\\/\\\/www.bellunopress.it\\\/2010\\\/05\\\/24\\\/scuola-fa-discutere-la-proposta-dellapertuta-il-30-settembre\\\/#primaryimage\",\"url\":\"http:\\\/\\\/www.bellunopress.it\\\/wp-content\\\/uploads\\\/2009\\\/03\\\/donazzan-leggerissima2.jpg\",\"contentUrl\":\"http:\\\/\\\/www.bellunopress.it\\\/wp-content\\\/uploads\\\/2009\\\/03\\\/donazzan-leggerissima2.jpg\"},{\"@type\":\"BreadcrumbList\",\"@id\":\"https:\\\/\\\/www.bellunopress.it\\\/2010\\\/05\\\/24\\\/scuola-fa-discutere-la-proposta-dellapertuta-il-30-settembre\\\/#breadcrumb\",\"itemListElement\":[{\"@type\":\"ListItem\",\"position\":1,\"name\":\"Home\",\"item\":\"https:\\\/\\\/www.bellunopress.it\\\/\"},{\"@type\":\"ListItem\",\"position\":2,\"name\":\"Scuola, fa discutere la proposta dell&#8217;apertura il 30 settembre\"}]},{\"@type\":\"WebSite\",\"@id\":\"https:\\\/\\\/www.bellunopress.it\\\/#website\",\"url\":\"https:\\\/\\\/www.bellunopress.it\\\/\",\"name\":\"Bellunopress - Dolomiti\",\"description\":\"e-mail: redazione@bellunopress.it\",\"publisher\":{\"@id\":\"https:\\\/\\\/www.bellunopress.it\\\/#organization\"},\"potentialAction\":[{\"@type\":\"SearchAction\",\"target\":{\"@type\":\"EntryPoint\",\"urlTemplate\":\"https:\\\/\\\/www.bellunopress.it\\\/?s={search_term_string}\"},\"query-input\":{\"@type\":\"PropertyValueSpecification\",\"valueRequired\":true,\"valueName\":\"search_term_string\"}}],\"inLanguage\":\"fr-FR\"},{\"@type\":\"Organization\",\"@id\":\"https:\\\/\\\/www.bellunopress.it\\\/#organization\",\"name\":\"Bellunopress\",\"url\":\"https:\\\/\\\/www.bellunopress.it\\\/\",\"logo\":{\"@type\":\"ImageObject\",\"inLanguage\":\"fr-FR\",\"@id\":\"https:\\\/\\\/www.bellunopress.it\\\/#\\\/schema\\\/logo\\\/image\\\/\",\"url\":\"https:\\\/\\\/www.bellunopress.it\\\/wp-content\\\/uploads\\\/2011\\\/05\\\/cropped-logo-bellunopress-.jpg\",\"contentUrl\":\"https:\\\/\\\/www.bellunopress.it\\\/wp-content\\\/uploads\\\/2011\\\/05\\\/cropped-logo-bellunopress-.jpg\",\"width\":512,\"height\":512,\"caption\":\"Bellunopress\"},\"image\":{\"@id\":\"https:\\\/\\\/www.bellunopress.it\\\/#\\\/schema\\\/logo\\\/image\\\/\"},\"sameAs\":[\"https:\\\/\\\/www.facebook.com\\\/profile.php?id=100008943462799\",\"https:\\\/\\\/x.com\\\/bellunopress\",\"https:\\\/\\\/www.linkedin.com\\\/hp\\\/?dnr=JBzUWaJfMUw8vbXJJ2tVW5-I3jZKvC4wsoxE&amp;amp;amp;amp;amp;amp;trk=nav_responsive_tab_home\",\"https:\\\/\\\/www.youtube.com\\\/channel\\\/UCxL0wu1uN0_3_7hGG0306cw\"]},{\"@type\":\"Person\",\"@id\":\"https:\\\/\\\/www.bellunopress.it\\\/#\\\/schema\\\/person\\\/79bb06722b37ece1c03d3e94beb30d73\",\"name\":\"redazione\",\"image\":{\"@type\":\"ImageObject\",\"inLanguage\":\"fr-FR\",\"@id\":\"https:\\\/\\\/secure.gravatar.com\\\/avatar\\\/37d968a2e67a6fd04c169c4bdef102d0bc5d31b2546345219e348575eb80e9a0?s=96&d=mm&r=g\",\"url\":\"https:\\\/\\\/secure.gravatar.com\\\/avatar\\\/37d968a2e67a6fd04c169c4bdef102d0bc5d31b2546345219e348575eb80e9a0?s=96&d=mm&r=g\",\"contentUrl\":\"https:\\\/\\\/secure.gravatar.com\\\/avatar\\\/37d968a2e67a6fd04c169c4bdef102d0bc5d31b2546345219e348575eb80e9a0?s=96&d=mm&r=g\",\"caption\":\"redazione\"},\"sameAs\":[\"http:\\\/\\\/www.bellunopress.it\",\"https:\\\/\\\/x.com\\\/bellunopress\"],\"url\":\"https:\\\/\\\/www.bellunopress.it\\\/fr\\\/author\\\/redazione\\\/\"}]}<\/script>\n<!-- \/ Yoast SEO plugin. -->","yoast_head_json":{"title":"Scuola, fa discutere la proposta dell'apertura il 30 settembre - Bellunopress - Dolomiti","robots":{"index":"index","follow":"follow","max-snippet":"max-snippet:-1","max-image-preview":"max-image-preview:large","max-video-preview":"max-video-preview:-1"},"canonical":"https:\/\/www.bellunopress.it\/fr\/2010\/05\/24\/scuola-fa-discutere-la-proposta-dellapertuta-il-30-settembre\/","og_locale":"fr_FR","og_type":"article","og_title":"Scuola, fa discutere la proposta dell'apertura il 30 settembre - Bellunopress - Dolomiti","og_description":"\u201cAncora una volta una proposta nata da noi diventa occasione di dibattito nazionale\u201d. Commenta cos\u00ec Elena Donazzan, assessore all\u2019istruzione, formazione e lavoro del Veneto, l\u2019apertura del ministro dell\u2019Istruzione Mariastella Gelmini al posticipo dell\u2019inizio scolastico al 30 settembre.\u00a0 &#8220;Sull&#8217;apertura dell&#8217;anno scolastico &#8211; dichiara il consigliere regionale e capogruppo Pdl Dario Bond &#8211; la cosa pi\u00f9 sensata [&hellip;]","og_url":"https:\/\/www.bellunopress.it\/fr\/2010\/05\/24\/scuola-fa-discutere-la-proposta-dellapertuta-il-30-settembre\/","og_site_name":"Bellunopress - Dolomiti","article_publisher":"https:\/\/www.facebook.com\/profile.php?id=100008943462799","article_published_time":"2010-05-24T17:04:06+00:00","article_modified_time":"2010-05-24T17:04:35+00:00","og_image":[{"url":"http:\/\/www.bellunopress.it\/wp-content\/uploads\/2009\/03\/donazzan-leggerissima2.jpg","type":"","width":"","height":""}],"author":"redazione","twitter_card":"summary_large_image","twitter_creator":"@bellunopress","twitter_site":"@bellunopress","twitter_misc":{"\u00c9crit par":"redazione","Dur\u00e9e de lecture estim\u00e9e":"1 minute"},"schema":{"@context":"https:\/\/schema.org","@graph":[{"@type":"Article","@id":"https:\/\/www.bellunopress.it\/2010\/05\/24\/scuola-fa-discutere-la-proposta-dellapertuta-il-30-settembre\/#article","isPartOf":{"@id":"https:\/\/www.bellunopress.it\/2010\/05\/24\/scuola-fa-discutere-la-proposta-dellapertuta-il-30-settembre\/"},"author":{"name":"redazione","@id":"https:\/\/www.bellunopress.it\/#\/schema\/person\/79bb06722b37ece1c03d3e94beb30d73"},"headline":"Scuola, fa discutere la proposta dell&#8217;apertura il 30 settembre","datePublished":"2010-05-24T17:04:06+00:00","dateModified":"2010-05-24T17:04:35+00:00","mainEntityOfPage":{"@id":"https:\/\/www.bellunopress.it\/2010\/05\/24\/scuola-fa-discutere-la-proposta-dellapertuta-il-30-settembre\/"},"wordCount":214,"publisher":{"@id":"https:\/\/www.bellunopress.it\/#organization"},"image":{"@id":"https:\/\/www.bellunopress.it\/2010\/05\/24\/scuola-fa-discutere-la-proposta-dellapertuta-il-30-settembre\/#primaryimage"},"thumbnailUrl":"http:\/\/www.bellunopress.it\/wp-content\/uploads\/2009\/03\/donazzan-leggerissima2.jpg","keywords":["A scuola il 30 settembre?"],"articleSection":["Prima Pagina","Scuola"],"inLanguage":"fr-FR"},{"@type":"WebPage","@id":"https:\/\/www.bellunopress.it\/2010\/05\/24\/scuola-fa-discutere-la-proposta-dellapertuta-il-30-settembre\/","url":"https:\/\/www.bellunopress.it\/2010\/05\/24\/scuola-fa-discutere-la-proposta-dellapertuta-il-30-settembre\/","name":"Scuola, fa discutere la proposta dell'apertura il 30 settembre - Bellunopress - Dolomiti","isPartOf":{"@id":"https:\/\/www.bellunopress.it\/#website"},"primaryImageOfPage":{"@id":"https:\/\/www.bellunopress.it\/2010\/05\/24\/scuola-fa-discutere-la-proposta-dellapertuta-il-30-settembre\/#primaryimage"},"image":{"@id":"https:\/\/www.bellunopress.it\/2010\/05\/24\/scuola-fa-discutere-la-proposta-dellapertuta-il-30-settembre\/#primaryimage"},"thumbnailUrl":"http:\/\/www.bellunopress.it\/wp-content\/uploads\/2009\/03\/donazzan-leggerissima2.jpg","datePublished":"2010-05-24T17:04:06+00:00","dateModified":"2010-05-24T17:04:35+00:00","breadcrumb":{"@id":"https:\/\/www.bellunopress.it\/2010\/05\/24\/scuola-fa-discutere-la-proposta-dellapertuta-il-30-settembre\/#breadcrumb"},"inLanguage":"fr-FR","potentialAction":[{"@type":"ReadAction","target":["https:\/\/www.bellunopress.it\/2010\/05\/24\/scuola-fa-discutere-la-proposta-dellapertuta-il-30-settembre\/"]}]},{"@type":"ImageObject","inLanguage":"fr-FR","@id":"https:\/\/www.bellunopress.it\/2010\/05\/24\/scuola-fa-discutere-la-proposta-dellapertuta-il-30-settembre\/#primaryimage","url":"http:\/\/www.bellunopress.it\/wp-content\/uploads\/2009\/03\/donazzan-leggerissima2.jpg","contentUrl":"http:\/\/www.bellunopress.it\/wp-content\/uploads\/2009\/03\/donazzan-leggerissima2.jpg"},{"@type":"BreadcrumbList","@id":"https:\/\/www.bellunopress.it\/2010\/05\/24\/scuola-fa-discutere-la-proposta-dellapertuta-il-30-settembre\/#breadcrumb","itemListElement":[{"@type":"ListItem","position":1,"name":"Home","item":"https:\/\/www.bellunopress.it\/"},{"@type":"ListItem","position":2,"name":"Scuola, fa discutere la proposta dell&#8217;apertura il 30 settembre"}]},{"@type":"WebSite","@id":"https:\/\/www.bellunopress.it\/#website","url":"https:\/\/www.bellunopress.it\/","name":"Bellunopress - Dolomiti","description":"e-mail: redazione@bellunopress.it","publisher":{"@id":"https:\/\/www.bellunopress.it\/#organization"},"potentialAction":[{"@type":"SearchAction","target":{"@type":"EntryPoint","urlTemplate":"https:\/\/www.bellunopress.it\/?s={search_term_string}"},"query-input":{"@type":"PropertyValueSpecification","valueRequired":true,"valueName":"search_term_string"}}],"inLanguage":"fr-FR"},{"@type":"Organization","@id":"https:\/\/www.bellunopress.it\/#organization","name":"Bellunopress","url":"https:\/\/www.bellunopress.it\/","logo":{"@type":"ImageObject","inLanguage":"fr-FR","@id":"https:\/\/www.bellunopress.it\/#\/schema\/logo\/image\/","url":"https:\/\/www.bellunopress.it\/wp-content\/uploads\/2011\/05\/cropped-logo-bellunopress-.jpg","contentUrl":"https:\/\/www.bellunopress.it\/wp-content\/uploads\/2011\/05\/cropped-logo-bellunopress-.jpg","width":512,"height":512,"caption":"Bellunopress"},"image":{"@id":"https:\/\/www.bellunopress.it\/#\/schema\/logo\/image\/"},"sameAs":["https:\/\/www.facebook.com\/profile.php?id=100008943462799","https:\/\/x.com\/bellunopress","https:\/\/www.linkedin.com\/hp\/?dnr=JBzUWaJfMUw8vbXJJ2tVW5-I3jZKvC4wsoxE&amp;amp;amp;amp;amp;amp;trk=nav_responsive_tab_home","https:\/\/www.youtube.com\/channel\/UCxL0wu1uN0_3_7hGG0306cw"]},{"@type":"Person","@id":"https:\/\/www.bellunopress.it\/#\/schema\/person\/79bb06722b37ece1c03d3e94beb30d73","name":"r\u00e9daction","image":{"@type":"ImageObject","inLanguage":"fr-FR","@id":"https:\/\/secure.gravatar.com\/avatar\/37d968a2e67a6fd04c169c4bdef102d0bc5d31b2546345219e348575eb80e9a0?s=96&d=mm&r=g","url":"https:\/\/secure.gravatar.com\/avatar\/37d968a2e67a6fd04c169c4bdef102d0bc5d31b2546345219e348575eb80e9a0?s=96&d=mm&r=g","contentUrl":"https:\/\/secure.gravatar.com\/avatar\/37d968a2e67a6fd04c169c4bdef102d0bc5d31b2546345219e348575eb80e9a0?s=96&d=mm&r=g","caption":"redazione"},"sameAs":["http:\/\/www.bellunopress.it","https:\/\/x.com\/bellunopress"],"url":"https:\/\/www.bellunopress.it\/fr\/author\/redazione\/"}]}},"_links":{"self":[{"href":"https:\/\/www.bellunopress.it\/fr\/wp-json\/wp\/v2\/posts\/15528","targetHints":{"allow":["GET"]}}],"collection":[{"href":"https:\/\/www.bellunopress.it\/fr\/wp-json\/wp\/v2\/posts"}],"about":[{"href":"https:\/\/www.bellunopress.it\/fr\/wp-json\/wp\/v2\/types\/post"}],"author":[{"embeddable":true,"href":"https:\/\/www.bellunopress.it\/fr\/wp-json\/wp\/v2\/users\/2"}],"replies":[{"embeddable":true,"href":"https:\/\/www.bellunopress.it\/fr\/wp-json\/wp\/v2\/comments?post=15528"}],"version-history":[{"count":2,"href":"https:\/\/www.bellunopress.it\/fr\/wp-json\/wp\/v2\/posts\/15528\/revisions"}],"predecessor-version":[{"id":15531,"href":"https:\/\/www.bellunopress.it\/fr\/wp-json\/wp\/v2\/posts\/15528\/revisions\/15531"}],"wp:attachment":[{"href":"https:\/\/www.bellunopress.it\/fr\/wp-json\/wp\/v2\/media?parent=15528"}],"wp:term":[{"taxonomy":"category","embeddable":true,"href":"https:\/\/www.bellunopress.it\/fr\/wp-json\/wp\/v2\/categories?post=15528"},{"taxonomy":"post_tag","embeddable":true,"href":"https:\/\/www.bellunopress.it\/fr\/wp-json\/wp\/v2\/tags?post=15528"}],"curies":[{"name":"wp","href":"https:\/\/api.w.org\/{rel}","templated":true}]}}