{"id":154876,"date":"2024-10-14T12:13:30","date_gmt":"2024-10-14T10:13:30","guid":{"rendered":"https:\/\/www.bellunopress.it\/?p=154876"},"modified":"2024-10-14T12:13:30","modified_gmt":"2024-10-14T10:13:30","slug":"asino-ucciso-dai-lupi-in-cansiglio-gli-allevatori-chiedono-risarcimenti-adeguati","status":"publish","type":"post","link":"https:\/\/www.bellunopress.it\/fr\/2024\/10\/14\/asino-ucciso-dai-lupi-in-cansiglio-gli-allevatori-chiedono-risarcimenti-adeguati\/","title":{"rendered":"Asino ucciso dai lupi in Cansiglio. Gli allevatori chiedono risarcimenti adeguati"},"content":{"rendered":"<figure id=\"attachment_154877\" aria-describedby=\"caption-attachment-154877\" style=\"width: 1000px\" class=\"wp-caption aligncenter\"><img loading=\"lazy\" decoding=\"async\" class=\"size-full wp-image-154877\" src=\"https:\/\/www.bellunopress.it\/wp-content\/uploads\/2024\/10\/asino-preda-dei-lupi-in-Cansiglio.jpg\" alt=\"\" width=\"1000\" height=\"778\" srcset=\"https:\/\/www.bellunopress.it\/wp-content\/uploads\/2024\/10\/asino-preda-dei-lupi-in-Cansiglio.jpg 1000w, https:\/\/www.bellunopress.it\/wp-content\/uploads\/2024\/10\/asino-preda-dei-lupi-in-Cansiglio-500x389.jpg 500w, https:\/\/www.bellunopress.it\/wp-content\/uploads\/2024\/10\/asino-preda-dei-lupi-in-Cansiglio-540x420.jpg 540w, https:\/\/www.bellunopress.it\/wp-content\/uploads\/2024\/10\/asino-preda-dei-lupi-in-Cansiglio-696x541.jpg 696w\" sizes=\"auto, (max-width: 1000px) 100vw, 1000px\" \/><figcaption id=\"caption-attachment-154877\" class=\"wp-caption-text\">asino preda dei lupi in Cansiglio<\/figcaption><\/figure>\n<p>Un altro asino predato dai lupi in Cansiglio. La scoperta ieri mattina dagli allevatori Wendi Zopp\u00e8 e Tamara De Filippo &#8220;L&#8217;animale \u00e8 stato quasi interamente divorato. Per noi non era solo un asino, ma un compagno prezioso, parte del nostro quotidiano e del nostro lavoro.\u00a0Viviamo vicino alla Foresta del Cansiglio, dove la presenza dei lupi \u00e8 diventata sempre pi\u00f9 massiccia.<\/p>\n<p>Pur riconoscendo l&#8217;importanza della biodiversit\u00e0, ci chiediamo: chi protegge noi allevatori? Chi tutela i nostri animali e il nostro sostentamento? Dobbiamo davvero accettare di vivere nella costante paura di nuovi attacchi? Quanto tempo passer\u00e0 prima che la situazione diventi insostenibile anche per la nostra stessa sicurezza?<\/p>\n<p>Rivolgiamo nuovamente un appello urgente alle autorit\u00e0: non chiediamo l&#8217;eliminazione dei lupi, ma un equilibrio che rispetti sia la fauna selvatica sia il nostro diritto di lavorare e vivere in serenit\u00e0. \u00c8 necessario intervenire con misure preventive efficaci, supporto concreto e risarcimenti adeguati. Serve un piano di gestione che consideri non solo la conservazione dei lupi, ma anche le esigenze e la sopravvivenza di noi allevatori&#8221;.<\/p>\n<p>&nbsp;<\/p>","protected":false},"excerpt":{"rendered":"<p>Un altro asino predato dai lupi in Cansiglio. La scoperta ieri mattina dagli allevatori Wendi Zopp\u00e8 e Tamara De Filippo &#8220;L&#8217;animale \u00e8 stato quasi interamente divorato. Per noi non era solo un asino, ma un compagno prezioso, parte del nostro quotidiano e del nostro lavoro.\u00a0Viviamo vicino alla Foresta del Cansiglio, dove la presenza dei lupi [&hellip;]<\/p>\n","protected":false},"author":2,"featured_media":154877,"comment_status":"closed","ping_status":"open","sticky":false,"template":"","format":"standard","meta":{"footnotes":""},"categories":[5,38],"tags":[],"class_list":["post-154876","post","type-post","status-publish","format-standard","has-post-thumbnail","category-cronaca","category-natura-ambiente"],"yoast_head":"<!-- This site is optimized with the Yoast SEO plugin v28.4 - https:\/\/yoast.com\/product\/yoast-seo-wordpress\/ -->\n<title>Asino ucciso dai lupi in Cansiglio. Gli allevatori chiedono risarcimenti adeguati - Bellunopress - Dolomiti<\/title>\n<meta name=\"robots\" content=\"index, follow, max-snippet:-1, max-image-preview:large, max-video-preview:-1\" \/>\n<link rel=\"canonical\" href=\"https:\/\/www.bellunopress.it\/fr\/2024\/10\/14\/asino-ucciso-dai-lupi-in-cansiglio-gli-allevatori-chiedono-risarcimenti-adeguati\/\" \/>\n<meta property=\"og:locale\" content=\"fr_FR\" \/>\n<meta property=\"og:type\" content=\"article\" \/>\n<meta property=\"og:title\" content=\"Asino ucciso dai lupi in Cansiglio. Gli allevatori chiedono risarcimenti adeguati - Bellunopress - Dolomiti\" \/>\n<meta property=\"og:description\" content=\"Un altro asino predato dai lupi in Cansiglio. La scoperta ieri mattina dagli allevatori Wendi Zopp\u00e8 e Tamara De Filippo &#8220;L&#8217;animale \u00e8 stato quasi interamente divorato. Per noi non era solo un asino, ma un compagno prezioso, parte del nostro quotidiano e del nostro lavoro.\u00a0Viviamo vicino alla Foresta del Cansiglio, dove la presenza dei lupi [&hellip;]\" \/>\n<meta property=\"og:url\" content=\"https:\/\/www.bellunopress.it\/fr\/2024\/10\/14\/asino-ucciso-dai-lupi-in-cansiglio-gli-allevatori-chiedono-risarcimenti-adeguati\/\" \/>\n<meta property=\"og:site_name\" content=\"Bellunopress - Dolomiti\" \/>\n<meta property=\"article:publisher\" content=\"https:\/\/www.facebook.com\/profile.php?id=100008943462799\" \/>\n<meta property=\"article:published_time\" content=\"2024-10-14T10:13:30+00:00\" \/>\n<meta property=\"og:image\" content=\"https:\/\/www.bellunopress.it\/wp-content\/uploads\/2024\/10\/asino-preda-dei-lupi-in-Cansiglio.jpg\" \/>\n\t<meta property=\"og:image:width\" content=\"1000\" \/>\n\t<meta property=\"og:image:height\" content=\"778\" \/>\n\t<meta property=\"og:image:type\" content=\"image\/jpeg\" \/>\n<meta name=\"author\" content=\"redazione\" \/>\n<meta name=\"twitter:card\" content=\"summary_large_image\" \/>\n<meta name=\"twitter:creator\" content=\"@bellunopress\" \/>\n<meta name=\"twitter:site\" content=\"@bellunopress\" \/>\n<meta name=\"twitter:label1\" content=\"\u00c9crit par\" \/>\n\t<meta name=\"twitter:data1\" content=\"redazione\" \/>\n\t<meta name=\"twitter:label2\" content=\"Dur\u00e9e de lecture estim\u00e9e\" \/>\n\t<meta name=\"twitter:data2\" content=\"1 minute\" \/>\n<script type=\"application\/ld+json\" class=\"yoast-schema-graph\">{\"@context\":\"https:\\\/\\\/schema.org\",\"@graph\":[{\"@type\":\"Article\",\"@id\":\"https:\\\/\\\/www.bellunopress.it\\\/2024\\\/10\\\/14\\\/asino-ucciso-dai-lupi-in-cansiglio-gli-allevatori-chiedono-risarcimenti-adeguati\\\/#article\",\"isPartOf\":{\"@id\":\"https:\\\/\\\/www.bellunopress.it\\\/2024\\\/10\\\/14\\\/asino-ucciso-dai-lupi-in-cansiglio-gli-allevatori-chiedono-risarcimenti-adeguati\\\/\"},\"author\":{\"name\":\"redazione\",\"@id\":\"https:\\\/\\\/www.bellunopress.it\\\/#\\\/schema\\\/person\\\/79bb06722b37ece1c03d3e94beb30d73\"},\"headline\":\"Asino ucciso dai lupi in Cansiglio. Gli allevatori chiedono risarcimenti adeguati\",\"datePublished\":\"2024-10-14T10:13:30+00:00\",\"mainEntityOfPage\":{\"@id\":\"https:\\\/\\\/www.bellunopress.it\\\/2024\\\/10\\\/14\\\/asino-ucciso-dai-lupi-in-cansiglio-gli-allevatori-chiedono-risarcimenti-adeguati\\\/\"},\"wordCount\":198,\"publisher\":{\"@id\":\"https:\\\/\\\/www.bellunopress.it\\\/#organization\"},\"image\":{\"@id\":\"https:\\\/\\\/www.bellunopress.it\\\/2024\\\/10\\\/14\\\/asino-ucciso-dai-lupi-in-cansiglio-gli-allevatori-chiedono-risarcimenti-adeguati\\\/#primaryimage\"},\"thumbnailUrl\":\"https:\\\/\\\/www.bellunopress.it\\\/wp-content\\\/uploads\\\/2024\\\/10\\\/asino-preda-dei-lupi-in-Cansiglio.jpg\",\"articleSection\":[\"Cronaca\\\/Politica\",\"Meteo, natura, ambiente, animali\"],\"inLanguage\":\"fr-FR\"},{\"@type\":\"WebPage\",\"@id\":\"https:\\\/\\\/www.bellunopress.it\\\/2024\\\/10\\\/14\\\/asino-ucciso-dai-lupi-in-cansiglio-gli-allevatori-chiedono-risarcimenti-adeguati\\\/\",\"url\":\"https:\\\/\\\/www.bellunopress.it\\\/2024\\\/10\\\/14\\\/asino-ucciso-dai-lupi-in-cansiglio-gli-allevatori-chiedono-risarcimenti-adeguati\\\/\",\"name\":\"Asino ucciso dai lupi in Cansiglio. Gli allevatori chiedono risarcimenti adeguati - Bellunopress - Dolomiti\",\"isPartOf\":{\"@id\":\"https:\\\/\\\/www.bellunopress.it\\\/#website\"},\"primaryImageOfPage\":{\"@id\":\"https:\\\/\\\/www.bellunopress.it\\\/2024\\\/10\\\/14\\\/asino-ucciso-dai-lupi-in-cansiglio-gli-allevatori-chiedono-risarcimenti-adeguati\\\/#primaryimage\"},\"image\":{\"@id\":\"https:\\\/\\\/www.bellunopress.it\\\/2024\\\/10\\\/14\\\/asino-ucciso-dai-lupi-in-cansiglio-gli-allevatori-chiedono-risarcimenti-adeguati\\\/#primaryimage\"},\"thumbnailUrl\":\"https:\\\/\\\/www.bellunopress.it\\\/wp-content\\\/uploads\\\/2024\\\/10\\\/asino-preda-dei-lupi-in-Cansiglio.jpg\",\"datePublished\":\"2024-10-14T10:13:30+00:00\",\"breadcrumb\":{\"@id\":\"https:\\\/\\\/www.bellunopress.it\\\/2024\\\/10\\\/14\\\/asino-ucciso-dai-lupi-in-cansiglio-gli-allevatori-chiedono-risarcimenti-adeguati\\\/#breadcrumb\"},\"inLanguage\":\"fr-FR\",\"potentialAction\":[{\"@type\":\"ReadAction\",\"target\":[\"https:\\\/\\\/www.bellunopress.it\\\/2024\\\/10\\\/14\\\/asino-ucciso-dai-lupi-in-cansiglio-gli-allevatori-chiedono-risarcimenti-adeguati\\\/\"]}]},{\"@type\":\"ImageObject\",\"inLanguage\":\"fr-FR\",\"@id\":\"https:\\\/\\\/www.bellunopress.it\\\/2024\\\/10\\\/14\\\/asino-ucciso-dai-lupi-in-cansiglio-gli-allevatori-chiedono-risarcimenti-adeguati\\\/#primaryimage\",\"url\":\"https:\\\/\\\/www.bellunopress.it\\\/wp-content\\\/uploads\\\/2024\\\/10\\\/asino-preda-dei-lupi-in-Cansiglio.jpg\",\"contentUrl\":\"https:\\\/\\\/www.bellunopress.it\\\/wp-content\\\/uploads\\\/2024\\\/10\\\/asino-preda-dei-lupi-in-Cansiglio.jpg\",\"width\":1000,\"height\":778,\"caption\":\"asino preda dei lupi in Cansiglio\"},{\"@type\":\"BreadcrumbList\",\"@id\":\"https:\\\/\\\/www.bellunopress.it\\\/2024\\\/10\\\/14\\\/asino-ucciso-dai-lupi-in-cansiglio-gli-allevatori-chiedono-risarcimenti-adeguati\\\/#breadcrumb\",\"itemListElement\":[{\"@type\":\"ListItem\",\"position\":1,\"name\":\"Home\",\"item\":\"https:\\\/\\\/www.bellunopress.it\\\/\"},{\"@type\":\"ListItem\",\"position\":2,\"name\":\"Asino ucciso dai lupi in Cansiglio. Gli allevatori chiedono risarcimenti adeguati\"}]},{\"@type\":\"WebSite\",\"@id\":\"https:\\\/\\\/www.bellunopress.it\\\/#website\",\"url\":\"https:\\\/\\\/www.bellunopress.it\\\/\",\"name\":\"Bellunopress - Dolomiti\",\"description\":\"e-mail: redazione@bellunopress.it\",\"publisher\":{\"@id\":\"https:\\\/\\\/www.bellunopress.it\\\/#organization\"},\"potentialAction\":[{\"@type\":\"SearchAction\",\"target\":{\"@type\":\"EntryPoint\",\"urlTemplate\":\"https:\\\/\\\/www.bellunopress.it\\\/?s={search_term_string}\"},\"query-input\":{\"@type\":\"PropertyValueSpecification\",\"valueRequired\":true,\"valueName\":\"search_term_string\"}}],\"inLanguage\":\"fr-FR\"},{\"@type\":\"Organization\",\"@id\":\"https:\\\/\\\/www.bellunopress.it\\\/#organization\",\"name\":\"Bellunopress\",\"url\":\"https:\\\/\\\/www.bellunopress.it\\\/\",\"logo\":{\"@type\":\"ImageObject\",\"inLanguage\":\"fr-FR\",\"@id\":\"https:\\\/\\\/www.bellunopress.it\\\/#\\\/schema\\\/logo\\\/image\\\/\",\"url\":\"https:\\\/\\\/www.bellunopress.it\\\/wp-content\\\/uploads\\\/2011\\\/05\\\/cropped-logo-bellunopress-.jpg\",\"contentUrl\":\"https:\\\/\\\/www.bellunopress.it\\\/wp-content\\\/uploads\\\/2011\\\/05\\\/cropped-logo-bellunopress-.jpg\",\"width\":512,\"height\":512,\"caption\":\"Bellunopress\"},\"image\":{\"@id\":\"https:\\\/\\\/www.bellunopress.it\\\/#\\\/schema\\\/logo\\\/image\\\/\"},\"sameAs\":[\"https:\\\/\\\/www.facebook.com\\\/profile.php?id=100008943462799\",\"https:\\\/\\\/x.com\\\/bellunopress\",\"https:\\\/\\\/www.linkedin.com\\\/hp\\\/?dnr=JBzUWaJfMUw8vbXJJ2tVW5-I3jZKvC4wsoxE&amp;amp;amp;amp;amp;amp;trk=nav_responsive_tab_home\",\"https:\\\/\\\/www.youtube.com\\\/channel\\\/UCxL0wu1uN0_3_7hGG0306cw\"]},{\"@type\":\"Person\",\"@id\":\"https:\\\/\\\/www.bellunopress.it\\\/#\\\/schema\\\/person\\\/79bb06722b37ece1c03d3e94beb30d73\",\"name\":\"redazione\",\"image\":{\"@type\":\"ImageObject\",\"inLanguage\":\"fr-FR\",\"@id\":\"https:\\\/\\\/secure.gravatar.com\\\/avatar\\\/37d968a2e67a6fd04c169c4bdef102d0bc5d31b2546345219e348575eb80e9a0?s=96&d=mm&r=g\",\"url\":\"https:\\\/\\\/secure.gravatar.com\\\/avatar\\\/37d968a2e67a6fd04c169c4bdef102d0bc5d31b2546345219e348575eb80e9a0?s=96&d=mm&r=g\",\"contentUrl\":\"https:\\\/\\\/secure.gravatar.com\\\/avatar\\\/37d968a2e67a6fd04c169c4bdef102d0bc5d31b2546345219e348575eb80e9a0?s=96&d=mm&r=g\",\"caption\":\"redazione\"},\"sameAs\":[\"http:\\\/\\\/www.bellunopress.it\",\"https:\\\/\\\/x.com\\\/bellunopress\"],\"url\":\"https:\\\/\\\/www.bellunopress.it\\\/fr\\\/author\\\/redazione\\\/\"}]}<\/script>\n<!-- \/ Yoast SEO plugin. -->","yoast_head_json":{"title":"Asino ucciso dai lupi in Cansiglio. Gli allevatori chiedono risarcimenti adeguati - Bellunopress - Dolomiti","robots":{"index":"index","follow":"follow","max-snippet":"max-snippet:-1","max-image-preview":"max-image-preview:large","max-video-preview":"max-video-preview:-1"},"canonical":"https:\/\/www.bellunopress.it\/fr\/2024\/10\/14\/asino-ucciso-dai-lupi-in-cansiglio-gli-allevatori-chiedono-risarcimenti-adeguati\/","og_locale":"fr_FR","og_type":"article","og_title":"Asino ucciso dai lupi in Cansiglio. Gli allevatori chiedono risarcimenti adeguati - Bellunopress - Dolomiti","og_description":"Un altro asino predato dai lupi in Cansiglio. La scoperta ieri mattina dagli allevatori Wendi Zopp\u00e8 e Tamara De Filippo &#8220;L&#8217;animale \u00e8 stato quasi interamente divorato. Per noi non era solo un asino, ma un compagno prezioso, parte del nostro quotidiano e del nostro lavoro.\u00a0Viviamo vicino alla Foresta del Cansiglio, dove la presenza dei lupi [&hellip;]","og_url":"https:\/\/www.bellunopress.it\/fr\/2024\/10\/14\/asino-ucciso-dai-lupi-in-cansiglio-gli-allevatori-chiedono-risarcimenti-adeguati\/","og_site_name":"Bellunopress - Dolomiti","article_publisher":"https:\/\/www.facebook.com\/profile.php?id=100008943462799","article_published_time":"2024-10-14T10:13:30+00:00","og_image":[{"width":1000,"height":778,"url":"https:\/\/www.bellunopress.it\/wp-content\/uploads\/2024\/10\/asino-preda-dei-lupi-in-Cansiglio.jpg","type":"image\/jpeg"}],"author":"redazione","twitter_card":"summary_large_image","twitter_creator":"@bellunopress","twitter_site":"@bellunopress","twitter_misc":{"\u00c9crit par":"redazione","Dur\u00e9e de lecture estim\u00e9e":"1 minute"},"schema":{"@context":"https:\/\/schema.org","@graph":[{"@type":"Article","@id":"https:\/\/www.bellunopress.it\/2024\/10\/14\/asino-ucciso-dai-lupi-in-cansiglio-gli-allevatori-chiedono-risarcimenti-adeguati\/#article","isPartOf":{"@id":"https:\/\/www.bellunopress.it\/2024\/10\/14\/asino-ucciso-dai-lupi-in-cansiglio-gli-allevatori-chiedono-risarcimenti-adeguati\/"},"author":{"name":"redazione","@id":"https:\/\/www.bellunopress.it\/#\/schema\/person\/79bb06722b37ece1c03d3e94beb30d73"},"headline":"Asino ucciso dai lupi in Cansiglio. Gli allevatori chiedono risarcimenti adeguati","datePublished":"2024-10-14T10:13:30+00:00","mainEntityOfPage":{"@id":"https:\/\/www.bellunopress.it\/2024\/10\/14\/asino-ucciso-dai-lupi-in-cansiglio-gli-allevatori-chiedono-risarcimenti-adeguati\/"},"wordCount":198,"publisher":{"@id":"https:\/\/www.bellunopress.it\/#organization"},"image":{"@id":"https:\/\/www.bellunopress.it\/2024\/10\/14\/asino-ucciso-dai-lupi-in-cansiglio-gli-allevatori-chiedono-risarcimenti-adeguati\/#primaryimage"},"thumbnailUrl":"https:\/\/www.bellunopress.it\/wp-content\/uploads\/2024\/10\/asino-preda-dei-lupi-in-Cansiglio.jpg","articleSection":["Cronaca\/Politica","Meteo, natura, ambiente, animali"],"inLanguage":"fr-FR"},{"@type":"WebPage","@id":"https:\/\/www.bellunopress.it\/2024\/10\/14\/asino-ucciso-dai-lupi-in-cansiglio-gli-allevatori-chiedono-risarcimenti-adeguati\/","url":"https:\/\/www.bellunopress.it\/2024\/10\/14\/asino-ucciso-dai-lupi-in-cansiglio-gli-allevatori-chiedono-risarcimenti-adeguati\/","name":"Asino ucciso dai lupi in Cansiglio. Gli allevatori chiedono risarcimenti adeguati - Bellunopress - Dolomiti","isPartOf":{"@id":"https:\/\/www.bellunopress.it\/#website"},"primaryImageOfPage":{"@id":"https:\/\/www.bellunopress.it\/2024\/10\/14\/asino-ucciso-dai-lupi-in-cansiglio-gli-allevatori-chiedono-risarcimenti-adeguati\/#primaryimage"},"image":{"@id":"https:\/\/www.bellunopress.it\/2024\/10\/14\/asino-ucciso-dai-lupi-in-cansiglio-gli-allevatori-chiedono-risarcimenti-adeguati\/#primaryimage"},"thumbnailUrl":"https:\/\/www.bellunopress.it\/wp-content\/uploads\/2024\/10\/asino-preda-dei-lupi-in-Cansiglio.jpg","datePublished":"2024-10-14T10:13:30+00:00","breadcrumb":{"@id":"https:\/\/www.bellunopress.it\/2024\/10\/14\/asino-ucciso-dai-lupi-in-cansiglio-gli-allevatori-chiedono-risarcimenti-adeguati\/#breadcrumb"},"inLanguage":"fr-FR","potentialAction":[{"@type":"ReadAction","target":["https:\/\/www.bellunopress.it\/2024\/10\/14\/asino-ucciso-dai-lupi-in-cansiglio-gli-allevatori-chiedono-risarcimenti-adeguati\/"]}]},{"@type":"ImageObject","inLanguage":"fr-FR","@id":"https:\/\/www.bellunopress.it\/2024\/10\/14\/asino-ucciso-dai-lupi-in-cansiglio-gli-allevatori-chiedono-risarcimenti-adeguati\/#primaryimage","url":"https:\/\/www.bellunopress.it\/wp-content\/uploads\/2024\/10\/asino-preda-dei-lupi-in-Cansiglio.jpg","contentUrl":"https:\/\/www.bellunopress.it\/wp-content\/uploads\/2024\/10\/asino-preda-dei-lupi-in-Cansiglio.jpg","width":1000,"height":778,"caption":"asino preda dei lupi in Cansiglio"},{"@type":"BreadcrumbList","@id":"https:\/\/www.bellunopress.it\/2024\/10\/14\/asino-ucciso-dai-lupi-in-cansiglio-gli-allevatori-chiedono-risarcimenti-adeguati\/#breadcrumb","itemListElement":[{"@type":"ListItem","position":1,"name":"Home","item":"https:\/\/www.bellunopress.it\/"},{"@type":"ListItem","position":2,"name":"Asino ucciso dai lupi in Cansiglio. Gli allevatori chiedono risarcimenti adeguati"}]},{"@type":"WebSite","@id":"https:\/\/www.bellunopress.it\/#website","url":"https:\/\/www.bellunopress.it\/","name":"Bellunopress - Dolomiti","description":"e-mail: redazione@bellunopress.it","publisher":{"@id":"https:\/\/www.bellunopress.it\/#organization"},"potentialAction":[{"@type":"SearchAction","target":{"@type":"EntryPoint","urlTemplate":"https:\/\/www.bellunopress.it\/?s={search_term_string}"},"query-input":{"@type":"PropertyValueSpecification","valueRequired":true,"valueName":"search_term_string"}}],"inLanguage":"fr-FR"},{"@type":"Organization","@id":"https:\/\/www.bellunopress.it\/#organization","name":"Bellunopress","url":"https:\/\/www.bellunopress.it\/","logo":{"@type":"ImageObject","inLanguage":"fr-FR","@id":"https:\/\/www.bellunopress.it\/#\/schema\/logo\/image\/","url":"https:\/\/www.bellunopress.it\/wp-content\/uploads\/2011\/05\/cropped-logo-bellunopress-.jpg","contentUrl":"https:\/\/www.bellunopress.it\/wp-content\/uploads\/2011\/05\/cropped-logo-bellunopress-.jpg","width":512,"height":512,"caption":"Bellunopress"},"image":{"@id":"https:\/\/www.bellunopress.it\/#\/schema\/logo\/image\/"},"sameAs":["https:\/\/www.facebook.com\/profile.php?id=100008943462799","https:\/\/x.com\/bellunopress","https:\/\/www.linkedin.com\/hp\/?dnr=JBzUWaJfMUw8vbXJJ2tVW5-I3jZKvC4wsoxE&amp;amp;amp;amp;amp;amp;trk=nav_responsive_tab_home","https:\/\/www.youtube.com\/channel\/UCxL0wu1uN0_3_7hGG0306cw"]},{"@type":"Person","@id":"https:\/\/www.bellunopress.it\/#\/schema\/person\/79bb06722b37ece1c03d3e94beb30d73","name":"r\u00e9daction","image":{"@type":"ImageObject","inLanguage":"fr-FR","@id":"https:\/\/secure.gravatar.com\/avatar\/37d968a2e67a6fd04c169c4bdef102d0bc5d31b2546345219e348575eb80e9a0?s=96&d=mm&r=g","url":"https:\/\/secure.gravatar.com\/avatar\/37d968a2e67a6fd04c169c4bdef102d0bc5d31b2546345219e348575eb80e9a0?s=96&d=mm&r=g","contentUrl":"https:\/\/secure.gravatar.com\/avatar\/37d968a2e67a6fd04c169c4bdef102d0bc5d31b2546345219e348575eb80e9a0?s=96&d=mm&r=g","caption":"redazione"},"sameAs":["http:\/\/www.bellunopress.it","https:\/\/x.com\/bellunopress"],"url":"https:\/\/www.bellunopress.it\/fr\/author\/redazione\/"}]}},"_links":{"self":[{"href":"https:\/\/www.bellunopress.it\/fr\/wp-json\/wp\/v2\/posts\/154876","targetHints":{"allow":["GET"]}}],"collection":[{"href":"https:\/\/www.bellunopress.it\/fr\/wp-json\/wp\/v2\/posts"}],"about":[{"href":"https:\/\/www.bellunopress.it\/fr\/wp-json\/wp\/v2\/types\/post"}],"author":[{"embeddable":true,"href":"https:\/\/www.bellunopress.it\/fr\/wp-json\/wp\/v2\/users\/2"}],"replies":[{"embeddable":true,"href":"https:\/\/www.bellunopress.it\/fr\/wp-json\/wp\/v2\/comments?post=154876"}],"version-history":[{"count":1,"href":"https:\/\/www.bellunopress.it\/fr\/wp-json\/wp\/v2\/posts\/154876\/revisions"}],"predecessor-version":[{"id":154878,"href":"https:\/\/www.bellunopress.it\/fr\/wp-json\/wp\/v2\/posts\/154876\/revisions\/154878"}],"wp:featuredmedia":[{"embeddable":true,"href":"https:\/\/www.bellunopress.it\/fr\/wp-json\/wp\/v2\/media\/154877"}],"wp:attachment":[{"href":"https:\/\/www.bellunopress.it\/fr\/wp-json\/wp\/v2\/media?parent=154876"}],"wp:term":[{"taxonomy":"category","embeddable":true,"href":"https:\/\/www.bellunopress.it\/fr\/wp-json\/wp\/v2\/categories?post=154876"},{"taxonomy":"post_tag","embeddable":true,"href":"https:\/\/www.bellunopress.it\/fr\/wp-json\/wp\/v2\/tags?post=154876"}],"curies":[{"name":"wp","href":"https:\/\/api.w.org\/{rel}","templated":true}]}}