{"id":154873,"date":"2024-10-14T11:09:30","date_gmt":"2024-10-14T09:09:30","guid":{"rendered":"https:\/\/www.bellunopress.it\/?p=154873"},"modified":"2024-10-14T11:09:30","modified_gmt":"2024-10-14T09:09:30","slug":"sabato-allofficinema-di-feltre-la-presentazione-del-libro-una-vetta-del-darien-di-dame-freya-stark-viaggiatrice-e-scrittrice-britannica-morta-nel-1993","status":"publish","type":"post","link":"https:\/\/www.bellunopress.it\/fr\/2024\/10\/14\/sabato-allofficinema-di-feltre-la-presentazione-del-libro-una-vetta-del-darien-di-dame-freya-stark-viaggiatrice-e-scrittrice-britannica-morta-nel-1993\/","title":{"rendered":"Sabato all&#8217;Officinema di Feltre la presentazione del libro &#8220;Una vetta del Darien&#8221; di Dame Freya Stark, viaggiatrice e scrittrice britannica morta nel 1993"},"content":{"rendered":"<p><img loading=\"lazy\" decoding=\"async\" class=\"aligncenter size-full wp-image-154874\" src=\"https:\/\/www.bellunopress.it\/wp-content\/uploads\/2024\/10\/Dame-Freya-Stark.jpg\" alt=\"\" width=\"707\" height=\"1000\" srcset=\"https:\/\/www.bellunopress.it\/wp-content\/uploads\/2024\/10\/Dame-Freya-Stark.jpg 707w, https:\/\/www.bellunopress.it\/wp-content\/uploads\/2024\/10\/Dame-Freya-Stark-354x500.jpg 354w, https:\/\/www.bellunopress.it\/wp-content\/uploads\/2024\/10\/Dame-Freya-Stark-297x420.jpg 297w, https:\/\/www.bellunopress.it\/wp-content\/uploads\/2024\/10\/Dame-Freya-Stark-696x984.jpg 696w\" sizes=\"auto, (max-width: 707px) 100vw, 707px\" \/>Sabato 19 ottobre 2024 alle ore 18:30 Officinema a Feltre ospiter\u00e0 la presentazione del libro &#8220;Una vetta del Darien&#8221;, scritto da Dame Freya Stark, nella nuova edizione ampliata, pubblicato da Michael Edizioni \u2013 Treviso con intervento di Giancarlo Cunial e Maurizio Trevisan.<\/p>\n<p>Una Vetta del Darien \u00e8 stata ripubblicata, in un\u2019edizione ampliata, nell\u2019ottobre del 2023, a trent\u2019anni dalla morte della scrittrice viaggiatrice inglese Freya Stark. \u00c8 il suo ultimo libro scritto all\u2019et\u00e0 di 84 anni.<br \/>\nIn questa ultima opera di Freya Stark incontriamo il suo pi\u00f9 intimo, profondo essere che dona, a chi lo riceve, completezza, armonia e tanta gioia nella vita. Come in un sentiero inesplorato lei percorre con sicurezza i suoi passi, ben consapevole della caducit\u00e0 della vita ma anche molto certa di ci\u00f2 che pu\u00f2 donare a ciascuno di noi.<\/p>\n<p>\u00abLa differenza sta nel cuore di chi ascolta. Se dimenticasse che vive alla fine del mondo, l\u2019uccello canterebbe come cantava nel palazzo del tempo passato\u00bb questi versi di Po Chu, scelti dall\u2019autrice a epigrafe di uno dei capitoli pi\u00f9 belli del libro, esprimono con limpida chiarezza il dono pi\u00f9 genuino della scrittura di Freya Stark, che della memoria di una vita intensissima di viaggi e di esperienze serba amore per la vita e per la gioia con cui essa ama sorprendere chi ne coglie il fluire; di qui la forza che sprigiona da queste pagine, forza retta da un\u2019unica certezza \u00ab\u00e8 l\u2019incognita della vita ci\u00f2 di cui si deve essere certi\u00bb.<\/p>\n<p><strong>FREY STARK<\/strong><br \/>\nFreya Madeleine Stark (1893-1993). E\u2018 stata una viaggiatrice e scrittrice britannica.<br \/>\nNata a Parigi il 31 gennaio 1893, fu una delle pi\u00f9 grandi esploratrici del Novecento, oltre che caposcuola del \u201ctravel writing\u201d e una delle icone pi\u00f9 importanti della libert\u00e0 e dell\u2019emancipazione femminile.<br \/>\n\u00c8 famosa per le sue esplorazioni in Medio Oriente, le sue opere letterarie e il suo lavoro come cartografa e archeologa. Fu una delle prime donne occidentali a viaggiare nel deserto Arabico, esplor\u00f2 anche aree in cui donne sole, non erano mai state. Il viaggio l\u2019accompagn\u00f2 per tutta la vita, al punto che nonostante l\u2019et\u00e0 avanzata a 84 anni ridiscese l\u2019Eufrate su una zattera, a 88 scal\u00f2 l\u2019Himalaya sul dorso di un mulo, mentre a 90 percorse il deserto in Siria. Mor\u00ec ad Asolo il 9 maggio 1993. Fu nominata Dame dell\u2019Ordine dell\u2019Impero Britannico.<\/p>\n<p><strong>GIANCARLO CUNIAL<\/strong><br \/>\n\u00c8 stato docente di Storia e Filosofia nell\u2019Istituto Cavanis-Collegio Canova di Possagno e collaboratore alla direzione del Museo Canova di Possagno. Ha scritto, oltre a diversi saggi sulla vita e le opere dell\u2019artista possagnese, la Guida della Gipsoteca Canoviana (1992).<br \/>\n\u00c8 autore del romanzo storico \u201cLa Crocerossina del Grappa\u201d (2014) e del libro uscito in occasione del Bicentenario della morte dell\u2019artista \u201cCanova le molte vite\u201d (2022).<\/p>\n<p><strong>MAURIZIO TREVISAN<\/strong><br \/>\nArchitetto, svolge la sua professione con studio ad Asolo in centro storico da oltre vent\u2019anni. Opera soprattutto nel settore del Restauro Conservativo di immobili sottoposti a vincolo monumentale e paesaggistico.<br \/>\nDal 2019 \u00e8 Coordinatore del Comitato Tecnico-Scientifico (CTS) della Fondazione degli Architetti della Provincia di Treviso. Ad Asolo ha eseguito interventi di restauro conservativo presso il Municipio, la Cattedrale, le Mura Urbane, alcuni importanti Palazzi e Ville, tra cui Villa Freya.<\/p>","protected":false},"excerpt":{"rendered":"<p>Sabato 19 ottobre 2024 alle ore 18:30 Officinema a Feltre ospiter\u00e0 la presentazione del libro &#8220;Una vetta del Darien&#8221;, scritto da Dame Freya Stark, nella nuova edizione ampliata, pubblicato da Michael Edizioni \u2013 Treviso con intervento di Giancarlo Cunial e Maurizio Trevisan. Una Vetta del Darien \u00e8 stata ripubblicata, in un\u2019edizione ampliata, nell\u2019ottobre del 2023, [&hellip;]<\/p>\n","protected":false},"author":2,"featured_media":154874,"comment_status":"closed","ping_status":"open","sticky":false,"template":"","format":"standard","meta":{"footnotes":""},"categories":[27,3,25],"tags":[],"class_list":["post-154873","post","type-post","status-publish","format-standard","has-post-thumbnail","category-appuntamenti","category-arte-cultura-spettacoli-scienza-archivi","category-pausa-caffe"],"yoast_head":"<!-- This site is optimized with the Yoast SEO plugin v28.4 - https:\/\/yoast.com\/product\/yoast-seo-wordpress\/ -->\n<title>Sabato all&#039;Officinema di Feltre la presentazione del libro &quot;Una vetta del Darien&quot; di Dame Freya Stark, viaggiatrice e scrittrice britannica morta nel 1993 - Bellunopress - Dolomiti<\/title>\n<meta name=\"robots\" content=\"index, follow, max-snippet:-1, max-image-preview:large, max-video-preview:-1\" \/>\n<link rel=\"canonical\" href=\"https:\/\/www.bellunopress.it\/fr\/2024\/10\/14\/sabato-allofficinema-di-feltre-la-presentazione-del-libro-una-vetta-del-darien-di-dame-freya-stark-viaggiatrice-e-scrittrice-britannica-morta-nel-1993\/\" \/>\n<meta property=\"og:locale\" content=\"fr_FR\" \/>\n<meta property=\"og:type\" content=\"article\" \/>\n<meta property=\"og:title\" content=\"Sabato all&#039;Officinema di Feltre la presentazione del libro &quot;Una vetta del Darien&quot; di Dame Freya Stark, viaggiatrice e scrittrice britannica morta nel 1993 - Bellunopress - Dolomiti\" \/>\n<meta property=\"og:description\" content=\"Sabato 19 ottobre 2024 alle ore 18:30 Officinema a Feltre ospiter\u00e0 la presentazione del libro &#8220;Una vetta del Darien&#8221;, scritto da Dame Freya Stark, nella nuova edizione ampliata, pubblicato da Michael Edizioni \u2013 Treviso con intervento di Giancarlo Cunial e Maurizio Trevisan. Una Vetta del Darien \u00e8 stata ripubblicata, in un\u2019edizione ampliata, nell\u2019ottobre del 2023, [&hellip;]\" \/>\n<meta property=\"og:url\" content=\"https:\/\/www.bellunopress.it\/fr\/2024\/10\/14\/sabato-allofficinema-di-feltre-la-presentazione-del-libro-una-vetta-del-darien-di-dame-freya-stark-viaggiatrice-e-scrittrice-britannica-morta-nel-1993\/\" \/>\n<meta property=\"og:site_name\" content=\"Bellunopress - Dolomiti\" \/>\n<meta property=\"article:publisher\" content=\"https:\/\/www.facebook.com\/profile.php?id=100008943462799\" \/>\n<meta property=\"article:published_time\" content=\"2024-10-14T09:09:30+00:00\" \/>\n<meta property=\"og:image\" content=\"https:\/\/www.bellunopress.it\/wp-content\/uploads\/2024\/10\/Dame-Freya-Stark.jpg\" \/>\n\t<meta property=\"og:image:width\" content=\"707\" \/>\n\t<meta property=\"og:image:height\" content=\"1000\" \/>\n\t<meta property=\"og:image:type\" content=\"image\/jpeg\" \/>\n<meta name=\"author\" content=\"redazione\" \/>\n<meta name=\"twitter:card\" content=\"summary_large_image\" \/>\n<meta name=\"twitter:creator\" content=\"@bellunopress\" \/>\n<meta name=\"twitter:site\" content=\"@bellunopress\" \/>\n<meta name=\"twitter:label1\" content=\"\u00c9crit par\" \/>\n\t<meta name=\"twitter:data1\" content=\"redazione\" \/>\n\t<meta name=\"twitter:label2\" content=\"Dur\u00e9e de lecture estim\u00e9e\" \/>\n\t<meta name=\"twitter:data2\" content=\"3 minutes\" \/>\n<script type=\"application\/ld+json\" class=\"yoast-schema-graph\">{\"@context\":\"https:\\\/\\\/schema.org\",\"@graph\":[{\"@type\":\"Article\",\"@id\":\"https:\\\/\\\/www.bellunopress.it\\\/2024\\\/10\\\/14\\\/sabato-allofficinema-di-feltre-la-presentazione-del-libro-una-vetta-del-darien-di-dame-freya-stark-viaggiatrice-e-scrittrice-britannica-morta-nel-1993\\\/#article\",\"isPartOf\":{\"@id\":\"https:\\\/\\\/www.bellunopress.it\\\/2024\\\/10\\\/14\\\/sabato-allofficinema-di-feltre-la-presentazione-del-libro-una-vetta-del-darien-di-dame-freya-stark-viaggiatrice-e-scrittrice-britannica-morta-nel-1993\\\/\"},\"author\":{\"name\":\"redazione\",\"@id\":\"https:\\\/\\\/www.bellunopress.it\\\/#\\\/schema\\\/person\\\/79bb06722b37ece1c03d3e94beb30d73\"},\"headline\":\"Sabato all&#8217;Officinema di Feltre la presentazione del libro &#8220;Una vetta del Darien&#8221; di Dame Freya Stark, viaggiatrice e scrittrice britannica morta nel 1993\",\"datePublished\":\"2024-10-14T09:09:30+00:00\",\"mainEntityOfPage\":{\"@id\":\"https:\\\/\\\/www.bellunopress.it\\\/2024\\\/10\\\/14\\\/sabato-allofficinema-di-feltre-la-presentazione-del-libro-una-vetta-del-darien-di-dame-freya-stark-viaggiatrice-e-scrittrice-britannica-morta-nel-1993\\\/\"},\"wordCount\":542,\"publisher\":{\"@id\":\"https:\\\/\\\/www.bellunopress.it\\\/#organization\"},\"image\":{\"@id\":\"https:\\\/\\\/www.bellunopress.it\\\/2024\\\/10\\\/14\\\/sabato-allofficinema-di-feltre-la-presentazione-del-libro-una-vetta-del-darien-di-dame-freya-stark-viaggiatrice-e-scrittrice-britannica-morta-nel-1993\\\/#primaryimage\"},\"thumbnailUrl\":\"https:\\\/\\\/www.bellunopress.it\\\/wp-content\\\/uploads\\\/2024\\\/10\\\/Dame-Freya-Stark.jpg\",\"articleSection\":[\"Appuntamenti, Eventi\",\"Arte, Cultura, Spettacoli, Scienza\",\"Pausa Caff\u00e8\"],\"inLanguage\":\"fr-FR\"},{\"@type\":\"WebPage\",\"@id\":\"https:\\\/\\\/www.bellunopress.it\\\/2024\\\/10\\\/14\\\/sabato-allofficinema-di-feltre-la-presentazione-del-libro-una-vetta-del-darien-di-dame-freya-stark-viaggiatrice-e-scrittrice-britannica-morta-nel-1993\\\/\",\"url\":\"https:\\\/\\\/www.bellunopress.it\\\/2024\\\/10\\\/14\\\/sabato-allofficinema-di-feltre-la-presentazione-del-libro-una-vetta-del-darien-di-dame-freya-stark-viaggiatrice-e-scrittrice-britannica-morta-nel-1993\\\/\",\"name\":\"Sabato all'Officinema di Feltre la presentazione del libro \\\"Una vetta del Darien\\\" di Dame Freya Stark, viaggiatrice e scrittrice britannica morta nel 1993 - Bellunopress - Dolomiti\",\"isPartOf\":{\"@id\":\"https:\\\/\\\/www.bellunopress.it\\\/#website\"},\"primaryImageOfPage\":{\"@id\":\"https:\\\/\\\/www.bellunopress.it\\\/2024\\\/10\\\/14\\\/sabato-allofficinema-di-feltre-la-presentazione-del-libro-una-vetta-del-darien-di-dame-freya-stark-viaggiatrice-e-scrittrice-britannica-morta-nel-1993\\\/#primaryimage\"},\"image\":{\"@id\":\"https:\\\/\\\/www.bellunopress.it\\\/2024\\\/10\\\/14\\\/sabato-allofficinema-di-feltre-la-presentazione-del-libro-una-vetta-del-darien-di-dame-freya-stark-viaggiatrice-e-scrittrice-britannica-morta-nel-1993\\\/#primaryimage\"},\"thumbnailUrl\":\"https:\\\/\\\/www.bellunopress.it\\\/wp-content\\\/uploads\\\/2024\\\/10\\\/Dame-Freya-Stark.jpg\",\"datePublished\":\"2024-10-14T09:09:30+00:00\",\"breadcrumb\":{\"@id\":\"https:\\\/\\\/www.bellunopress.it\\\/2024\\\/10\\\/14\\\/sabato-allofficinema-di-feltre-la-presentazione-del-libro-una-vetta-del-darien-di-dame-freya-stark-viaggiatrice-e-scrittrice-britannica-morta-nel-1993\\\/#breadcrumb\"},\"inLanguage\":\"fr-FR\",\"potentialAction\":[{\"@type\":\"ReadAction\",\"target\":[\"https:\\\/\\\/www.bellunopress.it\\\/2024\\\/10\\\/14\\\/sabato-allofficinema-di-feltre-la-presentazione-del-libro-una-vetta-del-darien-di-dame-freya-stark-viaggiatrice-e-scrittrice-britannica-morta-nel-1993\\\/\"]}]},{\"@type\":\"ImageObject\",\"inLanguage\":\"fr-FR\",\"@id\":\"https:\\\/\\\/www.bellunopress.it\\\/2024\\\/10\\\/14\\\/sabato-allofficinema-di-feltre-la-presentazione-del-libro-una-vetta-del-darien-di-dame-freya-stark-viaggiatrice-e-scrittrice-britannica-morta-nel-1993\\\/#primaryimage\",\"url\":\"https:\\\/\\\/www.bellunopress.it\\\/wp-content\\\/uploads\\\/2024\\\/10\\\/Dame-Freya-Stark.jpg\",\"contentUrl\":\"https:\\\/\\\/www.bellunopress.it\\\/wp-content\\\/uploads\\\/2024\\\/10\\\/Dame-Freya-Stark.jpg\",\"width\":707,\"height\":1000},{\"@type\":\"BreadcrumbList\",\"@id\":\"https:\\\/\\\/www.bellunopress.it\\\/2024\\\/10\\\/14\\\/sabato-allofficinema-di-feltre-la-presentazione-del-libro-una-vetta-del-darien-di-dame-freya-stark-viaggiatrice-e-scrittrice-britannica-morta-nel-1993\\\/#breadcrumb\",\"itemListElement\":[{\"@type\":\"ListItem\",\"position\":1,\"name\":\"Home\",\"item\":\"https:\\\/\\\/www.bellunopress.it\\\/\"},{\"@type\":\"ListItem\",\"position\":2,\"name\":\"Sabato all&#8217;Officinema di Feltre la presentazione del libro &#8220;Una vetta del Darien&#8221; di Dame Freya Stark, viaggiatrice e scrittrice britannica morta nel 1993\"}]},{\"@type\":\"WebSite\",\"@id\":\"https:\\\/\\\/www.bellunopress.it\\\/#website\",\"url\":\"https:\\\/\\\/www.bellunopress.it\\\/\",\"name\":\"Bellunopress - Dolomiti\",\"description\":\"e-mail: redazione@bellunopress.it\",\"publisher\":{\"@id\":\"https:\\\/\\\/www.bellunopress.it\\\/#organization\"},\"potentialAction\":[{\"@type\":\"SearchAction\",\"target\":{\"@type\":\"EntryPoint\",\"urlTemplate\":\"https:\\\/\\\/www.bellunopress.it\\\/?s={search_term_string}\"},\"query-input\":{\"@type\":\"PropertyValueSpecification\",\"valueRequired\":true,\"valueName\":\"search_term_string\"}}],\"inLanguage\":\"fr-FR\"},{\"@type\":\"Organization\",\"@id\":\"https:\\\/\\\/www.bellunopress.it\\\/#organization\",\"name\":\"Bellunopress\",\"url\":\"https:\\\/\\\/www.bellunopress.it\\\/\",\"logo\":{\"@type\":\"ImageObject\",\"inLanguage\":\"fr-FR\",\"@id\":\"https:\\\/\\\/www.bellunopress.it\\\/#\\\/schema\\\/logo\\\/image\\\/\",\"url\":\"https:\\\/\\\/www.bellunopress.it\\\/wp-content\\\/uploads\\\/2011\\\/05\\\/cropped-logo-bellunopress-.jpg\",\"contentUrl\":\"https:\\\/\\\/www.bellunopress.it\\\/wp-content\\\/uploads\\\/2011\\\/05\\\/cropped-logo-bellunopress-.jpg\",\"width\":512,\"height\":512,\"caption\":\"Bellunopress\"},\"image\":{\"@id\":\"https:\\\/\\\/www.bellunopress.it\\\/#\\\/schema\\\/logo\\\/image\\\/\"},\"sameAs\":[\"https:\\\/\\\/www.facebook.com\\\/profile.php?id=100008943462799\",\"https:\\\/\\\/x.com\\\/bellunopress\",\"https:\\\/\\\/www.linkedin.com\\\/hp\\\/?dnr=JBzUWaJfMUw8vbXJJ2tVW5-I3jZKvC4wsoxE&amp;amp;amp;amp;amp;amp;trk=nav_responsive_tab_home\",\"https:\\\/\\\/www.youtube.com\\\/channel\\\/UCxL0wu1uN0_3_7hGG0306cw\"]},{\"@type\":\"Person\",\"@id\":\"https:\\\/\\\/www.bellunopress.it\\\/#\\\/schema\\\/person\\\/79bb06722b37ece1c03d3e94beb30d73\",\"name\":\"redazione\",\"image\":{\"@type\":\"ImageObject\",\"inLanguage\":\"fr-FR\",\"@id\":\"https:\\\/\\\/secure.gravatar.com\\\/avatar\\\/37d968a2e67a6fd04c169c4bdef102d0bc5d31b2546345219e348575eb80e9a0?s=96&d=mm&r=g\",\"url\":\"https:\\\/\\\/secure.gravatar.com\\\/avatar\\\/37d968a2e67a6fd04c169c4bdef102d0bc5d31b2546345219e348575eb80e9a0?s=96&d=mm&r=g\",\"contentUrl\":\"https:\\\/\\\/secure.gravatar.com\\\/avatar\\\/37d968a2e67a6fd04c169c4bdef102d0bc5d31b2546345219e348575eb80e9a0?s=96&d=mm&r=g\",\"caption\":\"redazione\"},\"sameAs\":[\"http:\\\/\\\/www.bellunopress.it\",\"https:\\\/\\\/x.com\\\/bellunopress\"],\"url\":\"https:\\\/\\\/www.bellunopress.it\\\/fr\\\/author\\\/redazione\\\/\"}]}<\/script>\n<!-- \/ Yoast SEO plugin. -->","yoast_head_json":{"title":"Sabato all'Officinema di Feltre la presentazione del libro \"Una vetta del Darien\" di Dame Freya Stark, viaggiatrice e scrittrice britannica morta nel 1993 - Bellunopress - Dolomiti","robots":{"index":"index","follow":"follow","max-snippet":"max-snippet:-1","max-image-preview":"max-image-preview:large","max-video-preview":"max-video-preview:-1"},"canonical":"https:\/\/www.bellunopress.it\/fr\/2024\/10\/14\/sabato-allofficinema-di-feltre-la-presentazione-del-libro-una-vetta-del-darien-di-dame-freya-stark-viaggiatrice-e-scrittrice-britannica-morta-nel-1993\/","og_locale":"fr_FR","og_type":"article","og_title":"Sabato all'Officinema di Feltre la presentazione del libro \"Una vetta del Darien\" di Dame Freya Stark, viaggiatrice e scrittrice britannica morta nel 1993 - Bellunopress - Dolomiti","og_description":"Sabato 19 ottobre 2024 alle ore 18:30 Officinema a Feltre ospiter\u00e0 la presentazione del libro &#8220;Una vetta del Darien&#8221;, scritto da Dame Freya Stark, nella nuova edizione ampliata, pubblicato da Michael Edizioni \u2013 Treviso con intervento di Giancarlo Cunial e Maurizio Trevisan. Una Vetta del Darien \u00e8 stata ripubblicata, in un\u2019edizione ampliata, nell\u2019ottobre del 2023, [&hellip;]","og_url":"https:\/\/www.bellunopress.it\/fr\/2024\/10\/14\/sabato-allofficinema-di-feltre-la-presentazione-del-libro-una-vetta-del-darien-di-dame-freya-stark-viaggiatrice-e-scrittrice-britannica-morta-nel-1993\/","og_site_name":"Bellunopress - Dolomiti","article_publisher":"https:\/\/www.facebook.com\/profile.php?id=100008943462799","article_published_time":"2024-10-14T09:09:30+00:00","og_image":[{"width":707,"height":1000,"url":"https:\/\/www.bellunopress.it\/wp-content\/uploads\/2024\/10\/Dame-Freya-Stark.jpg","type":"image\/jpeg"}],"author":"redazione","twitter_card":"summary_large_image","twitter_creator":"@bellunopress","twitter_site":"@bellunopress","twitter_misc":{"\u00c9crit par":"redazione","Dur\u00e9e de lecture estim\u00e9e":"3 minutes"},"schema":{"@context":"https:\/\/schema.org","@graph":[{"@type":"Article","@id":"https:\/\/www.bellunopress.it\/2024\/10\/14\/sabato-allofficinema-di-feltre-la-presentazione-del-libro-una-vetta-del-darien-di-dame-freya-stark-viaggiatrice-e-scrittrice-britannica-morta-nel-1993\/#article","isPartOf":{"@id":"https:\/\/www.bellunopress.it\/2024\/10\/14\/sabato-allofficinema-di-feltre-la-presentazione-del-libro-una-vetta-del-darien-di-dame-freya-stark-viaggiatrice-e-scrittrice-britannica-morta-nel-1993\/"},"author":{"name":"redazione","@id":"https:\/\/www.bellunopress.it\/#\/schema\/person\/79bb06722b37ece1c03d3e94beb30d73"},"headline":"Sabato all&#8217;Officinema di Feltre la presentazione del libro &#8220;Una vetta del Darien&#8221; di Dame Freya Stark, viaggiatrice e scrittrice britannica morta nel 1993","datePublished":"2024-10-14T09:09:30+00:00","mainEntityOfPage":{"@id":"https:\/\/www.bellunopress.it\/2024\/10\/14\/sabato-allofficinema-di-feltre-la-presentazione-del-libro-una-vetta-del-darien-di-dame-freya-stark-viaggiatrice-e-scrittrice-britannica-morta-nel-1993\/"},"wordCount":542,"publisher":{"@id":"https:\/\/www.bellunopress.it\/#organization"},"image":{"@id":"https:\/\/www.bellunopress.it\/2024\/10\/14\/sabato-allofficinema-di-feltre-la-presentazione-del-libro-una-vetta-del-darien-di-dame-freya-stark-viaggiatrice-e-scrittrice-britannica-morta-nel-1993\/#primaryimage"},"thumbnailUrl":"https:\/\/www.bellunopress.it\/wp-content\/uploads\/2024\/10\/Dame-Freya-Stark.jpg","articleSection":["Appuntamenti, Eventi","Arte, Cultura, Spettacoli, Scienza","Pausa Caff\u00e8"],"inLanguage":"fr-FR"},{"@type":"WebPage","@id":"https:\/\/www.bellunopress.it\/2024\/10\/14\/sabato-allofficinema-di-feltre-la-presentazione-del-libro-una-vetta-del-darien-di-dame-freya-stark-viaggiatrice-e-scrittrice-britannica-morta-nel-1993\/","url":"https:\/\/www.bellunopress.it\/2024\/10\/14\/sabato-allofficinema-di-feltre-la-presentazione-del-libro-una-vetta-del-darien-di-dame-freya-stark-viaggiatrice-e-scrittrice-britannica-morta-nel-1993\/","name":"Sabato all'Officinema di Feltre la presentazione del libro \"Una vetta del Darien\" di Dame Freya Stark, viaggiatrice e scrittrice britannica morta nel 1993 - Bellunopress - Dolomiti","isPartOf":{"@id":"https:\/\/www.bellunopress.it\/#website"},"primaryImageOfPage":{"@id":"https:\/\/www.bellunopress.it\/2024\/10\/14\/sabato-allofficinema-di-feltre-la-presentazione-del-libro-una-vetta-del-darien-di-dame-freya-stark-viaggiatrice-e-scrittrice-britannica-morta-nel-1993\/#primaryimage"},"image":{"@id":"https:\/\/www.bellunopress.it\/2024\/10\/14\/sabato-allofficinema-di-feltre-la-presentazione-del-libro-una-vetta-del-darien-di-dame-freya-stark-viaggiatrice-e-scrittrice-britannica-morta-nel-1993\/#primaryimage"},"thumbnailUrl":"https:\/\/www.bellunopress.it\/wp-content\/uploads\/2024\/10\/Dame-Freya-Stark.jpg","datePublished":"2024-10-14T09:09:30+00:00","breadcrumb":{"@id":"https:\/\/www.bellunopress.it\/2024\/10\/14\/sabato-allofficinema-di-feltre-la-presentazione-del-libro-una-vetta-del-darien-di-dame-freya-stark-viaggiatrice-e-scrittrice-britannica-morta-nel-1993\/#breadcrumb"},"inLanguage":"fr-FR","potentialAction":[{"@type":"ReadAction","target":["https:\/\/www.bellunopress.it\/2024\/10\/14\/sabato-allofficinema-di-feltre-la-presentazione-del-libro-una-vetta-del-darien-di-dame-freya-stark-viaggiatrice-e-scrittrice-britannica-morta-nel-1993\/"]}]},{"@type":"ImageObject","inLanguage":"fr-FR","@id":"https:\/\/www.bellunopress.it\/2024\/10\/14\/sabato-allofficinema-di-feltre-la-presentazione-del-libro-una-vetta-del-darien-di-dame-freya-stark-viaggiatrice-e-scrittrice-britannica-morta-nel-1993\/#primaryimage","url":"https:\/\/www.bellunopress.it\/wp-content\/uploads\/2024\/10\/Dame-Freya-Stark.jpg","contentUrl":"https:\/\/www.bellunopress.it\/wp-content\/uploads\/2024\/10\/Dame-Freya-Stark.jpg","width":707,"height":1000},{"@type":"BreadcrumbList","@id":"https:\/\/www.bellunopress.it\/2024\/10\/14\/sabato-allofficinema-di-feltre-la-presentazione-del-libro-una-vetta-del-darien-di-dame-freya-stark-viaggiatrice-e-scrittrice-britannica-morta-nel-1993\/#breadcrumb","itemListElement":[{"@type":"ListItem","position":1,"name":"Home","item":"https:\/\/www.bellunopress.it\/"},{"@type":"ListItem","position":2,"name":"Sabato all&#8217;Officinema di Feltre la presentazione del libro &#8220;Una vetta del Darien&#8221; di Dame Freya Stark, viaggiatrice e scrittrice britannica morta nel 1993"}]},{"@type":"WebSite","@id":"https:\/\/www.bellunopress.it\/#website","url":"https:\/\/www.bellunopress.it\/","name":"Bellunopress - Dolomiti","description":"e-mail: redazione@bellunopress.it","publisher":{"@id":"https:\/\/www.bellunopress.it\/#organization"},"potentialAction":[{"@type":"SearchAction","target":{"@type":"EntryPoint","urlTemplate":"https:\/\/www.bellunopress.it\/?s={search_term_string}"},"query-input":{"@type":"PropertyValueSpecification","valueRequired":true,"valueName":"search_term_string"}}],"inLanguage":"fr-FR"},{"@type":"Organization","@id":"https:\/\/www.bellunopress.it\/#organization","name":"Bellunopress","url":"https:\/\/www.bellunopress.it\/","logo":{"@type":"ImageObject","inLanguage":"fr-FR","@id":"https:\/\/www.bellunopress.it\/#\/schema\/logo\/image\/","url":"https:\/\/www.bellunopress.it\/wp-content\/uploads\/2011\/05\/cropped-logo-bellunopress-.jpg","contentUrl":"https:\/\/www.bellunopress.it\/wp-content\/uploads\/2011\/05\/cropped-logo-bellunopress-.jpg","width":512,"height":512,"caption":"Bellunopress"},"image":{"@id":"https:\/\/www.bellunopress.it\/#\/schema\/logo\/image\/"},"sameAs":["https:\/\/www.facebook.com\/profile.php?id=100008943462799","https:\/\/x.com\/bellunopress","https:\/\/www.linkedin.com\/hp\/?dnr=JBzUWaJfMUw8vbXJJ2tVW5-I3jZKvC4wsoxE&amp;amp;amp;amp;amp;amp;trk=nav_responsive_tab_home","https:\/\/www.youtube.com\/channel\/UCxL0wu1uN0_3_7hGG0306cw"]},{"@type":"Person","@id":"https:\/\/www.bellunopress.it\/#\/schema\/person\/79bb06722b37ece1c03d3e94beb30d73","name":"r\u00e9daction","image":{"@type":"ImageObject","inLanguage":"fr-FR","@id":"https:\/\/secure.gravatar.com\/avatar\/37d968a2e67a6fd04c169c4bdef102d0bc5d31b2546345219e348575eb80e9a0?s=96&d=mm&r=g","url":"https:\/\/secure.gravatar.com\/avatar\/37d968a2e67a6fd04c169c4bdef102d0bc5d31b2546345219e348575eb80e9a0?s=96&d=mm&r=g","contentUrl":"https:\/\/secure.gravatar.com\/avatar\/37d968a2e67a6fd04c169c4bdef102d0bc5d31b2546345219e348575eb80e9a0?s=96&d=mm&r=g","caption":"redazione"},"sameAs":["http:\/\/www.bellunopress.it","https:\/\/x.com\/bellunopress"],"url":"https:\/\/www.bellunopress.it\/fr\/author\/redazione\/"}]}},"_links":{"self":[{"href":"https:\/\/www.bellunopress.it\/fr\/wp-json\/wp\/v2\/posts\/154873","targetHints":{"allow":["GET"]}}],"collection":[{"href":"https:\/\/www.bellunopress.it\/fr\/wp-json\/wp\/v2\/posts"}],"about":[{"href":"https:\/\/www.bellunopress.it\/fr\/wp-json\/wp\/v2\/types\/post"}],"author":[{"embeddable":true,"href":"https:\/\/www.bellunopress.it\/fr\/wp-json\/wp\/v2\/users\/2"}],"replies":[{"embeddable":true,"href":"https:\/\/www.bellunopress.it\/fr\/wp-json\/wp\/v2\/comments?post=154873"}],"version-history":[{"count":1,"href":"https:\/\/www.bellunopress.it\/fr\/wp-json\/wp\/v2\/posts\/154873\/revisions"}],"predecessor-version":[{"id":154875,"href":"https:\/\/www.bellunopress.it\/fr\/wp-json\/wp\/v2\/posts\/154873\/revisions\/154875"}],"wp:featuredmedia":[{"embeddable":true,"href":"https:\/\/www.bellunopress.it\/fr\/wp-json\/wp\/v2\/media\/154874"}],"wp:attachment":[{"href":"https:\/\/www.bellunopress.it\/fr\/wp-json\/wp\/v2\/media?parent=154873"}],"wp:term":[{"taxonomy":"category","embeddable":true,"href":"https:\/\/www.bellunopress.it\/fr\/wp-json\/wp\/v2\/categories?post=154873"},{"taxonomy":"post_tag","embeddable":true,"href":"https:\/\/www.bellunopress.it\/fr\/wp-json\/wp\/v2\/tags?post=154873"}],"curies":[{"name":"wp","href":"https:\/\/api.w.org\/{rel}","templated":true}]}}