{"id":154871,"date":"2024-10-14T10:53:04","date_gmt":"2024-10-14T08:53:04","guid":{"rendered":"https:\/\/www.bellunopress.it\/?p=154871"},"modified":"2024-10-14T10:53:04","modified_gmt":"2024-10-14T08:53:04","slug":"venerdi-al-centro-congressi-giovanni-23mo-di-belluno-il-concerto-della-pianista-silvia-tessari-a-favore-delluici","status":"publish","type":"post","link":"https:\/\/www.bellunopress.it\/fr\/2024\/10\/14\/venerdi-al-centro-congressi-giovanni-23mo-di-belluno-il-concerto-della-pianista-silvia-tessari-a-favore-delluici\/","title":{"rendered":"Venerd\u00ec al Centro congressi Giovanni 23mo di Belluno il concerto della pianista Silvia Tessari a favore dell&#8217;Uici"},"content":{"rendered":"<figure id=\"attachment_95827\" aria-describedby=\"caption-attachment-95827\" style=\"width: 272px\" class=\"wp-caption aligncenter\"><img loading=\"lazy\" decoding=\"async\" class=\"size-full wp-image-95827\" src=\"https:\/\/www.bellunopress.it\/wp-content\/uploads\/2018\/06\/silvia-tessari.jpg\" alt=\"\" width=\"272\" height=\"300\" \/><figcaption id=\"caption-attachment-95827\" class=\"wp-caption-text\">Silvia Tessari, pianista<\/figcaption><\/figure>\n<p><strong>Iniziativa volta alla raccolta di fondi a favore dell\u2019associazione UICI di Belluno. Evento aperto a tutta la cittadinanza<\/strong><\/p>\n<p>L&#8217;UICI, Unione Italiana dei ciechi e degli ipovedenti ETS APS di Belluno comunica che venerd\u00ec 18 ottobre 2024 alle ore 21.00 nella Sala teatro del Centro congressi Giovanni<br \/>\nXXIII in Piazza Piloni 11 a Belluno, si terr\u00e0 il concerto di pianoforte dell\u2019artista di fama internazionale Silvia Tessari, originaria di Falcade. L&#8217;iniziativa \u00e8 mirata alla raccolta fondi per sostenere le attivit\u00e0 e i servizi che quotidianamente l\u2019associazione offre alle persone con disabilit\u00e0 visiva.<br \/>\nL&#8217;Associazione invita la cittadinanza tutta a partecipare a questo imperdibile evento artistico. I biglietti verranno venduti in loco dalle ore 19.00 fino ad esaurimento posti.<\/p>","protected":false},"excerpt":{"rendered":"<p>Iniziativa volta alla raccolta di fondi a favore dell\u2019associazione UICI di Belluno. Evento aperto a tutta la cittadinanza L&#8217;UICI, Unione Italiana dei ciechi e degli ipovedenti ETS APS di Belluno comunica che venerd\u00ec 18 ottobre 2024 alle ore 21.00 nella Sala teatro del Centro congressi Giovanni XXIII in Piazza Piloni 11 a Belluno, si terr\u00e0 [&hellip;]<\/p>\n","protected":false},"author":2,"featured_media":95827,"comment_status":"closed","ping_status":"open","sticky":false,"template":"","format":"standard","meta":{"footnotes":""},"categories":[27,3,25],"tags":[],"class_list":["post-154871","post","type-post","status-publish","format-standard","has-post-thumbnail","category-appuntamenti","category-arte-cultura-spettacoli-scienza-archivi","category-pausa-caffe"],"yoast_head":"<!-- This site is optimized with the Yoast SEO plugin v28.4 - https:\/\/yoast.com\/product\/yoast-seo-wordpress\/ -->\n<title>Venerd\u00ec al Centro congressi Giovanni 23mo di Belluno il concerto della pianista Silvia Tessari a favore dell&#039;Uici - Bellunopress - Dolomiti<\/title>\n<meta name=\"robots\" content=\"index, follow, max-snippet:-1, max-image-preview:large, max-video-preview:-1\" \/>\n<link rel=\"canonical\" href=\"https:\/\/www.bellunopress.it\/fr\/2024\/10\/14\/venerdi-al-centro-congressi-giovanni-23mo-di-belluno-il-concerto-della-pianista-silvia-tessari-a-favore-delluici\/\" \/>\n<meta property=\"og:locale\" content=\"fr_FR\" \/>\n<meta property=\"og:type\" content=\"article\" \/>\n<meta property=\"og:title\" content=\"Venerd\u00ec al Centro congressi Giovanni 23mo di Belluno il concerto della pianista Silvia Tessari a favore dell&#039;Uici - Bellunopress - Dolomiti\" \/>\n<meta property=\"og:description\" content=\"Iniziativa volta alla raccolta di fondi a favore dell\u2019associazione UICI di Belluno. Evento aperto a tutta la cittadinanza L&#8217;UICI, Unione Italiana dei ciechi e degli ipovedenti ETS APS di Belluno comunica che venerd\u00ec 18 ottobre 2024 alle ore 21.00 nella Sala teatro del Centro congressi Giovanni XXIII in Piazza Piloni 11 a Belluno, si terr\u00e0 [&hellip;]\" \/>\n<meta property=\"og:url\" content=\"https:\/\/www.bellunopress.it\/fr\/2024\/10\/14\/venerdi-al-centro-congressi-giovanni-23mo-di-belluno-il-concerto-della-pianista-silvia-tessari-a-favore-delluici\/\" \/>\n<meta property=\"og:site_name\" content=\"Bellunopress - Dolomiti\" \/>\n<meta property=\"article:publisher\" content=\"https:\/\/www.facebook.com\/profile.php?id=100008943462799\" \/>\n<meta property=\"article:published_time\" content=\"2024-10-14T08:53:04+00:00\" \/>\n<meta property=\"og:image\" content=\"https:\/\/www.bellunopress.it\/wp-content\/uploads\/2018\/06\/silvia-tessari.jpg\" \/>\n\t<meta property=\"og:image:width\" content=\"272\" \/>\n\t<meta property=\"og:image:height\" content=\"300\" \/>\n\t<meta property=\"og:image:type\" content=\"image\/jpeg\" \/>\n<meta name=\"author\" content=\"redazione\" \/>\n<meta name=\"twitter:card\" content=\"summary_large_image\" \/>\n<meta name=\"twitter:creator\" content=\"@bellunopress\" \/>\n<meta name=\"twitter:site\" content=\"@bellunopress\" \/>\n<meta name=\"twitter:label1\" content=\"\u00c9crit par\" \/>\n\t<meta name=\"twitter:data1\" content=\"redazione\" \/>\n\t<meta name=\"twitter:label2\" content=\"Dur\u00e9e de lecture estim\u00e9e\" \/>\n\t<meta name=\"twitter:data2\" content=\"1 minute\" \/>\n<script type=\"application\/ld+json\" class=\"yoast-schema-graph\">{\"@context\":\"https:\\\/\\\/schema.org\",\"@graph\":[{\"@type\":\"Article\",\"@id\":\"https:\\\/\\\/www.bellunopress.it\\\/2024\\\/10\\\/14\\\/venerdi-al-centro-congressi-giovanni-23mo-di-belluno-il-concerto-della-pianista-silvia-tessari-a-favore-delluici\\\/#article\",\"isPartOf\":{\"@id\":\"https:\\\/\\\/www.bellunopress.it\\\/2024\\\/10\\\/14\\\/venerdi-al-centro-congressi-giovanni-23mo-di-belluno-il-concerto-della-pianista-silvia-tessari-a-favore-delluici\\\/\"},\"author\":{\"name\":\"redazione\",\"@id\":\"https:\\\/\\\/www.bellunopress.it\\\/#\\\/schema\\\/person\\\/79bb06722b37ece1c03d3e94beb30d73\"},\"headline\":\"Venerd\u00ec al Centro congressi Giovanni 23mo di Belluno il concerto della pianista Silvia Tessari a favore dell&#8217;Uici\",\"datePublished\":\"2024-10-14T08:53:04+00:00\",\"mainEntityOfPage\":{\"@id\":\"https:\\\/\\\/www.bellunopress.it\\\/2024\\\/10\\\/14\\\/venerdi-al-centro-congressi-giovanni-23mo-di-belluno-il-concerto-della-pianista-silvia-tessari-a-favore-delluici\\\/\"},\"wordCount\":143,\"publisher\":{\"@id\":\"https:\\\/\\\/www.bellunopress.it\\\/#organization\"},\"image\":{\"@id\":\"https:\\\/\\\/www.bellunopress.it\\\/2024\\\/10\\\/14\\\/venerdi-al-centro-congressi-giovanni-23mo-di-belluno-il-concerto-della-pianista-silvia-tessari-a-favore-delluici\\\/#primaryimage\"},\"thumbnailUrl\":\"https:\\\/\\\/www.bellunopress.it\\\/wp-content\\\/uploads\\\/2018\\\/06\\\/silvia-tessari.jpg\",\"articleSection\":[\"Appuntamenti, Eventi\",\"Arte, Cultura, Spettacoli, Scienza\",\"Pausa Caff\u00e8\"],\"inLanguage\":\"fr-FR\"},{\"@type\":\"WebPage\",\"@id\":\"https:\\\/\\\/www.bellunopress.it\\\/2024\\\/10\\\/14\\\/venerdi-al-centro-congressi-giovanni-23mo-di-belluno-il-concerto-della-pianista-silvia-tessari-a-favore-delluici\\\/\",\"url\":\"https:\\\/\\\/www.bellunopress.it\\\/2024\\\/10\\\/14\\\/venerdi-al-centro-congressi-giovanni-23mo-di-belluno-il-concerto-della-pianista-silvia-tessari-a-favore-delluici\\\/\",\"name\":\"Venerd\u00ec al Centro congressi Giovanni 23mo di Belluno il concerto della pianista Silvia Tessari a favore dell'Uici - Bellunopress - Dolomiti\",\"isPartOf\":{\"@id\":\"https:\\\/\\\/www.bellunopress.it\\\/#website\"},\"primaryImageOfPage\":{\"@id\":\"https:\\\/\\\/www.bellunopress.it\\\/2024\\\/10\\\/14\\\/venerdi-al-centro-congressi-giovanni-23mo-di-belluno-il-concerto-della-pianista-silvia-tessari-a-favore-delluici\\\/#primaryimage\"},\"image\":{\"@id\":\"https:\\\/\\\/www.bellunopress.it\\\/2024\\\/10\\\/14\\\/venerdi-al-centro-congressi-giovanni-23mo-di-belluno-il-concerto-della-pianista-silvia-tessari-a-favore-delluici\\\/#primaryimage\"},\"thumbnailUrl\":\"https:\\\/\\\/www.bellunopress.it\\\/wp-content\\\/uploads\\\/2018\\\/06\\\/silvia-tessari.jpg\",\"datePublished\":\"2024-10-14T08:53:04+00:00\",\"breadcrumb\":{\"@id\":\"https:\\\/\\\/www.bellunopress.it\\\/2024\\\/10\\\/14\\\/venerdi-al-centro-congressi-giovanni-23mo-di-belluno-il-concerto-della-pianista-silvia-tessari-a-favore-delluici\\\/#breadcrumb\"},\"inLanguage\":\"fr-FR\",\"potentialAction\":[{\"@type\":\"ReadAction\",\"target\":[\"https:\\\/\\\/www.bellunopress.it\\\/2024\\\/10\\\/14\\\/venerdi-al-centro-congressi-giovanni-23mo-di-belluno-il-concerto-della-pianista-silvia-tessari-a-favore-delluici\\\/\"]}]},{\"@type\":\"ImageObject\",\"inLanguage\":\"fr-FR\",\"@id\":\"https:\\\/\\\/www.bellunopress.it\\\/2024\\\/10\\\/14\\\/venerdi-al-centro-congressi-giovanni-23mo-di-belluno-il-concerto-della-pianista-silvia-tessari-a-favore-delluici\\\/#primaryimage\",\"url\":\"https:\\\/\\\/www.bellunopress.it\\\/wp-content\\\/uploads\\\/2018\\\/06\\\/silvia-tessari.jpg\",\"contentUrl\":\"https:\\\/\\\/www.bellunopress.it\\\/wp-content\\\/uploads\\\/2018\\\/06\\\/silvia-tessari.jpg\",\"width\":272,\"height\":300,\"caption\":\"Silvia Tessari, pianista\"},{\"@type\":\"BreadcrumbList\",\"@id\":\"https:\\\/\\\/www.bellunopress.it\\\/2024\\\/10\\\/14\\\/venerdi-al-centro-congressi-giovanni-23mo-di-belluno-il-concerto-della-pianista-silvia-tessari-a-favore-delluici\\\/#breadcrumb\",\"itemListElement\":[{\"@type\":\"ListItem\",\"position\":1,\"name\":\"Home\",\"item\":\"https:\\\/\\\/www.bellunopress.it\\\/\"},{\"@type\":\"ListItem\",\"position\":2,\"name\":\"Venerd\u00ec al Centro congressi Giovanni 23mo di Belluno il concerto della pianista Silvia Tessari a favore dell&#8217;Uici\"}]},{\"@type\":\"WebSite\",\"@id\":\"https:\\\/\\\/www.bellunopress.it\\\/#website\",\"url\":\"https:\\\/\\\/www.bellunopress.it\\\/\",\"name\":\"Bellunopress - Dolomiti\",\"description\":\"e-mail: redazione@bellunopress.it\",\"publisher\":{\"@id\":\"https:\\\/\\\/www.bellunopress.it\\\/#organization\"},\"potentialAction\":[{\"@type\":\"SearchAction\",\"target\":{\"@type\":\"EntryPoint\",\"urlTemplate\":\"https:\\\/\\\/www.bellunopress.it\\\/?s={search_term_string}\"},\"query-input\":{\"@type\":\"PropertyValueSpecification\",\"valueRequired\":true,\"valueName\":\"search_term_string\"}}],\"inLanguage\":\"fr-FR\"},{\"@type\":\"Organization\",\"@id\":\"https:\\\/\\\/www.bellunopress.it\\\/#organization\",\"name\":\"Bellunopress\",\"url\":\"https:\\\/\\\/www.bellunopress.it\\\/\",\"logo\":{\"@type\":\"ImageObject\",\"inLanguage\":\"fr-FR\",\"@id\":\"https:\\\/\\\/www.bellunopress.it\\\/#\\\/schema\\\/logo\\\/image\\\/\",\"url\":\"https:\\\/\\\/www.bellunopress.it\\\/wp-content\\\/uploads\\\/2011\\\/05\\\/cropped-logo-bellunopress-.jpg\",\"contentUrl\":\"https:\\\/\\\/www.bellunopress.it\\\/wp-content\\\/uploads\\\/2011\\\/05\\\/cropped-logo-bellunopress-.jpg\",\"width\":512,\"height\":512,\"caption\":\"Bellunopress\"},\"image\":{\"@id\":\"https:\\\/\\\/www.bellunopress.it\\\/#\\\/schema\\\/logo\\\/image\\\/\"},\"sameAs\":[\"https:\\\/\\\/www.facebook.com\\\/profile.php?id=100008943462799\",\"https:\\\/\\\/x.com\\\/bellunopress\",\"https:\\\/\\\/www.linkedin.com\\\/hp\\\/?dnr=JBzUWaJfMUw8vbXJJ2tVW5-I3jZKvC4wsoxE&amp;amp;amp;amp;amp;amp;trk=nav_responsive_tab_home\",\"https:\\\/\\\/www.youtube.com\\\/channel\\\/UCxL0wu1uN0_3_7hGG0306cw\"]},{\"@type\":\"Person\",\"@id\":\"https:\\\/\\\/www.bellunopress.it\\\/#\\\/schema\\\/person\\\/79bb06722b37ece1c03d3e94beb30d73\",\"name\":\"redazione\",\"image\":{\"@type\":\"ImageObject\",\"inLanguage\":\"fr-FR\",\"@id\":\"https:\\\/\\\/secure.gravatar.com\\\/avatar\\\/37d968a2e67a6fd04c169c4bdef102d0bc5d31b2546345219e348575eb80e9a0?s=96&d=mm&r=g\",\"url\":\"https:\\\/\\\/secure.gravatar.com\\\/avatar\\\/37d968a2e67a6fd04c169c4bdef102d0bc5d31b2546345219e348575eb80e9a0?s=96&d=mm&r=g\",\"contentUrl\":\"https:\\\/\\\/secure.gravatar.com\\\/avatar\\\/37d968a2e67a6fd04c169c4bdef102d0bc5d31b2546345219e348575eb80e9a0?s=96&d=mm&r=g\",\"caption\":\"redazione\"},\"sameAs\":[\"http:\\\/\\\/www.bellunopress.it\",\"https:\\\/\\\/x.com\\\/bellunopress\"],\"url\":\"https:\\\/\\\/www.bellunopress.it\\\/fr\\\/author\\\/redazione\\\/\"}]}<\/script>\n<!-- \/ Yoast SEO plugin. -->","yoast_head_json":{"title":"Venerd\u00ec al Centro congressi Giovanni 23mo di Belluno il concerto della pianista Silvia Tessari a favore dell'Uici - Bellunopress - Dolomiti","robots":{"index":"index","follow":"follow","max-snippet":"max-snippet:-1","max-image-preview":"max-image-preview:large","max-video-preview":"max-video-preview:-1"},"canonical":"https:\/\/www.bellunopress.it\/fr\/2024\/10\/14\/venerdi-al-centro-congressi-giovanni-23mo-di-belluno-il-concerto-della-pianista-silvia-tessari-a-favore-delluici\/","og_locale":"fr_FR","og_type":"article","og_title":"Venerd\u00ec al Centro congressi Giovanni 23mo di Belluno il concerto della pianista Silvia Tessari a favore dell'Uici - Bellunopress - Dolomiti","og_description":"Iniziativa volta alla raccolta di fondi a favore dell\u2019associazione UICI di Belluno. Evento aperto a tutta la cittadinanza L&#8217;UICI, Unione Italiana dei ciechi e degli ipovedenti ETS APS di Belluno comunica che venerd\u00ec 18 ottobre 2024 alle ore 21.00 nella Sala teatro del Centro congressi Giovanni XXIII in Piazza Piloni 11 a Belluno, si terr\u00e0 [&hellip;]","og_url":"https:\/\/www.bellunopress.it\/fr\/2024\/10\/14\/venerdi-al-centro-congressi-giovanni-23mo-di-belluno-il-concerto-della-pianista-silvia-tessari-a-favore-delluici\/","og_site_name":"Bellunopress - Dolomiti","article_publisher":"https:\/\/www.facebook.com\/profile.php?id=100008943462799","article_published_time":"2024-10-14T08:53:04+00:00","og_image":[{"width":272,"height":300,"url":"https:\/\/www.bellunopress.it\/wp-content\/uploads\/2018\/06\/silvia-tessari.jpg","type":"image\/jpeg"}],"author":"redazione","twitter_card":"summary_large_image","twitter_creator":"@bellunopress","twitter_site":"@bellunopress","twitter_misc":{"\u00c9crit par":"redazione","Dur\u00e9e de lecture estim\u00e9e":"1 minute"},"schema":{"@context":"https:\/\/schema.org","@graph":[{"@type":"Article","@id":"https:\/\/www.bellunopress.it\/2024\/10\/14\/venerdi-al-centro-congressi-giovanni-23mo-di-belluno-il-concerto-della-pianista-silvia-tessari-a-favore-delluici\/#article","isPartOf":{"@id":"https:\/\/www.bellunopress.it\/2024\/10\/14\/venerdi-al-centro-congressi-giovanni-23mo-di-belluno-il-concerto-della-pianista-silvia-tessari-a-favore-delluici\/"},"author":{"name":"redazione","@id":"https:\/\/www.bellunopress.it\/#\/schema\/person\/79bb06722b37ece1c03d3e94beb30d73"},"headline":"Venerd\u00ec al Centro congressi Giovanni 23mo di Belluno il concerto della pianista Silvia Tessari a favore dell&#8217;Uici","datePublished":"2024-10-14T08:53:04+00:00","mainEntityOfPage":{"@id":"https:\/\/www.bellunopress.it\/2024\/10\/14\/venerdi-al-centro-congressi-giovanni-23mo-di-belluno-il-concerto-della-pianista-silvia-tessari-a-favore-delluici\/"},"wordCount":143,"publisher":{"@id":"https:\/\/www.bellunopress.it\/#organization"},"image":{"@id":"https:\/\/www.bellunopress.it\/2024\/10\/14\/venerdi-al-centro-congressi-giovanni-23mo-di-belluno-il-concerto-della-pianista-silvia-tessari-a-favore-delluici\/#primaryimage"},"thumbnailUrl":"https:\/\/www.bellunopress.it\/wp-content\/uploads\/2018\/06\/silvia-tessari.jpg","articleSection":["Appuntamenti, Eventi","Arte, Cultura, Spettacoli, Scienza","Pausa Caff\u00e8"],"inLanguage":"fr-FR"},{"@type":"WebPage","@id":"https:\/\/www.bellunopress.it\/2024\/10\/14\/venerdi-al-centro-congressi-giovanni-23mo-di-belluno-il-concerto-della-pianista-silvia-tessari-a-favore-delluici\/","url":"https:\/\/www.bellunopress.it\/2024\/10\/14\/venerdi-al-centro-congressi-giovanni-23mo-di-belluno-il-concerto-della-pianista-silvia-tessari-a-favore-delluici\/","name":"Venerd\u00ec al Centro congressi Giovanni 23mo di Belluno il concerto della pianista Silvia Tessari a favore dell'Uici - Bellunopress - Dolomiti","isPartOf":{"@id":"https:\/\/www.bellunopress.it\/#website"},"primaryImageOfPage":{"@id":"https:\/\/www.bellunopress.it\/2024\/10\/14\/venerdi-al-centro-congressi-giovanni-23mo-di-belluno-il-concerto-della-pianista-silvia-tessari-a-favore-delluici\/#primaryimage"},"image":{"@id":"https:\/\/www.bellunopress.it\/2024\/10\/14\/venerdi-al-centro-congressi-giovanni-23mo-di-belluno-il-concerto-della-pianista-silvia-tessari-a-favore-delluici\/#primaryimage"},"thumbnailUrl":"https:\/\/www.bellunopress.it\/wp-content\/uploads\/2018\/06\/silvia-tessari.jpg","datePublished":"2024-10-14T08:53:04+00:00","breadcrumb":{"@id":"https:\/\/www.bellunopress.it\/2024\/10\/14\/venerdi-al-centro-congressi-giovanni-23mo-di-belluno-il-concerto-della-pianista-silvia-tessari-a-favore-delluici\/#breadcrumb"},"inLanguage":"fr-FR","potentialAction":[{"@type":"ReadAction","target":["https:\/\/www.bellunopress.it\/2024\/10\/14\/venerdi-al-centro-congressi-giovanni-23mo-di-belluno-il-concerto-della-pianista-silvia-tessari-a-favore-delluici\/"]}]},{"@type":"ImageObject","inLanguage":"fr-FR","@id":"https:\/\/www.bellunopress.it\/2024\/10\/14\/venerdi-al-centro-congressi-giovanni-23mo-di-belluno-il-concerto-della-pianista-silvia-tessari-a-favore-delluici\/#primaryimage","url":"https:\/\/www.bellunopress.it\/wp-content\/uploads\/2018\/06\/silvia-tessari.jpg","contentUrl":"https:\/\/www.bellunopress.it\/wp-content\/uploads\/2018\/06\/silvia-tessari.jpg","width":272,"height":300,"caption":"Silvia Tessari, pianista"},{"@type":"BreadcrumbList","@id":"https:\/\/www.bellunopress.it\/2024\/10\/14\/venerdi-al-centro-congressi-giovanni-23mo-di-belluno-il-concerto-della-pianista-silvia-tessari-a-favore-delluici\/#breadcrumb","itemListElement":[{"@type":"ListItem","position":1,"name":"Home","item":"https:\/\/www.bellunopress.it\/"},{"@type":"ListItem","position":2,"name":"Venerd\u00ec al Centro congressi Giovanni 23mo di Belluno il concerto della pianista Silvia Tessari a favore dell&#8217;Uici"}]},{"@type":"WebSite","@id":"https:\/\/www.bellunopress.it\/#website","url":"https:\/\/www.bellunopress.it\/","name":"Bellunopress - Dolomiti","description":"e-mail: redazione@bellunopress.it","publisher":{"@id":"https:\/\/www.bellunopress.it\/#organization"},"potentialAction":[{"@type":"SearchAction","target":{"@type":"EntryPoint","urlTemplate":"https:\/\/www.bellunopress.it\/?s={search_term_string}"},"query-input":{"@type":"PropertyValueSpecification","valueRequired":true,"valueName":"search_term_string"}}],"inLanguage":"fr-FR"},{"@type":"Organization","@id":"https:\/\/www.bellunopress.it\/#organization","name":"Bellunopress","url":"https:\/\/www.bellunopress.it\/","logo":{"@type":"ImageObject","inLanguage":"fr-FR","@id":"https:\/\/www.bellunopress.it\/#\/schema\/logo\/image\/","url":"https:\/\/www.bellunopress.it\/wp-content\/uploads\/2011\/05\/cropped-logo-bellunopress-.jpg","contentUrl":"https:\/\/www.bellunopress.it\/wp-content\/uploads\/2011\/05\/cropped-logo-bellunopress-.jpg","width":512,"height":512,"caption":"Bellunopress"},"image":{"@id":"https:\/\/www.bellunopress.it\/#\/schema\/logo\/image\/"},"sameAs":["https:\/\/www.facebook.com\/profile.php?id=100008943462799","https:\/\/x.com\/bellunopress","https:\/\/www.linkedin.com\/hp\/?dnr=JBzUWaJfMUw8vbXJJ2tVW5-I3jZKvC4wsoxE&amp;amp;amp;amp;amp;amp;trk=nav_responsive_tab_home","https:\/\/www.youtube.com\/channel\/UCxL0wu1uN0_3_7hGG0306cw"]},{"@type":"Person","@id":"https:\/\/www.bellunopress.it\/#\/schema\/person\/79bb06722b37ece1c03d3e94beb30d73","name":"r\u00e9daction","image":{"@type":"ImageObject","inLanguage":"fr-FR","@id":"https:\/\/secure.gravatar.com\/avatar\/37d968a2e67a6fd04c169c4bdef102d0bc5d31b2546345219e348575eb80e9a0?s=96&d=mm&r=g","url":"https:\/\/secure.gravatar.com\/avatar\/37d968a2e67a6fd04c169c4bdef102d0bc5d31b2546345219e348575eb80e9a0?s=96&d=mm&r=g","contentUrl":"https:\/\/secure.gravatar.com\/avatar\/37d968a2e67a6fd04c169c4bdef102d0bc5d31b2546345219e348575eb80e9a0?s=96&d=mm&r=g","caption":"redazione"},"sameAs":["http:\/\/www.bellunopress.it","https:\/\/x.com\/bellunopress"],"url":"https:\/\/www.bellunopress.it\/fr\/author\/redazione\/"}]}},"_links":{"self":[{"href":"https:\/\/www.bellunopress.it\/fr\/wp-json\/wp\/v2\/posts\/154871","targetHints":{"allow":["GET"]}}],"collection":[{"href":"https:\/\/www.bellunopress.it\/fr\/wp-json\/wp\/v2\/posts"}],"about":[{"href":"https:\/\/www.bellunopress.it\/fr\/wp-json\/wp\/v2\/types\/post"}],"author":[{"embeddable":true,"href":"https:\/\/www.bellunopress.it\/fr\/wp-json\/wp\/v2\/users\/2"}],"replies":[{"embeddable":true,"href":"https:\/\/www.bellunopress.it\/fr\/wp-json\/wp\/v2\/comments?post=154871"}],"version-history":[{"count":1,"href":"https:\/\/www.bellunopress.it\/fr\/wp-json\/wp\/v2\/posts\/154871\/revisions"}],"predecessor-version":[{"id":154872,"href":"https:\/\/www.bellunopress.it\/fr\/wp-json\/wp\/v2\/posts\/154871\/revisions\/154872"}],"wp:featuredmedia":[{"embeddable":true,"href":"https:\/\/www.bellunopress.it\/fr\/wp-json\/wp\/v2\/media\/95827"}],"wp:attachment":[{"href":"https:\/\/www.bellunopress.it\/fr\/wp-json\/wp\/v2\/media?parent=154871"}],"wp:term":[{"taxonomy":"category","embeddable":true,"href":"https:\/\/www.bellunopress.it\/fr\/wp-json\/wp\/v2\/categories?post=154871"},{"taxonomy":"post_tag","embeddable":true,"href":"https:\/\/www.bellunopress.it\/fr\/wp-json\/wp\/v2\/tags?post=154871"}],"curies":[{"name":"wp","href":"https:\/\/api.w.org\/{rel}","templated":true}]}}