{"id":154129,"date":"2024-09-19T10:00:02","date_gmt":"2024-09-19T08:00:02","guid":{"rendered":"https:\/\/www.bellunopress.it\/?p=154129"},"modified":"2024-09-18T22:46:49","modified_gmt":"2024-09-18T20:46:49","slug":"li-soprani-der-monno-vecchioe-nuovo","status":"publish","type":"post","link":"https:\/\/www.bellunopress.it\/fr\/2024\/09\/19\/li-soprani-der-monno-vecchioe-nuovo\/","title":{"rendered":"Li soprani der monno vecchio\u2026e nuovo"},"content":{"rendered":"<p><strong><img loading=\"lazy\" decoding=\"async\" class=\"aligncenter size-full wp-image-151164\" src=\"https:\/\/www.bellunopress.it\/wp-content\/uploads\/2024\/05\/delitti-e-castighi-di-Filiberto-Dal-Molin-copertina_edited.jpg\" alt=\"\" width=\"709\" height=\"1000\" srcset=\"https:\/\/www.bellunopress.it\/wp-content\/uploads\/2024\/05\/delitti-e-castighi-di-Filiberto-Dal-Molin-copertina_edited.jpg 709w, https:\/\/www.bellunopress.it\/wp-content\/uploads\/2024\/05\/delitti-e-castighi-di-Filiberto-Dal-Molin-copertina_edited-355x500.jpg 355w, https:\/\/www.bellunopress.it\/wp-content\/uploads\/2024\/05\/delitti-e-castighi-di-Filiberto-Dal-Molin-copertina_edited-298x420.jpg 298w, https:\/\/www.bellunopress.it\/wp-content\/uploads\/2024\/05\/delitti-e-castighi-di-Filiberto-Dal-Molin-copertina_edited-696x982.jpg 696w\" sizes=\"auto, (max-width: 709px) 100vw, 709px\" \/>Lettera al mio amico<\/strong><br \/>\nCaro amico ti scrivo,<br \/>\nperch\u00e9 dopo tante parole servono anche alcune righe scritte.<br \/>\nCi conosciamo da sempre, nelle nostre vite parallele, ma abbiamo avuto letture e frequentazioni diverse.<br \/>\nPer riuscire a capire il mondo di oggi \u00e8 sicuramente utile conoscere anche le storie \u201cder monno vecchio\u201d. E serve anche Giuseppe Gioacchino Belli.<br \/>\nPrima dell&#8217;anno 1000 abbiamo avuto due imperi, quello romano e quello macedone.<br \/>\nNegli altri 1000 anni abbiamo avuto gli imperi Mongolo, Ottomano, Russo, Cinese e Britannico.<br \/>\nIn tutti i casi gli uomini che sono stati gli artefici di quegli imperi avevano avuto l&#8217;ispirazione di dominare il mondo, non di renderlo migliore, non di proteggerlo dal degrado e neppure di realizzare una giustizia distributiva; piuttosto di impadronirsi di tutti i beni dei cosiddetti nemici e mantenere la tipica ripartizione sociale di tipo medioevale, coi signori all&#8217;apice e i servi della gleba in fondo.<br \/>\nCos\u00ec come siamo anche oggi!<\/p>\n<p>Ora quelli che tu stimi da sempre, e che chiamiamo \u201camericani\u201d, dal 1619 al 1890 con la tratta atlantica degli schiavi importarono nel loro paese solo circa 15 milioni di schiavi africani, poich\u00e9 gli altri 45 milioni rapinati in Africa erano gi\u00e0 morti prima di toccare il suolo americano. Ma poich\u00e9 si tratta di africani e di schiavi la cosa non sconvolge nessuno.<br \/>\nDiverso \u00e8 il trattamento riservato agli altri abitanti del mondo: non sono stati schiavizzati (forse in omaggio ad Abramo Lincoln) ma gli stessi americani hanno calcolato 469 interventi militari dal 1798 al 2023; hanno invaso o combattuto 84 Paesi dei 193 del mondo e sono stati coinvolti militarmente con 190 su 193.<br \/>\nQuesti numeri li ho presi dal \u201cmatematico impertinente\u201d, quindi sono veri.<br \/>\nPer il momento risultano risparmiati Andorra, Bhutan e Lichtenstein. Tutto ci\u00f2 per combattere \u201cgli imperi del male e gli Stati canaglia\u201d; naturalmente anche con le bombe atomiche, quando gli sconfitti avevano bisogno di una lezione.<br \/>\nSeguono peraltro gli stessi schemi degli altri imperi, pur con mezzi diversi. Vogliono conquistare il mondo intero e portano da anni le loro armi ovunque, in guerra sempre e contro tutti, anche i loro alleati se si provano ad alzare la testa.<\/p>\n<p>La chiamano Pax Americana. Il problema \u00e8 che da 80 anni i mezzi sono cambiati, le loro armi hanno impieghi planetari e conseguenze planetarie e nella loro volont\u00e0 di potenza sono disposti a tutto pur di imporre i loro metodi, la loro cultura, i loro mercati.<br \/>\nSolo che adesso il mondo occidentale, plasmato a loro immagine e somiglianza, ha aumentato del 50% negli ultimi 100 anni la concentrazione massima di CO2 che si era verificata nel nostro pianeta negli ultimi 500.000 anni, portandola da 280 a 420 ppm.<br \/>\nCon le conseguenze che forse anche tu conosci e che Arrhenius aveva previsto esattamente circa 130 anni fa.<br \/>\nMi hai detto che inquinano anche i cinesi; \u00e8 certo, ma in un arco temporale e con intensit\u00e0 molto diverse.<br \/>\nLa solita trave nel proprio occhio!<br \/>\nTutto questo forse \u00e8 troppo poco per modificare le tue idee e le tue informazioni: per te e per i molti che la pensano come te il vero problema sono i comunisti. Non solo perch\u00e9 mangiavano i bambini ma perch\u00e9 anche oggi, dopo 35 anni dalla fine del comunismo, quella ideologia nata per una equa distribuzione dei diritti e dei beni, ma con risultati del tutto fallimentari, esiste ancora nella mente di qualcuno.<\/p>\n<p>Stammi bene. Filiberto.<\/p>\n<p>&nbsp;<\/p>","protected":false},"excerpt":{"rendered":"<p>Lettera al mio amico Caro amico ti scrivo, perch\u00e9 dopo tante parole servono anche alcune righe scritte. Ci conosciamo da sempre, nelle nostre vite parallele, ma abbiamo avuto letture e frequentazioni diverse. Per riuscire a capire il mondo di oggi \u00e8 sicuramente utile conoscere anche le storie \u201cder monno vecchio\u201d. E serve anche Giuseppe Gioacchino [&hellip;]<\/p>\n","protected":false},"author":2,"featured_media":151164,"comment_status":"closed","ping_status":"open","sticky":false,"template":"","format":"standard","meta":{"footnotes":""},"categories":[3614],"tags":[],"class_list":["post-154129","post","type-post","status-publish","format-standard","has-post-thumbnail","category-controcorrente"],"yoast_head":"<!-- This site is optimized with the Yoast SEO plugin v28.4 - https:\/\/yoast.com\/product\/yoast-seo-wordpress\/ -->\n<title>Li soprani der monno vecchio\u2026e nuovo - Bellunopress - Dolomiti<\/title>\n<meta name=\"robots\" content=\"index, follow, max-snippet:-1, max-image-preview:large, max-video-preview:-1\" \/>\n<link rel=\"canonical\" href=\"https:\/\/www.bellunopress.it\/fr\/2024\/09\/19\/li-soprani-der-monno-vecchioe-nuovo\/\" \/>\n<meta property=\"og:locale\" content=\"fr_FR\" \/>\n<meta property=\"og:type\" content=\"article\" \/>\n<meta property=\"og:title\" content=\"Li soprani der monno vecchio\u2026e nuovo - Bellunopress - Dolomiti\" \/>\n<meta property=\"og:description\" content=\"Lettera al mio amico Caro amico ti scrivo, perch\u00e9 dopo tante parole servono anche alcune righe scritte. Ci conosciamo da sempre, nelle nostre vite parallele, ma abbiamo avuto letture e frequentazioni diverse. Per riuscire a capire il mondo di oggi \u00e8 sicuramente utile conoscere anche le storie \u201cder monno vecchio\u201d. E serve anche Giuseppe Gioacchino [&hellip;]\" \/>\n<meta property=\"og:url\" content=\"https:\/\/www.bellunopress.it\/fr\/2024\/09\/19\/li-soprani-der-monno-vecchioe-nuovo\/\" \/>\n<meta property=\"og:site_name\" content=\"Bellunopress - Dolomiti\" \/>\n<meta property=\"article:publisher\" content=\"https:\/\/www.facebook.com\/profile.php?id=100008943462799\" \/>\n<meta property=\"article:published_time\" content=\"2024-09-19T08:00:02+00:00\" \/>\n<meta property=\"og:image\" content=\"https:\/\/www.bellunopress.it\/wp-content\/uploads\/2024\/05\/delitti-e-castighi-di-Filiberto-Dal-Molin-copertina_edited.jpg\" \/>\n\t<meta property=\"og:image:width\" content=\"709\" \/>\n\t<meta property=\"og:image:height\" content=\"1000\" \/>\n\t<meta property=\"og:image:type\" content=\"image\/jpeg\" \/>\n<meta name=\"author\" content=\"redazione\" \/>\n<meta name=\"twitter:card\" content=\"summary_large_image\" \/>\n<meta name=\"twitter:creator\" content=\"@bellunopress\" \/>\n<meta name=\"twitter:site\" content=\"@bellunopress\" \/>\n<meta name=\"twitter:label1\" content=\"Written by\" \/>\n\t<meta name=\"twitter:data1\" content=\"redazione\" \/>\n\t<meta name=\"twitter:label2\" content=\"Est. reading time\" \/>\n\t<meta name=\"twitter:data2\" content=\"3 minutes\" \/>\n<script type=\"application\/ld+json\" class=\"yoast-schema-graph\">{\"@context\":\"https:\\\/\\\/schema.org\",\"@graph\":[{\"@type\":\"Article\",\"@id\":\"https:\\\/\\\/www.bellunopress.it\\\/2024\\\/09\\\/19\\\/li-soprani-der-monno-vecchioe-nuovo\\\/#article\",\"isPartOf\":{\"@id\":\"https:\\\/\\\/www.bellunopress.it\\\/2024\\\/09\\\/19\\\/li-soprani-der-monno-vecchioe-nuovo\\\/\"},\"author\":{\"name\":\"redazione\",\"@id\":\"https:\\\/\\\/www.bellunopress.it\\\/#\\\/schema\\\/person\\\/79bb06722b37ece1c03d3e94beb30d73\"},\"headline\":\"Li soprani der monno vecchio\u2026e nuovo\",\"datePublished\":\"2024-09-19T08:00:02+00:00\",\"mainEntityOfPage\":{\"@id\":\"https:\\\/\\\/www.bellunopress.it\\\/2024\\\/09\\\/19\\\/li-soprani-der-monno-vecchioe-nuovo\\\/\"},\"wordCount\":549,\"publisher\":{\"@id\":\"https:\\\/\\\/www.bellunopress.it\\\/#organization\"},\"image\":{\"@id\":\"https:\\\/\\\/www.bellunopress.it\\\/2024\\\/09\\\/19\\\/li-soprani-der-monno-vecchioe-nuovo\\\/#primaryimage\"},\"thumbnailUrl\":\"https:\\\/\\\/www.bellunopress.it\\\/wp-content\\\/uploads\\\/2024\\\/05\\\/delitti-e-castighi-di-Filiberto-Dal-Molin-copertina_edited.jpg\",\"articleSection\":[\"Controcorrente Dr Filiberto Dal Molin\"],\"inLanguage\":\"fr-FR\"},{\"@type\":\"WebPage\",\"@id\":\"https:\\\/\\\/www.bellunopress.it\\\/2024\\\/09\\\/19\\\/li-soprani-der-monno-vecchioe-nuovo\\\/\",\"url\":\"https:\\\/\\\/www.bellunopress.it\\\/2024\\\/09\\\/19\\\/li-soprani-der-monno-vecchioe-nuovo\\\/\",\"name\":\"Li soprani der monno vecchio\u2026e nuovo - Bellunopress - Dolomiti\",\"isPartOf\":{\"@id\":\"https:\\\/\\\/www.bellunopress.it\\\/#website\"},\"primaryImageOfPage\":{\"@id\":\"https:\\\/\\\/www.bellunopress.it\\\/2024\\\/09\\\/19\\\/li-soprani-der-monno-vecchioe-nuovo\\\/#primaryimage\"},\"image\":{\"@id\":\"https:\\\/\\\/www.bellunopress.it\\\/2024\\\/09\\\/19\\\/li-soprani-der-monno-vecchioe-nuovo\\\/#primaryimage\"},\"thumbnailUrl\":\"https:\\\/\\\/www.bellunopress.it\\\/wp-content\\\/uploads\\\/2024\\\/05\\\/delitti-e-castighi-di-Filiberto-Dal-Molin-copertina_edited.jpg\",\"datePublished\":\"2024-09-19T08:00:02+00:00\",\"breadcrumb\":{\"@id\":\"https:\\\/\\\/www.bellunopress.it\\\/2024\\\/09\\\/19\\\/li-soprani-der-monno-vecchioe-nuovo\\\/#breadcrumb\"},\"inLanguage\":\"fr-FR\",\"potentialAction\":[{\"@type\":\"ReadAction\",\"target\":[\"https:\\\/\\\/www.bellunopress.it\\\/2024\\\/09\\\/19\\\/li-soprani-der-monno-vecchioe-nuovo\\\/\"]}]},{\"@type\":\"ImageObject\",\"inLanguage\":\"fr-FR\",\"@id\":\"https:\\\/\\\/www.bellunopress.it\\\/2024\\\/09\\\/19\\\/li-soprani-der-monno-vecchioe-nuovo\\\/#primaryimage\",\"url\":\"https:\\\/\\\/www.bellunopress.it\\\/wp-content\\\/uploads\\\/2024\\\/05\\\/delitti-e-castighi-di-Filiberto-Dal-Molin-copertina_edited.jpg\",\"contentUrl\":\"https:\\\/\\\/www.bellunopress.it\\\/wp-content\\\/uploads\\\/2024\\\/05\\\/delitti-e-castighi-di-Filiberto-Dal-Molin-copertina_edited.jpg\",\"width\":709,\"height\":1000},{\"@type\":\"BreadcrumbList\",\"@id\":\"https:\\\/\\\/www.bellunopress.it\\\/2024\\\/09\\\/19\\\/li-soprani-der-monno-vecchioe-nuovo\\\/#breadcrumb\",\"itemListElement\":[{\"@type\":\"ListItem\",\"position\":1,\"name\":\"Home\",\"item\":\"https:\\\/\\\/www.bellunopress.it\\\/\"},{\"@type\":\"ListItem\",\"position\":2,\"name\":\"Li soprani der monno vecchio\u2026e nuovo\"}]},{\"@type\":\"WebSite\",\"@id\":\"https:\\\/\\\/www.bellunopress.it\\\/#website\",\"url\":\"https:\\\/\\\/www.bellunopress.it\\\/\",\"name\":\"Bellunopress - Dolomiti\",\"description\":\"e-mail: redazione@bellunopress.it\",\"publisher\":{\"@id\":\"https:\\\/\\\/www.bellunopress.it\\\/#organization\"},\"potentialAction\":[{\"@type\":\"SearchAction\",\"target\":{\"@type\":\"EntryPoint\",\"urlTemplate\":\"https:\\\/\\\/www.bellunopress.it\\\/?s={search_term_string}\"},\"query-input\":{\"@type\":\"PropertyValueSpecification\",\"valueRequired\":true,\"valueName\":\"search_term_string\"}}],\"inLanguage\":\"fr-FR\"},{\"@type\":\"Organization\",\"@id\":\"https:\\\/\\\/www.bellunopress.it\\\/#organization\",\"name\":\"Bellunopress\",\"url\":\"https:\\\/\\\/www.bellunopress.it\\\/\",\"logo\":{\"@type\":\"ImageObject\",\"inLanguage\":\"fr-FR\",\"@id\":\"https:\\\/\\\/www.bellunopress.it\\\/#\\\/schema\\\/logo\\\/image\\\/\",\"url\":\"https:\\\/\\\/www.bellunopress.it\\\/wp-content\\\/uploads\\\/2011\\\/05\\\/cropped-logo-bellunopress-.jpg\",\"contentUrl\":\"https:\\\/\\\/www.bellunopress.it\\\/wp-content\\\/uploads\\\/2011\\\/05\\\/cropped-logo-bellunopress-.jpg\",\"width\":512,\"height\":512,\"caption\":\"Bellunopress\"},\"image\":{\"@id\":\"https:\\\/\\\/www.bellunopress.it\\\/#\\\/schema\\\/logo\\\/image\\\/\"},\"sameAs\":[\"https:\\\/\\\/www.facebook.com\\\/profile.php?id=100008943462799\",\"https:\\\/\\\/x.com\\\/bellunopress\",\"https:\\\/\\\/www.linkedin.com\\\/hp\\\/?dnr=JBzUWaJfMUw8vbXJJ2tVW5-I3jZKvC4wsoxE&amp;amp;amp;amp;amp;amp;trk=nav_responsive_tab_home\",\"https:\\\/\\\/www.youtube.com\\\/channel\\\/UCxL0wu1uN0_3_7hGG0306cw\"]},{\"@type\":\"Person\",\"@id\":\"https:\\\/\\\/www.bellunopress.it\\\/#\\\/schema\\\/person\\\/79bb06722b37ece1c03d3e94beb30d73\",\"name\":\"redazione\",\"image\":{\"@type\":\"ImageObject\",\"inLanguage\":\"fr-FR\",\"@id\":\"https:\\\/\\\/secure.gravatar.com\\\/avatar\\\/37d968a2e67a6fd04c169c4bdef102d0bc5d31b2546345219e348575eb80e9a0?s=96&d=mm&r=g\",\"url\":\"https:\\\/\\\/secure.gravatar.com\\\/avatar\\\/37d968a2e67a6fd04c169c4bdef102d0bc5d31b2546345219e348575eb80e9a0?s=96&d=mm&r=g\",\"contentUrl\":\"https:\\\/\\\/secure.gravatar.com\\\/avatar\\\/37d968a2e67a6fd04c169c4bdef102d0bc5d31b2546345219e348575eb80e9a0?s=96&d=mm&r=g\",\"caption\":\"redazione\"},\"sameAs\":[\"http:\\\/\\\/www.bellunopress.it\",\"https:\\\/\\\/x.com\\\/bellunopress\"],\"url\":\"https:\\\/\\\/www.bellunopress.it\\\/fr\\\/author\\\/redazione\\\/\"}]}<\/script>\n<!-- \/ Yoast SEO plugin. -->","yoast_head_json":{"title":"Li soprani der monno vecchio\u2026e nuovo - Bellunopress - Dolomiti","robots":{"index":"index","follow":"follow","max-snippet":"max-snippet:-1","max-image-preview":"max-image-preview:large","max-video-preview":"max-video-preview:-1"},"canonical":"https:\/\/www.bellunopress.it\/fr\/2024\/09\/19\/li-soprani-der-monno-vecchioe-nuovo\/","og_locale":"fr_FR","og_type":"article","og_title":"Li soprani der monno vecchio\u2026e nuovo - Bellunopress - Dolomiti","og_description":"Lettera al mio amico Caro amico ti scrivo, perch\u00e9 dopo tante parole servono anche alcune righe scritte. Ci conosciamo da sempre, nelle nostre vite parallele, ma abbiamo avuto letture e frequentazioni diverse. Per riuscire a capire il mondo di oggi \u00e8 sicuramente utile conoscere anche le storie \u201cder monno vecchio\u201d. E serve anche Giuseppe Gioacchino [&hellip;]","og_url":"https:\/\/www.bellunopress.it\/fr\/2024\/09\/19\/li-soprani-der-monno-vecchioe-nuovo\/","og_site_name":"Bellunopress - Dolomiti","article_publisher":"https:\/\/www.facebook.com\/profile.php?id=100008943462799","article_published_time":"2024-09-19T08:00:02+00:00","og_image":[{"width":709,"height":1000,"url":"https:\/\/www.bellunopress.it\/wp-content\/uploads\/2024\/05\/delitti-e-castighi-di-Filiberto-Dal-Molin-copertina_edited.jpg","type":"image\/jpeg"}],"author":"redazione","twitter_card":"summary_large_image","twitter_creator":"@bellunopress","twitter_site":"@bellunopress","twitter_misc":{"Written by":"redazione","Est. reading time":"3 minutes"},"schema":{"@context":"https:\/\/schema.org","@graph":[{"@type":"Article","@id":"https:\/\/www.bellunopress.it\/2024\/09\/19\/li-soprani-der-monno-vecchioe-nuovo\/#article","isPartOf":{"@id":"https:\/\/www.bellunopress.it\/2024\/09\/19\/li-soprani-der-monno-vecchioe-nuovo\/"},"author":{"name":"redazione","@id":"https:\/\/www.bellunopress.it\/#\/schema\/person\/79bb06722b37ece1c03d3e94beb30d73"},"headline":"Li soprani der monno vecchio\u2026e nuovo","datePublished":"2024-09-19T08:00:02+00:00","mainEntityOfPage":{"@id":"https:\/\/www.bellunopress.it\/2024\/09\/19\/li-soprani-der-monno-vecchioe-nuovo\/"},"wordCount":549,"publisher":{"@id":"https:\/\/www.bellunopress.it\/#organization"},"image":{"@id":"https:\/\/www.bellunopress.it\/2024\/09\/19\/li-soprani-der-monno-vecchioe-nuovo\/#primaryimage"},"thumbnailUrl":"https:\/\/www.bellunopress.it\/wp-content\/uploads\/2024\/05\/delitti-e-castighi-di-Filiberto-Dal-Molin-copertina_edited.jpg","articleSection":["Controcorrente Dr Filiberto Dal Molin"],"inLanguage":"fr-FR"},{"@type":"WebPage","@id":"https:\/\/www.bellunopress.it\/2024\/09\/19\/li-soprani-der-monno-vecchioe-nuovo\/","url":"https:\/\/www.bellunopress.it\/2024\/09\/19\/li-soprani-der-monno-vecchioe-nuovo\/","name":"Li soprani der monno vecchio\u2026e nuovo - Bellunopress - Dolomiti","isPartOf":{"@id":"https:\/\/www.bellunopress.it\/#website"},"primaryImageOfPage":{"@id":"https:\/\/www.bellunopress.it\/2024\/09\/19\/li-soprani-der-monno-vecchioe-nuovo\/#primaryimage"},"image":{"@id":"https:\/\/www.bellunopress.it\/2024\/09\/19\/li-soprani-der-monno-vecchioe-nuovo\/#primaryimage"},"thumbnailUrl":"https:\/\/www.bellunopress.it\/wp-content\/uploads\/2024\/05\/delitti-e-castighi-di-Filiberto-Dal-Molin-copertina_edited.jpg","datePublished":"2024-09-19T08:00:02+00:00","breadcrumb":{"@id":"https:\/\/www.bellunopress.it\/2024\/09\/19\/li-soprani-der-monno-vecchioe-nuovo\/#breadcrumb"},"inLanguage":"fr-FR","potentialAction":[{"@type":"ReadAction","target":["https:\/\/www.bellunopress.it\/2024\/09\/19\/li-soprani-der-monno-vecchioe-nuovo\/"]}]},{"@type":"ImageObject","inLanguage":"fr-FR","@id":"https:\/\/www.bellunopress.it\/2024\/09\/19\/li-soprani-der-monno-vecchioe-nuovo\/#primaryimage","url":"https:\/\/www.bellunopress.it\/wp-content\/uploads\/2024\/05\/delitti-e-castighi-di-Filiberto-Dal-Molin-copertina_edited.jpg","contentUrl":"https:\/\/www.bellunopress.it\/wp-content\/uploads\/2024\/05\/delitti-e-castighi-di-Filiberto-Dal-Molin-copertina_edited.jpg","width":709,"height":1000},{"@type":"BreadcrumbList","@id":"https:\/\/www.bellunopress.it\/2024\/09\/19\/li-soprani-der-monno-vecchioe-nuovo\/#breadcrumb","itemListElement":[{"@type":"ListItem","position":1,"name":"Home","item":"https:\/\/www.bellunopress.it\/"},{"@type":"ListItem","position":2,"name":"Li soprani der monno vecchio\u2026e nuovo"}]},{"@type":"WebSite","@id":"https:\/\/www.bellunopress.it\/#website","url":"https:\/\/www.bellunopress.it\/","name":"Bellunopress - Dolomiti","description":"e-mail: redazione@bellunopress.it","publisher":{"@id":"https:\/\/www.bellunopress.it\/#organization"},"potentialAction":[{"@type":"SearchAction","target":{"@type":"EntryPoint","urlTemplate":"https:\/\/www.bellunopress.it\/?s={search_term_string}"},"query-input":{"@type":"PropertyValueSpecification","valueRequired":true,"valueName":"search_term_string"}}],"inLanguage":"fr-FR"},{"@type":"Organization","@id":"https:\/\/www.bellunopress.it\/#organization","name":"Bellunopress","url":"https:\/\/www.bellunopress.it\/","logo":{"@type":"ImageObject","inLanguage":"fr-FR","@id":"https:\/\/www.bellunopress.it\/#\/schema\/logo\/image\/","url":"https:\/\/www.bellunopress.it\/wp-content\/uploads\/2011\/05\/cropped-logo-bellunopress-.jpg","contentUrl":"https:\/\/www.bellunopress.it\/wp-content\/uploads\/2011\/05\/cropped-logo-bellunopress-.jpg","width":512,"height":512,"caption":"Bellunopress"},"image":{"@id":"https:\/\/www.bellunopress.it\/#\/schema\/logo\/image\/"},"sameAs":["https:\/\/www.facebook.com\/profile.php?id=100008943462799","https:\/\/x.com\/bellunopress","https:\/\/www.linkedin.com\/hp\/?dnr=JBzUWaJfMUw8vbXJJ2tVW5-I3jZKvC4wsoxE&amp;amp;amp;amp;amp;amp;trk=nav_responsive_tab_home","https:\/\/www.youtube.com\/channel\/UCxL0wu1uN0_3_7hGG0306cw"]},{"@type":"Person","@id":"https:\/\/www.bellunopress.it\/#\/schema\/person\/79bb06722b37ece1c03d3e94beb30d73","name":"r\u00e9daction","image":{"@type":"ImageObject","inLanguage":"fr-FR","@id":"https:\/\/secure.gravatar.com\/avatar\/37d968a2e67a6fd04c169c4bdef102d0bc5d31b2546345219e348575eb80e9a0?s=96&d=mm&r=g","url":"https:\/\/secure.gravatar.com\/avatar\/37d968a2e67a6fd04c169c4bdef102d0bc5d31b2546345219e348575eb80e9a0?s=96&d=mm&r=g","contentUrl":"https:\/\/secure.gravatar.com\/avatar\/37d968a2e67a6fd04c169c4bdef102d0bc5d31b2546345219e348575eb80e9a0?s=96&d=mm&r=g","caption":"redazione"},"sameAs":["http:\/\/www.bellunopress.it","https:\/\/x.com\/bellunopress"],"url":"https:\/\/www.bellunopress.it\/fr\/author\/redazione\/"}]}},"_links":{"self":[{"href":"https:\/\/www.bellunopress.it\/fr\/wp-json\/wp\/v2\/posts\/154129","targetHints":{"allow":["GET"]}}],"collection":[{"href":"https:\/\/www.bellunopress.it\/fr\/wp-json\/wp\/v2\/posts"}],"about":[{"href":"https:\/\/www.bellunopress.it\/fr\/wp-json\/wp\/v2\/types\/post"}],"author":[{"embeddable":true,"href":"https:\/\/www.bellunopress.it\/fr\/wp-json\/wp\/v2\/users\/2"}],"replies":[{"embeddable":true,"href":"https:\/\/www.bellunopress.it\/fr\/wp-json\/wp\/v2\/comments?post=154129"}],"version-history":[{"count":3,"href":"https:\/\/www.bellunopress.it\/fr\/wp-json\/wp\/v2\/posts\/154129\/revisions"}],"predecessor-version":[{"id":154138,"href":"https:\/\/www.bellunopress.it\/fr\/wp-json\/wp\/v2\/posts\/154129\/revisions\/154138"}],"wp:featuredmedia":[{"embeddable":true,"href":"https:\/\/www.bellunopress.it\/fr\/wp-json\/wp\/v2\/media\/151164"}],"wp:attachment":[{"href":"https:\/\/www.bellunopress.it\/fr\/wp-json\/wp\/v2\/media?parent=154129"}],"wp:term":[{"taxonomy":"category","embeddable":true,"href":"https:\/\/www.bellunopress.it\/fr\/wp-json\/wp\/v2\/categories?post=154129"},{"taxonomy":"post_tag","embeddable":true,"href":"https:\/\/www.bellunopress.it\/fr\/wp-json\/wp\/v2\/tags?post=154129"}],"curies":[{"name":"wp","href":"https:\/\/api.w.org\/{rel}","templated":true}]}}