{"id":154124,"date":"2024-09-18T19:56:04","date_gmt":"2024-09-18T17:56:04","guid":{"rendered":"https:\/\/www.bellunopress.it\/?p=154124"},"modified":"2024-09-18T19:56:04","modified_gmt":"2024-09-18T17:56:04","slug":"visita-del-sottosegretario-prisco-e-del-capo-del-corpo-nazionale-dei-vigili-del-fuoco-al-comando-di-belluno","status":"publish","type":"post","link":"https:\/\/www.bellunopress.it\/fr\/2024\/09\/18\/visita-del-sottosegretario-prisco-e-del-capo-del-corpo-nazionale-dei-vigili-del-fuoco-al-comando-di-belluno\/","title":{"rendered":"Visita del sottosegretario Prisco e del capo del Corpo nazionale dei vigili del fuoco al comando di Belluno"},"content":{"rendered":"<figure id=\"attachment_154125\" aria-describedby=\"caption-attachment-154125\" style=\"width: 1000px\" class=\"wp-caption aligncenter\"><img loading=\"lazy\" decoding=\"async\" class=\"size-full wp-image-154125\" src=\"https:\/\/www.bellunopress.it\/wp-content\/uploads\/2024\/09\/visita-sottosegretario-ai-vigili-del-fuoco_edited.jpg\" alt=\"\" width=\"1000\" height=\"710\" srcset=\"https:\/\/www.bellunopress.it\/wp-content\/uploads\/2024\/09\/visita-sottosegretario-ai-vigili-del-fuoco_edited.jpg 1000w, https:\/\/www.bellunopress.it\/wp-content\/uploads\/2024\/09\/visita-sottosegretario-ai-vigili-del-fuoco_edited-500x355.jpg 500w, https:\/\/www.bellunopress.it\/wp-content\/uploads\/2024\/09\/visita-sottosegretario-ai-vigili-del-fuoco_edited-592x420.jpg 592w, https:\/\/www.bellunopress.it\/wp-content\/uploads\/2024\/09\/visita-sottosegretario-ai-vigili-del-fuoco_edited-696x494.jpg 696w\" sizes=\"auto, (max-width: 1000px) 100vw, 1000px\" \/><figcaption id=\"caption-attachment-154125\" class=\"wp-caption-text\">Visita del sottosegretario Emanuele Prisco, accompagnato dal capo del Corpo Nazionale dei Vigili del Fuoco, Carlo Dall\u2019Oppio al comando di Belluno<\/figcaption><\/figure>\n<p>Belluno, 18 settembre 2024 &#8211; Il sottosegretario Emanuele Prisco, accompagnato dal capo del Corpo Nazionale dei Vigili del Fuoco, Carlo Dall\u2019Oppio, ha fatto visita nel pomeriggio oggi al comando dei Vigili del fuoco di Belluno.<\/p>\n<p>Ad accoglierli il direttore interregionale dei Vigili del fuoco del Veneto e Trentino Alto Adige Loris Munaro insieme al comandante di Belluno Matteo Carretto, al vice presidente della provincia di Belluno Silvia Calligaro.<\/p>\n<p>Dopo la visita alla sede centrale, l\u2019incontro con il personale e le organizzazioni sindacali. Il comandante Matteo Carretto ha illustrato brevemente le peculiarit\u00e0 del comando. Il direttore interregionale Loris Munaro ha ricordato del lavoro gi\u00e0 in atto per essere pronti e operativi per le prossime olimpiadi invernali.<\/p>\n<p>Il capo del Corpo Carlo Dall\u2019Oppio ha ricordato all\u2019inizio del suo intervento il capo reparto Antonio Ciccorelli, di 59 anni, morto la notte scorsa lungo la Statale 89 tra San Severo e Apricena, dopo che il mezzo su cui prestava servizio con un collega \u00e8 stato travolto dalle acque di un torrente esondato. Ha inoltre ricordato come il Corpo sta lavorando anche per il turnover del personale operativo, che dal prossimo anno dovrebbe segnare un saldo positivo tra i nuovi ingressi rispetto al personale che va in quiescenza.<\/p>\n<p>Il sottosegretario Prisco ha ascoltato le istanze delle organizzazioni sindacali. Ha espresso il plauso per l\u2019organizzazione e la sede del comando di Belluno che \u00e8 un modello da esportare. Ha inoltre ricordato tutte le iniziative del governo per il miglioramento dell\u2019organizzazione del Corpo. Ricordando il grande rinnovamento del parco automezzi di soccorso gi\u00e0 in atto e l\u2019ammodernamento di tutte le sedi di servizio.<\/p>","protected":false},"excerpt":{"rendered":"<p>Belluno, 18 settembre 2024 &#8211; Il sottosegretario Emanuele Prisco, accompagnato dal capo del Corpo Nazionale dei Vigili del Fuoco, Carlo Dall\u2019Oppio, ha fatto visita nel pomeriggio oggi al comando dei Vigili del fuoco di Belluno. Ad accoglierli il direttore interregionale dei Vigili del fuoco del Veneto e Trentino Alto Adige Loris Munaro insieme al comandante [&hellip;]<\/p>\n","protected":false},"author":2,"featured_media":154125,"comment_status":"closed","ping_status":"open","sticky":false,"template":"","format":"standard","meta":{"footnotes":""},"categories":[26,8],"tags":[],"class_list":["post-154124","post","type-post","status-publish","format-standard","has-post-thumbnail","category-prima-pagina","category-societa-istituzioni"],"yoast_head":"<!-- This site is optimized with the Yoast SEO plugin v28.4 - https:\/\/yoast.com\/product\/yoast-seo-wordpress\/ -->\n<title>Visita del sottosegretario Prisco e del capo del Corpo nazionale dei vigili del fuoco al comando di Belluno - Bellunopress - Dolomiti<\/title>\n<meta name=\"robots\" content=\"index, follow, max-snippet:-1, max-image-preview:large, max-video-preview:-1\" \/>\n<link rel=\"canonical\" href=\"https:\/\/www.bellunopress.it\/fr\/2024\/09\/18\/visita-del-sottosegretario-prisco-e-del-capo-del-corpo-nazionale-dei-vigili-del-fuoco-al-comando-di-belluno\/\" \/>\n<meta property=\"og:locale\" content=\"fr_FR\" \/>\n<meta property=\"og:type\" content=\"article\" \/>\n<meta property=\"og:title\" content=\"Visita del sottosegretario Prisco e del capo del Corpo nazionale dei vigili del fuoco al comando di Belluno - Bellunopress - Dolomiti\" \/>\n<meta property=\"og:description\" content=\"Belluno, 18 settembre 2024 &#8211; Il sottosegretario Emanuele Prisco, accompagnato dal capo del Corpo Nazionale dei Vigili del Fuoco, Carlo Dall\u2019Oppio, ha fatto visita nel pomeriggio oggi al comando dei Vigili del fuoco di Belluno. Ad accoglierli il direttore interregionale dei Vigili del fuoco del Veneto e Trentino Alto Adige Loris Munaro insieme al comandante [&hellip;]\" \/>\n<meta property=\"og:url\" content=\"https:\/\/www.bellunopress.it\/fr\/2024\/09\/18\/visita-del-sottosegretario-prisco-e-del-capo-del-corpo-nazionale-dei-vigili-del-fuoco-al-comando-di-belluno\/\" \/>\n<meta property=\"og:site_name\" content=\"Bellunopress - Dolomiti\" \/>\n<meta property=\"article:publisher\" content=\"https:\/\/www.facebook.com\/profile.php?id=100008943462799\" \/>\n<meta property=\"article:published_time\" content=\"2024-09-18T17:56:04+00:00\" \/>\n<meta property=\"og:image\" content=\"https:\/\/www.bellunopress.it\/wp-content\/uploads\/2024\/09\/visita-sottosegretario-ai-vigili-del-fuoco_edited.jpg\" \/>\n\t<meta property=\"og:image:width\" content=\"1000\" \/>\n\t<meta property=\"og:image:height\" content=\"710\" \/>\n\t<meta property=\"og:image:type\" content=\"image\/jpeg\" \/>\n<meta name=\"author\" content=\"redazione\" \/>\n<meta name=\"twitter:card\" content=\"summary_large_image\" \/>\n<meta name=\"twitter:creator\" content=\"@bellunopress\" \/>\n<meta name=\"twitter:site\" content=\"@bellunopress\" \/>\n<meta name=\"twitter:label1\" content=\"\u00c9crit par\" \/>\n\t<meta name=\"twitter:data1\" content=\"redazione\" \/>\n\t<meta name=\"twitter:label2\" content=\"Dur\u00e9e de lecture estim\u00e9e\" \/>\n\t<meta name=\"twitter:data2\" content=\"1 minute\" \/>\n<script type=\"application\/ld+json\" class=\"yoast-schema-graph\">{\"@context\":\"https:\\\/\\\/schema.org\",\"@graph\":[{\"@type\":\"Article\",\"@id\":\"https:\\\/\\\/www.bellunopress.it\\\/2024\\\/09\\\/18\\\/visita-del-sottosegretario-prisco-e-del-capo-del-corpo-nazionale-dei-vigili-del-fuoco-al-comando-di-belluno\\\/#article\",\"isPartOf\":{\"@id\":\"https:\\\/\\\/www.bellunopress.it\\\/2024\\\/09\\\/18\\\/visita-del-sottosegretario-prisco-e-del-capo-del-corpo-nazionale-dei-vigili-del-fuoco-al-comando-di-belluno\\\/\"},\"author\":{\"name\":\"redazione\",\"@id\":\"https:\\\/\\\/www.bellunopress.it\\\/#\\\/schema\\\/person\\\/79bb06722b37ece1c03d3e94beb30d73\"},\"headline\":\"Visita del sottosegretario Prisco e del capo del Corpo nazionale dei vigili del fuoco al comando di Belluno\",\"datePublished\":\"2024-09-18T17:56:04+00:00\",\"mainEntityOfPage\":{\"@id\":\"https:\\\/\\\/www.bellunopress.it\\\/2024\\\/09\\\/18\\\/visita-del-sottosegretario-prisco-e-del-capo-del-corpo-nazionale-dei-vigili-del-fuoco-al-comando-di-belluno\\\/\"},\"wordCount\":314,\"publisher\":{\"@id\":\"https:\\\/\\\/www.bellunopress.it\\\/#organization\"},\"image\":{\"@id\":\"https:\\\/\\\/www.bellunopress.it\\\/2024\\\/09\\\/18\\\/visita-del-sottosegretario-prisco-e-del-capo-del-corpo-nazionale-dei-vigili-del-fuoco-al-comando-di-belluno\\\/#primaryimage\"},\"thumbnailUrl\":\"https:\\\/\\\/www.bellunopress.it\\\/wp-content\\\/uploads\\\/2024\\\/09\\\/visita-sottosegretario-ai-vigili-del-fuoco_edited.jpg\",\"articleSection\":[\"Prima Pagina\",\"Societ\u00e0, Associazioni, Istituzioni\"],\"inLanguage\":\"fr-FR\"},{\"@type\":\"WebPage\",\"@id\":\"https:\\\/\\\/www.bellunopress.it\\\/2024\\\/09\\\/18\\\/visita-del-sottosegretario-prisco-e-del-capo-del-corpo-nazionale-dei-vigili-del-fuoco-al-comando-di-belluno\\\/\",\"url\":\"https:\\\/\\\/www.bellunopress.it\\\/2024\\\/09\\\/18\\\/visita-del-sottosegretario-prisco-e-del-capo-del-corpo-nazionale-dei-vigili-del-fuoco-al-comando-di-belluno\\\/\",\"name\":\"Visita del sottosegretario Prisco e del capo del Corpo nazionale dei vigili del fuoco al comando di Belluno - Bellunopress - Dolomiti\",\"isPartOf\":{\"@id\":\"https:\\\/\\\/www.bellunopress.it\\\/#website\"},\"primaryImageOfPage\":{\"@id\":\"https:\\\/\\\/www.bellunopress.it\\\/2024\\\/09\\\/18\\\/visita-del-sottosegretario-prisco-e-del-capo-del-corpo-nazionale-dei-vigili-del-fuoco-al-comando-di-belluno\\\/#primaryimage\"},\"image\":{\"@id\":\"https:\\\/\\\/www.bellunopress.it\\\/2024\\\/09\\\/18\\\/visita-del-sottosegretario-prisco-e-del-capo-del-corpo-nazionale-dei-vigili-del-fuoco-al-comando-di-belluno\\\/#primaryimage\"},\"thumbnailUrl\":\"https:\\\/\\\/www.bellunopress.it\\\/wp-content\\\/uploads\\\/2024\\\/09\\\/visita-sottosegretario-ai-vigili-del-fuoco_edited.jpg\",\"datePublished\":\"2024-09-18T17:56:04+00:00\",\"breadcrumb\":{\"@id\":\"https:\\\/\\\/www.bellunopress.it\\\/2024\\\/09\\\/18\\\/visita-del-sottosegretario-prisco-e-del-capo-del-corpo-nazionale-dei-vigili-del-fuoco-al-comando-di-belluno\\\/#breadcrumb\"},\"inLanguage\":\"fr-FR\",\"potentialAction\":[{\"@type\":\"ReadAction\",\"target\":[\"https:\\\/\\\/www.bellunopress.it\\\/2024\\\/09\\\/18\\\/visita-del-sottosegretario-prisco-e-del-capo-del-corpo-nazionale-dei-vigili-del-fuoco-al-comando-di-belluno\\\/\"]}]},{\"@type\":\"ImageObject\",\"inLanguage\":\"fr-FR\",\"@id\":\"https:\\\/\\\/www.bellunopress.it\\\/2024\\\/09\\\/18\\\/visita-del-sottosegretario-prisco-e-del-capo-del-corpo-nazionale-dei-vigili-del-fuoco-al-comando-di-belluno\\\/#primaryimage\",\"url\":\"https:\\\/\\\/www.bellunopress.it\\\/wp-content\\\/uploads\\\/2024\\\/09\\\/visita-sottosegretario-ai-vigili-del-fuoco_edited.jpg\",\"contentUrl\":\"https:\\\/\\\/www.bellunopress.it\\\/wp-content\\\/uploads\\\/2024\\\/09\\\/visita-sottosegretario-ai-vigili-del-fuoco_edited.jpg\",\"width\":1000,\"height\":710,\"caption\":\"Visita del sottosegretario Emanuele Prisco, accompagnato dal capo del Corpo Nazionale dei Vigili del Fuoco, Carlo Dall\u2019Oppio al comando di Belluno\"},{\"@type\":\"BreadcrumbList\",\"@id\":\"https:\\\/\\\/www.bellunopress.it\\\/2024\\\/09\\\/18\\\/visita-del-sottosegretario-prisco-e-del-capo-del-corpo-nazionale-dei-vigili-del-fuoco-al-comando-di-belluno\\\/#breadcrumb\",\"itemListElement\":[{\"@type\":\"ListItem\",\"position\":1,\"name\":\"Home\",\"item\":\"https:\\\/\\\/www.bellunopress.it\\\/\"},{\"@type\":\"ListItem\",\"position\":2,\"name\":\"Visita del sottosegretario Prisco e del capo del Corpo nazionale dei vigili del fuoco al comando di Belluno\"}]},{\"@type\":\"WebSite\",\"@id\":\"https:\\\/\\\/www.bellunopress.it\\\/#website\",\"url\":\"https:\\\/\\\/www.bellunopress.it\\\/\",\"name\":\"Bellunopress - Dolomiti\",\"description\":\"e-mail: redazione@bellunopress.it\",\"publisher\":{\"@id\":\"https:\\\/\\\/www.bellunopress.it\\\/#organization\"},\"potentialAction\":[{\"@type\":\"SearchAction\",\"target\":{\"@type\":\"EntryPoint\",\"urlTemplate\":\"https:\\\/\\\/www.bellunopress.it\\\/?s={search_term_string}\"},\"query-input\":{\"@type\":\"PropertyValueSpecification\",\"valueRequired\":true,\"valueName\":\"search_term_string\"}}],\"inLanguage\":\"fr-FR\"},{\"@type\":\"Organization\",\"@id\":\"https:\\\/\\\/www.bellunopress.it\\\/#organization\",\"name\":\"Bellunopress\",\"url\":\"https:\\\/\\\/www.bellunopress.it\\\/\",\"logo\":{\"@type\":\"ImageObject\",\"inLanguage\":\"fr-FR\",\"@id\":\"https:\\\/\\\/www.bellunopress.it\\\/#\\\/schema\\\/logo\\\/image\\\/\",\"url\":\"https:\\\/\\\/www.bellunopress.it\\\/wp-content\\\/uploads\\\/2011\\\/05\\\/cropped-logo-bellunopress-.jpg\",\"contentUrl\":\"https:\\\/\\\/www.bellunopress.it\\\/wp-content\\\/uploads\\\/2011\\\/05\\\/cropped-logo-bellunopress-.jpg\",\"width\":512,\"height\":512,\"caption\":\"Bellunopress\"},\"image\":{\"@id\":\"https:\\\/\\\/www.bellunopress.it\\\/#\\\/schema\\\/logo\\\/image\\\/\"},\"sameAs\":[\"https:\\\/\\\/www.facebook.com\\\/profile.php?id=100008943462799\",\"https:\\\/\\\/x.com\\\/bellunopress\",\"https:\\\/\\\/www.linkedin.com\\\/hp\\\/?dnr=JBzUWaJfMUw8vbXJJ2tVW5-I3jZKvC4wsoxE&amp;amp;amp;amp;amp;amp;trk=nav_responsive_tab_home\",\"https:\\\/\\\/www.youtube.com\\\/channel\\\/UCxL0wu1uN0_3_7hGG0306cw\"]},{\"@type\":\"Person\",\"@id\":\"https:\\\/\\\/www.bellunopress.it\\\/#\\\/schema\\\/person\\\/79bb06722b37ece1c03d3e94beb30d73\",\"name\":\"redazione\",\"image\":{\"@type\":\"ImageObject\",\"inLanguage\":\"fr-FR\",\"@id\":\"https:\\\/\\\/secure.gravatar.com\\\/avatar\\\/37d968a2e67a6fd04c169c4bdef102d0bc5d31b2546345219e348575eb80e9a0?s=96&d=mm&r=g\",\"url\":\"https:\\\/\\\/secure.gravatar.com\\\/avatar\\\/37d968a2e67a6fd04c169c4bdef102d0bc5d31b2546345219e348575eb80e9a0?s=96&d=mm&r=g\",\"contentUrl\":\"https:\\\/\\\/secure.gravatar.com\\\/avatar\\\/37d968a2e67a6fd04c169c4bdef102d0bc5d31b2546345219e348575eb80e9a0?s=96&d=mm&r=g\",\"caption\":\"redazione\"},\"sameAs\":[\"http:\\\/\\\/www.bellunopress.it\",\"https:\\\/\\\/x.com\\\/bellunopress\"],\"url\":\"https:\\\/\\\/www.bellunopress.it\\\/fr\\\/author\\\/redazione\\\/\"}]}<\/script>\n<!-- \/ Yoast SEO plugin. -->","yoast_head_json":{"title":"Visita del sottosegretario Prisco e del capo del Corpo nazionale dei vigili del fuoco al comando di Belluno - Bellunopress - Dolomiti","robots":{"index":"index","follow":"follow","max-snippet":"max-snippet:-1","max-image-preview":"max-image-preview:large","max-video-preview":"max-video-preview:-1"},"canonical":"https:\/\/www.bellunopress.it\/fr\/2024\/09\/18\/visita-del-sottosegretario-prisco-e-del-capo-del-corpo-nazionale-dei-vigili-del-fuoco-al-comando-di-belluno\/","og_locale":"fr_FR","og_type":"article","og_title":"Visita del sottosegretario Prisco e del capo del Corpo nazionale dei vigili del fuoco al comando di Belluno - Bellunopress - Dolomiti","og_description":"Belluno, 18 settembre 2024 &#8211; Il sottosegretario Emanuele Prisco, accompagnato dal capo del Corpo Nazionale dei Vigili del Fuoco, Carlo Dall\u2019Oppio, ha fatto visita nel pomeriggio oggi al comando dei Vigili del fuoco di Belluno. Ad accoglierli il direttore interregionale dei Vigili del fuoco del Veneto e Trentino Alto Adige Loris Munaro insieme al comandante [&hellip;]","og_url":"https:\/\/www.bellunopress.it\/fr\/2024\/09\/18\/visita-del-sottosegretario-prisco-e-del-capo-del-corpo-nazionale-dei-vigili-del-fuoco-al-comando-di-belluno\/","og_site_name":"Bellunopress - Dolomiti","article_publisher":"https:\/\/www.facebook.com\/profile.php?id=100008943462799","article_published_time":"2024-09-18T17:56:04+00:00","og_image":[{"width":1000,"height":710,"url":"https:\/\/www.bellunopress.it\/wp-content\/uploads\/2024\/09\/visita-sottosegretario-ai-vigili-del-fuoco_edited.jpg","type":"image\/jpeg"}],"author":"redazione","twitter_card":"summary_large_image","twitter_creator":"@bellunopress","twitter_site":"@bellunopress","twitter_misc":{"\u00c9crit par":"redazione","Dur\u00e9e de lecture estim\u00e9e":"1 minute"},"schema":{"@context":"https:\/\/schema.org","@graph":[{"@type":"Article","@id":"https:\/\/www.bellunopress.it\/2024\/09\/18\/visita-del-sottosegretario-prisco-e-del-capo-del-corpo-nazionale-dei-vigili-del-fuoco-al-comando-di-belluno\/#article","isPartOf":{"@id":"https:\/\/www.bellunopress.it\/2024\/09\/18\/visita-del-sottosegretario-prisco-e-del-capo-del-corpo-nazionale-dei-vigili-del-fuoco-al-comando-di-belluno\/"},"author":{"name":"redazione","@id":"https:\/\/www.bellunopress.it\/#\/schema\/person\/79bb06722b37ece1c03d3e94beb30d73"},"headline":"Visita del sottosegretario Prisco e del capo del Corpo nazionale dei vigili del fuoco al comando di Belluno","datePublished":"2024-09-18T17:56:04+00:00","mainEntityOfPage":{"@id":"https:\/\/www.bellunopress.it\/2024\/09\/18\/visita-del-sottosegretario-prisco-e-del-capo-del-corpo-nazionale-dei-vigili-del-fuoco-al-comando-di-belluno\/"},"wordCount":314,"publisher":{"@id":"https:\/\/www.bellunopress.it\/#organization"},"image":{"@id":"https:\/\/www.bellunopress.it\/2024\/09\/18\/visita-del-sottosegretario-prisco-e-del-capo-del-corpo-nazionale-dei-vigili-del-fuoco-al-comando-di-belluno\/#primaryimage"},"thumbnailUrl":"https:\/\/www.bellunopress.it\/wp-content\/uploads\/2024\/09\/visita-sottosegretario-ai-vigili-del-fuoco_edited.jpg","articleSection":["Prima Pagina","Societ\u00e0, Associazioni, Istituzioni"],"inLanguage":"fr-FR"},{"@type":"WebPage","@id":"https:\/\/www.bellunopress.it\/2024\/09\/18\/visita-del-sottosegretario-prisco-e-del-capo-del-corpo-nazionale-dei-vigili-del-fuoco-al-comando-di-belluno\/","url":"https:\/\/www.bellunopress.it\/2024\/09\/18\/visita-del-sottosegretario-prisco-e-del-capo-del-corpo-nazionale-dei-vigili-del-fuoco-al-comando-di-belluno\/","name":"Visita del sottosegretario Prisco e del capo del Corpo nazionale dei vigili del fuoco al comando di Belluno - Bellunopress - Dolomiti","isPartOf":{"@id":"https:\/\/www.bellunopress.it\/#website"},"primaryImageOfPage":{"@id":"https:\/\/www.bellunopress.it\/2024\/09\/18\/visita-del-sottosegretario-prisco-e-del-capo-del-corpo-nazionale-dei-vigili-del-fuoco-al-comando-di-belluno\/#primaryimage"},"image":{"@id":"https:\/\/www.bellunopress.it\/2024\/09\/18\/visita-del-sottosegretario-prisco-e-del-capo-del-corpo-nazionale-dei-vigili-del-fuoco-al-comando-di-belluno\/#primaryimage"},"thumbnailUrl":"https:\/\/www.bellunopress.it\/wp-content\/uploads\/2024\/09\/visita-sottosegretario-ai-vigili-del-fuoco_edited.jpg","datePublished":"2024-09-18T17:56:04+00:00","breadcrumb":{"@id":"https:\/\/www.bellunopress.it\/2024\/09\/18\/visita-del-sottosegretario-prisco-e-del-capo-del-corpo-nazionale-dei-vigili-del-fuoco-al-comando-di-belluno\/#breadcrumb"},"inLanguage":"fr-FR","potentialAction":[{"@type":"ReadAction","target":["https:\/\/www.bellunopress.it\/2024\/09\/18\/visita-del-sottosegretario-prisco-e-del-capo-del-corpo-nazionale-dei-vigili-del-fuoco-al-comando-di-belluno\/"]}]},{"@type":"ImageObject","inLanguage":"fr-FR","@id":"https:\/\/www.bellunopress.it\/2024\/09\/18\/visita-del-sottosegretario-prisco-e-del-capo-del-corpo-nazionale-dei-vigili-del-fuoco-al-comando-di-belluno\/#primaryimage","url":"https:\/\/www.bellunopress.it\/wp-content\/uploads\/2024\/09\/visita-sottosegretario-ai-vigili-del-fuoco_edited.jpg","contentUrl":"https:\/\/www.bellunopress.it\/wp-content\/uploads\/2024\/09\/visita-sottosegretario-ai-vigili-del-fuoco_edited.jpg","width":1000,"height":710,"caption":"Visita del sottosegretario Emanuele Prisco, accompagnato dal capo del Corpo Nazionale dei Vigili del Fuoco, Carlo Dall\u2019Oppio al comando di Belluno"},{"@type":"BreadcrumbList","@id":"https:\/\/www.bellunopress.it\/2024\/09\/18\/visita-del-sottosegretario-prisco-e-del-capo-del-corpo-nazionale-dei-vigili-del-fuoco-al-comando-di-belluno\/#breadcrumb","itemListElement":[{"@type":"ListItem","position":1,"name":"Home","item":"https:\/\/www.bellunopress.it\/"},{"@type":"ListItem","position":2,"name":"Visita del sottosegretario Prisco e del capo del Corpo nazionale dei vigili del fuoco al comando di Belluno"}]},{"@type":"WebSite","@id":"https:\/\/www.bellunopress.it\/#website","url":"https:\/\/www.bellunopress.it\/","name":"Bellunopress - Dolomiti","description":"e-mail: redazione@bellunopress.it","publisher":{"@id":"https:\/\/www.bellunopress.it\/#organization"},"potentialAction":[{"@type":"SearchAction","target":{"@type":"EntryPoint","urlTemplate":"https:\/\/www.bellunopress.it\/?s={search_term_string}"},"query-input":{"@type":"PropertyValueSpecification","valueRequired":true,"valueName":"search_term_string"}}],"inLanguage":"fr-FR"},{"@type":"Organization","@id":"https:\/\/www.bellunopress.it\/#organization","name":"Bellunopress","url":"https:\/\/www.bellunopress.it\/","logo":{"@type":"ImageObject","inLanguage":"fr-FR","@id":"https:\/\/www.bellunopress.it\/#\/schema\/logo\/image\/","url":"https:\/\/www.bellunopress.it\/wp-content\/uploads\/2011\/05\/cropped-logo-bellunopress-.jpg","contentUrl":"https:\/\/www.bellunopress.it\/wp-content\/uploads\/2011\/05\/cropped-logo-bellunopress-.jpg","width":512,"height":512,"caption":"Bellunopress"},"image":{"@id":"https:\/\/www.bellunopress.it\/#\/schema\/logo\/image\/"},"sameAs":["https:\/\/www.facebook.com\/profile.php?id=100008943462799","https:\/\/x.com\/bellunopress","https:\/\/www.linkedin.com\/hp\/?dnr=JBzUWaJfMUw8vbXJJ2tVW5-I3jZKvC4wsoxE&amp;amp;amp;amp;amp;amp;trk=nav_responsive_tab_home","https:\/\/www.youtube.com\/channel\/UCxL0wu1uN0_3_7hGG0306cw"]},{"@type":"Person","@id":"https:\/\/www.bellunopress.it\/#\/schema\/person\/79bb06722b37ece1c03d3e94beb30d73","name":"r\u00e9daction","image":{"@type":"ImageObject","inLanguage":"fr-FR","@id":"https:\/\/secure.gravatar.com\/avatar\/37d968a2e67a6fd04c169c4bdef102d0bc5d31b2546345219e348575eb80e9a0?s=96&d=mm&r=g","url":"https:\/\/secure.gravatar.com\/avatar\/37d968a2e67a6fd04c169c4bdef102d0bc5d31b2546345219e348575eb80e9a0?s=96&d=mm&r=g","contentUrl":"https:\/\/secure.gravatar.com\/avatar\/37d968a2e67a6fd04c169c4bdef102d0bc5d31b2546345219e348575eb80e9a0?s=96&d=mm&r=g","caption":"redazione"},"sameAs":["http:\/\/www.bellunopress.it","https:\/\/x.com\/bellunopress"],"url":"https:\/\/www.bellunopress.it\/fr\/author\/redazione\/"}]}},"_links":{"self":[{"href":"https:\/\/www.bellunopress.it\/fr\/wp-json\/wp\/v2\/posts\/154124","targetHints":{"allow":["GET"]}}],"collection":[{"href":"https:\/\/www.bellunopress.it\/fr\/wp-json\/wp\/v2\/posts"}],"about":[{"href":"https:\/\/www.bellunopress.it\/fr\/wp-json\/wp\/v2\/types\/post"}],"author":[{"embeddable":true,"href":"https:\/\/www.bellunopress.it\/fr\/wp-json\/wp\/v2\/users\/2"}],"replies":[{"embeddable":true,"href":"https:\/\/www.bellunopress.it\/fr\/wp-json\/wp\/v2\/comments?post=154124"}],"version-history":[{"count":1,"href":"https:\/\/www.bellunopress.it\/fr\/wp-json\/wp\/v2\/posts\/154124\/revisions"}],"predecessor-version":[{"id":154126,"href":"https:\/\/www.bellunopress.it\/fr\/wp-json\/wp\/v2\/posts\/154124\/revisions\/154126"}],"wp:featuredmedia":[{"embeddable":true,"href":"https:\/\/www.bellunopress.it\/fr\/wp-json\/wp\/v2\/media\/154125"}],"wp:attachment":[{"href":"https:\/\/www.bellunopress.it\/fr\/wp-json\/wp\/v2\/media?parent=154124"}],"wp:term":[{"taxonomy":"category","embeddable":true,"href":"https:\/\/www.bellunopress.it\/fr\/wp-json\/wp\/v2\/categories?post=154124"},{"taxonomy":"post_tag","embeddable":true,"href":"https:\/\/www.bellunopress.it\/fr\/wp-json\/wp\/v2\/tags?post=154124"}],"curies":[{"name":"wp","href":"https:\/\/api.w.org\/{rel}","templated":true}]}}