{"id":154121,"date":"2024-09-18T13:52:41","date_gmt":"2024-09-18T11:52:41","guid":{"rendered":"https:\/\/www.bellunopress.it\/?p=154121"},"modified":"2024-09-18T13:52:41","modified_gmt":"2024-09-18T11:52:41","slug":"la-valle-di-goima-domenica-alle-15-con-il-fai-di-belluno","status":"publish","type":"post","link":"https:\/\/www.bellunopress.it\/fr\/2024\/09\/18\/la-valle-di-goima-domenica-alle-15-con-il-fai-di-belluno\/","title":{"rendered":"La Valle di Goima, domenica alle 15 con il Fai di Belluno"},"content":{"rendered":"<p><img loading=\"lazy\" decoding=\"async\" class=\"aligncenter size-full wp-image-154122\" src=\"https:\/\/www.bellunopress.it\/wp-content\/uploads\/2024\/09\/Goima_edited.jpg\" alt=\"\" width=\"750\" height=\"1000\" srcset=\"https:\/\/www.bellunopress.it\/wp-content\/uploads\/2024\/09\/Goima_edited.jpg 750w, https:\/\/www.bellunopress.it\/wp-content\/uploads\/2024\/09\/Goima_edited-375x500.jpg 375w, https:\/\/www.bellunopress.it\/wp-content\/uploads\/2024\/09\/Goima_edited-315x420.jpg 315w, https:\/\/www.bellunopress.it\/wp-content\/uploads\/2024\/09\/Goima_edited-696x928.jpg 696w\" sizes=\"auto, (max-width: 750px) 100vw, 750px\" \/>La Valle di Goima (BL) forse non \u00e8 la vallata pi\u00f9 blasonata e conosciuta delle Dolomiti, ma di certo ne \u00e8 una delle pi\u00f9 affascinanti.<br \/>\nPer questa ragione, la valle che si trova lungo la strada del Passo Duran, ai piedi dell\u2019anfiteatro della Moiazza (catena del Civetta), e per questo fuori dall\u2019asse principale dei grandi circuiti turistici, come quello della vicina Val Zoldana, verr\u00e0 rivelata ai partecipanti domenica 22 settembre, nel pomeriggio.<\/p>\n<p>In questo nuovo con appuntamento, fortemente voluto dalla delegazione FAI bellunese guidata da Adriano Barcelloni Corte, si andr\u00e0 alla scoperta con animatori ed esperti locali e all\u2019esplorazione dei piccoli borghi e degli antichi abitati, ricchi di rustici tabiai (i tradizionali fienili), di abitazioni in legno, di ampi pascoli e di quei piccoli scrigni di civilt\u00e0, cultura e arte che lo contraddistinguono, come la chiesa di San Tiziano con il suo spettacolare \u201caltare a portelle\u201d, o il suo Museo etnografico dei mestieri, usi e costumi della Valle di Goima, diretto alla conservazione del patrimonio storico-culturale della vallata: tutti elementi che rendono la localit\u00e0 davvero unica e speciale.<\/p>\n<p>\u201cGrazie agli infaticabili volontari della nostra delegazione e del Museo di Goima \u2013 dichiara il capodelegazione Barcelloni Corte \u2013 questi luoghi non mancheranno di emozionare, di far entrare i visitatori nello spirito del luogo o nel racconto delle attivit\u00e0 produttive tradizionali, come l\u2019agricoltura e la metallurgia, nell\u2019arte e nella storia, ma anche nei modi di vivere delle genti in quella nostra remota parte delle Dolomiti bellunesi\u201d.<br \/>\nL\u2019evento \u00e8 realizzato con la collaborazione del Museo di Goima e il patrocinio del Comune Val di Zoldo.<\/p>\n<p>La visita:<\/p>\n<p>Il ritrovo sar\u00e0 il 22 settembre alle 15 alle ex scuole elementari, via Molin, 1, Goima.<br \/>\nContributo per il FAI da 8 euro per gli iscritti e da 12 per i non iscritti FAI<br \/>\nPrenotazione obbligatoria al link sul sito del FAI Fondo Ambiente per l\u2019Italia<br \/>\n<a href=\"https:\/\/faiprenotazioni.fondoambiente.it\/evento\/viaggio-nel-tempo-in-val-di-goima-27039\/\">https:\/\/faiprenotazioni.fondoambiente.it\/evento\/viaggio-nel-tempo-in-val-di-goima-27039\/<\/a><\/p>\n<p>Per info: belluno@delegazionefai@fondoambiente.it<\/p>","protected":false},"excerpt":{"rendered":"<p>La Valle di Goima (BL) forse non \u00e8 la vallata pi\u00f9 blasonata e conosciuta delle Dolomiti, ma di certo ne \u00e8 una delle pi\u00f9 affascinanti. Per questa ragione, la valle che si trova lungo la strada del Passo Duran, ai piedi dell\u2019anfiteatro della Moiazza (catena del Civetta), e per questo fuori dall\u2019asse principale dei grandi [&hellip;]<\/p>\n","protected":false},"author":2,"featured_media":154122,"comment_status":"closed","ping_status":"open","sticky":false,"template":"","format":"standard","meta":{"footnotes":""},"categories":[25,4],"tags":[],"class_list":["post-154121","post","type-post","status-publish","format-standard","has-post-thumbnail","category-pausa-caffe","category-sport"],"yoast_head":"<!-- This site is optimized with the Yoast SEO plugin v28.4 - https:\/\/yoast.com\/product\/yoast-seo-wordpress\/ -->\n<title>La Valle di Goima, domenica alle 15 con il Fai di Belluno - Bellunopress - Dolomiti<\/title>\n<meta name=\"robots\" content=\"index, follow, max-snippet:-1, max-image-preview:large, max-video-preview:-1\" \/>\n<link rel=\"canonical\" href=\"https:\/\/www.bellunopress.it\/fr\/2024\/09\/18\/la-valle-di-goima-domenica-alle-15-con-il-fai-di-belluno\/\" \/>\n<meta property=\"og:locale\" content=\"fr_FR\" \/>\n<meta property=\"og:type\" content=\"article\" \/>\n<meta property=\"og:title\" content=\"La Valle di Goima, domenica alle 15 con il Fai di Belluno - Bellunopress - Dolomiti\" \/>\n<meta property=\"og:description\" content=\"La Valle di Goima (BL) forse non \u00e8 la vallata pi\u00f9 blasonata e conosciuta delle Dolomiti, ma di certo ne \u00e8 una delle pi\u00f9 affascinanti. Per questa ragione, la valle che si trova lungo la strada del Passo Duran, ai piedi dell\u2019anfiteatro della Moiazza (catena del Civetta), e per questo fuori dall\u2019asse principale dei grandi [&hellip;]\" \/>\n<meta property=\"og:url\" content=\"https:\/\/www.bellunopress.it\/fr\/2024\/09\/18\/la-valle-di-goima-domenica-alle-15-con-il-fai-di-belluno\/\" \/>\n<meta property=\"og:site_name\" content=\"Bellunopress - Dolomiti\" \/>\n<meta property=\"article:publisher\" content=\"https:\/\/www.facebook.com\/profile.php?id=100008943462799\" \/>\n<meta property=\"article:published_time\" content=\"2024-09-18T11:52:41+00:00\" \/>\n<meta property=\"og:image\" content=\"https:\/\/www.bellunopress.it\/wp-content\/uploads\/2024\/09\/Goima_edited.jpg\" \/>\n\t<meta property=\"og:image:width\" content=\"750\" \/>\n\t<meta property=\"og:image:height\" content=\"1000\" \/>\n\t<meta property=\"og:image:type\" content=\"image\/jpeg\" \/>\n<meta name=\"author\" content=\"redazione\" \/>\n<meta name=\"twitter:card\" content=\"summary_large_image\" \/>\n<meta name=\"twitter:creator\" content=\"@bellunopress\" \/>\n<meta name=\"twitter:site\" content=\"@bellunopress\" \/>\n<meta name=\"twitter:label1\" content=\"\u00c9crit par\" \/>\n\t<meta name=\"twitter:data1\" content=\"redazione\" \/>\n\t<meta name=\"twitter:label2\" content=\"Dur\u00e9e de lecture estim\u00e9e\" \/>\n\t<meta name=\"twitter:data2\" content=\"2 minutes\" \/>\n<script type=\"application\/ld+json\" class=\"yoast-schema-graph\">{\"@context\":\"https:\\\/\\\/schema.org\",\"@graph\":[{\"@type\":\"Article\",\"@id\":\"https:\\\/\\\/www.bellunopress.it\\\/2024\\\/09\\\/18\\\/la-valle-di-goima-domenica-alle-15-con-il-fai-di-belluno\\\/#article\",\"isPartOf\":{\"@id\":\"https:\\\/\\\/www.bellunopress.it\\\/2024\\\/09\\\/18\\\/la-valle-di-goima-domenica-alle-15-con-il-fai-di-belluno\\\/\"},\"author\":{\"name\":\"redazione\",\"@id\":\"https:\\\/\\\/www.bellunopress.it\\\/#\\\/schema\\\/person\\\/79bb06722b37ece1c03d3e94beb30d73\"},\"headline\":\"La Valle di Goima, domenica alle 15 con il Fai di Belluno\",\"datePublished\":\"2024-09-18T11:52:41+00:00\",\"mainEntityOfPage\":{\"@id\":\"https:\\\/\\\/www.bellunopress.it\\\/2024\\\/09\\\/18\\\/la-valle-di-goima-domenica-alle-15-con-il-fai-di-belluno\\\/\"},\"wordCount\":329,\"publisher\":{\"@id\":\"https:\\\/\\\/www.bellunopress.it\\\/#organization\"},\"image\":{\"@id\":\"https:\\\/\\\/www.bellunopress.it\\\/2024\\\/09\\\/18\\\/la-valle-di-goima-domenica-alle-15-con-il-fai-di-belluno\\\/#primaryimage\"},\"thumbnailUrl\":\"https:\\\/\\\/www.bellunopress.it\\\/wp-content\\\/uploads\\\/2024\\\/09\\\/Goima_edited.jpg\",\"articleSection\":[\"Pausa Caff\u00e8\",\"Sport, tempo libero\"],\"inLanguage\":\"fr-FR\"},{\"@type\":\"WebPage\",\"@id\":\"https:\\\/\\\/www.bellunopress.it\\\/2024\\\/09\\\/18\\\/la-valle-di-goima-domenica-alle-15-con-il-fai-di-belluno\\\/\",\"url\":\"https:\\\/\\\/www.bellunopress.it\\\/2024\\\/09\\\/18\\\/la-valle-di-goima-domenica-alle-15-con-il-fai-di-belluno\\\/\",\"name\":\"La Valle di Goima, domenica alle 15 con il Fai di Belluno - Bellunopress - Dolomiti\",\"isPartOf\":{\"@id\":\"https:\\\/\\\/www.bellunopress.it\\\/#website\"},\"primaryImageOfPage\":{\"@id\":\"https:\\\/\\\/www.bellunopress.it\\\/2024\\\/09\\\/18\\\/la-valle-di-goima-domenica-alle-15-con-il-fai-di-belluno\\\/#primaryimage\"},\"image\":{\"@id\":\"https:\\\/\\\/www.bellunopress.it\\\/2024\\\/09\\\/18\\\/la-valle-di-goima-domenica-alle-15-con-il-fai-di-belluno\\\/#primaryimage\"},\"thumbnailUrl\":\"https:\\\/\\\/www.bellunopress.it\\\/wp-content\\\/uploads\\\/2024\\\/09\\\/Goima_edited.jpg\",\"datePublished\":\"2024-09-18T11:52:41+00:00\",\"breadcrumb\":{\"@id\":\"https:\\\/\\\/www.bellunopress.it\\\/2024\\\/09\\\/18\\\/la-valle-di-goima-domenica-alle-15-con-il-fai-di-belluno\\\/#breadcrumb\"},\"inLanguage\":\"fr-FR\",\"potentialAction\":[{\"@type\":\"ReadAction\",\"target\":[\"https:\\\/\\\/www.bellunopress.it\\\/2024\\\/09\\\/18\\\/la-valle-di-goima-domenica-alle-15-con-il-fai-di-belluno\\\/\"]}]},{\"@type\":\"ImageObject\",\"inLanguage\":\"fr-FR\",\"@id\":\"https:\\\/\\\/www.bellunopress.it\\\/2024\\\/09\\\/18\\\/la-valle-di-goima-domenica-alle-15-con-il-fai-di-belluno\\\/#primaryimage\",\"url\":\"https:\\\/\\\/www.bellunopress.it\\\/wp-content\\\/uploads\\\/2024\\\/09\\\/Goima_edited.jpg\",\"contentUrl\":\"https:\\\/\\\/www.bellunopress.it\\\/wp-content\\\/uploads\\\/2024\\\/09\\\/Goima_edited.jpg\",\"width\":750,\"height\":1000},{\"@type\":\"BreadcrumbList\",\"@id\":\"https:\\\/\\\/www.bellunopress.it\\\/2024\\\/09\\\/18\\\/la-valle-di-goima-domenica-alle-15-con-il-fai-di-belluno\\\/#breadcrumb\",\"itemListElement\":[{\"@type\":\"ListItem\",\"position\":1,\"name\":\"Home\",\"item\":\"https:\\\/\\\/www.bellunopress.it\\\/\"},{\"@type\":\"ListItem\",\"position\":2,\"name\":\"La Valle di Goima, domenica alle 15 con il Fai di Belluno\"}]},{\"@type\":\"WebSite\",\"@id\":\"https:\\\/\\\/www.bellunopress.it\\\/#website\",\"url\":\"https:\\\/\\\/www.bellunopress.it\\\/\",\"name\":\"Bellunopress - Dolomiti\",\"description\":\"e-mail: redazione@bellunopress.it\",\"publisher\":{\"@id\":\"https:\\\/\\\/www.bellunopress.it\\\/#organization\"},\"potentialAction\":[{\"@type\":\"SearchAction\",\"target\":{\"@type\":\"EntryPoint\",\"urlTemplate\":\"https:\\\/\\\/www.bellunopress.it\\\/?s={search_term_string}\"},\"query-input\":{\"@type\":\"PropertyValueSpecification\",\"valueRequired\":true,\"valueName\":\"search_term_string\"}}],\"inLanguage\":\"fr-FR\"},{\"@type\":\"Organization\",\"@id\":\"https:\\\/\\\/www.bellunopress.it\\\/#organization\",\"name\":\"Bellunopress\",\"url\":\"https:\\\/\\\/www.bellunopress.it\\\/\",\"logo\":{\"@type\":\"ImageObject\",\"inLanguage\":\"fr-FR\",\"@id\":\"https:\\\/\\\/www.bellunopress.it\\\/#\\\/schema\\\/logo\\\/image\\\/\",\"url\":\"https:\\\/\\\/www.bellunopress.it\\\/wp-content\\\/uploads\\\/2011\\\/05\\\/cropped-logo-bellunopress-.jpg\",\"contentUrl\":\"https:\\\/\\\/www.bellunopress.it\\\/wp-content\\\/uploads\\\/2011\\\/05\\\/cropped-logo-bellunopress-.jpg\",\"width\":512,\"height\":512,\"caption\":\"Bellunopress\"},\"image\":{\"@id\":\"https:\\\/\\\/www.bellunopress.it\\\/#\\\/schema\\\/logo\\\/image\\\/\"},\"sameAs\":[\"https:\\\/\\\/www.facebook.com\\\/profile.php?id=100008943462799\",\"https:\\\/\\\/x.com\\\/bellunopress\",\"https:\\\/\\\/www.linkedin.com\\\/hp\\\/?dnr=JBzUWaJfMUw8vbXJJ2tVW5-I3jZKvC4wsoxE&amp;amp;amp;amp;amp;amp;trk=nav_responsive_tab_home\",\"https:\\\/\\\/www.youtube.com\\\/channel\\\/UCxL0wu1uN0_3_7hGG0306cw\"]},{\"@type\":\"Person\",\"@id\":\"https:\\\/\\\/www.bellunopress.it\\\/#\\\/schema\\\/person\\\/79bb06722b37ece1c03d3e94beb30d73\",\"name\":\"redazione\",\"image\":{\"@type\":\"ImageObject\",\"inLanguage\":\"fr-FR\",\"@id\":\"https:\\\/\\\/secure.gravatar.com\\\/avatar\\\/37d968a2e67a6fd04c169c4bdef102d0bc5d31b2546345219e348575eb80e9a0?s=96&d=mm&r=g\",\"url\":\"https:\\\/\\\/secure.gravatar.com\\\/avatar\\\/37d968a2e67a6fd04c169c4bdef102d0bc5d31b2546345219e348575eb80e9a0?s=96&d=mm&r=g\",\"contentUrl\":\"https:\\\/\\\/secure.gravatar.com\\\/avatar\\\/37d968a2e67a6fd04c169c4bdef102d0bc5d31b2546345219e348575eb80e9a0?s=96&d=mm&r=g\",\"caption\":\"redazione\"},\"sameAs\":[\"http:\\\/\\\/www.bellunopress.it\",\"https:\\\/\\\/x.com\\\/bellunopress\"],\"url\":\"https:\\\/\\\/www.bellunopress.it\\\/fr\\\/author\\\/redazione\\\/\"}]}<\/script>\n<!-- \/ Yoast SEO plugin. -->","yoast_head_json":{"title":"La Valle di Goima, domenica alle 15 con il Fai di Belluno - Bellunopress - Dolomiti","robots":{"index":"index","follow":"follow","max-snippet":"max-snippet:-1","max-image-preview":"max-image-preview:large","max-video-preview":"max-video-preview:-1"},"canonical":"https:\/\/www.bellunopress.it\/fr\/2024\/09\/18\/la-valle-di-goima-domenica-alle-15-con-il-fai-di-belluno\/","og_locale":"fr_FR","og_type":"article","og_title":"La Valle di Goima, domenica alle 15 con il Fai di Belluno - Bellunopress - Dolomiti","og_description":"La Valle di Goima (BL) forse non \u00e8 la vallata pi\u00f9 blasonata e conosciuta delle Dolomiti, ma di certo ne \u00e8 una delle pi\u00f9 affascinanti. Per questa ragione, la valle che si trova lungo la strada del Passo Duran, ai piedi dell\u2019anfiteatro della Moiazza (catena del Civetta), e per questo fuori dall\u2019asse principale dei grandi [&hellip;]","og_url":"https:\/\/www.bellunopress.it\/fr\/2024\/09\/18\/la-valle-di-goima-domenica-alle-15-con-il-fai-di-belluno\/","og_site_name":"Bellunopress - Dolomiti","article_publisher":"https:\/\/www.facebook.com\/profile.php?id=100008943462799","article_published_time":"2024-09-18T11:52:41+00:00","og_image":[{"width":750,"height":1000,"url":"https:\/\/www.bellunopress.it\/wp-content\/uploads\/2024\/09\/Goima_edited.jpg","type":"image\/jpeg"}],"author":"redazione","twitter_card":"summary_large_image","twitter_creator":"@bellunopress","twitter_site":"@bellunopress","twitter_misc":{"\u00c9crit par":"redazione","Dur\u00e9e de lecture estim\u00e9e":"2 minutes"},"schema":{"@context":"https:\/\/schema.org","@graph":[{"@type":"Article","@id":"https:\/\/www.bellunopress.it\/2024\/09\/18\/la-valle-di-goima-domenica-alle-15-con-il-fai-di-belluno\/#article","isPartOf":{"@id":"https:\/\/www.bellunopress.it\/2024\/09\/18\/la-valle-di-goima-domenica-alle-15-con-il-fai-di-belluno\/"},"author":{"name":"redazione","@id":"https:\/\/www.bellunopress.it\/#\/schema\/person\/79bb06722b37ece1c03d3e94beb30d73"},"headline":"La Valle di Goima, domenica alle 15 con il Fai di Belluno","datePublished":"2024-09-18T11:52:41+00:00","mainEntityOfPage":{"@id":"https:\/\/www.bellunopress.it\/2024\/09\/18\/la-valle-di-goima-domenica-alle-15-con-il-fai-di-belluno\/"},"wordCount":329,"publisher":{"@id":"https:\/\/www.bellunopress.it\/#organization"},"image":{"@id":"https:\/\/www.bellunopress.it\/2024\/09\/18\/la-valle-di-goima-domenica-alle-15-con-il-fai-di-belluno\/#primaryimage"},"thumbnailUrl":"https:\/\/www.bellunopress.it\/wp-content\/uploads\/2024\/09\/Goima_edited.jpg","articleSection":["Pausa Caff\u00e8","Sport, tempo libero"],"inLanguage":"fr-FR"},{"@type":"WebPage","@id":"https:\/\/www.bellunopress.it\/2024\/09\/18\/la-valle-di-goima-domenica-alle-15-con-il-fai-di-belluno\/","url":"https:\/\/www.bellunopress.it\/2024\/09\/18\/la-valle-di-goima-domenica-alle-15-con-il-fai-di-belluno\/","name":"La Valle di Goima, domenica alle 15 con il Fai di Belluno - Bellunopress - Dolomiti","isPartOf":{"@id":"https:\/\/www.bellunopress.it\/#website"},"primaryImageOfPage":{"@id":"https:\/\/www.bellunopress.it\/2024\/09\/18\/la-valle-di-goima-domenica-alle-15-con-il-fai-di-belluno\/#primaryimage"},"image":{"@id":"https:\/\/www.bellunopress.it\/2024\/09\/18\/la-valle-di-goima-domenica-alle-15-con-il-fai-di-belluno\/#primaryimage"},"thumbnailUrl":"https:\/\/www.bellunopress.it\/wp-content\/uploads\/2024\/09\/Goima_edited.jpg","datePublished":"2024-09-18T11:52:41+00:00","breadcrumb":{"@id":"https:\/\/www.bellunopress.it\/2024\/09\/18\/la-valle-di-goima-domenica-alle-15-con-il-fai-di-belluno\/#breadcrumb"},"inLanguage":"fr-FR","potentialAction":[{"@type":"ReadAction","target":["https:\/\/www.bellunopress.it\/2024\/09\/18\/la-valle-di-goima-domenica-alle-15-con-il-fai-di-belluno\/"]}]},{"@type":"ImageObject","inLanguage":"fr-FR","@id":"https:\/\/www.bellunopress.it\/2024\/09\/18\/la-valle-di-goima-domenica-alle-15-con-il-fai-di-belluno\/#primaryimage","url":"https:\/\/www.bellunopress.it\/wp-content\/uploads\/2024\/09\/Goima_edited.jpg","contentUrl":"https:\/\/www.bellunopress.it\/wp-content\/uploads\/2024\/09\/Goima_edited.jpg","width":750,"height":1000},{"@type":"BreadcrumbList","@id":"https:\/\/www.bellunopress.it\/2024\/09\/18\/la-valle-di-goima-domenica-alle-15-con-il-fai-di-belluno\/#breadcrumb","itemListElement":[{"@type":"ListItem","position":1,"name":"Home","item":"https:\/\/www.bellunopress.it\/"},{"@type":"ListItem","position":2,"name":"La Valle di Goima, domenica alle 15 con il Fai di Belluno"}]},{"@type":"WebSite","@id":"https:\/\/www.bellunopress.it\/#website","url":"https:\/\/www.bellunopress.it\/","name":"Bellunopress - Dolomiti","description":"e-mail: redazione@bellunopress.it","publisher":{"@id":"https:\/\/www.bellunopress.it\/#organization"},"potentialAction":[{"@type":"SearchAction","target":{"@type":"EntryPoint","urlTemplate":"https:\/\/www.bellunopress.it\/?s={search_term_string}"},"query-input":{"@type":"PropertyValueSpecification","valueRequired":true,"valueName":"search_term_string"}}],"inLanguage":"fr-FR"},{"@type":"Organization","@id":"https:\/\/www.bellunopress.it\/#organization","name":"Bellunopress","url":"https:\/\/www.bellunopress.it\/","logo":{"@type":"ImageObject","inLanguage":"fr-FR","@id":"https:\/\/www.bellunopress.it\/#\/schema\/logo\/image\/","url":"https:\/\/www.bellunopress.it\/wp-content\/uploads\/2011\/05\/cropped-logo-bellunopress-.jpg","contentUrl":"https:\/\/www.bellunopress.it\/wp-content\/uploads\/2011\/05\/cropped-logo-bellunopress-.jpg","width":512,"height":512,"caption":"Bellunopress"},"image":{"@id":"https:\/\/www.bellunopress.it\/#\/schema\/logo\/image\/"},"sameAs":["https:\/\/www.facebook.com\/profile.php?id=100008943462799","https:\/\/x.com\/bellunopress","https:\/\/www.linkedin.com\/hp\/?dnr=JBzUWaJfMUw8vbXJJ2tVW5-I3jZKvC4wsoxE&amp;amp;amp;amp;amp;amp;trk=nav_responsive_tab_home","https:\/\/www.youtube.com\/channel\/UCxL0wu1uN0_3_7hGG0306cw"]},{"@type":"Person","@id":"https:\/\/www.bellunopress.it\/#\/schema\/person\/79bb06722b37ece1c03d3e94beb30d73","name":"r\u00e9daction","image":{"@type":"ImageObject","inLanguage":"fr-FR","@id":"https:\/\/secure.gravatar.com\/avatar\/37d968a2e67a6fd04c169c4bdef102d0bc5d31b2546345219e348575eb80e9a0?s=96&d=mm&r=g","url":"https:\/\/secure.gravatar.com\/avatar\/37d968a2e67a6fd04c169c4bdef102d0bc5d31b2546345219e348575eb80e9a0?s=96&d=mm&r=g","contentUrl":"https:\/\/secure.gravatar.com\/avatar\/37d968a2e67a6fd04c169c4bdef102d0bc5d31b2546345219e348575eb80e9a0?s=96&d=mm&r=g","caption":"redazione"},"sameAs":["http:\/\/www.bellunopress.it","https:\/\/x.com\/bellunopress"],"url":"https:\/\/www.bellunopress.it\/fr\/author\/redazione\/"}]}},"_links":{"self":[{"href":"https:\/\/www.bellunopress.it\/fr\/wp-json\/wp\/v2\/posts\/154121","targetHints":{"allow":["GET"]}}],"collection":[{"href":"https:\/\/www.bellunopress.it\/fr\/wp-json\/wp\/v2\/posts"}],"about":[{"href":"https:\/\/www.bellunopress.it\/fr\/wp-json\/wp\/v2\/types\/post"}],"author":[{"embeddable":true,"href":"https:\/\/www.bellunopress.it\/fr\/wp-json\/wp\/v2\/users\/2"}],"replies":[{"embeddable":true,"href":"https:\/\/www.bellunopress.it\/fr\/wp-json\/wp\/v2\/comments?post=154121"}],"version-history":[{"count":1,"href":"https:\/\/www.bellunopress.it\/fr\/wp-json\/wp\/v2\/posts\/154121\/revisions"}],"predecessor-version":[{"id":154123,"href":"https:\/\/www.bellunopress.it\/fr\/wp-json\/wp\/v2\/posts\/154121\/revisions\/154123"}],"wp:featuredmedia":[{"embeddable":true,"href":"https:\/\/www.bellunopress.it\/fr\/wp-json\/wp\/v2\/media\/154122"}],"wp:attachment":[{"href":"https:\/\/www.bellunopress.it\/fr\/wp-json\/wp\/v2\/media?parent=154121"}],"wp:term":[{"taxonomy":"category","embeddable":true,"href":"https:\/\/www.bellunopress.it\/fr\/wp-json\/wp\/v2\/categories?post=154121"},{"taxonomy":"post_tag","embeddable":true,"href":"https:\/\/www.bellunopress.it\/fr\/wp-json\/wp\/v2\/tags?post=154121"}],"curies":[{"name":"wp","href":"https:\/\/api.w.org\/{rel}","templated":true}]}}