{"id":154117,"date":"2024-09-18T12:52:31","date_gmt":"2024-09-18T10:52:31","guid":{"rendered":"https:\/\/www.bellunopress.it\/?p=154117"},"modified":"2024-09-18T12:52:31","modified_gmt":"2024-09-18T10:52:31","slug":"cantiere-allistituto-segato-da-lunedi-cambia-la-viabilita-di-piazza-piloni","status":"publish","type":"post","link":"https:\/\/www.bellunopress.it\/fr\/2024\/09\/18\/cantiere-allistituto-segato-da-lunedi-cambia-la-viabilita-di-piazza-piloni\/","title":{"rendered":"Cantiere all&#8217;Istituto Segato. Da luned\u00ec cambia la viabilit\u00e0 di Piazza Piloni"},"content":{"rendered":"<p><img loading=\"lazy\" decoding=\"async\" class=\"aligncenter size-full wp-image-153844\" src=\"https:\/\/www.bellunopress.it\/wp-content\/uploads\/2024\/09\/demolizione-Iti-Segato-2_edited.jpg\" alt=\"\" width=\"1000\" height=\"750\" srcset=\"https:\/\/www.bellunopress.it\/wp-content\/uploads\/2024\/09\/demolizione-Iti-Segato-2_edited.jpg 1000w, https:\/\/www.bellunopress.it\/wp-content\/uploads\/2024\/09\/demolizione-Iti-Segato-2_edited-500x375.jpg 500w, https:\/\/www.bellunopress.it\/wp-content\/uploads\/2024\/09\/demolizione-Iti-Segato-2_edited-560x420.jpg 560w, https:\/\/www.bellunopress.it\/wp-content\/uploads\/2024\/09\/demolizione-Iti-Segato-2_edited-80x60.jpg 80w, https:\/\/www.bellunopress.it\/wp-content\/uploads\/2024\/09\/demolizione-Iti-Segato-2_edited-696x522.jpg 696w\" sizes=\"auto, (max-width: 1000px) 100vw, 1000px\" \/>Sovilla: \u00abI lavori procedono secondo cronoprogramma. Disagi limitati al massimo\u00bb<\/p>\n<p>Continua senza intoppi il cantiere all&#8217;Iti Segato, inserito negli interventi Pnrr sulle scuole superiori della Provincia. Nei giorni scorsi \u00e8 cominciata la demolizione della porzione di edificio che si affaccia su Piazza Piloni. Per procedere con lo smantellamento del resto del corpo di fabbrica, all&#8217;inizio della prossima settimana verr\u00e0 chiuso al traffico (veicolare e pedonale) un tratto di via Jacopo Tasso. Contestualmente cambier\u00e0 il traffico in Piazza Piloni.<\/p>\n<p>\u00abLa demolizione programmata ha gi\u00e0 abbattuto la prima parte dell&#8217;edificio. Nei prossimi giorni il cantiere si sposter\u00e0 verso via Tasso, in corrispondenza dell&#8217;ingresso di Piazza Piloni\u00bb spiega Marzio Sovilla, consigliere provinciale con delega all&#8217;edilizia scolastica. \u00abL\u00ec c&#8217;\u00e8 una strettoia e quindi per motivi di sicurezza dovremo chiudere il transito. Ma sar\u00e0 per un tempo molto ristretto, due giorni appena. Grazie alla prontissima collaborazione con il Comune di Belluno, l&#8217;accesso a Piazza Piloni sar\u00e0 comunque possibile e in questo modo i disagi saranno limitati al massimo\u00bb.<\/p>\n<p>La piazza cambier\u00e0 quindi viabilit\u00e0, come da ordinanza del Comune di Belluno. Dalle 7 di luned\u00ec 23 settembre alle 19 di marted\u00ec 24 sar\u00e0 in vigore il divieto di circolazione (transito e sosta) in via J. Tasso, nel tratto compreso fra l&#8217;incrocio con via I. Caffi e la Piazza Piloni (eccettuati i soli veicoli necessari ai lavori). L&#8217;ingresso sar\u00e0 possibile da via Flavio Ostilio e da via A. D&#8217;Inc\u00e0, che oggi sono utilizzate solo per l&#8217;uscita da Piazza Piloni: verr\u00e0 istituita l&#8217;inversione dell&#8217;attuale senso di marcia delle vie, nonch\u00e9 delle traverse interne di Piazza Piloni. Per uscire la viabilit\u00e0 sar\u00e0 quella di via Zuppani e via Carrera, verso via Simon da Cusighe.<\/p>","protected":false},"excerpt":{"rendered":"<p>Sovilla: \u00abI lavori procedono secondo cronoprogramma. Disagi limitati al massimo\u00bb Continua senza intoppi il cantiere all&#8217;Iti Segato, inserito negli interventi Pnrr sulle scuole superiori della Provincia. Nei giorni scorsi \u00e8 cominciata la demolizione della porzione di edificio che si affaccia su Piazza Piloni. Per procedere con lo smantellamento del resto del corpo di fabbrica, all&#8217;inizio [&hellip;]<\/p>\n","protected":false},"author":2,"featured_media":153844,"comment_status":"closed","ping_status":"open","sticky":false,"template":"","format":"standard","meta":{"footnotes":""},"categories":[26,15,8],"tags":[],"class_list":["post-154117","post","type-post","status-publish","format-standard","has-post-thumbnail","category-prima-pagina","category-scuola","category-societa-istituzioni"],"yoast_head":"<!-- This site is optimized with the Yoast SEO plugin v28.4 - https:\/\/yoast.com\/product\/yoast-seo-wordpress\/ -->\n<title>Cantiere all&#039;Istituto Segato. Da luned\u00ec cambia la viabilit\u00e0 di Piazza Piloni - Bellunopress - Dolomiti<\/title>\n<meta name=\"robots\" content=\"index, follow, max-snippet:-1, max-image-preview:large, max-video-preview:-1\" \/>\n<link rel=\"canonical\" href=\"https:\/\/www.bellunopress.it\/fr\/2024\/09\/18\/cantiere-allistituto-segato-da-lunedi-cambia-la-viabilita-di-piazza-piloni\/\" \/>\n<meta property=\"og:locale\" content=\"fr_FR\" \/>\n<meta property=\"og:type\" content=\"article\" \/>\n<meta property=\"og:title\" content=\"Cantiere all&#039;Istituto Segato. Da luned\u00ec cambia la viabilit\u00e0 di Piazza Piloni - Bellunopress - Dolomiti\" \/>\n<meta property=\"og:description\" content=\"Sovilla: \u00abI lavori procedono secondo cronoprogramma. Disagi limitati al massimo\u00bb Continua senza intoppi il cantiere all&#8217;Iti Segato, inserito negli interventi Pnrr sulle scuole superiori della Provincia. Nei giorni scorsi \u00e8 cominciata la demolizione della porzione di edificio che si affaccia su Piazza Piloni. Per procedere con lo smantellamento del resto del corpo di fabbrica, all&#8217;inizio [&hellip;]\" \/>\n<meta property=\"og:url\" content=\"https:\/\/www.bellunopress.it\/fr\/2024\/09\/18\/cantiere-allistituto-segato-da-lunedi-cambia-la-viabilita-di-piazza-piloni\/\" \/>\n<meta property=\"og:site_name\" content=\"Bellunopress - Dolomiti\" \/>\n<meta property=\"article:publisher\" content=\"https:\/\/www.facebook.com\/profile.php?id=100008943462799\" \/>\n<meta property=\"article:published_time\" content=\"2024-09-18T10:52:31+00:00\" \/>\n<meta property=\"og:image\" content=\"https:\/\/www.bellunopress.it\/wp-content\/uploads\/2024\/09\/demolizione-Iti-Segato-2_edited.jpg\" \/>\n\t<meta property=\"og:image:width\" content=\"1000\" \/>\n\t<meta property=\"og:image:height\" content=\"750\" \/>\n\t<meta property=\"og:image:type\" content=\"image\/jpeg\" \/>\n<meta name=\"author\" content=\"redazione\" \/>\n<meta name=\"twitter:card\" content=\"summary_large_image\" \/>\n<meta name=\"twitter:creator\" content=\"@bellunopress\" \/>\n<meta name=\"twitter:site\" content=\"@bellunopress\" \/>\n<meta name=\"twitter:label1\" content=\"\u00c9crit par\" \/>\n\t<meta name=\"twitter:data1\" content=\"redazione\" \/>\n\t<meta name=\"twitter:label2\" content=\"Dur\u00e9e de lecture estim\u00e9e\" \/>\n\t<meta name=\"twitter:data2\" content=\"1 minute\" \/>\n<script type=\"application\/ld+json\" class=\"yoast-schema-graph\">{\"@context\":\"https:\\\/\\\/schema.org\",\"@graph\":[{\"@type\":\"Article\",\"@id\":\"https:\\\/\\\/www.bellunopress.it\\\/2024\\\/09\\\/18\\\/cantiere-allistituto-segato-da-lunedi-cambia-la-viabilita-di-piazza-piloni\\\/#article\",\"isPartOf\":{\"@id\":\"https:\\\/\\\/www.bellunopress.it\\\/2024\\\/09\\\/18\\\/cantiere-allistituto-segato-da-lunedi-cambia-la-viabilita-di-piazza-piloni\\\/\"},\"author\":{\"name\":\"redazione\",\"@id\":\"https:\\\/\\\/www.bellunopress.it\\\/#\\\/schema\\\/person\\\/79bb06722b37ece1c03d3e94beb30d73\"},\"headline\":\"Cantiere all&#8217;Istituto Segato. Da luned\u00ec cambia la viabilit\u00e0 di Piazza Piloni\",\"datePublished\":\"2024-09-18T10:52:31+00:00\",\"mainEntityOfPage\":{\"@id\":\"https:\\\/\\\/www.bellunopress.it\\\/2024\\\/09\\\/18\\\/cantiere-allistituto-segato-da-lunedi-cambia-la-viabilita-di-piazza-piloni\\\/\"},\"wordCount\":294,\"publisher\":{\"@id\":\"https:\\\/\\\/www.bellunopress.it\\\/#organization\"},\"image\":{\"@id\":\"https:\\\/\\\/www.bellunopress.it\\\/2024\\\/09\\\/18\\\/cantiere-allistituto-segato-da-lunedi-cambia-la-viabilita-di-piazza-piloni\\\/#primaryimage\"},\"thumbnailUrl\":\"https:\\\/\\\/www.bellunopress.it\\\/wp-content\\\/uploads\\\/2024\\\/09\\\/demolizione-Iti-Segato-2_edited.jpg\",\"articleSection\":[\"Prima Pagina\",\"Scuola\",\"Societ\u00e0, Associazioni, Istituzioni\"],\"inLanguage\":\"fr-FR\"},{\"@type\":\"WebPage\",\"@id\":\"https:\\\/\\\/www.bellunopress.it\\\/2024\\\/09\\\/18\\\/cantiere-allistituto-segato-da-lunedi-cambia-la-viabilita-di-piazza-piloni\\\/\",\"url\":\"https:\\\/\\\/www.bellunopress.it\\\/2024\\\/09\\\/18\\\/cantiere-allistituto-segato-da-lunedi-cambia-la-viabilita-di-piazza-piloni\\\/\",\"name\":\"Cantiere all'Istituto Segato. Da luned\u00ec cambia la viabilit\u00e0 di Piazza Piloni - Bellunopress - Dolomiti\",\"isPartOf\":{\"@id\":\"https:\\\/\\\/www.bellunopress.it\\\/#website\"},\"primaryImageOfPage\":{\"@id\":\"https:\\\/\\\/www.bellunopress.it\\\/2024\\\/09\\\/18\\\/cantiere-allistituto-segato-da-lunedi-cambia-la-viabilita-di-piazza-piloni\\\/#primaryimage\"},\"image\":{\"@id\":\"https:\\\/\\\/www.bellunopress.it\\\/2024\\\/09\\\/18\\\/cantiere-allistituto-segato-da-lunedi-cambia-la-viabilita-di-piazza-piloni\\\/#primaryimage\"},\"thumbnailUrl\":\"https:\\\/\\\/www.bellunopress.it\\\/wp-content\\\/uploads\\\/2024\\\/09\\\/demolizione-Iti-Segato-2_edited.jpg\",\"datePublished\":\"2024-09-18T10:52:31+00:00\",\"breadcrumb\":{\"@id\":\"https:\\\/\\\/www.bellunopress.it\\\/2024\\\/09\\\/18\\\/cantiere-allistituto-segato-da-lunedi-cambia-la-viabilita-di-piazza-piloni\\\/#breadcrumb\"},\"inLanguage\":\"fr-FR\",\"potentialAction\":[{\"@type\":\"ReadAction\",\"target\":[\"https:\\\/\\\/www.bellunopress.it\\\/2024\\\/09\\\/18\\\/cantiere-allistituto-segato-da-lunedi-cambia-la-viabilita-di-piazza-piloni\\\/\"]}]},{\"@type\":\"ImageObject\",\"inLanguage\":\"fr-FR\",\"@id\":\"https:\\\/\\\/www.bellunopress.it\\\/2024\\\/09\\\/18\\\/cantiere-allistituto-segato-da-lunedi-cambia-la-viabilita-di-piazza-piloni\\\/#primaryimage\",\"url\":\"https:\\\/\\\/www.bellunopress.it\\\/wp-content\\\/uploads\\\/2024\\\/09\\\/demolizione-Iti-Segato-2_edited.jpg\",\"contentUrl\":\"https:\\\/\\\/www.bellunopress.it\\\/wp-content\\\/uploads\\\/2024\\\/09\\\/demolizione-Iti-Segato-2_edited.jpg\",\"width\":1000,\"height\":750},{\"@type\":\"BreadcrumbList\",\"@id\":\"https:\\\/\\\/www.bellunopress.it\\\/2024\\\/09\\\/18\\\/cantiere-allistituto-segato-da-lunedi-cambia-la-viabilita-di-piazza-piloni\\\/#breadcrumb\",\"itemListElement\":[{\"@type\":\"ListItem\",\"position\":1,\"name\":\"Home\",\"item\":\"https:\\\/\\\/www.bellunopress.it\\\/\"},{\"@type\":\"ListItem\",\"position\":2,\"name\":\"Cantiere all&#8217;Istituto Segato. Da luned\u00ec cambia la viabilit\u00e0 di Piazza Piloni\"}]},{\"@type\":\"WebSite\",\"@id\":\"https:\\\/\\\/www.bellunopress.it\\\/#website\",\"url\":\"https:\\\/\\\/www.bellunopress.it\\\/\",\"name\":\"Bellunopress - Dolomiti\",\"description\":\"e-mail: redazione@bellunopress.it\",\"publisher\":{\"@id\":\"https:\\\/\\\/www.bellunopress.it\\\/#organization\"},\"potentialAction\":[{\"@type\":\"SearchAction\",\"target\":{\"@type\":\"EntryPoint\",\"urlTemplate\":\"https:\\\/\\\/www.bellunopress.it\\\/?s={search_term_string}\"},\"query-input\":{\"@type\":\"PropertyValueSpecification\",\"valueRequired\":true,\"valueName\":\"search_term_string\"}}],\"inLanguage\":\"fr-FR\"},{\"@type\":\"Organization\",\"@id\":\"https:\\\/\\\/www.bellunopress.it\\\/#organization\",\"name\":\"Bellunopress\",\"url\":\"https:\\\/\\\/www.bellunopress.it\\\/\",\"logo\":{\"@type\":\"ImageObject\",\"inLanguage\":\"fr-FR\",\"@id\":\"https:\\\/\\\/www.bellunopress.it\\\/#\\\/schema\\\/logo\\\/image\\\/\",\"url\":\"https:\\\/\\\/www.bellunopress.it\\\/wp-content\\\/uploads\\\/2011\\\/05\\\/cropped-logo-bellunopress-.jpg\",\"contentUrl\":\"https:\\\/\\\/www.bellunopress.it\\\/wp-content\\\/uploads\\\/2011\\\/05\\\/cropped-logo-bellunopress-.jpg\",\"width\":512,\"height\":512,\"caption\":\"Bellunopress\"},\"image\":{\"@id\":\"https:\\\/\\\/www.bellunopress.it\\\/#\\\/schema\\\/logo\\\/image\\\/\"},\"sameAs\":[\"https:\\\/\\\/www.facebook.com\\\/profile.php?id=100008943462799\",\"https:\\\/\\\/x.com\\\/bellunopress\",\"https:\\\/\\\/www.linkedin.com\\\/hp\\\/?dnr=JBzUWaJfMUw8vbXJJ2tVW5-I3jZKvC4wsoxE&amp;amp;amp;amp;amp;amp;trk=nav_responsive_tab_home\",\"https:\\\/\\\/www.youtube.com\\\/channel\\\/UCxL0wu1uN0_3_7hGG0306cw\"]},{\"@type\":\"Person\",\"@id\":\"https:\\\/\\\/www.bellunopress.it\\\/#\\\/schema\\\/person\\\/79bb06722b37ece1c03d3e94beb30d73\",\"name\":\"redazione\",\"image\":{\"@type\":\"ImageObject\",\"inLanguage\":\"fr-FR\",\"@id\":\"https:\\\/\\\/secure.gravatar.com\\\/avatar\\\/37d968a2e67a6fd04c169c4bdef102d0bc5d31b2546345219e348575eb80e9a0?s=96&d=mm&r=g\",\"url\":\"https:\\\/\\\/secure.gravatar.com\\\/avatar\\\/37d968a2e67a6fd04c169c4bdef102d0bc5d31b2546345219e348575eb80e9a0?s=96&d=mm&r=g\",\"contentUrl\":\"https:\\\/\\\/secure.gravatar.com\\\/avatar\\\/37d968a2e67a6fd04c169c4bdef102d0bc5d31b2546345219e348575eb80e9a0?s=96&d=mm&r=g\",\"caption\":\"redazione\"},\"sameAs\":[\"http:\\\/\\\/www.bellunopress.it\",\"https:\\\/\\\/x.com\\\/bellunopress\"],\"url\":\"https:\\\/\\\/www.bellunopress.it\\\/fr\\\/author\\\/redazione\\\/\"}]}<\/script>\n<!-- \/ Yoast SEO plugin. -->","yoast_head_json":{"title":"Cantiere all'Istituto Segato. Da luned\u00ec cambia la viabilit\u00e0 di Piazza Piloni - Bellunopress - Dolomiti","robots":{"index":"index","follow":"follow","max-snippet":"max-snippet:-1","max-image-preview":"max-image-preview:large","max-video-preview":"max-video-preview:-1"},"canonical":"https:\/\/www.bellunopress.it\/fr\/2024\/09\/18\/cantiere-allistituto-segato-da-lunedi-cambia-la-viabilita-di-piazza-piloni\/","og_locale":"fr_FR","og_type":"article","og_title":"Cantiere all'Istituto Segato. Da luned\u00ec cambia la viabilit\u00e0 di Piazza Piloni - Bellunopress - Dolomiti","og_description":"Sovilla: \u00abI lavori procedono secondo cronoprogramma. Disagi limitati al massimo\u00bb Continua senza intoppi il cantiere all&#8217;Iti Segato, inserito negli interventi Pnrr sulle scuole superiori della Provincia. Nei giorni scorsi \u00e8 cominciata la demolizione della porzione di edificio che si affaccia su Piazza Piloni. Per procedere con lo smantellamento del resto del corpo di fabbrica, all&#8217;inizio [&hellip;]","og_url":"https:\/\/www.bellunopress.it\/fr\/2024\/09\/18\/cantiere-allistituto-segato-da-lunedi-cambia-la-viabilita-di-piazza-piloni\/","og_site_name":"Bellunopress - Dolomiti","article_publisher":"https:\/\/www.facebook.com\/profile.php?id=100008943462799","article_published_time":"2024-09-18T10:52:31+00:00","og_image":[{"width":1000,"height":750,"url":"https:\/\/www.bellunopress.it\/wp-content\/uploads\/2024\/09\/demolizione-Iti-Segato-2_edited.jpg","type":"image\/jpeg"}],"author":"redazione","twitter_card":"summary_large_image","twitter_creator":"@bellunopress","twitter_site":"@bellunopress","twitter_misc":{"\u00c9crit par":"redazione","Dur\u00e9e de lecture estim\u00e9e":"1 minute"},"schema":{"@context":"https:\/\/schema.org","@graph":[{"@type":"Article","@id":"https:\/\/www.bellunopress.it\/2024\/09\/18\/cantiere-allistituto-segato-da-lunedi-cambia-la-viabilita-di-piazza-piloni\/#article","isPartOf":{"@id":"https:\/\/www.bellunopress.it\/2024\/09\/18\/cantiere-allistituto-segato-da-lunedi-cambia-la-viabilita-di-piazza-piloni\/"},"author":{"name":"redazione","@id":"https:\/\/www.bellunopress.it\/#\/schema\/person\/79bb06722b37ece1c03d3e94beb30d73"},"headline":"Cantiere all&#8217;Istituto Segato. Da luned\u00ec cambia la viabilit\u00e0 di Piazza Piloni","datePublished":"2024-09-18T10:52:31+00:00","mainEntityOfPage":{"@id":"https:\/\/www.bellunopress.it\/2024\/09\/18\/cantiere-allistituto-segato-da-lunedi-cambia-la-viabilita-di-piazza-piloni\/"},"wordCount":294,"publisher":{"@id":"https:\/\/www.bellunopress.it\/#organization"},"image":{"@id":"https:\/\/www.bellunopress.it\/2024\/09\/18\/cantiere-allistituto-segato-da-lunedi-cambia-la-viabilita-di-piazza-piloni\/#primaryimage"},"thumbnailUrl":"https:\/\/www.bellunopress.it\/wp-content\/uploads\/2024\/09\/demolizione-Iti-Segato-2_edited.jpg","articleSection":["Prima Pagina","Scuola","Societ\u00e0, Associazioni, Istituzioni"],"inLanguage":"fr-FR"},{"@type":"WebPage","@id":"https:\/\/www.bellunopress.it\/2024\/09\/18\/cantiere-allistituto-segato-da-lunedi-cambia-la-viabilita-di-piazza-piloni\/","url":"https:\/\/www.bellunopress.it\/2024\/09\/18\/cantiere-allistituto-segato-da-lunedi-cambia-la-viabilita-di-piazza-piloni\/","name":"Cantiere all'Istituto Segato. Da luned\u00ec cambia la viabilit\u00e0 di Piazza Piloni - Bellunopress - Dolomiti","isPartOf":{"@id":"https:\/\/www.bellunopress.it\/#website"},"primaryImageOfPage":{"@id":"https:\/\/www.bellunopress.it\/2024\/09\/18\/cantiere-allistituto-segato-da-lunedi-cambia-la-viabilita-di-piazza-piloni\/#primaryimage"},"image":{"@id":"https:\/\/www.bellunopress.it\/2024\/09\/18\/cantiere-allistituto-segato-da-lunedi-cambia-la-viabilita-di-piazza-piloni\/#primaryimage"},"thumbnailUrl":"https:\/\/www.bellunopress.it\/wp-content\/uploads\/2024\/09\/demolizione-Iti-Segato-2_edited.jpg","datePublished":"2024-09-18T10:52:31+00:00","breadcrumb":{"@id":"https:\/\/www.bellunopress.it\/2024\/09\/18\/cantiere-allistituto-segato-da-lunedi-cambia-la-viabilita-di-piazza-piloni\/#breadcrumb"},"inLanguage":"fr-FR","potentialAction":[{"@type":"ReadAction","target":["https:\/\/www.bellunopress.it\/2024\/09\/18\/cantiere-allistituto-segato-da-lunedi-cambia-la-viabilita-di-piazza-piloni\/"]}]},{"@type":"ImageObject","inLanguage":"fr-FR","@id":"https:\/\/www.bellunopress.it\/2024\/09\/18\/cantiere-allistituto-segato-da-lunedi-cambia-la-viabilita-di-piazza-piloni\/#primaryimage","url":"https:\/\/www.bellunopress.it\/wp-content\/uploads\/2024\/09\/demolizione-Iti-Segato-2_edited.jpg","contentUrl":"https:\/\/www.bellunopress.it\/wp-content\/uploads\/2024\/09\/demolizione-Iti-Segato-2_edited.jpg","width":1000,"height":750},{"@type":"BreadcrumbList","@id":"https:\/\/www.bellunopress.it\/2024\/09\/18\/cantiere-allistituto-segato-da-lunedi-cambia-la-viabilita-di-piazza-piloni\/#breadcrumb","itemListElement":[{"@type":"ListItem","position":1,"name":"Home","item":"https:\/\/www.bellunopress.it\/"},{"@type":"ListItem","position":2,"name":"Cantiere all&#8217;Istituto Segato. Da luned\u00ec cambia la viabilit\u00e0 di Piazza Piloni"}]},{"@type":"WebSite","@id":"https:\/\/www.bellunopress.it\/#website","url":"https:\/\/www.bellunopress.it\/","name":"Bellunopress - Dolomiti","description":"e-mail: redazione@bellunopress.it","publisher":{"@id":"https:\/\/www.bellunopress.it\/#organization"},"potentialAction":[{"@type":"SearchAction","target":{"@type":"EntryPoint","urlTemplate":"https:\/\/www.bellunopress.it\/?s={search_term_string}"},"query-input":{"@type":"PropertyValueSpecification","valueRequired":true,"valueName":"search_term_string"}}],"inLanguage":"fr-FR"},{"@type":"Organization","@id":"https:\/\/www.bellunopress.it\/#organization","name":"Bellunopress","url":"https:\/\/www.bellunopress.it\/","logo":{"@type":"ImageObject","inLanguage":"fr-FR","@id":"https:\/\/www.bellunopress.it\/#\/schema\/logo\/image\/","url":"https:\/\/www.bellunopress.it\/wp-content\/uploads\/2011\/05\/cropped-logo-bellunopress-.jpg","contentUrl":"https:\/\/www.bellunopress.it\/wp-content\/uploads\/2011\/05\/cropped-logo-bellunopress-.jpg","width":512,"height":512,"caption":"Bellunopress"},"image":{"@id":"https:\/\/www.bellunopress.it\/#\/schema\/logo\/image\/"},"sameAs":["https:\/\/www.facebook.com\/profile.php?id=100008943462799","https:\/\/x.com\/bellunopress","https:\/\/www.linkedin.com\/hp\/?dnr=JBzUWaJfMUw8vbXJJ2tVW5-I3jZKvC4wsoxE&amp;amp;amp;amp;amp;amp;trk=nav_responsive_tab_home","https:\/\/www.youtube.com\/channel\/UCxL0wu1uN0_3_7hGG0306cw"]},{"@type":"Person","@id":"https:\/\/www.bellunopress.it\/#\/schema\/person\/79bb06722b37ece1c03d3e94beb30d73","name":"r\u00e9daction","image":{"@type":"ImageObject","inLanguage":"fr-FR","@id":"https:\/\/secure.gravatar.com\/avatar\/37d968a2e67a6fd04c169c4bdef102d0bc5d31b2546345219e348575eb80e9a0?s=96&d=mm&r=g","url":"https:\/\/secure.gravatar.com\/avatar\/37d968a2e67a6fd04c169c4bdef102d0bc5d31b2546345219e348575eb80e9a0?s=96&d=mm&r=g","contentUrl":"https:\/\/secure.gravatar.com\/avatar\/37d968a2e67a6fd04c169c4bdef102d0bc5d31b2546345219e348575eb80e9a0?s=96&d=mm&r=g","caption":"redazione"},"sameAs":["http:\/\/www.bellunopress.it","https:\/\/x.com\/bellunopress"],"url":"https:\/\/www.bellunopress.it\/fr\/author\/redazione\/"}]}},"_links":{"self":[{"href":"https:\/\/www.bellunopress.it\/fr\/wp-json\/wp\/v2\/posts\/154117","targetHints":{"allow":["GET"]}}],"collection":[{"href":"https:\/\/www.bellunopress.it\/fr\/wp-json\/wp\/v2\/posts"}],"about":[{"href":"https:\/\/www.bellunopress.it\/fr\/wp-json\/wp\/v2\/types\/post"}],"author":[{"embeddable":true,"href":"https:\/\/www.bellunopress.it\/fr\/wp-json\/wp\/v2\/users\/2"}],"replies":[{"embeddable":true,"href":"https:\/\/www.bellunopress.it\/fr\/wp-json\/wp\/v2\/comments?post=154117"}],"version-history":[{"count":1,"href":"https:\/\/www.bellunopress.it\/fr\/wp-json\/wp\/v2\/posts\/154117\/revisions"}],"predecessor-version":[{"id":154118,"href":"https:\/\/www.bellunopress.it\/fr\/wp-json\/wp\/v2\/posts\/154117\/revisions\/154118"}],"wp:featuredmedia":[{"embeddable":true,"href":"https:\/\/www.bellunopress.it\/fr\/wp-json\/wp\/v2\/media\/153844"}],"wp:attachment":[{"href":"https:\/\/www.bellunopress.it\/fr\/wp-json\/wp\/v2\/media?parent=154117"}],"wp:term":[{"taxonomy":"category","embeddable":true,"href":"https:\/\/www.bellunopress.it\/fr\/wp-json\/wp\/v2\/categories?post=154117"},{"taxonomy":"post_tag","embeddable":true,"href":"https:\/\/www.bellunopress.it\/fr\/wp-json\/wp\/v2\/tags?post=154117"}],"curies":[{"name":"wp","href":"https:\/\/api.w.org\/{rel}","templated":true}]}}