{"id":153702,"date":"2024-09-04T06:30:16","date_gmt":"2024-09-04T04:30:16","guid":{"rendered":"https:\/\/www.bellunopress.it\/?p=153702"},"modified":"2024-09-04T06:30:16","modified_gmt":"2024-09-04T04:30:16","slug":"francesco-sossai-alla-mostra-del-cinema-di-venezia-con-dolomiti-bellunesi","status":"publish","type":"post","link":"https:\/\/www.bellunopress.it\/fr\/2024\/09\/04\/francesco-sossai-alla-mostra-del-cinema-di-venezia-con-dolomiti-bellunesi\/","title":{"rendered":"Francesco Sossai alla Mostra del Cinema di Venezia con Dolomiti Bellunesi"},"content":{"rendered":"<p><img loading=\"lazy\" decoding=\"async\" class=\"aligncenter size-full wp-image-153703\" src=\"https:\/\/www.bellunopress.it\/wp-content\/uploads\/2024\/09\/SOSSAI-E-BONSEMPIANTE_edited.jpg\" alt=\"\" width=\"887\" height=\"670\" srcset=\"https:\/\/www.bellunopress.it\/wp-content\/uploads\/2024\/09\/SOSSAI-E-BONSEMPIANTE_edited.jpg 887w, https:\/\/www.bellunopress.it\/wp-content\/uploads\/2024\/09\/SOSSAI-E-BONSEMPIANTE_edited-500x378.jpg 500w, https:\/\/www.bellunopress.it\/wp-content\/uploads\/2024\/09\/SOSSAI-E-BONSEMPIANTE_edited-556x420.jpg 556w, https:\/\/www.bellunopress.it\/wp-content\/uploads\/2024\/09\/SOSSAI-E-BONSEMPIANTE_edited-80x60.jpg 80w, https:\/\/www.bellunopress.it\/wp-content\/uploads\/2024\/09\/SOSSAI-E-BONSEMPIANTE_edited-696x526.jpg 696w\" sizes=\"auto, (max-width: 887px) 100vw, 887px\" \/>All\u2019incontro organizzato dalla Fondazione Dolomiti Bellunesi alla Mostra del Cinema di Venezia Francesco Bonsempiante e Francesco Sossai hanno dialogato per un\u2019ora circa divagando su tanti argomenti che li uniscono da tempo.<br \/>\nEntrambi affascinati dai luoghi, da quelle piccole parti di mondo che selezionano per poi farle diventare il centro dei loro film e dal questo posto preciso e dettagliato parlano al mondo intero.<br \/>\nQuesto accade nella loro modalit\u00e0 di fare cinema. E ogni posto ha un film che in un altro posto sarebbe un altro film.<br \/>\nFrancesco Sossai \u00e8 di Sedico, qui \u00e8 nata la sua passione per il cinema grazie a una famiglia<br \/>\nappassionata di film e una biblioteca ben fornita dove si potevano prendere le VHS e portarle a casa.<br \/>\nE poi via a studiare fuori, a incontrare l\u2019Europa e il mondo per poi rendersi conto che con quegli strumenti eccezionali che il percorso professionale e gli studi gli avevano fornito solo casa, la Valbelluna, poteva essere il suo luogo dove produrre, dove girare, dove immaginare.<br \/>\n\u201cLa scelta di girare nel bellunese \u00e8 legata a motivazioni personali. Io non ho altra immaginazione<br \/>\nrispetto a altri luoghi, \u2013 ha dichiarato Francesco Sossai &#8211; ho vissuto altrove ma quello che leggo e sogno \u00e8 ambientato in Valbelluna perch\u00e9 quel luogo lo conosco profondamente e quando immagino una cosa la vedo l\u00e0.\u201d<br \/>\nSecondo Sossai il suo racconto d\u00e0 una visione non strumentale del luogo per dare una voce da dentro.<br \/>\n\u201cIo vorrei che fra 30 anni chi vorr\u00e0 vedere come era la Valbelluna di un tempo possa vederla nei miei film, nei miei racconti che siano testimonianza, fotografia di un\u2019epoca.\u201d<br \/>\nIl prossimo film di Sossai sar\u00e0 un road moovie sul paesaggio veneto, inizier\u00e0 a girare nel Bellunese nelle prossime settimane con un cast di oltre 40 persone.<br \/>\nPer la Fondazione Dmo Dolomiti la Mostra di Cinema \u00e8 da sempre un\u2019occasione importante che la Regione Veneto offre alle destinazioni.<br \/>\n\u201cDopo aver raccontato per due anni le produzioni televisive e cinematografiche del territorio, quest\u2019anno abbiamo scelto di valorizzare un talento bellunese. \u2013 commenta la direttrice della Fondazione Dolomiti Bellunesi Valentina Colleselli \u2013 Il messaggio importante da diffondere \u00e8 che la cultura crea professionalit\u00e0 e l\u2019arte cinematografica in un territorio montano come il nostro trova ispirazioni uniche. Avere un talento come Francesco Sossai che porta a livello internazionale i racconti del territorio per noi \u00e8 grande motivo di orgoglio.<\/p>","protected":false},"excerpt":{"rendered":"<p>All\u2019incontro organizzato dalla Fondazione Dolomiti Bellunesi alla Mostra del Cinema di Venezia Francesco Bonsempiante e Francesco Sossai hanno dialogato per un\u2019ora circa divagando su tanti argomenti che li uniscono da tempo. Entrambi affascinati dai luoghi, da quelle piccole parti di mondo che selezionano per poi farle diventare il centro dei loro film e dal questo [&hellip;]<\/p>\n","protected":false},"author":2,"featured_media":153703,"comment_status":"closed","ping_status":"open","sticky":false,"template":"","format":"standard","meta":{"footnotes":""},"categories":[3],"tags":[],"class_list":["post-153702","post","type-post","status-publish","format-standard","has-post-thumbnail","category-arte-cultura-spettacoli-scienza-archivi"],"yoast_head":"<!-- This site is optimized with the Yoast SEO plugin v28.4 - https:\/\/yoast.com\/product\/yoast-seo-wordpress\/ -->\n<title>Francesco Sossai alla Mostra del Cinema di Venezia con Dolomiti Bellunesi - Bellunopress - Dolomiti<\/title>\n<meta name=\"robots\" content=\"index, follow, max-snippet:-1, max-image-preview:large, max-video-preview:-1\" \/>\n<link rel=\"canonical\" href=\"https:\/\/www.bellunopress.it\/fr\/2024\/09\/04\/francesco-sossai-alla-mostra-del-cinema-di-venezia-con-dolomiti-bellunesi\/\" \/>\n<meta property=\"og:locale\" content=\"fr_FR\" \/>\n<meta property=\"og:type\" content=\"article\" \/>\n<meta property=\"og:title\" content=\"Francesco Sossai alla Mostra del Cinema di Venezia con Dolomiti Bellunesi - Bellunopress - Dolomiti\" \/>\n<meta property=\"og:description\" content=\"All\u2019incontro organizzato dalla Fondazione Dolomiti Bellunesi alla Mostra del Cinema di Venezia Francesco Bonsempiante e Francesco Sossai hanno dialogato per un\u2019ora circa divagando su tanti argomenti che li uniscono da tempo. Entrambi affascinati dai luoghi, da quelle piccole parti di mondo che selezionano per poi farle diventare il centro dei loro film e dal questo [&hellip;]\" \/>\n<meta property=\"og:url\" content=\"https:\/\/www.bellunopress.it\/fr\/2024\/09\/04\/francesco-sossai-alla-mostra-del-cinema-di-venezia-con-dolomiti-bellunesi\/\" \/>\n<meta property=\"og:site_name\" content=\"Bellunopress - Dolomiti\" \/>\n<meta property=\"article:publisher\" content=\"https:\/\/www.facebook.com\/profile.php?id=100008943462799\" \/>\n<meta property=\"article:published_time\" content=\"2024-09-04T04:30:16+00:00\" \/>\n<meta property=\"og:image\" content=\"https:\/\/www.bellunopress.it\/wp-content\/uploads\/2024\/09\/SOSSAI-E-BONSEMPIANTE_edited.jpg\" \/>\n\t<meta property=\"og:image:width\" content=\"887\" \/>\n\t<meta property=\"og:image:height\" content=\"670\" \/>\n\t<meta property=\"og:image:type\" content=\"image\/jpeg\" \/>\n<meta name=\"author\" content=\"redazione\" \/>\n<meta name=\"twitter:card\" content=\"summary_large_image\" \/>\n<meta name=\"twitter:creator\" content=\"@bellunopress\" \/>\n<meta name=\"twitter:site\" content=\"@bellunopress\" \/>\n<meta name=\"twitter:label1\" content=\"\u00c9crit par\" \/>\n\t<meta name=\"twitter:data1\" content=\"redazione\" \/>\n\t<meta name=\"twitter:label2\" content=\"Dur\u00e9e de lecture estim\u00e9e\" \/>\n\t<meta name=\"twitter:data2\" content=\"2 minutes\" \/>\n<script type=\"application\/ld+json\" class=\"yoast-schema-graph\">{\"@context\":\"https:\\\/\\\/schema.org\",\"@graph\":[{\"@type\":\"Article\",\"@id\":\"https:\\\/\\\/www.bellunopress.it\\\/2024\\\/09\\\/04\\\/francesco-sossai-alla-mostra-del-cinema-di-venezia-con-dolomiti-bellunesi\\\/#article\",\"isPartOf\":{\"@id\":\"https:\\\/\\\/www.bellunopress.it\\\/2024\\\/09\\\/04\\\/francesco-sossai-alla-mostra-del-cinema-di-venezia-con-dolomiti-bellunesi\\\/\"},\"author\":{\"name\":\"redazione\",\"@id\":\"https:\\\/\\\/www.bellunopress.it\\\/#\\\/schema\\\/person\\\/79bb06722b37ece1c03d3e94beb30d73\"},\"headline\":\"Francesco Sossai alla Mostra del Cinema di Venezia con Dolomiti Bellunesi\",\"datePublished\":\"2024-09-04T04:30:16+00:00\",\"mainEntityOfPage\":{\"@id\":\"https:\\\/\\\/www.bellunopress.it\\\/2024\\\/09\\\/04\\\/francesco-sossai-alla-mostra-del-cinema-di-venezia-con-dolomiti-bellunesi\\\/\"},\"wordCount\":401,\"publisher\":{\"@id\":\"https:\\\/\\\/www.bellunopress.it\\\/#organization\"},\"image\":{\"@id\":\"https:\\\/\\\/www.bellunopress.it\\\/2024\\\/09\\\/04\\\/francesco-sossai-alla-mostra-del-cinema-di-venezia-con-dolomiti-bellunesi\\\/#primaryimage\"},\"thumbnailUrl\":\"https:\\\/\\\/www.bellunopress.it\\\/wp-content\\\/uploads\\\/2024\\\/09\\\/SOSSAI-E-BONSEMPIANTE_edited.jpg\",\"articleSection\":[\"Arte, Cultura, Spettacoli, Scienza\"],\"inLanguage\":\"fr-FR\"},{\"@type\":\"WebPage\",\"@id\":\"https:\\\/\\\/www.bellunopress.it\\\/2024\\\/09\\\/04\\\/francesco-sossai-alla-mostra-del-cinema-di-venezia-con-dolomiti-bellunesi\\\/\",\"url\":\"https:\\\/\\\/www.bellunopress.it\\\/2024\\\/09\\\/04\\\/francesco-sossai-alla-mostra-del-cinema-di-venezia-con-dolomiti-bellunesi\\\/\",\"name\":\"Francesco Sossai alla Mostra del Cinema di Venezia con Dolomiti Bellunesi - Bellunopress - Dolomiti\",\"isPartOf\":{\"@id\":\"https:\\\/\\\/www.bellunopress.it\\\/#website\"},\"primaryImageOfPage\":{\"@id\":\"https:\\\/\\\/www.bellunopress.it\\\/2024\\\/09\\\/04\\\/francesco-sossai-alla-mostra-del-cinema-di-venezia-con-dolomiti-bellunesi\\\/#primaryimage\"},\"image\":{\"@id\":\"https:\\\/\\\/www.bellunopress.it\\\/2024\\\/09\\\/04\\\/francesco-sossai-alla-mostra-del-cinema-di-venezia-con-dolomiti-bellunesi\\\/#primaryimage\"},\"thumbnailUrl\":\"https:\\\/\\\/www.bellunopress.it\\\/wp-content\\\/uploads\\\/2024\\\/09\\\/SOSSAI-E-BONSEMPIANTE_edited.jpg\",\"datePublished\":\"2024-09-04T04:30:16+00:00\",\"breadcrumb\":{\"@id\":\"https:\\\/\\\/www.bellunopress.it\\\/2024\\\/09\\\/04\\\/francesco-sossai-alla-mostra-del-cinema-di-venezia-con-dolomiti-bellunesi\\\/#breadcrumb\"},\"inLanguage\":\"fr-FR\",\"potentialAction\":[{\"@type\":\"ReadAction\",\"target\":[\"https:\\\/\\\/www.bellunopress.it\\\/2024\\\/09\\\/04\\\/francesco-sossai-alla-mostra-del-cinema-di-venezia-con-dolomiti-bellunesi\\\/\"]}]},{\"@type\":\"ImageObject\",\"inLanguage\":\"fr-FR\",\"@id\":\"https:\\\/\\\/www.bellunopress.it\\\/2024\\\/09\\\/04\\\/francesco-sossai-alla-mostra-del-cinema-di-venezia-con-dolomiti-bellunesi\\\/#primaryimage\",\"url\":\"https:\\\/\\\/www.bellunopress.it\\\/wp-content\\\/uploads\\\/2024\\\/09\\\/SOSSAI-E-BONSEMPIANTE_edited.jpg\",\"contentUrl\":\"https:\\\/\\\/www.bellunopress.it\\\/wp-content\\\/uploads\\\/2024\\\/09\\\/SOSSAI-E-BONSEMPIANTE_edited.jpg\",\"width\":887,\"height\":670},{\"@type\":\"BreadcrumbList\",\"@id\":\"https:\\\/\\\/www.bellunopress.it\\\/2024\\\/09\\\/04\\\/francesco-sossai-alla-mostra-del-cinema-di-venezia-con-dolomiti-bellunesi\\\/#breadcrumb\",\"itemListElement\":[{\"@type\":\"ListItem\",\"position\":1,\"name\":\"Home\",\"item\":\"https:\\\/\\\/www.bellunopress.it\\\/\"},{\"@type\":\"ListItem\",\"position\":2,\"name\":\"Francesco Sossai alla Mostra del Cinema di Venezia con Dolomiti Bellunesi\"}]},{\"@type\":\"WebSite\",\"@id\":\"https:\\\/\\\/www.bellunopress.it\\\/#website\",\"url\":\"https:\\\/\\\/www.bellunopress.it\\\/\",\"name\":\"Bellunopress - Dolomiti\",\"description\":\"e-mail: redazione@bellunopress.it\",\"publisher\":{\"@id\":\"https:\\\/\\\/www.bellunopress.it\\\/#organization\"},\"potentialAction\":[{\"@type\":\"SearchAction\",\"target\":{\"@type\":\"EntryPoint\",\"urlTemplate\":\"https:\\\/\\\/www.bellunopress.it\\\/?s={search_term_string}\"},\"query-input\":{\"@type\":\"PropertyValueSpecification\",\"valueRequired\":true,\"valueName\":\"search_term_string\"}}],\"inLanguage\":\"fr-FR\"},{\"@type\":\"Organization\",\"@id\":\"https:\\\/\\\/www.bellunopress.it\\\/#organization\",\"name\":\"Bellunopress\",\"url\":\"https:\\\/\\\/www.bellunopress.it\\\/\",\"logo\":{\"@type\":\"ImageObject\",\"inLanguage\":\"fr-FR\",\"@id\":\"https:\\\/\\\/www.bellunopress.it\\\/#\\\/schema\\\/logo\\\/image\\\/\",\"url\":\"https:\\\/\\\/www.bellunopress.it\\\/wp-content\\\/uploads\\\/2011\\\/05\\\/cropped-logo-bellunopress-.jpg\",\"contentUrl\":\"https:\\\/\\\/www.bellunopress.it\\\/wp-content\\\/uploads\\\/2011\\\/05\\\/cropped-logo-bellunopress-.jpg\",\"width\":512,\"height\":512,\"caption\":\"Bellunopress\"},\"image\":{\"@id\":\"https:\\\/\\\/www.bellunopress.it\\\/#\\\/schema\\\/logo\\\/image\\\/\"},\"sameAs\":[\"https:\\\/\\\/www.facebook.com\\\/profile.php?id=100008943462799\",\"https:\\\/\\\/x.com\\\/bellunopress\",\"https:\\\/\\\/www.linkedin.com\\\/hp\\\/?dnr=JBzUWaJfMUw8vbXJJ2tVW5-I3jZKvC4wsoxE&amp;amp;amp;amp;amp;amp;trk=nav_responsive_tab_home\",\"https:\\\/\\\/www.youtube.com\\\/channel\\\/UCxL0wu1uN0_3_7hGG0306cw\"]},{\"@type\":\"Person\",\"@id\":\"https:\\\/\\\/www.bellunopress.it\\\/#\\\/schema\\\/person\\\/79bb06722b37ece1c03d3e94beb30d73\",\"name\":\"redazione\",\"image\":{\"@type\":\"ImageObject\",\"inLanguage\":\"fr-FR\",\"@id\":\"https:\\\/\\\/secure.gravatar.com\\\/avatar\\\/37d968a2e67a6fd04c169c4bdef102d0bc5d31b2546345219e348575eb80e9a0?s=96&d=mm&r=g\",\"url\":\"https:\\\/\\\/secure.gravatar.com\\\/avatar\\\/37d968a2e67a6fd04c169c4bdef102d0bc5d31b2546345219e348575eb80e9a0?s=96&d=mm&r=g\",\"contentUrl\":\"https:\\\/\\\/secure.gravatar.com\\\/avatar\\\/37d968a2e67a6fd04c169c4bdef102d0bc5d31b2546345219e348575eb80e9a0?s=96&d=mm&r=g\",\"caption\":\"redazione\"},\"sameAs\":[\"http:\\\/\\\/www.bellunopress.it\",\"https:\\\/\\\/x.com\\\/bellunopress\"],\"url\":\"https:\\\/\\\/www.bellunopress.it\\\/fr\\\/author\\\/redazione\\\/\"}]}<\/script>\n<!-- \/ Yoast SEO plugin. -->","yoast_head_json":{"title":"Francesco Sossai alla Mostra del Cinema di Venezia con Dolomiti Bellunesi - Bellunopress - Dolomiti","robots":{"index":"index","follow":"follow","max-snippet":"max-snippet:-1","max-image-preview":"max-image-preview:large","max-video-preview":"max-video-preview:-1"},"canonical":"https:\/\/www.bellunopress.it\/fr\/2024\/09\/04\/francesco-sossai-alla-mostra-del-cinema-di-venezia-con-dolomiti-bellunesi\/","og_locale":"fr_FR","og_type":"article","og_title":"Francesco Sossai alla Mostra del Cinema di Venezia con Dolomiti Bellunesi - Bellunopress - Dolomiti","og_description":"All\u2019incontro organizzato dalla Fondazione Dolomiti Bellunesi alla Mostra del Cinema di Venezia Francesco Bonsempiante e Francesco Sossai hanno dialogato per un\u2019ora circa divagando su tanti argomenti che li uniscono da tempo. Entrambi affascinati dai luoghi, da quelle piccole parti di mondo che selezionano per poi farle diventare il centro dei loro film e dal questo [&hellip;]","og_url":"https:\/\/www.bellunopress.it\/fr\/2024\/09\/04\/francesco-sossai-alla-mostra-del-cinema-di-venezia-con-dolomiti-bellunesi\/","og_site_name":"Bellunopress - Dolomiti","article_publisher":"https:\/\/www.facebook.com\/profile.php?id=100008943462799","article_published_time":"2024-09-04T04:30:16+00:00","og_image":[{"width":887,"height":670,"url":"https:\/\/www.bellunopress.it\/wp-content\/uploads\/2024\/09\/SOSSAI-E-BONSEMPIANTE_edited.jpg","type":"image\/jpeg"}],"author":"redazione","twitter_card":"summary_large_image","twitter_creator":"@bellunopress","twitter_site":"@bellunopress","twitter_misc":{"\u00c9crit par":"redazione","Dur\u00e9e de lecture estim\u00e9e":"2 minutes"},"schema":{"@context":"https:\/\/schema.org","@graph":[{"@type":"Article","@id":"https:\/\/www.bellunopress.it\/2024\/09\/04\/francesco-sossai-alla-mostra-del-cinema-di-venezia-con-dolomiti-bellunesi\/#article","isPartOf":{"@id":"https:\/\/www.bellunopress.it\/2024\/09\/04\/francesco-sossai-alla-mostra-del-cinema-di-venezia-con-dolomiti-bellunesi\/"},"author":{"name":"redazione","@id":"https:\/\/www.bellunopress.it\/#\/schema\/person\/79bb06722b37ece1c03d3e94beb30d73"},"headline":"Francesco Sossai alla Mostra del Cinema di Venezia con Dolomiti Bellunesi","datePublished":"2024-09-04T04:30:16+00:00","mainEntityOfPage":{"@id":"https:\/\/www.bellunopress.it\/2024\/09\/04\/francesco-sossai-alla-mostra-del-cinema-di-venezia-con-dolomiti-bellunesi\/"},"wordCount":401,"publisher":{"@id":"https:\/\/www.bellunopress.it\/#organization"},"image":{"@id":"https:\/\/www.bellunopress.it\/2024\/09\/04\/francesco-sossai-alla-mostra-del-cinema-di-venezia-con-dolomiti-bellunesi\/#primaryimage"},"thumbnailUrl":"https:\/\/www.bellunopress.it\/wp-content\/uploads\/2024\/09\/SOSSAI-E-BONSEMPIANTE_edited.jpg","articleSection":["Arte, Cultura, Spettacoli, Scienza"],"inLanguage":"fr-FR"},{"@type":"WebPage","@id":"https:\/\/www.bellunopress.it\/2024\/09\/04\/francesco-sossai-alla-mostra-del-cinema-di-venezia-con-dolomiti-bellunesi\/","url":"https:\/\/www.bellunopress.it\/2024\/09\/04\/francesco-sossai-alla-mostra-del-cinema-di-venezia-con-dolomiti-bellunesi\/","name":"Francesco Sossai alla Mostra del Cinema di Venezia con Dolomiti Bellunesi - Bellunopress - Dolomiti","isPartOf":{"@id":"https:\/\/www.bellunopress.it\/#website"},"primaryImageOfPage":{"@id":"https:\/\/www.bellunopress.it\/2024\/09\/04\/francesco-sossai-alla-mostra-del-cinema-di-venezia-con-dolomiti-bellunesi\/#primaryimage"},"image":{"@id":"https:\/\/www.bellunopress.it\/2024\/09\/04\/francesco-sossai-alla-mostra-del-cinema-di-venezia-con-dolomiti-bellunesi\/#primaryimage"},"thumbnailUrl":"https:\/\/www.bellunopress.it\/wp-content\/uploads\/2024\/09\/SOSSAI-E-BONSEMPIANTE_edited.jpg","datePublished":"2024-09-04T04:30:16+00:00","breadcrumb":{"@id":"https:\/\/www.bellunopress.it\/2024\/09\/04\/francesco-sossai-alla-mostra-del-cinema-di-venezia-con-dolomiti-bellunesi\/#breadcrumb"},"inLanguage":"fr-FR","potentialAction":[{"@type":"ReadAction","target":["https:\/\/www.bellunopress.it\/2024\/09\/04\/francesco-sossai-alla-mostra-del-cinema-di-venezia-con-dolomiti-bellunesi\/"]}]},{"@type":"ImageObject","inLanguage":"fr-FR","@id":"https:\/\/www.bellunopress.it\/2024\/09\/04\/francesco-sossai-alla-mostra-del-cinema-di-venezia-con-dolomiti-bellunesi\/#primaryimage","url":"https:\/\/www.bellunopress.it\/wp-content\/uploads\/2024\/09\/SOSSAI-E-BONSEMPIANTE_edited.jpg","contentUrl":"https:\/\/www.bellunopress.it\/wp-content\/uploads\/2024\/09\/SOSSAI-E-BONSEMPIANTE_edited.jpg","width":887,"height":670},{"@type":"BreadcrumbList","@id":"https:\/\/www.bellunopress.it\/2024\/09\/04\/francesco-sossai-alla-mostra-del-cinema-di-venezia-con-dolomiti-bellunesi\/#breadcrumb","itemListElement":[{"@type":"ListItem","position":1,"name":"Home","item":"https:\/\/www.bellunopress.it\/"},{"@type":"ListItem","position":2,"name":"Francesco Sossai alla Mostra del Cinema di Venezia con Dolomiti Bellunesi"}]},{"@type":"WebSite","@id":"https:\/\/www.bellunopress.it\/#website","url":"https:\/\/www.bellunopress.it\/","name":"Bellunopress - Dolomiti","description":"e-mail: redazione@bellunopress.it","publisher":{"@id":"https:\/\/www.bellunopress.it\/#organization"},"potentialAction":[{"@type":"SearchAction","target":{"@type":"EntryPoint","urlTemplate":"https:\/\/www.bellunopress.it\/?s={search_term_string}"},"query-input":{"@type":"PropertyValueSpecification","valueRequired":true,"valueName":"search_term_string"}}],"inLanguage":"fr-FR"},{"@type":"Organization","@id":"https:\/\/www.bellunopress.it\/#organization","name":"Bellunopress","url":"https:\/\/www.bellunopress.it\/","logo":{"@type":"ImageObject","inLanguage":"fr-FR","@id":"https:\/\/www.bellunopress.it\/#\/schema\/logo\/image\/","url":"https:\/\/www.bellunopress.it\/wp-content\/uploads\/2011\/05\/cropped-logo-bellunopress-.jpg","contentUrl":"https:\/\/www.bellunopress.it\/wp-content\/uploads\/2011\/05\/cropped-logo-bellunopress-.jpg","width":512,"height":512,"caption":"Bellunopress"},"image":{"@id":"https:\/\/www.bellunopress.it\/#\/schema\/logo\/image\/"},"sameAs":["https:\/\/www.facebook.com\/profile.php?id=100008943462799","https:\/\/x.com\/bellunopress","https:\/\/www.linkedin.com\/hp\/?dnr=JBzUWaJfMUw8vbXJJ2tVW5-I3jZKvC4wsoxE&amp;amp;amp;amp;amp;amp;trk=nav_responsive_tab_home","https:\/\/www.youtube.com\/channel\/UCxL0wu1uN0_3_7hGG0306cw"]},{"@type":"Person","@id":"https:\/\/www.bellunopress.it\/#\/schema\/person\/79bb06722b37ece1c03d3e94beb30d73","name":"r\u00e9daction","image":{"@type":"ImageObject","inLanguage":"fr-FR","@id":"https:\/\/secure.gravatar.com\/avatar\/37d968a2e67a6fd04c169c4bdef102d0bc5d31b2546345219e348575eb80e9a0?s=96&d=mm&r=g","url":"https:\/\/secure.gravatar.com\/avatar\/37d968a2e67a6fd04c169c4bdef102d0bc5d31b2546345219e348575eb80e9a0?s=96&d=mm&r=g","contentUrl":"https:\/\/secure.gravatar.com\/avatar\/37d968a2e67a6fd04c169c4bdef102d0bc5d31b2546345219e348575eb80e9a0?s=96&d=mm&r=g","caption":"redazione"},"sameAs":["http:\/\/www.bellunopress.it","https:\/\/x.com\/bellunopress"],"url":"https:\/\/www.bellunopress.it\/fr\/author\/redazione\/"}]}},"_links":{"self":[{"href":"https:\/\/www.bellunopress.it\/fr\/wp-json\/wp\/v2\/posts\/153702","targetHints":{"allow":["GET"]}}],"collection":[{"href":"https:\/\/www.bellunopress.it\/fr\/wp-json\/wp\/v2\/posts"}],"about":[{"href":"https:\/\/www.bellunopress.it\/fr\/wp-json\/wp\/v2\/types\/post"}],"author":[{"embeddable":true,"href":"https:\/\/www.bellunopress.it\/fr\/wp-json\/wp\/v2\/users\/2"}],"replies":[{"embeddable":true,"href":"https:\/\/www.bellunopress.it\/fr\/wp-json\/wp\/v2\/comments?post=153702"}],"version-history":[{"count":1,"href":"https:\/\/www.bellunopress.it\/fr\/wp-json\/wp\/v2\/posts\/153702\/revisions"}],"predecessor-version":[{"id":153704,"href":"https:\/\/www.bellunopress.it\/fr\/wp-json\/wp\/v2\/posts\/153702\/revisions\/153704"}],"wp:featuredmedia":[{"embeddable":true,"href":"https:\/\/www.bellunopress.it\/fr\/wp-json\/wp\/v2\/media\/153703"}],"wp:attachment":[{"href":"https:\/\/www.bellunopress.it\/fr\/wp-json\/wp\/v2\/media?parent=153702"}],"wp:term":[{"taxonomy":"category","embeddable":true,"href":"https:\/\/www.bellunopress.it\/fr\/wp-json\/wp\/v2\/categories?post=153702"},{"taxonomy":"post_tag","embeddable":true,"href":"https:\/\/www.bellunopress.it\/fr\/wp-json\/wp\/v2\/tags?post=153702"}],"curies":[{"name":"wp","href":"https:\/\/api.w.org\/{rel}","templated":true}]}}