{"id":153697,"date":"2024-09-03T22:35:14","date_gmt":"2024-09-03T20:35:14","guid":{"rendered":"https:\/\/www.bellunopress.it\/?p=153697"},"modified":"2024-09-03T22:35:14","modified_gmt":"2024-09-03T20:35:14","slug":"avvicendamento-in-questura-sofia-pierini-subentra-a-valentina-benvegnu-alla-direzione-dellufficio-prevenzione-generale-e-soccorso-pubblico","status":"publish","type":"post","link":"https:\/\/www.bellunopress.it\/fr\/2024\/09\/03\/avvicendamento-in-questura-sofia-pierini-subentra-a-valentina-benvegnu-alla-direzione-dellufficio-prevenzione-generale-e-soccorso-pubblico\/","title":{"rendered":"Avvicendamento in Questura. Sofia Pierini subentra a Valentina Benvegn\u00f9 alla direzione dell&#8217;Ufficio prevenzione generale e soccorso pubblico"},"content":{"rendered":"<p><img loading=\"lazy\" decoding=\"async\" class=\"aligncenter size-full wp-image-153698\" src=\"https:\/\/www.bellunopress.it\/wp-content\/uploads\/2024\/09\/questore-Zerilli-Sofia-Pierini-Valentina-Benvegnu_edited.jpg\" alt=\"\" width=\"1000\" height=\"764\" srcset=\"https:\/\/www.bellunopress.it\/wp-content\/uploads\/2024\/09\/questore-Zerilli-Sofia-Pierini-Valentina-Benvegnu_edited.jpg 1000w, https:\/\/www.bellunopress.it\/wp-content\/uploads\/2024\/09\/questore-Zerilli-Sofia-Pierini-Valentina-Benvegnu_edited-500x382.jpg 500w, https:\/\/www.bellunopress.it\/wp-content\/uploads\/2024\/09\/questore-Zerilli-Sofia-Pierini-Valentina-Benvegnu_edited-550x420.jpg 550w, https:\/\/www.bellunopress.it\/wp-content\/uploads\/2024\/09\/questore-Zerilli-Sofia-Pierini-Valentina-Benvegnu_edited-80x60.jpg 80w, https:\/\/www.bellunopress.it\/wp-content\/uploads\/2024\/09\/questore-Zerilli-Sofia-Pierini-Valentina-Benvegnu_edited-696x532.jpg 696w\" sizes=\"auto, (max-width: 1000px) 100vw, 1000px\" \/><\/p>\n<figure id=\"attachment_153699\" aria-describedby=\"caption-attachment-153699\" style=\"width: 806px\" class=\"wp-caption aligncenter\"><img loading=\"lazy\" decoding=\"async\" class=\"size-full wp-image-153699\" src=\"https:\/\/www.bellunopress.it\/wp-content\/uploads\/2024\/09\/commissario-Sofia-Pierini_edited.jpg\" alt=\"\" width=\"806\" height=\"1000\" srcset=\"https:\/\/www.bellunopress.it\/wp-content\/uploads\/2024\/09\/commissario-Sofia-Pierini_edited.jpg 806w, https:\/\/www.bellunopress.it\/wp-content\/uploads\/2024\/09\/commissario-Sofia-Pierini_edited-403x500.jpg 403w, https:\/\/www.bellunopress.it\/wp-content\/uploads\/2024\/09\/commissario-Sofia-Pierini_edited-339x420.jpg 339w, https:\/\/www.bellunopress.it\/wp-content\/uploads\/2024\/09\/commissario-Sofia-Pierini_edited-696x864.jpg 696w\" sizes=\"auto, (max-width: 806px) 100vw, 806px\" \/><figcaption id=\"caption-attachment-153699\" class=\"wp-caption-text\">Sofia Pierini, commissario della Polizia di Stato<\/figcaption><\/figure>\n<p>Il commissario Sofia Pierini, 28enne di Macerata, \u00e8 la nuova dirigente della Polizia di Stato che subentra al comando dell\u2019Ufficio prevenzione generale e soccorso pubblico (in sigla UPG e SP) alla pari grado Valentina Benvegn\u00f9 destinata alla Questura di Torino.<br \/>\nLaureata in Giurisprudenza, con master in Comunicazione al Consolato d\u2019Italia a New York, e master in diritto penale al Foro di Macerata, la dottoressa Pierini conosce l\u2019inglese e lo spagnolo.<\/p>\n<p>Il questore di Belluno Francesco Zerilli, nel presentare la nuova dirigente della Polizia di Stato, ha colto l\u2019occasione per ringraziare la dottoressa Valentina Benvegn\u00f9 che lascia Belluno dopo due anni di \u201cuna intensa attivit\u00e0, portata avanti con professionalit\u00e0\u201d. Il questore ha citato alcuni dati: 3582 interventi, 27 arresti e 472 denunciati. Ha inoltre posto l\u2019accento sulla trattazione nelle scuole dei temi della sessualit\u00e0 e della violenza curato dalla dottoressa Benvegn\u00f9. \u201cOggi infatti \u2013 ha detto il questore \u2013 molti ragazzi hanno libero accesso a contenuti estremi di pornografia e violenza che trovano in rete, che producono delle deformazioni comportamentali. Un settore poco indagato in sede nazionale, che nelle scuole bellunesi ha avuto un grande successo. Inoltre \u2013 ha proseguito il questore \u2013 abbiamo organizzato un pool di professionisti, che a titolo gratuito forniscono informazioni di natura economica e giuridica alle donne che ne facciano richiesta\u201d.<\/p>\n<figure id=\"attachment_153700\" aria-describedby=\"caption-attachment-153700\" style=\"width: 771px\" class=\"wp-caption aligncenter\"><img loading=\"lazy\" decoding=\"async\" class=\"size-full wp-image-153700\" src=\"https:\/\/www.bellunopress.it\/wp-content\/uploads\/2024\/09\/questore-commissario-valentina-benvegnu_edited.jpg\" alt=\"\" width=\"771\" height=\"922\" srcset=\"https:\/\/www.bellunopress.it\/wp-content\/uploads\/2024\/09\/questore-commissario-valentina-benvegnu_edited.jpg 771w, https:\/\/www.bellunopress.it\/wp-content\/uploads\/2024\/09\/questore-commissario-valentina-benvegnu_edited-418x500.jpg 418w, https:\/\/www.bellunopress.it\/wp-content\/uploads\/2024\/09\/questore-commissario-valentina-benvegnu_edited-351x420.jpg 351w, https:\/\/www.bellunopress.it\/wp-content\/uploads\/2024\/09\/questore-commissario-valentina-benvegnu_edited-696x832.jpg 696w\" sizes=\"auto, (max-width: 771px) 100vw, 771px\" \/><figcaption id=\"caption-attachment-153700\" class=\"wp-caption-text\">Valentina Benvegn\u00f9, commissario della Polizia di Stato<\/figcaption><\/figure>\n<p>\u201cLascio alla collega una squadra e una rete di contatti \u2013 ha concluso la dirigente Valentina Benvegn\u00f9 \u2013 per poter affrontare le insidie che si presentano ai giovani, la violenza di genere, codice rosso, le insidie tra le mura domestiche\u201d.<\/p>","protected":false},"excerpt":{"rendered":"<p>Il commissario Sofia Pierini, 28enne di Macerata, \u00e8 la nuova dirigente della Polizia di Stato che subentra al comando dell\u2019Ufficio prevenzione generale e soccorso pubblico (in sigla UPG e SP) alla pari grado Valentina Benvegn\u00f9 destinata alla Questura di Torino. Laureata in Giurisprudenza, con master in Comunicazione al Consolato d\u2019Italia a New York, e master [&hellip;]<\/p>\n","protected":false},"author":2,"featured_media":153698,"comment_status":"closed","ping_status":"open","sticky":false,"template":"","format":"standard","meta":{"footnotes":""},"categories":[5,26,8],"tags":[],"class_list":["post-153697","post","type-post","status-publish","format-standard","has-post-thumbnail","category-cronaca","category-prima-pagina","category-societa-istituzioni"],"yoast_head":"<!-- This site is optimized with the Yoast SEO plugin v28.4 - https:\/\/yoast.com\/product\/yoast-seo-wordpress\/ -->\n<title>Avvicendamento in Questura. Sofia Pierini subentra a Valentina Benvegn\u00f9 alla direzione dell&#039;Ufficio prevenzione generale e soccorso pubblico - Bellunopress - Dolomiti<\/title>\n<meta name=\"robots\" content=\"index, follow, max-snippet:-1, max-image-preview:large, max-video-preview:-1\" \/>\n<link rel=\"canonical\" href=\"https:\/\/www.bellunopress.it\/fr\/2024\/09\/03\/avvicendamento-in-questura-sofia-pierini-subentra-a-valentina-benvegnu-alla-direzione-dellufficio-prevenzione-generale-e-soccorso-pubblico\/\" \/>\n<meta property=\"og:locale\" content=\"fr_FR\" \/>\n<meta property=\"og:type\" content=\"article\" \/>\n<meta property=\"og:title\" content=\"Avvicendamento in Questura. Sofia Pierini subentra a Valentina Benvegn\u00f9 alla direzione dell&#039;Ufficio prevenzione generale e soccorso pubblico - Bellunopress - Dolomiti\" \/>\n<meta property=\"og:description\" content=\"Il commissario Sofia Pierini, 28enne di Macerata, \u00e8 la nuova dirigente della Polizia di Stato che subentra al comando dell\u2019Ufficio prevenzione generale e soccorso pubblico (in sigla UPG e SP) alla pari grado Valentina Benvegn\u00f9 destinata alla Questura di Torino. Laureata in Giurisprudenza, con master in Comunicazione al Consolato d\u2019Italia a New York, e master [&hellip;]\" \/>\n<meta property=\"og:url\" content=\"https:\/\/www.bellunopress.it\/fr\/2024\/09\/03\/avvicendamento-in-questura-sofia-pierini-subentra-a-valentina-benvegnu-alla-direzione-dellufficio-prevenzione-generale-e-soccorso-pubblico\/\" \/>\n<meta property=\"og:site_name\" content=\"Bellunopress - Dolomiti\" \/>\n<meta property=\"article:publisher\" content=\"https:\/\/www.facebook.com\/profile.php?id=100008943462799\" \/>\n<meta property=\"article:published_time\" content=\"2024-09-03T20:35:14+00:00\" \/>\n<meta property=\"og:image\" content=\"https:\/\/www.bellunopress.it\/wp-content\/uploads\/2024\/09\/questore-Zerilli-Sofia-Pierini-Valentina-Benvegnu_edited.jpg\" \/>\n\t<meta property=\"og:image:width\" content=\"1000\" \/>\n\t<meta property=\"og:image:height\" content=\"764\" \/>\n\t<meta property=\"og:image:type\" content=\"image\/jpeg\" \/>\n<meta name=\"author\" content=\"redazione\" \/>\n<meta name=\"twitter:card\" content=\"summary_large_image\" \/>\n<meta name=\"twitter:creator\" content=\"@bellunopress\" \/>\n<meta name=\"twitter:site\" content=\"@bellunopress\" \/>\n<meta name=\"twitter:label1\" content=\"\u00c9crit par\" \/>\n\t<meta name=\"twitter:data1\" content=\"redazione\" \/>\n\t<meta name=\"twitter:label2\" content=\"Dur\u00e9e de lecture estim\u00e9e\" \/>\n\t<meta name=\"twitter:data2\" content=\"1 minute\" \/>\n<script type=\"application\/ld+json\" class=\"yoast-schema-graph\">{\"@context\":\"https:\\\/\\\/schema.org\",\"@graph\":[{\"@type\":\"Article\",\"@id\":\"https:\\\/\\\/www.bellunopress.it\\\/2024\\\/09\\\/03\\\/avvicendamento-in-questura-sofia-pierini-subentra-a-valentina-benvegnu-alla-direzione-dellufficio-prevenzione-generale-e-soccorso-pubblico\\\/#article\",\"isPartOf\":{\"@id\":\"https:\\\/\\\/www.bellunopress.it\\\/2024\\\/09\\\/03\\\/avvicendamento-in-questura-sofia-pierini-subentra-a-valentina-benvegnu-alla-direzione-dellufficio-prevenzione-generale-e-soccorso-pubblico\\\/\"},\"author\":{\"name\":\"redazione\",\"@id\":\"https:\\\/\\\/www.bellunopress.it\\\/#\\\/schema\\\/person\\\/79bb06722b37ece1c03d3e94beb30d73\"},\"headline\":\"Avvicendamento in Questura. Sofia Pierini subentra a Valentina Benvegn\u00f9 alla direzione dell&#8217;Ufficio prevenzione generale e soccorso pubblico\",\"datePublished\":\"2024-09-03T20:35:14+00:00\",\"mainEntityOfPage\":{\"@id\":\"https:\\\/\\\/www.bellunopress.it\\\/2024\\\/09\\\/03\\\/avvicendamento-in-questura-sofia-pierini-subentra-a-valentina-benvegnu-alla-direzione-dellufficio-prevenzione-generale-e-soccorso-pubblico\\\/\"},\"wordCount\":296,\"publisher\":{\"@id\":\"https:\\\/\\\/www.bellunopress.it\\\/#organization\"},\"image\":{\"@id\":\"https:\\\/\\\/www.bellunopress.it\\\/2024\\\/09\\\/03\\\/avvicendamento-in-questura-sofia-pierini-subentra-a-valentina-benvegnu-alla-direzione-dellufficio-prevenzione-generale-e-soccorso-pubblico\\\/#primaryimage\"},\"thumbnailUrl\":\"https:\\\/\\\/www.bellunopress.it\\\/wp-content\\\/uploads\\\/2024\\\/09\\\/questore-Zerilli-Sofia-Pierini-Valentina-Benvegnu_edited.jpg\",\"articleSection\":[\"Cronaca\\\/Politica\",\"Prima Pagina\",\"Societ\u00e0, Associazioni, Istituzioni\"],\"inLanguage\":\"fr-FR\"},{\"@type\":\"WebPage\",\"@id\":\"https:\\\/\\\/www.bellunopress.it\\\/2024\\\/09\\\/03\\\/avvicendamento-in-questura-sofia-pierini-subentra-a-valentina-benvegnu-alla-direzione-dellufficio-prevenzione-generale-e-soccorso-pubblico\\\/\",\"url\":\"https:\\\/\\\/www.bellunopress.it\\\/2024\\\/09\\\/03\\\/avvicendamento-in-questura-sofia-pierini-subentra-a-valentina-benvegnu-alla-direzione-dellufficio-prevenzione-generale-e-soccorso-pubblico\\\/\",\"name\":\"Avvicendamento in Questura. Sofia Pierini subentra a Valentina Benvegn\u00f9 alla direzione dell'Ufficio prevenzione generale e soccorso pubblico - Bellunopress - Dolomiti\",\"isPartOf\":{\"@id\":\"https:\\\/\\\/www.bellunopress.it\\\/#website\"},\"primaryImageOfPage\":{\"@id\":\"https:\\\/\\\/www.bellunopress.it\\\/2024\\\/09\\\/03\\\/avvicendamento-in-questura-sofia-pierini-subentra-a-valentina-benvegnu-alla-direzione-dellufficio-prevenzione-generale-e-soccorso-pubblico\\\/#primaryimage\"},\"image\":{\"@id\":\"https:\\\/\\\/www.bellunopress.it\\\/2024\\\/09\\\/03\\\/avvicendamento-in-questura-sofia-pierini-subentra-a-valentina-benvegnu-alla-direzione-dellufficio-prevenzione-generale-e-soccorso-pubblico\\\/#primaryimage\"},\"thumbnailUrl\":\"https:\\\/\\\/www.bellunopress.it\\\/wp-content\\\/uploads\\\/2024\\\/09\\\/questore-Zerilli-Sofia-Pierini-Valentina-Benvegnu_edited.jpg\",\"datePublished\":\"2024-09-03T20:35:14+00:00\",\"breadcrumb\":{\"@id\":\"https:\\\/\\\/www.bellunopress.it\\\/2024\\\/09\\\/03\\\/avvicendamento-in-questura-sofia-pierini-subentra-a-valentina-benvegnu-alla-direzione-dellufficio-prevenzione-generale-e-soccorso-pubblico\\\/#breadcrumb\"},\"inLanguage\":\"fr-FR\",\"potentialAction\":[{\"@type\":\"ReadAction\",\"target\":[\"https:\\\/\\\/www.bellunopress.it\\\/2024\\\/09\\\/03\\\/avvicendamento-in-questura-sofia-pierini-subentra-a-valentina-benvegnu-alla-direzione-dellufficio-prevenzione-generale-e-soccorso-pubblico\\\/\"]}]},{\"@type\":\"ImageObject\",\"inLanguage\":\"fr-FR\",\"@id\":\"https:\\\/\\\/www.bellunopress.it\\\/2024\\\/09\\\/03\\\/avvicendamento-in-questura-sofia-pierini-subentra-a-valentina-benvegnu-alla-direzione-dellufficio-prevenzione-generale-e-soccorso-pubblico\\\/#primaryimage\",\"url\":\"https:\\\/\\\/www.bellunopress.it\\\/wp-content\\\/uploads\\\/2024\\\/09\\\/questore-Zerilli-Sofia-Pierini-Valentina-Benvegnu_edited.jpg\",\"contentUrl\":\"https:\\\/\\\/www.bellunopress.it\\\/wp-content\\\/uploads\\\/2024\\\/09\\\/questore-Zerilli-Sofia-Pierini-Valentina-Benvegnu_edited.jpg\",\"width\":1000,\"height\":764},{\"@type\":\"BreadcrumbList\",\"@id\":\"https:\\\/\\\/www.bellunopress.it\\\/2024\\\/09\\\/03\\\/avvicendamento-in-questura-sofia-pierini-subentra-a-valentina-benvegnu-alla-direzione-dellufficio-prevenzione-generale-e-soccorso-pubblico\\\/#breadcrumb\",\"itemListElement\":[{\"@type\":\"ListItem\",\"position\":1,\"name\":\"Home\",\"item\":\"https:\\\/\\\/www.bellunopress.it\\\/\"},{\"@type\":\"ListItem\",\"position\":2,\"name\":\"Avvicendamento in Questura. Sofia Pierini subentra a Valentina Benvegn\u00f9 alla direzione dell&#8217;Ufficio prevenzione generale e soccorso pubblico\"}]},{\"@type\":\"WebSite\",\"@id\":\"https:\\\/\\\/www.bellunopress.it\\\/#website\",\"url\":\"https:\\\/\\\/www.bellunopress.it\\\/\",\"name\":\"Bellunopress - Dolomiti\",\"description\":\"e-mail: redazione@bellunopress.it\",\"publisher\":{\"@id\":\"https:\\\/\\\/www.bellunopress.it\\\/#organization\"},\"potentialAction\":[{\"@type\":\"SearchAction\",\"target\":{\"@type\":\"EntryPoint\",\"urlTemplate\":\"https:\\\/\\\/www.bellunopress.it\\\/?s={search_term_string}\"},\"query-input\":{\"@type\":\"PropertyValueSpecification\",\"valueRequired\":true,\"valueName\":\"search_term_string\"}}],\"inLanguage\":\"fr-FR\"},{\"@type\":\"Organization\",\"@id\":\"https:\\\/\\\/www.bellunopress.it\\\/#organization\",\"name\":\"Bellunopress\",\"url\":\"https:\\\/\\\/www.bellunopress.it\\\/\",\"logo\":{\"@type\":\"ImageObject\",\"inLanguage\":\"fr-FR\",\"@id\":\"https:\\\/\\\/www.bellunopress.it\\\/#\\\/schema\\\/logo\\\/image\\\/\",\"url\":\"https:\\\/\\\/www.bellunopress.it\\\/wp-content\\\/uploads\\\/2011\\\/05\\\/cropped-logo-bellunopress-.jpg\",\"contentUrl\":\"https:\\\/\\\/www.bellunopress.it\\\/wp-content\\\/uploads\\\/2011\\\/05\\\/cropped-logo-bellunopress-.jpg\",\"width\":512,\"height\":512,\"caption\":\"Bellunopress\"},\"image\":{\"@id\":\"https:\\\/\\\/www.bellunopress.it\\\/#\\\/schema\\\/logo\\\/image\\\/\"},\"sameAs\":[\"https:\\\/\\\/www.facebook.com\\\/profile.php?id=100008943462799\",\"https:\\\/\\\/x.com\\\/bellunopress\",\"https:\\\/\\\/www.linkedin.com\\\/hp\\\/?dnr=JBzUWaJfMUw8vbXJJ2tVW5-I3jZKvC4wsoxE&amp;amp;amp;amp;amp;amp;trk=nav_responsive_tab_home\",\"https:\\\/\\\/www.youtube.com\\\/channel\\\/UCxL0wu1uN0_3_7hGG0306cw\"]},{\"@type\":\"Person\",\"@id\":\"https:\\\/\\\/www.bellunopress.it\\\/#\\\/schema\\\/person\\\/79bb06722b37ece1c03d3e94beb30d73\",\"name\":\"redazione\",\"image\":{\"@type\":\"ImageObject\",\"inLanguage\":\"fr-FR\",\"@id\":\"https:\\\/\\\/secure.gravatar.com\\\/avatar\\\/37d968a2e67a6fd04c169c4bdef102d0bc5d31b2546345219e348575eb80e9a0?s=96&d=mm&r=g\",\"url\":\"https:\\\/\\\/secure.gravatar.com\\\/avatar\\\/37d968a2e67a6fd04c169c4bdef102d0bc5d31b2546345219e348575eb80e9a0?s=96&d=mm&r=g\",\"contentUrl\":\"https:\\\/\\\/secure.gravatar.com\\\/avatar\\\/37d968a2e67a6fd04c169c4bdef102d0bc5d31b2546345219e348575eb80e9a0?s=96&d=mm&r=g\",\"caption\":\"redazione\"},\"sameAs\":[\"http:\\\/\\\/www.bellunopress.it\",\"https:\\\/\\\/x.com\\\/bellunopress\"],\"url\":\"https:\\\/\\\/www.bellunopress.it\\\/fr\\\/author\\\/redazione\\\/\"}]}<\/script>\n<!-- \/ Yoast SEO plugin. -->","yoast_head_json":{"title":"Avvicendamento in Questura. Sofia Pierini subentra a Valentina Benvegn\u00f9 alla direzione dell'Ufficio prevenzione generale e soccorso pubblico - Bellunopress - Dolomiti","robots":{"index":"index","follow":"follow","max-snippet":"max-snippet:-1","max-image-preview":"max-image-preview:large","max-video-preview":"max-video-preview:-1"},"canonical":"https:\/\/www.bellunopress.it\/fr\/2024\/09\/03\/avvicendamento-in-questura-sofia-pierini-subentra-a-valentina-benvegnu-alla-direzione-dellufficio-prevenzione-generale-e-soccorso-pubblico\/","og_locale":"fr_FR","og_type":"article","og_title":"Avvicendamento in Questura. Sofia Pierini subentra a Valentina Benvegn\u00f9 alla direzione dell'Ufficio prevenzione generale e soccorso pubblico - Bellunopress - Dolomiti","og_description":"Il commissario Sofia Pierini, 28enne di Macerata, \u00e8 la nuova dirigente della Polizia di Stato che subentra al comando dell\u2019Ufficio prevenzione generale e soccorso pubblico (in sigla UPG e SP) alla pari grado Valentina Benvegn\u00f9 destinata alla Questura di Torino. Laureata in Giurisprudenza, con master in Comunicazione al Consolato d\u2019Italia a New York, e master [&hellip;]","og_url":"https:\/\/www.bellunopress.it\/fr\/2024\/09\/03\/avvicendamento-in-questura-sofia-pierini-subentra-a-valentina-benvegnu-alla-direzione-dellufficio-prevenzione-generale-e-soccorso-pubblico\/","og_site_name":"Bellunopress - Dolomiti","article_publisher":"https:\/\/www.facebook.com\/profile.php?id=100008943462799","article_published_time":"2024-09-03T20:35:14+00:00","og_image":[{"width":1000,"height":764,"url":"https:\/\/www.bellunopress.it\/wp-content\/uploads\/2024\/09\/questore-Zerilli-Sofia-Pierini-Valentina-Benvegnu_edited.jpg","type":"image\/jpeg"}],"author":"redazione","twitter_card":"summary_large_image","twitter_creator":"@bellunopress","twitter_site":"@bellunopress","twitter_misc":{"\u00c9crit par":"redazione","Dur\u00e9e de lecture estim\u00e9e":"1 minute"},"schema":{"@context":"https:\/\/schema.org","@graph":[{"@type":"Article","@id":"https:\/\/www.bellunopress.it\/2024\/09\/03\/avvicendamento-in-questura-sofia-pierini-subentra-a-valentina-benvegnu-alla-direzione-dellufficio-prevenzione-generale-e-soccorso-pubblico\/#article","isPartOf":{"@id":"https:\/\/www.bellunopress.it\/2024\/09\/03\/avvicendamento-in-questura-sofia-pierini-subentra-a-valentina-benvegnu-alla-direzione-dellufficio-prevenzione-generale-e-soccorso-pubblico\/"},"author":{"name":"redazione","@id":"https:\/\/www.bellunopress.it\/#\/schema\/person\/79bb06722b37ece1c03d3e94beb30d73"},"headline":"Avvicendamento in Questura. Sofia Pierini subentra a Valentina Benvegn\u00f9 alla direzione dell&#8217;Ufficio prevenzione generale e soccorso pubblico","datePublished":"2024-09-03T20:35:14+00:00","mainEntityOfPage":{"@id":"https:\/\/www.bellunopress.it\/2024\/09\/03\/avvicendamento-in-questura-sofia-pierini-subentra-a-valentina-benvegnu-alla-direzione-dellufficio-prevenzione-generale-e-soccorso-pubblico\/"},"wordCount":296,"publisher":{"@id":"https:\/\/www.bellunopress.it\/#organization"},"image":{"@id":"https:\/\/www.bellunopress.it\/2024\/09\/03\/avvicendamento-in-questura-sofia-pierini-subentra-a-valentina-benvegnu-alla-direzione-dellufficio-prevenzione-generale-e-soccorso-pubblico\/#primaryimage"},"thumbnailUrl":"https:\/\/www.bellunopress.it\/wp-content\/uploads\/2024\/09\/questore-Zerilli-Sofia-Pierini-Valentina-Benvegnu_edited.jpg","articleSection":["Cronaca\/Politica","Prima Pagina","Societ\u00e0, Associazioni, Istituzioni"],"inLanguage":"fr-FR"},{"@type":"WebPage","@id":"https:\/\/www.bellunopress.it\/2024\/09\/03\/avvicendamento-in-questura-sofia-pierini-subentra-a-valentina-benvegnu-alla-direzione-dellufficio-prevenzione-generale-e-soccorso-pubblico\/","url":"https:\/\/www.bellunopress.it\/2024\/09\/03\/avvicendamento-in-questura-sofia-pierini-subentra-a-valentina-benvegnu-alla-direzione-dellufficio-prevenzione-generale-e-soccorso-pubblico\/","name":"Avvicendamento in Questura. Sofia Pierini subentra a Valentina Benvegn\u00f9 alla direzione dell'Ufficio prevenzione generale e soccorso pubblico - Bellunopress - Dolomiti","isPartOf":{"@id":"https:\/\/www.bellunopress.it\/#website"},"primaryImageOfPage":{"@id":"https:\/\/www.bellunopress.it\/2024\/09\/03\/avvicendamento-in-questura-sofia-pierini-subentra-a-valentina-benvegnu-alla-direzione-dellufficio-prevenzione-generale-e-soccorso-pubblico\/#primaryimage"},"image":{"@id":"https:\/\/www.bellunopress.it\/2024\/09\/03\/avvicendamento-in-questura-sofia-pierini-subentra-a-valentina-benvegnu-alla-direzione-dellufficio-prevenzione-generale-e-soccorso-pubblico\/#primaryimage"},"thumbnailUrl":"https:\/\/www.bellunopress.it\/wp-content\/uploads\/2024\/09\/questore-Zerilli-Sofia-Pierini-Valentina-Benvegnu_edited.jpg","datePublished":"2024-09-03T20:35:14+00:00","breadcrumb":{"@id":"https:\/\/www.bellunopress.it\/2024\/09\/03\/avvicendamento-in-questura-sofia-pierini-subentra-a-valentina-benvegnu-alla-direzione-dellufficio-prevenzione-generale-e-soccorso-pubblico\/#breadcrumb"},"inLanguage":"fr-FR","potentialAction":[{"@type":"ReadAction","target":["https:\/\/www.bellunopress.it\/2024\/09\/03\/avvicendamento-in-questura-sofia-pierini-subentra-a-valentina-benvegnu-alla-direzione-dellufficio-prevenzione-generale-e-soccorso-pubblico\/"]}]},{"@type":"ImageObject","inLanguage":"fr-FR","@id":"https:\/\/www.bellunopress.it\/2024\/09\/03\/avvicendamento-in-questura-sofia-pierini-subentra-a-valentina-benvegnu-alla-direzione-dellufficio-prevenzione-generale-e-soccorso-pubblico\/#primaryimage","url":"https:\/\/www.bellunopress.it\/wp-content\/uploads\/2024\/09\/questore-Zerilli-Sofia-Pierini-Valentina-Benvegnu_edited.jpg","contentUrl":"https:\/\/www.bellunopress.it\/wp-content\/uploads\/2024\/09\/questore-Zerilli-Sofia-Pierini-Valentina-Benvegnu_edited.jpg","width":1000,"height":764},{"@type":"BreadcrumbList","@id":"https:\/\/www.bellunopress.it\/2024\/09\/03\/avvicendamento-in-questura-sofia-pierini-subentra-a-valentina-benvegnu-alla-direzione-dellufficio-prevenzione-generale-e-soccorso-pubblico\/#breadcrumb","itemListElement":[{"@type":"ListItem","position":1,"name":"Home","item":"https:\/\/www.bellunopress.it\/"},{"@type":"ListItem","position":2,"name":"Avvicendamento in Questura. Sofia Pierini subentra a Valentina Benvegn\u00f9 alla direzione dell&#8217;Ufficio prevenzione generale e soccorso pubblico"}]},{"@type":"WebSite","@id":"https:\/\/www.bellunopress.it\/#website","url":"https:\/\/www.bellunopress.it\/","name":"Bellunopress - Dolomiti","description":"e-mail: redazione@bellunopress.it","publisher":{"@id":"https:\/\/www.bellunopress.it\/#organization"},"potentialAction":[{"@type":"SearchAction","target":{"@type":"EntryPoint","urlTemplate":"https:\/\/www.bellunopress.it\/?s={search_term_string}"},"query-input":{"@type":"PropertyValueSpecification","valueRequired":true,"valueName":"search_term_string"}}],"inLanguage":"fr-FR"},{"@type":"Organization","@id":"https:\/\/www.bellunopress.it\/#organization","name":"Bellunopress","url":"https:\/\/www.bellunopress.it\/","logo":{"@type":"ImageObject","inLanguage":"fr-FR","@id":"https:\/\/www.bellunopress.it\/#\/schema\/logo\/image\/","url":"https:\/\/www.bellunopress.it\/wp-content\/uploads\/2011\/05\/cropped-logo-bellunopress-.jpg","contentUrl":"https:\/\/www.bellunopress.it\/wp-content\/uploads\/2011\/05\/cropped-logo-bellunopress-.jpg","width":512,"height":512,"caption":"Bellunopress"},"image":{"@id":"https:\/\/www.bellunopress.it\/#\/schema\/logo\/image\/"},"sameAs":["https:\/\/www.facebook.com\/profile.php?id=100008943462799","https:\/\/x.com\/bellunopress","https:\/\/www.linkedin.com\/hp\/?dnr=JBzUWaJfMUw8vbXJJ2tVW5-I3jZKvC4wsoxE&amp;amp;amp;amp;amp;amp;trk=nav_responsive_tab_home","https:\/\/www.youtube.com\/channel\/UCxL0wu1uN0_3_7hGG0306cw"]},{"@type":"Person","@id":"https:\/\/www.bellunopress.it\/#\/schema\/person\/79bb06722b37ece1c03d3e94beb30d73","name":"r\u00e9daction","image":{"@type":"ImageObject","inLanguage":"fr-FR","@id":"https:\/\/secure.gravatar.com\/avatar\/37d968a2e67a6fd04c169c4bdef102d0bc5d31b2546345219e348575eb80e9a0?s=96&d=mm&r=g","url":"https:\/\/secure.gravatar.com\/avatar\/37d968a2e67a6fd04c169c4bdef102d0bc5d31b2546345219e348575eb80e9a0?s=96&d=mm&r=g","contentUrl":"https:\/\/secure.gravatar.com\/avatar\/37d968a2e67a6fd04c169c4bdef102d0bc5d31b2546345219e348575eb80e9a0?s=96&d=mm&r=g","caption":"redazione"},"sameAs":["http:\/\/www.bellunopress.it","https:\/\/x.com\/bellunopress"],"url":"https:\/\/www.bellunopress.it\/fr\/author\/redazione\/"}]}},"_links":{"self":[{"href":"https:\/\/www.bellunopress.it\/fr\/wp-json\/wp\/v2\/posts\/153697","targetHints":{"allow":["GET"]}}],"collection":[{"href":"https:\/\/www.bellunopress.it\/fr\/wp-json\/wp\/v2\/posts"}],"about":[{"href":"https:\/\/www.bellunopress.it\/fr\/wp-json\/wp\/v2\/types\/post"}],"author":[{"embeddable":true,"href":"https:\/\/www.bellunopress.it\/fr\/wp-json\/wp\/v2\/users\/2"}],"replies":[{"embeddable":true,"href":"https:\/\/www.bellunopress.it\/fr\/wp-json\/wp\/v2\/comments?post=153697"}],"version-history":[{"count":1,"href":"https:\/\/www.bellunopress.it\/fr\/wp-json\/wp\/v2\/posts\/153697\/revisions"}],"predecessor-version":[{"id":153701,"href":"https:\/\/www.bellunopress.it\/fr\/wp-json\/wp\/v2\/posts\/153697\/revisions\/153701"}],"wp:featuredmedia":[{"embeddable":true,"href":"https:\/\/www.bellunopress.it\/fr\/wp-json\/wp\/v2\/media\/153698"}],"wp:attachment":[{"href":"https:\/\/www.bellunopress.it\/fr\/wp-json\/wp\/v2\/media?parent=153697"}],"wp:term":[{"taxonomy":"category","embeddable":true,"href":"https:\/\/www.bellunopress.it\/fr\/wp-json\/wp\/v2\/categories?post=153697"},{"taxonomy":"post_tag","embeddable":true,"href":"https:\/\/www.bellunopress.it\/fr\/wp-json\/wp\/v2\/tags?post=153697"}],"curies":[{"name":"wp","href":"https:\/\/api.w.org\/{rel}","templated":true}]}}