{"id":153692,"date":"2024-09-03T12:48:02","date_gmt":"2024-09-03T10:48:02","guid":{"rendered":"https:\/\/www.bellunopress.it\/?p=153692"},"modified":"2024-09-03T12:48:40","modified_gmt":"2024-09-03T10:48:40","slug":"cambiamento-climatico-limportanza-di-una-ricerca-storica","status":"publish","type":"post","link":"https:\/\/www.bellunopress.it\/fr\/2024\/09\/03\/cambiamento-climatico-limportanza-di-una-ricerca-storica\/","title":{"rendered":"Cambiamento climatico, l&#8217;importanza di una ricerca storica"},"content":{"rendered":"<p><img loading=\"lazy\" decoding=\"async\" class=\"aligncenter size-full wp-image-113834\" src=\"https:\/\/www.bellunopress.it\/wp-content\/uploads\/2020\/04\/Volume-Scriptores-historiae-Augustae_edited.jpg\" alt=\"\" width=\"800\" height=\"488\" srcset=\"https:\/\/www.bellunopress.it\/wp-content\/uploads\/2020\/04\/Volume-Scriptores-historiae-Augustae_edited.jpg 800w, https:\/\/www.bellunopress.it\/wp-content\/uploads\/2020\/04\/Volume-Scriptores-historiae-Augustae_edited-500x305.jpg 500w, https:\/\/www.bellunopress.it\/wp-content\/uploads\/2020\/04\/Volume-Scriptores-historiae-Augustae_edited-696x425.jpg 696w, https:\/\/www.bellunopress.it\/wp-content\/uploads\/2020\/04\/Volume-Scriptores-historiae-Augustae_edited-689x420.jpg 689w\" sizes=\"auto, (max-width: 800px) 100vw, 800px\" \/>Abbiamo atteso con interesse il nuovo articolo del professore sul cambiamento climatico ed \u00e8 stato pubblicato regolarmente il 29 agosto. Non parla delle cricche e neppure dell\u2019articolo di Nature; il prof. Battaglia cita il videogioco ecologista nel quale si invitano i giocatori bambini a far esplodere la testa dei \u201ccattivi\u201d cio\u00e8 i negazionisti climatici come lui. In effetti \u00e8 tragico pensare che venga permesso di educare i bambini con simili esempi di violenza. Ma ci\u00f2 detto possiamo anche concludere che questo non \u00e8 un argomento scientifico sul cambiamento climatico.<\/p>\n<p>Storicamente \u00e8 almeno dal 1800 che ci si pone il problema di quali siano i meccanismi che regolano la temperatura della nostra atmosfera.<br \/>\nIl filosofo Joseph Fourier aveva ipotizzato che l\u2019atmosfera avesse la caratteristica di trattenere il calore irradiato dal sole come possono fare le pareti in vetro di una serra e questo concetto \u00e8 rimasto nel tempo.<br \/>\nIl naturalista Louis Agassiz si era accorto che esistevano sul pianeta le tracce di antiche glaciazioni.<br \/>\nIl fisico John Tyndall dimostr\u00f2 che la CO2 assorbe l\u2019infrarosso.<br \/>\nSvante Arrhenius riusc\u00ec a calcolare in che misura la temperatura atmosferica possa cambiare in relazione diretta con la concentrazione di CO2 e dimostr\u00f2 che raddoppiando la concentrazione di CO2 degli ultimi anni del 1800 la temperatura sarebbe salita di circa 6 gradi. Solo che allora, nel 1896, era impensabile che ci\u00f2 potesse accadere se non in un lunghissimo arco di tempo. Piuttosto Arrhenius temeva che l\u2019andamento ciclico della concentrazione di CO2 avrebbe potuto portarci verso una glaciazione qualora fosse diminuita.<br \/>\nSi pose quindi il problema di valutare correttamente la concentrazione di CO2.<br \/>\nTale problema \u00e8 stato risolto solo dopo il 1930 con i carotaggi del ghiaccio antartico. La prima scoperta ha consentito di affermare che prima del 1923 l\u2019atmosfera era priva di piombo. La tecnica da allora \u00e8 stata migliorata per riscontrare i dati del passato fino a circa 500.000 anni fa, mentre il monitoraggio continuo pi\u00f9 attendibile per i dati del presente \u00e8 stato ottenuto con la stazione meteorologica di Mauna Loa nelle Hawaii. Questi dati hanno dimostrato che la concentrazione di CO2 nella nostra atmosfera aumenta ogni anno<br \/>\nIn effetti Milotin Milankovic in uno schema che tiene conto dei dati da circa 500.000 anni fa ai giorni nostri ha evidenziato 5 cicli sostanzialmente sovrapponibili con variazioni della CO2 da un massimo di 280 ppm (parti per milione) a un minimo di circa 180 ppm.<br \/>\nI carotaggi glaciali affidabili comprenderebbero gli ultimi anni del 1800 con un valore di circa 280 ppm per cui secondo questi cicli dovrebbe iniziare la fase discendente verso la glaciazione.<br \/>\nInvece che cosa accade nel XX secolo e nei nostri anni del XXI? In questi 125 anni Mauna Loa ci dimostra che la concentrazione di CO2 \u00e8 arrivata a 420 ppm, contro ogni ipotesi di Svante Arrhenius.<br \/>\nA completare il quadro \u00e8 notizia del 2023 che un gruppo di ricercatori di Harward ha scoperto nella molecola di CO2 il fattore che la rende un gas serra attraverso la meccanica quantistica e cio\u00e8 il fenomeno definito \u201crisonanza di Fermi\u201d in virt\u00f9 del quale la molecola di CO2 assorbe l\u2019energia di un\u2019ampia gamma di lunghezze d\u2019onda della luce.<br \/>\nSenza sapere niente di tutto questo Arrhenius defin\u00ec esattamente il problema e nel 1903 vinse il Nobel per la Chimica con la sua pubblicazione del 1896 \u201cSull\u2019influenza della CO2 nell\u2019aria rispetto alla temperatura al suolo\u201d<br \/>\nQuesti elementi storici, che comprendono in particolare l\u2019attivit\u00e0 scientifica di Arrhenius, hanno un grande valore poich\u00e9 hanno interpretato correttamente l\u2019effetto della CO2 quando allora non c\u2019era alcuna interferenza dei Mercati. Non vi erano interessi di parte per cambiare le carte in tavola, come si dice e come accade oggi sistematicamente.<br \/>\nAttualmente la concentrazione di CO2 \u00e8 superiore a 420 ppm.<br \/>\n360 ppm nell\u2019aria pulita e 700 ppm nelle citt\u00e0. Il valore massimo raccomandato per gli interni dovrebbe essere di circa 1500 ppm.<br \/>\nE\u2019 su questo numeretto \u201c420 ppm\u201d che le relazioni del IPCC costringono le periodiche Conferenze Internazionali a programmare cambiamenti drastici nella gestione dei Mercati e nella politica dei Consumi.<br \/>\nTrovando ovviamente fortissime resistenze da parte delle multinazionali, dei guerrafondai e dei governi. Non avendo l\u2019autorit\u00e0 per bloccare le guerre e le altre vere fonti di CO2 i governi del mondo impongono sacrifici alle popolazioni, confidando nella loro dabbenaggine ed invitandole ad ascoltare le sirene dei negazionisti che ripetono ad ogni pi\u00e8 sospinto \u201cNon esiste alcuna emergenza climatica\u201d<br \/>\nNon cito la nostra personale esperienza di anziani che ricordano le grandi nevicate ai tempi della nostra giovent\u00f9 con piste di neve e di ghiaccio su ogni piccola altura e anche per le strade delle nostre citt\u00e0: cos\u00ec espresso non \u00e8 un dato scientifico.<\/p>\n<p>Nel 2017 invece lo \u00e8 stata la dichiarazione di 15.364 scienziati di 184 Paesi in cui si afferma\u201d abbiamo scatenato un evento di estinzione di massa, il 6\u00b0 in circa 540 milioni di anni, in cui molte forme di vita attuali potrebbero essere annientate o sulla via della estinzione entro la fine di questo secolo\u201d.<br \/>\nHo saputo che il prof. Franco Battaglia \u00e8 disponibile ad un confronto pubblico su questo tema. Mi piacerebbe riuscire ad organizzarlo.<\/p>\n<p>Dott. Filiberto Dal Molin<\/p>\n<p>(seconda parte)<\/p>","protected":false},"excerpt":{"rendered":"<p>Abbiamo atteso con interesse il nuovo articolo del professore sul cambiamento climatico ed \u00e8 stato pubblicato regolarmente il 29 agosto. Non parla delle cricche e neppure dell\u2019articolo di Nature; il prof. Battaglia cita il videogioco ecologista nel quale si invitano i giocatori bambini a far esplodere la testa dei \u201ccattivi\u201d cio\u00e8 i negazionisti climatici come [&hellip;]<\/p>\n","protected":false},"author":2,"featured_media":113834,"comment_status":"closed","ping_status":"open","sticky":false,"template":"","format":"standard","meta":{"footnotes":""},"categories":[3614],"tags":[],"class_list":["post-153692","post","type-post","status-publish","format-standard","has-post-thumbnail","category-controcorrente"],"yoast_head":"<!-- This site is optimized with the Yoast SEO plugin v28.4 - https:\/\/yoast.com\/product\/yoast-seo-wordpress\/ -->\n<title>Cambiamento climatico, l&#039;importanza di una ricerca storica - Bellunopress - Dolomiti<\/title>\n<meta name=\"robots\" content=\"index, follow, max-snippet:-1, max-image-preview:large, max-video-preview:-1\" \/>\n<link rel=\"canonical\" href=\"https:\/\/www.bellunopress.it\/fr\/2024\/09\/03\/cambiamento-climatico-limportanza-di-una-ricerca-storica\/\" \/>\n<meta property=\"og:locale\" content=\"fr_FR\" \/>\n<meta property=\"og:type\" content=\"article\" \/>\n<meta property=\"og:title\" content=\"Cambiamento climatico, l&#039;importanza di una ricerca storica - Bellunopress - Dolomiti\" \/>\n<meta property=\"og:description\" content=\"Abbiamo atteso con interesse il nuovo articolo del professore sul cambiamento climatico ed \u00e8 stato pubblicato regolarmente il 29 agosto. Non parla delle cricche e neppure dell\u2019articolo di Nature; il prof. Battaglia cita il videogioco ecologista nel quale si invitano i giocatori bambini a far esplodere la testa dei \u201ccattivi\u201d cio\u00e8 i negazionisti climatici come [&hellip;]\" \/>\n<meta property=\"og:url\" content=\"https:\/\/www.bellunopress.it\/fr\/2024\/09\/03\/cambiamento-climatico-limportanza-di-una-ricerca-storica\/\" \/>\n<meta property=\"og:site_name\" content=\"Bellunopress - Dolomiti\" \/>\n<meta property=\"article:publisher\" content=\"https:\/\/www.facebook.com\/profile.php?id=100008943462799\" \/>\n<meta property=\"article:published_time\" content=\"2024-09-03T10:48:02+00:00\" \/>\n<meta property=\"article:modified_time\" content=\"2024-09-03T10:48:40+00:00\" \/>\n<meta property=\"og:image\" content=\"https:\/\/www.bellunopress.it\/wp-content\/uploads\/2020\/04\/Volume-Scriptores-historiae-Augustae_edited.jpg\" \/>\n\t<meta property=\"og:image:width\" content=\"800\" \/>\n\t<meta property=\"og:image:height\" content=\"488\" \/>\n\t<meta property=\"og:image:type\" content=\"image\/jpeg\" \/>\n<meta name=\"author\" content=\"redazione\" \/>\n<meta name=\"twitter:card\" content=\"summary_large_image\" \/>\n<meta name=\"twitter:creator\" content=\"@bellunopress\" \/>\n<meta name=\"twitter:site\" content=\"@bellunopress\" \/>\n<meta name=\"twitter:label1\" content=\"Written by\" \/>\n\t<meta name=\"twitter:data1\" content=\"redazione\" \/>\n\t<meta name=\"twitter:label2\" content=\"Est. reading time\" \/>\n\t<meta name=\"twitter:data2\" content=\"4 minutes\" \/>\n<script type=\"application\/ld+json\" class=\"yoast-schema-graph\">{\"@context\":\"https:\\\/\\\/schema.org\",\"@graph\":[{\"@type\":\"Article\",\"@id\":\"https:\\\/\\\/www.bellunopress.it\\\/2024\\\/09\\\/03\\\/cambiamento-climatico-limportanza-di-una-ricerca-storica\\\/#article\",\"isPartOf\":{\"@id\":\"https:\\\/\\\/www.bellunopress.it\\\/2024\\\/09\\\/03\\\/cambiamento-climatico-limportanza-di-una-ricerca-storica\\\/\"},\"author\":{\"name\":\"redazione\",\"@id\":\"https:\\\/\\\/www.bellunopress.it\\\/#\\\/schema\\\/person\\\/79bb06722b37ece1c03d3e94beb30d73\"},\"headline\":\"Cambiamento climatico, l&#8217;importanza di una ricerca storica\",\"datePublished\":\"2024-09-03T10:48:02+00:00\",\"dateModified\":\"2024-09-03T10:48:40+00:00\",\"mainEntityOfPage\":{\"@id\":\"https:\\\/\\\/www.bellunopress.it\\\/2024\\\/09\\\/03\\\/cambiamento-climatico-limportanza-di-una-ricerca-storica\\\/\"},\"wordCount\":835,\"publisher\":{\"@id\":\"https:\\\/\\\/www.bellunopress.it\\\/#organization\"},\"image\":{\"@id\":\"https:\\\/\\\/www.bellunopress.it\\\/2024\\\/09\\\/03\\\/cambiamento-climatico-limportanza-di-una-ricerca-storica\\\/#primaryimage\"},\"thumbnailUrl\":\"https:\\\/\\\/www.bellunopress.it\\\/wp-content\\\/uploads\\\/2020\\\/04\\\/Volume-Scriptores-historiae-Augustae_edited.jpg\",\"articleSection\":[\"Controcorrente Dr Filiberto Dal Molin\"],\"inLanguage\":\"fr-FR\"},{\"@type\":\"WebPage\",\"@id\":\"https:\\\/\\\/www.bellunopress.it\\\/2024\\\/09\\\/03\\\/cambiamento-climatico-limportanza-di-una-ricerca-storica\\\/\",\"url\":\"https:\\\/\\\/www.bellunopress.it\\\/2024\\\/09\\\/03\\\/cambiamento-climatico-limportanza-di-una-ricerca-storica\\\/\",\"name\":\"Cambiamento climatico, l'importanza di una ricerca storica - Bellunopress - Dolomiti\",\"isPartOf\":{\"@id\":\"https:\\\/\\\/www.bellunopress.it\\\/#website\"},\"primaryImageOfPage\":{\"@id\":\"https:\\\/\\\/www.bellunopress.it\\\/2024\\\/09\\\/03\\\/cambiamento-climatico-limportanza-di-una-ricerca-storica\\\/#primaryimage\"},\"image\":{\"@id\":\"https:\\\/\\\/www.bellunopress.it\\\/2024\\\/09\\\/03\\\/cambiamento-climatico-limportanza-di-una-ricerca-storica\\\/#primaryimage\"},\"thumbnailUrl\":\"https:\\\/\\\/www.bellunopress.it\\\/wp-content\\\/uploads\\\/2020\\\/04\\\/Volume-Scriptores-historiae-Augustae_edited.jpg\",\"datePublished\":\"2024-09-03T10:48:02+00:00\",\"dateModified\":\"2024-09-03T10:48:40+00:00\",\"breadcrumb\":{\"@id\":\"https:\\\/\\\/www.bellunopress.it\\\/2024\\\/09\\\/03\\\/cambiamento-climatico-limportanza-di-una-ricerca-storica\\\/#breadcrumb\"},\"inLanguage\":\"fr-FR\",\"potentialAction\":[{\"@type\":\"ReadAction\",\"target\":[\"https:\\\/\\\/www.bellunopress.it\\\/2024\\\/09\\\/03\\\/cambiamento-climatico-limportanza-di-una-ricerca-storica\\\/\"]}]},{\"@type\":\"ImageObject\",\"inLanguage\":\"fr-FR\",\"@id\":\"https:\\\/\\\/www.bellunopress.it\\\/2024\\\/09\\\/03\\\/cambiamento-climatico-limportanza-di-una-ricerca-storica\\\/#primaryimage\",\"url\":\"https:\\\/\\\/www.bellunopress.it\\\/wp-content\\\/uploads\\\/2020\\\/04\\\/Volume-Scriptores-historiae-Augustae_edited.jpg\",\"contentUrl\":\"https:\\\/\\\/www.bellunopress.it\\\/wp-content\\\/uploads\\\/2020\\\/04\\\/Volume-Scriptores-historiae-Augustae_edited.jpg\",\"width\":800,\"height\":488},{\"@type\":\"BreadcrumbList\",\"@id\":\"https:\\\/\\\/www.bellunopress.it\\\/2024\\\/09\\\/03\\\/cambiamento-climatico-limportanza-di-una-ricerca-storica\\\/#breadcrumb\",\"itemListElement\":[{\"@type\":\"ListItem\",\"position\":1,\"name\":\"Home\",\"item\":\"https:\\\/\\\/www.bellunopress.it\\\/\"},{\"@type\":\"ListItem\",\"position\":2,\"name\":\"Cambiamento climatico, l&#8217;importanza di una ricerca storica\"}]},{\"@type\":\"WebSite\",\"@id\":\"https:\\\/\\\/www.bellunopress.it\\\/#website\",\"url\":\"https:\\\/\\\/www.bellunopress.it\\\/\",\"name\":\"Bellunopress - Dolomiti\",\"description\":\"e-mail: redazione@bellunopress.it\",\"publisher\":{\"@id\":\"https:\\\/\\\/www.bellunopress.it\\\/#organization\"},\"potentialAction\":[{\"@type\":\"SearchAction\",\"target\":{\"@type\":\"EntryPoint\",\"urlTemplate\":\"https:\\\/\\\/www.bellunopress.it\\\/?s={search_term_string}\"},\"query-input\":{\"@type\":\"PropertyValueSpecification\",\"valueRequired\":true,\"valueName\":\"search_term_string\"}}],\"inLanguage\":\"fr-FR\"},{\"@type\":\"Organization\",\"@id\":\"https:\\\/\\\/www.bellunopress.it\\\/#organization\",\"name\":\"Bellunopress\",\"url\":\"https:\\\/\\\/www.bellunopress.it\\\/\",\"logo\":{\"@type\":\"ImageObject\",\"inLanguage\":\"fr-FR\",\"@id\":\"https:\\\/\\\/www.bellunopress.it\\\/#\\\/schema\\\/logo\\\/image\\\/\",\"url\":\"https:\\\/\\\/www.bellunopress.it\\\/wp-content\\\/uploads\\\/2011\\\/05\\\/cropped-logo-bellunopress-.jpg\",\"contentUrl\":\"https:\\\/\\\/www.bellunopress.it\\\/wp-content\\\/uploads\\\/2011\\\/05\\\/cropped-logo-bellunopress-.jpg\",\"width\":512,\"height\":512,\"caption\":\"Bellunopress\"},\"image\":{\"@id\":\"https:\\\/\\\/www.bellunopress.it\\\/#\\\/schema\\\/logo\\\/image\\\/\"},\"sameAs\":[\"https:\\\/\\\/www.facebook.com\\\/profile.php?id=100008943462799\",\"https:\\\/\\\/x.com\\\/bellunopress\",\"https:\\\/\\\/www.linkedin.com\\\/hp\\\/?dnr=JBzUWaJfMUw8vbXJJ2tVW5-I3jZKvC4wsoxE&amp;amp;amp;amp;amp;amp;trk=nav_responsive_tab_home\",\"https:\\\/\\\/www.youtube.com\\\/channel\\\/UCxL0wu1uN0_3_7hGG0306cw\"]},{\"@type\":\"Person\",\"@id\":\"https:\\\/\\\/www.bellunopress.it\\\/#\\\/schema\\\/person\\\/79bb06722b37ece1c03d3e94beb30d73\",\"name\":\"redazione\",\"image\":{\"@type\":\"ImageObject\",\"inLanguage\":\"fr-FR\",\"@id\":\"https:\\\/\\\/secure.gravatar.com\\\/avatar\\\/37d968a2e67a6fd04c169c4bdef102d0bc5d31b2546345219e348575eb80e9a0?s=96&d=mm&r=g\",\"url\":\"https:\\\/\\\/secure.gravatar.com\\\/avatar\\\/37d968a2e67a6fd04c169c4bdef102d0bc5d31b2546345219e348575eb80e9a0?s=96&d=mm&r=g\",\"contentUrl\":\"https:\\\/\\\/secure.gravatar.com\\\/avatar\\\/37d968a2e67a6fd04c169c4bdef102d0bc5d31b2546345219e348575eb80e9a0?s=96&d=mm&r=g\",\"caption\":\"redazione\"},\"sameAs\":[\"http:\\\/\\\/www.bellunopress.it\",\"https:\\\/\\\/x.com\\\/bellunopress\"],\"url\":\"https:\\\/\\\/www.bellunopress.it\\\/fr\\\/author\\\/redazione\\\/\"}]}<\/script>\n<!-- \/ Yoast SEO plugin. -->","yoast_head_json":{"title":"Cambiamento climatico, l'importanza di una ricerca storica - Bellunopress - Dolomiti","robots":{"index":"index","follow":"follow","max-snippet":"max-snippet:-1","max-image-preview":"max-image-preview:large","max-video-preview":"max-video-preview:-1"},"canonical":"https:\/\/www.bellunopress.it\/fr\/2024\/09\/03\/cambiamento-climatico-limportanza-di-una-ricerca-storica\/","og_locale":"fr_FR","og_type":"article","og_title":"Cambiamento climatico, l'importanza di una ricerca storica - Bellunopress - Dolomiti","og_description":"Abbiamo atteso con interesse il nuovo articolo del professore sul cambiamento climatico ed \u00e8 stato pubblicato regolarmente il 29 agosto. Non parla delle cricche e neppure dell\u2019articolo di Nature; il prof. Battaglia cita il videogioco ecologista nel quale si invitano i giocatori bambini a far esplodere la testa dei \u201ccattivi\u201d cio\u00e8 i negazionisti climatici come [&hellip;]","og_url":"https:\/\/www.bellunopress.it\/fr\/2024\/09\/03\/cambiamento-climatico-limportanza-di-una-ricerca-storica\/","og_site_name":"Bellunopress - Dolomiti","article_publisher":"https:\/\/www.facebook.com\/profile.php?id=100008943462799","article_published_time":"2024-09-03T10:48:02+00:00","article_modified_time":"2024-09-03T10:48:40+00:00","og_image":[{"width":800,"height":488,"url":"https:\/\/www.bellunopress.it\/wp-content\/uploads\/2020\/04\/Volume-Scriptores-historiae-Augustae_edited.jpg","type":"image\/jpeg"}],"author":"redazione","twitter_card":"summary_large_image","twitter_creator":"@bellunopress","twitter_site":"@bellunopress","twitter_misc":{"Written by":"redazione","Est. reading time":"4 minutes"},"schema":{"@context":"https:\/\/schema.org","@graph":[{"@type":"Article","@id":"https:\/\/www.bellunopress.it\/2024\/09\/03\/cambiamento-climatico-limportanza-di-una-ricerca-storica\/#article","isPartOf":{"@id":"https:\/\/www.bellunopress.it\/2024\/09\/03\/cambiamento-climatico-limportanza-di-una-ricerca-storica\/"},"author":{"name":"redazione","@id":"https:\/\/www.bellunopress.it\/#\/schema\/person\/79bb06722b37ece1c03d3e94beb30d73"},"headline":"Cambiamento climatico, l&#8217;importanza di una ricerca storica","datePublished":"2024-09-03T10:48:02+00:00","dateModified":"2024-09-03T10:48:40+00:00","mainEntityOfPage":{"@id":"https:\/\/www.bellunopress.it\/2024\/09\/03\/cambiamento-climatico-limportanza-di-una-ricerca-storica\/"},"wordCount":835,"publisher":{"@id":"https:\/\/www.bellunopress.it\/#organization"},"image":{"@id":"https:\/\/www.bellunopress.it\/2024\/09\/03\/cambiamento-climatico-limportanza-di-una-ricerca-storica\/#primaryimage"},"thumbnailUrl":"https:\/\/www.bellunopress.it\/wp-content\/uploads\/2020\/04\/Volume-Scriptores-historiae-Augustae_edited.jpg","articleSection":["Controcorrente Dr Filiberto Dal Molin"],"inLanguage":"fr-FR"},{"@type":"WebPage","@id":"https:\/\/www.bellunopress.it\/2024\/09\/03\/cambiamento-climatico-limportanza-di-una-ricerca-storica\/","url":"https:\/\/www.bellunopress.it\/2024\/09\/03\/cambiamento-climatico-limportanza-di-una-ricerca-storica\/","name":"Cambiamento climatico, l'importanza di una ricerca storica - Bellunopress - Dolomiti","isPartOf":{"@id":"https:\/\/www.bellunopress.it\/#website"},"primaryImageOfPage":{"@id":"https:\/\/www.bellunopress.it\/2024\/09\/03\/cambiamento-climatico-limportanza-di-una-ricerca-storica\/#primaryimage"},"image":{"@id":"https:\/\/www.bellunopress.it\/2024\/09\/03\/cambiamento-climatico-limportanza-di-una-ricerca-storica\/#primaryimage"},"thumbnailUrl":"https:\/\/www.bellunopress.it\/wp-content\/uploads\/2020\/04\/Volume-Scriptores-historiae-Augustae_edited.jpg","datePublished":"2024-09-03T10:48:02+00:00","dateModified":"2024-09-03T10:48:40+00:00","breadcrumb":{"@id":"https:\/\/www.bellunopress.it\/2024\/09\/03\/cambiamento-climatico-limportanza-di-una-ricerca-storica\/#breadcrumb"},"inLanguage":"fr-FR","potentialAction":[{"@type":"ReadAction","target":["https:\/\/www.bellunopress.it\/2024\/09\/03\/cambiamento-climatico-limportanza-di-una-ricerca-storica\/"]}]},{"@type":"ImageObject","inLanguage":"fr-FR","@id":"https:\/\/www.bellunopress.it\/2024\/09\/03\/cambiamento-climatico-limportanza-di-una-ricerca-storica\/#primaryimage","url":"https:\/\/www.bellunopress.it\/wp-content\/uploads\/2020\/04\/Volume-Scriptores-historiae-Augustae_edited.jpg","contentUrl":"https:\/\/www.bellunopress.it\/wp-content\/uploads\/2020\/04\/Volume-Scriptores-historiae-Augustae_edited.jpg","width":800,"height":488},{"@type":"BreadcrumbList","@id":"https:\/\/www.bellunopress.it\/2024\/09\/03\/cambiamento-climatico-limportanza-di-una-ricerca-storica\/#breadcrumb","itemListElement":[{"@type":"ListItem","position":1,"name":"Home","item":"https:\/\/www.bellunopress.it\/"},{"@type":"ListItem","position":2,"name":"Cambiamento climatico, l&#8217;importanza di una ricerca storica"}]},{"@type":"WebSite","@id":"https:\/\/www.bellunopress.it\/#website","url":"https:\/\/www.bellunopress.it\/","name":"Bellunopress - Dolomiti","description":"e-mail: redazione@bellunopress.it","publisher":{"@id":"https:\/\/www.bellunopress.it\/#organization"},"potentialAction":[{"@type":"SearchAction","target":{"@type":"EntryPoint","urlTemplate":"https:\/\/www.bellunopress.it\/?s={search_term_string}"},"query-input":{"@type":"PropertyValueSpecification","valueRequired":true,"valueName":"search_term_string"}}],"inLanguage":"fr-FR"},{"@type":"Organization","@id":"https:\/\/www.bellunopress.it\/#organization","name":"Bellunopress","url":"https:\/\/www.bellunopress.it\/","logo":{"@type":"ImageObject","inLanguage":"fr-FR","@id":"https:\/\/www.bellunopress.it\/#\/schema\/logo\/image\/","url":"https:\/\/www.bellunopress.it\/wp-content\/uploads\/2011\/05\/cropped-logo-bellunopress-.jpg","contentUrl":"https:\/\/www.bellunopress.it\/wp-content\/uploads\/2011\/05\/cropped-logo-bellunopress-.jpg","width":512,"height":512,"caption":"Bellunopress"},"image":{"@id":"https:\/\/www.bellunopress.it\/#\/schema\/logo\/image\/"},"sameAs":["https:\/\/www.facebook.com\/profile.php?id=100008943462799","https:\/\/x.com\/bellunopress","https:\/\/www.linkedin.com\/hp\/?dnr=JBzUWaJfMUw8vbXJJ2tVW5-I3jZKvC4wsoxE&amp;amp;amp;amp;amp;amp;trk=nav_responsive_tab_home","https:\/\/www.youtube.com\/channel\/UCxL0wu1uN0_3_7hGG0306cw"]},{"@type":"Person","@id":"https:\/\/www.bellunopress.it\/#\/schema\/person\/79bb06722b37ece1c03d3e94beb30d73","name":"r\u00e9daction","image":{"@type":"ImageObject","inLanguage":"fr-FR","@id":"https:\/\/secure.gravatar.com\/avatar\/37d968a2e67a6fd04c169c4bdef102d0bc5d31b2546345219e348575eb80e9a0?s=96&d=mm&r=g","url":"https:\/\/secure.gravatar.com\/avatar\/37d968a2e67a6fd04c169c4bdef102d0bc5d31b2546345219e348575eb80e9a0?s=96&d=mm&r=g","contentUrl":"https:\/\/secure.gravatar.com\/avatar\/37d968a2e67a6fd04c169c4bdef102d0bc5d31b2546345219e348575eb80e9a0?s=96&d=mm&r=g","caption":"redazione"},"sameAs":["http:\/\/www.bellunopress.it","https:\/\/x.com\/bellunopress"],"url":"https:\/\/www.bellunopress.it\/fr\/author\/redazione\/"}]}},"_links":{"self":[{"href":"https:\/\/www.bellunopress.it\/fr\/wp-json\/wp\/v2\/posts\/153692","targetHints":{"allow":["GET"]}}],"collection":[{"href":"https:\/\/www.bellunopress.it\/fr\/wp-json\/wp\/v2\/posts"}],"about":[{"href":"https:\/\/www.bellunopress.it\/fr\/wp-json\/wp\/v2\/types\/post"}],"author":[{"embeddable":true,"href":"https:\/\/www.bellunopress.it\/fr\/wp-json\/wp\/v2\/users\/2"}],"replies":[{"embeddable":true,"href":"https:\/\/www.bellunopress.it\/fr\/wp-json\/wp\/v2\/comments?post=153692"}],"version-history":[{"count":2,"href":"https:\/\/www.bellunopress.it\/fr\/wp-json\/wp\/v2\/posts\/153692\/revisions"}],"predecessor-version":[{"id":153694,"href":"https:\/\/www.bellunopress.it\/fr\/wp-json\/wp\/v2\/posts\/153692\/revisions\/153694"}],"wp:featuredmedia":[{"embeddable":true,"href":"https:\/\/www.bellunopress.it\/fr\/wp-json\/wp\/v2\/media\/113834"}],"wp:attachment":[{"href":"https:\/\/www.bellunopress.it\/fr\/wp-json\/wp\/v2\/media?parent=153692"}],"wp:term":[{"taxonomy":"category","embeddable":true,"href":"https:\/\/www.bellunopress.it\/fr\/wp-json\/wp\/v2\/categories?post=153692"},{"taxonomy":"post_tag","embeddable":true,"href":"https:\/\/www.bellunopress.it\/fr\/wp-json\/wp\/v2\/tags?post=153692"}],"curies":[{"name":"wp","href":"https:\/\/api.w.org\/{rel}","templated":true}]}}