{"id":153676,"date":"2024-09-03T12:38:21","date_gmt":"2024-09-03T10:38:21","guid":{"rendered":"https:\/\/www.bellunopress.it\/?p=153676"},"modified":"2024-09-03T05:43:50","modified_gmt":"2024-09-03T03:43:50","slug":"andrea-fontana-verso-imola-alla-caccia-del-titolo-del-campionato-italiano-gran-turismo-endurance","status":"publish","type":"post","link":"https:\/\/www.bellunopress.it\/fr\/2024\/09\/03\/andrea-fontana-verso-imola-alla-caccia-del-titolo-del-campionato-italiano-gran-turismo-endurance\/","title":{"rendered":"Andrea Fontana verso Imola alla caccia del titolo del Campionato Italiano Gran Turismo Endurance"},"content":{"rendered":"<p><img loading=\"lazy\" decoding=\"async\" class=\"aligncenter size-full wp-image-153677\" src=\"https:\/\/www.bellunopress.it\/wp-content\/uploads\/2024\/09\/Andrea-Fontana_edited.jpg\" alt=\"\" width=\"1000\" height=\"499\" srcset=\"https:\/\/www.bellunopress.it\/wp-content\/uploads\/2024\/09\/Andrea-Fontana_edited.jpg 1000w, https:\/\/www.bellunopress.it\/wp-content\/uploads\/2024\/09\/Andrea-Fontana_edited-500x250.jpg 500w, https:\/\/www.bellunopress.it\/wp-content\/uploads\/2024\/09\/Andrea-Fontana_edited-842x420.jpg 842w, https:\/\/www.bellunopress.it\/wp-content\/uploads\/2024\/09\/Andrea-Fontana_edited-696x347.jpg 696w\" sizes=\"auto, (max-width: 1000px) 100vw, 1000px\" \/>Si riaccendono questo fine settimana sul circuito di Imola i motori per il Campionato Italiano Gran Turismo. Dopo la ripartenza della serie Sprint al Mugello, Andrea Fontana \u00e8 pronto a tornare in azione anche per il penultimo appuntamento della serie di durata che vedr\u00e0 la disputa della tradizionale corsa da tre ore. Il 28enne bellunese \u00e8 pronto a scendere in pista difendendo i colori della DL Racing, compagine con cui ha disputato anche la serie Sprint, sempre al volante della Lamgorghini Huracan SuperTrofeo EVO2, condividendo il sedile con Luca Seg\u00f9 ed Alessio Caiola.<\/p>\n<p>I presupposti, dopo il podio arrivato proprio due mesi fa al Mugello, sono ottimi anche se Imola rappresenter\u00e0 una sfida importante per la gestione del traffico. Un motivo in pi\u00f9 per cui la qualifica e la gestione della strategia saranno fondamentali al fine di massimizzare il potenziale per il risultato finale. La compagine della DL Racing nella classifica generale di campionato della GT Cup Pro-Am Divisione 1 guarda tutti dall\u2019alto, e grazie allo scarto previsto da regolamento del peggior risultato in stagione, c\u2019\u00e8 la possibilit\u00e0 matematica di portare a casa il titolo gi\u00e0 sul tracciato del Santerno intitolato alla memoria di Enzo e Dino Ferrari.<\/p>\n<p>Una pista che vedr\u00e0 Andrea Fontana impegnato per la terza volta in stagione, dopo il debutto nel Super Trofeo e la gara del CIGT Sprint, mettendo quindi a disposizione della squadra la sua esperienza per provare a portare a casa il titolo, o almeno fare un altro passo verso la conquista di questo.<\/p>\n<p>Il programma del fine settimana vedr\u00e0 la disputa di due sessioni da 50 minuti nella giornata di venerd\u00ec 6 settembre, rispettivamente alle 10:45 ed alle 16:00. Un terzo turno di prove libere, della stessa durata, \u00e8 invece in programma sabato 7 settembre alle ore 9:15, mentre nel pomeriggio si stabilir\u00e0 la griglia di partenza con le tre sessioni di qualifiche dalle ore 18:00, in diretta su ACI Sport TV, canale 228 di Sky. La gara invece scatter\u00e0 domenica 8 settembre alle 14:45, ed oltre che sul canale ufficiale della Federazione, sar\u00e0 visibile su Rai Sport, canale 58 del digitale terrestre.<\/p>\n<p>&nbsp;<\/p>","protected":false},"excerpt":{"rendered":"<p>Si riaccendono questo fine settimana sul circuito di Imola i motori per il Campionato Italiano Gran Turismo. Dopo la ripartenza della serie Sprint al Mugello, Andrea Fontana \u00e8 pronto a tornare in azione anche per il penultimo appuntamento della serie di durata che vedr\u00e0 la disputa della tradizionale corsa da tre ore. Il 28enne bellunese [&hellip;]<\/p>\n","protected":false},"author":2,"featured_media":153677,"comment_status":"closed","ping_status":"open","sticky":false,"template":"","format":"standard","meta":{"footnotes":""},"categories":[26,4],"tags":[],"class_list":["post-153676","post","type-post","status-publish","format-standard","has-post-thumbnail","category-prima-pagina","category-sport"],"yoast_head":"<!-- This site is optimized with the Yoast SEO plugin v28.4 - https:\/\/yoast.com\/product\/yoast-seo-wordpress\/ -->\n<title>Andrea Fontana verso Imola alla caccia del titolo del Campionato Italiano Gran Turismo Endurance - Bellunopress - Dolomiti<\/title>\n<meta name=\"robots\" content=\"index, follow, max-snippet:-1, max-image-preview:large, max-video-preview:-1\" \/>\n<link rel=\"canonical\" href=\"https:\/\/www.bellunopress.it\/fr\/2024\/09\/03\/andrea-fontana-verso-imola-alla-caccia-del-titolo-del-campionato-italiano-gran-turismo-endurance\/\" \/>\n<meta property=\"og:locale\" content=\"fr_FR\" \/>\n<meta property=\"og:type\" content=\"article\" \/>\n<meta property=\"og:title\" content=\"Andrea Fontana verso Imola alla caccia del titolo del Campionato Italiano Gran Turismo Endurance - Bellunopress - Dolomiti\" \/>\n<meta property=\"og:description\" content=\"Si riaccendono questo fine settimana sul circuito di Imola i motori per il Campionato Italiano Gran Turismo. Dopo la ripartenza della serie Sprint al Mugello, Andrea Fontana \u00e8 pronto a tornare in azione anche per il penultimo appuntamento della serie di durata che vedr\u00e0 la disputa della tradizionale corsa da tre ore. Il 28enne bellunese [&hellip;]\" \/>\n<meta property=\"og:url\" content=\"https:\/\/www.bellunopress.it\/fr\/2024\/09\/03\/andrea-fontana-verso-imola-alla-caccia-del-titolo-del-campionato-italiano-gran-turismo-endurance\/\" \/>\n<meta property=\"og:site_name\" content=\"Bellunopress - Dolomiti\" \/>\n<meta property=\"article:publisher\" content=\"https:\/\/www.facebook.com\/profile.php?id=100008943462799\" \/>\n<meta property=\"article:published_time\" content=\"2024-09-03T10:38:21+00:00\" \/>\n<meta property=\"og:image\" content=\"https:\/\/www.bellunopress.it\/wp-content\/uploads\/2024\/09\/Andrea-Fontana_edited.jpg\" \/>\n\t<meta property=\"og:image:width\" content=\"1000\" \/>\n\t<meta property=\"og:image:height\" content=\"499\" \/>\n\t<meta property=\"og:image:type\" content=\"image\/jpeg\" \/>\n<meta name=\"author\" content=\"redazione\" \/>\n<meta name=\"twitter:card\" content=\"summary_large_image\" \/>\n<meta name=\"twitter:creator\" content=\"@bellunopress\" \/>\n<meta name=\"twitter:site\" content=\"@bellunopress\" \/>\n<meta name=\"twitter:label1\" content=\"Written by\" \/>\n\t<meta name=\"twitter:data1\" content=\"redazione\" \/>\n\t<meta name=\"twitter:label2\" content=\"Est. reading time\" \/>\n\t<meta name=\"twitter:data2\" content=\"2 minutes\" \/>\n<script type=\"application\/ld+json\" class=\"yoast-schema-graph\">{\"@context\":\"https:\\\/\\\/schema.org\",\"@graph\":[{\"@type\":\"Article\",\"@id\":\"https:\\\/\\\/www.bellunopress.it\\\/2024\\\/09\\\/03\\\/andrea-fontana-verso-imola-alla-caccia-del-titolo-del-campionato-italiano-gran-turismo-endurance\\\/#article\",\"isPartOf\":{\"@id\":\"https:\\\/\\\/www.bellunopress.it\\\/2024\\\/09\\\/03\\\/andrea-fontana-verso-imola-alla-caccia-del-titolo-del-campionato-italiano-gran-turismo-endurance\\\/\"},\"author\":{\"name\":\"redazione\",\"@id\":\"https:\\\/\\\/www.bellunopress.it\\\/#\\\/schema\\\/person\\\/79bb06722b37ece1c03d3e94beb30d73\"},\"headline\":\"Andrea Fontana verso Imola alla caccia del titolo del Campionato Italiano Gran Turismo Endurance\",\"datePublished\":\"2024-09-03T10:38:21+00:00\",\"mainEntityOfPage\":{\"@id\":\"https:\\\/\\\/www.bellunopress.it\\\/2024\\\/09\\\/03\\\/andrea-fontana-verso-imola-alla-caccia-del-titolo-del-campionato-italiano-gran-turismo-endurance\\\/\"},\"wordCount\":352,\"publisher\":{\"@id\":\"https:\\\/\\\/www.bellunopress.it\\\/#organization\"},\"image\":{\"@id\":\"https:\\\/\\\/www.bellunopress.it\\\/2024\\\/09\\\/03\\\/andrea-fontana-verso-imola-alla-caccia-del-titolo-del-campionato-italiano-gran-turismo-endurance\\\/#primaryimage\"},\"thumbnailUrl\":\"https:\\\/\\\/www.bellunopress.it\\\/wp-content\\\/uploads\\\/2024\\\/09\\\/Andrea-Fontana_edited.jpg\",\"articleSection\":[\"Prima Pagina\",\"Sport, tempo libero\"],\"inLanguage\":\"fr-FR\"},{\"@type\":\"WebPage\",\"@id\":\"https:\\\/\\\/www.bellunopress.it\\\/2024\\\/09\\\/03\\\/andrea-fontana-verso-imola-alla-caccia-del-titolo-del-campionato-italiano-gran-turismo-endurance\\\/\",\"url\":\"https:\\\/\\\/www.bellunopress.it\\\/2024\\\/09\\\/03\\\/andrea-fontana-verso-imola-alla-caccia-del-titolo-del-campionato-italiano-gran-turismo-endurance\\\/\",\"name\":\"Andrea Fontana verso Imola alla caccia del titolo del Campionato Italiano Gran Turismo Endurance - Bellunopress - Dolomiti\",\"isPartOf\":{\"@id\":\"https:\\\/\\\/www.bellunopress.it\\\/#website\"},\"primaryImageOfPage\":{\"@id\":\"https:\\\/\\\/www.bellunopress.it\\\/2024\\\/09\\\/03\\\/andrea-fontana-verso-imola-alla-caccia-del-titolo-del-campionato-italiano-gran-turismo-endurance\\\/#primaryimage\"},\"image\":{\"@id\":\"https:\\\/\\\/www.bellunopress.it\\\/2024\\\/09\\\/03\\\/andrea-fontana-verso-imola-alla-caccia-del-titolo-del-campionato-italiano-gran-turismo-endurance\\\/#primaryimage\"},\"thumbnailUrl\":\"https:\\\/\\\/www.bellunopress.it\\\/wp-content\\\/uploads\\\/2024\\\/09\\\/Andrea-Fontana_edited.jpg\",\"datePublished\":\"2024-09-03T10:38:21+00:00\",\"breadcrumb\":{\"@id\":\"https:\\\/\\\/www.bellunopress.it\\\/2024\\\/09\\\/03\\\/andrea-fontana-verso-imola-alla-caccia-del-titolo-del-campionato-italiano-gran-turismo-endurance\\\/#breadcrumb\"},\"inLanguage\":\"fr-FR\",\"potentialAction\":[{\"@type\":\"ReadAction\",\"target\":[\"https:\\\/\\\/www.bellunopress.it\\\/2024\\\/09\\\/03\\\/andrea-fontana-verso-imola-alla-caccia-del-titolo-del-campionato-italiano-gran-turismo-endurance\\\/\"]}]},{\"@type\":\"ImageObject\",\"inLanguage\":\"fr-FR\",\"@id\":\"https:\\\/\\\/www.bellunopress.it\\\/2024\\\/09\\\/03\\\/andrea-fontana-verso-imola-alla-caccia-del-titolo-del-campionato-italiano-gran-turismo-endurance\\\/#primaryimage\",\"url\":\"https:\\\/\\\/www.bellunopress.it\\\/wp-content\\\/uploads\\\/2024\\\/09\\\/Andrea-Fontana_edited.jpg\",\"contentUrl\":\"https:\\\/\\\/www.bellunopress.it\\\/wp-content\\\/uploads\\\/2024\\\/09\\\/Andrea-Fontana_edited.jpg\",\"width\":1000,\"height\":499},{\"@type\":\"BreadcrumbList\",\"@id\":\"https:\\\/\\\/www.bellunopress.it\\\/2024\\\/09\\\/03\\\/andrea-fontana-verso-imola-alla-caccia-del-titolo-del-campionato-italiano-gran-turismo-endurance\\\/#breadcrumb\",\"itemListElement\":[{\"@type\":\"ListItem\",\"position\":1,\"name\":\"Home\",\"item\":\"https:\\\/\\\/www.bellunopress.it\\\/\"},{\"@type\":\"ListItem\",\"position\":2,\"name\":\"Andrea Fontana verso Imola alla caccia del titolo del Campionato Italiano Gran Turismo Endurance\"}]},{\"@type\":\"WebSite\",\"@id\":\"https:\\\/\\\/www.bellunopress.it\\\/#website\",\"url\":\"https:\\\/\\\/www.bellunopress.it\\\/\",\"name\":\"Bellunopress - Dolomiti\",\"description\":\"e-mail: redazione@bellunopress.it\",\"publisher\":{\"@id\":\"https:\\\/\\\/www.bellunopress.it\\\/#organization\"},\"potentialAction\":[{\"@type\":\"SearchAction\",\"target\":{\"@type\":\"EntryPoint\",\"urlTemplate\":\"https:\\\/\\\/www.bellunopress.it\\\/?s={search_term_string}\"},\"query-input\":{\"@type\":\"PropertyValueSpecification\",\"valueRequired\":true,\"valueName\":\"search_term_string\"}}],\"inLanguage\":\"fr-FR\"},{\"@type\":\"Organization\",\"@id\":\"https:\\\/\\\/www.bellunopress.it\\\/#organization\",\"name\":\"Bellunopress\",\"url\":\"https:\\\/\\\/www.bellunopress.it\\\/\",\"logo\":{\"@type\":\"ImageObject\",\"inLanguage\":\"fr-FR\",\"@id\":\"https:\\\/\\\/www.bellunopress.it\\\/#\\\/schema\\\/logo\\\/image\\\/\",\"url\":\"https:\\\/\\\/www.bellunopress.it\\\/wp-content\\\/uploads\\\/2011\\\/05\\\/cropped-logo-bellunopress-.jpg\",\"contentUrl\":\"https:\\\/\\\/www.bellunopress.it\\\/wp-content\\\/uploads\\\/2011\\\/05\\\/cropped-logo-bellunopress-.jpg\",\"width\":512,\"height\":512,\"caption\":\"Bellunopress\"},\"image\":{\"@id\":\"https:\\\/\\\/www.bellunopress.it\\\/#\\\/schema\\\/logo\\\/image\\\/\"},\"sameAs\":[\"https:\\\/\\\/www.facebook.com\\\/profile.php?id=100008943462799\",\"https:\\\/\\\/x.com\\\/bellunopress\",\"https:\\\/\\\/www.linkedin.com\\\/hp\\\/?dnr=JBzUWaJfMUw8vbXJJ2tVW5-I3jZKvC4wsoxE&amp;amp;amp;amp;amp;amp;trk=nav_responsive_tab_home\",\"https:\\\/\\\/www.youtube.com\\\/channel\\\/UCxL0wu1uN0_3_7hGG0306cw\"]},{\"@type\":\"Person\",\"@id\":\"https:\\\/\\\/www.bellunopress.it\\\/#\\\/schema\\\/person\\\/79bb06722b37ece1c03d3e94beb30d73\",\"name\":\"redazione\",\"image\":{\"@type\":\"ImageObject\",\"inLanguage\":\"fr-FR\",\"@id\":\"https:\\\/\\\/secure.gravatar.com\\\/avatar\\\/37d968a2e67a6fd04c169c4bdef102d0bc5d31b2546345219e348575eb80e9a0?s=96&d=mm&r=g\",\"url\":\"https:\\\/\\\/secure.gravatar.com\\\/avatar\\\/37d968a2e67a6fd04c169c4bdef102d0bc5d31b2546345219e348575eb80e9a0?s=96&d=mm&r=g\",\"contentUrl\":\"https:\\\/\\\/secure.gravatar.com\\\/avatar\\\/37d968a2e67a6fd04c169c4bdef102d0bc5d31b2546345219e348575eb80e9a0?s=96&d=mm&r=g\",\"caption\":\"redazione\"},\"sameAs\":[\"http:\\\/\\\/www.bellunopress.it\",\"https:\\\/\\\/x.com\\\/bellunopress\"],\"url\":\"https:\\\/\\\/www.bellunopress.it\\\/fr\\\/author\\\/redazione\\\/\"}]}<\/script>\n<!-- \/ Yoast SEO plugin. -->","yoast_head_json":{"title":"Andrea Fontana verso Imola alla caccia del titolo del Campionato Italiano Gran Turismo Endurance - Bellunopress - Dolomiti","robots":{"index":"index","follow":"follow","max-snippet":"max-snippet:-1","max-image-preview":"max-image-preview:large","max-video-preview":"max-video-preview:-1"},"canonical":"https:\/\/www.bellunopress.it\/fr\/2024\/09\/03\/andrea-fontana-verso-imola-alla-caccia-del-titolo-del-campionato-italiano-gran-turismo-endurance\/","og_locale":"fr_FR","og_type":"article","og_title":"Andrea Fontana verso Imola alla caccia del titolo del Campionato Italiano Gran Turismo Endurance - Bellunopress - Dolomiti","og_description":"Si riaccendono questo fine settimana sul circuito di Imola i motori per il Campionato Italiano Gran Turismo. Dopo la ripartenza della serie Sprint al Mugello, Andrea Fontana \u00e8 pronto a tornare in azione anche per il penultimo appuntamento della serie di durata che vedr\u00e0 la disputa della tradizionale corsa da tre ore. Il 28enne bellunese [&hellip;]","og_url":"https:\/\/www.bellunopress.it\/fr\/2024\/09\/03\/andrea-fontana-verso-imola-alla-caccia-del-titolo-del-campionato-italiano-gran-turismo-endurance\/","og_site_name":"Bellunopress - Dolomiti","article_publisher":"https:\/\/www.facebook.com\/profile.php?id=100008943462799","article_published_time":"2024-09-03T10:38:21+00:00","og_image":[{"width":1000,"height":499,"url":"https:\/\/www.bellunopress.it\/wp-content\/uploads\/2024\/09\/Andrea-Fontana_edited.jpg","type":"image\/jpeg"}],"author":"redazione","twitter_card":"summary_large_image","twitter_creator":"@bellunopress","twitter_site":"@bellunopress","twitter_misc":{"Written by":"redazione","Est. reading time":"2 minutes"},"schema":{"@context":"https:\/\/schema.org","@graph":[{"@type":"Article","@id":"https:\/\/www.bellunopress.it\/2024\/09\/03\/andrea-fontana-verso-imola-alla-caccia-del-titolo-del-campionato-italiano-gran-turismo-endurance\/#article","isPartOf":{"@id":"https:\/\/www.bellunopress.it\/2024\/09\/03\/andrea-fontana-verso-imola-alla-caccia-del-titolo-del-campionato-italiano-gran-turismo-endurance\/"},"author":{"name":"redazione","@id":"https:\/\/www.bellunopress.it\/#\/schema\/person\/79bb06722b37ece1c03d3e94beb30d73"},"headline":"Andrea Fontana verso Imola alla caccia del titolo del Campionato Italiano Gran Turismo Endurance","datePublished":"2024-09-03T10:38:21+00:00","mainEntityOfPage":{"@id":"https:\/\/www.bellunopress.it\/2024\/09\/03\/andrea-fontana-verso-imola-alla-caccia-del-titolo-del-campionato-italiano-gran-turismo-endurance\/"},"wordCount":352,"publisher":{"@id":"https:\/\/www.bellunopress.it\/#organization"},"image":{"@id":"https:\/\/www.bellunopress.it\/2024\/09\/03\/andrea-fontana-verso-imola-alla-caccia-del-titolo-del-campionato-italiano-gran-turismo-endurance\/#primaryimage"},"thumbnailUrl":"https:\/\/www.bellunopress.it\/wp-content\/uploads\/2024\/09\/Andrea-Fontana_edited.jpg","articleSection":["Prima Pagina","Sport, tempo libero"],"inLanguage":"fr-FR"},{"@type":"WebPage","@id":"https:\/\/www.bellunopress.it\/2024\/09\/03\/andrea-fontana-verso-imola-alla-caccia-del-titolo-del-campionato-italiano-gran-turismo-endurance\/","url":"https:\/\/www.bellunopress.it\/2024\/09\/03\/andrea-fontana-verso-imola-alla-caccia-del-titolo-del-campionato-italiano-gran-turismo-endurance\/","name":"Andrea Fontana verso Imola alla caccia del titolo del Campionato Italiano Gran Turismo Endurance - Bellunopress - Dolomiti","isPartOf":{"@id":"https:\/\/www.bellunopress.it\/#website"},"primaryImageOfPage":{"@id":"https:\/\/www.bellunopress.it\/2024\/09\/03\/andrea-fontana-verso-imola-alla-caccia-del-titolo-del-campionato-italiano-gran-turismo-endurance\/#primaryimage"},"image":{"@id":"https:\/\/www.bellunopress.it\/2024\/09\/03\/andrea-fontana-verso-imola-alla-caccia-del-titolo-del-campionato-italiano-gran-turismo-endurance\/#primaryimage"},"thumbnailUrl":"https:\/\/www.bellunopress.it\/wp-content\/uploads\/2024\/09\/Andrea-Fontana_edited.jpg","datePublished":"2024-09-03T10:38:21+00:00","breadcrumb":{"@id":"https:\/\/www.bellunopress.it\/2024\/09\/03\/andrea-fontana-verso-imola-alla-caccia-del-titolo-del-campionato-italiano-gran-turismo-endurance\/#breadcrumb"},"inLanguage":"fr-FR","potentialAction":[{"@type":"ReadAction","target":["https:\/\/www.bellunopress.it\/2024\/09\/03\/andrea-fontana-verso-imola-alla-caccia-del-titolo-del-campionato-italiano-gran-turismo-endurance\/"]}]},{"@type":"ImageObject","inLanguage":"fr-FR","@id":"https:\/\/www.bellunopress.it\/2024\/09\/03\/andrea-fontana-verso-imola-alla-caccia-del-titolo-del-campionato-italiano-gran-turismo-endurance\/#primaryimage","url":"https:\/\/www.bellunopress.it\/wp-content\/uploads\/2024\/09\/Andrea-Fontana_edited.jpg","contentUrl":"https:\/\/www.bellunopress.it\/wp-content\/uploads\/2024\/09\/Andrea-Fontana_edited.jpg","width":1000,"height":499},{"@type":"BreadcrumbList","@id":"https:\/\/www.bellunopress.it\/2024\/09\/03\/andrea-fontana-verso-imola-alla-caccia-del-titolo-del-campionato-italiano-gran-turismo-endurance\/#breadcrumb","itemListElement":[{"@type":"ListItem","position":1,"name":"Home","item":"https:\/\/www.bellunopress.it\/"},{"@type":"ListItem","position":2,"name":"Andrea Fontana verso Imola alla caccia del titolo del Campionato Italiano Gran Turismo Endurance"}]},{"@type":"WebSite","@id":"https:\/\/www.bellunopress.it\/#website","url":"https:\/\/www.bellunopress.it\/","name":"Bellunopress - Dolomiti","description":"e-mail: redazione@bellunopress.it","publisher":{"@id":"https:\/\/www.bellunopress.it\/#organization"},"potentialAction":[{"@type":"SearchAction","target":{"@type":"EntryPoint","urlTemplate":"https:\/\/www.bellunopress.it\/?s={search_term_string}"},"query-input":{"@type":"PropertyValueSpecification","valueRequired":true,"valueName":"search_term_string"}}],"inLanguage":"fr-FR"},{"@type":"Organization","@id":"https:\/\/www.bellunopress.it\/#organization","name":"Bellunopress","url":"https:\/\/www.bellunopress.it\/","logo":{"@type":"ImageObject","inLanguage":"fr-FR","@id":"https:\/\/www.bellunopress.it\/#\/schema\/logo\/image\/","url":"https:\/\/www.bellunopress.it\/wp-content\/uploads\/2011\/05\/cropped-logo-bellunopress-.jpg","contentUrl":"https:\/\/www.bellunopress.it\/wp-content\/uploads\/2011\/05\/cropped-logo-bellunopress-.jpg","width":512,"height":512,"caption":"Bellunopress"},"image":{"@id":"https:\/\/www.bellunopress.it\/#\/schema\/logo\/image\/"},"sameAs":["https:\/\/www.facebook.com\/profile.php?id=100008943462799","https:\/\/x.com\/bellunopress","https:\/\/www.linkedin.com\/hp\/?dnr=JBzUWaJfMUw8vbXJJ2tVW5-I3jZKvC4wsoxE&amp;amp;amp;amp;amp;amp;trk=nav_responsive_tab_home","https:\/\/www.youtube.com\/channel\/UCxL0wu1uN0_3_7hGG0306cw"]},{"@type":"Person","@id":"https:\/\/www.bellunopress.it\/#\/schema\/person\/79bb06722b37ece1c03d3e94beb30d73","name":"r\u00e9daction","image":{"@type":"ImageObject","inLanguage":"fr-FR","@id":"https:\/\/secure.gravatar.com\/avatar\/37d968a2e67a6fd04c169c4bdef102d0bc5d31b2546345219e348575eb80e9a0?s=96&d=mm&r=g","url":"https:\/\/secure.gravatar.com\/avatar\/37d968a2e67a6fd04c169c4bdef102d0bc5d31b2546345219e348575eb80e9a0?s=96&d=mm&r=g","contentUrl":"https:\/\/secure.gravatar.com\/avatar\/37d968a2e67a6fd04c169c4bdef102d0bc5d31b2546345219e348575eb80e9a0?s=96&d=mm&r=g","caption":"redazione"},"sameAs":["http:\/\/www.bellunopress.it","https:\/\/x.com\/bellunopress"],"url":"https:\/\/www.bellunopress.it\/fr\/author\/redazione\/"}]}},"_links":{"self":[{"href":"https:\/\/www.bellunopress.it\/fr\/wp-json\/wp\/v2\/posts\/153676","targetHints":{"allow":["GET"]}}],"collection":[{"href":"https:\/\/www.bellunopress.it\/fr\/wp-json\/wp\/v2\/posts"}],"about":[{"href":"https:\/\/www.bellunopress.it\/fr\/wp-json\/wp\/v2\/types\/post"}],"author":[{"embeddable":true,"href":"https:\/\/www.bellunopress.it\/fr\/wp-json\/wp\/v2\/users\/2"}],"replies":[{"embeddable":true,"href":"https:\/\/www.bellunopress.it\/fr\/wp-json\/wp\/v2\/comments?post=153676"}],"version-history":[{"count":1,"href":"https:\/\/www.bellunopress.it\/fr\/wp-json\/wp\/v2\/posts\/153676\/revisions"}],"predecessor-version":[{"id":153678,"href":"https:\/\/www.bellunopress.it\/fr\/wp-json\/wp\/v2\/posts\/153676\/revisions\/153678"}],"wp:featuredmedia":[{"embeddable":true,"href":"https:\/\/www.bellunopress.it\/fr\/wp-json\/wp\/v2\/media\/153677"}],"wp:attachment":[{"href":"https:\/\/www.bellunopress.it\/fr\/wp-json\/wp\/v2\/media?parent=153676"}],"wp:term":[{"taxonomy":"category","embeddable":true,"href":"https:\/\/www.bellunopress.it\/fr\/wp-json\/wp\/v2\/categories?post=153676"},{"taxonomy":"post_tag","embeddable":true,"href":"https:\/\/www.bellunopress.it\/fr\/wp-json\/wp\/v2\/tags?post=153676"}],"curies":[{"name":"wp","href":"https:\/\/api.w.org\/{rel}","templated":true}]}}