{"id":153670,"date":"2024-09-03T14:11:47","date_gmt":"2024-09-03T12:11:47","guid":{"rendered":"https:\/\/www.bellunopress.it\/?p=153670"},"modified":"2024-09-02T20:18:26","modified_gmt":"2024-09-02T18:18:26","slug":"venerdi-in-nevegal-linaugurazione-della-personale-cronache-di-belluno-di-vico-calabro","status":"publish","type":"post","link":"https:\/\/www.bellunopress.it\/fr\/2024\/09\/03\/venerdi-in-nevegal-linaugurazione-della-personale-cronache-di-belluno-di-vico-calabro\/","title":{"rendered":"Venerd\u00ec in Nevegal l&#8217;inaugurazione della personale \u201cCronache di Belluno\u201d di Vico Calabr\u00f2"},"content":{"rendered":"<p><img loading=\"lazy\" decoding=\"async\" class=\"aligncenter size-full wp-image-153671\" src=\"https:\/\/www.bellunopress.it\/wp-content\/uploads\/2024\/09\/Vico-Calabro-Nevegal_edited.jpg\" alt=\"\" width=\"518\" height=\"720\" srcset=\"https:\/\/www.bellunopress.it\/wp-content\/uploads\/2024\/09\/Vico-Calabro-Nevegal_edited.jpg 518w, https:\/\/www.bellunopress.it\/wp-content\/uploads\/2024\/09\/Vico-Calabro-Nevegal_edited-360x500.jpg 360w, https:\/\/www.bellunopress.it\/wp-content\/uploads\/2024\/09\/Vico-Calabro-Nevegal_edited-302x420.jpg 302w\" sizes=\"auto, (max-width: 518px) 100vw, 518px\" \/>Il 6 settembre prossimo alle ore 18 il centro culturale polifunzionale \u201cFil\u00f2 Neveg\u00e0l\u201d al civico 381 del Piazzale Neveg\u00e0l (condominio Le Ginestre, nei locali del vecchio supermercato), prosegue la sua attivit\u00e0 con l\u2019apertura al pubblico della personale dell\u2019artista Vico Calabr\u00f2 \u201cCronache di Belluno, 13 litografie\u201d sulla storia di Belluno antica e vera, con omaggi ad amici bellunesi in arte.<\/p>\n<p>Il fulcro dell\u2019esposizione \u00e8 costituito da tredici litografie originali tirate nella stamperia di Giuliano Busato a Vicenza per le edizioni d\u2019Arte Castaldi di Feltre. Alla prima di queste, Panorama di Belluno 21 ottobre 1973, seguono le rappresentazioni di fatti storici ed eventi leggendari o miracolosi avvenuti nel territorio bellunese. In ordine cronologico, a partire dal 1114 e fino al 1934, scopriremo ad esempio le citt\u00e0 sepolte di Cordova e di Cornia in quel di Gron di Sospirolo, l\u2019assedio e la conquista di Belluno da parte di Ezzelino da Romano, la predicazione in citt\u00e0 di San Bernardino da Siena, la posa della prima pietra del campanile del Duomo, i festeggiamenti per il compleanno del papa bellunese Gregorio XVI. La netta impressione \u00e8 che da ogni litografia escano i suoni, i profumi, i colori e la gente delle rispettive epoche: nobili e umili, soldati e predicatori, frati e angeli, santi e strane figure di altri mondi. Le litografie sono accompagnate da altre opere, dedicate da Vico Calabr\u00f2 ad amici, artisti a loro volta, a cui ha voluto rendere omaggio nel corso del tempo: Ugo Neri, Eliana Olivotto e Gianni Secco.<\/p>\n<p>Vico nasce ad Agordo nel 1938 da pap\u00e0 palermitano e mamma cadorina. Prima ancora della scrittura \u00e8 la pittura il suo modo di esprimersi, ma a quel tempo l\u2019arte figurativa era considerata la porta di ogni vizio, per cui si trasferisce a Padova per studiare Medicina. Ma il destino \u00e8 in agguato proprio l\u00e0, perch\u00e9 in citt\u00e0 conosce diversi pittori e scopre che la pittura, oltre che una vocazione, \u00e8 anche un vero e proprio mestiere. E al cuore non si comanda. Cos\u00ec, sapendo di andare contro il parere della famiglia, si iscrive all\u2019Accademia di Belle Arti e comincia a seguire i maestri in ogni occasione possibile, rubando la tecnica con gli occhi. Con fatica e sacrifici, Vico va avanti per la sua strada perch\u00e9 \u201ci treni passano per tutti, ma bisogna saperci salire: per non avere rimpianti e per capire se hai sbagliato.\u201d L\u2019arte dell\u2019affresco gli ha permesso di diventare un maestro indiscusso per centinaia di allievi \u201cfrescanti\u201d, che oggi stanno diffondendo in tutto il mondo questa tecnica esclusiva dell\u2019arte italiana. I paesi di Cibiana e Facen sono la testimonianza vivente della passione di Vico e di centinaia tra professionisti e allievi. Il suo lungo curriculum \u00e8 costellato di mostre personali, dipinti murali e opere collocate in collezioni pubbliche e private (in Francia, Germania, Giappone, Olanda, Polonia, Romania, Brasile, Malta e Bulgaria), oltre a corsi, lezioni e incontri, libri illustrati e illustrazioni per giornali e riviste, cataloghi e libri d\u2019arte. Oramai trentennale la sua collaborazione con il Giro d\u2019Italia di ciclismo, per il quale disegna in itinere ogni anno tutta una serie di cartoline commemorative.<\/p>\n<p>L\u2019evento, che gode del patrocinio della Regione Veneto e del Comune di Belluno, nasce dalla collaborazione di Nevegallika con l\u2019Associazione Proprietari Neveg\u00e0l, nell\u2019ottica della promozione turistica e del rilancio del Colle.<br \/>\nL\u2019esposizione rimarr\u00e0 aperta fino al 22 settembre con i seguenti orari: sabato mattina 10-12, pomeriggio 16-18; domenica mattina 10-12, pomeriggio 16-18.<\/p>","protected":false},"excerpt":{"rendered":"<p>Il 6 settembre prossimo alle ore 18 il centro culturale polifunzionale \u201cFil\u00f2 Neveg\u00e0l\u201d al civico 381 del Piazzale Neveg\u00e0l (condominio Le Ginestre, nei locali del vecchio supermercato), prosegue la sua attivit\u00e0 con l\u2019apertura al pubblico della personale dell\u2019artista Vico Calabr\u00f2 \u201cCronache di Belluno, 13 litografie\u201d sulla storia di Belluno antica e vera, con omaggi ad [&hellip;]<\/p>\n","protected":false},"author":2,"featured_media":153671,"comment_status":"closed","ping_status":"open","sticky":false,"template":"","format":"standard","meta":{"footnotes":""},"categories":[27,3,25],"tags":[],"class_list":["post-153670","post","type-post","status-publish","format-standard","has-post-thumbnail","category-appuntamenti","category-arte-cultura-spettacoli-scienza-archivi","category-pausa-caffe"],"yoast_head":"<!-- This site is optimized with the Yoast SEO plugin v28.4 - https:\/\/yoast.com\/product\/yoast-seo-wordpress\/ -->\n<title>Venerd\u00ec in Nevegal l&#039;inaugurazione della personale \u201cCronache di Belluno\u201d di Vico Calabr\u00f2 - Bellunopress - Dolomiti<\/title>\n<meta name=\"robots\" content=\"index, follow, max-snippet:-1, max-image-preview:large, max-video-preview:-1\" \/>\n<link rel=\"canonical\" href=\"https:\/\/www.bellunopress.it\/fr\/2024\/09\/03\/venerdi-in-nevegal-linaugurazione-della-personale-cronache-di-belluno-di-vico-calabro\/\" \/>\n<meta property=\"og:locale\" content=\"fr_FR\" \/>\n<meta property=\"og:type\" content=\"article\" \/>\n<meta property=\"og:title\" content=\"Venerd\u00ec in Nevegal l&#039;inaugurazione della personale \u201cCronache di Belluno\u201d di Vico Calabr\u00f2 - Bellunopress - Dolomiti\" \/>\n<meta property=\"og:description\" content=\"Il 6 settembre prossimo alle ore 18 il centro culturale polifunzionale \u201cFil\u00f2 Neveg\u00e0l\u201d al civico 381 del Piazzale Neveg\u00e0l (condominio Le Ginestre, nei locali del vecchio supermercato), prosegue la sua attivit\u00e0 con l\u2019apertura al pubblico della personale dell\u2019artista Vico Calabr\u00f2 \u201cCronache di Belluno, 13 litografie\u201d sulla storia di Belluno antica e vera, con omaggi ad [&hellip;]\" \/>\n<meta property=\"og:url\" content=\"https:\/\/www.bellunopress.it\/fr\/2024\/09\/03\/venerdi-in-nevegal-linaugurazione-della-personale-cronache-di-belluno-di-vico-calabro\/\" \/>\n<meta property=\"og:site_name\" content=\"Bellunopress - Dolomiti\" \/>\n<meta property=\"article:publisher\" content=\"https:\/\/www.facebook.com\/profile.php?id=100008943462799\" \/>\n<meta property=\"article:published_time\" content=\"2024-09-03T12:11:47+00:00\" \/>\n<meta property=\"og:image\" content=\"https:\/\/www.bellunopress.it\/wp-content\/uploads\/2024\/09\/Vico-Calabro-Nevegal_edited.jpg\" \/>\n\t<meta property=\"og:image:width\" content=\"518\" \/>\n\t<meta property=\"og:image:height\" content=\"720\" \/>\n\t<meta property=\"og:image:type\" content=\"image\/jpeg\" \/>\n<meta name=\"author\" content=\"redazione\" \/>\n<meta name=\"twitter:card\" content=\"summary_large_image\" \/>\n<meta name=\"twitter:creator\" content=\"@bellunopress\" \/>\n<meta name=\"twitter:site\" content=\"@bellunopress\" \/>\n<meta name=\"twitter:label1\" content=\"Written by\" \/>\n\t<meta name=\"twitter:data1\" content=\"redazione\" \/>\n\t<meta name=\"twitter:label2\" content=\"Est. reading time\" \/>\n\t<meta name=\"twitter:data2\" content=\"3 minutes\" \/>\n<script type=\"application\/ld+json\" class=\"yoast-schema-graph\">{\"@context\":\"https:\\\/\\\/schema.org\",\"@graph\":[{\"@type\":\"Article\",\"@id\":\"https:\\\/\\\/www.bellunopress.it\\\/2024\\\/09\\\/03\\\/venerdi-in-nevegal-linaugurazione-della-personale-cronache-di-belluno-di-vico-calabro\\\/#article\",\"isPartOf\":{\"@id\":\"https:\\\/\\\/www.bellunopress.it\\\/2024\\\/09\\\/03\\\/venerdi-in-nevegal-linaugurazione-della-personale-cronache-di-belluno-di-vico-calabro\\\/\"},\"author\":{\"name\":\"redazione\",\"@id\":\"https:\\\/\\\/www.bellunopress.it\\\/#\\\/schema\\\/person\\\/79bb06722b37ece1c03d3e94beb30d73\"},\"headline\":\"Venerd\u00ec in Nevegal l&#8217;inaugurazione della personale \u201cCronache di Belluno\u201d di Vico Calabr\u00f2\",\"datePublished\":\"2024-09-03T12:11:47+00:00\",\"mainEntityOfPage\":{\"@id\":\"https:\\\/\\\/www.bellunopress.it\\\/2024\\\/09\\\/03\\\/venerdi-in-nevegal-linaugurazione-della-personale-cronache-di-belluno-di-vico-calabro\\\/\"},\"wordCount\":581,\"publisher\":{\"@id\":\"https:\\\/\\\/www.bellunopress.it\\\/#organization\"},\"image\":{\"@id\":\"https:\\\/\\\/www.bellunopress.it\\\/2024\\\/09\\\/03\\\/venerdi-in-nevegal-linaugurazione-della-personale-cronache-di-belluno-di-vico-calabro\\\/#primaryimage\"},\"thumbnailUrl\":\"https:\\\/\\\/www.bellunopress.it\\\/wp-content\\\/uploads\\\/2024\\\/09\\\/Vico-Calabro-Nevegal_edited.jpg\",\"articleSection\":[\"Appuntamenti, Eventi\",\"Arte, Cultura, Spettacoli, Scienza\",\"Pausa Caff\u00e8\"],\"inLanguage\":\"fr-FR\"},{\"@type\":\"WebPage\",\"@id\":\"https:\\\/\\\/www.bellunopress.it\\\/2024\\\/09\\\/03\\\/venerdi-in-nevegal-linaugurazione-della-personale-cronache-di-belluno-di-vico-calabro\\\/\",\"url\":\"https:\\\/\\\/www.bellunopress.it\\\/2024\\\/09\\\/03\\\/venerdi-in-nevegal-linaugurazione-della-personale-cronache-di-belluno-di-vico-calabro\\\/\",\"name\":\"Venerd\u00ec in Nevegal l'inaugurazione della personale \u201cCronache di Belluno\u201d di Vico Calabr\u00f2 - Bellunopress - Dolomiti\",\"isPartOf\":{\"@id\":\"https:\\\/\\\/www.bellunopress.it\\\/#website\"},\"primaryImageOfPage\":{\"@id\":\"https:\\\/\\\/www.bellunopress.it\\\/2024\\\/09\\\/03\\\/venerdi-in-nevegal-linaugurazione-della-personale-cronache-di-belluno-di-vico-calabro\\\/#primaryimage\"},\"image\":{\"@id\":\"https:\\\/\\\/www.bellunopress.it\\\/2024\\\/09\\\/03\\\/venerdi-in-nevegal-linaugurazione-della-personale-cronache-di-belluno-di-vico-calabro\\\/#primaryimage\"},\"thumbnailUrl\":\"https:\\\/\\\/www.bellunopress.it\\\/wp-content\\\/uploads\\\/2024\\\/09\\\/Vico-Calabro-Nevegal_edited.jpg\",\"datePublished\":\"2024-09-03T12:11:47+00:00\",\"breadcrumb\":{\"@id\":\"https:\\\/\\\/www.bellunopress.it\\\/2024\\\/09\\\/03\\\/venerdi-in-nevegal-linaugurazione-della-personale-cronache-di-belluno-di-vico-calabro\\\/#breadcrumb\"},\"inLanguage\":\"fr-FR\",\"potentialAction\":[{\"@type\":\"ReadAction\",\"target\":[\"https:\\\/\\\/www.bellunopress.it\\\/2024\\\/09\\\/03\\\/venerdi-in-nevegal-linaugurazione-della-personale-cronache-di-belluno-di-vico-calabro\\\/\"]}]},{\"@type\":\"ImageObject\",\"inLanguage\":\"fr-FR\",\"@id\":\"https:\\\/\\\/www.bellunopress.it\\\/2024\\\/09\\\/03\\\/venerdi-in-nevegal-linaugurazione-della-personale-cronache-di-belluno-di-vico-calabro\\\/#primaryimage\",\"url\":\"https:\\\/\\\/www.bellunopress.it\\\/wp-content\\\/uploads\\\/2024\\\/09\\\/Vico-Calabro-Nevegal_edited.jpg\",\"contentUrl\":\"https:\\\/\\\/www.bellunopress.it\\\/wp-content\\\/uploads\\\/2024\\\/09\\\/Vico-Calabro-Nevegal_edited.jpg\",\"width\":518,\"height\":720},{\"@type\":\"BreadcrumbList\",\"@id\":\"https:\\\/\\\/www.bellunopress.it\\\/2024\\\/09\\\/03\\\/venerdi-in-nevegal-linaugurazione-della-personale-cronache-di-belluno-di-vico-calabro\\\/#breadcrumb\",\"itemListElement\":[{\"@type\":\"ListItem\",\"position\":1,\"name\":\"Home\",\"item\":\"https:\\\/\\\/www.bellunopress.it\\\/\"},{\"@type\":\"ListItem\",\"position\":2,\"name\":\"Venerd\u00ec in Nevegal l&#8217;inaugurazione della personale \u201cCronache di Belluno\u201d di Vico Calabr\u00f2\"}]},{\"@type\":\"WebSite\",\"@id\":\"https:\\\/\\\/www.bellunopress.it\\\/#website\",\"url\":\"https:\\\/\\\/www.bellunopress.it\\\/\",\"name\":\"Bellunopress - Dolomiti\",\"description\":\"e-mail: redazione@bellunopress.it\",\"publisher\":{\"@id\":\"https:\\\/\\\/www.bellunopress.it\\\/#organization\"},\"potentialAction\":[{\"@type\":\"SearchAction\",\"target\":{\"@type\":\"EntryPoint\",\"urlTemplate\":\"https:\\\/\\\/www.bellunopress.it\\\/?s={search_term_string}\"},\"query-input\":{\"@type\":\"PropertyValueSpecification\",\"valueRequired\":true,\"valueName\":\"search_term_string\"}}],\"inLanguage\":\"fr-FR\"},{\"@type\":\"Organization\",\"@id\":\"https:\\\/\\\/www.bellunopress.it\\\/#organization\",\"name\":\"Bellunopress\",\"url\":\"https:\\\/\\\/www.bellunopress.it\\\/\",\"logo\":{\"@type\":\"ImageObject\",\"inLanguage\":\"fr-FR\",\"@id\":\"https:\\\/\\\/www.bellunopress.it\\\/#\\\/schema\\\/logo\\\/image\\\/\",\"url\":\"https:\\\/\\\/www.bellunopress.it\\\/wp-content\\\/uploads\\\/2011\\\/05\\\/cropped-logo-bellunopress-.jpg\",\"contentUrl\":\"https:\\\/\\\/www.bellunopress.it\\\/wp-content\\\/uploads\\\/2011\\\/05\\\/cropped-logo-bellunopress-.jpg\",\"width\":512,\"height\":512,\"caption\":\"Bellunopress\"},\"image\":{\"@id\":\"https:\\\/\\\/www.bellunopress.it\\\/#\\\/schema\\\/logo\\\/image\\\/\"},\"sameAs\":[\"https:\\\/\\\/www.facebook.com\\\/profile.php?id=100008943462799\",\"https:\\\/\\\/x.com\\\/bellunopress\",\"https:\\\/\\\/www.linkedin.com\\\/hp\\\/?dnr=JBzUWaJfMUw8vbXJJ2tVW5-I3jZKvC4wsoxE&amp;amp;amp;amp;amp;amp;trk=nav_responsive_tab_home\",\"https:\\\/\\\/www.youtube.com\\\/channel\\\/UCxL0wu1uN0_3_7hGG0306cw\"]},{\"@type\":\"Person\",\"@id\":\"https:\\\/\\\/www.bellunopress.it\\\/#\\\/schema\\\/person\\\/79bb06722b37ece1c03d3e94beb30d73\",\"name\":\"redazione\",\"image\":{\"@type\":\"ImageObject\",\"inLanguage\":\"fr-FR\",\"@id\":\"https:\\\/\\\/secure.gravatar.com\\\/avatar\\\/37d968a2e67a6fd04c169c4bdef102d0bc5d31b2546345219e348575eb80e9a0?s=96&d=mm&r=g\",\"url\":\"https:\\\/\\\/secure.gravatar.com\\\/avatar\\\/37d968a2e67a6fd04c169c4bdef102d0bc5d31b2546345219e348575eb80e9a0?s=96&d=mm&r=g\",\"contentUrl\":\"https:\\\/\\\/secure.gravatar.com\\\/avatar\\\/37d968a2e67a6fd04c169c4bdef102d0bc5d31b2546345219e348575eb80e9a0?s=96&d=mm&r=g\",\"caption\":\"redazione\"},\"sameAs\":[\"http:\\\/\\\/www.bellunopress.it\",\"https:\\\/\\\/x.com\\\/bellunopress\"],\"url\":\"https:\\\/\\\/www.bellunopress.it\\\/fr\\\/author\\\/redazione\\\/\"}]}<\/script>\n<!-- \/ Yoast SEO plugin. -->","yoast_head_json":{"title":"Venerd\u00ec in Nevegal l'inaugurazione della personale \u201cCronache di Belluno\u201d di Vico Calabr\u00f2 - Bellunopress - Dolomiti","robots":{"index":"index","follow":"follow","max-snippet":"max-snippet:-1","max-image-preview":"max-image-preview:large","max-video-preview":"max-video-preview:-1"},"canonical":"https:\/\/www.bellunopress.it\/fr\/2024\/09\/03\/venerdi-in-nevegal-linaugurazione-della-personale-cronache-di-belluno-di-vico-calabro\/","og_locale":"fr_FR","og_type":"article","og_title":"Venerd\u00ec in Nevegal l'inaugurazione della personale \u201cCronache di Belluno\u201d di Vico Calabr\u00f2 - Bellunopress - Dolomiti","og_description":"Il 6 settembre prossimo alle ore 18 il centro culturale polifunzionale \u201cFil\u00f2 Neveg\u00e0l\u201d al civico 381 del Piazzale Neveg\u00e0l (condominio Le Ginestre, nei locali del vecchio supermercato), prosegue la sua attivit\u00e0 con l\u2019apertura al pubblico della personale dell\u2019artista Vico Calabr\u00f2 \u201cCronache di Belluno, 13 litografie\u201d sulla storia di Belluno antica e vera, con omaggi ad [&hellip;]","og_url":"https:\/\/www.bellunopress.it\/fr\/2024\/09\/03\/venerdi-in-nevegal-linaugurazione-della-personale-cronache-di-belluno-di-vico-calabro\/","og_site_name":"Bellunopress - Dolomiti","article_publisher":"https:\/\/www.facebook.com\/profile.php?id=100008943462799","article_published_time":"2024-09-03T12:11:47+00:00","og_image":[{"width":518,"height":720,"url":"https:\/\/www.bellunopress.it\/wp-content\/uploads\/2024\/09\/Vico-Calabro-Nevegal_edited.jpg","type":"image\/jpeg"}],"author":"redazione","twitter_card":"summary_large_image","twitter_creator":"@bellunopress","twitter_site":"@bellunopress","twitter_misc":{"Written by":"redazione","Est. reading time":"3 minutes"},"schema":{"@context":"https:\/\/schema.org","@graph":[{"@type":"Article","@id":"https:\/\/www.bellunopress.it\/2024\/09\/03\/venerdi-in-nevegal-linaugurazione-della-personale-cronache-di-belluno-di-vico-calabro\/#article","isPartOf":{"@id":"https:\/\/www.bellunopress.it\/2024\/09\/03\/venerdi-in-nevegal-linaugurazione-della-personale-cronache-di-belluno-di-vico-calabro\/"},"author":{"name":"redazione","@id":"https:\/\/www.bellunopress.it\/#\/schema\/person\/79bb06722b37ece1c03d3e94beb30d73"},"headline":"Venerd\u00ec in Nevegal l&#8217;inaugurazione della personale \u201cCronache di Belluno\u201d di Vico Calabr\u00f2","datePublished":"2024-09-03T12:11:47+00:00","mainEntityOfPage":{"@id":"https:\/\/www.bellunopress.it\/2024\/09\/03\/venerdi-in-nevegal-linaugurazione-della-personale-cronache-di-belluno-di-vico-calabro\/"},"wordCount":581,"publisher":{"@id":"https:\/\/www.bellunopress.it\/#organization"},"image":{"@id":"https:\/\/www.bellunopress.it\/2024\/09\/03\/venerdi-in-nevegal-linaugurazione-della-personale-cronache-di-belluno-di-vico-calabro\/#primaryimage"},"thumbnailUrl":"https:\/\/www.bellunopress.it\/wp-content\/uploads\/2024\/09\/Vico-Calabro-Nevegal_edited.jpg","articleSection":["Appuntamenti, Eventi","Arte, Cultura, Spettacoli, Scienza","Pausa Caff\u00e8"],"inLanguage":"fr-FR"},{"@type":"WebPage","@id":"https:\/\/www.bellunopress.it\/2024\/09\/03\/venerdi-in-nevegal-linaugurazione-della-personale-cronache-di-belluno-di-vico-calabro\/","url":"https:\/\/www.bellunopress.it\/2024\/09\/03\/venerdi-in-nevegal-linaugurazione-della-personale-cronache-di-belluno-di-vico-calabro\/","name":"Venerd\u00ec in Nevegal l'inaugurazione della personale \u201cCronache di Belluno\u201d di Vico Calabr\u00f2 - Bellunopress - Dolomiti","isPartOf":{"@id":"https:\/\/www.bellunopress.it\/#website"},"primaryImageOfPage":{"@id":"https:\/\/www.bellunopress.it\/2024\/09\/03\/venerdi-in-nevegal-linaugurazione-della-personale-cronache-di-belluno-di-vico-calabro\/#primaryimage"},"image":{"@id":"https:\/\/www.bellunopress.it\/2024\/09\/03\/venerdi-in-nevegal-linaugurazione-della-personale-cronache-di-belluno-di-vico-calabro\/#primaryimage"},"thumbnailUrl":"https:\/\/www.bellunopress.it\/wp-content\/uploads\/2024\/09\/Vico-Calabro-Nevegal_edited.jpg","datePublished":"2024-09-03T12:11:47+00:00","breadcrumb":{"@id":"https:\/\/www.bellunopress.it\/2024\/09\/03\/venerdi-in-nevegal-linaugurazione-della-personale-cronache-di-belluno-di-vico-calabro\/#breadcrumb"},"inLanguage":"fr-FR","potentialAction":[{"@type":"ReadAction","target":["https:\/\/www.bellunopress.it\/2024\/09\/03\/venerdi-in-nevegal-linaugurazione-della-personale-cronache-di-belluno-di-vico-calabro\/"]}]},{"@type":"ImageObject","inLanguage":"fr-FR","@id":"https:\/\/www.bellunopress.it\/2024\/09\/03\/venerdi-in-nevegal-linaugurazione-della-personale-cronache-di-belluno-di-vico-calabro\/#primaryimage","url":"https:\/\/www.bellunopress.it\/wp-content\/uploads\/2024\/09\/Vico-Calabro-Nevegal_edited.jpg","contentUrl":"https:\/\/www.bellunopress.it\/wp-content\/uploads\/2024\/09\/Vico-Calabro-Nevegal_edited.jpg","width":518,"height":720},{"@type":"BreadcrumbList","@id":"https:\/\/www.bellunopress.it\/2024\/09\/03\/venerdi-in-nevegal-linaugurazione-della-personale-cronache-di-belluno-di-vico-calabro\/#breadcrumb","itemListElement":[{"@type":"ListItem","position":1,"name":"Home","item":"https:\/\/www.bellunopress.it\/"},{"@type":"ListItem","position":2,"name":"Venerd\u00ec in Nevegal l&#8217;inaugurazione della personale \u201cCronache di Belluno\u201d di Vico Calabr\u00f2"}]},{"@type":"WebSite","@id":"https:\/\/www.bellunopress.it\/#website","url":"https:\/\/www.bellunopress.it\/","name":"Bellunopress - Dolomiti","description":"e-mail: redazione@bellunopress.it","publisher":{"@id":"https:\/\/www.bellunopress.it\/#organization"},"potentialAction":[{"@type":"SearchAction","target":{"@type":"EntryPoint","urlTemplate":"https:\/\/www.bellunopress.it\/?s={search_term_string}"},"query-input":{"@type":"PropertyValueSpecification","valueRequired":true,"valueName":"search_term_string"}}],"inLanguage":"fr-FR"},{"@type":"Organization","@id":"https:\/\/www.bellunopress.it\/#organization","name":"Bellunopress","url":"https:\/\/www.bellunopress.it\/","logo":{"@type":"ImageObject","inLanguage":"fr-FR","@id":"https:\/\/www.bellunopress.it\/#\/schema\/logo\/image\/","url":"https:\/\/www.bellunopress.it\/wp-content\/uploads\/2011\/05\/cropped-logo-bellunopress-.jpg","contentUrl":"https:\/\/www.bellunopress.it\/wp-content\/uploads\/2011\/05\/cropped-logo-bellunopress-.jpg","width":512,"height":512,"caption":"Bellunopress"},"image":{"@id":"https:\/\/www.bellunopress.it\/#\/schema\/logo\/image\/"},"sameAs":["https:\/\/www.facebook.com\/profile.php?id=100008943462799","https:\/\/x.com\/bellunopress","https:\/\/www.linkedin.com\/hp\/?dnr=JBzUWaJfMUw8vbXJJ2tVW5-I3jZKvC4wsoxE&amp;amp;amp;amp;amp;amp;trk=nav_responsive_tab_home","https:\/\/www.youtube.com\/channel\/UCxL0wu1uN0_3_7hGG0306cw"]},{"@type":"Person","@id":"https:\/\/www.bellunopress.it\/#\/schema\/person\/79bb06722b37ece1c03d3e94beb30d73","name":"r\u00e9daction","image":{"@type":"ImageObject","inLanguage":"fr-FR","@id":"https:\/\/secure.gravatar.com\/avatar\/37d968a2e67a6fd04c169c4bdef102d0bc5d31b2546345219e348575eb80e9a0?s=96&d=mm&r=g","url":"https:\/\/secure.gravatar.com\/avatar\/37d968a2e67a6fd04c169c4bdef102d0bc5d31b2546345219e348575eb80e9a0?s=96&d=mm&r=g","contentUrl":"https:\/\/secure.gravatar.com\/avatar\/37d968a2e67a6fd04c169c4bdef102d0bc5d31b2546345219e348575eb80e9a0?s=96&d=mm&r=g","caption":"redazione"},"sameAs":["http:\/\/www.bellunopress.it","https:\/\/x.com\/bellunopress"],"url":"https:\/\/www.bellunopress.it\/fr\/author\/redazione\/"}]}},"_links":{"self":[{"href":"https:\/\/www.bellunopress.it\/fr\/wp-json\/wp\/v2\/posts\/153670","targetHints":{"allow":["GET"]}}],"collection":[{"href":"https:\/\/www.bellunopress.it\/fr\/wp-json\/wp\/v2\/posts"}],"about":[{"href":"https:\/\/www.bellunopress.it\/fr\/wp-json\/wp\/v2\/types\/post"}],"author":[{"embeddable":true,"href":"https:\/\/www.bellunopress.it\/fr\/wp-json\/wp\/v2\/users\/2"}],"replies":[{"embeddable":true,"href":"https:\/\/www.bellunopress.it\/fr\/wp-json\/wp\/v2\/comments?post=153670"}],"version-history":[{"count":1,"href":"https:\/\/www.bellunopress.it\/fr\/wp-json\/wp\/v2\/posts\/153670\/revisions"}],"predecessor-version":[{"id":153672,"href":"https:\/\/www.bellunopress.it\/fr\/wp-json\/wp\/v2\/posts\/153670\/revisions\/153672"}],"wp:featuredmedia":[{"embeddable":true,"href":"https:\/\/www.bellunopress.it\/fr\/wp-json\/wp\/v2\/media\/153671"}],"wp:attachment":[{"href":"https:\/\/www.bellunopress.it\/fr\/wp-json\/wp\/v2\/media?parent=153670"}],"wp:term":[{"taxonomy":"category","embeddable":true,"href":"https:\/\/www.bellunopress.it\/fr\/wp-json\/wp\/v2\/categories?post=153670"},{"taxonomy":"post_tag","embeddable":true,"href":"https:\/\/www.bellunopress.it\/fr\/wp-json\/wp\/v2\/tags?post=153670"}],"curies":[{"name":"wp","href":"https:\/\/api.w.org\/{rel}","templated":true}]}}