{"id":153667,"date":"2024-09-03T08:00:01","date_gmt":"2024-09-03T06:00:01","guid":{"rendered":"https:\/\/www.bellunopress.it\/?p=153667"},"modified":"2024-09-03T06:04:32","modified_gmt":"2024-09-03T04:04:32","slug":"dodici-anni-fa-loro-alle-paralimpiadi-di-londra-del-sindaco-oscar-de-pellegrin","status":"publish","type":"post","link":"https:\/\/www.bellunopress.it\/fr\/2024\/09\/03\/dodici-anni-fa-loro-alle-paralimpiadi-di-londra-del-sindaco-oscar-de-pellegrin\/","title":{"rendered":"Dodici anni fa l&#8217;Oro alle Paralimpiadi di Londra del sindaco di Belluno Oscar De Pellegrin"},"content":{"rendered":"<p><img loading=\"lazy\" decoding=\"async\" class=\"aligncenter size-full wp-image-153668\" src=\"https:\/\/www.bellunopress.it\/wp-content\/uploads\/2024\/09\/Oscar-De-Pellegrin-Londra-2012-Oro-Paralimpiaadi_edited.jpg\" alt=\"\" width=\"588\" height=\"932\" srcset=\"https:\/\/www.bellunopress.it\/wp-content\/uploads\/2024\/09\/Oscar-De-Pellegrin-Londra-2012-Oro-Paralimpiaadi_edited.jpg 588w, https:\/\/www.bellunopress.it\/wp-content\/uploads\/2024\/09\/Oscar-De-Pellegrin-Londra-2012-Oro-Paralimpiaadi_edited-315x500.jpg 315w, https:\/\/www.bellunopress.it\/wp-content\/uploads\/2024\/09\/Oscar-De-Pellegrin-Londra-2012-Oro-Paralimpiaadi_edited-265x420.jpg 265w\" sizes=\"auto, (max-width: 588px) 100vw, 588px\" \/><\/p>\n<p>3 settembre 2012 &#8211; 3 settembre 2024. Sono 12 anni dall\u2019oro alle Paralimpiadi di Londra.<br \/>\nDi quel giorno ricordo l\u2019emozione, immensa, per un risultato che era tutt\u2019altro che scontato. Il ruolo di portabandiera, infatti, avrebbe potuto preclu-dermi il podio, come spesso accade.<\/p>\n<p>In quel momento, sotto gli occhi del mondo, mi sono passati davanti tutti gli sforzi e il lavoro enorme realizzati insieme allo staff per arrivare fin l\u00ec. Ce l\u2019avevamo fatta, avevamo vinto. Avevamo, perch\u00e9 la mia vittoria era la vittoria di tutto il mio team, della Societ\u00e0 Arcieri del Piave e della mia famiglia, perch\u00e9 non si arriva mai in cima da soli.<\/p>\n<p>Un pensiero mi ha accompagnato come un filo rosso per tutti gli anni da atleta, ed era quello dell\u2019impegno che andava oltre il risultato. Lasciare il campo di gara con la certezza di aver dato tutto allo sport per me \u00e8 sempre stata la vittoria pi\u00f9 grande, quella che davvero rifletteva tutti i valori che la disciplina sportiva mi ha insegnato.<\/p>\n<p>&nbsp;<\/p>\n<p>&nbsp;<\/p>\n<p>&nbsp;<\/p>","protected":false},"excerpt":{"rendered":"<p>3 settembre 2012 &#8211; 3 settembre 2024. Sono 12 anni dall\u2019oro alle Paralimpiadi di Londra. Di quel giorno ricordo l\u2019emozione, immensa, per un risultato che era tutt\u2019altro che scontato. Il ruolo di portabandiera, infatti, avrebbe potuto preclu-dermi il podio, come spesso accade. In quel momento, sotto gli occhi del mondo, mi sono passati davanti tutti [&hellip;]<\/p>\n","protected":false},"author":2,"featured_media":153668,"comment_status":"closed","ping_status":"open","sticky":false,"template":"","format":"standard","meta":{"footnotes":""},"categories":[26,8,4],"tags":[],"class_list":["post-153667","post","type-post","status-publish","format-standard","has-post-thumbnail","category-prima-pagina","category-societa-istituzioni","category-sport"],"yoast_head":"<!-- This site is optimized with the Yoast SEO plugin v28.4 - https:\/\/yoast.com\/product\/yoast-seo-wordpress\/ -->\n<title>Dodici anni fa l&#039;Oro alle Paralimpiadi di Londra del sindaco di Belluno Oscar De Pellegrin - Bellunopress - Dolomiti<\/title>\n<meta name=\"robots\" content=\"index, follow, max-snippet:-1, max-image-preview:large, max-video-preview:-1\" \/>\n<link rel=\"canonical\" href=\"https:\/\/www.bellunopress.it\/fr\/2024\/09\/03\/dodici-anni-fa-loro-alle-paralimpiadi-di-londra-del-sindaco-oscar-de-pellegrin\/\" \/>\n<meta property=\"og:locale\" content=\"fr_FR\" \/>\n<meta property=\"og:type\" content=\"article\" \/>\n<meta property=\"og:title\" content=\"Dodici anni fa l&#039;Oro alle Paralimpiadi di Londra del sindaco di Belluno Oscar De Pellegrin - Bellunopress - Dolomiti\" \/>\n<meta property=\"og:description\" content=\"3 settembre 2012 &#8211; 3 settembre 2024. Sono 12 anni dall\u2019oro alle Paralimpiadi di Londra. Di quel giorno ricordo l\u2019emozione, immensa, per un risultato che era tutt\u2019altro che scontato. Il ruolo di portabandiera, infatti, avrebbe potuto preclu-dermi il podio, come spesso accade. In quel momento, sotto gli occhi del mondo, mi sono passati davanti tutti [&hellip;]\" \/>\n<meta property=\"og:url\" content=\"https:\/\/www.bellunopress.it\/fr\/2024\/09\/03\/dodici-anni-fa-loro-alle-paralimpiadi-di-londra-del-sindaco-oscar-de-pellegrin\/\" \/>\n<meta property=\"og:site_name\" content=\"Bellunopress - Dolomiti\" \/>\n<meta property=\"article:publisher\" content=\"https:\/\/www.facebook.com\/profile.php?id=100008943462799\" \/>\n<meta property=\"article:published_time\" content=\"2024-09-03T06:00:01+00:00\" \/>\n<meta property=\"og:image\" content=\"https:\/\/www.bellunopress.it\/wp-content\/uploads\/2024\/09\/Oscar-De-Pellegrin-Londra-2012-Oro-Paralimpiaadi_edited.jpg\" \/>\n\t<meta property=\"og:image:width\" content=\"588\" \/>\n\t<meta property=\"og:image:height\" content=\"932\" \/>\n\t<meta property=\"og:image:type\" content=\"image\/jpeg\" \/>\n<meta name=\"author\" content=\"redazione\" \/>\n<meta name=\"twitter:card\" content=\"summary_large_image\" \/>\n<meta name=\"twitter:creator\" content=\"@bellunopress\" \/>\n<meta name=\"twitter:site\" content=\"@bellunopress\" \/>\n<meta name=\"twitter:label1\" content=\"\u00c9crit par\" \/>\n\t<meta name=\"twitter:data1\" content=\"redazione\" \/>\n\t<meta name=\"twitter:label2\" content=\"Dur\u00e9e de lecture estim\u00e9e\" \/>\n\t<meta name=\"twitter:data2\" content=\"1 minute\" \/>\n<script type=\"application\/ld+json\" class=\"yoast-schema-graph\">{\"@context\":\"https:\\\/\\\/schema.org\",\"@graph\":[{\"@type\":\"Article\",\"@id\":\"https:\\\/\\\/www.bellunopress.it\\\/2024\\\/09\\\/03\\\/dodici-anni-fa-loro-alle-paralimpiadi-di-londra-del-sindaco-oscar-de-pellegrin\\\/#article\",\"isPartOf\":{\"@id\":\"https:\\\/\\\/www.bellunopress.it\\\/2024\\\/09\\\/03\\\/dodici-anni-fa-loro-alle-paralimpiadi-di-londra-del-sindaco-oscar-de-pellegrin\\\/\"},\"author\":{\"name\":\"redazione\",\"@id\":\"https:\\\/\\\/www.bellunopress.it\\\/#\\\/schema\\\/person\\\/79bb06722b37ece1c03d3e94beb30d73\"},\"headline\":\"Dodici anni fa l&#8217;Oro alle Paralimpiadi di Londra del sindaco di Belluno Oscar De Pellegrin\",\"datePublished\":\"2024-09-03T06:00:01+00:00\",\"mainEntityOfPage\":{\"@id\":\"https:\\\/\\\/www.bellunopress.it\\\/2024\\\/09\\\/03\\\/dodici-anni-fa-loro-alle-paralimpiadi-di-londra-del-sindaco-oscar-de-pellegrin\\\/\"},\"wordCount\":184,\"publisher\":{\"@id\":\"https:\\\/\\\/www.bellunopress.it\\\/#organization\"},\"image\":{\"@id\":\"https:\\\/\\\/www.bellunopress.it\\\/2024\\\/09\\\/03\\\/dodici-anni-fa-loro-alle-paralimpiadi-di-londra-del-sindaco-oscar-de-pellegrin\\\/#primaryimage\"},\"thumbnailUrl\":\"https:\\\/\\\/www.bellunopress.it\\\/wp-content\\\/uploads\\\/2024\\\/09\\\/Oscar-De-Pellegrin-Londra-2012-Oro-Paralimpiaadi_edited.jpg\",\"articleSection\":[\"Prima Pagina\",\"Societ\u00e0, Associazioni, Istituzioni\",\"Sport, tempo libero\"],\"inLanguage\":\"fr-FR\"},{\"@type\":\"WebPage\",\"@id\":\"https:\\\/\\\/www.bellunopress.it\\\/2024\\\/09\\\/03\\\/dodici-anni-fa-loro-alle-paralimpiadi-di-londra-del-sindaco-oscar-de-pellegrin\\\/\",\"url\":\"https:\\\/\\\/www.bellunopress.it\\\/2024\\\/09\\\/03\\\/dodici-anni-fa-loro-alle-paralimpiadi-di-londra-del-sindaco-oscar-de-pellegrin\\\/\",\"name\":\"Dodici anni fa l'Oro alle Paralimpiadi di Londra del sindaco di Belluno Oscar De Pellegrin - Bellunopress - Dolomiti\",\"isPartOf\":{\"@id\":\"https:\\\/\\\/www.bellunopress.it\\\/#website\"},\"primaryImageOfPage\":{\"@id\":\"https:\\\/\\\/www.bellunopress.it\\\/2024\\\/09\\\/03\\\/dodici-anni-fa-loro-alle-paralimpiadi-di-londra-del-sindaco-oscar-de-pellegrin\\\/#primaryimage\"},\"image\":{\"@id\":\"https:\\\/\\\/www.bellunopress.it\\\/2024\\\/09\\\/03\\\/dodici-anni-fa-loro-alle-paralimpiadi-di-londra-del-sindaco-oscar-de-pellegrin\\\/#primaryimage\"},\"thumbnailUrl\":\"https:\\\/\\\/www.bellunopress.it\\\/wp-content\\\/uploads\\\/2024\\\/09\\\/Oscar-De-Pellegrin-Londra-2012-Oro-Paralimpiaadi_edited.jpg\",\"datePublished\":\"2024-09-03T06:00:01+00:00\",\"breadcrumb\":{\"@id\":\"https:\\\/\\\/www.bellunopress.it\\\/2024\\\/09\\\/03\\\/dodici-anni-fa-loro-alle-paralimpiadi-di-londra-del-sindaco-oscar-de-pellegrin\\\/#breadcrumb\"},\"inLanguage\":\"fr-FR\",\"potentialAction\":[{\"@type\":\"ReadAction\",\"target\":[\"https:\\\/\\\/www.bellunopress.it\\\/2024\\\/09\\\/03\\\/dodici-anni-fa-loro-alle-paralimpiadi-di-londra-del-sindaco-oscar-de-pellegrin\\\/\"]}]},{\"@type\":\"ImageObject\",\"inLanguage\":\"fr-FR\",\"@id\":\"https:\\\/\\\/www.bellunopress.it\\\/2024\\\/09\\\/03\\\/dodici-anni-fa-loro-alle-paralimpiadi-di-londra-del-sindaco-oscar-de-pellegrin\\\/#primaryimage\",\"url\":\"https:\\\/\\\/www.bellunopress.it\\\/wp-content\\\/uploads\\\/2024\\\/09\\\/Oscar-De-Pellegrin-Londra-2012-Oro-Paralimpiaadi_edited.jpg\",\"contentUrl\":\"https:\\\/\\\/www.bellunopress.it\\\/wp-content\\\/uploads\\\/2024\\\/09\\\/Oscar-De-Pellegrin-Londra-2012-Oro-Paralimpiaadi_edited.jpg\",\"width\":588,\"height\":932,\"caption\":\"Oscar De Pellegrin Londra 2012 Oro Paralimpiaadi\"},{\"@type\":\"BreadcrumbList\",\"@id\":\"https:\\\/\\\/www.bellunopress.it\\\/2024\\\/09\\\/03\\\/dodici-anni-fa-loro-alle-paralimpiadi-di-londra-del-sindaco-oscar-de-pellegrin\\\/#breadcrumb\",\"itemListElement\":[{\"@type\":\"ListItem\",\"position\":1,\"name\":\"Home\",\"item\":\"https:\\\/\\\/www.bellunopress.it\\\/\"},{\"@type\":\"ListItem\",\"position\":2,\"name\":\"Dodici anni fa l&#8217;Oro alle Paralimpiadi di Londra del sindaco di Belluno Oscar De Pellegrin\"}]},{\"@type\":\"WebSite\",\"@id\":\"https:\\\/\\\/www.bellunopress.it\\\/#website\",\"url\":\"https:\\\/\\\/www.bellunopress.it\\\/\",\"name\":\"Bellunopress - Dolomiti\",\"description\":\"e-mail: redazione@bellunopress.it\",\"publisher\":{\"@id\":\"https:\\\/\\\/www.bellunopress.it\\\/#organization\"},\"potentialAction\":[{\"@type\":\"SearchAction\",\"target\":{\"@type\":\"EntryPoint\",\"urlTemplate\":\"https:\\\/\\\/www.bellunopress.it\\\/?s={search_term_string}\"},\"query-input\":{\"@type\":\"PropertyValueSpecification\",\"valueRequired\":true,\"valueName\":\"search_term_string\"}}],\"inLanguage\":\"fr-FR\"},{\"@type\":\"Organization\",\"@id\":\"https:\\\/\\\/www.bellunopress.it\\\/#organization\",\"name\":\"Bellunopress\",\"url\":\"https:\\\/\\\/www.bellunopress.it\\\/\",\"logo\":{\"@type\":\"ImageObject\",\"inLanguage\":\"fr-FR\",\"@id\":\"https:\\\/\\\/www.bellunopress.it\\\/#\\\/schema\\\/logo\\\/image\\\/\",\"url\":\"https:\\\/\\\/www.bellunopress.it\\\/wp-content\\\/uploads\\\/2011\\\/05\\\/cropped-logo-bellunopress-.jpg\",\"contentUrl\":\"https:\\\/\\\/www.bellunopress.it\\\/wp-content\\\/uploads\\\/2011\\\/05\\\/cropped-logo-bellunopress-.jpg\",\"width\":512,\"height\":512,\"caption\":\"Bellunopress\"},\"image\":{\"@id\":\"https:\\\/\\\/www.bellunopress.it\\\/#\\\/schema\\\/logo\\\/image\\\/\"},\"sameAs\":[\"https:\\\/\\\/www.facebook.com\\\/profile.php?id=100008943462799\",\"https:\\\/\\\/x.com\\\/bellunopress\",\"https:\\\/\\\/www.linkedin.com\\\/hp\\\/?dnr=JBzUWaJfMUw8vbXJJ2tVW5-I3jZKvC4wsoxE&amp;amp;amp;amp;amp;amp;trk=nav_responsive_tab_home\",\"https:\\\/\\\/www.youtube.com\\\/channel\\\/UCxL0wu1uN0_3_7hGG0306cw\"]},{\"@type\":\"Person\",\"@id\":\"https:\\\/\\\/www.bellunopress.it\\\/#\\\/schema\\\/person\\\/79bb06722b37ece1c03d3e94beb30d73\",\"name\":\"redazione\",\"image\":{\"@type\":\"ImageObject\",\"inLanguage\":\"fr-FR\",\"@id\":\"https:\\\/\\\/secure.gravatar.com\\\/avatar\\\/37d968a2e67a6fd04c169c4bdef102d0bc5d31b2546345219e348575eb80e9a0?s=96&d=mm&r=g\",\"url\":\"https:\\\/\\\/secure.gravatar.com\\\/avatar\\\/37d968a2e67a6fd04c169c4bdef102d0bc5d31b2546345219e348575eb80e9a0?s=96&d=mm&r=g\",\"contentUrl\":\"https:\\\/\\\/secure.gravatar.com\\\/avatar\\\/37d968a2e67a6fd04c169c4bdef102d0bc5d31b2546345219e348575eb80e9a0?s=96&d=mm&r=g\",\"caption\":\"redazione\"},\"sameAs\":[\"http:\\\/\\\/www.bellunopress.it\",\"https:\\\/\\\/x.com\\\/bellunopress\"],\"url\":\"https:\\\/\\\/www.bellunopress.it\\\/fr\\\/author\\\/redazione\\\/\"}]}<\/script>\n<!-- \/ Yoast SEO plugin. -->","yoast_head_json":{"title":"Dodici anni fa l'Oro alle Paralimpiadi di Londra del sindaco di Belluno Oscar De Pellegrin - Bellunopress - Dolomiti","robots":{"index":"index","follow":"follow","max-snippet":"max-snippet:-1","max-image-preview":"max-image-preview:large","max-video-preview":"max-video-preview:-1"},"canonical":"https:\/\/www.bellunopress.it\/fr\/2024\/09\/03\/dodici-anni-fa-loro-alle-paralimpiadi-di-londra-del-sindaco-oscar-de-pellegrin\/","og_locale":"fr_FR","og_type":"article","og_title":"Dodici anni fa l'Oro alle Paralimpiadi di Londra del sindaco di Belluno Oscar De Pellegrin - Bellunopress - Dolomiti","og_description":"3 settembre 2012 &#8211; 3 settembre 2024. Sono 12 anni dall\u2019oro alle Paralimpiadi di Londra. Di quel giorno ricordo l\u2019emozione, immensa, per un risultato che era tutt\u2019altro che scontato. Il ruolo di portabandiera, infatti, avrebbe potuto preclu-dermi il podio, come spesso accade. In quel momento, sotto gli occhi del mondo, mi sono passati davanti tutti [&hellip;]","og_url":"https:\/\/www.bellunopress.it\/fr\/2024\/09\/03\/dodici-anni-fa-loro-alle-paralimpiadi-di-londra-del-sindaco-oscar-de-pellegrin\/","og_site_name":"Bellunopress - Dolomiti","article_publisher":"https:\/\/www.facebook.com\/profile.php?id=100008943462799","article_published_time":"2024-09-03T06:00:01+00:00","og_image":[{"width":588,"height":932,"url":"https:\/\/www.bellunopress.it\/wp-content\/uploads\/2024\/09\/Oscar-De-Pellegrin-Londra-2012-Oro-Paralimpiaadi_edited.jpg","type":"image\/jpeg"}],"author":"redazione","twitter_card":"summary_large_image","twitter_creator":"@bellunopress","twitter_site":"@bellunopress","twitter_misc":{"\u00c9crit par":"redazione","Dur\u00e9e de lecture estim\u00e9e":"1 minute"},"schema":{"@context":"https:\/\/schema.org","@graph":[{"@type":"Article","@id":"https:\/\/www.bellunopress.it\/2024\/09\/03\/dodici-anni-fa-loro-alle-paralimpiadi-di-londra-del-sindaco-oscar-de-pellegrin\/#article","isPartOf":{"@id":"https:\/\/www.bellunopress.it\/2024\/09\/03\/dodici-anni-fa-loro-alle-paralimpiadi-di-londra-del-sindaco-oscar-de-pellegrin\/"},"author":{"name":"redazione","@id":"https:\/\/www.bellunopress.it\/#\/schema\/person\/79bb06722b37ece1c03d3e94beb30d73"},"headline":"Dodici anni fa l&#8217;Oro alle Paralimpiadi di Londra del sindaco di Belluno Oscar De Pellegrin","datePublished":"2024-09-03T06:00:01+00:00","mainEntityOfPage":{"@id":"https:\/\/www.bellunopress.it\/2024\/09\/03\/dodici-anni-fa-loro-alle-paralimpiadi-di-londra-del-sindaco-oscar-de-pellegrin\/"},"wordCount":184,"publisher":{"@id":"https:\/\/www.bellunopress.it\/#organization"},"image":{"@id":"https:\/\/www.bellunopress.it\/2024\/09\/03\/dodici-anni-fa-loro-alle-paralimpiadi-di-londra-del-sindaco-oscar-de-pellegrin\/#primaryimage"},"thumbnailUrl":"https:\/\/www.bellunopress.it\/wp-content\/uploads\/2024\/09\/Oscar-De-Pellegrin-Londra-2012-Oro-Paralimpiaadi_edited.jpg","articleSection":["Prima Pagina","Societ\u00e0, Associazioni, Istituzioni","Sport, tempo libero"],"inLanguage":"fr-FR"},{"@type":"WebPage","@id":"https:\/\/www.bellunopress.it\/2024\/09\/03\/dodici-anni-fa-loro-alle-paralimpiadi-di-londra-del-sindaco-oscar-de-pellegrin\/","url":"https:\/\/www.bellunopress.it\/2024\/09\/03\/dodici-anni-fa-loro-alle-paralimpiadi-di-londra-del-sindaco-oscar-de-pellegrin\/","name":"Dodici anni fa l'Oro alle Paralimpiadi di Londra del sindaco di Belluno Oscar De Pellegrin - Bellunopress - Dolomiti","isPartOf":{"@id":"https:\/\/www.bellunopress.it\/#website"},"primaryImageOfPage":{"@id":"https:\/\/www.bellunopress.it\/2024\/09\/03\/dodici-anni-fa-loro-alle-paralimpiadi-di-londra-del-sindaco-oscar-de-pellegrin\/#primaryimage"},"image":{"@id":"https:\/\/www.bellunopress.it\/2024\/09\/03\/dodici-anni-fa-loro-alle-paralimpiadi-di-londra-del-sindaco-oscar-de-pellegrin\/#primaryimage"},"thumbnailUrl":"https:\/\/www.bellunopress.it\/wp-content\/uploads\/2024\/09\/Oscar-De-Pellegrin-Londra-2012-Oro-Paralimpiaadi_edited.jpg","datePublished":"2024-09-03T06:00:01+00:00","breadcrumb":{"@id":"https:\/\/www.bellunopress.it\/2024\/09\/03\/dodici-anni-fa-loro-alle-paralimpiadi-di-londra-del-sindaco-oscar-de-pellegrin\/#breadcrumb"},"inLanguage":"fr-FR","potentialAction":[{"@type":"ReadAction","target":["https:\/\/www.bellunopress.it\/2024\/09\/03\/dodici-anni-fa-loro-alle-paralimpiadi-di-londra-del-sindaco-oscar-de-pellegrin\/"]}]},{"@type":"ImageObject","inLanguage":"fr-FR","@id":"https:\/\/www.bellunopress.it\/2024\/09\/03\/dodici-anni-fa-loro-alle-paralimpiadi-di-londra-del-sindaco-oscar-de-pellegrin\/#primaryimage","url":"https:\/\/www.bellunopress.it\/wp-content\/uploads\/2024\/09\/Oscar-De-Pellegrin-Londra-2012-Oro-Paralimpiaadi_edited.jpg","contentUrl":"https:\/\/www.bellunopress.it\/wp-content\/uploads\/2024\/09\/Oscar-De-Pellegrin-Londra-2012-Oro-Paralimpiaadi_edited.jpg","width":588,"height":932,"caption":"Oscar De Pellegrin Londra 2012 Oro Paralimpiaadi"},{"@type":"BreadcrumbList","@id":"https:\/\/www.bellunopress.it\/2024\/09\/03\/dodici-anni-fa-loro-alle-paralimpiadi-di-londra-del-sindaco-oscar-de-pellegrin\/#breadcrumb","itemListElement":[{"@type":"ListItem","position":1,"name":"Home","item":"https:\/\/www.bellunopress.it\/"},{"@type":"ListItem","position":2,"name":"Dodici anni fa l&#8217;Oro alle Paralimpiadi di Londra del sindaco di Belluno Oscar De Pellegrin"}]},{"@type":"WebSite","@id":"https:\/\/www.bellunopress.it\/#website","url":"https:\/\/www.bellunopress.it\/","name":"Bellunopress - Dolomiti","description":"e-mail: redazione@bellunopress.it","publisher":{"@id":"https:\/\/www.bellunopress.it\/#organization"},"potentialAction":[{"@type":"SearchAction","target":{"@type":"EntryPoint","urlTemplate":"https:\/\/www.bellunopress.it\/?s={search_term_string}"},"query-input":{"@type":"PropertyValueSpecification","valueRequired":true,"valueName":"search_term_string"}}],"inLanguage":"fr-FR"},{"@type":"Organization","@id":"https:\/\/www.bellunopress.it\/#organization","name":"Bellunopress","url":"https:\/\/www.bellunopress.it\/","logo":{"@type":"ImageObject","inLanguage":"fr-FR","@id":"https:\/\/www.bellunopress.it\/#\/schema\/logo\/image\/","url":"https:\/\/www.bellunopress.it\/wp-content\/uploads\/2011\/05\/cropped-logo-bellunopress-.jpg","contentUrl":"https:\/\/www.bellunopress.it\/wp-content\/uploads\/2011\/05\/cropped-logo-bellunopress-.jpg","width":512,"height":512,"caption":"Bellunopress"},"image":{"@id":"https:\/\/www.bellunopress.it\/#\/schema\/logo\/image\/"},"sameAs":["https:\/\/www.facebook.com\/profile.php?id=100008943462799","https:\/\/x.com\/bellunopress","https:\/\/www.linkedin.com\/hp\/?dnr=JBzUWaJfMUw8vbXJJ2tVW5-I3jZKvC4wsoxE&amp;amp;amp;amp;amp;amp;trk=nav_responsive_tab_home","https:\/\/www.youtube.com\/channel\/UCxL0wu1uN0_3_7hGG0306cw"]},{"@type":"Person","@id":"https:\/\/www.bellunopress.it\/#\/schema\/person\/79bb06722b37ece1c03d3e94beb30d73","name":"r\u00e9daction","image":{"@type":"ImageObject","inLanguage":"fr-FR","@id":"https:\/\/secure.gravatar.com\/avatar\/37d968a2e67a6fd04c169c4bdef102d0bc5d31b2546345219e348575eb80e9a0?s=96&d=mm&r=g","url":"https:\/\/secure.gravatar.com\/avatar\/37d968a2e67a6fd04c169c4bdef102d0bc5d31b2546345219e348575eb80e9a0?s=96&d=mm&r=g","contentUrl":"https:\/\/secure.gravatar.com\/avatar\/37d968a2e67a6fd04c169c4bdef102d0bc5d31b2546345219e348575eb80e9a0?s=96&d=mm&r=g","caption":"redazione"},"sameAs":["http:\/\/www.bellunopress.it","https:\/\/x.com\/bellunopress"],"url":"https:\/\/www.bellunopress.it\/fr\/author\/redazione\/"}]}},"_links":{"self":[{"href":"https:\/\/www.bellunopress.it\/fr\/wp-json\/wp\/v2\/posts\/153667","targetHints":{"allow":["GET"]}}],"collection":[{"href":"https:\/\/www.bellunopress.it\/fr\/wp-json\/wp\/v2\/posts"}],"about":[{"href":"https:\/\/www.bellunopress.it\/fr\/wp-json\/wp\/v2\/types\/post"}],"author":[{"embeddable":true,"href":"https:\/\/www.bellunopress.it\/fr\/wp-json\/wp\/v2\/users\/2"}],"replies":[{"embeddable":true,"href":"https:\/\/www.bellunopress.it\/fr\/wp-json\/wp\/v2\/comments?post=153667"}],"version-history":[{"count":4,"href":"https:\/\/www.bellunopress.it\/fr\/wp-json\/wp\/v2\/posts\/153667\/revisions"}],"predecessor-version":[{"id":153684,"href":"https:\/\/www.bellunopress.it\/fr\/wp-json\/wp\/v2\/posts\/153667\/revisions\/153684"}],"wp:featuredmedia":[{"embeddable":true,"href":"https:\/\/www.bellunopress.it\/fr\/wp-json\/wp\/v2\/media\/153668"}],"wp:attachment":[{"href":"https:\/\/www.bellunopress.it\/fr\/wp-json\/wp\/v2\/media?parent=153667"}],"wp:term":[{"taxonomy":"category","embeddable":true,"href":"https:\/\/www.bellunopress.it\/fr\/wp-json\/wp\/v2\/categories?post=153667"},{"taxonomy":"post_tag","embeddable":true,"href":"https:\/\/www.bellunopress.it\/fr\/wp-json\/wp\/v2\/tags?post=153667"}],"curies":[{"name":"wp","href":"https:\/\/api.w.org\/{rel}","templated":true}]}}