{"id":153664,"date":"2024-09-02T16:19:40","date_gmt":"2024-09-02T14:19:40","guid":{"rendered":"https:\/\/www.bellunopress.it\/?p=153664"},"modified":"2024-09-02T16:19:40","modified_gmt":"2024-09-02T14:19:40","slug":"in-migliaia-domenica-1-settembre-a-pom-per-a-moldoi-de-sospiroi","status":"publish","type":"post","link":"https:\/\/www.bellunopress.it\/fr\/2024\/09\/02\/in-migliaia-domenica-1-settembre-a-pom-per-a-moldoi-de-sospiroi\/","title":{"rendered":"In migliaia domenica 1 settembre a &#8220;Pom &#038; Per a Moldoi de Sospiroi&#8221;"},"content":{"rendered":"<figure id=\"attachment_153665\" aria-describedby=\"caption-attachment-153665\" style=\"width: 1000px\" class=\"wp-caption aligncenter\"><img loading=\"lazy\" decoding=\"async\" class=\"size-full wp-image-153665\" src=\"https:\/\/www.bellunopress.it\/wp-content\/uploads\/2024\/09\/pom-e-per-Moldoi-di-Sospirolo.jpg\" alt=\"\" width=\"1000\" height=\"462\" srcset=\"https:\/\/www.bellunopress.it\/wp-content\/uploads\/2024\/09\/pom-e-per-Moldoi-di-Sospirolo.jpg 1000w, https:\/\/www.bellunopress.it\/wp-content\/uploads\/2024\/09\/pom-e-per-Moldoi-di-Sospirolo-500x231.jpg 500w, https:\/\/www.bellunopress.it\/wp-content\/uploads\/2024\/09\/pom-e-per-Moldoi-di-Sospirolo-909x420.jpg 909w, https:\/\/www.bellunopress.it\/wp-content\/uploads\/2024\/09\/pom-e-per-Moldoi-di-Sospirolo-696x322.jpg 696w\" sizes=\"auto, (max-width: 1000px) 100vw, 1000px\" \/><figcaption id=\"caption-attachment-153665\" class=\"wp-caption-text\">&#8220;Pom e Per&#8221;, Villa Zasso, a Moldoi di Sospirolo<\/figcaption><\/figure>\n<p><strong>Giornata organizzata con successo dalla Pro loco &#8220;Monti del Sole&#8221;,a Villa Zasso con il patrocinio del Comune di Sospirolo<\/strong><\/p>\n<p>Il convegno di apertura ha avuto come tema lo zafferano, ospitando Lidia Maoret, presidente dell&#8217;associazione &#8220;Zafferano Dolomiti&#8221; che ha spiegato i metodi di coltivazione del prodotto, le sue caratteristiche e l&#8217;organizzazione della produzione in terra bellunese grazie al consorzio che oggi accoglie una cinquantina di soci produttori.<\/p>\n<p>Al convegno ha fatto seguito la premiazione di alcuni agricoltori storici a cura del Comune di Sospirolo, che ha desiderato omaggiare alcune figure storiche di agricoltori locali per il contributo dato nel corso di tanti anni alla comunit\u00e0; alcuni, veri veterani del mestiere, hanno mostrato riconoscenza per l&#8217;inedito omaggio ricevuto per la prima volta in tanti anni di onorata carriera. Sono stati premiati Fabio Mane, Francesca Vigne, Adolfo De Zanet, Alfonso Barp, Viviana Barp, Paolo Moretti, Ugo Dal Col, Aldo Dal Col, Giacomo Troian, fratelli Da Rui (e nonno Antonio), Fabio Casanova, Susanna De Bastiani. Hanno consegnato le targhe gli amministratori Renato Franceschi e Michele Lotto.<\/p>\n<p>Apprezzati anche i docufilm finalisti del &#8220;Bio Film Festival&#8221;, rassegna dedicata al tema della biodiversit\u00e0 che si \u00e8 chiusa proprio nel contesto della manifestazione, proiettati nella sala nobile della villa. I visitatori hanno poi mostrato interesse per la nutrita esposizione di prodotti ortofrutticoli e di artigianato artistico nei giardini e nelle stalle ristrutturate della propriet\u00e0. Si sono svolte poi due visite guidate: al campo delle piante officinali della Societ\u00e0 Agricola Moldoi e alla scoperta dei dintorni con tappe a campi di ortaggi e aziende agricole con l&#8217;accompagnamento di Elia Moro e Michele Lotto. I pi\u00f9 piccoli hanno preso parte ai divertenti giochi d&#8217;un tempo proposti dal Comitato per Pullir.<\/p>\n<p>Molto suggestiva e particolarmente partecipata l&#8217;esibizione del maestro e compositore Luca Musolesi e della flautista Stefania Ippolito, che hanno proposto colonne sonore composte dallo stesso Musolesi per film locali e internazionali, presentati dal regista bellunese Lorenzo Cassol. Visitate anche tutte le mostre: quella pomologica di mele e pere del vivaio di Veneto Agricoltura, quella di sculture lignee di Giancarlo Cassol e di opere pittoriche del sospirolese Ariele Bacchetti. Durante la giornata i piloti di montagna (Aipm) hanno volteggiato in cielo. Affollata la cucina soprattutto in orario di pranzo e primo pomeriggio.<\/p>\n<p>Soddisfatto il presidente della Pro loco Enzo Caviola che ringrazia i tanti collaboratori che si sono prodigati stante il caldo della giornata e soprattutto i visitatori accorsi dimostrando interesse per questa manifestazione, decollata nel 2012 in occasione del centenario dalla scomparsa di Carlo Zasso, amministratore pubblico ed esperto agronomo, che ancora una volta ha consentito il giusto tributo.<\/p>\n<p>A patrocinare l&#8217;iniziativa Regione, Provincia, Unpli, Veneto agricoltura, agrario &#8220;Della Lucia&#8221; e Um Valbelluna con il sostegno di Banca Prealpi San Biagio.<\/p>\n<p>&nbsp;<\/p>","protected":false},"excerpt":{"rendered":"<p>Giornata organizzata con successo dalla Pro loco &#8220;Monti del Sole&#8221;,a Villa Zasso con il patrocinio del Comune di Sospirolo Il convegno di apertura ha avuto come tema lo zafferano, ospitando Lidia Maoret, presidente dell&#8217;associazione &#8220;Zafferano Dolomiti&#8221; che ha spiegato i metodi di coltivazione del prodotto, le sue caratteristiche e l&#8217;organizzazione della produzione in terra bellunese [&hellip;]<\/p>\n","protected":false},"author":2,"featured_media":153665,"comment_status":"closed","ping_status":"open","sticky":false,"template":"","format":"standard","meta":{"footnotes":""},"categories":[25,4],"tags":[],"class_list":["post-153664","post","type-post","status-publish","format-standard","has-post-thumbnail","category-pausa-caffe","category-sport"],"yoast_head":"<!-- This site is optimized with the Yoast SEO plugin v28.4 - https:\/\/yoast.com\/product\/yoast-seo-wordpress\/ -->\n<title>In migliaia domenica 1 settembre a &quot;Pom &amp; Per a Moldoi de Sospiroi&quot; - Bellunopress - Dolomiti<\/title>\n<meta name=\"robots\" content=\"index, follow, max-snippet:-1, max-image-preview:large, max-video-preview:-1\" \/>\n<link rel=\"canonical\" href=\"https:\/\/www.bellunopress.it\/fr\/2024\/09\/02\/in-migliaia-domenica-1-settembre-a-pom-per-a-moldoi-de-sospiroi\/\" \/>\n<meta property=\"og:locale\" content=\"fr_FR\" \/>\n<meta property=\"og:type\" content=\"article\" \/>\n<meta property=\"og:title\" content=\"In migliaia domenica 1 settembre a &quot;Pom &amp; Per a Moldoi de Sospiroi&quot; - Bellunopress - Dolomiti\" \/>\n<meta property=\"og:description\" content=\"Giornata organizzata con successo dalla Pro loco &#8220;Monti del Sole&#8221;,a Villa Zasso con il patrocinio del Comune di Sospirolo Il convegno di apertura ha avuto come tema lo zafferano, ospitando Lidia Maoret, presidente dell&#8217;associazione &#8220;Zafferano Dolomiti&#8221; che ha spiegato i metodi di coltivazione del prodotto, le sue caratteristiche e l&#8217;organizzazione della produzione in terra bellunese [&hellip;]\" \/>\n<meta property=\"og:url\" content=\"https:\/\/www.bellunopress.it\/fr\/2024\/09\/02\/in-migliaia-domenica-1-settembre-a-pom-per-a-moldoi-de-sospiroi\/\" \/>\n<meta property=\"og:site_name\" content=\"Bellunopress - Dolomiti\" \/>\n<meta property=\"article:publisher\" content=\"https:\/\/www.facebook.com\/profile.php?id=100008943462799\" \/>\n<meta property=\"article:published_time\" content=\"2024-09-02T14:19:40+00:00\" \/>\n<meta property=\"og:image\" content=\"https:\/\/www.bellunopress.it\/wp-content\/uploads\/2024\/09\/pom-e-per-Moldoi-di-Sospirolo.jpg\" \/>\n\t<meta property=\"og:image:width\" content=\"1000\" \/>\n\t<meta property=\"og:image:height\" content=\"462\" \/>\n\t<meta property=\"og:image:type\" content=\"image\/jpeg\" \/>\n<meta name=\"author\" content=\"redazione\" \/>\n<meta name=\"twitter:card\" content=\"summary_large_image\" \/>\n<meta name=\"twitter:creator\" content=\"@bellunopress\" \/>\n<meta name=\"twitter:site\" content=\"@bellunopress\" \/>\n<meta name=\"twitter:label1\" content=\"\u00c9crit par\" \/>\n\t<meta name=\"twitter:data1\" content=\"redazione\" \/>\n\t<meta name=\"twitter:label2\" content=\"Dur\u00e9e de lecture estim\u00e9e\" \/>\n\t<meta name=\"twitter:data2\" content=\"2 minutes\" \/>\n<script type=\"application\/ld+json\" class=\"yoast-schema-graph\">{\"@context\":\"https:\\\/\\\/schema.org\",\"@graph\":[{\"@type\":\"Article\",\"@id\":\"https:\\\/\\\/www.bellunopress.it\\\/2024\\\/09\\\/02\\\/in-migliaia-domenica-1-settembre-a-pom-per-a-moldoi-de-sospiroi\\\/#article\",\"isPartOf\":{\"@id\":\"https:\\\/\\\/www.bellunopress.it\\\/2024\\\/09\\\/02\\\/in-migliaia-domenica-1-settembre-a-pom-per-a-moldoi-de-sospiroi\\\/\"},\"author\":{\"name\":\"redazione\",\"@id\":\"https:\\\/\\\/www.bellunopress.it\\\/#\\\/schema\\\/person\\\/79bb06722b37ece1c03d3e94beb30d73\"},\"headline\":\"In migliaia domenica 1 settembre a &#8220;Pom &#038; Per a Moldoi de Sospiroi&#8221;\",\"datePublished\":\"2024-09-02T14:19:40+00:00\",\"mainEntityOfPage\":{\"@id\":\"https:\\\/\\\/www.bellunopress.it\\\/2024\\\/09\\\/02\\\/in-migliaia-domenica-1-settembre-a-pom-per-a-moldoi-de-sospiroi\\\/\"},\"wordCount\":486,\"publisher\":{\"@id\":\"https:\\\/\\\/www.bellunopress.it\\\/#organization\"},\"image\":{\"@id\":\"https:\\\/\\\/www.bellunopress.it\\\/2024\\\/09\\\/02\\\/in-migliaia-domenica-1-settembre-a-pom-per-a-moldoi-de-sospiroi\\\/#primaryimage\"},\"thumbnailUrl\":\"https:\\\/\\\/www.bellunopress.it\\\/wp-content\\\/uploads\\\/2024\\\/09\\\/pom-e-per-Moldoi-di-Sospirolo.jpg\",\"articleSection\":[\"Pausa Caff\u00e8\",\"Sport, tempo libero\"],\"inLanguage\":\"fr-FR\"},{\"@type\":\"WebPage\",\"@id\":\"https:\\\/\\\/www.bellunopress.it\\\/2024\\\/09\\\/02\\\/in-migliaia-domenica-1-settembre-a-pom-per-a-moldoi-de-sospiroi\\\/\",\"url\":\"https:\\\/\\\/www.bellunopress.it\\\/2024\\\/09\\\/02\\\/in-migliaia-domenica-1-settembre-a-pom-per-a-moldoi-de-sospiroi\\\/\",\"name\":\"In migliaia domenica 1 settembre a \\\"Pom & Per a Moldoi de Sospiroi\\\" - Bellunopress - Dolomiti\",\"isPartOf\":{\"@id\":\"https:\\\/\\\/www.bellunopress.it\\\/#website\"},\"primaryImageOfPage\":{\"@id\":\"https:\\\/\\\/www.bellunopress.it\\\/2024\\\/09\\\/02\\\/in-migliaia-domenica-1-settembre-a-pom-per-a-moldoi-de-sospiroi\\\/#primaryimage\"},\"image\":{\"@id\":\"https:\\\/\\\/www.bellunopress.it\\\/2024\\\/09\\\/02\\\/in-migliaia-domenica-1-settembre-a-pom-per-a-moldoi-de-sospiroi\\\/#primaryimage\"},\"thumbnailUrl\":\"https:\\\/\\\/www.bellunopress.it\\\/wp-content\\\/uploads\\\/2024\\\/09\\\/pom-e-per-Moldoi-di-Sospirolo.jpg\",\"datePublished\":\"2024-09-02T14:19:40+00:00\",\"breadcrumb\":{\"@id\":\"https:\\\/\\\/www.bellunopress.it\\\/2024\\\/09\\\/02\\\/in-migliaia-domenica-1-settembre-a-pom-per-a-moldoi-de-sospiroi\\\/#breadcrumb\"},\"inLanguage\":\"fr-FR\",\"potentialAction\":[{\"@type\":\"ReadAction\",\"target\":[\"https:\\\/\\\/www.bellunopress.it\\\/2024\\\/09\\\/02\\\/in-migliaia-domenica-1-settembre-a-pom-per-a-moldoi-de-sospiroi\\\/\"]}]},{\"@type\":\"ImageObject\",\"inLanguage\":\"fr-FR\",\"@id\":\"https:\\\/\\\/www.bellunopress.it\\\/2024\\\/09\\\/02\\\/in-migliaia-domenica-1-settembre-a-pom-per-a-moldoi-de-sospiroi\\\/#primaryimage\",\"url\":\"https:\\\/\\\/www.bellunopress.it\\\/wp-content\\\/uploads\\\/2024\\\/09\\\/pom-e-per-Moldoi-di-Sospirolo.jpg\",\"contentUrl\":\"https:\\\/\\\/www.bellunopress.it\\\/wp-content\\\/uploads\\\/2024\\\/09\\\/pom-e-per-Moldoi-di-Sospirolo.jpg\",\"width\":1000,\"height\":462,\"caption\":\"\\\"Pom e Per\\\", Villa Zasso, a Moldoi di Sospirolo\"},{\"@type\":\"BreadcrumbList\",\"@id\":\"https:\\\/\\\/www.bellunopress.it\\\/2024\\\/09\\\/02\\\/in-migliaia-domenica-1-settembre-a-pom-per-a-moldoi-de-sospiroi\\\/#breadcrumb\",\"itemListElement\":[{\"@type\":\"ListItem\",\"position\":1,\"name\":\"Home\",\"item\":\"https:\\\/\\\/www.bellunopress.it\\\/\"},{\"@type\":\"ListItem\",\"position\":2,\"name\":\"In migliaia domenica 1 settembre a &#8220;Pom &#038; Per a Moldoi de Sospiroi&#8221;\"}]},{\"@type\":\"WebSite\",\"@id\":\"https:\\\/\\\/www.bellunopress.it\\\/#website\",\"url\":\"https:\\\/\\\/www.bellunopress.it\\\/\",\"name\":\"Bellunopress - Dolomiti\",\"description\":\"e-mail: redazione@bellunopress.it\",\"publisher\":{\"@id\":\"https:\\\/\\\/www.bellunopress.it\\\/#organization\"},\"potentialAction\":[{\"@type\":\"SearchAction\",\"target\":{\"@type\":\"EntryPoint\",\"urlTemplate\":\"https:\\\/\\\/www.bellunopress.it\\\/?s={search_term_string}\"},\"query-input\":{\"@type\":\"PropertyValueSpecification\",\"valueRequired\":true,\"valueName\":\"search_term_string\"}}],\"inLanguage\":\"fr-FR\"},{\"@type\":\"Organization\",\"@id\":\"https:\\\/\\\/www.bellunopress.it\\\/#organization\",\"name\":\"Bellunopress\",\"url\":\"https:\\\/\\\/www.bellunopress.it\\\/\",\"logo\":{\"@type\":\"ImageObject\",\"inLanguage\":\"fr-FR\",\"@id\":\"https:\\\/\\\/www.bellunopress.it\\\/#\\\/schema\\\/logo\\\/image\\\/\",\"url\":\"https:\\\/\\\/www.bellunopress.it\\\/wp-content\\\/uploads\\\/2011\\\/05\\\/cropped-logo-bellunopress-.jpg\",\"contentUrl\":\"https:\\\/\\\/www.bellunopress.it\\\/wp-content\\\/uploads\\\/2011\\\/05\\\/cropped-logo-bellunopress-.jpg\",\"width\":512,\"height\":512,\"caption\":\"Bellunopress\"},\"image\":{\"@id\":\"https:\\\/\\\/www.bellunopress.it\\\/#\\\/schema\\\/logo\\\/image\\\/\"},\"sameAs\":[\"https:\\\/\\\/www.facebook.com\\\/profile.php?id=100008943462799\",\"https:\\\/\\\/x.com\\\/bellunopress\",\"https:\\\/\\\/www.linkedin.com\\\/hp\\\/?dnr=JBzUWaJfMUw8vbXJJ2tVW5-I3jZKvC4wsoxE&amp;amp;amp;amp;amp;amp;trk=nav_responsive_tab_home\",\"https:\\\/\\\/www.youtube.com\\\/channel\\\/UCxL0wu1uN0_3_7hGG0306cw\"]},{\"@type\":\"Person\",\"@id\":\"https:\\\/\\\/www.bellunopress.it\\\/#\\\/schema\\\/person\\\/79bb06722b37ece1c03d3e94beb30d73\",\"name\":\"redazione\",\"image\":{\"@type\":\"ImageObject\",\"inLanguage\":\"fr-FR\",\"@id\":\"https:\\\/\\\/secure.gravatar.com\\\/avatar\\\/37d968a2e67a6fd04c169c4bdef102d0bc5d31b2546345219e348575eb80e9a0?s=96&d=mm&r=g\",\"url\":\"https:\\\/\\\/secure.gravatar.com\\\/avatar\\\/37d968a2e67a6fd04c169c4bdef102d0bc5d31b2546345219e348575eb80e9a0?s=96&d=mm&r=g\",\"contentUrl\":\"https:\\\/\\\/secure.gravatar.com\\\/avatar\\\/37d968a2e67a6fd04c169c4bdef102d0bc5d31b2546345219e348575eb80e9a0?s=96&d=mm&r=g\",\"caption\":\"redazione\"},\"sameAs\":[\"http:\\\/\\\/www.bellunopress.it\",\"https:\\\/\\\/x.com\\\/bellunopress\"],\"url\":\"https:\\\/\\\/www.bellunopress.it\\\/fr\\\/author\\\/redazione\\\/\"}]}<\/script>\n<!-- \/ Yoast SEO plugin. -->","yoast_head_json":{"title":"In migliaia domenica 1 settembre a \"Pom & Per a Moldoi de Sospiroi\" - Bellunopress - Dolomiti","robots":{"index":"index","follow":"follow","max-snippet":"max-snippet:-1","max-image-preview":"max-image-preview:large","max-video-preview":"max-video-preview:-1"},"canonical":"https:\/\/www.bellunopress.it\/fr\/2024\/09\/02\/in-migliaia-domenica-1-settembre-a-pom-per-a-moldoi-de-sospiroi\/","og_locale":"fr_FR","og_type":"article","og_title":"In migliaia domenica 1 settembre a \"Pom & Per a Moldoi de Sospiroi\" - Bellunopress - Dolomiti","og_description":"Giornata organizzata con successo dalla Pro loco &#8220;Monti del Sole&#8221;,a Villa Zasso con il patrocinio del Comune di Sospirolo Il convegno di apertura ha avuto come tema lo zafferano, ospitando Lidia Maoret, presidente dell&#8217;associazione &#8220;Zafferano Dolomiti&#8221; che ha spiegato i metodi di coltivazione del prodotto, le sue caratteristiche e l&#8217;organizzazione della produzione in terra bellunese [&hellip;]","og_url":"https:\/\/www.bellunopress.it\/fr\/2024\/09\/02\/in-migliaia-domenica-1-settembre-a-pom-per-a-moldoi-de-sospiroi\/","og_site_name":"Bellunopress - Dolomiti","article_publisher":"https:\/\/www.facebook.com\/profile.php?id=100008943462799","article_published_time":"2024-09-02T14:19:40+00:00","og_image":[{"width":1000,"height":462,"url":"https:\/\/www.bellunopress.it\/wp-content\/uploads\/2024\/09\/pom-e-per-Moldoi-di-Sospirolo.jpg","type":"image\/jpeg"}],"author":"redazione","twitter_card":"summary_large_image","twitter_creator":"@bellunopress","twitter_site":"@bellunopress","twitter_misc":{"\u00c9crit par":"redazione","Dur\u00e9e de lecture estim\u00e9e":"2 minutes"},"schema":{"@context":"https:\/\/schema.org","@graph":[{"@type":"Article","@id":"https:\/\/www.bellunopress.it\/2024\/09\/02\/in-migliaia-domenica-1-settembre-a-pom-per-a-moldoi-de-sospiroi\/#article","isPartOf":{"@id":"https:\/\/www.bellunopress.it\/2024\/09\/02\/in-migliaia-domenica-1-settembre-a-pom-per-a-moldoi-de-sospiroi\/"},"author":{"name":"redazione","@id":"https:\/\/www.bellunopress.it\/#\/schema\/person\/79bb06722b37ece1c03d3e94beb30d73"},"headline":"In migliaia domenica 1 settembre a &#8220;Pom &#038; Per a Moldoi de Sospiroi&#8221;","datePublished":"2024-09-02T14:19:40+00:00","mainEntityOfPage":{"@id":"https:\/\/www.bellunopress.it\/2024\/09\/02\/in-migliaia-domenica-1-settembre-a-pom-per-a-moldoi-de-sospiroi\/"},"wordCount":486,"publisher":{"@id":"https:\/\/www.bellunopress.it\/#organization"},"image":{"@id":"https:\/\/www.bellunopress.it\/2024\/09\/02\/in-migliaia-domenica-1-settembre-a-pom-per-a-moldoi-de-sospiroi\/#primaryimage"},"thumbnailUrl":"https:\/\/www.bellunopress.it\/wp-content\/uploads\/2024\/09\/pom-e-per-Moldoi-di-Sospirolo.jpg","articleSection":["Pausa Caff\u00e8","Sport, tempo libero"],"inLanguage":"fr-FR"},{"@type":"WebPage","@id":"https:\/\/www.bellunopress.it\/2024\/09\/02\/in-migliaia-domenica-1-settembre-a-pom-per-a-moldoi-de-sospiroi\/","url":"https:\/\/www.bellunopress.it\/2024\/09\/02\/in-migliaia-domenica-1-settembre-a-pom-per-a-moldoi-de-sospiroi\/","name":"In migliaia domenica 1 settembre a \"Pom & Per a Moldoi de Sospiroi\" - Bellunopress - Dolomiti","isPartOf":{"@id":"https:\/\/www.bellunopress.it\/#website"},"primaryImageOfPage":{"@id":"https:\/\/www.bellunopress.it\/2024\/09\/02\/in-migliaia-domenica-1-settembre-a-pom-per-a-moldoi-de-sospiroi\/#primaryimage"},"image":{"@id":"https:\/\/www.bellunopress.it\/2024\/09\/02\/in-migliaia-domenica-1-settembre-a-pom-per-a-moldoi-de-sospiroi\/#primaryimage"},"thumbnailUrl":"https:\/\/www.bellunopress.it\/wp-content\/uploads\/2024\/09\/pom-e-per-Moldoi-di-Sospirolo.jpg","datePublished":"2024-09-02T14:19:40+00:00","breadcrumb":{"@id":"https:\/\/www.bellunopress.it\/2024\/09\/02\/in-migliaia-domenica-1-settembre-a-pom-per-a-moldoi-de-sospiroi\/#breadcrumb"},"inLanguage":"fr-FR","potentialAction":[{"@type":"ReadAction","target":["https:\/\/www.bellunopress.it\/2024\/09\/02\/in-migliaia-domenica-1-settembre-a-pom-per-a-moldoi-de-sospiroi\/"]}]},{"@type":"ImageObject","inLanguage":"fr-FR","@id":"https:\/\/www.bellunopress.it\/2024\/09\/02\/in-migliaia-domenica-1-settembre-a-pom-per-a-moldoi-de-sospiroi\/#primaryimage","url":"https:\/\/www.bellunopress.it\/wp-content\/uploads\/2024\/09\/pom-e-per-Moldoi-di-Sospirolo.jpg","contentUrl":"https:\/\/www.bellunopress.it\/wp-content\/uploads\/2024\/09\/pom-e-per-Moldoi-di-Sospirolo.jpg","width":1000,"height":462,"caption":"\"Pom e Per\", Villa Zasso, a Moldoi di Sospirolo"},{"@type":"BreadcrumbList","@id":"https:\/\/www.bellunopress.it\/2024\/09\/02\/in-migliaia-domenica-1-settembre-a-pom-per-a-moldoi-de-sospiroi\/#breadcrumb","itemListElement":[{"@type":"ListItem","position":1,"name":"Home","item":"https:\/\/www.bellunopress.it\/"},{"@type":"ListItem","position":2,"name":"In migliaia domenica 1 settembre a &#8220;Pom &#038; Per a Moldoi de Sospiroi&#8221;"}]},{"@type":"WebSite","@id":"https:\/\/www.bellunopress.it\/#website","url":"https:\/\/www.bellunopress.it\/","name":"Bellunopress - Dolomiti","description":"e-mail: redazione@bellunopress.it","publisher":{"@id":"https:\/\/www.bellunopress.it\/#organization"},"potentialAction":[{"@type":"SearchAction","target":{"@type":"EntryPoint","urlTemplate":"https:\/\/www.bellunopress.it\/?s={search_term_string}"},"query-input":{"@type":"PropertyValueSpecification","valueRequired":true,"valueName":"search_term_string"}}],"inLanguage":"fr-FR"},{"@type":"Organization","@id":"https:\/\/www.bellunopress.it\/#organization","name":"Bellunopress","url":"https:\/\/www.bellunopress.it\/","logo":{"@type":"ImageObject","inLanguage":"fr-FR","@id":"https:\/\/www.bellunopress.it\/#\/schema\/logo\/image\/","url":"https:\/\/www.bellunopress.it\/wp-content\/uploads\/2011\/05\/cropped-logo-bellunopress-.jpg","contentUrl":"https:\/\/www.bellunopress.it\/wp-content\/uploads\/2011\/05\/cropped-logo-bellunopress-.jpg","width":512,"height":512,"caption":"Bellunopress"},"image":{"@id":"https:\/\/www.bellunopress.it\/#\/schema\/logo\/image\/"},"sameAs":["https:\/\/www.facebook.com\/profile.php?id=100008943462799","https:\/\/x.com\/bellunopress","https:\/\/www.linkedin.com\/hp\/?dnr=JBzUWaJfMUw8vbXJJ2tVW5-I3jZKvC4wsoxE&amp;amp;amp;amp;amp;amp;trk=nav_responsive_tab_home","https:\/\/www.youtube.com\/channel\/UCxL0wu1uN0_3_7hGG0306cw"]},{"@type":"Person","@id":"https:\/\/www.bellunopress.it\/#\/schema\/person\/79bb06722b37ece1c03d3e94beb30d73","name":"r\u00e9daction","image":{"@type":"ImageObject","inLanguage":"fr-FR","@id":"https:\/\/secure.gravatar.com\/avatar\/37d968a2e67a6fd04c169c4bdef102d0bc5d31b2546345219e348575eb80e9a0?s=96&d=mm&r=g","url":"https:\/\/secure.gravatar.com\/avatar\/37d968a2e67a6fd04c169c4bdef102d0bc5d31b2546345219e348575eb80e9a0?s=96&d=mm&r=g","contentUrl":"https:\/\/secure.gravatar.com\/avatar\/37d968a2e67a6fd04c169c4bdef102d0bc5d31b2546345219e348575eb80e9a0?s=96&d=mm&r=g","caption":"redazione"},"sameAs":["http:\/\/www.bellunopress.it","https:\/\/x.com\/bellunopress"],"url":"https:\/\/www.bellunopress.it\/fr\/author\/redazione\/"}]}},"_links":{"self":[{"href":"https:\/\/www.bellunopress.it\/fr\/wp-json\/wp\/v2\/posts\/153664","targetHints":{"allow":["GET"]}}],"collection":[{"href":"https:\/\/www.bellunopress.it\/fr\/wp-json\/wp\/v2\/posts"}],"about":[{"href":"https:\/\/www.bellunopress.it\/fr\/wp-json\/wp\/v2\/types\/post"}],"author":[{"embeddable":true,"href":"https:\/\/www.bellunopress.it\/fr\/wp-json\/wp\/v2\/users\/2"}],"replies":[{"embeddable":true,"href":"https:\/\/www.bellunopress.it\/fr\/wp-json\/wp\/v2\/comments?post=153664"}],"version-history":[{"count":1,"href":"https:\/\/www.bellunopress.it\/fr\/wp-json\/wp\/v2\/posts\/153664\/revisions"}],"predecessor-version":[{"id":153666,"href":"https:\/\/www.bellunopress.it\/fr\/wp-json\/wp\/v2\/posts\/153664\/revisions\/153666"}],"wp:featuredmedia":[{"embeddable":true,"href":"https:\/\/www.bellunopress.it\/fr\/wp-json\/wp\/v2\/media\/153665"}],"wp:attachment":[{"href":"https:\/\/www.bellunopress.it\/fr\/wp-json\/wp\/v2\/media?parent=153664"}],"wp:term":[{"taxonomy":"category","embeddable":true,"href":"https:\/\/www.bellunopress.it\/fr\/wp-json\/wp\/v2\/categories?post=153664"},{"taxonomy":"post_tag","embeddable":true,"href":"https:\/\/www.bellunopress.it\/fr\/wp-json\/wp\/v2\/tags?post=153664"}],"curies":[{"name":"wp","href":"https:\/\/api.w.org\/{rel}","templated":true}]}}