{"id":15363,"date":"2010-05-18T11:05:19","date_gmt":"2010-05-18T10:05:19","guid":{"rendered":"http:\/\/www.bellunopress.it\/?p=15363"},"modified":"2010-05-18T11:05:19","modified_gmt":"2010-05-18T10:05:19","slug":"salone-del-libro-di-torino-la-conferenza-sul-giornalismo-embedded-di-federica-fant","status":"publish","type":"post","link":"https:\/\/www.bellunopress.it\/fr\/2010\/05\/18\/salone-del-libro-di-torino-la-conferenza-sul-giornalismo-embedded-di-federica-fant\/","title":{"rendered":"Salone del libro di Torino: la conferenza sul giornalismo &#8220;embedded&#8221; di Federica Fant"},"content":{"rendered":"<p><a href=\"http:\/\/www.bellunopress.it\/wp-content\/uploads\/2010\/05\/conferenza-embedded-300x200.jpg\"><img loading=\"lazy\" decoding=\"async\" class=\"alignleft size-medium wp-image-15364\" title=\"conferenza-embedded-300x200\" src=\"http:\/\/www.bellunopress.it\/wp-content\/uploads\/2010\/05\/conferenza-embedded-300x200.jpg\" alt=\"\" width=\"300\" height=\"200\" \/><\/a>Cosa significa essere giornalisti embedded? Il 15 maggio scorso, in occasione della terza giornata del Salone del libro so \u00e8 svolta la conferenza sul giornalismo \u201cembedded\u201d presso lo stand Difesa. Al convegno \u201cGiornalisti embedded\u201d hanno partecipato il Generale di Brigata Massimo Fogari ed alcuni giornalisti esperti di teatri di crisi: Tony Capuozzo, Fausto Biloslavo, Mimmo Candito, Gigi Roccati, Cristina Balotelli e il regista Antonello Tiracchia. Il moderatore Vittorio Argento ha voluto dare al folto pubblico una panoramica su cosa significhi essere oggi un giornalista \u201cembedded\u201d.<br \/>\n<strong>La testimonianza di Tony Capuozzo<br \/>\n<\/strong>Molto interesse ha suscitato Tony Capuozzo, direttore di Terra! e storico inviato dei canali Mediaset \u00e8 entrato subito nel vivo della questione. \u00abQuando ero ragazzo era difficilissimo poter dialogare coi militari, mentre oggi riusciamo a parlare anche attraverso il video con chi opera nei teatri di guerra \u2013 ha esordito Capuozzo -. Ho avuto la fortuna di vedere il cambiamento dell&#8217;atteggiamento delle forze armate da vicino e posso dire che molte cose sono cambiate. Noi abbiamo un esercito piccolo, ma che sa fare il suo mestiere. Il lavoro che fanno i nostri militari ci fa fare bella figura perch\u00e8 hanno uno stile italiano che li contraddistingue. Bisogna combattere l&#8217;idea di terrorismo con quella della ricostruzione\u00bb. Tony Capuozzo ha concluso il suo intervento con un&#8217;immagine. \u00abL&#8217;altro giorno camminavo per strada e notavo che su molte bancarelle si vendevano le bandiere della Nazionale. Le bandiere blu con lo scudetto e le stelle, non il tricolore. Ecco, noi viviamo in tempi in cui \u00e8 molto difficile parlare di Patria: io dico che gli uomini che vediamo in Libano, in Afghanistan, in Kosovo e dovunque operino i nostri militari sono una buona idea di Patria\u00bb.<br \/>\n<strong>L&#8217;intervento di Cristina Balottelli<\/strong><br \/>\nDopo i collegamenti con Herat (Afghanistan) col generale Berto che ha ricordato quanto la presenza di giornalisti rappresenti un&#8217;opportunit\u00e0 anche per i militari che operano lontano dall&#8217;Italia, ha preso la parola la giornalista Cristina Balotelli di Radio24, che attraverso un servizio radiofonico ha fatto sentire al folto pubblico presente cosa significa uscire col Lince e vivere spalla a spalla con i giovani militari che pattugliano le terre straniere. Sensazioni allo stato puro: parole, ansie, qualche volta la paura, la protezione della giornalista che chiede se \u00e8 tutto a posto. \u00abPerch\u00e8 in quel contesto si condivide tutto: quando esci dalla base tu hai il tuo compito, non sei pi\u00e0 solo una giornalista, ma fai parte della squadra. Devi stare al tuo posto, non intralciare. E cos\u00ec capita che si esce e non si sa mai se tornerai indietro. E pensi alle autobombe, agli ordigni nascosti. Le strade che si percorrono sono piene di warning, di allarmi autobombe\u00bb.<br \/>\n<strong>Il racconto di Fausto Biloslavo<\/strong><br \/>\nDopo il collegamento con Shama (Libano del sud) col generale Tata (bersagliere), ha preso la parola il ngiornalista de Il Giornale Fausto Biloslavo che ha portato alla platea soprattutto molte \u00abstorie di soldati\u00bb e che ha concluso il suo intervento citando un collega del Times che disse: \u00abse abbiamo il coraggio di mandare giovani militari in guerra, che mettono in pericolo la propria vita, allora noi giornalisti abbiamo il dovere di raccontarlo\u00bb. Il rapporto tra giornalisti e militari? Sicuramente difficile, ma non impossibile e, anzi, \u00abentusiasmante. E un po&#8217; come quello che c&#8217;\u00e8 tra moglie e marito. Purtroppo il giornalismo embedded \u2013 e non mi piace molto il termine inglese e quindi direi il giornalismo \u201crallenta con le truppe\u201d- \u00e8 diventato quasi una necessit\u00e0 dopo l&#8217;11 settembre. Il giornalista non \u00e8 pi\u00f9 visto come quello che sta dall&#8217;altra parte per raccontare: il giornalista \u00e8 visto come il nemico occidentale, come il giornalismo kamikaze\u00bb, ha commentato Biloslavo. Secondo il giornalista la cosa pi\u00f9 importante per un embedded \u00ab\u00e8 essere in prima linea, piuttosto che farsi raccontare le cose. Vedere in Irak, nel 2005, gli iracheni che scappavano dalle urne e i marines americani sul tetto che sparavano al nemico per difendere i diritti di chi doveva votare, beh, sono cosa che si possono sapere solo se sei l\u00e0 in prima persona. Ci sono momenti in cui il ragazzo che hai al fianco ti chiede se gli passi i proiettili. E quando la sera sarai davanti al computer, sar\u00e0 difficile scrivere \u201ccattivi americani, che avete sparato\u201d\u00bb. Ma cosa \u00e8 possibile raccontare quando sei in teatro. Per Fausto Biloslavo non ci son dubbi: \u00absi raccontano soprattutto le storie dei soldati\u00bb. Come quella del tenente ferito in Afghanistan che, quando \u00e8 stato meglio, ha voluto tornare in prima linea coi commilitoni, perch\u00e8 \u00abin quelle situazioni si diventa come fratelli, non di sangue, ma di guerra. E la fidanzata l&#8217;ha lasciato perch\u00e8 ha scelto di tornare in teatro\u00bb.<br \/>\n<strong>La parola alla Difesa<\/strong><br \/>\nVittorio Argento, nella sua introduzione, ha definito \u201cembedded\u201d come \u00abincastonato, inserito all\u2019interno di una struttura che ti contiene, ma che non ti costringe\u00bb. Gli intervenuti hanno portato la testimonianza delle loro esperienze condotte in teatri di crisi per alcuni decenni. \u00abMai come oggi le forze armate hanno avuto una grande visibilit\u00e0\u00bb esordisce il Generale Fogari, che ricorda anche come la Difesa organizzi \u2013 di concerto con la Federazione Nazionale della Stampa e con altre strutture \u2013 vari corsi ed iniziative per i giornalisti che, un domani, affronteranno le problematiche del mondo militare. Il Gen. Fogari ha ricordato anche che nel luglio 2009 il Ministro della Difesa ha dato mandato al Capo di Stato Maggiore della Difesa di studiare delle nuove regole per considerare la presenza dei media nei teatri di operazione. \u00abOggi esiste una regola secondo la quale al giornalista \u00e8 data la possibilit\u00e0 di seguire le truppe anche al fronte, persino sulla linea di combattimento, a meno che il comandante in teatro non giudichi la presenza del giornalista dannosa per l\u2019esito della missione o per la vita dei militari \u2013 ha aggiunto il Gen. Fogari, che poi ha concluso \u2013 l\u2019unica cosa chiesta al giornalista \u00e8 di firmare una dichiarazione in cui si solleva l\u2019amministrazione militare dall\u2019obbligo di protezione\u00bb.<br \/>\nFdrc Fant<\/p>","protected":false},"excerpt":{"rendered":"<p>Cosa significa essere giornalisti embedded? Il 15 maggio scorso, in occasione della terza giornata del Salone del libro so \u00e8 svolta la conferenza sul giornalismo \u201cembedded\u201d presso lo stand Difesa. Al convegno \u201cGiornalisti embedded\u201d hanno partecipato il Generale di Brigata Massimo Fogari ed alcuni giornalisti esperti di teatri di crisi: Tony Capuozzo, Fausto Biloslavo, Mimmo [&hellip;]<\/p>\n","protected":false},"author":2,"featured_media":0,"comment_status":"closed","ping_status":"open","sticky":false,"template":"","format":"standard","meta":{"footnotes":""},"categories":[49,26],"tags":[1615,1613,1614],"class_list":["post-15363","post","type-post","status-publish","format-standard","category-speciali","category-prima-pagina","tag-cristina-balottelli","tag-salone-del-libro-di-torino-la-conferenza-sul-giornalismo-embedded-di-federica-fant","tag-tony-capuozzo"],"yoast_head":"<!-- This site is optimized with the Yoast SEO plugin v28.4 - https:\/\/yoast.com\/product\/yoast-seo-wordpress\/ -->\n<title>Salone del libro di Torino: la conferenza sul giornalismo &quot;embedded&quot; di Federica Fant - Bellunopress - Dolomiti<\/title>\n<meta name=\"robots\" content=\"index, follow, max-snippet:-1, max-image-preview:large, max-video-preview:-1\" \/>\n<link rel=\"canonical\" href=\"https:\/\/www.bellunopress.it\/fr\/2010\/05\/18\/salone-del-libro-di-torino-la-conferenza-sul-giornalismo-embedded-di-federica-fant\/\" \/>\n<meta property=\"og:locale\" content=\"fr_FR\" \/>\n<meta property=\"og:type\" content=\"article\" \/>\n<meta property=\"og:title\" content=\"Salone del libro di Torino: la conferenza sul giornalismo &quot;embedded&quot; di Federica Fant - Bellunopress - Dolomiti\" \/>\n<meta property=\"og:description\" content=\"Cosa significa essere giornalisti embedded? Il 15 maggio scorso, in occasione della terza giornata del Salone del libro so \u00e8 svolta la conferenza sul giornalismo \u201cembedded\u201d presso lo stand Difesa. Al convegno \u201cGiornalisti embedded\u201d hanno partecipato il Generale di Brigata Massimo Fogari ed alcuni giornalisti esperti di teatri di crisi: Tony Capuozzo, Fausto Biloslavo, Mimmo [&hellip;]\" \/>\n<meta property=\"og:url\" content=\"https:\/\/www.bellunopress.it\/fr\/2010\/05\/18\/salone-del-libro-di-torino-la-conferenza-sul-giornalismo-embedded-di-federica-fant\/\" \/>\n<meta property=\"og:site_name\" content=\"Bellunopress - Dolomiti\" \/>\n<meta property=\"article:publisher\" content=\"https:\/\/www.facebook.com\/profile.php?id=100008943462799\" \/>\n<meta property=\"article:published_time\" content=\"2010-05-18T10:05:19+00:00\" \/>\n<meta property=\"og:image\" content=\"http:\/\/www.bellunopress.it\/wp-content\/uploads\/2010\/05\/conferenza-embedded-300x200.jpg\" \/>\n<meta name=\"author\" content=\"redazione\" \/>\n<meta name=\"twitter:card\" content=\"summary_large_image\" \/>\n<meta name=\"twitter:creator\" content=\"@bellunopress\" \/>\n<meta name=\"twitter:site\" content=\"@bellunopress\" \/>\n<meta name=\"twitter:label1\" content=\"\u00c9crit par\" \/>\n\t<meta name=\"twitter:data1\" content=\"redazione\" \/>\n\t<meta name=\"twitter:label2\" content=\"Dur\u00e9e de lecture estim\u00e9e\" \/>\n\t<meta name=\"twitter:data2\" content=\"5 minutes\" \/>\n<script type=\"application\/ld+json\" class=\"yoast-schema-graph\">{\"@context\":\"https:\\\/\\\/schema.org\",\"@graph\":[{\"@type\":\"Article\",\"@id\":\"https:\\\/\\\/www.bellunopress.it\\\/2010\\\/05\\\/18\\\/salone-del-libro-di-torino-la-conferenza-sul-giornalismo-embedded-di-federica-fant\\\/#article\",\"isPartOf\":{\"@id\":\"https:\\\/\\\/www.bellunopress.it\\\/2010\\\/05\\\/18\\\/salone-del-libro-di-torino-la-conferenza-sul-giornalismo-embedded-di-federica-fant\\\/\"},\"author\":{\"name\":\"redazione\",\"@id\":\"https:\\\/\\\/www.bellunopress.it\\\/#\\\/schema\\\/person\\\/79bb06722b37ece1c03d3e94beb30d73\"},\"headline\":\"Salone del libro di Torino: la conferenza sul giornalismo &#8220;embedded&#8221; di Federica Fant\",\"datePublished\":\"2010-05-18T10:05:19+00:00\",\"mainEntityOfPage\":{\"@id\":\"https:\\\/\\\/www.bellunopress.it\\\/2010\\\/05\\\/18\\\/salone-del-libro-di-torino-la-conferenza-sul-giornalismo-embedded-di-federica-fant\\\/\"},\"wordCount\":992,\"publisher\":{\"@id\":\"https:\\\/\\\/www.bellunopress.it\\\/#organization\"},\"image\":{\"@id\":\"https:\\\/\\\/www.bellunopress.it\\\/2010\\\/05\\\/18\\\/salone-del-libro-di-torino-la-conferenza-sul-giornalismo-embedded-di-federica-fant\\\/#primaryimage\"},\"thumbnailUrl\":\"http:\\\/\\\/www.bellunopress.it\\\/wp-content\\\/uploads\\\/2010\\\/05\\\/conferenza-embedded-300x200.jpg\",\"keywords\":[\"Cristina Balottelli\",\"Salone del libro di Torino: la conferenza sul giornalismo \\\"embedded\\\" di Federica Fant\",\"Tony capuozzo\"],\"articleSection\":[\"Gli speciali di Bellunopress\",\"Prima Pagina\"],\"inLanguage\":\"fr-FR\"},{\"@type\":\"WebPage\",\"@id\":\"https:\\\/\\\/www.bellunopress.it\\\/2010\\\/05\\\/18\\\/salone-del-libro-di-torino-la-conferenza-sul-giornalismo-embedded-di-federica-fant\\\/\",\"url\":\"https:\\\/\\\/www.bellunopress.it\\\/2010\\\/05\\\/18\\\/salone-del-libro-di-torino-la-conferenza-sul-giornalismo-embedded-di-federica-fant\\\/\",\"name\":\"Salone del libro di Torino: la conferenza sul giornalismo \\\"embedded\\\" di Federica Fant - Bellunopress - Dolomiti\",\"isPartOf\":{\"@id\":\"https:\\\/\\\/www.bellunopress.it\\\/#website\"},\"primaryImageOfPage\":{\"@id\":\"https:\\\/\\\/www.bellunopress.it\\\/2010\\\/05\\\/18\\\/salone-del-libro-di-torino-la-conferenza-sul-giornalismo-embedded-di-federica-fant\\\/#primaryimage\"},\"image\":{\"@id\":\"https:\\\/\\\/www.bellunopress.it\\\/2010\\\/05\\\/18\\\/salone-del-libro-di-torino-la-conferenza-sul-giornalismo-embedded-di-federica-fant\\\/#primaryimage\"},\"thumbnailUrl\":\"http:\\\/\\\/www.bellunopress.it\\\/wp-content\\\/uploads\\\/2010\\\/05\\\/conferenza-embedded-300x200.jpg\",\"datePublished\":\"2010-05-18T10:05:19+00:00\",\"breadcrumb\":{\"@id\":\"https:\\\/\\\/www.bellunopress.it\\\/2010\\\/05\\\/18\\\/salone-del-libro-di-torino-la-conferenza-sul-giornalismo-embedded-di-federica-fant\\\/#breadcrumb\"},\"inLanguage\":\"fr-FR\",\"potentialAction\":[{\"@type\":\"ReadAction\",\"target\":[\"https:\\\/\\\/www.bellunopress.it\\\/2010\\\/05\\\/18\\\/salone-del-libro-di-torino-la-conferenza-sul-giornalismo-embedded-di-federica-fant\\\/\"]}]},{\"@type\":\"ImageObject\",\"inLanguage\":\"fr-FR\",\"@id\":\"https:\\\/\\\/www.bellunopress.it\\\/2010\\\/05\\\/18\\\/salone-del-libro-di-torino-la-conferenza-sul-giornalismo-embedded-di-federica-fant\\\/#primaryimage\",\"url\":\"http:\\\/\\\/www.bellunopress.it\\\/wp-content\\\/uploads\\\/2010\\\/05\\\/conferenza-embedded-300x200.jpg\",\"contentUrl\":\"http:\\\/\\\/www.bellunopress.it\\\/wp-content\\\/uploads\\\/2010\\\/05\\\/conferenza-embedded-300x200.jpg\"},{\"@type\":\"BreadcrumbList\",\"@id\":\"https:\\\/\\\/www.bellunopress.it\\\/2010\\\/05\\\/18\\\/salone-del-libro-di-torino-la-conferenza-sul-giornalismo-embedded-di-federica-fant\\\/#breadcrumb\",\"itemListElement\":[{\"@type\":\"ListItem\",\"position\":1,\"name\":\"Home\",\"item\":\"https:\\\/\\\/www.bellunopress.it\\\/\"},{\"@type\":\"ListItem\",\"position\":2,\"name\":\"Salone del libro di Torino: la conferenza sul giornalismo &#8220;embedded&#8221; di Federica Fant\"}]},{\"@type\":\"WebSite\",\"@id\":\"https:\\\/\\\/www.bellunopress.it\\\/#website\",\"url\":\"https:\\\/\\\/www.bellunopress.it\\\/\",\"name\":\"Bellunopress - Dolomiti\",\"description\":\"e-mail: redazione@bellunopress.it\",\"publisher\":{\"@id\":\"https:\\\/\\\/www.bellunopress.it\\\/#organization\"},\"potentialAction\":[{\"@type\":\"SearchAction\",\"target\":{\"@type\":\"EntryPoint\",\"urlTemplate\":\"https:\\\/\\\/www.bellunopress.it\\\/?s={search_term_string}\"},\"query-input\":{\"@type\":\"PropertyValueSpecification\",\"valueRequired\":true,\"valueName\":\"search_term_string\"}}],\"inLanguage\":\"fr-FR\"},{\"@type\":\"Organization\",\"@id\":\"https:\\\/\\\/www.bellunopress.it\\\/#organization\",\"name\":\"Bellunopress\",\"url\":\"https:\\\/\\\/www.bellunopress.it\\\/\",\"logo\":{\"@type\":\"ImageObject\",\"inLanguage\":\"fr-FR\",\"@id\":\"https:\\\/\\\/www.bellunopress.it\\\/#\\\/schema\\\/logo\\\/image\\\/\",\"url\":\"https:\\\/\\\/www.bellunopress.it\\\/wp-content\\\/uploads\\\/2011\\\/05\\\/cropped-logo-bellunopress-.jpg\",\"contentUrl\":\"https:\\\/\\\/www.bellunopress.it\\\/wp-content\\\/uploads\\\/2011\\\/05\\\/cropped-logo-bellunopress-.jpg\",\"width\":512,\"height\":512,\"caption\":\"Bellunopress\"},\"image\":{\"@id\":\"https:\\\/\\\/www.bellunopress.it\\\/#\\\/schema\\\/logo\\\/image\\\/\"},\"sameAs\":[\"https:\\\/\\\/www.facebook.com\\\/profile.php?id=100008943462799\",\"https:\\\/\\\/x.com\\\/bellunopress\",\"https:\\\/\\\/www.linkedin.com\\\/hp\\\/?dnr=JBzUWaJfMUw8vbXJJ2tVW5-I3jZKvC4wsoxE&amp;amp;amp;amp;amp;amp;trk=nav_responsive_tab_home\",\"https:\\\/\\\/www.youtube.com\\\/channel\\\/UCxL0wu1uN0_3_7hGG0306cw\"]},{\"@type\":\"Person\",\"@id\":\"https:\\\/\\\/www.bellunopress.it\\\/#\\\/schema\\\/person\\\/79bb06722b37ece1c03d3e94beb30d73\",\"name\":\"redazione\",\"image\":{\"@type\":\"ImageObject\",\"inLanguage\":\"fr-FR\",\"@id\":\"https:\\\/\\\/secure.gravatar.com\\\/avatar\\\/37d968a2e67a6fd04c169c4bdef102d0bc5d31b2546345219e348575eb80e9a0?s=96&d=mm&r=g\",\"url\":\"https:\\\/\\\/secure.gravatar.com\\\/avatar\\\/37d968a2e67a6fd04c169c4bdef102d0bc5d31b2546345219e348575eb80e9a0?s=96&d=mm&r=g\",\"contentUrl\":\"https:\\\/\\\/secure.gravatar.com\\\/avatar\\\/37d968a2e67a6fd04c169c4bdef102d0bc5d31b2546345219e348575eb80e9a0?s=96&d=mm&r=g\",\"caption\":\"redazione\"},\"sameAs\":[\"http:\\\/\\\/www.bellunopress.it\",\"https:\\\/\\\/x.com\\\/bellunopress\"],\"url\":\"https:\\\/\\\/www.bellunopress.it\\\/fr\\\/author\\\/redazione\\\/\"}]}<\/script>\n<!-- \/ Yoast SEO plugin. -->","yoast_head_json":{"title":"Salone del libro di Torino: la conferenza sul giornalismo \"embedded\" di Federica Fant - Bellunopress - Dolomiti","robots":{"index":"index","follow":"follow","max-snippet":"max-snippet:-1","max-image-preview":"max-image-preview:large","max-video-preview":"max-video-preview:-1"},"canonical":"https:\/\/www.bellunopress.it\/fr\/2010\/05\/18\/salone-del-libro-di-torino-la-conferenza-sul-giornalismo-embedded-di-federica-fant\/","og_locale":"fr_FR","og_type":"article","og_title":"Salone del libro di Torino: la conferenza sul giornalismo \"embedded\" di Federica Fant - Bellunopress - Dolomiti","og_description":"Cosa significa essere giornalisti embedded? Il 15 maggio scorso, in occasione della terza giornata del Salone del libro so \u00e8 svolta la conferenza sul giornalismo \u201cembedded\u201d presso lo stand Difesa. Al convegno \u201cGiornalisti embedded\u201d hanno partecipato il Generale di Brigata Massimo Fogari ed alcuni giornalisti esperti di teatri di crisi: Tony Capuozzo, Fausto Biloslavo, Mimmo [&hellip;]","og_url":"https:\/\/www.bellunopress.it\/fr\/2010\/05\/18\/salone-del-libro-di-torino-la-conferenza-sul-giornalismo-embedded-di-federica-fant\/","og_site_name":"Bellunopress - Dolomiti","article_publisher":"https:\/\/www.facebook.com\/profile.php?id=100008943462799","article_published_time":"2010-05-18T10:05:19+00:00","og_image":[{"url":"http:\/\/www.bellunopress.it\/wp-content\/uploads\/2010\/05\/conferenza-embedded-300x200.jpg","type":"","width":"","height":""}],"author":"redazione","twitter_card":"summary_large_image","twitter_creator":"@bellunopress","twitter_site":"@bellunopress","twitter_misc":{"\u00c9crit par":"redazione","Dur\u00e9e de lecture estim\u00e9e":"5 minutes"},"schema":{"@context":"https:\/\/schema.org","@graph":[{"@type":"Article","@id":"https:\/\/www.bellunopress.it\/2010\/05\/18\/salone-del-libro-di-torino-la-conferenza-sul-giornalismo-embedded-di-federica-fant\/#article","isPartOf":{"@id":"https:\/\/www.bellunopress.it\/2010\/05\/18\/salone-del-libro-di-torino-la-conferenza-sul-giornalismo-embedded-di-federica-fant\/"},"author":{"name":"redazione","@id":"https:\/\/www.bellunopress.it\/#\/schema\/person\/79bb06722b37ece1c03d3e94beb30d73"},"headline":"Salone del libro di Torino: la conferenza sul giornalismo &#8220;embedded&#8221; di Federica Fant","datePublished":"2010-05-18T10:05:19+00:00","mainEntityOfPage":{"@id":"https:\/\/www.bellunopress.it\/2010\/05\/18\/salone-del-libro-di-torino-la-conferenza-sul-giornalismo-embedded-di-federica-fant\/"},"wordCount":992,"publisher":{"@id":"https:\/\/www.bellunopress.it\/#organization"},"image":{"@id":"https:\/\/www.bellunopress.it\/2010\/05\/18\/salone-del-libro-di-torino-la-conferenza-sul-giornalismo-embedded-di-federica-fant\/#primaryimage"},"thumbnailUrl":"http:\/\/www.bellunopress.it\/wp-content\/uploads\/2010\/05\/conferenza-embedded-300x200.jpg","keywords":["Cristina Balottelli","Salone del libro di Torino: la conferenza sul giornalismo \"embedded\" di Federica Fant","Tony capuozzo"],"articleSection":["Gli speciali di Bellunopress","Prima Pagina"],"inLanguage":"fr-FR"},{"@type":"WebPage","@id":"https:\/\/www.bellunopress.it\/2010\/05\/18\/salone-del-libro-di-torino-la-conferenza-sul-giornalismo-embedded-di-federica-fant\/","url":"https:\/\/www.bellunopress.it\/2010\/05\/18\/salone-del-libro-di-torino-la-conferenza-sul-giornalismo-embedded-di-federica-fant\/","name":"Salone del libro di Torino: la conferenza sul giornalismo \"embedded\" di Federica Fant - Bellunopress - Dolomiti","isPartOf":{"@id":"https:\/\/www.bellunopress.it\/#website"},"primaryImageOfPage":{"@id":"https:\/\/www.bellunopress.it\/2010\/05\/18\/salone-del-libro-di-torino-la-conferenza-sul-giornalismo-embedded-di-federica-fant\/#primaryimage"},"image":{"@id":"https:\/\/www.bellunopress.it\/2010\/05\/18\/salone-del-libro-di-torino-la-conferenza-sul-giornalismo-embedded-di-federica-fant\/#primaryimage"},"thumbnailUrl":"http:\/\/www.bellunopress.it\/wp-content\/uploads\/2010\/05\/conferenza-embedded-300x200.jpg","datePublished":"2010-05-18T10:05:19+00:00","breadcrumb":{"@id":"https:\/\/www.bellunopress.it\/2010\/05\/18\/salone-del-libro-di-torino-la-conferenza-sul-giornalismo-embedded-di-federica-fant\/#breadcrumb"},"inLanguage":"fr-FR","potentialAction":[{"@type":"ReadAction","target":["https:\/\/www.bellunopress.it\/2010\/05\/18\/salone-del-libro-di-torino-la-conferenza-sul-giornalismo-embedded-di-federica-fant\/"]}]},{"@type":"ImageObject","inLanguage":"fr-FR","@id":"https:\/\/www.bellunopress.it\/2010\/05\/18\/salone-del-libro-di-torino-la-conferenza-sul-giornalismo-embedded-di-federica-fant\/#primaryimage","url":"http:\/\/www.bellunopress.it\/wp-content\/uploads\/2010\/05\/conferenza-embedded-300x200.jpg","contentUrl":"http:\/\/www.bellunopress.it\/wp-content\/uploads\/2010\/05\/conferenza-embedded-300x200.jpg"},{"@type":"BreadcrumbList","@id":"https:\/\/www.bellunopress.it\/2010\/05\/18\/salone-del-libro-di-torino-la-conferenza-sul-giornalismo-embedded-di-federica-fant\/#breadcrumb","itemListElement":[{"@type":"ListItem","position":1,"name":"Home","item":"https:\/\/www.bellunopress.it\/"},{"@type":"ListItem","position":2,"name":"Salone del libro di Torino: la conferenza sul giornalismo &#8220;embedded&#8221; di Federica Fant"}]},{"@type":"WebSite","@id":"https:\/\/www.bellunopress.it\/#website","url":"https:\/\/www.bellunopress.it\/","name":"Bellunopress - Dolomiti","description":"e-mail: redazione@bellunopress.it","publisher":{"@id":"https:\/\/www.bellunopress.it\/#organization"},"potentialAction":[{"@type":"SearchAction","target":{"@type":"EntryPoint","urlTemplate":"https:\/\/www.bellunopress.it\/?s={search_term_string}"},"query-input":{"@type":"PropertyValueSpecification","valueRequired":true,"valueName":"search_term_string"}}],"inLanguage":"fr-FR"},{"@type":"Organization","@id":"https:\/\/www.bellunopress.it\/#organization","name":"Bellunopress","url":"https:\/\/www.bellunopress.it\/","logo":{"@type":"ImageObject","inLanguage":"fr-FR","@id":"https:\/\/www.bellunopress.it\/#\/schema\/logo\/image\/","url":"https:\/\/www.bellunopress.it\/wp-content\/uploads\/2011\/05\/cropped-logo-bellunopress-.jpg","contentUrl":"https:\/\/www.bellunopress.it\/wp-content\/uploads\/2011\/05\/cropped-logo-bellunopress-.jpg","width":512,"height":512,"caption":"Bellunopress"},"image":{"@id":"https:\/\/www.bellunopress.it\/#\/schema\/logo\/image\/"},"sameAs":["https:\/\/www.facebook.com\/profile.php?id=100008943462799","https:\/\/x.com\/bellunopress","https:\/\/www.linkedin.com\/hp\/?dnr=JBzUWaJfMUw8vbXJJ2tVW5-I3jZKvC4wsoxE&amp;amp;amp;amp;amp;amp;trk=nav_responsive_tab_home","https:\/\/www.youtube.com\/channel\/UCxL0wu1uN0_3_7hGG0306cw"]},{"@type":"Person","@id":"https:\/\/www.bellunopress.it\/#\/schema\/person\/79bb06722b37ece1c03d3e94beb30d73","name":"r\u00e9daction","image":{"@type":"ImageObject","inLanguage":"fr-FR","@id":"https:\/\/secure.gravatar.com\/avatar\/37d968a2e67a6fd04c169c4bdef102d0bc5d31b2546345219e348575eb80e9a0?s=96&d=mm&r=g","url":"https:\/\/secure.gravatar.com\/avatar\/37d968a2e67a6fd04c169c4bdef102d0bc5d31b2546345219e348575eb80e9a0?s=96&d=mm&r=g","contentUrl":"https:\/\/secure.gravatar.com\/avatar\/37d968a2e67a6fd04c169c4bdef102d0bc5d31b2546345219e348575eb80e9a0?s=96&d=mm&r=g","caption":"redazione"},"sameAs":["http:\/\/www.bellunopress.it","https:\/\/x.com\/bellunopress"],"url":"https:\/\/www.bellunopress.it\/fr\/author\/redazione\/"}]}},"_links":{"self":[{"href":"https:\/\/www.bellunopress.it\/fr\/wp-json\/wp\/v2\/posts\/15363","targetHints":{"allow":["GET"]}}],"collection":[{"href":"https:\/\/www.bellunopress.it\/fr\/wp-json\/wp\/v2\/posts"}],"about":[{"href":"https:\/\/www.bellunopress.it\/fr\/wp-json\/wp\/v2\/types\/post"}],"author":[{"embeddable":true,"href":"https:\/\/www.bellunopress.it\/fr\/wp-json\/wp\/v2\/users\/2"}],"replies":[{"embeddable":true,"href":"https:\/\/www.bellunopress.it\/fr\/wp-json\/wp\/v2\/comments?post=15363"}],"version-history":[{"count":1,"href":"https:\/\/www.bellunopress.it\/fr\/wp-json\/wp\/v2\/posts\/15363\/revisions"}],"predecessor-version":[{"id":15366,"href":"https:\/\/www.bellunopress.it\/fr\/wp-json\/wp\/v2\/posts\/15363\/revisions\/15366"}],"wp:attachment":[{"href":"https:\/\/www.bellunopress.it\/fr\/wp-json\/wp\/v2\/media?parent=15363"}],"wp:term":[{"taxonomy":"category","embeddable":true,"href":"https:\/\/www.bellunopress.it\/fr\/wp-json\/wp\/v2\/categories?post=15363"},{"taxonomy":"post_tag","embeddable":true,"href":"https:\/\/www.bellunopress.it\/fr\/wp-json\/wp\/v2\/tags?post=15363"}],"curies":[{"name":"wp","href":"https:\/\/api.w.org\/{rel}","templated":true}]}}