{"id":153439,"date":"2024-08-24T08:49:16","date_gmt":"2024-08-24T06:49:16","guid":{"rendered":"https:\/\/www.bellunopress.it\/?p=153439"},"modified":"2024-08-24T08:49:16","modified_gmt":"2024-08-24T06:49:16","slug":"ius-scholae-serve-davvero-di-daniele-trabucco","status":"publish","type":"post","link":"https:\/\/www.bellunopress.it\/fr\/2024\/08\/24\/ius-scholae-serve-davvero-di-daniele-trabucco\/","title":{"rendered":"Ius scholae: serve davvero?    *di Daniele Trabucco"},"content":{"rendered":"<figure id=\"attachment_39796\" aria-describedby=\"caption-attachment-39796\" style=\"width: 213px\" class=\"wp-caption aligncenter\"><img loading=\"lazy\" decoding=\"async\" class=\"size-full wp-image-39796\" src=\"https:\/\/www.bellunopress.it\/wp-content\/uploads\/2012\/07\/daniele-trabucco.jpg\" alt=\"\" width=\"213\" height=\"290\" \/><figcaption id=\"caption-attachment-39796\" class=\"wp-caption-text\">Prof. Daniele Trabucco, costituzionalista<\/figcaption><\/figure>\n<p>Lo &#8220;ius scholae&#8221; costituisce una modalit\u00e1 di acquisto della cittadinanza per cui, in linea generale, pu\u00f3 diventare cittadino chi ha completato un ciclo di studi. Se questo criterio venisse introdotto nell&#8217;ordinamento giuridico italiano, mediante una modifica della legge ordinaria dello Stato 05 febbraio 1992, n. 91, avremo in cinque anni oltre mezzo milione di nuovi cittadini. Uno strumento, ritengono le forze politiche favorevoli come il Partito Democratico, Forza Italia ed il Movimento 5 Stelle, funzionale ad una maggiore integrazione e all&#8217;attribuzione degli stessi diritti spettanti agli italiani.<\/p>\n<p>In realt\u00e1, le recenti dichiarazioni del Ministro per gli Affari esteri e la Cooperazione internazionale, Antonio Tajani, costituiscono, da un lato, una &#8220;prova di forza&#8221; all&#8217;interno della maggioranza parlamentare che sostiene il Governo Meloni, dall&#8217;altro dimostrano tutta la loro dimensione ideologica.<\/p>\n<p>Infatti, gi\u00e1 oggi, sulla base della normativa vigente, chi \u00e9 nato in Italia da genitori stranieri pu\u00f3 diventare cittadino italiano al compimento del diociottesimo anno di et\u00e1, se lo desidera, attraverso una dichiarazione di volont\u00e1 all&#8217;Ufficio di stato civile del Comune di residenza. La proposta, portata avanti con insistenza in questi giorni dall&#8217;esponente di Forza Italia, che risultati concreti produrrebbe? Anticipare di qualche anno la facolt\u00e0 di chiedere la cittadinanza, peraltro in una et\u00e1 in cui ragazze e ragazzi sono ancora in pieno sviluppo?<\/p>\n<p>Sarebbe questa la genialata di Tajani?<\/p>\n<p>Ne si pone un problema di titolarit\u00e1 dei diritti, dal momento che quelli fondamentali (salute, istruzione, garanzie processuali etc.) spettano a tutti indipendentemente dal requisito della cittadinanza come ha ribadito pi\u00fa volte la stessa Corte costituzionale. Si potrebbe obiettare che la Costituzione italiana vigente del 1948 non \u00e9 &#8220;neutra&#8221; in materia di cittadinanza, fornendo al legislatore statale alcune direttrici verso una maggiore inclusione, ma le modalit\u00e1 e la &#8220;cifra&#8221; con cui questo deve avvenire restano sempre nella disponibilit\u00e0 del legislatore statale il quale, ad avviso di chi scrive, ha gi\u00e0 raggiunto un buon equilibrio con la legge n. 91\/1992.<\/p>\n<p>Una proposta, in conclusione, inutile ed improduttiva di reali vantaggi.<\/p>\n<p>Daniele Trabucco<\/p>","protected":false},"excerpt":{"rendered":"<p>Lo &#8220;ius scholae&#8221; costituisce una modalit\u00e1 di acquisto della cittadinanza per cui, in linea generale, pu\u00f3 diventare cittadino chi ha completato un ciclo di studi. Se questo criterio venisse introdotto nell&#8217;ordinamento giuridico italiano, mediante una modifica della legge ordinaria dello Stato 05 febbraio 1992, n. 91, avremo in cinque anni oltre mezzo milione di nuovi [&hellip;]<\/p>\n","protected":false},"author":2,"featured_media":125649,"comment_status":"closed","ping_status":"open","sticky":false,"template":"","format":"standard","meta":{"footnotes":""},"categories":[26,8],"tags":[],"class_list":["post-153439","post","type-post","status-publish","format-standard","has-post-thumbnail","category-prima-pagina","category-societa-istituzioni"],"yoast_head":"<!-- This site is optimized with the Yoast SEO plugin v28.4 - https:\/\/yoast.com\/product\/yoast-seo-wordpress\/ -->\n<title>Ius scholae: serve davvero?  *di Daniele Trabucco - Bellunopress - Dolomiti<\/title>\n<meta name=\"robots\" content=\"index, follow, max-snippet:-1, max-image-preview:large, max-video-preview:-1\" \/>\n<link rel=\"canonical\" href=\"https:\/\/www.bellunopress.it\/fr\/2024\/08\/24\/ius-scholae-serve-davvero-di-daniele-trabucco\/\" \/>\n<meta property=\"og:locale\" content=\"fr_FR\" \/>\n<meta property=\"og:type\" content=\"article\" \/>\n<meta property=\"og:title\" content=\"Ius scholae: serve davvero?  *di Daniele Trabucco - Bellunopress - Dolomiti\" \/>\n<meta property=\"og:description\" content=\"Lo &#8220;ius scholae&#8221; costituisce una modalit\u00e1 di acquisto della cittadinanza per cui, in linea generale, pu\u00f3 diventare cittadino chi ha completato un ciclo di studi. Se questo criterio venisse introdotto nell&#8217;ordinamento giuridico italiano, mediante una modifica della legge ordinaria dello Stato 05 febbraio 1992, n. 91, avremo in cinque anni oltre mezzo milione di nuovi [&hellip;]\" \/>\n<meta property=\"og:url\" content=\"https:\/\/www.bellunopress.it\/fr\/2024\/08\/24\/ius-scholae-serve-davvero-di-daniele-trabucco\/\" \/>\n<meta property=\"og:site_name\" content=\"Bellunopress - Dolomiti\" \/>\n<meta property=\"article:publisher\" content=\"https:\/\/www.facebook.com\/profile.php?id=100008943462799\" \/>\n<meta property=\"article:published_time\" content=\"2024-08-24T06:49:16+00:00\" \/>\n<meta property=\"og:image\" content=\"https:\/\/www.bellunopress.it\/wp-content\/uploads\/2021\/07\/Daniele-Trabucco.jpg\" \/>\n\t<meta property=\"og:image:width\" content=\"332\" \/>\n\t<meta property=\"og:image:height\" content=\"392\" \/>\n\t<meta property=\"og:image:type\" content=\"image\/jpeg\" \/>\n<meta name=\"author\" content=\"redazione\" \/>\n<meta name=\"twitter:card\" content=\"summary_large_image\" \/>\n<meta name=\"twitter:creator\" content=\"@bellunopress\" \/>\n<meta name=\"twitter:site\" content=\"@bellunopress\" \/>\n<meta name=\"twitter:label1\" content=\"Written by\" \/>\n\t<meta name=\"twitter:data1\" content=\"redazione\" \/>\n\t<meta name=\"twitter:label2\" content=\"Est. reading time\" \/>\n\t<meta name=\"twitter:data2\" content=\"2 minutes\" \/>\n<script type=\"application\/ld+json\" class=\"yoast-schema-graph\">{\"@context\":\"https:\\\/\\\/schema.org\",\"@graph\":[{\"@type\":\"Article\",\"@id\":\"https:\\\/\\\/www.bellunopress.it\\\/2024\\\/08\\\/24\\\/ius-scholae-serve-davvero-di-daniele-trabucco\\\/#article\",\"isPartOf\":{\"@id\":\"https:\\\/\\\/www.bellunopress.it\\\/2024\\\/08\\\/24\\\/ius-scholae-serve-davvero-di-daniele-trabucco\\\/\"},\"author\":{\"name\":\"redazione\",\"@id\":\"https:\\\/\\\/www.bellunopress.it\\\/#\\\/schema\\\/person\\\/79bb06722b37ece1c03d3e94beb30d73\"},\"headline\":\"Ius scholae: serve davvero? *di Daniele Trabucco\",\"datePublished\":\"2024-08-24T06:49:16+00:00\",\"mainEntityOfPage\":{\"@id\":\"https:\\\/\\\/www.bellunopress.it\\\/2024\\\/08\\\/24\\\/ius-scholae-serve-davvero-di-daniele-trabucco\\\/\"},\"wordCount\":345,\"publisher\":{\"@id\":\"https:\\\/\\\/www.bellunopress.it\\\/#organization\"},\"image\":{\"@id\":\"https:\\\/\\\/www.bellunopress.it\\\/2024\\\/08\\\/24\\\/ius-scholae-serve-davvero-di-daniele-trabucco\\\/#primaryimage\"},\"thumbnailUrl\":\"https:\\\/\\\/www.bellunopress.it\\\/wp-content\\\/uploads\\\/2021\\\/07\\\/Daniele-Trabucco.jpg\",\"articleSection\":[\"Prima Pagina\",\"Societ\u00e0, Associazioni, Istituzioni\"],\"inLanguage\":\"fr-FR\"},{\"@type\":\"WebPage\",\"@id\":\"https:\\\/\\\/www.bellunopress.it\\\/2024\\\/08\\\/24\\\/ius-scholae-serve-davvero-di-daniele-trabucco\\\/\",\"url\":\"https:\\\/\\\/www.bellunopress.it\\\/2024\\\/08\\\/24\\\/ius-scholae-serve-davvero-di-daniele-trabucco\\\/\",\"name\":\"Ius scholae: serve davvero? *di Daniele Trabucco - Bellunopress - Dolomiti\",\"isPartOf\":{\"@id\":\"https:\\\/\\\/www.bellunopress.it\\\/#website\"},\"primaryImageOfPage\":{\"@id\":\"https:\\\/\\\/www.bellunopress.it\\\/2024\\\/08\\\/24\\\/ius-scholae-serve-davvero-di-daniele-trabucco\\\/#primaryimage\"},\"image\":{\"@id\":\"https:\\\/\\\/www.bellunopress.it\\\/2024\\\/08\\\/24\\\/ius-scholae-serve-davvero-di-daniele-trabucco\\\/#primaryimage\"},\"thumbnailUrl\":\"https:\\\/\\\/www.bellunopress.it\\\/wp-content\\\/uploads\\\/2021\\\/07\\\/Daniele-Trabucco.jpg\",\"datePublished\":\"2024-08-24T06:49:16+00:00\",\"breadcrumb\":{\"@id\":\"https:\\\/\\\/www.bellunopress.it\\\/2024\\\/08\\\/24\\\/ius-scholae-serve-davvero-di-daniele-trabucco\\\/#breadcrumb\"},\"inLanguage\":\"fr-FR\",\"potentialAction\":[{\"@type\":\"ReadAction\",\"target\":[\"https:\\\/\\\/www.bellunopress.it\\\/2024\\\/08\\\/24\\\/ius-scholae-serve-davvero-di-daniele-trabucco\\\/\"]}]},{\"@type\":\"ImageObject\",\"inLanguage\":\"fr-FR\",\"@id\":\"https:\\\/\\\/www.bellunopress.it\\\/2024\\\/08\\\/24\\\/ius-scholae-serve-davvero-di-daniele-trabucco\\\/#primaryimage\",\"url\":\"https:\\\/\\\/www.bellunopress.it\\\/wp-content\\\/uploads\\\/2021\\\/07\\\/Daniele-Trabucco.jpg\",\"contentUrl\":\"https:\\\/\\\/www.bellunopress.it\\\/wp-content\\\/uploads\\\/2021\\\/07\\\/Daniele-Trabucco.jpg\",\"width\":332,\"height\":392,\"caption\":\"Daniele Trabucco, costituzionalista\"},{\"@type\":\"BreadcrumbList\",\"@id\":\"https:\\\/\\\/www.bellunopress.it\\\/2024\\\/08\\\/24\\\/ius-scholae-serve-davvero-di-daniele-trabucco\\\/#breadcrumb\",\"itemListElement\":[{\"@type\":\"ListItem\",\"position\":1,\"name\":\"Home\",\"item\":\"https:\\\/\\\/www.bellunopress.it\\\/\"},{\"@type\":\"ListItem\",\"position\":2,\"name\":\"Ius scholae: serve davvero? *di Daniele Trabucco\"}]},{\"@type\":\"WebSite\",\"@id\":\"https:\\\/\\\/www.bellunopress.it\\\/#website\",\"url\":\"https:\\\/\\\/www.bellunopress.it\\\/\",\"name\":\"Bellunopress - Dolomiti\",\"description\":\"e-mail: redazione@bellunopress.it\",\"publisher\":{\"@id\":\"https:\\\/\\\/www.bellunopress.it\\\/#organization\"},\"potentialAction\":[{\"@type\":\"SearchAction\",\"target\":{\"@type\":\"EntryPoint\",\"urlTemplate\":\"https:\\\/\\\/www.bellunopress.it\\\/?s={search_term_string}\"},\"query-input\":{\"@type\":\"PropertyValueSpecification\",\"valueRequired\":true,\"valueName\":\"search_term_string\"}}],\"inLanguage\":\"fr-FR\"},{\"@type\":\"Organization\",\"@id\":\"https:\\\/\\\/www.bellunopress.it\\\/#organization\",\"name\":\"Bellunopress\",\"url\":\"https:\\\/\\\/www.bellunopress.it\\\/\",\"logo\":{\"@type\":\"ImageObject\",\"inLanguage\":\"fr-FR\",\"@id\":\"https:\\\/\\\/www.bellunopress.it\\\/#\\\/schema\\\/logo\\\/image\\\/\",\"url\":\"https:\\\/\\\/www.bellunopress.it\\\/wp-content\\\/uploads\\\/2011\\\/05\\\/cropped-logo-bellunopress-.jpg\",\"contentUrl\":\"https:\\\/\\\/www.bellunopress.it\\\/wp-content\\\/uploads\\\/2011\\\/05\\\/cropped-logo-bellunopress-.jpg\",\"width\":512,\"height\":512,\"caption\":\"Bellunopress\"},\"image\":{\"@id\":\"https:\\\/\\\/www.bellunopress.it\\\/#\\\/schema\\\/logo\\\/image\\\/\"},\"sameAs\":[\"https:\\\/\\\/www.facebook.com\\\/profile.php?id=100008943462799\",\"https:\\\/\\\/x.com\\\/bellunopress\",\"https:\\\/\\\/www.linkedin.com\\\/hp\\\/?dnr=JBzUWaJfMUw8vbXJJ2tVW5-I3jZKvC4wsoxE&amp;amp;amp;amp;amp;amp;trk=nav_responsive_tab_home\",\"https:\\\/\\\/www.youtube.com\\\/channel\\\/UCxL0wu1uN0_3_7hGG0306cw\"]},{\"@type\":\"Person\",\"@id\":\"https:\\\/\\\/www.bellunopress.it\\\/#\\\/schema\\\/person\\\/79bb06722b37ece1c03d3e94beb30d73\",\"name\":\"redazione\",\"image\":{\"@type\":\"ImageObject\",\"inLanguage\":\"fr-FR\",\"@id\":\"https:\\\/\\\/secure.gravatar.com\\\/avatar\\\/37d968a2e67a6fd04c169c4bdef102d0bc5d31b2546345219e348575eb80e9a0?s=96&d=mm&r=g\",\"url\":\"https:\\\/\\\/secure.gravatar.com\\\/avatar\\\/37d968a2e67a6fd04c169c4bdef102d0bc5d31b2546345219e348575eb80e9a0?s=96&d=mm&r=g\",\"contentUrl\":\"https:\\\/\\\/secure.gravatar.com\\\/avatar\\\/37d968a2e67a6fd04c169c4bdef102d0bc5d31b2546345219e348575eb80e9a0?s=96&d=mm&r=g\",\"caption\":\"redazione\"},\"sameAs\":[\"http:\\\/\\\/www.bellunopress.it\",\"https:\\\/\\\/x.com\\\/bellunopress\"],\"url\":\"https:\\\/\\\/www.bellunopress.it\\\/fr\\\/author\\\/redazione\\\/\"}]}<\/script>\n<!-- \/ Yoast SEO plugin. -->","yoast_head_json":{"title":"Ius scholae: serve davvero?  *di Daniele Trabucco - Bellunopress - Dolomiti","robots":{"index":"index","follow":"follow","max-snippet":"max-snippet:-1","max-image-preview":"max-image-preview:large","max-video-preview":"max-video-preview:-1"},"canonical":"https:\/\/www.bellunopress.it\/fr\/2024\/08\/24\/ius-scholae-serve-davvero-di-daniele-trabucco\/","og_locale":"fr_FR","og_type":"article","og_title":"Ius scholae: serve davvero?  *di Daniele Trabucco - Bellunopress - Dolomiti","og_description":"Lo &#8220;ius scholae&#8221; costituisce una modalit\u00e1 di acquisto della cittadinanza per cui, in linea generale, pu\u00f3 diventare cittadino chi ha completato un ciclo di studi. Se questo criterio venisse introdotto nell&#8217;ordinamento giuridico italiano, mediante una modifica della legge ordinaria dello Stato 05 febbraio 1992, n. 91, avremo in cinque anni oltre mezzo milione di nuovi [&hellip;]","og_url":"https:\/\/www.bellunopress.it\/fr\/2024\/08\/24\/ius-scholae-serve-davvero-di-daniele-trabucco\/","og_site_name":"Bellunopress - Dolomiti","article_publisher":"https:\/\/www.facebook.com\/profile.php?id=100008943462799","article_published_time":"2024-08-24T06:49:16+00:00","og_image":[{"width":332,"height":392,"url":"https:\/\/www.bellunopress.it\/wp-content\/uploads\/2021\/07\/Daniele-Trabucco.jpg","type":"image\/jpeg"}],"author":"redazione","twitter_card":"summary_large_image","twitter_creator":"@bellunopress","twitter_site":"@bellunopress","twitter_misc":{"Written by":"redazione","Est. reading time":"2 minutes"},"schema":{"@context":"https:\/\/schema.org","@graph":[{"@type":"Article","@id":"https:\/\/www.bellunopress.it\/2024\/08\/24\/ius-scholae-serve-davvero-di-daniele-trabucco\/#article","isPartOf":{"@id":"https:\/\/www.bellunopress.it\/2024\/08\/24\/ius-scholae-serve-davvero-di-daniele-trabucco\/"},"author":{"name":"redazione","@id":"https:\/\/www.bellunopress.it\/#\/schema\/person\/79bb06722b37ece1c03d3e94beb30d73"},"headline":"Ius scholae: serve davvero? *di Daniele Trabucco","datePublished":"2024-08-24T06:49:16+00:00","mainEntityOfPage":{"@id":"https:\/\/www.bellunopress.it\/2024\/08\/24\/ius-scholae-serve-davvero-di-daniele-trabucco\/"},"wordCount":345,"publisher":{"@id":"https:\/\/www.bellunopress.it\/#organization"},"image":{"@id":"https:\/\/www.bellunopress.it\/2024\/08\/24\/ius-scholae-serve-davvero-di-daniele-trabucco\/#primaryimage"},"thumbnailUrl":"https:\/\/www.bellunopress.it\/wp-content\/uploads\/2021\/07\/Daniele-Trabucco.jpg","articleSection":["Prima Pagina","Societ\u00e0, Associazioni, Istituzioni"],"inLanguage":"fr-FR"},{"@type":"WebPage","@id":"https:\/\/www.bellunopress.it\/2024\/08\/24\/ius-scholae-serve-davvero-di-daniele-trabucco\/","url":"https:\/\/www.bellunopress.it\/2024\/08\/24\/ius-scholae-serve-davvero-di-daniele-trabucco\/","name":"Ius scholae: serve davvero? *di Daniele Trabucco - Bellunopress - Dolomiti","isPartOf":{"@id":"https:\/\/www.bellunopress.it\/#website"},"primaryImageOfPage":{"@id":"https:\/\/www.bellunopress.it\/2024\/08\/24\/ius-scholae-serve-davvero-di-daniele-trabucco\/#primaryimage"},"image":{"@id":"https:\/\/www.bellunopress.it\/2024\/08\/24\/ius-scholae-serve-davvero-di-daniele-trabucco\/#primaryimage"},"thumbnailUrl":"https:\/\/www.bellunopress.it\/wp-content\/uploads\/2021\/07\/Daniele-Trabucco.jpg","datePublished":"2024-08-24T06:49:16+00:00","breadcrumb":{"@id":"https:\/\/www.bellunopress.it\/2024\/08\/24\/ius-scholae-serve-davvero-di-daniele-trabucco\/#breadcrumb"},"inLanguage":"fr-FR","potentialAction":[{"@type":"ReadAction","target":["https:\/\/www.bellunopress.it\/2024\/08\/24\/ius-scholae-serve-davvero-di-daniele-trabucco\/"]}]},{"@type":"ImageObject","inLanguage":"fr-FR","@id":"https:\/\/www.bellunopress.it\/2024\/08\/24\/ius-scholae-serve-davvero-di-daniele-trabucco\/#primaryimage","url":"https:\/\/www.bellunopress.it\/wp-content\/uploads\/2021\/07\/Daniele-Trabucco.jpg","contentUrl":"https:\/\/www.bellunopress.it\/wp-content\/uploads\/2021\/07\/Daniele-Trabucco.jpg","width":332,"height":392,"caption":"Daniele Trabucco, costituzionalista"},{"@type":"BreadcrumbList","@id":"https:\/\/www.bellunopress.it\/2024\/08\/24\/ius-scholae-serve-davvero-di-daniele-trabucco\/#breadcrumb","itemListElement":[{"@type":"ListItem","position":1,"name":"Home","item":"https:\/\/www.bellunopress.it\/"},{"@type":"ListItem","position":2,"name":"Ius scholae: serve davvero? *di Daniele Trabucco"}]},{"@type":"WebSite","@id":"https:\/\/www.bellunopress.it\/#website","url":"https:\/\/www.bellunopress.it\/","name":"Bellunopress - Dolomiti","description":"e-mail: redazione@bellunopress.it","publisher":{"@id":"https:\/\/www.bellunopress.it\/#organization"},"potentialAction":[{"@type":"SearchAction","target":{"@type":"EntryPoint","urlTemplate":"https:\/\/www.bellunopress.it\/?s={search_term_string}"},"query-input":{"@type":"PropertyValueSpecification","valueRequired":true,"valueName":"search_term_string"}}],"inLanguage":"fr-FR"},{"@type":"Organization","@id":"https:\/\/www.bellunopress.it\/#organization","name":"Bellunopress","url":"https:\/\/www.bellunopress.it\/","logo":{"@type":"ImageObject","inLanguage":"fr-FR","@id":"https:\/\/www.bellunopress.it\/#\/schema\/logo\/image\/","url":"https:\/\/www.bellunopress.it\/wp-content\/uploads\/2011\/05\/cropped-logo-bellunopress-.jpg","contentUrl":"https:\/\/www.bellunopress.it\/wp-content\/uploads\/2011\/05\/cropped-logo-bellunopress-.jpg","width":512,"height":512,"caption":"Bellunopress"},"image":{"@id":"https:\/\/www.bellunopress.it\/#\/schema\/logo\/image\/"},"sameAs":["https:\/\/www.facebook.com\/profile.php?id=100008943462799","https:\/\/x.com\/bellunopress","https:\/\/www.linkedin.com\/hp\/?dnr=JBzUWaJfMUw8vbXJJ2tVW5-I3jZKvC4wsoxE&amp;amp;amp;amp;amp;amp;trk=nav_responsive_tab_home","https:\/\/www.youtube.com\/channel\/UCxL0wu1uN0_3_7hGG0306cw"]},{"@type":"Person","@id":"https:\/\/www.bellunopress.it\/#\/schema\/person\/79bb06722b37ece1c03d3e94beb30d73","name":"r\u00e9daction","image":{"@type":"ImageObject","inLanguage":"fr-FR","@id":"https:\/\/secure.gravatar.com\/avatar\/37d968a2e67a6fd04c169c4bdef102d0bc5d31b2546345219e348575eb80e9a0?s=96&d=mm&r=g","url":"https:\/\/secure.gravatar.com\/avatar\/37d968a2e67a6fd04c169c4bdef102d0bc5d31b2546345219e348575eb80e9a0?s=96&d=mm&r=g","contentUrl":"https:\/\/secure.gravatar.com\/avatar\/37d968a2e67a6fd04c169c4bdef102d0bc5d31b2546345219e348575eb80e9a0?s=96&d=mm&r=g","caption":"redazione"},"sameAs":["http:\/\/www.bellunopress.it","https:\/\/x.com\/bellunopress"],"url":"https:\/\/www.bellunopress.it\/fr\/author\/redazione\/"}]}},"_links":{"self":[{"href":"https:\/\/www.bellunopress.it\/fr\/wp-json\/wp\/v2\/posts\/153439","targetHints":{"allow":["GET"]}}],"collection":[{"href":"https:\/\/www.bellunopress.it\/fr\/wp-json\/wp\/v2\/posts"}],"about":[{"href":"https:\/\/www.bellunopress.it\/fr\/wp-json\/wp\/v2\/types\/post"}],"author":[{"embeddable":true,"href":"https:\/\/www.bellunopress.it\/fr\/wp-json\/wp\/v2\/users\/2"}],"replies":[{"embeddable":true,"href":"https:\/\/www.bellunopress.it\/fr\/wp-json\/wp\/v2\/comments?post=153439"}],"version-history":[{"count":1,"href":"https:\/\/www.bellunopress.it\/fr\/wp-json\/wp\/v2\/posts\/153439\/revisions"}],"predecessor-version":[{"id":153440,"href":"https:\/\/www.bellunopress.it\/fr\/wp-json\/wp\/v2\/posts\/153439\/revisions\/153440"}],"wp:featuredmedia":[{"embeddable":true,"href":"https:\/\/www.bellunopress.it\/fr\/wp-json\/wp\/v2\/media\/125649"}],"wp:attachment":[{"href":"https:\/\/www.bellunopress.it\/fr\/wp-json\/wp\/v2\/media?parent=153439"}],"wp:term":[{"taxonomy":"category","embeddable":true,"href":"https:\/\/www.bellunopress.it\/fr\/wp-json\/wp\/v2\/categories?post=153439"},{"taxonomy":"post_tag","embeddable":true,"href":"https:\/\/www.bellunopress.it\/fr\/wp-json\/wp\/v2\/tags?post=153439"}],"curies":[{"name":"wp","href":"https:\/\/api.w.org\/{rel}","templated":true}]}}