{"id":153433,"date":"2024-08-24T07:39:04","date_gmt":"2024-08-24T05:39:04","guid":{"rendered":"https:\/\/www.bellunopress.it\/?p=153433"},"modified":"2026-05-26T10:02:25","modified_gmt":"2026-05-26T08:02:25","slug":"cambiamento-climatico-si-o-no","status":"publish","type":"post","link":"https:\/\/www.bellunopress.it\/fr\/2024\/08\/24\/cambiamento-climatico-si-o-no\/","title":{"rendered":"Cambiamento climatico: s\u00ec o no?"},"content":{"rendered":"<p>Il clima nel nostro pianeta \u00e8 frutto della interazione tra il sole, l\u2019atmosfera, la crosta terrestre, gli oceani e la biosfera. Della biosfera facciamo parte anche noi, prevalentemente \u201cinsapientes\u201d.<br \/>\nIl sole \u00e8 un fattore stabile, ma il nostro pianeta ha variazioni cicliche di circa 100.000 anni del suo percorso ellittico, con variazioni della irradiazione solare di entit\u00e0 minima, calcolate al 0,2%.<br \/>\nDegli altri fattori in gioco la biosfera \u00e8 la pi\u00f9 variabile per la nostra presenza e le nostre azioni, che difficilmente potremmo considerare insignificanti tra guerre continue, bombe atomiche, guerre batteriologiche e chimiche, cementificazione, industrie e veleni di ogni genere.<br \/>\nUn piccolo esempio tra gli altri lo ritroviamo proprio in un articolo di \u201cle Scienze\u201d numero di agosto 2024, attualmente in edicola. A pagina 41, in tema di ecologia tratta della Evoluzione antropogenica: le attivit\u00e0 umane stanno cambiando qualcosa di pi\u00f9 degli habitat delle specie viventi; stanno modificando le specie stesse.<br \/>\nL\u2019articolo riporta una decina di esempi che vanno dalla falena alla balena. Ma noi sappiamo che la nostra presenza sul pianeta ha determinato in poche migliaia di anni la scomparsa di milioni di specie. Una prima inevitabile conclusione \u00e8 che il cambiamento climatico c\u2019\u00e8 perch\u00e9 dei fattori sovraesposti la biosfera \u00e8 sicuramente cambiata.<br \/>\nResta da sapere se il sapiens ne \u00e8 il protagonista o una delle vittime.<\/p>\n<p>Il prof. Franco Battaglia ha scritto un lungo articolo sulla \u201cVerit\u00e0\u201d del 20 agosto 2024: Poca Scienza, tanta cricca: il clima va in stampa. Alla fine del suo articolo critica un articolo di Nature di cui intende dare dettagli nella prossima puntata. Personalmente sono molto curioso di leggere la prossima puntata perch\u00e9 vorrei avere qualche indicazione su queste cricche. Sicuramente egli non ha grande difficolt\u00e0 a pubblicare i suoi articoli che si ritrovano periodicamente in intere paginate de la Verit\u00e0.<br \/>\nSul clima il prof. Battaglia ha gi\u00e0 scritto il libro \u201cNon esiste alcuna emergenza climatica\u201d che non sono riuscito a leggere perch\u00e9 introvabile. Ho potuto invece leggere il suo libro \u201cL\u2019illusione dell\u2019energia dal sole\u201d con l\u2019appello indirizzato al presidente della Repubblica per sostenere lo sviluppo dell\u2019energia nucleare. L\u2019avrei firmato molto volentieri io stesso quando \u00e8 stato scritto nel 2005.<\/p>\n<p>Quelli come me, non essendo scienziati come il prof. Franco Battaglia, possono seguire due soli metodi per cercare di capire quale sia la genesi di un cambiamento climatico, che non \u00e8 pi\u00f9 dubitabile, ma che viene messo in discussione contro ogni logica. Infatti, qualora accettato, ne verrebbe automaticamente attribuita la responsabilit\u00e0 al nostro occidente guerrafondaio e a tutto ci\u00f2 che abbiamo sopra elencato e che potremmo definire i mercati.<br \/>\nIl primo metodo \u00e8 di identificare se vi possano essere nella questione forti interessi di parte; ed \u00e8 questa una procedura relativamente semplice e sotto gli occhi di tutti coloro che vogliono vedere.<br \/>\nIl secondo \u00e8 di leggere tutti gli articoli scientifici pi\u00f9 importanti a disposizione sul tema e farsi un&#8217;idea, senza pregiudizi di sorta, al fine di trarre le conclusioni pi\u00f9 razionali o pi\u00f9 ragionevoli.<br \/>\nSull&#8217;argomento mi sono impegnato a seguire, nelle mie letture, le due metodiche di indagine.<\/p>\n<p>Il primo metodo pu\u00f2 giovarsi di tre esempi paradigmatici.<br \/>\nIl primo esempio \u00e8 rappresentato dal \u201cbuco di ozono\u201d nell\u2019atmosfera, identificato alla fine degli anni 50 del secolo scorso, descritto studiato e spiegato da Paul Crutzen del Max Plank Institut e per il quale prender\u00e0 il Nobel per la chimica nel 1995 insieme a Rowland e Molina. Avevano dimostrato l\u2019effetto distruttivo dei CFC (CloroFluoroCarburi) sulla fascia di ozono, combattuti e criticati in ogni modo dalla post-verit\u00e0 organizzata da tutte le multinazionali produttrici di freon. Quella scoperta, con la eliminazione del freon, ha scongiurato un danno gravissimo per tutto il mondo animale.<\/p>\n<p>Il secondo esempio: in quegli stessi anni Rachel Carson aveva pubblicato il suo libro Silent Spring, che aveva dedicato al dr Albert Schweitzer, poich\u00e9 egli aveva pi\u00f9 volte dichiarato e scritto che l\u2019uomo distrugger\u00e0 la Terra. La Carson aveva impostato il suo libro sui danni provocati dal DDT sulla flora e sulla fauna e si era attirata una campagna di denigrazione da tutte le grandi industrie chimiche e pure dalla American Medical Association. Gi\u00e0 allora il mondo medico americano, creato su immagine e somiglianza di Rockfeller e della sua Medicina industriale, aveva dimostrato la sua cecit\u00e0 e la volgarit\u00e0 dei suoi interessi. Nel 1972 il DDT verr\u00e0 proibito negli USA e successivamente nel mondo intero, perch\u00e9 cancerogeno e gravemente distruttivo per l\u2019ambiente, in primis per il mondo vegetale.<\/p>\n<p>Il terzo esempio: nel 1963 il Vajont. Quindi la dimostrazione, giunta fino ai giorni nostri, che il potere economico e politico insieme decidono e legiferano nel loro interesse e in quello del grande capitale, non certo in quello dell\u2019ambiente e del popolo che in loro e nella loro pubblicit\u00e0 aveva creduto.<\/p>\n<p>Poich\u00e9 la Politica e il Grande Capitale possiedono i mezzi per dominare l\u2019informazione anche nei paesi democratici, dove si disinteressano delle voci dissonanti perch\u00e9 sono sempre in grande minoranza (e quindi non meritevoli di risposta) vale la pena di ricordare che fin dai tempi della guerra contro il fumo le multinazionali del tabacco hanno messo in atto una strategia vincente. Naomi Oreskes la sintetizza cos\u00ec: \u201cperch\u00e9 ricercare un disaccordo scientifico quando \u00e8 possibile produrlo? Perch\u00e9 preoccuparsi della revisione accademica quando le proprie opinioni possono essere diffuse attraverso le pubbliche relazioni spaventando i media? E perch\u00e9 aspettare che i funzionari governativi giungano alla conclusione giusta quando \u00e8 possibile influenzarli con i soldi dell\u2019industria?\u201d Parole chiare che illuminano i tre esempi paradigmatici, dalle quali si evince almeno una regola sicura: per sua natura la grande industria, quindi il grande capitale, quindi tutti i nostri governi occidentali che perseguono l\u2019aumento del PIL, non possono essere interessati a preservare l\u2019ambiente. Sono interessati alla rapina dell\u2019ambiente e ai suoi beni collettivi per moltiplicare la loro produzione, proteggere il loro mercato e il loro PIL, diffondere i loro prodotti per lo pi\u00f9 inutili e dannosi (in gran parte criminogeni: vedi le armi da guerra) Completamente disinteressati al Global Footprint Network che dal 1970 documenta la nostra corsa verso l\u2019autodistruzione.<\/p>\n<p>Per tornare a Franco Battaglia e al suo libro \u201cNon esiste alcuna emergenza climatica\u201d i tre esempi riportati dimostrano da molti anni che noi abbiamo provocato e possiamo provocare ora e in futuro gravissimi danni all\u2019ambiente. Alcuni di questi abbiamo potuto evitarli malgrado la fortissima determinazione dei responsabili. Questi responsabili sappiamo chi sono, abbiamo imparato a riconoscerli e sono sempre gli stessi: le multinazionali che vantano bilanci miliardari e che non pagano le tasse. Il loro decalogo lo ha sintetizzato Naomi Oreskes. E\u2018 assolutamente certo che la maggior parte dei danni che provocano all\u2019ambiente vengono accuratamente occultati, disconosciuti o totalmente ignorati.<\/p>\n<p>Come il prof. Franco Battaglia anch\u2019io rimando ad una nuova puntata la descrizione del secondo metodo, quello sulle ricerche scientifiche e sulle loro implicazioni.<\/p>\n<p>Dr Filiberto Dal Molin<\/p>\n<p>(Prima parte)<\/p>\n<p>&nbsp;<\/p>","protected":false},"excerpt":{"rendered":"<p>Il clima nel nostro pianeta \u00e8 frutto della interazione tra il sole, l\u2019atmosfera, la crosta terrestre, gli oceani e la biosfera. Della biosfera facciamo parte anche noi, prevalentemente \u201cinsapientes\u201d. Il sole \u00e8 un fattore stabile, ma il nostro pianeta ha variazioni cicliche di circa 100.000 anni del suo percorso ellittico, con variazioni della irradiazione solare [&hellip;]<\/p>\n","protected":false},"author":2,"featured_media":0,"comment_status":"closed","ping_status":"open","sticky":false,"template":"","format":"standard","meta":{"footnotes":""},"categories":[3614],"tags":[],"class_list":["post-153433","post","type-post","status-publish","format-standard","category-controcorrente"],"yoast_head":"<!-- This site is optimized with the Yoast SEO plugin v28.4 - https:\/\/yoast.com\/product\/yoast-seo-wordpress\/ -->\n<title>Cambiamento climatico: s\u00ec o no? - Bellunopress - Dolomiti<\/title>\n<meta name=\"robots\" content=\"index, follow, max-snippet:-1, max-image-preview:large, max-video-preview:-1\" \/>\n<link rel=\"canonical\" href=\"https:\/\/www.bellunopress.it\/fr\/2024\/08\/24\/cambiamento-climatico-si-o-no\/\" \/>\n<meta property=\"og:locale\" content=\"fr_FR\" \/>\n<meta property=\"og:type\" content=\"article\" \/>\n<meta property=\"og:title\" content=\"Cambiamento climatico: s\u00ec o no? - Bellunopress - Dolomiti\" \/>\n<meta property=\"og:description\" content=\"Il clima nel nostro pianeta \u00e8 frutto della interazione tra il sole, l\u2019atmosfera, la crosta terrestre, gli oceani e la biosfera. Della biosfera facciamo parte anche noi, prevalentemente \u201cinsapientes\u201d. Il sole \u00e8 un fattore stabile, ma il nostro pianeta ha variazioni cicliche di circa 100.000 anni del suo percorso ellittico, con variazioni della irradiazione solare [&hellip;]\" \/>\n<meta property=\"og:url\" content=\"https:\/\/www.bellunopress.it\/fr\/2024\/08\/24\/cambiamento-climatico-si-o-no\/\" \/>\n<meta property=\"og:site_name\" content=\"Bellunopress - Dolomiti\" \/>\n<meta property=\"article:publisher\" content=\"https:\/\/www.facebook.com\/profile.php?id=100008943462799\" \/>\n<meta property=\"article:published_time\" content=\"2024-08-24T05:39:04+00:00\" \/>\n<meta property=\"article:modified_time\" content=\"2026-05-26T08:02:25+00:00\" \/>\n<meta property=\"og:image\" content=\"http:\/\/www.bellunopress.it\/wp-content\/uploads\/2012\/07\/logo-bellunopress-250x250-2012.jpg\" \/>\n<meta name=\"author\" content=\"redazione\" \/>\n<meta name=\"twitter:card\" content=\"summary_large_image\" \/>\n<meta name=\"twitter:creator\" content=\"@bellunopress\" \/>\n<meta name=\"twitter:site\" content=\"@bellunopress\" \/>\n<meta name=\"twitter:label1\" content=\"\u00c9crit par\" \/>\n\t<meta name=\"twitter:data1\" content=\"redazione\" \/>\n\t<meta name=\"twitter:label2\" content=\"Dur\u00e9e de lecture estim\u00e9e\" \/>\n\t<meta name=\"twitter:data2\" content=\"7 minutes\" \/>\n<script type=\"application\/ld+json\" class=\"yoast-schema-graph\">{\"@context\":\"https:\\\/\\\/schema.org\",\"@graph\":[{\"@type\":\"Article\",\"@id\":\"https:\\\/\\\/www.bellunopress.it\\\/2024\\\/08\\\/24\\\/cambiamento-climatico-si-o-no\\\/#article\",\"isPartOf\":{\"@id\":\"https:\\\/\\\/www.bellunopress.it\\\/2024\\\/08\\\/24\\\/cambiamento-climatico-si-o-no\\\/\"},\"author\":{\"name\":\"redazione\",\"@id\":\"https:\\\/\\\/www.bellunopress.it\\\/#\\\/schema\\\/person\\\/79bb06722b37ece1c03d3e94beb30d73\"},\"headline\":\"Cambiamento climatico: s\u00ec o no?\",\"datePublished\":\"2024-08-24T05:39:04+00:00\",\"dateModified\":\"2026-05-26T08:02:25+00:00\",\"mainEntityOfPage\":{\"@id\":\"https:\\\/\\\/www.bellunopress.it\\\/2024\\\/08\\\/24\\\/cambiamento-climatico-si-o-no\\\/\"},\"wordCount\":1133,\"publisher\":{\"@id\":\"https:\\\/\\\/www.bellunopress.it\\\/#organization\"},\"articleSection\":[\"Controcorrente Dr Filiberto Dal Molin\"],\"inLanguage\":\"fr-FR\"},{\"@type\":\"WebPage\",\"@id\":\"https:\\\/\\\/www.bellunopress.it\\\/2024\\\/08\\\/24\\\/cambiamento-climatico-si-o-no\\\/\",\"url\":\"https:\\\/\\\/www.bellunopress.it\\\/2024\\\/08\\\/24\\\/cambiamento-climatico-si-o-no\\\/\",\"name\":\"Cambiamento climatico: s\u00ec o no? - Bellunopress - Dolomiti\",\"isPartOf\":{\"@id\":\"https:\\\/\\\/www.bellunopress.it\\\/#website\"},\"datePublished\":\"2024-08-24T05:39:04+00:00\",\"dateModified\":\"2026-05-26T08:02:25+00:00\",\"breadcrumb\":{\"@id\":\"https:\\\/\\\/www.bellunopress.it\\\/2024\\\/08\\\/24\\\/cambiamento-climatico-si-o-no\\\/#breadcrumb\"},\"inLanguage\":\"fr-FR\",\"potentialAction\":[{\"@type\":\"ReadAction\",\"target\":[\"https:\\\/\\\/www.bellunopress.it\\\/2024\\\/08\\\/24\\\/cambiamento-climatico-si-o-no\\\/\"]}]},{\"@type\":\"BreadcrumbList\",\"@id\":\"https:\\\/\\\/www.bellunopress.it\\\/2024\\\/08\\\/24\\\/cambiamento-climatico-si-o-no\\\/#breadcrumb\",\"itemListElement\":[{\"@type\":\"ListItem\",\"position\":1,\"name\":\"Home\",\"item\":\"https:\\\/\\\/www.bellunopress.it\\\/\"},{\"@type\":\"ListItem\",\"position\":2,\"name\":\"Cambiamento climatico: s\u00ec o no?\"}]},{\"@type\":\"WebSite\",\"@id\":\"https:\\\/\\\/www.bellunopress.it\\\/#website\",\"url\":\"https:\\\/\\\/www.bellunopress.it\\\/\",\"name\":\"Bellunopress - Dolomiti\",\"description\":\"e-mail: redazione@bellunopress.it\",\"publisher\":{\"@id\":\"https:\\\/\\\/www.bellunopress.it\\\/#organization\"},\"potentialAction\":[{\"@type\":\"SearchAction\",\"target\":{\"@type\":\"EntryPoint\",\"urlTemplate\":\"https:\\\/\\\/www.bellunopress.it\\\/?s={search_term_string}\"},\"query-input\":{\"@type\":\"PropertyValueSpecification\",\"valueRequired\":true,\"valueName\":\"search_term_string\"}}],\"inLanguage\":\"fr-FR\"},{\"@type\":\"Organization\",\"@id\":\"https:\\\/\\\/www.bellunopress.it\\\/#organization\",\"name\":\"Bellunopress\",\"url\":\"https:\\\/\\\/www.bellunopress.it\\\/\",\"logo\":{\"@type\":\"ImageObject\",\"inLanguage\":\"fr-FR\",\"@id\":\"https:\\\/\\\/www.bellunopress.it\\\/#\\\/schema\\\/logo\\\/image\\\/\",\"url\":\"https:\\\/\\\/www.bellunopress.it\\\/wp-content\\\/uploads\\\/2011\\\/05\\\/cropped-logo-bellunopress-.jpg\",\"contentUrl\":\"https:\\\/\\\/www.bellunopress.it\\\/wp-content\\\/uploads\\\/2011\\\/05\\\/cropped-logo-bellunopress-.jpg\",\"width\":512,\"height\":512,\"caption\":\"Bellunopress\"},\"image\":{\"@id\":\"https:\\\/\\\/www.bellunopress.it\\\/#\\\/schema\\\/logo\\\/image\\\/\"},\"sameAs\":[\"https:\\\/\\\/www.facebook.com\\\/profile.php?id=100008943462799\",\"https:\\\/\\\/x.com\\\/bellunopress\",\"https:\\\/\\\/www.linkedin.com\\\/hp\\\/?dnr=JBzUWaJfMUw8vbXJJ2tVW5-I3jZKvC4wsoxE&amp;amp;amp;amp;amp;amp;trk=nav_responsive_tab_home\",\"https:\\\/\\\/www.youtube.com\\\/channel\\\/UCxL0wu1uN0_3_7hGG0306cw\"]},{\"@type\":\"Person\",\"@id\":\"https:\\\/\\\/www.bellunopress.it\\\/#\\\/schema\\\/person\\\/79bb06722b37ece1c03d3e94beb30d73\",\"name\":\"redazione\",\"image\":{\"@type\":\"ImageObject\",\"inLanguage\":\"fr-FR\",\"@id\":\"https:\\\/\\\/secure.gravatar.com\\\/avatar\\\/37d968a2e67a6fd04c169c4bdef102d0bc5d31b2546345219e348575eb80e9a0?s=96&d=mm&r=g\",\"url\":\"https:\\\/\\\/secure.gravatar.com\\\/avatar\\\/37d968a2e67a6fd04c169c4bdef102d0bc5d31b2546345219e348575eb80e9a0?s=96&d=mm&r=g\",\"contentUrl\":\"https:\\\/\\\/secure.gravatar.com\\\/avatar\\\/37d968a2e67a6fd04c169c4bdef102d0bc5d31b2546345219e348575eb80e9a0?s=96&d=mm&r=g\",\"caption\":\"redazione\"},\"sameAs\":[\"http:\\\/\\\/www.bellunopress.it\",\"https:\\\/\\\/x.com\\\/bellunopress\"],\"url\":\"https:\\\/\\\/www.bellunopress.it\\\/fr\\\/author\\\/redazione\\\/\"}]}<\/script>\n<!-- \/ Yoast SEO plugin. -->","yoast_head_json":{"title":"Cambiamento climatico: s\u00ec o no? - Bellunopress - Dolomiti","robots":{"index":"index","follow":"follow","max-snippet":"max-snippet:-1","max-image-preview":"max-image-preview:large","max-video-preview":"max-video-preview:-1"},"canonical":"https:\/\/www.bellunopress.it\/fr\/2024\/08\/24\/cambiamento-climatico-si-o-no\/","og_locale":"fr_FR","og_type":"article","og_title":"Cambiamento climatico: s\u00ec o no? - Bellunopress - Dolomiti","og_description":"Il clima nel nostro pianeta \u00e8 frutto della interazione tra il sole, l\u2019atmosfera, la crosta terrestre, gli oceani e la biosfera. Della biosfera facciamo parte anche noi, prevalentemente \u201cinsapientes\u201d. Il sole \u00e8 un fattore stabile, ma il nostro pianeta ha variazioni cicliche di circa 100.000 anni del suo percorso ellittico, con variazioni della irradiazione solare [&hellip;]","og_url":"https:\/\/www.bellunopress.it\/fr\/2024\/08\/24\/cambiamento-climatico-si-o-no\/","og_site_name":"Bellunopress - Dolomiti","article_publisher":"https:\/\/www.facebook.com\/profile.php?id=100008943462799","article_published_time":"2024-08-24T05:39:04+00:00","article_modified_time":"2026-05-26T08:02:25+00:00","og_image":[{"url":"http:\/\/www.bellunopress.it\/wp-content\/uploads\/2012\/07\/logo-bellunopress-250x250-2012.jpg","type":"","width":"","height":""}],"author":"redazione","twitter_card":"summary_large_image","twitter_creator":"@bellunopress","twitter_site":"@bellunopress","twitter_misc":{"\u00c9crit par":"redazione","Dur\u00e9e de lecture estim\u00e9e":"7 minutes"},"schema":{"@context":"https:\/\/schema.org","@graph":[{"@type":"Article","@id":"https:\/\/www.bellunopress.it\/2024\/08\/24\/cambiamento-climatico-si-o-no\/#article","isPartOf":{"@id":"https:\/\/www.bellunopress.it\/2024\/08\/24\/cambiamento-climatico-si-o-no\/"},"author":{"name":"redazione","@id":"https:\/\/www.bellunopress.it\/#\/schema\/person\/79bb06722b37ece1c03d3e94beb30d73"},"headline":"Cambiamento climatico: s\u00ec o no?","datePublished":"2024-08-24T05:39:04+00:00","dateModified":"2026-05-26T08:02:25+00:00","mainEntityOfPage":{"@id":"https:\/\/www.bellunopress.it\/2024\/08\/24\/cambiamento-climatico-si-o-no\/"},"wordCount":1133,"publisher":{"@id":"https:\/\/www.bellunopress.it\/#organization"},"articleSection":["Controcorrente Dr Filiberto Dal Molin"],"inLanguage":"fr-FR"},{"@type":"WebPage","@id":"https:\/\/www.bellunopress.it\/2024\/08\/24\/cambiamento-climatico-si-o-no\/","url":"https:\/\/www.bellunopress.it\/2024\/08\/24\/cambiamento-climatico-si-o-no\/","name":"Cambiamento climatico: s\u00ec o no? - Bellunopress - Dolomiti","isPartOf":{"@id":"https:\/\/www.bellunopress.it\/#website"},"datePublished":"2024-08-24T05:39:04+00:00","dateModified":"2026-05-26T08:02:25+00:00","breadcrumb":{"@id":"https:\/\/www.bellunopress.it\/2024\/08\/24\/cambiamento-climatico-si-o-no\/#breadcrumb"},"inLanguage":"fr-FR","potentialAction":[{"@type":"ReadAction","target":["https:\/\/www.bellunopress.it\/2024\/08\/24\/cambiamento-climatico-si-o-no\/"]}]},{"@type":"BreadcrumbList","@id":"https:\/\/www.bellunopress.it\/2024\/08\/24\/cambiamento-climatico-si-o-no\/#breadcrumb","itemListElement":[{"@type":"ListItem","position":1,"name":"Home","item":"https:\/\/www.bellunopress.it\/"},{"@type":"ListItem","position":2,"name":"Cambiamento climatico: s\u00ec o no?"}]},{"@type":"WebSite","@id":"https:\/\/www.bellunopress.it\/#website","url":"https:\/\/www.bellunopress.it\/","name":"Bellunopress - Dolomiti","description":"e-mail: redazione@bellunopress.it","publisher":{"@id":"https:\/\/www.bellunopress.it\/#organization"},"potentialAction":[{"@type":"SearchAction","target":{"@type":"EntryPoint","urlTemplate":"https:\/\/www.bellunopress.it\/?s={search_term_string}"},"query-input":{"@type":"PropertyValueSpecification","valueRequired":true,"valueName":"search_term_string"}}],"inLanguage":"fr-FR"},{"@type":"Organization","@id":"https:\/\/www.bellunopress.it\/#organization","name":"Bellunopress","url":"https:\/\/www.bellunopress.it\/","logo":{"@type":"ImageObject","inLanguage":"fr-FR","@id":"https:\/\/www.bellunopress.it\/#\/schema\/logo\/image\/","url":"https:\/\/www.bellunopress.it\/wp-content\/uploads\/2011\/05\/cropped-logo-bellunopress-.jpg","contentUrl":"https:\/\/www.bellunopress.it\/wp-content\/uploads\/2011\/05\/cropped-logo-bellunopress-.jpg","width":512,"height":512,"caption":"Bellunopress"},"image":{"@id":"https:\/\/www.bellunopress.it\/#\/schema\/logo\/image\/"},"sameAs":["https:\/\/www.facebook.com\/profile.php?id=100008943462799","https:\/\/x.com\/bellunopress","https:\/\/www.linkedin.com\/hp\/?dnr=JBzUWaJfMUw8vbXJJ2tVW5-I3jZKvC4wsoxE&amp;amp;amp;amp;amp;amp;trk=nav_responsive_tab_home","https:\/\/www.youtube.com\/channel\/UCxL0wu1uN0_3_7hGG0306cw"]},{"@type":"Person","@id":"https:\/\/www.bellunopress.it\/#\/schema\/person\/79bb06722b37ece1c03d3e94beb30d73","name":"r\u00e9daction","image":{"@type":"ImageObject","inLanguage":"fr-FR","@id":"https:\/\/secure.gravatar.com\/avatar\/37d968a2e67a6fd04c169c4bdef102d0bc5d31b2546345219e348575eb80e9a0?s=96&d=mm&r=g","url":"https:\/\/secure.gravatar.com\/avatar\/37d968a2e67a6fd04c169c4bdef102d0bc5d31b2546345219e348575eb80e9a0?s=96&d=mm&r=g","contentUrl":"https:\/\/secure.gravatar.com\/avatar\/37d968a2e67a6fd04c169c4bdef102d0bc5d31b2546345219e348575eb80e9a0?s=96&d=mm&r=g","caption":"redazione"},"sameAs":["http:\/\/www.bellunopress.it","https:\/\/x.com\/bellunopress"],"url":"https:\/\/www.bellunopress.it\/fr\/author\/redazione\/"}]}},"_links":{"self":[{"href":"https:\/\/www.bellunopress.it\/fr\/wp-json\/wp\/v2\/posts\/153433","targetHints":{"allow":["GET"]}}],"collection":[{"href":"https:\/\/www.bellunopress.it\/fr\/wp-json\/wp\/v2\/posts"}],"about":[{"href":"https:\/\/www.bellunopress.it\/fr\/wp-json\/wp\/v2\/types\/post"}],"author":[{"embeddable":true,"href":"https:\/\/www.bellunopress.it\/fr\/wp-json\/wp\/v2\/users\/2"}],"replies":[{"embeddable":true,"href":"https:\/\/www.bellunopress.it\/fr\/wp-json\/wp\/v2\/comments?post=153433"}],"version-history":[{"count":4,"href":"https:\/\/www.bellunopress.it\/fr\/wp-json\/wp\/v2\/posts\/153433\/revisions"}],"predecessor-version":[{"id":170466,"href":"https:\/\/www.bellunopress.it\/fr\/wp-json\/wp\/v2\/posts\/153433\/revisions\/170466"}],"wp:attachment":[{"href":"https:\/\/www.bellunopress.it\/fr\/wp-json\/wp\/v2\/media?parent=153433"}],"wp:term":[{"taxonomy":"category","embeddable":true,"href":"https:\/\/www.bellunopress.it\/fr\/wp-json\/wp\/v2\/categories?post=153433"},{"taxonomy":"post_tag","embeddable":true,"href":"https:\/\/www.bellunopress.it\/fr\/wp-json\/wp\/v2\/tags?post=153433"}],"curies":[{"name":"wp","href":"https:\/\/api.w.org\/{rel}","templated":true}]}}