{"id":153431,"date":"2024-08-23T18:36:27","date_gmt":"2024-08-23T16:36:27","guid":{"rendered":"https:\/\/www.bellunopress.it\/?p=153431"},"modified":"2024-08-23T18:36:27","modified_gmt":"2024-08-23T16:36:27","slug":"santa-giustina-il-sindaco-informa-di-ivan-minella","status":"publish","type":"post","link":"https:\/\/www.bellunopress.it\/fr\/2024\/08\/23\/santa-giustina-il-sindaco-informa-di-ivan-minella\/","title":{"rendered":"Santa Giustina, il sindaco informa  *di Ivan Minella"},"content":{"rendered":"<figure id=\"attachment_150296\" aria-describedby=\"caption-attachment-150296\" style=\"width: 1000px\" class=\"wp-caption aligncenter\"><img loading=\"lazy\" decoding=\"async\" class=\"size-full wp-image-150296\" src=\"https:\/\/www.bellunopress.it\/wp-content\/uploads\/2024\/04\/Ivan-Minella-sindaco-Santa-Giustina-1.jpg\" alt=\"\" width=\"1000\" height=\"984\" srcset=\"https:\/\/www.bellunopress.it\/wp-content\/uploads\/2024\/04\/Ivan-Minella-sindaco-Santa-Giustina-1.jpg 1000w, https:\/\/www.bellunopress.it\/wp-content\/uploads\/2024\/04\/Ivan-Minella-sindaco-Santa-Giustina-1-500x492.jpg 500w, https:\/\/www.bellunopress.it\/wp-content\/uploads\/2024\/04\/Ivan-Minella-sindaco-Santa-Giustina-1-427x420.jpg 427w, https:\/\/www.bellunopress.it\/wp-content\/uploads\/2024\/04\/Ivan-Minella-sindaco-Santa-Giustina-1-696x685.jpg 696w\" sizes=\"auto, (max-width: 1000px) 100vw, 1000px\" \/><figcaption id=\"caption-attachment-150296\" class=\"wp-caption-text\">Ivan Minella, sindaco di Santa Giustina<\/figcaption><\/figure>\n<p>Cari concittadini,<br \/>\nsono mesi intensi sul fronte delle opere pubbliche per il nostro territorio. Molti cantieri sono in corso e altri verranno aperti nelle prossime settimane.<br \/>\nSono interventi pensati per migliorare i servizi, la sicurezza e la qualit\u00e0 della vita delle nostre comunit\u00e0, in parte finanziati da fondi comunali e in parte da fondi esterni come il PNRR.<\/p>\n<p>Di seguito un breve sunto delle opere concluse, di quelle in corso e di quelle il cui inizio vedrete a breve.<\/p>\n<p>Campo da calcio sintetico di via Pulliere. L\u2019opera \u00e8 quasi terminata. Nelle prossime settimane saranno completate le finiture alle aree esterne al campo da gioco e sono previsti anche interventi di asfaltature in loco, che saranno parte del pi\u00f9 ampio piano di asfaltature che partir\u00e0 in autunno e per il quale verranno investiti 150 mila euro.<br \/>\nIl rinnovo del campo da calcio \u00e8 un&#8217;opera pensata per offrire ai nostri ragazzi un luogo sicuro e pi\u00f9 moderno dove poter praticare sport. Intervento finanziato con fondi comunali per 750000\u20ac.<\/p>\n<p>Rio Morol. I lavori di messa in sicurezza idrogeologica del torrente Morol e dell&#8217;abitato di Callibago sono iniziati oltre un mese fa. Sono in via di realizzazione i muraglioni di difesa e le briglie fluviali. Opera finanziata con fondi PNRR, importo complessivo 350 mila euro.<\/p>\n<p>Via dell\u2019acqua a Casabellata. A settembre prenderanno il via i lavori per la realizzazione del nuovo sentiero di collegamento tra via Mas e il centro di Santa Giustina.<br \/>\nIl progetto di valorizzazione del nostro bel percorso tra le rogge prevede anche la sistemazione di un importante tratto di tracciato, quello che dall\u2019Ostello Altanon prosegue verso nord, con la posa della cartellonistica, della sistemazione del fondo e dei parapetti. Questo sentiero sar\u00e0 un luogo dove tutti noi potremo camminare, rilassarci e riconnetterci con la natura. Opera finanziata con fondi del Parco Nazionale Dolomiti Bellunesi, importo complessivo 60 mila euro.<br \/>\nLa realizzazione del nuovo tratto di Casabellata, invece, \u00e8 finanziata con fondi comunali per un importo complessivo di 50.000 euro.<\/p>\n<p>Sala Polifunzionale. Il cantiere procede senza intoppi, il termine delle opere appaltate \u00e8 previsto per la fine dell\u2019anno in corso.<br \/>\nE\u2019 stata completata la parte strutturale dell\u2019edificio e ora si stanno predisponendo gli impianti e i rivestimenti esterni. Presto avremo un nuovo spazio dove la nostra comunit\u00e0 potr\u00e0 riunirsi, condividere arte e musica, e crescere insieme. Uno spazio che avr\u00e0 una valenza sovra comunale, pensato per offrire al territorio momenti di aggregazione e per diventare punto di riferimento a livello provinciale e non solo.<br \/>\nOpera finanziata per 2 milioni 800 mila euro dai Fondi di confine e per 1 milione 500 mila euro da fondi comunali.<br \/>\nAtteso nei prossimi mesi il decreto di assegnazione da parte del Fondo di ulteriori 920 mila euro per completamento lavori.<\/p>\n<p>Scuola primaria di Meano. Terminati i lavori per la messa in sicurezza sismica dell\u2019edificio. Questo significa che i nostri bambini potranno tornare in aula a settembre, in una scuola sicura e accogliente.<br \/>\nTermineranno nei prossimi mesi, invece, gli interventi alla mensa e alla palestrina adiacenti il corpo principale. Lo slittamento della consegna lavori \u00e8 stato causato da ulteriori interventi agli impianti resisi necessari in corso d\u2019opera. Il servizio mensa sar\u00e0 attivato quanto prima nel nuovo edificio, non appena torner\u00e0 agibile.<br \/>\nL\u2019edificio \u00e8 stato dotato anche di un nuovo ascensore.<br \/>\nOpera finanziata con fondi PNRR e fondi comunali, importo complessivo 700 mila euro.<\/p>\n<p>Piscina comunale. Terminati i lavori di isolamento termico della segreteria\/ingresso e della sala conferenze. Questi interventi ci permetteranno di utilizzare questi spazi in modo pi\u00f9 efficiente, riducendo i costi e migliorando il comfort per tutti.<br \/>\nOpera finanziata con fondi comunali, importo complessivo 160 mila euro.<\/p>\n<p>Questi sono i principali cantieri in corso e di prossima apertura nel nostro territorio. Nell&#8217;ottica di favorire il pi\u00f9 possibile la partecipazione attiva alla vita amministrativa del Comune e di alimentare un dialogo continuo con il territorio e le comunit\u00e0, non mancher\u00f2 di aggiornare con regolarit\u00e0, da qui in avanti, sull&#8217;avanzamento delle opere pubbliche e sull\u2019attivit\u00e0 tutta di questa Amministrazione.<\/p>\n<p>Ivan Minella &#8211; Sindaco di Santa Giustina<\/p>","protected":false},"excerpt":{"rendered":"<p>Cari concittadini, sono mesi intensi sul fronte delle opere pubbliche per il nostro territorio. Molti cantieri sono in corso e altri verranno aperti nelle prossime settimane. Sono interventi pensati per migliorare i servizi, la sicurezza e la qualit\u00e0 della vita delle nostre comunit\u00e0, in parte finanziati da fondi comunali e in parte da fondi esterni [&hellip;]<\/p>\n","protected":false},"author":2,"featured_media":150296,"comment_status":"closed","ping_status":"open","sticky":false,"template":"","format":"standard","meta":{"footnotes":""},"categories":[5,26],"tags":[],"class_list":["post-153431","post","type-post","status-publish","format-standard","has-post-thumbnail","category-cronaca","category-prima-pagina"],"yoast_head":"<!-- This site is optimized with the Yoast SEO plugin v28.4 - https:\/\/yoast.com\/product\/yoast-seo-wordpress\/ -->\n<title>Santa Giustina, il sindaco informa *di Ivan Minella - Bellunopress - Dolomiti<\/title>\n<meta name=\"robots\" content=\"index, follow, max-snippet:-1, max-image-preview:large, max-video-preview:-1\" \/>\n<link rel=\"canonical\" href=\"https:\/\/www.bellunopress.it\/fr\/2024\/08\/23\/santa-giustina-il-sindaco-informa-di-ivan-minella\/\" \/>\n<meta property=\"og:locale\" content=\"fr_FR\" \/>\n<meta property=\"og:type\" content=\"article\" \/>\n<meta property=\"og:title\" content=\"Santa Giustina, il sindaco informa *di Ivan Minella - Bellunopress - Dolomiti\" \/>\n<meta property=\"og:description\" content=\"Cari concittadini, sono mesi intensi sul fronte delle opere pubbliche per il nostro territorio. Molti cantieri sono in corso e altri verranno aperti nelle prossime settimane. Sono interventi pensati per migliorare i servizi, la sicurezza e la qualit\u00e0 della vita delle nostre comunit\u00e0, in parte finanziati da fondi comunali e in parte da fondi esterni [&hellip;]\" \/>\n<meta property=\"og:url\" content=\"https:\/\/www.bellunopress.it\/fr\/2024\/08\/23\/santa-giustina-il-sindaco-informa-di-ivan-minella\/\" \/>\n<meta property=\"og:site_name\" content=\"Bellunopress - Dolomiti\" \/>\n<meta property=\"article:publisher\" content=\"https:\/\/www.facebook.com\/profile.php?id=100008943462799\" \/>\n<meta property=\"article:published_time\" content=\"2024-08-23T16:36:27+00:00\" \/>\n<meta property=\"og:image\" content=\"https:\/\/www.bellunopress.it\/wp-content\/uploads\/2024\/04\/Ivan-Minella-sindaco-Santa-Giustina-1.jpg\" \/>\n\t<meta property=\"og:image:width\" content=\"1000\" \/>\n\t<meta property=\"og:image:height\" content=\"984\" \/>\n\t<meta property=\"og:image:type\" content=\"image\/jpeg\" \/>\n<meta name=\"author\" content=\"redazione\" \/>\n<meta name=\"twitter:card\" content=\"summary_large_image\" \/>\n<meta name=\"twitter:creator\" content=\"@bellunopress\" \/>\n<meta name=\"twitter:site\" content=\"@bellunopress\" \/>\n<meta name=\"twitter:label1\" content=\"\u00c9crit par\" \/>\n\t<meta name=\"twitter:data1\" content=\"redazione\" \/>\n\t<meta name=\"twitter:label2\" content=\"Dur\u00e9e de lecture estim\u00e9e\" \/>\n\t<meta name=\"twitter:data2\" content=\"3 minutes\" \/>\n<script type=\"application\/ld+json\" class=\"yoast-schema-graph\">{\"@context\":\"https:\\\/\\\/schema.org\",\"@graph\":[{\"@type\":\"Article\",\"@id\":\"https:\\\/\\\/www.bellunopress.it\\\/2024\\\/08\\\/23\\\/santa-giustina-il-sindaco-informa-di-ivan-minella\\\/#article\",\"isPartOf\":{\"@id\":\"https:\\\/\\\/www.bellunopress.it\\\/2024\\\/08\\\/23\\\/santa-giustina-il-sindaco-informa-di-ivan-minella\\\/\"},\"author\":{\"name\":\"redazione\",\"@id\":\"https:\\\/\\\/www.bellunopress.it\\\/#\\\/schema\\\/person\\\/79bb06722b37ece1c03d3e94beb30d73\"},\"headline\":\"Santa Giustina, il sindaco informa *di Ivan Minella\",\"datePublished\":\"2024-08-23T16:36:27+00:00\",\"mainEntityOfPage\":{\"@id\":\"https:\\\/\\\/www.bellunopress.it\\\/2024\\\/08\\\/23\\\/santa-giustina-il-sindaco-informa-di-ivan-minella\\\/\"},\"wordCount\":686,\"publisher\":{\"@id\":\"https:\\\/\\\/www.bellunopress.it\\\/#organization\"},\"image\":{\"@id\":\"https:\\\/\\\/www.bellunopress.it\\\/2024\\\/08\\\/23\\\/santa-giustina-il-sindaco-informa-di-ivan-minella\\\/#primaryimage\"},\"thumbnailUrl\":\"https:\\\/\\\/www.bellunopress.it\\\/wp-content\\\/uploads\\\/2024\\\/04\\\/Ivan-Minella-sindaco-Santa-Giustina-1.jpg\",\"articleSection\":[\"Cronaca\\\/Politica\",\"Prima Pagina\"],\"inLanguage\":\"fr-FR\"},{\"@type\":\"WebPage\",\"@id\":\"https:\\\/\\\/www.bellunopress.it\\\/2024\\\/08\\\/23\\\/santa-giustina-il-sindaco-informa-di-ivan-minella\\\/\",\"url\":\"https:\\\/\\\/www.bellunopress.it\\\/2024\\\/08\\\/23\\\/santa-giustina-il-sindaco-informa-di-ivan-minella\\\/\",\"name\":\"Santa Giustina, il sindaco informa *di Ivan Minella - Bellunopress - Dolomiti\",\"isPartOf\":{\"@id\":\"https:\\\/\\\/www.bellunopress.it\\\/#website\"},\"primaryImageOfPage\":{\"@id\":\"https:\\\/\\\/www.bellunopress.it\\\/2024\\\/08\\\/23\\\/santa-giustina-il-sindaco-informa-di-ivan-minella\\\/#primaryimage\"},\"image\":{\"@id\":\"https:\\\/\\\/www.bellunopress.it\\\/2024\\\/08\\\/23\\\/santa-giustina-il-sindaco-informa-di-ivan-minella\\\/#primaryimage\"},\"thumbnailUrl\":\"https:\\\/\\\/www.bellunopress.it\\\/wp-content\\\/uploads\\\/2024\\\/04\\\/Ivan-Minella-sindaco-Santa-Giustina-1.jpg\",\"datePublished\":\"2024-08-23T16:36:27+00:00\",\"breadcrumb\":{\"@id\":\"https:\\\/\\\/www.bellunopress.it\\\/2024\\\/08\\\/23\\\/santa-giustina-il-sindaco-informa-di-ivan-minella\\\/#breadcrumb\"},\"inLanguage\":\"fr-FR\",\"potentialAction\":[{\"@type\":\"ReadAction\",\"target\":[\"https:\\\/\\\/www.bellunopress.it\\\/2024\\\/08\\\/23\\\/santa-giustina-il-sindaco-informa-di-ivan-minella\\\/\"]}]},{\"@type\":\"ImageObject\",\"inLanguage\":\"fr-FR\",\"@id\":\"https:\\\/\\\/www.bellunopress.it\\\/2024\\\/08\\\/23\\\/santa-giustina-il-sindaco-informa-di-ivan-minella\\\/#primaryimage\",\"url\":\"https:\\\/\\\/www.bellunopress.it\\\/wp-content\\\/uploads\\\/2024\\\/04\\\/Ivan-Minella-sindaco-Santa-Giustina-1.jpg\",\"contentUrl\":\"https:\\\/\\\/www.bellunopress.it\\\/wp-content\\\/uploads\\\/2024\\\/04\\\/Ivan-Minella-sindaco-Santa-Giustina-1.jpg\",\"width\":1000,\"height\":984,\"caption\":\"Ivan Minella, sindaco di Santa Giustina\"},{\"@type\":\"BreadcrumbList\",\"@id\":\"https:\\\/\\\/www.bellunopress.it\\\/2024\\\/08\\\/23\\\/santa-giustina-il-sindaco-informa-di-ivan-minella\\\/#breadcrumb\",\"itemListElement\":[{\"@type\":\"ListItem\",\"position\":1,\"name\":\"Home\",\"item\":\"https:\\\/\\\/www.bellunopress.it\\\/\"},{\"@type\":\"ListItem\",\"position\":2,\"name\":\"Santa Giustina, il sindaco informa *di Ivan Minella\"}]},{\"@type\":\"WebSite\",\"@id\":\"https:\\\/\\\/www.bellunopress.it\\\/#website\",\"url\":\"https:\\\/\\\/www.bellunopress.it\\\/\",\"name\":\"Bellunopress - Dolomiti\",\"description\":\"e-mail: redazione@bellunopress.it\",\"publisher\":{\"@id\":\"https:\\\/\\\/www.bellunopress.it\\\/#organization\"},\"potentialAction\":[{\"@type\":\"SearchAction\",\"target\":{\"@type\":\"EntryPoint\",\"urlTemplate\":\"https:\\\/\\\/www.bellunopress.it\\\/?s={search_term_string}\"},\"query-input\":{\"@type\":\"PropertyValueSpecification\",\"valueRequired\":true,\"valueName\":\"search_term_string\"}}],\"inLanguage\":\"fr-FR\"},{\"@type\":\"Organization\",\"@id\":\"https:\\\/\\\/www.bellunopress.it\\\/#organization\",\"name\":\"Bellunopress\",\"url\":\"https:\\\/\\\/www.bellunopress.it\\\/\",\"logo\":{\"@type\":\"ImageObject\",\"inLanguage\":\"fr-FR\",\"@id\":\"https:\\\/\\\/www.bellunopress.it\\\/#\\\/schema\\\/logo\\\/image\\\/\",\"url\":\"https:\\\/\\\/www.bellunopress.it\\\/wp-content\\\/uploads\\\/2011\\\/05\\\/cropped-logo-bellunopress-.jpg\",\"contentUrl\":\"https:\\\/\\\/www.bellunopress.it\\\/wp-content\\\/uploads\\\/2011\\\/05\\\/cropped-logo-bellunopress-.jpg\",\"width\":512,\"height\":512,\"caption\":\"Bellunopress\"},\"image\":{\"@id\":\"https:\\\/\\\/www.bellunopress.it\\\/#\\\/schema\\\/logo\\\/image\\\/\"},\"sameAs\":[\"https:\\\/\\\/www.facebook.com\\\/profile.php?id=100008943462799\",\"https:\\\/\\\/x.com\\\/bellunopress\",\"https:\\\/\\\/www.linkedin.com\\\/hp\\\/?dnr=JBzUWaJfMUw8vbXJJ2tVW5-I3jZKvC4wsoxE&amp;amp;amp;amp;amp;amp;trk=nav_responsive_tab_home\",\"https:\\\/\\\/www.youtube.com\\\/channel\\\/UCxL0wu1uN0_3_7hGG0306cw\"]},{\"@type\":\"Person\",\"@id\":\"https:\\\/\\\/www.bellunopress.it\\\/#\\\/schema\\\/person\\\/79bb06722b37ece1c03d3e94beb30d73\",\"name\":\"redazione\",\"image\":{\"@type\":\"ImageObject\",\"inLanguage\":\"fr-FR\",\"@id\":\"https:\\\/\\\/secure.gravatar.com\\\/avatar\\\/37d968a2e67a6fd04c169c4bdef102d0bc5d31b2546345219e348575eb80e9a0?s=96&d=mm&r=g\",\"url\":\"https:\\\/\\\/secure.gravatar.com\\\/avatar\\\/37d968a2e67a6fd04c169c4bdef102d0bc5d31b2546345219e348575eb80e9a0?s=96&d=mm&r=g\",\"contentUrl\":\"https:\\\/\\\/secure.gravatar.com\\\/avatar\\\/37d968a2e67a6fd04c169c4bdef102d0bc5d31b2546345219e348575eb80e9a0?s=96&d=mm&r=g\",\"caption\":\"redazione\"},\"sameAs\":[\"http:\\\/\\\/www.bellunopress.it\",\"https:\\\/\\\/x.com\\\/bellunopress\"],\"url\":\"https:\\\/\\\/www.bellunopress.it\\\/fr\\\/author\\\/redazione\\\/\"}]}<\/script>\n<!-- \/ Yoast SEO plugin. -->","yoast_head_json":{"title":"Santa Giustina, il sindaco informa *di Ivan Minella - Bellunopress - Dolomiti","robots":{"index":"index","follow":"follow","max-snippet":"max-snippet:-1","max-image-preview":"max-image-preview:large","max-video-preview":"max-video-preview:-1"},"canonical":"https:\/\/www.bellunopress.it\/fr\/2024\/08\/23\/santa-giustina-il-sindaco-informa-di-ivan-minella\/","og_locale":"fr_FR","og_type":"article","og_title":"Santa Giustina, il sindaco informa *di Ivan Minella - Bellunopress - Dolomiti","og_description":"Cari concittadini, sono mesi intensi sul fronte delle opere pubbliche per il nostro territorio. Molti cantieri sono in corso e altri verranno aperti nelle prossime settimane. Sono interventi pensati per migliorare i servizi, la sicurezza e la qualit\u00e0 della vita delle nostre comunit\u00e0, in parte finanziati da fondi comunali e in parte da fondi esterni [&hellip;]","og_url":"https:\/\/www.bellunopress.it\/fr\/2024\/08\/23\/santa-giustina-il-sindaco-informa-di-ivan-minella\/","og_site_name":"Bellunopress - Dolomiti","article_publisher":"https:\/\/www.facebook.com\/profile.php?id=100008943462799","article_published_time":"2024-08-23T16:36:27+00:00","og_image":[{"width":1000,"height":984,"url":"https:\/\/www.bellunopress.it\/wp-content\/uploads\/2024\/04\/Ivan-Minella-sindaco-Santa-Giustina-1.jpg","type":"image\/jpeg"}],"author":"redazione","twitter_card":"summary_large_image","twitter_creator":"@bellunopress","twitter_site":"@bellunopress","twitter_misc":{"\u00c9crit par":"redazione","Dur\u00e9e de lecture estim\u00e9e":"3 minutes"},"schema":{"@context":"https:\/\/schema.org","@graph":[{"@type":"Article","@id":"https:\/\/www.bellunopress.it\/2024\/08\/23\/santa-giustina-il-sindaco-informa-di-ivan-minella\/#article","isPartOf":{"@id":"https:\/\/www.bellunopress.it\/2024\/08\/23\/santa-giustina-il-sindaco-informa-di-ivan-minella\/"},"author":{"name":"redazione","@id":"https:\/\/www.bellunopress.it\/#\/schema\/person\/79bb06722b37ece1c03d3e94beb30d73"},"headline":"Santa Giustina, il sindaco informa *di Ivan Minella","datePublished":"2024-08-23T16:36:27+00:00","mainEntityOfPage":{"@id":"https:\/\/www.bellunopress.it\/2024\/08\/23\/santa-giustina-il-sindaco-informa-di-ivan-minella\/"},"wordCount":686,"publisher":{"@id":"https:\/\/www.bellunopress.it\/#organization"},"image":{"@id":"https:\/\/www.bellunopress.it\/2024\/08\/23\/santa-giustina-il-sindaco-informa-di-ivan-minella\/#primaryimage"},"thumbnailUrl":"https:\/\/www.bellunopress.it\/wp-content\/uploads\/2024\/04\/Ivan-Minella-sindaco-Santa-Giustina-1.jpg","articleSection":["Cronaca\/Politica","Prima Pagina"],"inLanguage":"fr-FR"},{"@type":"WebPage","@id":"https:\/\/www.bellunopress.it\/2024\/08\/23\/santa-giustina-il-sindaco-informa-di-ivan-minella\/","url":"https:\/\/www.bellunopress.it\/2024\/08\/23\/santa-giustina-il-sindaco-informa-di-ivan-minella\/","name":"Santa Giustina, il sindaco informa *di Ivan Minella - Bellunopress - Dolomiti","isPartOf":{"@id":"https:\/\/www.bellunopress.it\/#website"},"primaryImageOfPage":{"@id":"https:\/\/www.bellunopress.it\/2024\/08\/23\/santa-giustina-il-sindaco-informa-di-ivan-minella\/#primaryimage"},"image":{"@id":"https:\/\/www.bellunopress.it\/2024\/08\/23\/santa-giustina-il-sindaco-informa-di-ivan-minella\/#primaryimage"},"thumbnailUrl":"https:\/\/www.bellunopress.it\/wp-content\/uploads\/2024\/04\/Ivan-Minella-sindaco-Santa-Giustina-1.jpg","datePublished":"2024-08-23T16:36:27+00:00","breadcrumb":{"@id":"https:\/\/www.bellunopress.it\/2024\/08\/23\/santa-giustina-il-sindaco-informa-di-ivan-minella\/#breadcrumb"},"inLanguage":"fr-FR","potentialAction":[{"@type":"ReadAction","target":["https:\/\/www.bellunopress.it\/2024\/08\/23\/santa-giustina-il-sindaco-informa-di-ivan-minella\/"]}]},{"@type":"ImageObject","inLanguage":"fr-FR","@id":"https:\/\/www.bellunopress.it\/2024\/08\/23\/santa-giustina-il-sindaco-informa-di-ivan-minella\/#primaryimage","url":"https:\/\/www.bellunopress.it\/wp-content\/uploads\/2024\/04\/Ivan-Minella-sindaco-Santa-Giustina-1.jpg","contentUrl":"https:\/\/www.bellunopress.it\/wp-content\/uploads\/2024\/04\/Ivan-Minella-sindaco-Santa-Giustina-1.jpg","width":1000,"height":984,"caption":"Ivan Minella, sindaco di Santa Giustina"},{"@type":"BreadcrumbList","@id":"https:\/\/www.bellunopress.it\/2024\/08\/23\/santa-giustina-il-sindaco-informa-di-ivan-minella\/#breadcrumb","itemListElement":[{"@type":"ListItem","position":1,"name":"Home","item":"https:\/\/www.bellunopress.it\/"},{"@type":"ListItem","position":2,"name":"Santa Giustina, il sindaco informa *di Ivan Minella"}]},{"@type":"WebSite","@id":"https:\/\/www.bellunopress.it\/#website","url":"https:\/\/www.bellunopress.it\/","name":"Bellunopress - Dolomiti","description":"e-mail: redazione@bellunopress.it","publisher":{"@id":"https:\/\/www.bellunopress.it\/#organization"},"potentialAction":[{"@type":"SearchAction","target":{"@type":"EntryPoint","urlTemplate":"https:\/\/www.bellunopress.it\/?s={search_term_string}"},"query-input":{"@type":"PropertyValueSpecification","valueRequired":true,"valueName":"search_term_string"}}],"inLanguage":"fr-FR"},{"@type":"Organization","@id":"https:\/\/www.bellunopress.it\/#organization","name":"Bellunopress","url":"https:\/\/www.bellunopress.it\/","logo":{"@type":"ImageObject","inLanguage":"fr-FR","@id":"https:\/\/www.bellunopress.it\/#\/schema\/logo\/image\/","url":"https:\/\/www.bellunopress.it\/wp-content\/uploads\/2011\/05\/cropped-logo-bellunopress-.jpg","contentUrl":"https:\/\/www.bellunopress.it\/wp-content\/uploads\/2011\/05\/cropped-logo-bellunopress-.jpg","width":512,"height":512,"caption":"Bellunopress"},"image":{"@id":"https:\/\/www.bellunopress.it\/#\/schema\/logo\/image\/"},"sameAs":["https:\/\/www.facebook.com\/profile.php?id=100008943462799","https:\/\/x.com\/bellunopress","https:\/\/www.linkedin.com\/hp\/?dnr=JBzUWaJfMUw8vbXJJ2tVW5-I3jZKvC4wsoxE&amp;amp;amp;amp;amp;amp;trk=nav_responsive_tab_home","https:\/\/www.youtube.com\/channel\/UCxL0wu1uN0_3_7hGG0306cw"]},{"@type":"Person","@id":"https:\/\/www.bellunopress.it\/#\/schema\/person\/79bb06722b37ece1c03d3e94beb30d73","name":"r\u00e9daction","image":{"@type":"ImageObject","inLanguage":"fr-FR","@id":"https:\/\/secure.gravatar.com\/avatar\/37d968a2e67a6fd04c169c4bdef102d0bc5d31b2546345219e348575eb80e9a0?s=96&d=mm&r=g","url":"https:\/\/secure.gravatar.com\/avatar\/37d968a2e67a6fd04c169c4bdef102d0bc5d31b2546345219e348575eb80e9a0?s=96&d=mm&r=g","contentUrl":"https:\/\/secure.gravatar.com\/avatar\/37d968a2e67a6fd04c169c4bdef102d0bc5d31b2546345219e348575eb80e9a0?s=96&d=mm&r=g","caption":"redazione"},"sameAs":["http:\/\/www.bellunopress.it","https:\/\/x.com\/bellunopress"],"url":"https:\/\/www.bellunopress.it\/fr\/author\/redazione\/"}]}},"_links":{"self":[{"href":"https:\/\/www.bellunopress.it\/fr\/wp-json\/wp\/v2\/posts\/153431","targetHints":{"allow":["GET"]}}],"collection":[{"href":"https:\/\/www.bellunopress.it\/fr\/wp-json\/wp\/v2\/posts"}],"about":[{"href":"https:\/\/www.bellunopress.it\/fr\/wp-json\/wp\/v2\/types\/post"}],"author":[{"embeddable":true,"href":"https:\/\/www.bellunopress.it\/fr\/wp-json\/wp\/v2\/users\/2"}],"replies":[{"embeddable":true,"href":"https:\/\/www.bellunopress.it\/fr\/wp-json\/wp\/v2\/comments?post=153431"}],"version-history":[{"count":1,"href":"https:\/\/www.bellunopress.it\/fr\/wp-json\/wp\/v2\/posts\/153431\/revisions"}],"predecessor-version":[{"id":153432,"href":"https:\/\/www.bellunopress.it\/fr\/wp-json\/wp\/v2\/posts\/153431\/revisions\/153432"}],"wp:featuredmedia":[{"embeddable":true,"href":"https:\/\/www.bellunopress.it\/fr\/wp-json\/wp\/v2\/media\/150296"}],"wp:attachment":[{"href":"https:\/\/www.bellunopress.it\/fr\/wp-json\/wp\/v2\/media?parent=153431"}],"wp:term":[{"taxonomy":"category","embeddable":true,"href":"https:\/\/www.bellunopress.it\/fr\/wp-json\/wp\/v2\/categories?post=153431"},{"taxonomy":"post_tag","embeddable":true,"href":"https:\/\/www.bellunopress.it\/fr\/wp-json\/wp\/v2\/tags?post=153431"}],"curies":[{"name":"wp","href":"https:\/\/api.w.org\/{rel}","templated":true}]}}