{"id":153423,"date":"2024-08-23T17:35:38","date_gmt":"2024-08-23T15:35:38","guid":{"rendered":"https:\/\/www.bellunopress.it\/?p=153423"},"modified":"2024-08-23T17:35:38","modified_gmt":"2024-08-23T15:35:38","slug":"a-feltre-cantanti-lirici-da-tutto-il-mondo-per-il-corso-intensivo-dellaccademia-londinese","status":"publish","type":"post","link":"https:\/\/www.bellunopress.it\/fr\/2024\/08\/23\/a-feltre-cantanti-lirici-da-tutto-il-mondo-per-il-corso-intensivo-dellaccademia-londinese\/","title":{"rendered":"A Feltre cantanti lirici da tutto il mondo per il corso intensivo dell&#8217;Accademia londinese"},"content":{"rendered":"<p><img loading=\"lazy\" decoding=\"async\" class=\"aligncenter size-full wp-image-145224\" src=\"https:\/\/www.bellunopress.it\/wp-content\/uploads\/2023\/10\/concerto-Danilo-Rea-Unisono.jpg\" alt=\"\" width=\"1000\" height=\"750\" srcset=\"https:\/\/www.bellunopress.it\/wp-content\/uploads\/2023\/10\/concerto-Danilo-Rea-Unisono.jpg 1000w, https:\/\/www.bellunopress.it\/wp-content\/uploads\/2023\/10\/concerto-Danilo-Rea-Unisono-500x375.jpg 500w, https:\/\/www.bellunopress.it\/wp-content\/uploads\/2023\/10\/concerto-Danilo-Rea-Unisono-696x522.jpg 696w\" sizes=\"auto, (max-width: 1000px) 100vw, 1000px\" \/>VOX Integra ha scelto ancora una volta Feltre. La prestigiosa accademia londinese di canto lirico ha rinnovato la sua collaborazione con il Centro di Musica Unisono e con la Scuola comunale di musica F. Sandi per l&#8217;edizione 2024 di &#8220;Staged Opera Scenes&#8221;, la masterclass di alta formazione che per 10 giorni, da oggi 23 agosto a domenica primo settembre, porta a Feltre cantanti da tutto il mondo. Sono 16 gli iscritti quest&#8217;anno, provenienti dagli Stati Uniti, Hong Kong, Svizzera, Regno Unito e Portogallo, tutti di et\u00e0 superiore ai vent&#8217;anni e con diversi livelli di formazione.<\/p>\n<p>Nella dieci giorni di lezioni intensive al via oggi tra gli spazi di Palazzo Guarnieri, sede di Unisono, e le aule della Sandi, sono previsti anche momenti aperti al pubblico, occasioni per partecipare a lezioni gratuite con insegnanti di grande fama e concerti tenuti dai partecipanti alla masterclass.<\/p>\n<p>Da oggi e fino al primo settembre Feltre sar\u00e0 dunque il punto di ritrovo di cantanti che soggiorneranno nella Cittadella arrivando da tante parti del mondo per migliorare la propria preparazione immergendosi a fondo nella cultura italiana.<\/p>\n<p><strong>Gli appuntamenti dei prossimi giorni<\/strong><\/p>\n<p>Luned\u00ec 26 agosto dalle 17 alle 20.15 Masterclass sul repertorio italiano con Matteo Dalle Fratte, coach linguistico e autore del metodo Melofonetica. Ingresso gratuito<\/p>\n<p>Gioved\u00ec 29 agosto dalle 17 alle 20.15 Masterclass di alto perfezionamento in canto lirico con Theresa Goble mezzo soprano, docente alla Guildhall School of Music and Drama di Londra e direttrice di VOX Integra. Ingresso gratuito.<\/p>\n<p>Venerd\u00ec 30 agosto e sabato 31 agosto dalle 20.30 Concerto. Scene d&#8217;opera con le musiche dei grandi compositori di opere liriche italiane come Puccini, Donizetti, Rossini, Verdi e Mozart, con i partecipanti del corso. Direttore musicale David Lawrence, regia Beverley Worboys.<\/p>\n<p><strong>I commenti<\/strong><\/p>\n<p>&#8220;Per un cantante lirico entrare in contatto con l&#8217;architettura, la storia, la bellezza e la tradizione italiane in senso ampio \u00e8 estremamente importante \u2013 commenta Theresa Goble, direttrice di VOX Integra -. Da sei anni veniamo a Feltre perch\u00e9 qui i musicisti riescono a trovare il perfetto connubio tra musica italiana, cultura, bella, cittadina antica, storia e natura. Si tratta di un incontro tra cantanti che vogliono migliorare e che provengono da formazioni diverse, ci sono professionisti accanto a chi sta studiando da pochi anni, l&#8217;idea \u00e8 anche quella che il gruppo si aiuta e si supporta&#8221;.<\/p>\n<p>&#8220;Per la citt\u00e0 di Feltre &#8211; dichiara l&#8217;assessore del Comune di Feltre Claudio Dalla Palma &#8211; questa iniziativa \u00e8 motivo di grande orgoglio, abbiamo modo di far conoscere la nostra cittadina a tante persone interessate alla cultura italiana e che qui trovano un ambiente perfetto per la loro formazione. Ci rende particolarmente felici che questa opportunit\u00e0 nasca dalla collaborazione tra due realt\u00e0 del nostro territorio, l&#8217;Unisono e la scuola comunale Sandi, che offrono un servizio importante tutto l&#8217;anno avvicinandomi giovani e adulti alla musica&#8221;.<\/p>\n<p>&#8220;Per il secondo anno collaboriamo con la Sandi nel portare a Feltre VOX Integra &#8211; sottolinea Nicol\u00f2 Ferrari Bravo, direttore artistico del Centro di musica Unisono &#8211; un&#8217;occasione importante per i musicisti del nostro territorio per entrare in contatto con insegnanti di fama mondiale partecipando a lezioni gratuite ma anche un modo per Feltre per farsi ulteriormente conoscere come cittadina di arte, storia e cultura da turisti proveniente da tutto il mondo. Per l&#8217;Unisono questa \u00e8 la sesta edizione con l&#8217;Accademia londinese e contiamo ce ne siano ancora tante altre per radicare sempre di pi\u00f9 questa rassegna in provincia&#8221;.<\/p>\n<p>&#8220;Una partnership, quella con VOX Integra, che per noi \u00e8 fonte di grande orgoglio &#8211; commenta il presidente dell&#8217;Associazione Feltre Musica Scuola comunale di Musica &#8220;F. Sandi&#8221; Fabrizio Tamburlin &#8211; perch\u00e9 da respiro internazionale alla formazione che noi e Unisono ci impegniamo a portare avanti da anni, tutto l&#8217;anno, con i giovani e le famiglie del nostro territorio&#8221;.<\/p>\n<p>Per informazioni e prenotazioni alle serata il numero da chiamare \u00e8 il 388 7884850<\/p>","protected":false},"excerpt":{"rendered":"<p>VOX Integra ha scelto ancora una volta Feltre. La prestigiosa accademia londinese di canto lirico ha rinnovato la sua collaborazione con il Centro di Musica Unisono e con la Scuola comunale di musica F. Sandi per l&#8217;edizione 2024 di &#8220;Staged Opera Scenes&#8221;, la masterclass di alta formazione che per 10 giorni, da oggi 23 agosto [&hellip;]<\/p>\n","protected":false},"author":2,"featured_media":133083,"comment_status":"closed","ping_status":"open","sticky":false,"template":"","format":"standard","meta":{"footnotes":""},"categories":[27,3,25],"tags":[],"class_list":["post-153423","post","type-post","status-publish","format-standard","has-post-thumbnail","category-appuntamenti","category-arte-cultura-spettacoli-scienza-archivi","category-pausa-caffe"],"yoast_head":"<!-- This site is optimized with the Yoast SEO plugin v28.4 - https:\/\/yoast.com\/product\/yoast-seo-wordpress\/ -->\n<title>A Feltre cantanti lirici da tutto il mondo per il corso intensivo dell&#039;Accademia londinese - Bellunopress - Dolomiti<\/title>\n<meta name=\"robots\" content=\"index, follow, max-snippet:-1, max-image-preview:large, max-video-preview:-1\" \/>\n<link rel=\"canonical\" href=\"https:\/\/www.bellunopress.it\/fr\/2024\/08\/23\/a-feltre-cantanti-lirici-da-tutto-il-mondo-per-il-corso-intensivo-dellaccademia-londinese\/\" \/>\n<meta property=\"og:locale\" content=\"fr_FR\" \/>\n<meta property=\"og:type\" content=\"article\" \/>\n<meta property=\"og:title\" content=\"A Feltre cantanti lirici da tutto il mondo per il corso intensivo dell&#039;Accademia londinese - Bellunopress - Dolomiti\" \/>\n<meta property=\"og:description\" content=\"VOX Integra ha scelto ancora una volta Feltre. La prestigiosa accademia londinese di canto lirico ha rinnovato la sua collaborazione con il Centro di Musica Unisono e con la Scuola comunale di musica F. Sandi per l&#8217;edizione 2024 di &#8220;Staged Opera Scenes&#8221;, la masterclass di alta formazione che per 10 giorni, da oggi 23 agosto [&hellip;]\" \/>\n<meta property=\"og:url\" content=\"https:\/\/www.bellunopress.it\/fr\/2024\/08\/23\/a-feltre-cantanti-lirici-da-tutto-il-mondo-per-il-corso-intensivo-dellaccademia-londinese\/\" \/>\n<meta property=\"og:site_name\" content=\"Bellunopress - Dolomiti\" \/>\n<meta property=\"article:publisher\" content=\"https:\/\/www.facebook.com\/profile.php?id=100008943462799\" \/>\n<meta property=\"article:published_time\" content=\"2024-08-23T15:35:38+00:00\" \/>\n<meta property=\"og:image\" content=\"https:\/\/www.bellunopress.it\/wp-content\/uploads\/2022\/04\/unisono-jazz-cafe_edited.jpg\" \/>\n\t<meta property=\"og:image:width\" content=\"1000\" \/>\n\t<meta property=\"og:image:height\" content=\"667\" \/>\n\t<meta property=\"og:image:type\" content=\"image\/jpeg\" \/>\n<meta name=\"author\" content=\"redazione\" \/>\n<meta name=\"twitter:card\" content=\"summary_large_image\" \/>\n<meta name=\"twitter:creator\" content=\"@bellunopress\" \/>\n<meta name=\"twitter:site\" content=\"@bellunopress\" \/>\n<meta name=\"twitter:label1\" content=\"\u00c9crit par\" \/>\n\t<meta name=\"twitter:data1\" content=\"redazione\" \/>\n\t<meta name=\"twitter:label2\" content=\"Dur\u00e9e de lecture estim\u00e9e\" \/>\n\t<meta name=\"twitter:data2\" content=\"3 minutes\" \/>\n<script type=\"application\/ld+json\" class=\"yoast-schema-graph\">{\"@context\":\"https:\\\/\\\/schema.org\",\"@graph\":[{\"@type\":\"Article\",\"@id\":\"https:\\\/\\\/www.bellunopress.it\\\/2024\\\/08\\\/23\\\/a-feltre-cantanti-lirici-da-tutto-il-mondo-per-il-corso-intensivo-dellaccademia-londinese\\\/#article\",\"isPartOf\":{\"@id\":\"https:\\\/\\\/www.bellunopress.it\\\/2024\\\/08\\\/23\\\/a-feltre-cantanti-lirici-da-tutto-il-mondo-per-il-corso-intensivo-dellaccademia-londinese\\\/\"},\"author\":{\"name\":\"redazione\",\"@id\":\"https:\\\/\\\/www.bellunopress.it\\\/#\\\/schema\\\/person\\\/79bb06722b37ece1c03d3e94beb30d73\"},\"headline\":\"A Feltre cantanti lirici da tutto il mondo per il corso intensivo dell&#8217;Accademia londinese\",\"datePublished\":\"2024-08-23T15:35:38+00:00\",\"mainEntityOfPage\":{\"@id\":\"https:\\\/\\\/www.bellunopress.it\\\/2024\\\/08\\\/23\\\/a-feltre-cantanti-lirici-da-tutto-il-mondo-per-il-corso-intensivo-dellaccademia-londinese\\\/\"},\"wordCount\":647,\"publisher\":{\"@id\":\"https:\\\/\\\/www.bellunopress.it\\\/#organization\"},\"image\":{\"@id\":\"https:\\\/\\\/www.bellunopress.it\\\/2024\\\/08\\\/23\\\/a-feltre-cantanti-lirici-da-tutto-il-mondo-per-il-corso-intensivo-dellaccademia-londinese\\\/#primaryimage\"},\"thumbnailUrl\":\"https:\\\/\\\/www.bellunopress.it\\\/wp-content\\\/uploads\\\/2022\\\/04\\\/unisono-jazz-cafe_edited.jpg\",\"articleSection\":[\"Appuntamenti, Eventi\",\"Arte, Cultura, Spettacoli, Scienza\",\"Pausa Caff\u00e8\"],\"inLanguage\":\"fr-FR\"},{\"@type\":\"WebPage\",\"@id\":\"https:\\\/\\\/www.bellunopress.it\\\/2024\\\/08\\\/23\\\/a-feltre-cantanti-lirici-da-tutto-il-mondo-per-il-corso-intensivo-dellaccademia-londinese\\\/\",\"url\":\"https:\\\/\\\/www.bellunopress.it\\\/2024\\\/08\\\/23\\\/a-feltre-cantanti-lirici-da-tutto-il-mondo-per-il-corso-intensivo-dellaccademia-londinese\\\/\",\"name\":\"A Feltre cantanti lirici da tutto il mondo per il corso intensivo dell'Accademia londinese - Bellunopress - Dolomiti\",\"isPartOf\":{\"@id\":\"https:\\\/\\\/www.bellunopress.it\\\/#website\"},\"primaryImageOfPage\":{\"@id\":\"https:\\\/\\\/www.bellunopress.it\\\/2024\\\/08\\\/23\\\/a-feltre-cantanti-lirici-da-tutto-il-mondo-per-il-corso-intensivo-dellaccademia-londinese\\\/#primaryimage\"},\"image\":{\"@id\":\"https:\\\/\\\/www.bellunopress.it\\\/2024\\\/08\\\/23\\\/a-feltre-cantanti-lirici-da-tutto-il-mondo-per-il-corso-intensivo-dellaccademia-londinese\\\/#primaryimage\"},\"thumbnailUrl\":\"https:\\\/\\\/www.bellunopress.it\\\/wp-content\\\/uploads\\\/2022\\\/04\\\/unisono-jazz-cafe_edited.jpg\",\"datePublished\":\"2024-08-23T15:35:38+00:00\",\"breadcrumb\":{\"@id\":\"https:\\\/\\\/www.bellunopress.it\\\/2024\\\/08\\\/23\\\/a-feltre-cantanti-lirici-da-tutto-il-mondo-per-il-corso-intensivo-dellaccademia-londinese\\\/#breadcrumb\"},\"inLanguage\":\"fr-FR\",\"potentialAction\":[{\"@type\":\"ReadAction\",\"target\":[\"https:\\\/\\\/www.bellunopress.it\\\/2024\\\/08\\\/23\\\/a-feltre-cantanti-lirici-da-tutto-il-mondo-per-il-corso-intensivo-dellaccademia-londinese\\\/\"]}]},{\"@type\":\"ImageObject\",\"inLanguage\":\"fr-FR\",\"@id\":\"https:\\\/\\\/www.bellunopress.it\\\/2024\\\/08\\\/23\\\/a-feltre-cantanti-lirici-da-tutto-il-mondo-per-il-corso-intensivo-dellaccademia-londinese\\\/#primaryimage\",\"url\":\"https:\\\/\\\/www.bellunopress.it\\\/wp-content\\\/uploads\\\/2022\\\/04\\\/unisono-jazz-cafe_edited.jpg\",\"contentUrl\":\"https:\\\/\\\/www.bellunopress.it\\\/wp-content\\\/uploads\\\/2022\\\/04\\\/unisono-jazz-cafe_edited.jpg\",\"width\":1000,\"height\":667,\"caption\":\"Unisono Jazz Caf\u00e8 - Feltre\"},{\"@type\":\"BreadcrumbList\",\"@id\":\"https:\\\/\\\/www.bellunopress.it\\\/2024\\\/08\\\/23\\\/a-feltre-cantanti-lirici-da-tutto-il-mondo-per-il-corso-intensivo-dellaccademia-londinese\\\/#breadcrumb\",\"itemListElement\":[{\"@type\":\"ListItem\",\"position\":1,\"name\":\"Home\",\"item\":\"https:\\\/\\\/www.bellunopress.it\\\/\"},{\"@type\":\"ListItem\",\"position\":2,\"name\":\"A Feltre cantanti lirici da tutto il mondo per il corso intensivo dell&#8217;Accademia londinese\"}]},{\"@type\":\"WebSite\",\"@id\":\"https:\\\/\\\/www.bellunopress.it\\\/#website\",\"url\":\"https:\\\/\\\/www.bellunopress.it\\\/\",\"name\":\"Bellunopress - Dolomiti\",\"description\":\"e-mail: redazione@bellunopress.it\",\"publisher\":{\"@id\":\"https:\\\/\\\/www.bellunopress.it\\\/#organization\"},\"potentialAction\":[{\"@type\":\"SearchAction\",\"target\":{\"@type\":\"EntryPoint\",\"urlTemplate\":\"https:\\\/\\\/www.bellunopress.it\\\/?s={search_term_string}\"},\"query-input\":{\"@type\":\"PropertyValueSpecification\",\"valueRequired\":true,\"valueName\":\"search_term_string\"}}],\"inLanguage\":\"fr-FR\"},{\"@type\":\"Organization\",\"@id\":\"https:\\\/\\\/www.bellunopress.it\\\/#organization\",\"name\":\"Bellunopress\",\"url\":\"https:\\\/\\\/www.bellunopress.it\\\/\",\"logo\":{\"@type\":\"ImageObject\",\"inLanguage\":\"fr-FR\",\"@id\":\"https:\\\/\\\/www.bellunopress.it\\\/#\\\/schema\\\/logo\\\/image\\\/\",\"url\":\"https:\\\/\\\/www.bellunopress.it\\\/wp-content\\\/uploads\\\/2011\\\/05\\\/cropped-logo-bellunopress-.jpg\",\"contentUrl\":\"https:\\\/\\\/www.bellunopress.it\\\/wp-content\\\/uploads\\\/2011\\\/05\\\/cropped-logo-bellunopress-.jpg\",\"width\":512,\"height\":512,\"caption\":\"Bellunopress\"},\"image\":{\"@id\":\"https:\\\/\\\/www.bellunopress.it\\\/#\\\/schema\\\/logo\\\/image\\\/\"},\"sameAs\":[\"https:\\\/\\\/www.facebook.com\\\/profile.php?id=100008943462799\",\"https:\\\/\\\/x.com\\\/bellunopress\",\"https:\\\/\\\/www.linkedin.com\\\/hp\\\/?dnr=JBzUWaJfMUw8vbXJJ2tVW5-I3jZKvC4wsoxE&amp;amp;amp;amp;amp;amp;trk=nav_responsive_tab_home\",\"https:\\\/\\\/www.youtube.com\\\/channel\\\/UCxL0wu1uN0_3_7hGG0306cw\"]},{\"@type\":\"Person\",\"@id\":\"https:\\\/\\\/www.bellunopress.it\\\/#\\\/schema\\\/person\\\/79bb06722b37ece1c03d3e94beb30d73\",\"name\":\"redazione\",\"image\":{\"@type\":\"ImageObject\",\"inLanguage\":\"fr-FR\",\"@id\":\"https:\\\/\\\/secure.gravatar.com\\\/avatar\\\/37d968a2e67a6fd04c169c4bdef102d0bc5d31b2546345219e348575eb80e9a0?s=96&d=mm&r=g\",\"url\":\"https:\\\/\\\/secure.gravatar.com\\\/avatar\\\/37d968a2e67a6fd04c169c4bdef102d0bc5d31b2546345219e348575eb80e9a0?s=96&d=mm&r=g\",\"contentUrl\":\"https:\\\/\\\/secure.gravatar.com\\\/avatar\\\/37d968a2e67a6fd04c169c4bdef102d0bc5d31b2546345219e348575eb80e9a0?s=96&d=mm&r=g\",\"caption\":\"redazione\"},\"sameAs\":[\"http:\\\/\\\/www.bellunopress.it\",\"https:\\\/\\\/x.com\\\/bellunopress\"],\"url\":\"https:\\\/\\\/www.bellunopress.it\\\/fr\\\/author\\\/redazione\\\/\"}]}<\/script>\n<!-- \/ Yoast SEO plugin. -->","yoast_head_json":{"title":"A Feltre cantanti lirici da tutto il mondo per il corso intensivo dell'Accademia londinese - Bellunopress - Dolomiti","robots":{"index":"index","follow":"follow","max-snippet":"max-snippet:-1","max-image-preview":"max-image-preview:large","max-video-preview":"max-video-preview:-1"},"canonical":"https:\/\/www.bellunopress.it\/fr\/2024\/08\/23\/a-feltre-cantanti-lirici-da-tutto-il-mondo-per-il-corso-intensivo-dellaccademia-londinese\/","og_locale":"fr_FR","og_type":"article","og_title":"A Feltre cantanti lirici da tutto il mondo per il corso intensivo dell'Accademia londinese - Bellunopress - Dolomiti","og_description":"VOX Integra ha scelto ancora una volta Feltre. La prestigiosa accademia londinese di canto lirico ha rinnovato la sua collaborazione con il Centro di Musica Unisono e con la Scuola comunale di musica F. Sandi per l&#8217;edizione 2024 di &#8220;Staged Opera Scenes&#8221;, la masterclass di alta formazione che per 10 giorni, da oggi 23 agosto [&hellip;]","og_url":"https:\/\/www.bellunopress.it\/fr\/2024\/08\/23\/a-feltre-cantanti-lirici-da-tutto-il-mondo-per-il-corso-intensivo-dellaccademia-londinese\/","og_site_name":"Bellunopress - Dolomiti","article_publisher":"https:\/\/www.facebook.com\/profile.php?id=100008943462799","article_published_time":"2024-08-23T15:35:38+00:00","og_image":[{"width":1000,"height":667,"url":"https:\/\/www.bellunopress.it\/wp-content\/uploads\/2022\/04\/unisono-jazz-cafe_edited.jpg","type":"image\/jpeg"}],"author":"redazione","twitter_card":"summary_large_image","twitter_creator":"@bellunopress","twitter_site":"@bellunopress","twitter_misc":{"\u00c9crit par":"redazione","Dur\u00e9e de lecture estim\u00e9e":"3 minutes"},"schema":{"@context":"https:\/\/schema.org","@graph":[{"@type":"Article","@id":"https:\/\/www.bellunopress.it\/2024\/08\/23\/a-feltre-cantanti-lirici-da-tutto-il-mondo-per-il-corso-intensivo-dellaccademia-londinese\/#article","isPartOf":{"@id":"https:\/\/www.bellunopress.it\/2024\/08\/23\/a-feltre-cantanti-lirici-da-tutto-il-mondo-per-il-corso-intensivo-dellaccademia-londinese\/"},"author":{"name":"redazione","@id":"https:\/\/www.bellunopress.it\/#\/schema\/person\/79bb06722b37ece1c03d3e94beb30d73"},"headline":"A Feltre cantanti lirici da tutto il mondo per il corso intensivo dell&#8217;Accademia londinese","datePublished":"2024-08-23T15:35:38+00:00","mainEntityOfPage":{"@id":"https:\/\/www.bellunopress.it\/2024\/08\/23\/a-feltre-cantanti-lirici-da-tutto-il-mondo-per-il-corso-intensivo-dellaccademia-londinese\/"},"wordCount":647,"publisher":{"@id":"https:\/\/www.bellunopress.it\/#organization"},"image":{"@id":"https:\/\/www.bellunopress.it\/2024\/08\/23\/a-feltre-cantanti-lirici-da-tutto-il-mondo-per-il-corso-intensivo-dellaccademia-londinese\/#primaryimage"},"thumbnailUrl":"https:\/\/www.bellunopress.it\/wp-content\/uploads\/2022\/04\/unisono-jazz-cafe_edited.jpg","articleSection":["Appuntamenti, Eventi","Arte, Cultura, Spettacoli, Scienza","Pausa Caff\u00e8"],"inLanguage":"fr-FR"},{"@type":"WebPage","@id":"https:\/\/www.bellunopress.it\/2024\/08\/23\/a-feltre-cantanti-lirici-da-tutto-il-mondo-per-il-corso-intensivo-dellaccademia-londinese\/","url":"https:\/\/www.bellunopress.it\/2024\/08\/23\/a-feltre-cantanti-lirici-da-tutto-il-mondo-per-il-corso-intensivo-dellaccademia-londinese\/","name":"A Feltre cantanti lirici da tutto il mondo per il corso intensivo dell'Accademia londinese - Bellunopress - Dolomiti","isPartOf":{"@id":"https:\/\/www.bellunopress.it\/#website"},"primaryImageOfPage":{"@id":"https:\/\/www.bellunopress.it\/2024\/08\/23\/a-feltre-cantanti-lirici-da-tutto-il-mondo-per-il-corso-intensivo-dellaccademia-londinese\/#primaryimage"},"image":{"@id":"https:\/\/www.bellunopress.it\/2024\/08\/23\/a-feltre-cantanti-lirici-da-tutto-il-mondo-per-il-corso-intensivo-dellaccademia-londinese\/#primaryimage"},"thumbnailUrl":"https:\/\/www.bellunopress.it\/wp-content\/uploads\/2022\/04\/unisono-jazz-cafe_edited.jpg","datePublished":"2024-08-23T15:35:38+00:00","breadcrumb":{"@id":"https:\/\/www.bellunopress.it\/2024\/08\/23\/a-feltre-cantanti-lirici-da-tutto-il-mondo-per-il-corso-intensivo-dellaccademia-londinese\/#breadcrumb"},"inLanguage":"fr-FR","potentialAction":[{"@type":"ReadAction","target":["https:\/\/www.bellunopress.it\/2024\/08\/23\/a-feltre-cantanti-lirici-da-tutto-il-mondo-per-il-corso-intensivo-dellaccademia-londinese\/"]}]},{"@type":"ImageObject","inLanguage":"fr-FR","@id":"https:\/\/www.bellunopress.it\/2024\/08\/23\/a-feltre-cantanti-lirici-da-tutto-il-mondo-per-il-corso-intensivo-dellaccademia-londinese\/#primaryimage","url":"https:\/\/www.bellunopress.it\/wp-content\/uploads\/2022\/04\/unisono-jazz-cafe_edited.jpg","contentUrl":"https:\/\/www.bellunopress.it\/wp-content\/uploads\/2022\/04\/unisono-jazz-cafe_edited.jpg","width":1000,"height":667,"caption":"Unisono Jazz Caf\u00e8 - Feltre"},{"@type":"BreadcrumbList","@id":"https:\/\/www.bellunopress.it\/2024\/08\/23\/a-feltre-cantanti-lirici-da-tutto-il-mondo-per-il-corso-intensivo-dellaccademia-londinese\/#breadcrumb","itemListElement":[{"@type":"ListItem","position":1,"name":"Home","item":"https:\/\/www.bellunopress.it\/"},{"@type":"ListItem","position":2,"name":"A Feltre cantanti lirici da tutto il mondo per il corso intensivo dell&#8217;Accademia londinese"}]},{"@type":"WebSite","@id":"https:\/\/www.bellunopress.it\/#website","url":"https:\/\/www.bellunopress.it\/","name":"Bellunopress - Dolomiti","description":"e-mail: redazione@bellunopress.it","publisher":{"@id":"https:\/\/www.bellunopress.it\/#organization"},"potentialAction":[{"@type":"SearchAction","target":{"@type":"EntryPoint","urlTemplate":"https:\/\/www.bellunopress.it\/?s={search_term_string}"},"query-input":{"@type":"PropertyValueSpecification","valueRequired":true,"valueName":"search_term_string"}}],"inLanguage":"fr-FR"},{"@type":"Organization","@id":"https:\/\/www.bellunopress.it\/#organization","name":"Bellunopress","url":"https:\/\/www.bellunopress.it\/","logo":{"@type":"ImageObject","inLanguage":"fr-FR","@id":"https:\/\/www.bellunopress.it\/#\/schema\/logo\/image\/","url":"https:\/\/www.bellunopress.it\/wp-content\/uploads\/2011\/05\/cropped-logo-bellunopress-.jpg","contentUrl":"https:\/\/www.bellunopress.it\/wp-content\/uploads\/2011\/05\/cropped-logo-bellunopress-.jpg","width":512,"height":512,"caption":"Bellunopress"},"image":{"@id":"https:\/\/www.bellunopress.it\/#\/schema\/logo\/image\/"},"sameAs":["https:\/\/www.facebook.com\/profile.php?id=100008943462799","https:\/\/x.com\/bellunopress","https:\/\/www.linkedin.com\/hp\/?dnr=JBzUWaJfMUw8vbXJJ2tVW5-I3jZKvC4wsoxE&amp;amp;amp;amp;amp;amp;trk=nav_responsive_tab_home","https:\/\/www.youtube.com\/channel\/UCxL0wu1uN0_3_7hGG0306cw"]},{"@type":"Person","@id":"https:\/\/www.bellunopress.it\/#\/schema\/person\/79bb06722b37ece1c03d3e94beb30d73","name":"r\u00e9daction","image":{"@type":"ImageObject","inLanguage":"fr-FR","@id":"https:\/\/secure.gravatar.com\/avatar\/37d968a2e67a6fd04c169c4bdef102d0bc5d31b2546345219e348575eb80e9a0?s=96&d=mm&r=g","url":"https:\/\/secure.gravatar.com\/avatar\/37d968a2e67a6fd04c169c4bdef102d0bc5d31b2546345219e348575eb80e9a0?s=96&d=mm&r=g","contentUrl":"https:\/\/secure.gravatar.com\/avatar\/37d968a2e67a6fd04c169c4bdef102d0bc5d31b2546345219e348575eb80e9a0?s=96&d=mm&r=g","caption":"redazione"},"sameAs":["http:\/\/www.bellunopress.it","https:\/\/x.com\/bellunopress"],"url":"https:\/\/www.bellunopress.it\/fr\/author\/redazione\/"}]}},"_links":{"self":[{"href":"https:\/\/www.bellunopress.it\/fr\/wp-json\/wp\/v2\/posts\/153423","targetHints":{"allow":["GET"]}}],"collection":[{"href":"https:\/\/www.bellunopress.it\/fr\/wp-json\/wp\/v2\/posts"}],"about":[{"href":"https:\/\/www.bellunopress.it\/fr\/wp-json\/wp\/v2\/types\/post"}],"author":[{"embeddable":true,"href":"https:\/\/www.bellunopress.it\/fr\/wp-json\/wp\/v2\/users\/2"}],"replies":[{"embeddable":true,"href":"https:\/\/www.bellunopress.it\/fr\/wp-json\/wp\/v2\/comments?post=153423"}],"version-history":[{"count":1,"href":"https:\/\/www.bellunopress.it\/fr\/wp-json\/wp\/v2\/posts\/153423\/revisions"}],"predecessor-version":[{"id":153424,"href":"https:\/\/www.bellunopress.it\/fr\/wp-json\/wp\/v2\/posts\/153423\/revisions\/153424"}],"wp:featuredmedia":[{"embeddable":true,"href":"https:\/\/www.bellunopress.it\/fr\/wp-json\/wp\/v2\/media\/133083"}],"wp:attachment":[{"href":"https:\/\/www.bellunopress.it\/fr\/wp-json\/wp\/v2\/media?parent=153423"}],"wp:term":[{"taxonomy":"category","embeddable":true,"href":"https:\/\/www.bellunopress.it\/fr\/wp-json\/wp\/v2\/categories?post=153423"},{"taxonomy":"post_tag","embeddable":true,"href":"https:\/\/www.bellunopress.it\/fr\/wp-json\/wp\/v2\/tags?post=153423"}],"curies":[{"name":"wp","href":"https:\/\/api.w.org\/{rel}","templated":true}]}}