{"id":152353,"date":"2024-07-14T20:18:37","date_gmt":"2024-07-14T18:18:37","guid":{"rendered":"https:\/\/www.bellunopress.it\/?p=152353"},"modified":"2025-01-19T18:24:31","modified_gmt":"2025-01-19T17:24:31","slug":"vinovip-cortina-civilta-del-bere-consegna-a-marina-cvetic-il-premio-khail-2024","status":"publish","type":"post","link":"https:\/\/www.bellunopress.it\/fr\/2024\/07\/14\/vinovip-cortina-civilta-del-bere-consegna-a-marina-cvetic-il-premio-khail-2024\/","title":{"rendered":"VinoVip Cortina. Civilt\u00e0 del bere consegna a Marina Cvetic\u00a0il Premio Khail 2024"},"content":{"rendered":"<figure id=\"attachment_152354\" aria-describedby=\"caption-attachment-152354\" style=\"width: 1000px\" class=\"wp-caption alignleft\"><img loading=\"lazy\" decoding=\"async\" class=\"size-full wp-image-152354\" src=\"https:\/\/www.bellunopress.it\/wp-content\/uploads\/2024\/07\/vinovip-cortina-consegna-premio_edited.jpg\" alt=\"\" width=\"1000\" height=\"675\" srcset=\"https:\/\/www.bellunopress.it\/wp-content\/uploads\/2024\/07\/vinovip-cortina-consegna-premio_edited.jpg 1000w, https:\/\/www.bellunopress.it\/wp-content\/uploads\/2024\/07\/vinovip-cortina-consegna-premio_edited-500x338.jpg 500w, https:\/\/www.bellunopress.it\/wp-content\/uploads\/2024\/07\/vinovip-cortina-consegna-premio_edited-622x420.jpg 622w, https:\/\/www.bellunopress.it\/wp-content\/uploads\/2024\/07\/vinovip-cortina-consegna-premio_edited-696x470.jpg 696w\" sizes=\"auto, (max-width: 1000px) 100vw, 1000px\" \/><figcaption id=\"caption-attachment-152354\" class=\"wp-caption-text\">VinoVip Cortina. Civilt\u00e0 del bere consegna a Marina Cvetic il Premio Khail 2024<\/figcaption><\/figure>\n<p><em><strong>L&#8217;imprenditrice abruzzese, amministratore unico di Masciarelli Tenute Agricole, ha ricevuto il riconoscimento durante l&#8217;evento VinoVip Cortina 2024<\/strong><\/em><\/p>\n<p>Cortina d&#8217;Ampezzo, luglio 2024 \u2013 \u00c8 Marina Cvetic, amministratore unico di Masciarelli Tenute Agricole, la vincitrice del Premio Khail 2024, titolo che da otto edizioni viene attribuito dalla rivista Civilt\u00e0 del bere alle figure che si sono distinte per l&#8217;impegno nella promozione del <a href=\"https:\/\/www.bellunotoday.com\/\">vino italiano<\/a> nel mondo.<\/p>\n<p>Il premio \u00e8 stato assegnato all&#8217;imprenditrice abruzzese in occasione dell&#8217;inaugurazione dell&#8217;evento VinoVip Cortina 2024, appuntamento che per due giorni riunisce sulle Dolomiti l&#8217;eccellenza dell&#8217;enologia italiana.<\/p>\n<p>&#8220;A VinoVip 2024 abbiamo deciso di premiare Marina Cvetic per la passione e l&#8217;impegno con cui ha saputo proseguire il lavoro avviato insieme al marito Gianni Masciarelli, esaltando i valori dell&#8217;eleganza e della creativit\u00e0 &#8211; spiega Alessandro Torcoli, direttore di Civilt\u00e0 del bere. Si \u00e8 distinta per le attivit\u00e0 di mecenatismo, ha ampliato l&#8217;offerta di prodotti e aperto nuovi mercati. Ha coinvolto le nuove generazioni, assicurando continuit\u00e0 a un&#8217;impresa familiare italiana che \u00e8 ormai esempio di eccellenza nel mondo&#8221;.<\/p>\n<p>Il destino di Marina Cvetic nel mondo del vino \u00e8 gi\u00e0 segnato fin da piccola, quando cresce a Belgrado tra i vigneti di famiglia per poi studiare Tecnologie Alimentari all&#8217;universit\u00e0. A fine anni &#8217;80 l&#8217;incontro con Gianni Masciarelli, tra i pi\u00f9 importanti artefici del rinnovamento della vitivinicoltura abruzzese, da cui nascono tre figli: Miriam Lee, Chiara e Riccardo. Dopo la prematura scomparsa del marito nel 2008, Cvetic prende le redini dell&#8217;azienda, mantenendola una delle icone del vino italiano e dandole un respiro sempre pi\u00f9 internazionale.<\/p>\n<p>Dopo la consegna del Premio Khail, VinoVip Cortina 2024 continuer\u00e0 anche nella giornata di domani, interamente dedicata ai tasting e agli incontri con i produttori. Alle 9.30 il Grand Hotel Savoia accoglier\u00e0 la conferenza con degustazione &#8220;Cabernet vs Cabernet&#8221;, un focus dedicato ai Cabernet Sauvignon e Franc, mentre alle 15.30 si apriranno le porte del Rifugio Faloria per l&#8217;evento pi\u00f9 atteso: il &#8220;Wine Tasting delle Aquile&#8221;. A oltre 2000 metri d&#8217;altitudine, le Dolomiti faranno da sfondo a questo esclusivo banco d&#8217;assaggio in alta quota, che vedr\u00e0 in degustazione oltre 170 etichette italiane tra vini e distillati, dai grandi classici alle nuove scoperte.<\/p>\n<p>Informazioni e prevendite sono disponibili sul sito <a href=\"http:\/\/www.vinovipcortina.it\">www.vinovipcortina.it<\/a><\/p>\n<p>&nbsp;<\/p>\n<p>I vincitori del Premio Khail<\/p>\n<p>Il Premio \u00e8 stato ideato dal direttore di Civilt\u00e0 del bere Alessandro Torcoli per ricordare Pino Khail, fondatore della rivista nonch\u00e9 pioniere della comunicazione del vino di qualit\u00e0 italiano. I vincitori ad oggi sono stati: Lucio Caputo, presidente IW&amp;FI (2011), Lucio Tasca d&#8217;Almerita (produttore, 2013), Piero Antinori (produttore, 2015), Pio Boffa della Pio Cesare (produttore, 2017), Cesare Pillon (giornalista, 2018), Piero Mastroberardino (produttore, 2019), Chiara Lungarotti (produttrice, 2022), Attilio Scienza (professore e divulgatore scientifico, 2023).<\/p>","protected":false},"excerpt":{"rendered":"<p>L&#8217;imprenditrice abruzzese, amministratore unico di Masciarelli Tenute Agricole, ha ricevuto il riconoscimento durante l&#8217;evento VinoVip Cortina 2024 Cortina d&#8217;Ampezzo, luglio 2024 \u2013 \u00c8 Marina Cvetic, amministratore unico di Masciarelli Tenute Agricole, la vincitrice del Premio Khail 2024, titolo che da otto edizioni viene attribuito dalla rivista Civilt\u00e0 del bere alle figure che si sono distinte [&hellip;]<\/p>\n","protected":false},"author":2,"featured_media":152354,"comment_status":"closed","ping_status":"open","sticky":false,"template":"","format":"standard","meta":{"footnotes":""},"categories":[3393,25],"tags":[],"class_list":["post-152353","post","type-post","status-publish","format-standard","has-post-thumbnail","category-eventi-enogastronomici","category-pausa-caffe"],"yoast_head":"<!-- This site is optimized with the Yoast SEO plugin v28.4 - https:\/\/yoast.com\/product\/yoast-seo-wordpress\/ -->\n<title>VinoVip Cortina. Civilt\u00e0 del bere consegna a Marina Cvetic\u00a0il Premio Khail 2024 - Bellunopress - Dolomiti<\/title>\n<meta name=\"robots\" content=\"index, follow, max-snippet:-1, max-image-preview:large, max-video-preview:-1\" \/>\n<link rel=\"canonical\" href=\"https:\/\/www.bellunopress.it\/fr\/2024\/07\/14\/vinovip-cortina-civilta-del-bere-consegna-a-marina-cvetic-il-premio-khail-2024\/\" \/>\n<meta property=\"og:locale\" content=\"fr_FR\" \/>\n<meta property=\"og:type\" content=\"article\" \/>\n<meta property=\"og:title\" content=\"VinoVip Cortina. Civilt\u00e0 del bere consegna a Marina Cvetic\u00a0il Premio Khail 2024 - Bellunopress - Dolomiti\" \/>\n<meta property=\"og:description\" content=\"L&#8217;imprenditrice abruzzese, amministratore unico di Masciarelli Tenute Agricole, ha ricevuto il riconoscimento durante l&#8217;evento VinoVip Cortina 2024 Cortina d&#8217;Ampezzo, luglio 2024 \u2013 \u00c8 Marina Cvetic, amministratore unico di Masciarelli Tenute Agricole, la vincitrice del Premio Khail 2024, titolo che da otto edizioni viene attribuito dalla rivista Civilt\u00e0 del bere alle figure che si sono distinte [&hellip;]\" \/>\n<meta property=\"og:url\" content=\"https:\/\/www.bellunopress.it\/fr\/2024\/07\/14\/vinovip-cortina-civilta-del-bere-consegna-a-marina-cvetic-il-premio-khail-2024\/\" \/>\n<meta property=\"og:site_name\" content=\"Bellunopress - Dolomiti\" \/>\n<meta property=\"article:publisher\" content=\"https:\/\/www.facebook.com\/profile.php?id=100008943462799\" \/>\n<meta property=\"article:published_time\" content=\"2024-07-14T18:18:37+00:00\" \/>\n<meta property=\"article:modified_time\" content=\"2025-01-19T17:24:31+00:00\" \/>\n<meta property=\"og:image\" content=\"https:\/\/www.bellunopress.it\/wp-content\/uploads\/2024\/07\/vinovip-cortina-consegna-premio_edited.jpg\" \/>\n\t<meta property=\"og:image:width\" content=\"1000\" \/>\n\t<meta property=\"og:image:height\" content=\"675\" \/>\n\t<meta property=\"og:image:type\" content=\"image\/jpeg\" \/>\n<meta name=\"author\" content=\"redazione\" \/>\n<meta name=\"twitter:card\" content=\"summary_large_image\" \/>\n<meta name=\"twitter:creator\" content=\"@bellunopress\" \/>\n<meta name=\"twitter:site\" content=\"@bellunopress\" \/>\n<meta name=\"twitter:label1\" content=\"\u00c9crit par\" \/>\n\t<meta name=\"twitter:data1\" content=\"redazione\" \/>\n\t<meta name=\"twitter:label2\" content=\"Dur\u00e9e de lecture estim\u00e9e\" \/>\n\t<meta name=\"twitter:data2\" content=\"2 minutes\" \/>\n<script type=\"application\/ld+json\" class=\"yoast-schema-graph\">{\"@context\":\"https:\\\/\\\/schema.org\",\"@graph\":[{\"@type\":\"Article\",\"@id\":\"https:\\\/\\\/www.bellunopress.it\\\/2024\\\/07\\\/14\\\/vinovip-cortina-civilta-del-bere-consegna-a-marina-cvetic-il-premio-khail-2024\\\/#article\",\"isPartOf\":{\"@id\":\"https:\\\/\\\/www.bellunopress.it\\\/2024\\\/07\\\/14\\\/vinovip-cortina-civilta-del-bere-consegna-a-marina-cvetic-il-premio-khail-2024\\\/\"},\"author\":{\"name\":\"redazione\",\"@id\":\"https:\\\/\\\/www.bellunopress.it\\\/#\\\/schema\\\/person\\\/79bb06722b37ece1c03d3e94beb30d73\"},\"headline\":\"VinoVip Cortina. Civilt\u00e0 del bere consegna a Marina Cvetic\u00a0il Premio Khail 2024\",\"datePublished\":\"2024-07-14T18:18:37+00:00\",\"dateModified\":\"2025-01-19T17:24:31+00:00\",\"mainEntityOfPage\":{\"@id\":\"https:\\\/\\\/www.bellunopress.it\\\/2024\\\/07\\\/14\\\/vinovip-cortina-civilta-del-bere-consegna-a-marina-cvetic-il-premio-khail-2024\\\/\"},\"wordCount\":472,\"publisher\":{\"@id\":\"https:\\\/\\\/www.bellunopress.it\\\/#organization\"},\"image\":{\"@id\":\"https:\\\/\\\/www.bellunopress.it\\\/2024\\\/07\\\/14\\\/vinovip-cortina-civilta-del-bere-consegna-a-marina-cvetic-il-premio-khail-2024\\\/#primaryimage\"},\"thumbnailUrl\":\"https:\\\/\\\/www.bellunopress.it\\\/wp-content\\\/uploads\\\/2024\\\/07\\\/vinovip-cortina-consegna-premio_edited.jpg\",\"articleSection\":[\"Eventi enogastronomici\",\"Pausa Caff\u00e8\"],\"inLanguage\":\"fr-FR\"},{\"@type\":\"WebPage\",\"@id\":\"https:\\\/\\\/www.bellunopress.it\\\/2024\\\/07\\\/14\\\/vinovip-cortina-civilta-del-bere-consegna-a-marina-cvetic-il-premio-khail-2024\\\/\",\"url\":\"https:\\\/\\\/www.bellunopress.it\\\/2024\\\/07\\\/14\\\/vinovip-cortina-civilta-del-bere-consegna-a-marina-cvetic-il-premio-khail-2024\\\/\",\"name\":\"VinoVip Cortina. Civilt\u00e0 del bere consegna a Marina Cvetic\u00a0il Premio Khail 2024 - Bellunopress - Dolomiti\",\"isPartOf\":{\"@id\":\"https:\\\/\\\/www.bellunopress.it\\\/#website\"},\"primaryImageOfPage\":{\"@id\":\"https:\\\/\\\/www.bellunopress.it\\\/2024\\\/07\\\/14\\\/vinovip-cortina-civilta-del-bere-consegna-a-marina-cvetic-il-premio-khail-2024\\\/#primaryimage\"},\"image\":{\"@id\":\"https:\\\/\\\/www.bellunopress.it\\\/2024\\\/07\\\/14\\\/vinovip-cortina-civilta-del-bere-consegna-a-marina-cvetic-il-premio-khail-2024\\\/#primaryimage\"},\"thumbnailUrl\":\"https:\\\/\\\/www.bellunopress.it\\\/wp-content\\\/uploads\\\/2024\\\/07\\\/vinovip-cortina-consegna-premio_edited.jpg\",\"datePublished\":\"2024-07-14T18:18:37+00:00\",\"dateModified\":\"2025-01-19T17:24:31+00:00\",\"breadcrumb\":{\"@id\":\"https:\\\/\\\/www.bellunopress.it\\\/2024\\\/07\\\/14\\\/vinovip-cortina-civilta-del-bere-consegna-a-marina-cvetic-il-premio-khail-2024\\\/#breadcrumb\"},\"inLanguage\":\"fr-FR\",\"potentialAction\":[{\"@type\":\"ReadAction\",\"target\":[\"https:\\\/\\\/www.bellunopress.it\\\/2024\\\/07\\\/14\\\/vinovip-cortina-civilta-del-bere-consegna-a-marina-cvetic-il-premio-khail-2024\\\/\"]}]},{\"@type\":\"ImageObject\",\"inLanguage\":\"fr-FR\",\"@id\":\"https:\\\/\\\/www.bellunopress.it\\\/2024\\\/07\\\/14\\\/vinovip-cortina-civilta-del-bere-consegna-a-marina-cvetic-il-premio-khail-2024\\\/#primaryimage\",\"url\":\"https:\\\/\\\/www.bellunopress.it\\\/wp-content\\\/uploads\\\/2024\\\/07\\\/vinovip-cortina-consegna-premio_edited.jpg\",\"contentUrl\":\"https:\\\/\\\/www.bellunopress.it\\\/wp-content\\\/uploads\\\/2024\\\/07\\\/vinovip-cortina-consegna-premio_edited.jpg\",\"width\":1000,\"height\":675,\"caption\":\"VinoVip Cortina. Civilt\u00e0 del bere consegna a Marina Cvetic il Premio Khail 2024\"},{\"@type\":\"BreadcrumbList\",\"@id\":\"https:\\\/\\\/www.bellunopress.it\\\/2024\\\/07\\\/14\\\/vinovip-cortina-civilta-del-bere-consegna-a-marina-cvetic-il-premio-khail-2024\\\/#breadcrumb\",\"itemListElement\":[{\"@type\":\"ListItem\",\"position\":1,\"name\":\"Home\",\"item\":\"https:\\\/\\\/www.bellunopress.it\\\/\"},{\"@type\":\"ListItem\",\"position\":2,\"name\":\"VinoVip Cortina. Civilt\u00e0 del bere consegna a Marina Cvetic\u00a0il Premio Khail 2024\"}]},{\"@type\":\"WebSite\",\"@id\":\"https:\\\/\\\/www.bellunopress.it\\\/#website\",\"url\":\"https:\\\/\\\/www.bellunopress.it\\\/\",\"name\":\"Bellunopress - Dolomiti\",\"description\":\"e-mail: redazione@bellunopress.it\",\"publisher\":{\"@id\":\"https:\\\/\\\/www.bellunopress.it\\\/#organization\"},\"potentialAction\":[{\"@type\":\"SearchAction\",\"target\":{\"@type\":\"EntryPoint\",\"urlTemplate\":\"https:\\\/\\\/www.bellunopress.it\\\/?s={search_term_string}\"},\"query-input\":{\"@type\":\"PropertyValueSpecification\",\"valueRequired\":true,\"valueName\":\"search_term_string\"}}],\"inLanguage\":\"fr-FR\"},{\"@type\":\"Organization\",\"@id\":\"https:\\\/\\\/www.bellunopress.it\\\/#organization\",\"name\":\"Bellunopress\",\"url\":\"https:\\\/\\\/www.bellunopress.it\\\/\",\"logo\":{\"@type\":\"ImageObject\",\"inLanguage\":\"fr-FR\",\"@id\":\"https:\\\/\\\/www.bellunopress.it\\\/#\\\/schema\\\/logo\\\/image\\\/\",\"url\":\"https:\\\/\\\/www.bellunopress.it\\\/wp-content\\\/uploads\\\/2011\\\/05\\\/cropped-logo-bellunopress-.jpg\",\"contentUrl\":\"https:\\\/\\\/www.bellunopress.it\\\/wp-content\\\/uploads\\\/2011\\\/05\\\/cropped-logo-bellunopress-.jpg\",\"width\":512,\"height\":512,\"caption\":\"Bellunopress\"},\"image\":{\"@id\":\"https:\\\/\\\/www.bellunopress.it\\\/#\\\/schema\\\/logo\\\/image\\\/\"},\"sameAs\":[\"https:\\\/\\\/www.facebook.com\\\/profile.php?id=100008943462799\",\"https:\\\/\\\/x.com\\\/bellunopress\",\"https:\\\/\\\/www.linkedin.com\\\/hp\\\/?dnr=JBzUWaJfMUw8vbXJJ2tVW5-I3jZKvC4wsoxE&amp;amp;amp;amp;amp;amp;trk=nav_responsive_tab_home\",\"https:\\\/\\\/www.youtube.com\\\/channel\\\/UCxL0wu1uN0_3_7hGG0306cw\"]},{\"@type\":\"Person\",\"@id\":\"https:\\\/\\\/www.bellunopress.it\\\/#\\\/schema\\\/person\\\/79bb06722b37ece1c03d3e94beb30d73\",\"name\":\"redazione\",\"image\":{\"@type\":\"ImageObject\",\"inLanguage\":\"fr-FR\",\"@id\":\"https:\\\/\\\/secure.gravatar.com\\\/avatar\\\/37d968a2e67a6fd04c169c4bdef102d0bc5d31b2546345219e348575eb80e9a0?s=96&d=mm&r=g\",\"url\":\"https:\\\/\\\/secure.gravatar.com\\\/avatar\\\/37d968a2e67a6fd04c169c4bdef102d0bc5d31b2546345219e348575eb80e9a0?s=96&d=mm&r=g\",\"contentUrl\":\"https:\\\/\\\/secure.gravatar.com\\\/avatar\\\/37d968a2e67a6fd04c169c4bdef102d0bc5d31b2546345219e348575eb80e9a0?s=96&d=mm&r=g\",\"caption\":\"redazione\"},\"sameAs\":[\"http:\\\/\\\/www.bellunopress.it\",\"https:\\\/\\\/x.com\\\/bellunopress\"],\"url\":\"https:\\\/\\\/www.bellunopress.it\\\/fr\\\/author\\\/redazione\\\/\"}]}<\/script>\n<!-- \/ Yoast SEO plugin. -->","yoast_head_json":{"title":"VinoVip Cortina. Civilt\u00e0 del bere consegna a Marina Cvetic\u00a0il Premio Khail 2024 - Bellunopress - Dolomiti","robots":{"index":"index","follow":"follow","max-snippet":"max-snippet:-1","max-image-preview":"max-image-preview:large","max-video-preview":"max-video-preview:-1"},"canonical":"https:\/\/www.bellunopress.it\/fr\/2024\/07\/14\/vinovip-cortina-civilta-del-bere-consegna-a-marina-cvetic-il-premio-khail-2024\/","og_locale":"fr_FR","og_type":"article","og_title":"VinoVip Cortina. Civilt\u00e0 del bere consegna a Marina Cvetic\u00a0il Premio Khail 2024 - Bellunopress - Dolomiti","og_description":"L&#8217;imprenditrice abruzzese, amministratore unico di Masciarelli Tenute Agricole, ha ricevuto il riconoscimento durante l&#8217;evento VinoVip Cortina 2024 Cortina d&#8217;Ampezzo, luglio 2024 \u2013 \u00c8 Marina Cvetic, amministratore unico di Masciarelli Tenute Agricole, la vincitrice del Premio Khail 2024, titolo che da otto edizioni viene attribuito dalla rivista Civilt\u00e0 del bere alle figure che si sono distinte [&hellip;]","og_url":"https:\/\/www.bellunopress.it\/fr\/2024\/07\/14\/vinovip-cortina-civilta-del-bere-consegna-a-marina-cvetic-il-premio-khail-2024\/","og_site_name":"Bellunopress - Dolomiti","article_publisher":"https:\/\/www.facebook.com\/profile.php?id=100008943462799","article_published_time":"2024-07-14T18:18:37+00:00","article_modified_time":"2025-01-19T17:24:31+00:00","og_image":[{"width":1000,"height":675,"url":"https:\/\/www.bellunopress.it\/wp-content\/uploads\/2024\/07\/vinovip-cortina-consegna-premio_edited.jpg","type":"image\/jpeg"}],"author":"redazione","twitter_card":"summary_large_image","twitter_creator":"@bellunopress","twitter_site":"@bellunopress","twitter_misc":{"\u00c9crit par":"redazione","Dur\u00e9e de lecture estim\u00e9e":"2 minutes"},"schema":{"@context":"https:\/\/schema.org","@graph":[{"@type":"Article","@id":"https:\/\/www.bellunopress.it\/2024\/07\/14\/vinovip-cortina-civilta-del-bere-consegna-a-marina-cvetic-il-premio-khail-2024\/#article","isPartOf":{"@id":"https:\/\/www.bellunopress.it\/2024\/07\/14\/vinovip-cortina-civilta-del-bere-consegna-a-marina-cvetic-il-premio-khail-2024\/"},"author":{"name":"redazione","@id":"https:\/\/www.bellunopress.it\/#\/schema\/person\/79bb06722b37ece1c03d3e94beb30d73"},"headline":"VinoVip Cortina. Civilt\u00e0 del bere consegna a Marina Cvetic\u00a0il Premio Khail 2024","datePublished":"2024-07-14T18:18:37+00:00","dateModified":"2025-01-19T17:24:31+00:00","mainEntityOfPage":{"@id":"https:\/\/www.bellunopress.it\/2024\/07\/14\/vinovip-cortina-civilta-del-bere-consegna-a-marina-cvetic-il-premio-khail-2024\/"},"wordCount":472,"publisher":{"@id":"https:\/\/www.bellunopress.it\/#organization"},"image":{"@id":"https:\/\/www.bellunopress.it\/2024\/07\/14\/vinovip-cortina-civilta-del-bere-consegna-a-marina-cvetic-il-premio-khail-2024\/#primaryimage"},"thumbnailUrl":"https:\/\/www.bellunopress.it\/wp-content\/uploads\/2024\/07\/vinovip-cortina-consegna-premio_edited.jpg","articleSection":["Eventi enogastronomici","Pausa Caff\u00e8"],"inLanguage":"fr-FR"},{"@type":"WebPage","@id":"https:\/\/www.bellunopress.it\/2024\/07\/14\/vinovip-cortina-civilta-del-bere-consegna-a-marina-cvetic-il-premio-khail-2024\/","url":"https:\/\/www.bellunopress.it\/2024\/07\/14\/vinovip-cortina-civilta-del-bere-consegna-a-marina-cvetic-il-premio-khail-2024\/","name":"VinoVip Cortina. Civilt\u00e0 del bere consegna a Marina Cvetic\u00a0il Premio Khail 2024 - Bellunopress - Dolomiti","isPartOf":{"@id":"https:\/\/www.bellunopress.it\/#website"},"primaryImageOfPage":{"@id":"https:\/\/www.bellunopress.it\/2024\/07\/14\/vinovip-cortina-civilta-del-bere-consegna-a-marina-cvetic-il-premio-khail-2024\/#primaryimage"},"image":{"@id":"https:\/\/www.bellunopress.it\/2024\/07\/14\/vinovip-cortina-civilta-del-bere-consegna-a-marina-cvetic-il-premio-khail-2024\/#primaryimage"},"thumbnailUrl":"https:\/\/www.bellunopress.it\/wp-content\/uploads\/2024\/07\/vinovip-cortina-consegna-premio_edited.jpg","datePublished":"2024-07-14T18:18:37+00:00","dateModified":"2025-01-19T17:24:31+00:00","breadcrumb":{"@id":"https:\/\/www.bellunopress.it\/2024\/07\/14\/vinovip-cortina-civilta-del-bere-consegna-a-marina-cvetic-il-premio-khail-2024\/#breadcrumb"},"inLanguage":"fr-FR","potentialAction":[{"@type":"ReadAction","target":["https:\/\/www.bellunopress.it\/2024\/07\/14\/vinovip-cortina-civilta-del-bere-consegna-a-marina-cvetic-il-premio-khail-2024\/"]}]},{"@type":"ImageObject","inLanguage":"fr-FR","@id":"https:\/\/www.bellunopress.it\/2024\/07\/14\/vinovip-cortina-civilta-del-bere-consegna-a-marina-cvetic-il-premio-khail-2024\/#primaryimage","url":"https:\/\/www.bellunopress.it\/wp-content\/uploads\/2024\/07\/vinovip-cortina-consegna-premio_edited.jpg","contentUrl":"https:\/\/www.bellunopress.it\/wp-content\/uploads\/2024\/07\/vinovip-cortina-consegna-premio_edited.jpg","width":1000,"height":675,"caption":"VinoVip Cortina. Civilt\u00e0 del bere consegna a Marina Cvetic il Premio Khail 2024"},{"@type":"BreadcrumbList","@id":"https:\/\/www.bellunopress.it\/2024\/07\/14\/vinovip-cortina-civilta-del-bere-consegna-a-marina-cvetic-il-premio-khail-2024\/#breadcrumb","itemListElement":[{"@type":"ListItem","position":1,"name":"Home","item":"https:\/\/www.bellunopress.it\/"},{"@type":"ListItem","position":2,"name":"VinoVip Cortina. Civilt\u00e0 del bere consegna a Marina Cvetic\u00a0il Premio Khail 2024"}]},{"@type":"WebSite","@id":"https:\/\/www.bellunopress.it\/#website","url":"https:\/\/www.bellunopress.it\/","name":"Bellunopress - Dolomiti","description":"e-mail: redazione@bellunopress.it","publisher":{"@id":"https:\/\/www.bellunopress.it\/#organization"},"potentialAction":[{"@type":"SearchAction","target":{"@type":"EntryPoint","urlTemplate":"https:\/\/www.bellunopress.it\/?s={search_term_string}"},"query-input":{"@type":"PropertyValueSpecification","valueRequired":true,"valueName":"search_term_string"}}],"inLanguage":"fr-FR"},{"@type":"Organization","@id":"https:\/\/www.bellunopress.it\/#organization","name":"Bellunopress","url":"https:\/\/www.bellunopress.it\/","logo":{"@type":"ImageObject","inLanguage":"fr-FR","@id":"https:\/\/www.bellunopress.it\/#\/schema\/logo\/image\/","url":"https:\/\/www.bellunopress.it\/wp-content\/uploads\/2011\/05\/cropped-logo-bellunopress-.jpg","contentUrl":"https:\/\/www.bellunopress.it\/wp-content\/uploads\/2011\/05\/cropped-logo-bellunopress-.jpg","width":512,"height":512,"caption":"Bellunopress"},"image":{"@id":"https:\/\/www.bellunopress.it\/#\/schema\/logo\/image\/"},"sameAs":["https:\/\/www.facebook.com\/profile.php?id=100008943462799","https:\/\/x.com\/bellunopress","https:\/\/www.linkedin.com\/hp\/?dnr=JBzUWaJfMUw8vbXJJ2tVW5-I3jZKvC4wsoxE&amp;amp;amp;amp;amp;amp;trk=nav_responsive_tab_home","https:\/\/www.youtube.com\/channel\/UCxL0wu1uN0_3_7hGG0306cw"]},{"@type":"Person","@id":"https:\/\/www.bellunopress.it\/#\/schema\/person\/79bb06722b37ece1c03d3e94beb30d73","name":"r\u00e9daction","image":{"@type":"ImageObject","inLanguage":"fr-FR","@id":"https:\/\/secure.gravatar.com\/avatar\/37d968a2e67a6fd04c169c4bdef102d0bc5d31b2546345219e348575eb80e9a0?s=96&d=mm&r=g","url":"https:\/\/secure.gravatar.com\/avatar\/37d968a2e67a6fd04c169c4bdef102d0bc5d31b2546345219e348575eb80e9a0?s=96&d=mm&r=g","contentUrl":"https:\/\/secure.gravatar.com\/avatar\/37d968a2e67a6fd04c169c4bdef102d0bc5d31b2546345219e348575eb80e9a0?s=96&d=mm&r=g","caption":"redazione"},"sameAs":["http:\/\/www.bellunopress.it","https:\/\/x.com\/bellunopress"],"url":"https:\/\/www.bellunopress.it\/fr\/author\/redazione\/"}]}},"_links":{"self":[{"href":"https:\/\/www.bellunopress.it\/fr\/wp-json\/wp\/v2\/posts\/152353","targetHints":{"allow":["GET"]}}],"collection":[{"href":"https:\/\/www.bellunopress.it\/fr\/wp-json\/wp\/v2\/posts"}],"about":[{"href":"https:\/\/www.bellunopress.it\/fr\/wp-json\/wp\/v2\/types\/post"}],"author":[{"embeddable":true,"href":"https:\/\/www.bellunopress.it\/fr\/wp-json\/wp\/v2\/users\/2"}],"replies":[{"embeddable":true,"href":"https:\/\/www.bellunopress.it\/fr\/wp-json\/wp\/v2\/comments?post=152353"}],"version-history":[{"count":2,"href":"https:\/\/www.bellunopress.it\/fr\/wp-json\/wp\/v2\/posts\/152353\/revisions"}],"predecessor-version":[{"id":157248,"href":"https:\/\/www.bellunopress.it\/fr\/wp-json\/wp\/v2\/posts\/152353\/revisions\/157248"}],"wp:featuredmedia":[{"embeddable":true,"href":"https:\/\/www.bellunopress.it\/fr\/wp-json\/wp\/v2\/media\/152354"}],"wp:attachment":[{"href":"https:\/\/www.bellunopress.it\/fr\/wp-json\/wp\/v2\/media?parent=152353"}],"wp:term":[{"taxonomy":"category","embeddable":true,"href":"https:\/\/www.bellunopress.it\/fr\/wp-json\/wp\/v2\/categories?post=152353"},{"taxonomy":"post_tag","embeddable":true,"href":"https:\/\/www.bellunopress.it\/fr\/wp-json\/wp\/v2\/tags?post=152353"}],"curies":[{"name":"wp","href":"https:\/\/api.w.org\/{rel}","templated":true}]}}