{"id":152348,"date":"2024-07-14T20:07:58","date_gmt":"2024-07-14T18:07:58","guid":{"rendered":"https:\/\/www.bellunopress.it\/?p=152348"},"modified":"2024-07-14T20:07:58","modified_gmt":"2024-07-14T18:07:58","slug":"festival-degli-aquiloni-un-successo-la-prima-edizione-al-lago-di-santa-croce","status":"publish","type":"post","link":"https:\/\/www.bellunopress.it\/fr\/2024\/07\/14\/festival-degli-aquiloni-un-successo-la-prima-edizione-al-lago-di-santa-croce\/","title":{"rendered":"Festival degli aquiloni: un successo la prima edizione al Lago di Santa Croce"},"content":{"rendered":"<p><em><img loading=\"lazy\" decoding=\"async\" class=\"alignleft size-full wp-image-152349\" src=\"https:\/\/www.bellunopress.it\/wp-content\/uploads\/2024\/07\/festival-aquiloni-s-croce-\u00a9EchidiAlessandroSogne.jpg\" alt=\"\" width=\"1000\" height=\"667\" srcset=\"https:\/\/www.bellunopress.it\/wp-content\/uploads\/2024\/07\/festival-aquiloni-s-croce-\u00a9EchidiAlessandroSogne.jpg 1000w, https:\/\/www.bellunopress.it\/wp-content\/uploads\/2024\/07\/festival-aquiloni-s-croce-\u00a9EchidiAlessandroSogne-500x334.jpg 500w, https:\/\/www.bellunopress.it\/wp-content\/uploads\/2024\/07\/festival-aquiloni-s-croce-\u00a9EchidiAlessandroSogne-630x420.jpg 630w, https:\/\/www.bellunopress.it\/wp-content\/uploads\/2024\/07\/festival-aquiloni-s-croce-\u00a9EchidiAlessandroSogne-696x464.jpg 696w\" sizes=\"auto, (max-width: 1000px) 100vw, 1000px\" \/>Grande partecipazione di pubblico nella due giorni proposta dal Comitato Alpago 2 Ruote &amp; Solidariet\u00e0 insieme a Comune di Alpago, Eventi Volanti, con il supporto di Provincia di Belluno e Camera di Commercio Treviso \u2013 Belluno. Oltre 400 gli aquiloni realizzati dai bambini nei laboratori proposti. Il prossimo appuntamento, sempre in Alpago, \u00e8 l&#8217;Air Show del 28 luglio.<\/em><\/p>\n<p><img loading=\"lazy\" decoding=\"async\" class=\"alignleft size-full wp-image-152350\" src=\"https:\/\/www.bellunopress.it\/wp-content\/uploads\/2024\/07\/dinosauri-lago-s-croce_edited.jpg\" alt=\"\" width=\"1000\" height=\"710\" srcset=\"https:\/\/www.bellunopress.it\/wp-content\/uploads\/2024\/07\/dinosauri-lago-s-croce_edited.jpg 1000w, https:\/\/www.bellunopress.it\/wp-content\/uploads\/2024\/07\/dinosauri-lago-s-croce_edited-500x355.jpg 500w, https:\/\/www.bellunopress.it\/wp-content\/uploads\/2024\/07\/dinosauri-lago-s-croce_edited-592x420.jpg 592w, https:\/\/www.bellunopress.it\/wp-content\/uploads\/2024\/07\/dinosauri-lago-s-croce_edited-696x494.jpg 696w\" sizes=\"auto, (max-width: 1000px) 100vw, 1000px\" \/><\/p>\n<figure id=\"attachment_152351\" aria-describedby=\"caption-attachment-152351\" style=\"width: 1000px\" class=\"wp-caption alignleft\"><img loading=\"lazy\" decoding=\"async\" class=\"size-full wp-image-152351\" src=\"https:\/\/www.bellunopress.it\/wp-content\/uploads\/2024\/07\/Santa-Croce-aquiloni-\u00a9EchidiAlessandroSogne_edited.jpg\" alt=\"\" width=\"1000\" height=\"563\" srcset=\"https:\/\/www.bellunopress.it\/wp-content\/uploads\/2024\/07\/Santa-Croce-aquiloni-\u00a9EchidiAlessandroSogne_edited.jpg 1000w, https:\/\/www.bellunopress.it\/wp-content\/uploads\/2024\/07\/Santa-Croce-aquiloni-\u00a9EchidiAlessandroSogne_edited-500x282.jpg 500w, https:\/\/www.bellunopress.it\/wp-content\/uploads\/2024\/07\/Santa-Croce-aquiloni-\u00a9EchidiAlessandroSogne_edited-746x420.jpg 746w, https:\/\/www.bellunopress.it\/wp-content\/uploads\/2024\/07\/Santa-Croce-aquiloni-\u00a9EchidiAlessandroSogne_edited-696x392.jpg 696w\" sizes=\"auto, (max-width: 1000px) 100vw, 1000px\" \/><figcaption id=\"caption-attachment-152351\" class=\"wp-caption-text\">default<\/figcaption><\/figure>\n<p>Alpago, 14 luglio 2024 \u2013 Buona la prima, anzi buonissima. Il Festival degli Aquiloni, andato in scena sabato 13 e domenica 14 luglio sulla spiaggia di Farra del Lago di Santa Croce, \u00e8 stato un successo. Si \u00e8 trattato di una due giorni ad altissima intensit\u00e0 quella proposta dal Comitato Alpago 2 Ruote &amp; Solidariet\u00e0 insieme a Comune di Alpago, Eventi Volanti e Aics, con il supporto della Provincia di Belluno e con il sostegno e contributo della Camera di Commercio Treviso \u2013 Belluno.<\/p>\n<p>32 aquilonisti provenienti da diverse parti d&#8217;Italia, migliaia di persone accorse, decine di aquiloni statici ed enormi aquiloni gonfiabili a colorare il cielo dell&#8217;Alpago. Oltre alle esibizioni di aquiloni acrobatici e, per i pi\u00f9 piccoli, l&#8217;opportunit\u00e0 di partecipare gratuitamente a laboratori creativi per costruire i propri aquiloni. Sono stati oltre 400 gli aquiloni realizzati durante la due giorni da bambini e ragazzi.<\/p>\n<p>\u00abAbbiamo avuto un pubblico enorme, siamo pi\u00f9 che soddisfatti\u00bb sottolinea Ennio Soccal, presidente del Comitato Alpago 2 Ruote &amp; Solidariet\u00e0. \u00abEra la prima volta che proponevamo un evento di questo genere e possiamo dire che \u00e8 stato un successo. Ringrazio tutti coloro che hanno collaborato all&#8217;iniziativa: dall&#8217;amministrazione di Alpago ad Eventi Volanti, dagli sponsor ai volontari\u00bb.<\/p>\n<p>\u00abUn mare di pubblico per questa aquilonata sul lago di Santa Croce\u00bb dice Filippo Gallina, di Eventi Volanti. \u00abMi piace sottolineare gli oltre quattrocento aquiloni che i pi\u00f9 piccoli hanno potuto costruire con le loro mani, un&#8217;attivit\u00e0 gratuita che \u00e8 stata non solo divertente ma anche educativa, insegnando il rispetto per l&#8217;ambiente: gli aquiloni, infatti, sono stati realizzati utilizzando materiale di recupero. Nei due pomeriggi il vento del lago ci \u00e8 stato amico e lo spettacolo \u00e8 stato imponente. L&#8217;auspicio \u00e8 di poterlo riproporre anche negli anni a venire\u00bb.<\/p>\n<p>\u00abIl Festival degli Aquiloni ha dato il via alla nostra estate, un&#8217;estate di grande vivacit\u00e0\u00bb ha commentato Alberto Peterle, sindaco di Alpago. \u00abIl nostro territorio si presta benissimo a eventi come questo e lavoreremo per riproporre questo spettacolo. Grazie a chi ha lavorato per rendere possibile tutto ci\u00f2\u00bb.<\/p>\n<p>Dopo il Festival degli Aquiloni, il Comitato Alpago 2 Ruote &amp; Solidariet\u00e0 \u00e8 proiettato ora sulla seconda manifestazione dell&#8217;estate 2024, l&#8217;Alpago Air Show. La festa dell&#8217;aria, che ricorder\u00e0 Dario De Felip, il pilota di Pieve d&#8217;Alpago deceduto nello schianto dell&#8217;elisoccorso del 118 &#8220;Falco&#8221; nell&#8217;agosto 2009 a Cortina d&#8217;Ampezzo, \u00e8 in calendario per domenica 28 luglio, sempre alla spiaggia di Farra del Lago di Santa Croce. Come per il Festival degli Aquiloni, anche in questo caso l&#8217;ingresso sar\u00e0 gratuito. La manifestazione verr\u00e0 presentata ufficialmente gioved\u00ec 18 luglio alle 12.15 nella sede di Belluno della Camera di Commercio Treviso \u2013 Belluno.<\/p>\n<p>Poi toccher\u00e0 al Giro del Lago di Santa Croce, l&#8217;evento benefico (il ricavato andr\u00e0 alle associazioni Via di Natale di Aviano e Cucchini di Belluno) che potr\u00e0 essere vissuto correndo, pedalando o pattinando. In questo caso l&#8217;appuntamento \u00e8 per domenica 18 agosto.<\/p>\n<p>&nbsp;<\/p>\n<p>&nbsp;<\/p>","protected":false},"excerpt":{"rendered":"<p>Grande partecipazione di pubblico nella due giorni proposta dal Comitato Alpago 2 Ruote &amp; Solidariet\u00e0 insieme a Comune di Alpago, Eventi Volanti, con il supporto di Provincia di Belluno e Camera di Commercio Treviso \u2013 Belluno. Oltre 400 gli aquiloni realizzati dai bambini nei laboratori proposti. Il prossimo appuntamento, sempre in Alpago, \u00e8 l&#8217;Air Show [&hellip;]<\/p>\n","protected":false},"author":2,"featured_media":152351,"comment_status":"closed","ping_status":"open","sticky":false,"template":"","format":"standard","meta":{"footnotes":""},"categories":[3446,26,4],"tags":[],"class_list":["post-152348","post","type-post","status-publish","format-standard","has-post-thumbnail","category-featured","category-prima-pagina","category-sport"],"yoast_head":"<!-- This site is optimized with the Yoast SEO plugin v28.4 - https:\/\/yoast.com\/product\/yoast-seo-wordpress\/ -->\n<title>Festival degli aquiloni: un successo la prima edizione al Lago di Santa Croce - Bellunopress - Dolomiti<\/title>\n<meta name=\"robots\" content=\"index, follow, max-snippet:-1, max-image-preview:large, max-video-preview:-1\" \/>\n<link rel=\"canonical\" href=\"https:\/\/www.bellunopress.it\/fr\/2024\/07\/14\/festival-degli-aquiloni-un-successo-la-prima-edizione-al-lago-di-santa-croce\/\" \/>\n<meta property=\"og:locale\" content=\"fr_FR\" \/>\n<meta property=\"og:type\" content=\"article\" \/>\n<meta property=\"og:title\" content=\"Festival degli aquiloni: un successo la prima edizione al Lago di Santa Croce - Bellunopress - Dolomiti\" \/>\n<meta property=\"og:description\" content=\"Grande partecipazione di pubblico nella due giorni proposta dal Comitato Alpago 2 Ruote &amp; Solidariet\u00e0 insieme a Comune di Alpago, Eventi Volanti, con il supporto di Provincia di Belluno e Camera di Commercio Treviso \u2013 Belluno. Oltre 400 gli aquiloni realizzati dai bambini nei laboratori proposti. Il prossimo appuntamento, sempre in Alpago, \u00e8 l&#8217;Air Show [&hellip;]\" \/>\n<meta property=\"og:url\" content=\"https:\/\/www.bellunopress.it\/fr\/2024\/07\/14\/festival-degli-aquiloni-un-successo-la-prima-edizione-al-lago-di-santa-croce\/\" \/>\n<meta property=\"og:site_name\" content=\"Bellunopress - Dolomiti\" \/>\n<meta property=\"article:publisher\" content=\"https:\/\/www.facebook.com\/profile.php?id=100008943462799\" \/>\n<meta property=\"article:published_time\" content=\"2024-07-14T18:07:58+00:00\" \/>\n<meta property=\"og:image\" content=\"https:\/\/www.bellunopress.it\/wp-content\/uploads\/2024\/07\/Santa-Croce-aquiloni-\u00a9EchidiAlessandroSogne_edited.jpg\" \/>\n\t<meta property=\"og:image:width\" content=\"1000\" \/>\n\t<meta property=\"og:image:height\" content=\"563\" \/>\n\t<meta property=\"og:image:type\" content=\"image\/jpeg\" \/>\n<meta name=\"author\" content=\"redazione\" \/>\n<meta name=\"twitter:card\" content=\"summary_large_image\" \/>\n<meta name=\"twitter:creator\" content=\"@bellunopress\" \/>\n<meta name=\"twitter:site\" content=\"@bellunopress\" \/>\n<meta name=\"twitter:label1\" content=\"\u00c9crit par\" \/>\n\t<meta name=\"twitter:data1\" content=\"redazione\" \/>\n\t<meta name=\"twitter:label2\" content=\"Dur\u00e9e de lecture estim\u00e9e\" \/>\n\t<meta name=\"twitter:data2\" content=\"3 minutes\" \/>\n<script type=\"application\/ld+json\" class=\"yoast-schema-graph\">{\"@context\":\"https:\\\/\\\/schema.org\",\"@graph\":[{\"@type\":\"Article\",\"@id\":\"https:\\\/\\\/www.bellunopress.it\\\/2024\\\/07\\\/14\\\/festival-degli-aquiloni-un-successo-la-prima-edizione-al-lago-di-santa-croce\\\/#article\",\"isPartOf\":{\"@id\":\"https:\\\/\\\/www.bellunopress.it\\\/2024\\\/07\\\/14\\\/festival-degli-aquiloni-un-successo-la-prima-edizione-al-lago-di-santa-croce\\\/\"},\"author\":{\"name\":\"redazione\",\"@id\":\"https:\\\/\\\/www.bellunopress.it\\\/#\\\/schema\\\/person\\\/79bb06722b37ece1c03d3e94beb30d73\"},\"headline\":\"Festival degli aquiloni: un successo la prima edizione al Lago di Santa Croce\",\"datePublished\":\"2024-07-14T18:07:58+00:00\",\"mainEntityOfPage\":{\"@id\":\"https:\\\/\\\/www.bellunopress.it\\\/2024\\\/07\\\/14\\\/festival-degli-aquiloni-un-successo-la-prima-edizione-al-lago-di-santa-croce\\\/\"},\"wordCount\":547,\"publisher\":{\"@id\":\"https:\\\/\\\/www.bellunopress.it\\\/#organization\"},\"image\":{\"@id\":\"https:\\\/\\\/www.bellunopress.it\\\/2024\\\/07\\\/14\\\/festival-degli-aquiloni-un-successo-la-prima-edizione-al-lago-di-santa-croce\\\/#primaryimage\"},\"thumbnailUrl\":\"https:\\\/\\\/www.bellunopress.it\\\/wp-content\\\/uploads\\\/2024\\\/07\\\/Santa-Croce-aquiloni-\u00a9EchidiAlessandroSogne_edited.jpg\",\"articleSection\":[\"Featured\",\"Prima Pagina\",\"Sport, tempo libero\"],\"inLanguage\":\"fr-FR\"},{\"@type\":\"WebPage\",\"@id\":\"https:\\\/\\\/www.bellunopress.it\\\/2024\\\/07\\\/14\\\/festival-degli-aquiloni-un-successo-la-prima-edizione-al-lago-di-santa-croce\\\/\",\"url\":\"https:\\\/\\\/www.bellunopress.it\\\/2024\\\/07\\\/14\\\/festival-degli-aquiloni-un-successo-la-prima-edizione-al-lago-di-santa-croce\\\/\",\"name\":\"Festival degli aquiloni: un successo la prima edizione al Lago di Santa Croce - Bellunopress - Dolomiti\",\"isPartOf\":{\"@id\":\"https:\\\/\\\/www.bellunopress.it\\\/#website\"},\"primaryImageOfPage\":{\"@id\":\"https:\\\/\\\/www.bellunopress.it\\\/2024\\\/07\\\/14\\\/festival-degli-aquiloni-un-successo-la-prima-edizione-al-lago-di-santa-croce\\\/#primaryimage\"},\"image\":{\"@id\":\"https:\\\/\\\/www.bellunopress.it\\\/2024\\\/07\\\/14\\\/festival-degli-aquiloni-un-successo-la-prima-edizione-al-lago-di-santa-croce\\\/#primaryimage\"},\"thumbnailUrl\":\"https:\\\/\\\/www.bellunopress.it\\\/wp-content\\\/uploads\\\/2024\\\/07\\\/Santa-Croce-aquiloni-\u00a9EchidiAlessandroSogne_edited.jpg\",\"datePublished\":\"2024-07-14T18:07:58+00:00\",\"breadcrumb\":{\"@id\":\"https:\\\/\\\/www.bellunopress.it\\\/2024\\\/07\\\/14\\\/festival-degli-aquiloni-un-successo-la-prima-edizione-al-lago-di-santa-croce\\\/#breadcrumb\"},\"inLanguage\":\"fr-FR\",\"potentialAction\":[{\"@type\":\"ReadAction\",\"target\":[\"https:\\\/\\\/www.bellunopress.it\\\/2024\\\/07\\\/14\\\/festival-degli-aquiloni-un-successo-la-prima-edizione-al-lago-di-santa-croce\\\/\"]}]},{\"@type\":\"ImageObject\",\"inLanguage\":\"fr-FR\",\"@id\":\"https:\\\/\\\/www.bellunopress.it\\\/2024\\\/07\\\/14\\\/festival-degli-aquiloni-un-successo-la-prima-edizione-al-lago-di-santa-croce\\\/#primaryimage\",\"url\":\"https:\\\/\\\/www.bellunopress.it\\\/wp-content\\\/uploads\\\/2024\\\/07\\\/Santa-Croce-aquiloni-\u00a9EchidiAlessandroSogne_edited.jpg\",\"contentUrl\":\"https:\\\/\\\/www.bellunopress.it\\\/wp-content\\\/uploads\\\/2024\\\/07\\\/Santa-Croce-aquiloni-\u00a9EchidiAlessandroSogne_edited.jpg\",\"width\":1000,\"height\":563,\"caption\":\"Santa Croce, Festival degli aquiloni (Foto: \u00a9EchidiAlessandroSogne)\"},{\"@type\":\"BreadcrumbList\",\"@id\":\"https:\\\/\\\/www.bellunopress.it\\\/2024\\\/07\\\/14\\\/festival-degli-aquiloni-un-successo-la-prima-edizione-al-lago-di-santa-croce\\\/#breadcrumb\",\"itemListElement\":[{\"@type\":\"ListItem\",\"position\":1,\"name\":\"Home\",\"item\":\"https:\\\/\\\/www.bellunopress.it\\\/\"},{\"@type\":\"ListItem\",\"position\":2,\"name\":\"Festival degli aquiloni: un successo la prima edizione al Lago di Santa Croce\"}]},{\"@type\":\"WebSite\",\"@id\":\"https:\\\/\\\/www.bellunopress.it\\\/#website\",\"url\":\"https:\\\/\\\/www.bellunopress.it\\\/\",\"name\":\"Bellunopress - Dolomiti\",\"description\":\"e-mail: redazione@bellunopress.it\",\"publisher\":{\"@id\":\"https:\\\/\\\/www.bellunopress.it\\\/#organization\"},\"potentialAction\":[{\"@type\":\"SearchAction\",\"target\":{\"@type\":\"EntryPoint\",\"urlTemplate\":\"https:\\\/\\\/www.bellunopress.it\\\/?s={search_term_string}\"},\"query-input\":{\"@type\":\"PropertyValueSpecification\",\"valueRequired\":true,\"valueName\":\"search_term_string\"}}],\"inLanguage\":\"fr-FR\"},{\"@type\":\"Organization\",\"@id\":\"https:\\\/\\\/www.bellunopress.it\\\/#organization\",\"name\":\"Bellunopress\",\"url\":\"https:\\\/\\\/www.bellunopress.it\\\/\",\"logo\":{\"@type\":\"ImageObject\",\"inLanguage\":\"fr-FR\",\"@id\":\"https:\\\/\\\/www.bellunopress.it\\\/#\\\/schema\\\/logo\\\/image\\\/\",\"url\":\"https:\\\/\\\/www.bellunopress.it\\\/wp-content\\\/uploads\\\/2011\\\/05\\\/cropped-logo-bellunopress-.jpg\",\"contentUrl\":\"https:\\\/\\\/www.bellunopress.it\\\/wp-content\\\/uploads\\\/2011\\\/05\\\/cropped-logo-bellunopress-.jpg\",\"width\":512,\"height\":512,\"caption\":\"Bellunopress\"},\"image\":{\"@id\":\"https:\\\/\\\/www.bellunopress.it\\\/#\\\/schema\\\/logo\\\/image\\\/\"},\"sameAs\":[\"https:\\\/\\\/www.facebook.com\\\/profile.php?id=100008943462799\",\"https:\\\/\\\/x.com\\\/bellunopress\",\"https:\\\/\\\/www.linkedin.com\\\/hp\\\/?dnr=JBzUWaJfMUw8vbXJJ2tVW5-I3jZKvC4wsoxE&amp;amp;amp;amp;amp;amp;trk=nav_responsive_tab_home\",\"https:\\\/\\\/www.youtube.com\\\/channel\\\/UCxL0wu1uN0_3_7hGG0306cw\"]},{\"@type\":\"Person\",\"@id\":\"https:\\\/\\\/www.bellunopress.it\\\/#\\\/schema\\\/person\\\/79bb06722b37ece1c03d3e94beb30d73\",\"name\":\"redazione\",\"image\":{\"@type\":\"ImageObject\",\"inLanguage\":\"fr-FR\",\"@id\":\"https:\\\/\\\/secure.gravatar.com\\\/avatar\\\/37d968a2e67a6fd04c169c4bdef102d0bc5d31b2546345219e348575eb80e9a0?s=96&d=mm&r=g\",\"url\":\"https:\\\/\\\/secure.gravatar.com\\\/avatar\\\/37d968a2e67a6fd04c169c4bdef102d0bc5d31b2546345219e348575eb80e9a0?s=96&d=mm&r=g\",\"contentUrl\":\"https:\\\/\\\/secure.gravatar.com\\\/avatar\\\/37d968a2e67a6fd04c169c4bdef102d0bc5d31b2546345219e348575eb80e9a0?s=96&d=mm&r=g\",\"caption\":\"redazione\"},\"sameAs\":[\"http:\\\/\\\/www.bellunopress.it\",\"https:\\\/\\\/x.com\\\/bellunopress\"],\"url\":\"https:\\\/\\\/www.bellunopress.it\\\/fr\\\/author\\\/redazione\\\/\"}]}<\/script>\n<!-- \/ Yoast SEO plugin. -->","yoast_head_json":{"title":"Festival degli aquiloni: un successo la prima edizione al Lago di Santa Croce - Bellunopress - Dolomiti","robots":{"index":"index","follow":"follow","max-snippet":"max-snippet:-1","max-image-preview":"max-image-preview:large","max-video-preview":"max-video-preview:-1"},"canonical":"https:\/\/www.bellunopress.it\/fr\/2024\/07\/14\/festival-degli-aquiloni-un-successo-la-prima-edizione-al-lago-di-santa-croce\/","og_locale":"fr_FR","og_type":"article","og_title":"Festival degli aquiloni: un successo la prima edizione al Lago di Santa Croce - Bellunopress - Dolomiti","og_description":"Grande partecipazione di pubblico nella due giorni proposta dal Comitato Alpago 2 Ruote &amp; Solidariet\u00e0 insieme a Comune di Alpago, Eventi Volanti, con il supporto di Provincia di Belluno e Camera di Commercio Treviso \u2013 Belluno. Oltre 400 gli aquiloni realizzati dai bambini nei laboratori proposti. Il prossimo appuntamento, sempre in Alpago, \u00e8 l&#8217;Air Show [&hellip;]","og_url":"https:\/\/www.bellunopress.it\/fr\/2024\/07\/14\/festival-degli-aquiloni-un-successo-la-prima-edizione-al-lago-di-santa-croce\/","og_site_name":"Bellunopress - Dolomiti","article_publisher":"https:\/\/www.facebook.com\/profile.php?id=100008943462799","article_published_time":"2024-07-14T18:07:58+00:00","og_image":[{"width":1000,"height":563,"url":"https:\/\/www.bellunopress.it\/wp-content\/uploads\/2024\/07\/Santa-Croce-aquiloni-\u00a9EchidiAlessandroSogne_edited.jpg","type":"image\/jpeg"}],"author":"redazione","twitter_card":"summary_large_image","twitter_creator":"@bellunopress","twitter_site":"@bellunopress","twitter_misc":{"\u00c9crit par":"redazione","Dur\u00e9e de lecture estim\u00e9e":"3 minutes"},"schema":{"@context":"https:\/\/schema.org","@graph":[{"@type":"Article","@id":"https:\/\/www.bellunopress.it\/2024\/07\/14\/festival-degli-aquiloni-un-successo-la-prima-edizione-al-lago-di-santa-croce\/#article","isPartOf":{"@id":"https:\/\/www.bellunopress.it\/2024\/07\/14\/festival-degli-aquiloni-un-successo-la-prima-edizione-al-lago-di-santa-croce\/"},"author":{"name":"redazione","@id":"https:\/\/www.bellunopress.it\/#\/schema\/person\/79bb06722b37ece1c03d3e94beb30d73"},"headline":"Festival degli aquiloni: un successo la prima edizione al Lago di Santa Croce","datePublished":"2024-07-14T18:07:58+00:00","mainEntityOfPage":{"@id":"https:\/\/www.bellunopress.it\/2024\/07\/14\/festival-degli-aquiloni-un-successo-la-prima-edizione-al-lago-di-santa-croce\/"},"wordCount":547,"publisher":{"@id":"https:\/\/www.bellunopress.it\/#organization"},"image":{"@id":"https:\/\/www.bellunopress.it\/2024\/07\/14\/festival-degli-aquiloni-un-successo-la-prima-edizione-al-lago-di-santa-croce\/#primaryimage"},"thumbnailUrl":"https:\/\/www.bellunopress.it\/wp-content\/uploads\/2024\/07\/Santa-Croce-aquiloni-\u00a9EchidiAlessandroSogne_edited.jpg","articleSection":["Featured","Prima Pagina","Sport, tempo libero"],"inLanguage":"fr-FR"},{"@type":"WebPage","@id":"https:\/\/www.bellunopress.it\/2024\/07\/14\/festival-degli-aquiloni-un-successo-la-prima-edizione-al-lago-di-santa-croce\/","url":"https:\/\/www.bellunopress.it\/2024\/07\/14\/festival-degli-aquiloni-un-successo-la-prima-edizione-al-lago-di-santa-croce\/","name":"Festival degli aquiloni: un successo la prima edizione al Lago di Santa Croce - Bellunopress - Dolomiti","isPartOf":{"@id":"https:\/\/www.bellunopress.it\/#website"},"primaryImageOfPage":{"@id":"https:\/\/www.bellunopress.it\/2024\/07\/14\/festival-degli-aquiloni-un-successo-la-prima-edizione-al-lago-di-santa-croce\/#primaryimage"},"image":{"@id":"https:\/\/www.bellunopress.it\/2024\/07\/14\/festival-degli-aquiloni-un-successo-la-prima-edizione-al-lago-di-santa-croce\/#primaryimage"},"thumbnailUrl":"https:\/\/www.bellunopress.it\/wp-content\/uploads\/2024\/07\/Santa-Croce-aquiloni-\u00a9EchidiAlessandroSogne_edited.jpg","datePublished":"2024-07-14T18:07:58+00:00","breadcrumb":{"@id":"https:\/\/www.bellunopress.it\/2024\/07\/14\/festival-degli-aquiloni-un-successo-la-prima-edizione-al-lago-di-santa-croce\/#breadcrumb"},"inLanguage":"fr-FR","potentialAction":[{"@type":"ReadAction","target":["https:\/\/www.bellunopress.it\/2024\/07\/14\/festival-degli-aquiloni-un-successo-la-prima-edizione-al-lago-di-santa-croce\/"]}]},{"@type":"ImageObject","inLanguage":"fr-FR","@id":"https:\/\/www.bellunopress.it\/2024\/07\/14\/festival-degli-aquiloni-un-successo-la-prima-edizione-al-lago-di-santa-croce\/#primaryimage","url":"https:\/\/www.bellunopress.it\/wp-content\/uploads\/2024\/07\/Santa-Croce-aquiloni-\u00a9EchidiAlessandroSogne_edited.jpg","contentUrl":"https:\/\/www.bellunopress.it\/wp-content\/uploads\/2024\/07\/Santa-Croce-aquiloni-\u00a9EchidiAlessandroSogne_edited.jpg","width":1000,"height":563,"caption":"Santa Croce, Festival degli aquiloni (Foto: \u00a9EchidiAlessandroSogne)"},{"@type":"BreadcrumbList","@id":"https:\/\/www.bellunopress.it\/2024\/07\/14\/festival-degli-aquiloni-un-successo-la-prima-edizione-al-lago-di-santa-croce\/#breadcrumb","itemListElement":[{"@type":"ListItem","position":1,"name":"Home","item":"https:\/\/www.bellunopress.it\/"},{"@type":"ListItem","position":2,"name":"Festival degli aquiloni: un successo la prima edizione al Lago di Santa Croce"}]},{"@type":"WebSite","@id":"https:\/\/www.bellunopress.it\/#website","url":"https:\/\/www.bellunopress.it\/","name":"Bellunopress - Dolomiti","description":"e-mail: redazione@bellunopress.it","publisher":{"@id":"https:\/\/www.bellunopress.it\/#organization"},"potentialAction":[{"@type":"SearchAction","target":{"@type":"EntryPoint","urlTemplate":"https:\/\/www.bellunopress.it\/?s={search_term_string}"},"query-input":{"@type":"PropertyValueSpecification","valueRequired":true,"valueName":"search_term_string"}}],"inLanguage":"fr-FR"},{"@type":"Organization","@id":"https:\/\/www.bellunopress.it\/#organization","name":"Bellunopress","url":"https:\/\/www.bellunopress.it\/","logo":{"@type":"ImageObject","inLanguage":"fr-FR","@id":"https:\/\/www.bellunopress.it\/#\/schema\/logo\/image\/","url":"https:\/\/www.bellunopress.it\/wp-content\/uploads\/2011\/05\/cropped-logo-bellunopress-.jpg","contentUrl":"https:\/\/www.bellunopress.it\/wp-content\/uploads\/2011\/05\/cropped-logo-bellunopress-.jpg","width":512,"height":512,"caption":"Bellunopress"},"image":{"@id":"https:\/\/www.bellunopress.it\/#\/schema\/logo\/image\/"},"sameAs":["https:\/\/www.facebook.com\/profile.php?id=100008943462799","https:\/\/x.com\/bellunopress","https:\/\/www.linkedin.com\/hp\/?dnr=JBzUWaJfMUw8vbXJJ2tVW5-I3jZKvC4wsoxE&amp;amp;amp;amp;amp;amp;trk=nav_responsive_tab_home","https:\/\/www.youtube.com\/channel\/UCxL0wu1uN0_3_7hGG0306cw"]},{"@type":"Person","@id":"https:\/\/www.bellunopress.it\/#\/schema\/person\/79bb06722b37ece1c03d3e94beb30d73","name":"r\u00e9daction","image":{"@type":"ImageObject","inLanguage":"fr-FR","@id":"https:\/\/secure.gravatar.com\/avatar\/37d968a2e67a6fd04c169c4bdef102d0bc5d31b2546345219e348575eb80e9a0?s=96&d=mm&r=g","url":"https:\/\/secure.gravatar.com\/avatar\/37d968a2e67a6fd04c169c4bdef102d0bc5d31b2546345219e348575eb80e9a0?s=96&d=mm&r=g","contentUrl":"https:\/\/secure.gravatar.com\/avatar\/37d968a2e67a6fd04c169c4bdef102d0bc5d31b2546345219e348575eb80e9a0?s=96&d=mm&r=g","caption":"redazione"},"sameAs":["http:\/\/www.bellunopress.it","https:\/\/x.com\/bellunopress"],"url":"https:\/\/www.bellunopress.it\/fr\/author\/redazione\/"}]}},"_links":{"self":[{"href":"https:\/\/www.bellunopress.it\/fr\/wp-json\/wp\/v2\/posts\/152348","targetHints":{"allow":["GET"]}}],"collection":[{"href":"https:\/\/www.bellunopress.it\/fr\/wp-json\/wp\/v2\/posts"}],"about":[{"href":"https:\/\/www.bellunopress.it\/fr\/wp-json\/wp\/v2\/types\/post"}],"author":[{"embeddable":true,"href":"https:\/\/www.bellunopress.it\/fr\/wp-json\/wp\/v2\/users\/2"}],"replies":[{"embeddable":true,"href":"https:\/\/www.bellunopress.it\/fr\/wp-json\/wp\/v2\/comments?post=152348"}],"version-history":[{"count":1,"href":"https:\/\/www.bellunopress.it\/fr\/wp-json\/wp\/v2\/posts\/152348\/revisions"}],"predecessor-version":[{"id":152352,"href":"https:\/\/www.bellunopress.it\/fr\/wp-json\/wp\/v2\/posts\/152348\/revisions\/152352"}],"wp:featuredmedia":[{"embeddable":true,"href":"https:\/\/www.bellunopress.it\/fr\/wp-json\/wp\/v2\/media\/152351"}],"wp:attachment":[{"href":"https:\/\/www.bellunopress.it\/fr\/wp-json\/wp\/v2\/media?parent=152348"}],"wp:term":[{"taxonomy":"category","embeddable":true,"href":"https:\/\/www.bellunopress.it\/fr\/wp-json\/wp\/v2\/categories?post=152348"},{"taxonomy":"post_tag","embeddable":true,"href":"https:\/\/www.bellunopress.it\/fr\/wp-json\/wp\/v2\/tags?post=152348"}],"curies":[{"name":"wp","href":"https:\/\/api.w.org\/{rel}","templated":true}]}}