{"id":152340,"date":"2024-07-14T17:05:19","date_gmt":"2024-07-14T15:05:19","guid":{"rendered":"https:\/\/www.bellunopress.it\/?p=152340"},"modified":"2024-07-14T17:06:15","modified_gmt":"2024-07-14T15:06:15","slug":"auronzo-due-anni-dopo-le-elezioni-tatiana-pais-becher-gruppo-insieme-per-auronzo-trascuratezza-e-abbandono-nel-clou-della-stagione-turistica","status":"publish","type":"post","link":"https:\/\/www.bellunopress.it\/fr\/2024\/07\/14\/auronzo-due-anni-dopo-le-elezioni-tatiana-pais-becher-gruppo-insieme-per-auronzo-trascuratezza-e-abbandono-nel-clou-della-stagione-turistica\/","title":{"rendered":"Auronzo due anni dopo le elezioni. Tatiana Pais Becher (Gruppo Insieme per Auronzo): &#8220;Trascuratezza e abbandono nel clou della stagione turistica&#8221;"},"content":{"rendered":"<p><img loading=\"lazy\" decoding=\"async\" class=\"alignleft size-full wp-image-37340\" src=\"https:\/\/www.bellunopress.it\/wp-content\/uploads\/2012\/04\/insieme-per-auronzo.jpg\" alt=\"\" width=\"150\" height=\"151\" \/><img loading=\"lazy\" decoding=\"async\" class=\"alignleft size-full wp-image-152341\" src=\"https:\/\/www.bellunopress.it\/wp-content\/uploads\/2024\/07\/Auronzo-di-cadore-gruppo-minoranza-trascuratezza-a-2-anni-dal-voto_edited.jpg\" alt=\"\" width=\"1000\" height=\"750\" srcset=\"https:\/\/www.bellunopress.it\/wp-content\/uploads\/2024\/07\/Auronzo-di-cadore-gruppo-minoranza-trascuratezza-a-2-anni-dal-voto_edited.jpg 1000w, https:\/\/www.bellunopress.it\/wp-content\/uploads\/2024\/07\/Auronzo-di-cadore-gruppo-minoranza-trascuratezza-a-2-anni-dal-voto_edited-500x375.jpg 500w, https:\/\/www.bellunopress.it\/wp-content\/uploads\/2024\/07\/Auronzo-di-cadore-gruppo-minoranza-trascuratezza-a-2-anni-dal-voto_edited-560x420.jpg 560w, https:\/\/www.bellunopress.it\/wp-content\/uploads\/2024\/07\/Auronzo-di-cadore-gruppo-minoranza-trascuratezza-a-2-anni-dal-voto_edited-80x60.jpg 80w, https:\/\/www.bellunopress.it\/wp-content\/uploads\/2024\/07\/Auronzo-di-cadore-gruppo-minoranza-trascuratezza-a-2-anni-dal-voto_edited-696x522.jpg 696w\" sizes=\"auto, (max-width: 1000px) 100vw, 1000px\" \/>Auronzo di Cadore, 14 luglio 2024 &#8211; &#8220;Con l\u2019arrivo della Lazio siamo entrati nel clou della stagione turistica estiva e purtroppo dobbiamo constatare, anche su segnalazione di numerosi cittadini, che il paese appare molto trascurato con una mancanza pressoch\u00e9 totale delle opere di manutenzione ordinaria&#8221;.<\/p>\n<p>Lo sostiene in una nota Tatiana Pais Becher, per il Gruppo di minoranza in consiglio comunale di Auronzo di Cadore.<\/p>\n<p>&#8220;Ci facciamo pertanto portavoce dei numerosi cittadini, residenti e turisti, che ci contattano per chiedere spiegazioni sullo stato di abbandono in cui versa il paese alla met\u00e0 di luglio, nonostante molti interventi siano stati affidati esternamente, a due anni dall\u2019insediamento della nuova Amministrazione Comunale:<\/p>\n<p>&#8211; la segnaletica orizzontale,che l\u2019anno scorso non era stata completata, si sta eseguendo solamente in questi giorni;<br \/>\n&#8211; la ciclabile che da Auronzo sale a Misurina \u00e8 rimasta chiusa fino a due giorni fa, con il disagio di numerosi turisti che ignari avevano noleggiato le biciclette per percorrerla;<br \/>\n&#8211; i lavori di difesa idrogeologica che si stanno svolgendo sulla sinistra orografica del fiume Ansiei stanno deturpando il tratto di ciclabile da Taiarezze a Giralba; gli accordi presi dalla nostra amministrazione con la Regione prevedevano un altro tipo di intervento con un riempimento che avrebbe permesso la creazione di un\u2019altra pista ciclabile sulla destra orografica; rammentiamo che il finanziamento di circa 4 milioni era stato ottenuto nel 2019\/20 chiedendo di accedere ai fondi post Vaia per la sicurezza idrogeologica e prevede un intervento sull\u2019alveo dell\u2019Ansiei dal torrente Giralba fino al ponte di Transacqua;<br \/>\n&#8211; il lago di Santa Caterina, di competenza di Enel e Provincia, per il quale la nostra amministrazione aveva previsto e sollecitato urgentemente un intervento annuale di sghiaiamento, versa in uno stato mai visto prima con una quantit\u00e0 di ghiaia enorme, causando danno al turismo stesso;<br \/>\n&#8211; la situazione dei camper che sostano selvaggiamente sui parcheggi auto dell\u2019aerea di Transacqua e di Taiarezze, mentre l\u2019apposita piazzola per i camper rimane vuota, appare peggiorata;<br \/>\n&#8211; la strada delle Tre Cime di Lavaredo presenta lo stesso identico problema delle code ormai quotidiane e sempre pi\u00f9 di buon mattino, visto il costante aumento del flusso di turisti; ci chiediamo perch\u00e9 non siano stati adottati i tanto decantati provvedimenti che avrebbero risolto ogni problema?<br \/>\n&#8211; lo stadio del ghiaccio versa nello stesso stato di abbandono e i lavori di abbattimento della copertura , che l\u2019amministrazione attuale aveva propagandato come imminenti, non sono mai partiti;<br \/>\n&#8211; i lavori al ponte Malon, anch\u2019essi finanziati grazie all\u2019interessamento della nostra amministrazione, dopo 2 anni di pausa, dovevano riprendere a fine giugno (le ditte erano gi\u00e0 pronte per iniziare), ma sono stati bloccati senza motivazioni plausibili dalla stessa amministrazione;<br \/>\n&#8211; il decoro urbano del paese e lo stato di abbandono dei marciapiedi appaiono imbarazzanti: in due anni non sono partiti i lavori di manutenzione nemmeno per il tratto di marciapiede che va dalla piazza di Reane a Rizio, tratto che era gi\u00e0 stato progettato e finanziato ancora nel 2021; il manto stradale della strada che sale da Misurina alle Tre Cime, in prossimit\u00e0 della casa Primavera, \u00e8 rovinato con la presenza di buche continue che, oltre a rappresentare un pericolo per la sicurezza stradale, ne fanno un pessimo biglietto da visita per i turisti che salgono al Rifugio Auronzo;<br \/>\n&#8211; gioved\u00ec il paese ha accolto la squadra della S.S. Lazio, in ritiro ormai per il 17esimo anno, senza alcun segno di benvenuto: dove sono state messe tutte le bandiere, di propriet\u00e0 comunale, della squadra calcistica e dell\u2019Italia che solitamente addobbavano il nostro paese&#8221;?<\/p>\n<p>&#8220;Il gruppo di minoranza\u00a0 &#8211; conclude la nota &#8211; esprime la propria preoccupazione per un paese che appare dimenticato a s\u00e9 stesso a met\u00e0 del mese luglio e chiede all\u2019Amministrazione minore propaganda e maggiore programmazione e concretezza.<br \/>\nCi troviamo di fronte a un pessimo biglietto da visita per i turisti che sono arrivati e arriveranno in paese, un inspiegabile ritardo nei lavori che non trova alcuna giustificazione plausibile&#8221;!<\/p>\n<p>&nbsp;<\/p>","protected":false},"excerpt":{"rendered":"<p>Auronzo di Cadore, 14 luglio 2024 &#8211; &#8220;Con l\u2019arrivo della Lazio siamo entrati nel clou della stagione turistica estiva e purtroppo dobbiamo constatare, anche su segnalazione di numerosi cittadini, che il paese appare molto trascurato con una mancanza pressoch\u00e9 totale delle opere di manutenzione ordinaria&#8221;. Lo sostiene in una nota Tatiana Pais Becher, per il [&hellip;]<\/p>\n","protected":false},"author":2,"featured_media":152341,"comment_status":"closed","ping_status":"open","sticky":false,"template":"","format":"standard","meta":{"footnotes":""},"categories":[5,26],"tags":[],"class_list":["post-152340","post","type-post","status-publish","format-standard","has-post-thumbnail","category-cronaca","category-prima-pagina"],"yoast_head":"<!-- This site is optimized with the Yoast SEO plugin v28.4 - https:\/\/yoast.com\/product\/yoast-seo-wordpress\/ -->\n<title>Auronzo due anni dopo le elezioni. Tatiana Pais Becher (Gruppo Insieme per Auronzo): &quot;Trascuratezza e abbandono nel clou della stagione turistica&quot; - Bellunopress - Dolomiti<\/title>\n<meta name=\"robots\" content=\"index, follow, max-snippet:-1, max-image-preview:large, max-video-preview:-1\" \/>\n<link rel=\"canonical\" href=\"https:\/\/www.bellunopress.it\/fr\/2024\/07\/14\/auronzo-due-anni-dopo-le-elezioni-tatiana-pais-becher-gruppo-insieme-per-auronzo-trascuratezza-e-abbandono-nel-clou-della-stagione-turistica\/\" \/>\n<meta property=\"og:locale\" content=\"fr_FR\" \/>\n<meta property=\"og:type\" content=\"article\" \/>\n<meta property=\"og:title\" content=\"Auronzo due anni dopo le elezioni. Tatiana Pais Becher (Gruppo Insieme per Auronzo): &quot;Trascuratezza e abbandono nel clou della stagione turistica&quot; - Bellunopress - Dolomiti\" \/>\n<meta property=\"og:description\" content=\"Auronzo di Cadore, 14 luglio 2024 &#8211; &#8220;Con l\u2019arrivo della Lazio siamo entrati nel clou della stagione turistica estiva e purtroppo dobbiamo constatare, anche su segnalazione di numerosi cittadini, che il paese appare molto trascurato con una mancanza pressoch\u00e9 totale delle opere di manutenzione ordinaria&#8221;. Lo sostiene in una nota Tatiana Pais Becher, per il [&hellip;]\" \/>\n<meta property=\"og:url\" content=\"https:\/\/www.bellunopress.it\/fr\/2024\/07\/14\/auronzo-due-anni-dopo-le-elezioni-tatiana-pais-becher-gruppo-insieme-per-auronzo-trascuratezza-e-abbandono-nel-clou-della-stagione-turistica\/\" \/>\n<meta property=\"og:site_name\" content=\"Bellunopress - Dolomiti\" \/>\n<meta property=\"article:publisher\" content=\"https:\/\/www.facebook.com\/profile.php?id=100008943462799\" \/>\n<meta property=\"article:published_time\" content=\"2024-07-14T15:05:19+00:00\" \/>\n<meta property=\"article:modified_time\" content=\"2024-07-14T15:06:15+00:00\" \/>\n<meta property=\"og:image\" content=\"https:\/\/www.bellunopress.it\/wp-content\/uploads\/2024\/07\/Auronzo-di-cadore-gruppo-minoranza-trascuratezza-a-2-anni-dal-voto_edited.jpg\" \/>\n\t<meta property=\"og:image:width\" content=\"1000\" \/>\n\t<meta property=\"og:image:height\" content=\"750\" \/>\n\t<meta property=\"og:image:type\" content=\"image\/jpeg\" \/>\n<meta name=\"author\" content=\"redazione\" \/>\n<meta name=\"twitter:card\" content=\"summary_large_image\" \/>\n<meta name=\"twitter:creator\" content=\"@bellunopress\" \/>\n<meta name=\"twitter:site\" content=\"@bellunopress\" \/>\n<meta name=\"twitter:label1\" content=\"\u00c9crit par\" \/>\n\t<meta name=\"twitter:data1\" content=\"redazione\" \/>\n\t<meta name=\"twitter:label2\" content=\"Dur\u00e9e de lecture estim\u00e9e\" \/>\n\t<meta name=\"twitter:data2\" content=\"3 minutes\" \/>\n<script type=\"application\/ld+json\" class=\"yoast-schema-graph\">{\"@context\":\"https:\\\/\\\/schema.org\",\"@graph\":[{\"@type\":\"Article\",\"@id\":\"https:\\\/\\\/www.bellunopress.it\\\/2024\\\/07\\\/14\\\/auronzo-due-anni-dopo-le-elezioni-tatiana-pais-becher-gruppo-insieme-per-auronzo-trascuratezza-e-abbandono-nel-clou-della-stagione-turistica\\\/#article\",\"isPartOf\":{\"@id\":\"https:\\\/\\\/www.bellunopress.it\\\/2024\\\/07\\\/14\\\/auronzo-due-anni-dopo-le-elezioni-tatiana-pais-becher-gruppo-insieme-per-auronzo-trascuratezza-e-abbandono-nel-clou-della-stagione-turistica\\\/\"},\"author\":{\"name\":\"redazione\",\"@id\":\"https:\\\/\\\/www.bellunopress.it\\\/#\\\/schema\\\/person\\\/79bb06722b37ece1c03d3e94beb30d73\"},\"headline\":\"Auronzo due anni dopo le elezioni. Tatiana Pais Becher (Gruppo Insieme per Auronzo): &#8220;Trascuratezza e abbandono nel clou della stagione turistica&#8221;\",\"datePublished\":\"2024-07-14T15:05:19+00:00\",\"dateModified\":\"2024-07-14T15:06:15+00:00\",\"mainEntityOfPage\":{\"@id\":\"https:\\\/\\\/www.bellunopress.it\\\/2024\\\/07\\\/14\\\/auronzo-due-anni-dopo-le-elezioni-tatiana-pais-becher-gruppo-insieme-per-auronzo-trascuratezza-e-abbandono-nel-clou-della-stagione-turistica\\\/\"},\"wordCount\":681,\"publisher\":{\"@id\":\"https:\\\/\\\/www.bellunopress.it\\\/#organization\"},\"image\":{\"@id\":\"https:\\\/\\\/www.bellunopress.it\\\/2024\\\/07\\\/14\\\/auronzo-due-anni-dopo-le-elezioni-tatiana-pais-becher-gruppo-insieme-per-auronzo-trascuratezza-e-abbandono-nel-clou-della-stagione-turistica\\\/#primaryimage\"},\"thumbnailUrl\":\"https:\\\/\\\/www.bellunopress.it\\\/wp-content\\\/uploads\\\/2024\\\/07\\\/Auronzo-di-cadore-gruppo-minoranza-trascuratezza-a-2-anni-dal-voto_edited.jpg\",\"articleSection\":[\"Cronaca\\\/Politica\",\"Prima Pagina\"],\"inLanguage\":\"fr-FR\"},{\"@type\":\"WebPage\",\"@id\":\"https:\\\/\\\/www.bellunopress.it\\\/2024\\\/07\\\/14\\\/auronzo-due-anni-dopo-le-elezioni-tatiana-pais-becher-gruppo-insieme-per-auronzo-trascuratezza-e-abbandono-nel-clou-della-stagione-turistica\\\/\",\"url\":\"https:\\\/\\\/www.bellunopress.it\\\/2024\\\/07\\\/14\\\/auronzo-due-anni-dopo-le-elezioni-tatiana-pais-becher-gruppo-insieme-per-auronzo-trascuratezza-e-abbandono-nel-clou-della-stagione-turistica\\\/\",\"name\":\"Auronzo due anni dopo le elezioni. Tatiana Pais Becher (Gruppo Insieme per Auronzo): \\\"Trascuratezza e abbandono nel clou della stagione turistica\\\" - Bellunopress - Dolomiti\",\"isPartOf\":{\"@id\":\"https:\\\/\\\/www.bellunopress.it\\\/#website\"},\"primaryImageOfPage\":{\"@id\":\"https:\\\/\\\/www.bellunopress.it\\\/2024\\\/07\\\/14\\\/auronzo-due-anni-dopo-le-elezioni-tatiana-pais-becher-gruppo-insieme-per-auronzo-trascuratezza-e-abbandono-nel-clou-della-stagione-turistica\\\/#primaryimage\"},\"image\":{\"@id\":\"https:\\\/\\\/www.bellunopress.it\\\/2024\\\/07\\\/14\\\/auronzo-due-anni-dopo-le-elezioni-tatiana-pais-becher-gruppo-insieme-per-auronzo-trascuratezza-e-abbandono-nel-clou-della-stagione-turistica\\\/#primaryimage\"},\"thumbnailUrl\":\"https:\\\/\\\/www.bellunopress.it\\\/wp-content\\\/uploads\\\/2024\\\/07\\\/Auronzo-di-cadore-gruppo-minoranza-trascuratezza-a-2-anni-dal-voto_edited.jpg\",\"datePublished\":\"2024-07-14T15:05:19+00:00\",\"dateModified\":\"2024-07-14T15:06:15+00:00\",\"breadcrumb\":{\"@id\":\"https:\\\/\\\/www.bellunopress.it\\\/2024\\\/07\\\/14\\\/auronzo-due-anni-dopo-le-elezioni-tatiana-pais-becher-gruppo-insieme-per-auronzo-trascuratezza-e-abbandono-nel-clou-della-stagione-turistica\\\/#breadcrumb\"},\"inLanguage\":\"fr-FR\",\"potentialAction\":[{\"@type\":\"ReadAction\",\"target\":[\"https:\\\/\\\/www.bellunopress.it\\\/2024\\\/07\\\/14\\\/auronzo-due-anni-dopo-le-elezioni-tatiana-pais-becher-gruppo-insieme-per-auronzo-trascuratezza-e-abbandono-nel-clou-della-stagione-turistica\\\/\"]}]},{\"@type\":\"ImageObject\",\"inLanguage\":\"fr-FR\",\"@id\":\"https:\\\/\\\/www.bellunopress.it\\\/2024\\\/07\\\/14\\\/auronzo-due-anni-dopo-le-elezioni-tatiana-pais-becher-gruppo-insieme-per-auronzo-trascuratezza-e-abbandono-nel-clou-della-stagione-turistica\\\/#primaryimage\",\"url\":\"https:\\\/\\\/www.bellunopress.it\\\/wp-content\\\/uploads\\\/2024\\\/07\\\/Auronzo-di-cadore-gruppo-minoranza-trascuratezza-a-2-anni-dal-voto_edited.jpg\",\"contentUrl\":\"https:\\\/\\\/www.bellunopress.it\\\/wp-content\\\/uploads\\\/2024\\\/07\\\/Auronzo-di-cadore-gruppo-minoranza-trascuratezza-a-2-anni-dal-voto_edited.jpg\",\"width\":1000,\"height\":750},{\"@type\":\"BreadcrumbList\",\"@id\":\"https:\\\/\\\/www.bellunopress.it\\\/2024\\\/07\\\/14\\\/auronzo-due-anni-dopo-le-elezioni-tatiana-pais-becher-gruppo-insieme-per-auronzo-trascuratezza-e-abbandono-nel-clou-della-stagione-turistica\\\/#breadcrumb\",\"itemListElement\":[{\"@type\":\"ListItem\",\"position\":1,\"name\":\"Home\",\"item\":\"https:\\\/\\\/www.bellunopress.it\\\/\"},{\"@type\":\"ListItem\",\"position\":2,\"name\":\"Auronzo due anni dopo le elezioni. Tatiana Pais Becher (Gruppo Insieme per Auronzo): &#8220;Trascuratezza e abbandono nel clou della stagione turistica&#8221;\"}]},{\"@type\":\"WebSite\",\"@id\":\"https:\\\/\\\/www.bellunopress.it\\\/#website\",\"url\":\"https:\\\/\\\/www.bellunopress.it\\\/\",\"name\":\"Bellunopress - Dolomiti\",\"description\":\"e-mail: redazione@bellunopress.it\",\"publisher\":{\"@id\":\"https:\\\/\\\/www.bellunopress.it\\\/#organization\"},\"potentialAction\":[{\"@type\":\"SearchAction\",\"target\":{\"@type\":\"EntryPoint\",\"urlTemplate\":\"https:\\\/\\\/www.bellunopress.it\\\/?s={search_term_string}\"},\"query-input\":{\"@type\":\"PropertyValueSpecification\",\"valueRequired\":true,\"valueName\":\"search_term_string\"}}],\"inLanguage\":\"fr-FR\"},{\"@type\":\"Organization\",\"@id\":\"https:\\\/\\\/www.bellunopress.it\\\/#organization\",\"name\":\"Bellunopress\",\"url\":\"https:\\\/\\\/www.bellunopress.it\\\/\",\"logo\":{\"@type\":\"ImageObject\",\"inLanguage\":\"fr-FR\",\"@id\":\"https:\\\/\\\/www.bellunopress.it\\\/#\\\/schema\\\/logo\\\/image\\\/\",\"url\":\"https:\\\/\\\/www.bellunopress.it\\\/wp-content\\\/uploads\\\/2011\\\/05\\\/cropped-logo-bellunopress-.jpg\",\"contentUrl\":\"https:\\\/\\\/www.bellunopress.it\\\/wp-content\\\/uploads\\\/2011\\\/05\\\/cropped-logo-bellunopress-.jpg\",\"width\":512,\"height\":512,\"caption\":\"Bellunopress\"},\"image\":{\"@id\":\"https:\\\/\\\/www.bellunopress.it\\\/#\\\/schema\\\/logo\\\/image\\\/\"},\"sameAs\":[\"https:\\\/\\\/www.facebook.com\\\/profile.php?id=100008943462799\",\"https:\\\/\\\/x.com\\\/bellunopress\",\"https:\\\/\\\/www.linkedin.com\\\/hp\\\/?dnr=JBzUWaJfMUw8vbXJJ2tVW5-I3jZKvC4wsoxE&amp;amp;amp;amp;amp;amp;trk=nav_responsive_tab_home\",\"https:\\\/\\\/www.youtube.com\\\/channel\\\/UCxL0wu1uN0_3_7hGG0306cw\"]},{\"@type\":\"Person\",\"@id\":\"https:\\\/\\\/www.bellunopress.it\\\/#\\\/schema\\\/person\\\/79bb06722b37ece1c03d3e94beb30d73\",\"name\":\"redazione\",\"image\":{\"@type\":\"ImageObject\",\"inLanguage\":\"fr-FR\",\"@id\":\"https:\\\/\\\/secure.gravatar.com\\\/avatar\\\/37d968a2e67a6fd04c169c4bdef102d0bc5d31b2546345219e348575eb80e9a0?s=96&d=mm&r=g\",\"url\":\"https:\\\/\\\/secure.gravatar.com\\\/avatar\\\/37d968a2e67a6fd04c169c4bdef102d0bc5d31b2546345219e348575eb80e9a0?s=96&d=mm&r=g\",\"contentUrl\":\"https:\\\/\\\/secure.gravatar.com\\\/avatar\\\/37d968a2e67a6fd04c169c4bdef102d0bc5d31b2546345219e348575eb80e9a0?s=96&d=mm&r=g\",\"caption\":\"redazione\"},\"sameAs\":[\"http:\\\/\\\/www.bellunopress.it\",\"https:\\\/\\\/x.com\\\/bellunopress\"],\"url\":\"https:\\\/\\\/www.bellunopress.it\\\/fr\\\/author\\\/redazione\\\/\"}]}<\/script>\n<!-- \/ Yoast SEO plugin. -->","yoast_head_json":{"title":"Auronzo due anni dopo le elezioni. Tatiana Pais Becher (Gruppo Insieme per Auronzo): \"Trascuratezza e abbandono nel clou della stagione turistica\" - Bellunopress - Dolomiti","robots":{"index":"index","follow":"follow","max-snippet":"max-snippet:-1","max-image-preview":"max-image-preview:large","max-video-preview":"max-video-preview:-1"},"canonical":"https:\/\/www.bellunopress.it\/fr\/2024\/07\/14\/auronzo-due-anni-dopo-le-elezioni-tatiana-pais-becher-gruppo-insieme-per-auronzo-trascuratezza-e-abbandono-nel-clou-della-stagione-turistica\/","og_locale":"fr_FR","og_type":"article","og_title":"Auronzo due anni dopo le elezioni. Tatiana Pais Becher (Gruppo Insieme per Auronzo): \"Trascuratezza e abbandono nel clou della stagione turistica\" - Bellunopress - Dolomiti","og_description":"Auronzo di Cadore, 14 luglio 2024 &#8211; &#8220;Con l\u2019arrivo della Lazio siamo entrati nel clou della stagione turistica estiva e purtroppo dobbiamo constatare, anche su segnalazione di numerosi cittadini, che il paese appare molto trascurato con una mancanza pressoch\u00e9 totale delle opere di manutenzione ordinaria&#8221;. Lo sostiene in una nota Tatiana Pais Becher, per il [&hellip;]","og_url":"https:\/\/www.bellunopress.it\/fr\/2024\/07\/14\/auronzo-due-anni-dopo-le-elezioni-tatiana-pais-becher-gruppo-insieme-per-auronzo-trascuratezza-e-abbandono-nel-clou-della-stagione-turistica\/","og_site_name":"Bellunopress - Dolomiti","article_publisher":"https:\/\/www.facebook.com\/profile.php?id=100008943462799","article_published_time":"2024-07-14T15:05:19+00:00","article_modified_time":"2024-07-14T15:06:15+00:00","og_image":[{"width":1000,"height":750,"url":"https:\/\/www.bellunopress.it\/wp-content\/uploads\/2024\/07\/Auronzo-di-cadore-gruppo-minoranza-trascuratezza-a-2-anni-dal-voto_edited.jpg","type":"image\/jpeg"}],"author":"redazione","twitter_card":"summary_large_image","twitter_creator":"@bellunopress","twitter_site":"@bellunopress","twitter_misc":{"\u00c9crit par":"redazione","Dur\u00e9e de lecture estim\u00e9e":"3 minutes"},"schema":{"@context":"https:\/\/schema.org","@graph":[{"@type":"Article","@id":"https:\/\/www.bellunopress.it\/2024\/07\/14\/auronzo-due-anni-dopo-le-elezioni-tatiana-pais-becher-gruppo-insieme-per-auronzo-trascuratezza-e-abbandono-nel-clou-della-stagione-turistica\/#article","isPartOf":{"@id":"https:\/\/www.bellunopress.it\/2024\/07\/14\/auronzo-due-anni-dopo-le-elezioni-tatiana-pais-becher-gruppo-insieme-per-auronzo-trascuratezza-e-abbandono-nel-clou-della-stagione-turistica\/"},"author":{"name":"redazione","@id":"https:\/\/www.bellunopress.it\/#\/schema\/person\/79bb06722b37ece1c03d3e94beb30d73"},"headline":"Auronzo due anni dopo le elezioni. Tatiana Pais Becher (Gruppo Insieme per Auronzo): &#8220;Trascuratezza e abbandono nel clou della stagione turistica&#8221;","datePublished":"2024-07-14T15:05:19+00:00","dateModified":"2024-07-14T15:06:15+00:00","mainEntityOfPage":{"@id":"https:\/\/www.bellunopress.it\/2024\/07\/14\/auronzo-due-anni-dopo-le-elezioni-tatiana-pais-becher-gruppo-insieme-per-auronzo-trascuratezza-e-abbandono-nel-clou-della-stagione-turistica\/"},"wordCount":681,"publisher":{"@id":"https:\/\/www.bellunopress.it\/#organization"},"image":{"@id":"https:\/\/www.bellunopress.it\/2024\/07\/14\/auronzo-due-anni-dopo-le-elezioni-tatiana-pais-becher-gruppo-insieme-per-auronzo-trascuratezza-e-abbandono-nel-clou-della-stagione-turistica\/#primaryimage"},"thumbnailUrl":"https:\/\/www.bellunopress.it\/wp-content\/uploads\/2024\/07\/Auronzo-di-cadore-gruppo-minoranza-trascuratezza-a-2-anni-dal-voto_edited.jpg","articleSection":["Cronaca\/Politica","Prima Pagina"],"inLanguage":"fr-FR"},{"@type":"WebPage","@id":"https:\/\/www.bellunopress.it\/2024\/07\/14\/auronzo-due-anni-dopo-le-elezioni-tatiana-pais-becher-gruppo-insieme-per-auronzo-trascuratezza-e-abbandono-nel-clou-della-stagione-turistica\/","url":"https:\/\/www.bellunopress.it\/2024\/07\/14\/auronzo-due-anni-dopo-le-elezioni-tatiana-pais-becher-gruppo-insieme-per-auronzo-trascuratezza-e-abbandono-nel-clou-della-stagione-turistica\/","name":"Auronzo due anni dopo le elezioni. Tatiana Pais Becher (Gruppo Insieme per Auronzo): \"Trascuratezza e abbandono nel clou della stagione turistica\" - Bellunopress - Dolomiti","isPartOf":{"@id":"https:\/\/www.bellunopress.it\/#website"},"primaryImageOfPage":{"@id":"https:\/\/www.bellunopress.it\/2024\/07\/14\/auronzo-due-anni-dopo-le-elezioni-tatiana-pais-becher-gruppo-insieme-per-auronzo-trascuratezza-e-abbandono-nel-clou-della-stagione-turistica\/#primaryimage"},"image":{"@id":"https:\/\/www.bellunopress.it\/2024\/07\/14\/auronzo-due-anni-dopo-le-elezioni-tatiana-pais-becher-gruppo-insieme-per-auronzo-trascuratezza-e-abbandono-nel-clou-della-stagione-turistica\/#primaryimage"},"thumbnailUrl":"https:\/\/www.bellunopress.it\/wp-content\/uploads\/2024\/07\/Auronzo-di-cadore-gruppo-minoranza-trascuratezza-a-2-anni-dal-voto_edited.jpg","datePublished":"2024-07-14T15:05:19+00:00","dateModified":"2024-07-14T15:06:15+00:00","breadcrumb":{"@id":"https:\/\/www.bellunopress.it\/2024\/07\/14\/auronzo-due-anni-dopo-le-elezioni-tatiana-pais-becher-gruppo-insieme-per-auronzo-trascuratezza-e-abbandono-nel-clou-della-stagione-turistica\/#breadcrumb"},"inLanguage":"fr-FR","potentialAction":[{"@type":"ReadAction","target":["https:\/\/www.bellunopress.it\/2024\/07\/14\/auronzo-due-anni-dopo-le-elezioni-tatiana-pais-becher-gruppo-insieme-per-auronzo-trascuratezza-e-abbandono-nel-clou-della-stagione-turistica\/"]}]},{"@type":"ImageObject","inLanguage":"fr-FR","@id":"https:\/\/www.bellunopress.it\/2024\/07\/14\/auronzo-due-anni-dopo-le-elezioni-tatiana-pais-becher-gruppo-insieme-per-auronzo-trascuratezza-e-abbandono-nel-clou-della-stagione-turistica\/#primaryimage","url":"https:\/\/www.bellunopress.it\/wp-content\/uploads\/2024\/07\/Auronzo-di-cadore-gruppo-minoranza-trascuratezza-a-2-anni-dal-voto_edited.jpg","contentUrl":"https:\/\/www.bellunopress.it\/wp-content\/uploads\/2024\/07\/Auronzo-di-cadore-gruppo-minoranza-trascuratezza-a-2-anni-dal-voto_edited.jpg","width":1000,"height":750},{"@type":"BreadcrumbList","@id":"https:\/\/www.bellunopress.it\/2024\/07\/14\/auronzo-due-anni-dopo-le-elezioni-tatiana-pais-becher-gruppo-insieme-per-auronzo-trascuratezza-e-abbandono-nel-clou-della-stagione-turistica\/#breadcrumb","itemListElement":[{"@type":"ListItem","position":1,"name":"Home","item":"https:\/\/www.bellunopress.it\/"},{"@type":"ListItem","position":2,"name":"Auronzo due anni dopo le elezioni. Tatiana Pais Becher (Gruppo Insieme per Auronzo): &#8220;Trascuratezza e abbandono nel clou della stagione turistica&#8221;"}]},{"@type":"WebSite","@id":"https:\/\/www.bellunopress.it\/#website","url":"https:\/\/www.bellunopress.it\/","name":"Bellunopress - Dolomiti","description":"e-mail: redazione@bellunopress.it","publisher":{"@id":"https:\/\/www.bellunopress.it\/#organization"},"potentialAction":[{"@type":"SearchAction","target":{"@type":"EntryPoint","urlTemplate":"https:\/\/www.bellunopress.it\/?s={search_term_string}"},"query-input":{"@type":"PropertyValueSpecification","valueRequired":true,"valueName":"search_term_string"}}],"inLanguage":"fr-FR"},{"@type":"Organization","@id":"https:\/\/www.bellunopress.it\/#organization","name":"Bellunopress","url":"https:\/\/www.bellunopress.it\/","logo":{"@type":"ImageObject","inLanguage":"fr-FR","@id":"https:\/\/www.bellunopress.it\/#\/schema\/logo\/image\/","url":"https:\/\/www.bellunopress.it\/wp-content\/uploads\/2011\/05\/cropped-logo-bellunopress-.jpg","contentUrl":"https:\/\/www.bellunopress.it\/wp-content\/uploads\/2011\/05\/cropped-logo-bellunopress-.jpg","width":512,"height":512,"caption":"Bellunopress"},"image":{"@id":"https:\/\/www.bellunopress.it\/#\/schema\/logo\/image\/"},"sameAs":["https:\/\/www.facebook.com\/profile.php?id=100008943462799","https:\/\/x.com\/bellunopress","https:\/\/www.linkedin.com\/hp\/?dnr=JBzUWaJfMUw8vbXJJ2tVW5-I3jZKvC4wsoxE&amp;amp;amp;amp;amp;amp;trk=nav_responsive_tab_home","https:\/\/www.youtube.com\/channel\/UCxL0wu1uN0_3_7hGG0306cw"]},{"@type":"Person","@id":"https:\/\/www.bellunopress.it\/#\/schema\/person\/79bb06722b37ece1c03d3e94beb30d73","name":"r\u00e9daction","image":{"@type":"ImageObject","inLanguage":"fr-FR","@id":"https:\/\/secure.gravatar.com\/avatar\/37d968a2e67a6fd04c169c4bdef102d0bc5d31b2546345219e348575eb80e9a0?s=96&d=mm&r=g","url":"https:\/\/secure.gravatar.com\/avatar\/37d968a2e67a6fd04c169c4bdef102d0bc5d31b2546345219e348575eb80e9a0?s=96&d=mm&r=g","contentUrl":"https:\/\/secure.gravatar.com\/avatar\/37d968a2e67a6fd04c169c4bdef102d0bc5d31b2546345219e348575eb80e9a0?s=96&d=mm&r=g","caption":"redazione"},"sameAs":["http:\/\/www.bellunopress.it","https:\/\/x.com\/bellunopress"],"url":"https:\/\/www.bellunopress.it\/fr\/author\/redazione\/"}]}},"_links":{"self":[{"href":"https:\/\/www.bellunopress.it\/fr\/wp-json\/wp\/v2\/posts\/152340","targetHints":{"allow":["GET"]}}],"collection":[{"href":"https:\/\/www.bellunopress.it\/fr\/wp-json\/wp\/v2\/posts"}],"about":[{"href":"https:\/\/www.bellunopress.it\/fr\/wp-json\/wp\/v2\/types\/post"}],"author":[{"embeddable":true,"href":"https:\/\/www.bellunopress.it\/fr\/wp-json\/wp\/v2\/users\/2"}],"replies":[{"embeddable":true,"href":"https:\/\/www.bellunopress.it\/fr\/wp-json\/wp\/v2\/comments?post=152340"}],"version-history":[{"count":2,"href":"https:\/\/www.bellunopress.it\/fr\/wp-json\/wp\/v2\/posts\/152340\/revisions"}],"predecessor-version":[{"id":152343,"href":"https:\/\/www.bellunopress.it\/fr\/wp-json\/wp\/v2\/posts\/152340\/revisions\/152343"}],"wp:featuredmedia":[{"embeddable":true,"href":"https:\/\/www.bellunopress.it\/fr\/wp-json\/wp\/v2\/media\/152341"}],"wp:attachment":[{"href":"https:\/\/www.bellunopress.it\/fr\/wp-json\/wp\/v2\/media?parent=152340"}],"wp:term":[{"taxonomy":"category","embeddable":true,"href":"https:\/\/www.bellunopress.it\/fr\/wp-json\/wp\/v2\/categories?post=152340"},{"taxonomy":"post_tag","embeddable":true,"href":"https:\/\/www.bellunopress.it\/fr\/wp-json\/wp\/v2\/tags?post=152340"}],"curies":[{"name":"wp","href":"https:\/\/api.w.org\/{rel}","templated":true}]}}