{"id":152158,"date":"2024-07-07T17:24:49","date_gmt":"2024-07-07T15:24:49","guid":{"rendered":"https:\/\/www.bellunopress.it\/?p=152158"},"modified":"2024-07-07T17:24:49","modified_gmt":"2024-07-07T15:24:49","slug":"cortina-dampezzo-al-via-i-lavori-di-asfaltatura-stradale","status":"publish","type":"post","link":"https:\/\/www.bellunopress.it\/fr\/2024\/07\/07\/cortina-dampezzo-al-via-i-lavori-di-asfaltatura-stradale\/","title":{"rendered":"Cortina d\u2019Ampezzo: al via i lavori di asfaltatura stradale"},"content":{"rendered":"<p><img loading=\"lazy\" decoding=\"async\" class=\"alignleft size-full wp-image-152159\" src=\"https:\/\/www.bellunopress.it\/wp-content\/uploads\/2024\/07\/Asfaltature-strade-Cortina-2_edited.jpg\" alt=\"\" width=\"1000\" height=\"474\" srcset=\"https:\/\/www.bellunopress.it\/wp-content\/uploads\/2024\/07\/Asfaltature-strade-Cortina-2_edited.jpg 1000w, https:\/\/www.bellunopress.it\/wp-content\/uploads\/2024\/07\/Asfaltature-strade-Cortina-2_edited-500x237.jpg 500w, https:\/\/www.bellunopress.it\/wp-content\/uploads\/2024\/07\/Asfaltature-strade-Cortina-2_edited-886x420.jpg 886w, https:\/\/www.bellunopress.it\/wp-content\/uploads\/2024\/07\/Asfaltature-strade-Cortina-2_edited-696x330.jpg 696w\" sizes=\"auto, (max-width: 1000px) 100vw, 1000px\" \/>Cortina d&#8217;Ampezzo, 7 luglio 2024 &#8211; L\u2019assessore ai Lavori Pubblici e Viabilit\u00e0 del Comune di Cortina d\u2019Ampezzo, Giorgio Da Rin, annuncia la conclusione del procedimento per l\u2019assegnazione dei lavori di asfaltatura stradale e l\u2019avvio degli interventi luned\u00ec 8 luglio.<\/p>\n<p>&#8220;Non partiremo dalle strade primarie del territorio &#8211; precisa l&#8217;assessore &#8211;\u00a0 visto il gi\u00e0 elevato numero di cantieri esistenti e le difficolt\u00e0 di circolazione. Inizieremo ad intervenire nelle strade meno centrali, operando in orario serale, concentrandoci sulle asfaltature pi\u00f9 necessarie nelle aree esterne e di bassa percorrenza per creare il minor disagio possibile&#8221;.<\/p>\n<p>Grazie alle segnalazioni pervenute dall\u2019ufficio tecnico e dai capovilla, vere e proprie sentinelle del territorio, \u00e8 stata possibile una mappatura completa e precisa di tutti i manti stradali di propriet\u00e0 del comune.<\/p>\n<p>&#8220;\u00c8 importante ricordare che il Comune di Cortina \u00e8 il primo comune della provincia di Belluno per estensione, con 253 km quadrati, e quindi parliamo di un chilometraggio significativo di strade,&#8221; ha sottolineato l\u2019assessore Da Rin.<br \/>\nL\u2019intervento si inserisce in un accordo quadro del valore complessivo di 1.800.000 euro, e prevede l\u2019impiego di tre ditte vincitrici dell\u2019appalto &#8211; Deon spa, F.lli De Pr\u00e0 spa, e<br \/>\nDolomiti Strade srl &#8211; che opereranno simultaneamente su tutto il territorio comunale.<br \/>\nLa durata dei lavori sar\u00e0 di due anni, durante i quali si prevede di sistemare il 75% delle strade mappate e segnalate come bisognose di intervento dall\u2019ufficio tecnico e dai capovilla.<\/p>\n<p>&#8220;Questo ci avviciner\u00e0 all\u2019evento olimpico del 2026 con i manti stradali rimessi a posto e ci permetter\u00e0 di recuperare il gap di inerzia degli ultimi 5 &#8211; 7 anni. \u00c8 evidente che non \u00e8 una soluzione definitiva, ma \u00e8 il primo strumento importante che prevede un notevole sforzo di budget e di impegno tecnico,&#8221; ha aggiunto Da Rin. Alla scadenza dell\u2019accordo, tra due anni, saranno stipulati nuovi accordi quadro per completare il restante 25% delle asfaltature necessarie.<br \/>\nI lavori inizieranno luned\u00ec prossimo 8 luglio e proseguiranno, condizioni meteorologiche<br \/>\npermettendo, fino a ottobre-novembre, per poi riprendere nella primavera del 2025.<br \/>\nIl Comune di Cortina d\u2019Ampezzo conferma cos\u00ec il suo impegno nel migliorare la viabilit\u00e0 e la sicurezza delle strade, ponendo le basi per un futuro pi\u00f9 efficiente e sicuro per tutti i cittadini.<\/p>","protected":false},"excerpt":{"rendered":"<p>Cortina d&#8217;Ampezzo, 7 luglio 2024 &#8211; L\u2019assessore ai Lavori Pubblici e Viabilit\u00e0 del Comune di Cortina d\u2019Ampezzo, Giorgio Da Rin, annuncia la conclusione del procedimento per l\u2019assegnazione dei lavori di asfaltatura stradale e l\u2019avvio degli interventi luned\u00ec 8 luglio. &#8220;Non partiremo dalle strade primarie del territorio &#8211; precisa l&#8217;assessore &#8211;\u00a0 visto il gi\u00e0 elevato numero [&hellip;]<\/p>\n","protected":false},"author":2,"featured_media":152159,"comment_status":"closed","ping_status":"open","sticky":false,"template":"","format":"standard","meta":{"footnotes":""},"categories":[5],"tags":[],"class_list":["post-152158","post","type-post","status-publish","format-standard","has-post-thumbnail","category-cronaca"],"yoast_head":"<!-- This site is optimized with the Yoast SEO plugin v28.4 - https:\/\/yoast.com\/product\/yoast-seo-wordpress\/ -->\n<title>Cortina d\u2019Ampezzo: al via i lavori di asfaltatura stradale - Bellunopress - Dolomiti<\/title>\n<meta name=\"robots\" content=\"index, follow, max-snippet:-1, max-image-preview:large, max-video-preview:-1\" \/>\n<link rel=\"canonical\" href=\"https:\/\/www.bellunopress.it\/fr\/2024\/07\/07\/cortina-dampezzo-al-via-i-lavori-di-asfaltatura-stradale\/\" \/>\n<meta property=\"og:locale\" content=\"fr_FR\" \/>\n<meta property=\"og:type\" content=\"article\" \/>\n<meta property=\"og:title\" content=\"Cortina d\u2019Ampezzo: al via i lavori di asfaltatura stradale - Bellunopress - Dolomiti\" \/>\n<meta property=\"og:description\" content=\"Cortina d&#8217;Ampezzo, 7 luglio 2024 &#8211; L\u2019assessore ai Lavori Pubblici e Viabilit\u00e0 del Comune di Cortina d\u2019Ampezzo, Giorgio Da Rin, annuncia la conclusione del procedimento per l\u2019assegnazione dei lavori di asfaltatura stradale e l\u2019avvio degli interventi luned\u00ec 8 luglio. &#8220;Non partiremo dalle strade primarie del territorio &#8211; precisa l&#8217;assessore &#8211;\u00a0 visto il gi\u00e0 elevato numero [&hellip;]\" \/>\n<meta property=\"og:url\" content=\"https:\/\/www.bellunopress.it\/fr\/2024\/07\/07\/cortina-dampezzo-al-via-i-lavori-di-asfaltatura-stradale\/\" \/>\n<meta property=\"og:site_name\" content=\"Bellunopress - Dolomiti\" \/>\n<meta property=\"article:publisher\" content=\"https:\/\/www.facebook.com\/profile.php?id=100008943462799\" \/>\n<meta property=\"article:published_time\" content=\"2024-07-07T15:24:49+00:00\" \/>\n<meta property=\"og:image\" content=\"https:\/\/www.bellunopress.it\/wp-content\/uploads\/2024\/07\/Asfaltature-strade-Cortina-2_edited.jpg\" \/>\n\t<meta property=\"og:image:width\" content=\"1000\" \/>\n\t<meta property=\"og:image:height\" content=\"474\" \/>\n\t<meta property=\"og:image:type\" content=\"image\/jpeg\" \/>\n<meta name=\"author\" content=\"redazione\" \/>\n<meta name=\"twitter:card\" content=\"summary_large_image\" \/>\n<meta name=\"twitter:creator\" content=\"@bellunopress\" \/>\n<meta name=\"twitter:site\" content=\"@bellunopress\" \/>\n<meta name=\"twitter:label1\" content=\"Written by\" \/>\n\t<meta name=\"twitter:data1\" content=\"redazione\" \/>\n\t<meta name=\"twitter:label2\" content=\"Est. reading time\" \/>\n\t<meta name=\"twitter:data2\" content=\"2 minutes\" \/>\n<script type=\"application\/ld+json\" class=\"yoast-schema-graph\">{\"@context\":\"https:\\\/\\\/schema.org\",\"@graph\":[{\"@type\":\"Article\",\"@id\":\"https:\\\/\\\/www.bellunopress.it\\\/2024\\\/07\\\/07\\\/cortina-dampezzo-al-via-i-lavori-di-asfaltatura-stradale\\\/#article\",\"isPartOf\":{\"@id\":\"https:\\\/\\\/www.bellunopress.it\\\/2024\\\/07\\\/07\\\/cortina-dampezzo-al-via-i-lavori-di-asfaltatura-stradale\\\/\"},\"author\":{\"name\":\"redazione\",\"@id\":\"https:\\\/\\\/www.bellunopress.it\\\/#\\\/schema\\\/person\\\/79bb06722b37ece1c03d3e94beb30d73\"},\"headline\":\"Cortina d\u2019Ampezzo: al via i lavori di asfaltatura stradale\",\"datePublished\":\"2024-07-07T15:24:49+00:00\",\"mainEntityOfPage\":{\"@id\":\"https:\\\/\\\/www.bellunopress.it\\\/2024\\\/07\\\/07\\\/cortina-dampezzo-al-via-i-lavori-di-asfaltatura-stradale\\\/\"},\"wordCount\":372,\"publisher\":{\"@id\":\"https:\\\/\\\/www.bellunopress.it\\\/#organization\"},\"image\":{\"@id\":\"https:\\\/\\\/www.bellunopress.it\\\/2024\\\/07\\\/07\\\/cortina-dampezzo-al-via-i-lavori-di-asfaltatura-stradale\\\/#primaryimage\"},\"thumbnailUrl\":\"https:\\\/\\\/www.bellunopress.it\\\/wp-content\\\/uploads\\\/2024\\\/07\\\/Asfaltature-strade-Cortina-2_edited.jpg\",\"articleSection\":[\"Cronaca\\\/Politica\"],\"inLanguage\":\"fr-FR\"},{\"@type\":\"WebPage\",\"@id\":\"https:\\\/\\\/www.bellunopress.it\\\/2024\\\/07\\\/07\\\/cortina-dampezzo-al-via-i-lavori-di-asfaltatura-stradale\\\/\",\"url\":\"https:\\\/\\\/www.bellunopress.it\\\/2024\\\/07\\\/07\\\/cortina-dampezzo-al-via-i-lavori-di-asfaltatura-stradale\\\/\",\"name\":\"Cortina d\u2019Ampezzo: al via i lavori di asfaltatura stradale - Bellunopress - Dolomiti\",\"isPartOf\":{\"@id\":\"https:\\\/\\\/www.bellunopress.it\\\/#website\"},\"primaryImageOfPage\":{\"@id\":\"https:\\\/\\\/www.bellunopress.it\\\/2024\\\/07\\\/07\\\/cortina-dampezzo-al-via-i-lavori-di-asfaltatura-stradale\\\/#primaryimage\"},\"image\":{\"@id\":\"https:\\\/\\\/www.bellunopress.it\\\/2024\\\/07\\\/07\\\/cortina-dampezzo-al-via-i-lavori-di-asfaltatura-stradale\\\/#primaryimage\"},\"thumbnailUrl\":\"https:\\\/\\\/www.bellunopress.it\\\/wp-content\\\/uploads\\\/2024\\\/07\\\/Asfaltature-strade-Cortina-2_edited.jpg\",\"datePublished\":\"2024-07-07T15:24:49+00:00\",\"breadcrumb\":{\"@id\":\"https:\\\/\\\/www.bellunopress.it\\\/2024\\\/07\\\/07\\\/cortina-dampezzo-al-via-i-lavori-di-asfaltatura-stradale\\\/#breadcrumb\"},\"inLanguage\":\"fr-FR\",\"potentialAction\":[{\"@type\":\"ReadAction\",\"target\":[\"https:\\\/\\\/www.bellunopress.it\\\/2024\\\/07\\\/07\\\/cortina-dampezzo-al-via-i-lavori-di-asfaltatura-stradale\\\/\"]}]},{\"@type\":\"ImageObject\",\"inLanguage\":\"fr-FR\",\"@id\":\"https:\\\/\\\/www.bellunopress.it\\\/2024\\\/07\\\/07\\\/cortina-dampezzo-al-via-i-lavori-di-asfaltatura-stradale\\\/#primaryimage\",\"url\":\"https:\\\/\\\/www.bellunopress.it\\\/wp-content\\\/uploads\\\/2024\\\/07\\\/Asfaltature-strade-Cortina-2_edited.jpg\",\"contentUrl\":\"https:\\\/\\\/www.bellunopress.it\\\/wp-content\\\/uploads\\\/2024\\\/07\\\/Asfaltature-strade-Cortina-2_edited.jpg\",\"width\":1000,\"height\":474},{\"@type\":\"BreadcrumbList\",\"@id\":\"https:\\\/\\\/www.bellunopress.it\\\/2024\\\/07\\\/07\\\/cortina-dampezzo-al-via-i-lavori-di-asfaltatura-stradale\\\/#breadcrumb\",\"itemListElement\":[{\"@type\":\"ListItem\",\"position\":1,\"name\":\"Home\",\"item\":\"https:\\\/\\\/www.bellunopress.it\\\/\"},{\"@type\":\"ListItem\",\"position\":2,\"name\":\"Cortina d\u2019Ampezzo: al via i lavori di asfaltatura stradale\"}]},{\"@type\":\"WebSite\",\"@id\":\"https:\\\/\\\/www.bellunopress.it\\\/#website\",\"url\":\"https:\\\/\\\/www.bellunopress.it\\\/\",\"name\":\"Bellunopress - Dolomiti\",\"description\":\"e-mail: redazione@bellunopress.it\",\"publisher\":{\"@id\":\"https:\\\/\\\/www.bellunopress.it\\\/#organization\"},\"potentialAction\":[{\"@type\":\"SearchAction\",\"target\":{\"@type\":\"EntryPoint\",\"urlTemplate\":\"https:\\\/\\\/www.bellunopress.it\\\/?s={search_term_string}\"},\"query-input\":{\"@type\":\"PropertyValueSpecification\",\"valueRequired\":true,\"valueName\":\"search_term_string\"}}],\"inLanguage\":\"fr-FR\"},{\"@type\":\"Organization\",\"@id\":\"https:\\\/\\\/www.bellunopress.it\\\/#organization\",\"name\":\"Bellunopress\",\"url\":\"https:\\\/\\\/www.bellunopress.it\\\/\",\"logo\":{\"@type\":\"ImageObject\",\"inLanguage\":\"fr-FR\",\"@id\":\"https:\\\/\\\/www.bellunopress.it\\\/#\\\/schema\\\/logo\\\/image\\\/\",\"url\":\"https:\\\/\\\/www.bellunopress.it\\\/wp-content\\\/uploads\\\/2011\\\/05\\\/cropped-logo-bellunopress-.jpg\",\"contentUrl\":\"https:\\\/\\\/www.bellunopress.it\\\/wp-content\\\/uploads\\\/2011\\\/05\\\/cropped-logo-bellunopress-.jpg\",\"width\":512,\"height\":512,\"caption\":\"Bellunopress\"},\"image\":{\"@id\":\"https:\\\/\\\/www.bellunopress.it\\\/#\\\/schema\\\/logo\\\/image\\\/\"},\"sameAs\":[\"https:\\\/\\\/www.facebook.com\\\/profile.php?id=100008943462799\",\"https:\\\/\\\/x.com\\\/bellunopress\",\"https:\\\/\\\/www.linkedin.com\\\/hp\\\/?dnr=JBzUWaJfMUw8vbXJJ2tVW5-I3jZKvC4wsoxE&amp;amp;amp;amp;amp;amp;trk=nav_responsive_tab_home\",\"https:\\\/\\\/www.youtube.com\\\/channel\\\/UCxL0wu1uN0_3_7hGG0306cw\"]},{\"@type\":\"Person\",\"@id\":\"https:\\\/\\\/www.bellunopress.it\\\/#\\\/schema\\\/person\\\/79bb06722b37ece1c03d3e94beb30d73\",\"name\":\"redazione\",\"image\":{\"@type\":\"ImageObject\",\"inLanguage\":\"fr-FR\",\"@id\":\"https:\\\/\\\/secure.gravatar.com\\\/avatar\\\/37d968a2e67a6fd04c169c4bdef102d0bc5d31b2546345219e348575eb80e9a0?s=96&d=mm&r=g\",\"url\":\"https:\\\/\\\/secure.gravatar.com\\\/avatar\\\/37d968a2e67a6fd04c169c4bdef102d0bc5d31b2546345219e348575eb80e9a0?s=96&d=mm&r=g\",\"contentUrl\":\"https:\\\/\\\/secure.gravatar.com\\\/avatar\\\/37d968a2e67a6fd04c169c4bdef102d0bc5d31b2546345219e348575eb80e9a0?s=96&d=mm&r=g\",\"caption\":\"redazione\"},\"sameAs\":[\"http:\\\/\\\/www.bellunopress.it\",\"https:\\\/\\\/x.com\\\/bellunopress\"],\"url\":\"https:\\\/\\\/www.bellunopress.it\\\/fr\\\/author\\\/redazione\\\/\"}]}<\/script>\n<!-- \/ Yoast SEO plugin. -->","yoast_head_json":{"title":"Cortina d\u2019Ampezzo: al via i lavori di asfaltatura stradale - Bellunopress - Dolomiti","robots":{"index":"index","follow":"follow","max-snippet":"max-snippet:-1","max-image-preview":"max-image-preview:large","max-video-preview":"max-video-preview:-1"},"canonical":"https:\/\/www.bellunopress.it\/fr\/2024\/07\/07\/cortina-dampezzo-al-via-i-lavori-di-asfaltatura-stradale\/","og_locale":"fr_FR","og_type":"article","og_title":"Cortina d\u2019Ampezzo: al via i lavori di asfaltatura stradale - Bellunopress - Dolomiti","og_description":"Cortina d&#8217;Ampezzo, 7 luglio 2024 &#8211; L\u2019assessore ai Lavori Pubblici e Viabilit\u00e0 del Comune di Cortina d\u2019Ampezzo, Giorgio Da Rin, annuncia la conclusione del procedimento per l\u2019assegnazione dei lavori di asfaltatura stradale e l\u2019avvio degli interventi luned\u00ec 8 luglio. &#8220;Non partiremo dalle strade primarie del territorio &#8211; precisa l&#8217;assessore &#8211;\u00a0 visto il gi\u00e0 elevato numero [&hellip;]","og_url":"https:\/\/www.bellunopress.it\/fr\/2024\/07\/07\/cortina-dampezzo-al-via-i-lavori-di-asfaltatura-stradale\/","og_site_name":"Bellunopress - Dolomiti","article_publisher":"https:\/\/www.facebook.com\/profile.php?id=100008943462799","article_published_time":"2024-07-07T15:24:49+00:00","og_image":[{"width":1000,"height":474,"url":"https:\/\/www.bellunopress.it\/wp-content\/uploads\/2024\/07\/Asfaltature-strade-Cortina-2_edited.jpg","type":"image\/jpeg"}],"author":"redazione","twitter_card":"summary_large_image","twitter_creator":"@bellunopress","twitter_site":"@bellunopress","twitter_misc":{"Written by":"redazione","Est. reading time":"2 minutes"},"schema":{"@context":"https:\/\/schema.org","@graph":[{"@type":"Article","@id":"https:\/\/www.bellunopress.it\/2024\/07\/07\/cortina-dampezzo-al-via-i-lavori-di-asfaltatura-stradale\/#article","isPartOf":{"@id":"https:\/\/www.bellunopress.it\/2024\/07\/07\/cortina-dampezzo-al-via-i-lavori-di-asfaltatura-stradale\/"},"author":{"name":"redazione","@id":"https:\/\/www.bellunopress.it\/#\/schema\/person\/79bb06722b37ece1c03d3e94beb30d73"},"headline":"Cortina d\u2019Ampezzo: al via i lavori di asfaltatura stradale","datePublished":"2024-07-07T15:24:49+00:00","mainEntityOfPage":{"@id":"https:\/\/www.bellunopress.it\/2024\/07\/07\/cortina-dampezzo-al-via-i-lavori-di-asfaltatura-stradale\/"},"wordCount":372,"publisher":{"@id":"https:\/\/www.bellunopress.it\/#organization"},"image":{"@id":"https:\/\/www.bellunopress.it\/2024\/07\/07\/cortina-dampezzo-al-via-i-lavori-di-asfaltatura-stradale\/#primaryimage"},"thumbnailUrl":"https:\/\/www.bellunopress.it\/wp-content\/uploads\/2024\/07\/Asfaltature-strade-Cortina-2_edited.jpg","articleSection":["Cronaca\/Politica"],"inLanguage":"fr-FR"},{"@type":"WebPage","@id":"https:\/\/www.bellunopress.it\/2024\/07\/07\/cortina-dampezzo-al-via-i-lavori-di-asfaltatura-stradale\/","url":"https:\/\/www.bellunopress.it\/2024\/07\/07\/cortina-dampezzo-al-via-i-lavori-di-asfaltatura-stradale\/","name":"Cortina d\u2019Ampezzo: al via i lavori di asfaltatura stradale - Bellunopress - Dolomiti","isPartOf":{"@id":"https:\/\/www.bellunopress.it\/#website"},"primaryImageOfPage":{"@id":"https:\/\/www.bellunopress.it\/2024\/07\/07\/cortina-dampezzo-al-via-i-lavori-di-asfaltatura-stradale\/#primaryimage"},"image":{"@id":"https:\/\/www.bellunopress.it\/2024\/07\/07\/cortina-dampezzo-al-via-i-lavori-di-asfaltatura-stradale\/#primaryimage"},"thumbnailUrl":"https:\/\/www.bellunopress.it\/wp-content\/uploads\/2024\/07\/Asfaltature-strade-Cortina-2_edited.jpg","datePublished":"2024-07-07T15:24:49+00:00","breadcrumb":{"@id":"https:\/\/www.bellunopress.it\/2024\/07\/07\/cortina-dampezzo-al-via-i-lavori-di-asfaltatura-stradale\/#breadcrumb"},"inLanguage":"fr-FR","potentialAction":[{"@type":"ReadAction","target":["https:\/\/www.bellunopress.it\/2024\/07\/07\/cortina-dampezzo-al-via-i-lavori-di-asfaltatura-stradale\/"]}]},{"@type":"ImageObject","inLanguage":"fr-FR","@id":"https:\/\/www.bellunopress.it\/2024\/07\/07\/cortina-dampezzo-al-via-i-lavori-di-asfaltatura-stradale\/#primaryimage","url":"https:\/\/www.bellunopress.it\/wp-content\/uploads\/2024\/07\/Asfaltature-strade-Cortina-2_edited.jpg","contentUrl":"https:\/\/www.bellunopress.it\/wp-content\/uploads\/2024\/07\/Asfaltature-strade-Cortina-2_edited.jpg","width":1000,"height":474},{"@type":"BreadcrumbList","@id":"https:\/\/www.bellunopress.it\/2024\/07\/07\/cortina-dampezzo-al-via-i-lavori-di-asfaltatura-stradale\/#breadcrumb","itemListElement":[{"@type":"ListItem","position":1,"name":"Home","item":"https:\/\/www.bellunopress.it\/"},{"@type":"ListItem","position":2,"name":"Cortina d\u2019Ampezzo: al via i lavori di asfaltatura stradale"}]},{"@type":"WebSite","@id":"https:\/\/www.bellunopress.it\/#website","url":"https:\/\/www.bellunopress.it\/","name":"Bellunopress - Dolomiti","description":"e-mail: redazione@bellunopress.it","publisher":{"@id":"https:\/\/www.bellunopress.it\/#organization"},"potentialAction":[{"@type":"SearchAction","target":{"@type":"EntryPoint","urlTemplate":"https:\/\/www.bellunopress.it\/?s={search_term_string}"},"query-input":{"@type":"PropertyValueSpecification","valueRequired":true,"valueName":"search_term_string"}}],"inLanguage":"fr-FR"},{"@type":"Organization","@id":"https:\/\/www.bellunopress.it\/#organization","name":"Bellunopress","url":"https:\/\/www.bellunopress.it\/","logo":{"@type":"ImageObject","inLanguage":"fr-FR","@id":"https:\/\/www.bellunopress.it\/#\/schema\/logo\/image\/","url":"https:\/\/www.bellunopress.it\/wp-content\/uploads\/2011\/05\/cropped-logo-bellunopress-.jpg","contentUrl":"https:\/\/www.bellunopress.it\/wp-content\/uploads\/2011\/05\/cropped-logo-bellunopress-.jpg","width":512,"height":512,"caption":"Bellunopress"},"image":{"@id":"https:\/\/www.bellunopress.it\/#\/schema\/logo\/image\/"},"sameAs":["https:\/\/www.facebook.com\/profile.php?id=100008943462799","https:\/\/x.com\/bellunopress","https:\/\/www.linkedin.com\/hp\/?dnr=JBzUWaJfMUw8vbXJJ2tVW5-I3jZKvC4wsoxE&amp;amp;amp;amp;amp;amp;trk=nav_responsive_tab_home","https:\/\/www.youtube.com\/channel\/UCxL0wu1uN0_3_7hGG0306cw"]},{"@type":"Person","@id":"https:\/\/www.bellunopress.it\/#\/schema\/person\/79bb06722b37ece1c03d3e94beb30d73","name":"r\u00e9daction","image":{"@type":"ImageObject","inLanguage":"fr-FR","@id":"https:\/\/secure.gravatar.com\/avatar\/37d968a2e67a6fd04c169c4bdef102d0bc5d31b2546345219e348575eb80e9a0?s=96&d=mm&r=g","url":"https:\/\/secure.gravatar.com\/avatar\/37d968a2e67a6fd04c169c4bdef102d0bc5d31b2546345219e348575eb80e9a0?s=96&d=mm&r=g","contentUrl":"https:\/\/secure.gravatar.com\/avatar\/37d968a2e67a6fd04c169c4bdef102d0bc5d31b2546345219e348575eb80e9a0?s=96&d=mm&r=g","caption":"redazione"},"sameAs":["http:\/\/www.bellunopress.it","https:\/\/x.com\/bellunopress"],"url":"https:\/\/www.bellunopress.it\/fr\/author\/redazione\/"}]}},"_links":{"self":[{"href":"https:\/\/www.bellunopress.it\/fr\/wp-json\/wp\/v2\/posts\/152158","targetHints":{"allow":["GET"]}}],"collection":[{"href":"https:\/\/www.bellunopress.it\/fr\/wp-json\/wp\/v2\/posts"}],"about":[{"href":"https:\/\/www.bellunopress.it\/fr\/wp-json\/wp\/v2\/types\/post"}],"author":[{"embeddable":true,"href":"https:\/\/www.bellunopress.it\/fr\/wp-json\/wp\/v2\/users\/2"}],"replies":[{"embeddable":true,"href":"https:\/\/www.bellunopress.it\/fr\/wp-json\/wp\/v2\/comments?post=152158"}],"version-history":[{"count":1,"href":"https:\/\/www.bellunopress.it\/fr\/wp-json\/wp\/v2\/posts\/152158\/revisions"}],"predecessor-version":[{"id":152160,"href":"https:\/\/www.bellunopress.it\/fr\/wp-json\/wp\/v2\/posts\/152158\/revisions\/152160"}],"wp:featuredmedia":[{"embeddable":true,"href":"https:\/\/www.bellunopress.it\/fr\/wp-json\/wp\/v2\/media\/152159"}],"wp:attachment":[{"href":"https:\/\/www.bellunopress.it\/fr\/wp-json\/wp\/v2\/media?parent=152158"}],"wp:term":[{"taxonomy":"category","embeddable":true,"href":"https:\/\/www.bellunopress.it\/fr\/wp-json\/wp\/v2\/categories?post=152158"},{"taxonomy":"post_tag","embeddable":true,"href":"https:\/\/www.bellunopress.it\/fr\/wp-json\/wp\/v2\/tags?post=152158"}],"curies":[{"name":"wp","href":"https:\/\/api.w.org\/{rel}","templated":true}]}}