{"id":151889,"date":"2024-06-28T21:39:35","date_gmt":"2024-06-28T19:39:35","guid":{"rendered":"https:\/\/www.bellunopress.it\/?p=151889"},"modified":"2024-06-28T21:39:35","modified_gmt":"2024-06-28T19:39:35","slug":"asino-sbranato-dai-lupi-in-cansiglio-la-testimonianza-di-un-allevatore","status":"publish","type":"post","link":"https:\/\/www.bellunopress.it\/fr\/2024\/06\/28\/asino-sbranato-dai-lupi-in-cansiglio-la-testimonianza-di-un-allevatore\/","title":{"rendered":"Asino sbranato dai lupi in Cansiglio. La testimonianza di un allevatore"},"content":{"rendered":"<p><img loading=\"lazy\" decoding=\"async\" class=\"alignleft size-full wp-image-151890\" src=\"https:\/\/www.bellunopress.it\/wp-content\/uploads\/2024\/06\/asino-sbranato-dai-lupi-in-Cansiglio_edited.jpg\" alt=\"\" width=\"881\" height=\"1000\" srcset=\"https:\/\/www.bellunopress.it\/wp-content\/uploads\/2024\/06\/asino-sbranato-dai-lupi-in-Cansiglio_edited.jpg 881w, https:\/\/www.bellunopress.it\/wp-content\/uploads\/2024\/06\/asino-sbranato-dai-lupi-in-Cansiglio_edited-441x500.jpg 441w, https:\/\/www.bellunopress.it\/wp-content\/uploads\/2024\/06\/asino-sbranato-dai-lupi-in-Cansiglio_edited-370x420.jpg 370w, https:\/\/www.bellunopress.it\/wp-content\/uploads\/2024\/06\/asino-sbranato-dai-lupi-in-Cansiglio_edited-696x790.jpg 696w\" sizes=\"auto, (max-width: 881px) 100vw, 881px\" \/>Vi scrivo con il cuore spezzato e una grande rabbia dentro. Ieri notte i lupi hanno attaccato il mio allevamento e mi hanno ucciso un asino. Era pi\u00f9 di un semplice animale, era parte della mia vita quotidiana, un compagno di vita.<\/p>\n<p>Vivo vicino alla Foresta del Cansiglio, una zona dove sono presenti lupi in maniera massiccia, e capisco l&#8217;importanza della biodiversit\u00e0, ma chi protegge noi allevatori? Chi si preoccupa dei nostri animali, del nostro lavoro, del nostro sostentamento? Non possiamo continuare a vivere con la paura costante che un altro attacco possa accadere.<\/p>\n<p>Chiedo alle autorit\u00e0 di intervenire. Non voglio sterminare i lupi, ma serve una gestione pi\u00f9 equilibrata e responsabile. Non possiamo essere lasciati soli in questa battaglia. Gli allevatori hanno bisogno di supporto e protezione, di risarcimenti adeguati e di misure preventive efficaci.<\/p>\n<p>Vi prego di dare voce alla mia situazione e a quella di tanti altri allevatori che ogni giorno affrontano queste difficolt\u00e0. Non possiamo pi\u00f9 aspettare. Abbiamo bisogno di azioni concrete ora.<\/p>\n<p>Wendi Zopp\u00e8 e Tamara De Filippo<\/p>","protected":false},"excerpt":{"rendered":"<p>Vi scrivo con il cuore spezzato e una grande rabbia dentro. Ieri notte i lupi hanno attaccato il mio allevamento e mi hanno ucciso un asino. Era pi\u00f9 di un semplice animale, era parte della mia vita quotidiana, un compagno di vita. Vivo vicino alla Foresta del Cansiglio, una zona dove sono presenti lupi in [&hellip;]<\/p>\n","protected":false},"author":2,"featured_media":151890,"comment_status":"closed","ping_status":"open","sticky":false,"template":"","format":"standard","meta":{"footnotes":""},"categories":[1,38],"tags":[],"class_list":["post-151889","post","type-post","status-publish","format-standard","has-post-thumbnail","category-leo","category-natura-ambiente"],"yoast_head":"<!-- This site is optimized with the Yoast SEO plugin v28.4 - https:\/\/yoast.com\/product\/yoast-seo-wordpress\/ -->\n<title>Asino sbranato dai lupi in Cansiglio. La testimonianza di un allevatore - Bellunopress - Dolomiti<\/title>\n<meta name=\"robots\" content=\"index, follow, max-snippet:-1, max-image-preview:large, max-video-preview:-1\" \/>\n<link rel=\"canonical\" href=\"https:\/\/www.bellunopress.it\/fr\/2024\/06\/28\/asino-sbranato-dai-lupi-in-cansiglio-la-testimonianza-di-un-allevatore\/\" \/>\n<meta property=\"og:locale\" content=\"fr_FR\" \/>\n<meta property=\"og:type\" content=\"article\" \/>\n<meta property=\"og:title\" content=\"Asino sbranato dai lupi in Cansiglio. La testimonianza di un allevatore - Bellunopress - Dolomiti\" \/>\n<meta property=\"og:description\" content=\"Vi scrivo con il cuore spezzato e una grande rabbia dentro. Ieri notte i lupi hanno attaccato il mio allevamento e mi hanno ucciso un asino. Era pi\u00f9 di un semplice animale, era parte della mia vita quotidiana, un compagno di vita. Vivo vicino alla Foresta del Cansiglio, una zona dove sono presenti lupi in [&hellip;]\" \/>\n<meta property=\"og:url\" content=\"https:\/\/www.bellunopress.it\/fr\/2024\/06\/28\/asino-sbranato-dai-lupi-in-cansiglio-la-testimonianza-di-un-allevatore\/\" \/>\n<meta property=\"og:site_name\" content=\"Bellunopress - Dolomiti\" \/>\n<meta property=\"article:publisher\" content=\"https:\/\/www.facebook.com\/profile.php?id=100008943462799\" \/>\n<meta property=\"article:published_time\" content=\"2024-06-28T19:39:35+00:00\" \/>\n<meta property=\"og:image\" content=\"https:\/\/www.bellunopress.it\/wp-content\/uploads\/2024\/06\/asino-sbranato-dai-lupi-in-Cansiglio_edited.jpg\" \/>\n\t<meta property=\"og:image:width\" content=\"881\" \/>\n\t<meta property=\"og:image:height\" content=\"1000\" \/>\n\t<meta property=\"og:image:type\" content=\"image\/jpeg\" \/>\n<meta name=\"author\" content=\"redazione\" \/>\n<meta name=\"twitter:card\" content=\"summary_large_image\" \/>\n<meta name=\"twitter:creator\" content=\"@bellunopress\" \/>\n<meta name=\"twitter:site\" content=\"@bellunopress\" \/>\n<meta name=\"twitter:label1\" content=\"\u00c9crit par\" \/>\n\t<meta name=\"twitter:data1\" content=\"redazione\" \/>\n\t<meta name=\"twitter:label2\" content=\"Dur\u00e9e de lecture estim\u00e9e\" \/>\n\t<meta name=\"twitter:data2\" content=\"1 minute\" \/>\n<script type=\"application\/ld+json\" class=\"yoast-schema-graph\">{\"@context\":\"https:\\\/\\\/schema.org\",\"@graph\":[{\"@type\":\"Article\",\"@id\":\"https:\\\/\\\/www.bellunopress.it\\\/2024\\\/06\\\/28\\\/asino-sbranato-dai-lupi-in-cansiglio-la-testimonianza-di-un-allevatore\\\/#article\",\"isPartOf\":{\"@id\":\"https:\\\/\\\/www.bellunopress.it\\\/2024\\\/06\\\/28\\\/asino-sbranato-dai-lupi-in-cansiglio-la-testimonianza-di-un-allevatore\\\/\"},\"author\":{\"name\":\"redazione\",\"@id\":\"https:\\\/\\\/www.bellunopress.it\\\/#\\\/schema\\\/person\\\/79bb06722b37ece1c03d3e94beb30d73\"},\"headline\":\"Asino sbranato dai lupi in Cansiglio. La testimonianza di un allevatore\",\"datePublished\":\"2024-06-28T19:39:35+00:00\",\"mainEntityOfPage\":{\"@id\":\"https:\\\/\\\/www.bellunopress.it\\\/2024\\\/06\\\/28\\\/asino-sbranato-dai-lupi-in-cansiglio-la-testimonianza-di-un-allevatore\\\/\"},\"wordCount\":185,\"publisher\":{\"@id\":\"https:\\\/\\\/www.bellunopress.it\\\/#organization\"},\"image\":{\"@id\":\"https:\\\/\\\/www.bellunopress.it\\\/2024\\\/06\\\/28\\\/asino-sbranato-dai-lupi-in-cansiglio-la-testimonianza-di-un-allevatore\\\/#primaryimage\"},\"thumbnailUrl\":\"https:\\\/\\\/www.bellunopress.it\\\/wp-content\\\/uploads\\\/2024\\\/06\\\/asino-sbranato-dai-lupi-in-Cansiglio_edited.jpg\",\"articleSection\":[\"Lettere Opinioni\",\"Meteo, natura, ambiente, animali\"],\"inLanguage\":\"fr-FR\"},{\"@type\":\"WebPage\",\"@id\":\"https:\\\/\\\/www.bellunopress.it\\\/2024\\\/06\\\/28\\\/asino-sbranato-dai-lupi-in-cansiglio-la-testimonianza-di-un-allevatore\\\/\",\"url\":\"https:\\\/\\\/www.bellunopress.it\\\/2024\\\/06\\\/28\\\/asino-sbranato-dai-lupi-in-cansiglio-la-testimonianza-di-un-allevatore\\\/\",\"name\":\"Asino sbranato dai lupi in Cansiglio. La testimonianza di un allevatore - Bellunopress - Dolomiti\",\"isPartOf\":{\"@id\":\"https:\\\/\\\/www.bellunopress.it\\\/#website\"},\"primaryImageOfPage\":{\"@id\":\"https:\\\/\\\/www.bellunopress.it\\\/2024\\\/06\\\/28\\\/asino-sbranato-dai-lupi-in-cansiglio-la-testimonianza-di-un-allevatore\\\/#primaryimage\"},\"image\":{\"@id\":\"https:\\\/\\\/www.bellunopress.it\\\/2024\\\/06\\\/28\\\/asino-sbranato-dai-lupi-in-cansiglio-la-testimonianza-di-un-allevatore\\\/#primaryimage\"},\"thumbnailUrl\":\"https:\\\/\\\/www.bellunopress.it\\\/wp-content\\\/uploads\\\/2024\\\/06\\\/asino-sbranato-dai-lupi-in-Cansiglio_edited.jpg\",\"datePublished\":\"2024-06-28T19:39:35+00:00\",\"breadcrumb\":{\"@id\":\"https:\\\/\\\/www.bellunopress.it\\\/2024\\\/06\\\/28\\\/asino-sbranato-dai-lupi-in-cansiglio-la-testimonianza-di-un-allevatore\\\/#breadcrumb\"},\"inLanguage\":\"fr-FR\",\"potentialAction\":[{\"@type\":\"ReadAction\",\"target\":[\"https:\\\/\\\/www.bellunopress.it\\\/2024\\\/06\\\/28\\\/asino-sbranato-dai-lupi-in-cansiglio-la-testimonianza-di-un-allevatore\\\/\"]}]},{\"@type\":\"ImageObject\",\"inLanguage\":\"fr-FR\",\"@id\":\"https:\\\/\\\/www.bellunopress.it\\\/2024\\\/06\\\/28\\\/asino-sbranato-dai-lupi-in-cansiglio-la-testimonianza-di-un-allevatore\\\/#primaryimage\",\"url\":\"https:\\\/\\\/www.bellunopress.it\\\/wp-content\\\/uploads\\\/2024\\\/06\\\/asino-sbranato-dai-lupi-in-Cansiglio_edited.jpg\",\"contentUrl\":\"https:\\\/\\\/www.bellunopress.it\\\/wp-content\\\/uploads\\\/2024\\\/06\\\/asino-sbranato-dai-lupi-in-Cansiglio_edited.jpg\",\"width\":881,\"height\":1000},{\"@type\":\"BreadcrumbList\",\"@id\":\"https:\\\/\\\/www.bellunopress.it\\\/2024\\\/06\\\/28\\\/asino-sbranato-dai-lupi-in-cansiglio-la-testimonianza-di-un-allevatore\\\/#breadcrumb\",\"itemListElement\":[{\"@type\":\"ListItem\",\"position\":1,\"name\":\"Home\",\"item\":\"https:\\\/\\\/www.bellunopress.it\\\/\"},{\"@type\":\"ListItem\",\"position\":2,\"name\":\"Asino sbranato dai lupi in Cansiglio. La testimonianza di un allevatore\"}]},{\"@type\":\"WebSite\",\"@id\":\"https:\\\/\\\/www.bellunopress.it\\\/#website\",\"url\":\"https:\\\/\\\/www.bellunopress.it\\\/\",\"name\":\"Bellunopress - Dolomiti\",\"description\":\"e-mail: redazione@bellunopress.it\",\"publisher\":{\"@id\":\"https:\\\/\\\/www.bellunopress.it\\\/#organization\"},\"potentialAction\":[{\"@type\":\"SearchAction\",\"target\":{\"@type\":\"EntryPoint\",\"urlTemplate\":\"https:\\\/\\\/www.bellunopress.it\\\/?s={search_term_string}\"},\"query-input\":{\"@type\":\"PropertyValueSpecification\",\"valueRequired\":true,\"valueName\":\"search_term_string\"}}],\"inLanguage\":\"fr-FR\"},{\"@type\":\"Organization\",\"@id\":\"https:\\\/\\\/www.bellunopress.it\\\/#organization\",\"name\":\"Bellunopress\",\"url\":\"https:\\\/\\\/www.bellunopress.it\\\/\",\"logo\":{\"@type\":\"ImageObject\",\"inLanguage\":\"fr-FR\",\"@id\":\"https:\\\/\\\/www.bellunopress.it\\\/#\\\/schema\\\/logo\\\/image\\\/\",\"url\":\"https:\\\/\\\/www.bellunopress.it\\\/wp-content\\\/uploads\\\/2011\\\/05\\\/cropped-logo-bellunopress-.jpg\",\"contentUrl\":\"https:\\\/\\\/www.bellunopress.it\\\/wp-content\\\/uploads\\\/2011\\\/05\\\/cropped-logo-bellunopress-.jpg\",\"width\":512,\"height\":512,\"caption\":\"Bellunopress\"},\"image\":{\"@id\":\"https:\\\/\\\/www.bellunopress.it\\\/#\\\/schema\\\/logo\\\/image\\\/\"},\"sameAs\":[\"https:\\\/\\\/www.facebook.com\\\/profile.php?id=100008943462799\",\"https:\\\/\\\/x.com\\\/bellunopress\",\"https:\\\/\\\/www.linkedin.com\\\/hp\\\/?dnr=JBzUWaJfMUw8vbXJJ2tVW5-I3jZKvC4wsoxE&amp;amp;amp;amp;amp;amp;trk=nav_responsive_tab_home\",\"https:\\\/\\\/www.youtube.com\\\/channel\\\/UCxL0wu1uN0_3_7hGG0306cw\"]},{\"@type\":\"Person\",\"@id\":\"https:\\\/\\\/www.bellunopress.it\\\/#\\\/schema\\\/person\\\/79bb06722b37ece1c03d3e94beb30d73\",\"name\":\"redazione\",\"image\":{\"@type\":\"ImageObject\",\"inLanguage\":\"fr-FR\",\"@id\":\"https:\\\/\\\/secure.gravatar.com\\\/avatar\\\/37d968a2e67a6fd04c169c4bdef102d0bc5d31b2546345219e348575eb80e9a0?s=96&d=mm&r=g\",\"url\":\"https:\\\/\\\/secure.gravatar.com\\\/avatar\\\/37d968a2e67a6fd04c169c4bdef102d0bc5d31b2546345219e348575eb80e9a0?s=96&d=mm&r=g\",\"contentUrl\":\"https:\\\/\\\/secure.gravatar.com\\\/avatar\\\/37d968a2e67a6fd04c169c4bdef102d0bc5d31b2546345219e348575eb80e9a0?s=96&d=mm&r=g\",\"caption\":\"redazione\"},\"sameAs\":[\"http:\\\/\\\/www.bellunopress.it\",\"https:\\\/\\\/x.com\\\/bellunopress\"],\"url\":\"https:\\\/\\\/www.bellunopress.it\\\/fr\\\/author\\\/redazione\\\/\"}]}<\/script>\n<!-- \/ Yoast SEO plugin. -->","yoast_head_json":{"title":"Asino sbranato dai lupi in Cansiglio. La testimonianza di un allevatore - Bellunopress - Dolomiti","robots":{"index":"index","follow":"follow","max-snippet":"max-snippet:-1","max-image-preview":"max-image-preview:large","max-video-preview":"max-video-preview:-1"},"canonical":"https:\/\/www.bellunopress.it\/fr\/2024\/06\/28\/asino-sbranato-dai-lupi-in-cansiglio-la-testimonianza-di-un-allevatore\/","og_locale":"fr_FR","og_type":"article","og_title":"Asino sbranato dai lupi in Cansiglio. La testimonianza di un allevatore - Bellunopress - Dolomiti","og_description":"Vi scrivo con il cuore spezzato e una grande rabbia dentro. Ieri notte i lupi hanno attaccato il mio allevamento e mi hanno ucciso un asino. Era pi\u00f9 di un semplice animale, era parte della mia vita quotidiana, un compagno di vita. Vivo vicino alla Foresta del Cansiglio, una zona dove sono presenti lupi in [&hellip;]","og_url":"https:\/\/www.bellunopress.it\/fr\/2024\/06\/28\/asino-sbranato-dai-lupi-in-cansiglio-la-testimonianza-di-un-allevatore\/","og_site_name":"Bellunopress - Dolomiti","article_publisher":"https:\/\/www.facebook.com\/profile.php?id=100008943462799","article_published_time":"2024-06-28T19:39:35+00:00","og_image":[{"width":881,"height":1000,"url":"https:\/\/www.bellunopress.it\/wp-content\/uploads\/2024\/06\/asino-sbranato-dai-lupi-in-Cansiglio_edited.jpg","type":"image\/jpeg"}],"author":"redazione","twitter_card":"summary_large_image","twitter_creator":"@bellunopress","twitter_site":"@bellunopress","twitter_misc":{"\u00c9crit par":"redazione","Dur\u00e9e de lecture estim\u00e9e":"1 minute"},"schema":{"@context":"https:\/\/schema.org","@graph":[{"@type":"Article","@id":"https:\/\/www.bellunopress.it\/2024\/06\/28\/asino-sbranato-dai-lupi-in-cansiglio-la-testimonianza-di-un-allevatore\/#article","isPartOf":{"@id":"https:\/\/www.bellunopress.it\/2024\/06\/28\/asino-sbranato-dai-lupi-in-cansiglio-la-testimonianza-di-un-allevatore\/"},"author":{"name":"redazione","@id":"https:\/\/www.bellunopress.it\/#\/schema\/person\/79bb06722b37ece1c03d3e94beb30d73"},"headline":"Asino sbranato dai lupi in Cansiglio. La testimonianza di un allevatore","datePublished":"2024-06-28T19:39:35+00:00","mainEntityOfPage":{"@id":"https:\/\/www.bellunopress.it\/2024\/06\/28\/asino-sbranato-dai-lupi-in-cansiglio-la-testimonianza-di-un-allevatore\/"},"wordCount":185,"publisher":{"@id":"https:\/\/www.bellunopress.it\/#organization"},"image":{"@id":"https:\/\/www.bellunopress.it\/2024\/06\/28\/asino-sbranato-dai-lupi-in-cansiglio-la-testimonianza-di-un-allevatore\/#primaryimage"},"thumbnailUrl":"https:\/\/www.bellunopress.it\/wp-content\/uploads\/2024\/06\/asino-sbranato-dai-lupi-in-Cansiglio_edited.jpg","articleSection":["Lettere Opinioni","Meteo, natura, ambiente, animali"],"inLanguage":"fr-FR"},{"@type":"WebPage","@id":"https:\/\/www.bellunopress.it\/2024\/06\/28\/asino-sbranato-dai-lupi-in-cansiglio-la-testimonianza-di-un-allevatore\/","url":"https:\/\/www.bellunopress.it\/2024\/06\/28\/asino-sbranato-dai-lupi-in-cansiglio-la-testimonianza-di-un-allevatore\/","name":"Asino sbranato dai lupi in Cansiglio. La testimonianza di un allevatore - Bellunopress - Dolomiti","isPartOf":{"@id":"https:\/\/www.bellunopress.it\/#website"},"primaryImageOfPage":{"@id":"https:\/\/www.bellunopress.it\/2024\/06\/28\/asino-sbranato-dai-lupi-in-cansiglio-la-testimonianza-di-un-allevatore\/#primaryimage"},"image":{"@id":"https:\/\/www.bellunopress.it\/2024\/06\/28\/asino-sbranato-dai-lupi-in-cansiglio-la-testimonianza-di-un-allevatore\/#primaryimage"},"thumbnailUrl":"https:\/\/www.bellunopress.it\/wp-content\/uploads\/2024\/06\/asino-sbranato-dai-lupi-in-Cansiglio_edited.jpg","datePublished":"2024-06-28T19:39:35+00:00","breadcrumb":{"@id":"https:\/\/www.bellunopress.it\/2024\/06\/28\/asino-sbranato-dai-lupi-in-cansiglio-la-testimonianza-di-un-allevatore\/#breadcrumb"},"inLanguage":"fr-FR","potentialAction":[{"@type":"ReadAction","target":["https:\/\/www.bellunopress.it\/2024\/06\/28\/asino-sbranato-dai-lupi-in-cansiglio-la-testimonianza-di-un-allevatore\/"]}]},{"@type":"ImageObject","inLanguage":"fr-FR","@id":"https:\/\/www.bellunopress.it\/2024\/06\/28\/asino-sbranato-dai-lupi-in-cansiglio-la-testimonianza-di-un-allevatore\/#primaryimage","url":"https:\/\/www.bellunopress.it\/wp-content\/uploads\/2024\/06\/asino-sbranato-dai-lupi-in-Cansiglio_edited.jpg","contentUrl":"https:\/\/www.bellunopress.it\/wp-content\/uploads\/2024\/06\/asino-sbranato-dai-lupi-in-Cansiglio_edited.jpg","width":881,"height":1000},{"@type":"BreadcrumbList","@id":"https:\/\/www.bellunopress.it\/2024\/06\/28\/asino-sbranato-dai-lupi-in-cansiglio-la-testimonianza-di-un-allevatore\/#breadcrumb","itemListElement":[{"@type":"ListItem","position":1,"name":"Home","item":"https:\/\/www.bellunopress.it\/"},{"@type":"ListItem","position":2,"name":"Asino sbranato dai lupi in Cansiglio. La testimonianza di un allevatore"}]},{"@type":"WebSite","@id":"https:\/\/www.bellunopress.it\/#website","url":"https:\/\/www.bellunopress.it\/","name":"Bellunopress - Dolomiti","description":"e-mail: redazione@bellunopress.it","publisher":{"@id":"https:\/\/www.bellunopress.it\/#organization"},"potentialAction":[{"@type":"SearchAction","target":{"@type":"EntryPoint","urlTemplate":"https:\/\/www.bellunopress.it\/?s={search_term_string}"},"query-input":{"@type":"PropertyValueSpecification","valueRequired":true,"valueName":"search_term_string"}}],"inLanguage":"fr-FR"},{"@type":"Organization","@id":"https:\/\/www.bellunopress.it\/#organization","name":"Bellunopress","url":"https:\/\/www.bellunopress.it\/","logo":{"@type":"ImageObject","inLanguage":"fr-FR","@id":"https:\/\/www.bellunopress.it\/#\/schema\/logo\/image\/","url":"https:\/\/www.bellunopress.it\/wp-content\/uploads\/2011\/05\/cropped-logo-bellunopress-.jpg","contentUrl":"https:\/\/www.bellunopress.it\/wp-content\/uploads\/2011\/05\/cropped-logo-bellunopress-.jpg","width":512,"height":512,"caption":"Bellunopress"},"image":{"@id":"https:\/\/www.bellunopress.it\/#\/schema\/logo\/image\/"},"sameAs":["https:\/\/www.facebook.com\/profile.php?id=100008943462799","https:\/\/x.com\/bellunopress","https:\/\/www.linkedin.com\/hp\/?dnr=JBzUWaJfMUw8vbXJJ2tVW5-I3jZKvC4wsoxE&amp;amp;amp;amp;amp;amp;trk=nav_responsive_tab_home","https:\/\/www.youtube.com\/channel\/UCxL0wu1uN0_3_7hGG0306cw"]},{"@type":"Person","@id":"https:\/\/www.bellunopress.it\/#\/schema\/person\/79bb06722b37ece1c03d3e94beb30d73","name":"r\u00e9daction","image":{"@type":"ImageObject","inLanguage":"fr-FR","@id":"https:\/\/secure.gravatar.com\/avatar\/37d968a2e67a6fd04c169c4bdef102d0bc5d31b2546345219e348575eb80e9a0?s=96&d=mm&r=g","url":"https:\/\/secure.gravatar.com\/avatar\/37d968a2e67a6fd04c169c4bdef102d0bc5d31b2546345219e348575eb80e9a0?s=96&d=mm&r=g","contentUrl":"https:\/\/secure.gravatar.com\/avatar\/37d968a2e67a6fd04c169c4bdef102d0bc5d31b2546345219e348575eb80e9a0?s=96&d=mm&r=g","caption":"redazione"},"sameAs":["http:\/\/www.bellunopress.it","https:\/\/x.com\/bellunopress"],"url":"https:\/\/www.bellunopress.it\/fr\/author\/redazione\/"}]}},"_links":{"self":[{"href":"https:\/\/www.bellunopress.it\/fr\/wp-json\/wp\/v2\/posts\/151889","targetHints":{"allow":["GET"]}}],"collection":[{"href":"https:\/\/www.bellunopress.it\/fr\/wp-json\/wp\/v2\/posts"}],"about":[{"href":"https:\/\/www.bellunopress.it\/fr\/wp-json\/wp\/v2\/types\/post"}],"author":[{"embeddable":true,"href":"https:\/\/www.bellunopress.it\/fr\/wp-json\/wp\/v2\/users\/2"}],"replies":[{"embeddable":true,"href":"https:\/\/www.bellunopress.it\/fr\/wp-json\/wp\/v2\/comments?post=151889"}],"version-history":[{"count":1,"href":"https:\/\/www.bellunopress.it\/fr\/wp-json\/wp\/v2\/posts\/151889\/revisions"}],"predecessor-version":[{"id":151891,"href":"https:\/\/www.bellunopress.it\/fr\/wp-json\/wp\/v2\/posts\/151889\/revisions\/151891"}],"wp:featuredmedia":[{"embeddable":true,"href":"https:\/\/www.bellunopress.it\/fr\/wp-json\/wp\/v2\/media\/151890"}],"wp:attachment":[{"href":"https:\/\/www.bellunopress.it\/fr\/wp-json\/wp\/v2\/media?parent=151889"}],"wp:term":[{"taxonomy":"category","embeddable":true,"href":"https:\/\/www.bellunopress.it\/fr\/wp-json\/wp\/v2\/categories?post=151889"},{"taxonomy":"post_tag","embeddable":true,"href":"https:\/\/www.bellunopress.it\/fr\/wp-json\/wp\/v2\/tags?post=151889"}],"curies":[{"name":"wp","href":"https:\/\/api.w.org\/{rel}","templated":true}]}}