{"id":151886,"date":"2024-06-28T21:31:02","date_gmt":"2024-06-28T19:31:02","guid":{"rendered":"https:\/\/www.bellunopress.it\/?p=151886"},"modified":"2026-05-26T10:04:31","modified_gmt":"2026-05-26T08:04:31","slug":"polli-da-allevamento-ultimi-2-giorni-per-opporsi-allinserimento-dati-nel-fascicolo-sanitario","status":"publish","type":"post","link":"https:\/\/www.bellunopress.it\/fr\/2024\/06\/28\/polli-da-allevamento-ultimi-2-giorni-per-opporsi-allinserimento-dati-nel-fascicolo-sanitario\/","title":{"rendered":"Polli da allevamento. Ultimi 2 giorni per opporsi all&#8217;inserimento dati nel Fascicolo sanitario"},"content":{"rendered":"<p>\u201cCari, cari polli da allevamento con i vostri stivaletti gialli e le vostre canzoni&#8230;\u201d questo album Gaber l&#8217;ha portato nei teatri nel 1978.<br \/>\nGi\u00e0 allora si potevano delineare i profili di un futuro prossimo che ora tutti possono toccare con mano.<br \/>\nBerlinguer ministro della Pubblica Istruzione sarebbe arrivato 18 anni dopo e avrebbe\u201d sistemato \u201cdefinitivamente la scuola italiana come possiamo rilevare facilmente oggi, con istruzione ridotta al minimo, esami facilitati, votazioni alte, bocciature proibite, eventuali voti negativi contestati o portati in tribunale e titolo di liceo distribuito anche alle scuole di enologia.<br \/>\nLa preparazione culturale e lo spirito critico dei giovani rampolli delle classi dominanti del nostro mondo riservati in ambiti ristretti e per lo pi\u00f9 elitari.<br \/>\nCos\u00ec \u00e8 stata \u201cnormalizzata\u201d l&#8217;autonomia di pensiero dei pi\u00f9 giovani per rendere impossibile un altro &#8217;68.<br \/>\nE il nostro Gaber cantava \u201cI padri miei.. i padri tuoi..\u201d<\/p>\n<p>L&#8217;America degli USA negli ultimi 80 anni dominante (come un tempo Atene, Roma, la Spagna e l&#8217;Inghilterra) da qualche decennio \u00e8 in grado di leggere tutta la corrispondenza, tutte le comunicazioni telefoniche, tutte le attivit\u00e0 economiche del mondo e persegue con pervicacia il disegno di una \u201cpax americana\u201d sistemando i suoi missili con testate nucleari a corona intorno alla Russia, indifferente al fatto che questa sua volont\u00e0 di potenza potrebbe costarci l&#8217;intero pianeta.<br \/>\nIn questo ambito rientrano le pandemie controllate; i cicli meteorici dominati secondo le strategie militari con le emissioni di materiali compositi in atmosfera; le esplosioni atomiche sotterranee per creare terremoti mirati; il 5G che aumenta con un ordine di grandezza di cinque volte (cio\u00e8 100.000 volte) l&#8217;energia radiante naturale del nostro ambiente da miliardi di anni fino al XIX secolo.<\/p>\n<p>Ora da vassalli, dopo aver dovuto subire gravi svantaggi economici con la guerra in Ucraina (perdendo le forniture dalla Russia e dovendole acquisire dagli \u201camici\u201d americani, a prezzo molto pi\u00f9 elevato, ignorando pure la nostra Costituzione in merito all&#8217;uso delle armi) dobbiamo fornire un altro piccolo contributo al controllo della popolazione mondiale. Dobbiamo cio\u00e8 mettere a disposizione tutti i dati sanitari di ciascuno di noi, per tutta la durata della nostra vita. \u00c8 vero che <a href=\"https:\/\/www.regione.veneto.it\/web\/sanita\/dettaglio-news?articleId=14011791\">possiamo escludere<\/a>, con una complessa operazione presso le ULSS, i nostri dati fino al 2020, ma solo nei due prossimi giorni, cio\u00e8 entro il 30 giugno. Da questa data in poi non sar\u00e0 pi\u00f9 possibile.<br \/>\nUn vero e proprio \u201cblitz segreto sui dati sanitari\u201d poich\u00e9 giornali e TV non ne parlano. \u00c8 forse questa la Ragion di Stato?<\/p>\n<p>Giustamente Henry Kissinger diceva che \u201cessere nemici degli Stati Uniti pu\u00f2 essere pericoloso, ma esserne amici pu\u00f2 essere fatale\u201d.<\/p>\n<p>dr. Filiberto Dal Molin<\/p>","protected":false},"excerpt":{"rendered":"<p>\u201cCari, cari polli da allevamento con i vostri stivaletti gialli e le vostre canzoni&#8230;\u201d questo album Gaber l&#8217;ha portato nei teatri nel 1978. Gi\u00e0 allora si potevano delineare i profili di un futuro prossimo che ora tutti possono toccare con mano. Berlinguer ministro della Pubblica Istruzione sarebbe arrivato 18 anni dopo e avrebbe\u201d sistemato \u201cdefinitivamente [&hellip;]<\/p>\n","protected":false},"author":2,"featured_media":0,"comment_status":"closed","ping_status":"open","sticky":false,"template":"","format":"standard","meta":{"footnotes":""},"categories":[3614,17],"tags":[],"class_list":["post-151886","post","type-post","status-publish","format-standard","category-controcorrente","category-sanita"],"yoast_head":"<!-- This site is optimized with the Yoast SEO plugin v28.4 - https:\/\/yoast.com\/product\/yoast-seo-wordpress\/ -->\n<title>Polli da allevamento. Ultimi 2 giorni per opporsi all&#039;inserimento dati nel Fascicolo sanitario - Bellunopress - Dolomiti<\/title>\n<meta name=\"robots\" content=\"index, follow, max-snippet:-1, max-image-preview:large, max-video-preview:-1\" \/>\n<link rel=\"canonical\" href=\"https:\/\/www.bellunopress.it\/fr\/2024\/06\/28\/polli-da-allevamento-ultimi-2-giorni-per-opporsi-allinserimento-dati-nel-fascicolo-sanitario\/\" \/>\n<meta property=\"og:locale\" content=\"fr_FR\" \/>\n<meta property=\"og:type\" content=\"article\" \/>\n<meta property=\"og:title\" content=\"Polli da allevamento. Ultimi 2 giorni per opporsi all&#039;inserimento dati nel Fascicolo sanitario - Bellunopress - Dolomiti\" \/>\n<meta property=\"og:description\" content=\"\u201cCari, cari polli da allevamento con i vostri stivaletti gialli e le vostre canzoni&#8230;\u201d questo album Gaber l&#8217;ha portato nei teatri nel 1978. Gi\u00e0 allora si potevano delineare i profili di un futuro prossimo che ora tutti possono toccare con mano. Berlinguer ministro della Pubblica Istruzione sarebbe arrivato 18 anni dopo e avrebbe\u201d sistemato \u201cdefinitivamente [&hellip;]\" \/>\n<meta property=\"og:url\" content=\"https:\/\/www.bellunopress.it\/fr\/2024\/06\/28\/polli-da-allevamento-ultimi-2-giorni-per-opporsi-allinserimento-dati-nel-fascicolo-sanitario\/\" \/>\n<meta property=\"og:site_name\" content=\"Bellunopress - Dolomiti\" \/>\n<meta property=\"article:publisher\" content=\"https:\/\/www.facebook.com\/profile.php?id=100008943462799\" \/>\n<meta property=\"article:published_time\" content=\"2024-06-28T19:31:02+00:00\" \/>\n<meta property=\"article:modified_time\" content=\"2026-05-26T08:04:31+00:00\" \/>\n<meta property=\"og:image\" content=\"http:\/\/www.bellunopress.it\/wp-content\/uploads\/2012\/07\/logo-bellunopress-250x250-2012.jpg\" \/>\n<meta name=\"author\" content=\"redazione\" \/>\n<meta name=\"twitter:card\" content=\"summary_large_image\" \/>\n<meta name=\"twitter:creator\" content=\"@bellunopress\" \/>\n<meta name=\"twitter:site\" content=\"@bellunopress\" \/>\n<meta name=\"twitter:label1\" content=\"\u00c9crit par\" \/>\n\t<meta name=\"twitter:data1\" content=\"redazione\" \/>\n\t<meta name=\"twitter:label2\" content=\"Dur\u00e9e de lecture estim\u00e9e\" \/>\n\t<meta name=\"twitter:data2\" content=\"3 minutes\" \/>\n<script type=\"application\/ld+json\" class=\"yoast-schema-graph\">{\"@context\":\"https:\\\/\\\/schema.org\",\"@graph\":[{\"@type\":\"Article\",\"@id\":\"https:\\\/\\\/www.bellunopress.it\\\/2024\\\/06\\\/28\\\/polli-da-allevamento-ultimi-2-giorni-per-opporsi-allinserimento-dati-nel-fascicolo-sanitario\\\/#article\",\"isPartOf\":{\"@id\":\"https:\\\/\\\/www.bellunopress.it\\\/2024\\\/06\\\/28\\\/polli-da-allevamento-ultimi-2-giorni-per-opporsi-allinserimento-dati-nel-fascicolo-sanitario\\\/\"},\"author\":{\"name\":\"redazione\",\"@id\":\"https:\\\/\\\/www.bellunopress.it\\\/#\\\/schema\\\/person\\\/79bb06722b37ece1c03d3e94beb30d73\"},\"headline\":\"Polli da allevamento. Ultimi 2 giorni per opporsi all&#8217;inserimento dati nel Fascicolo sanitario\",\"datePublished\":\"2024-06-28T19:31:02+00:00\",\"dateModified\":\"2026-05-26T08:04:31+00:00\",\"mainEntityOfPage\":{\"@id\":\"https:\\\/\\\/www.bellunopress.it\\\/2024\\\/06\\\/28\\\/polli-da-allevamento-ultimi-2-giorni-per-opporsi-allinserimento-dati-nel-fascicolo-sanitario\\\/\"},\"wordCount\":442,\"publisher\":{\"@id\":\"https:\\\/\\\/www.bellunopress.it\\\/#organization\"},\"articleSection\":[\"Controcorrente Dr Filiberto Dal Molin\",\"Sanit\u00e0 Medicina\"],\"inLanguage\":\"fr-FR\"},{\"@type\":\"WebPage\",\"@id\":\"https:\\\/\\\/www.bellunopress.it\\\/2024\\\/06\\\/28\\\/polli-da-allevamento-ultimi-2-giorni-per-opporsi-allinserimento-dati-nel-fascicolo-sanitario\\\/\",\"url\":\"https:\\\/\\\/www.bellunopress.it\\\/2024\\\/06\\\/28\\\/polli-da-allevamento-ultimi-2-giorni-per-opporsi-allinserimento-dati-nel-fascicolo-sanitario\\\/\",\"name\":\"Polli da allevamento. Ultimi 2 giorni per opporsi all'inserimento dati nel Fascicolo sanitario - Bellunopress - Dolomiti\",\"isPartOf\":{\"@id\":\"https:\\\/\\\/www.bellunopress.it\\\/#website\"},\"datePublished\":\"2024-06-28T19:31:02+00:00\",\"dateModified\":\"2026-05-26T08:04:31+00:00\",\"breadcrumb\":{\"@id\":\"https:\\\/\\\/www.bellunopress.it\\\/2024\\\/06\\\/28\\\/polli-da-allevamento-ultimi-2-giorni-per-opporsi-allinserimento-dati-nel-fascicolo-sanitario\\\/#breadcrumb\"},\"inLanguage\":\"fr-FR\",\"potentialAction\":[{\"@type\":\"ReadAction\",\"target\":[\"https:\\\/\\\/www.bellunopress.it\\\/2024\\\/06\\\/28\\\/polli-da-allevamento-ultimi-2-giorni-per-opporsi-allinserimento-dati-nel-fascicolo-sanitario\\\/\"]}]},{\"@type\":\"BreadcrumbList\",\"@id\":\"https:\\\/\\\/www.bellunopress.it\\\/2024\\\/06\\\/28\\\/polli-da-allevamento-ultimi-2-giorni-per-opporsi-allinserimento-dati-nel-fascicolo-sanitario\\\/#breadcrumb\",\"itemListElement\":[{\"@type\":\"ListItem\",\"position\":1,\"name\":\"Home\",\"item\":\"https:\\\/\\\/www.bellunopress.it\\\/\"},{\"@type\":\"ListItem\",\"position\":2,\"name\":\"Polli da allevamento. Ultimi 2 giorni per opporsi all&#8217;inserimento dati nel Fascicolo sanitario\"}]},{\"@type\":\"WebSite\",\"@id\":\"https:\\\/\\\/www.bellunopress.it\\\/#website\",\"url\":\"https:\\\/\\\/www.bellunopress.it\\\/\",\"name\":\"Bellunopress - Dolomiti\",\"description\":\"e-mail: redazione@bellunopress.it\",\"publisher\":{\"@id\":\"https:\\\/\\\/www.bellunopress.it\\\/#organization\"},\"potentialAction\":[{\"@type\":\"SearchAction\",\"target\":{\"@type\":\"EntryPoint\",\"urlTemplate\":\"https:\\\/\\\/www.bellunopress.it\\\/?s={search_term_string}\"},\"query-input\":{\"@type\":\"PropertyValueSpecification\",\"valueRequired\":true,\"valueName\":\"search_term_string\"}}],\"inLanguage\":\"fr-FR\"},{\"@type\":\"Organization\",\"@id\":\"https:\\\/\\\/www.bellunopress.it\\\/#organization\",\"name\":\"Bellunopress\",\"url\":\"https:\\\/\\\/www.bellunopress.it\\\/\",\"logo\":{\"@type\":\"ImageObject\",\"inLanguage\":\"fr-FR\",\"@id\":\"https:\\\/\\\/www.bellunopress.it\\\/#\\\/schema\\\/logo\\\/image\\\/\",\"url\":\"https:\\\/\\\/www.bellunopress.it\\\/wp-content\\\/uploads\\\/2011\\\/05\\\/cropped-logo-bellunopress-.jpg\",\"contentUrl\":\"https:\\\/\\\/www.bellunopress.it\\\/wp-content\\\/uploads\\\/2011\\\/05\\\/cropped-logo-bellunopress-.jpg\",\"width\":512,\"height\":512,\"caption\":\"Bellunopress\"},\"image\":{\"@id\":\"https:\\\/\\\/www.bellunopress.it\\\/#\\\/schema\\\/logo\\\/image\\\/\"},\"sameAs\":[\"https:\\\/\\\/www.facebook.com\\\/profile.php?id=100008943462799\",\"https:\\\/\\\/x.com\\\/bellunopress\",\"https:\\\/\\\/www.linkedin.com\\\/hp\\\/?dnr=JBzUWaJfMUw8vbXJJ2tVW5-I3jZKvC4wsoxE&amp;amp;amp;amp;amp;amp;trk=nav_responsive_tab_home\",\"https:\\\/\\\/www.youtube.com\\\/channel\\\/UCxL0wu1uN0_3_7hGG0306cw\"]},{\"@type\":\"Person\",\"@id\":\"https:\\\/\\\/www.bellunopress.it\\\/#\\\/schema\\\/person\\\/79bb06722b37ece1c03d3e94beb30d73\",\"name\":\"redazione\",\"image\":{\"@type\":\"ImageObject\",\"inLanguage\":\"fr-FR\",\"@id\":\"https:\\\/\\\/secure.gravatar.com\\\/avatar\\\/37d968a2e67a6fd04c169c4bdef102d0bc5d31b2546345219e348575eb80e9a0?s=96&d=mm&r=g\",\"url\":\"https:\\\/\\\/secure.gravatar.com\\\/avatar\\\/37d968a2e67a6fd04c169c4bdef102d0bc5d31b2546345219e348575eb80e9a0?s=96&d=mm&r=g\",\"contentUrl\":\"https:\\\/\\\/secure.gravatar.com\\\/avatar\\\/37d968a2e67a6fd04c169c4bdef102d0bc5d31b2546345219e348575eb80e9a0?s=96&d=mm&r=g\",\"caption\":\"redazione\"},\"sameAs\":[\"http:\\\/\\\/www.bellunopress.it\",\"https:\\\/\\\/x.com\\\/bellunopress\"],\"url\":\"https:\\\/\\\/www.bellunopress.it\\\/fr\\\/author\\\/redazione\\\/\"}]}<\/script>\n<!-- \/ Yoast SEO plugin. -->","yoast_head_json":{"title":"Polli da allevamento. Ultimi 2 giorni per opporsi all'inserimento dati nel Fascicolo sanitario - Bellunopress - Dolomiti","robots":{"index":"index","follow":"follow","max-snippet":"max-snippet:-1","max-image-preview":"max-image-preview:large","max-video-preview":"max-video-preview:-1"},"canonical":"https:\/\/www.bellunopress.it\/fr\/2024\/06\/28\/polli-da-allevamento-ultimi-2-giorni-per-opporsi-allinserimento-dati-nel-fascicolo-sanitario\/","og_locale":"fr_FR","og_type":"article","og_title":"Polli da allevamento. Ultimi 2 giorni per opporsi all'inserimento dati nel Fascicolo sanitario - Bellunopress - Dolomiti","og_description":"\u201cCari, cari polli da allevamento con i vostri stivaletti gialli e le vostre canzoni&#8230;\u201d questo album Gaber l&#8217;ha portato nei teatri nel 1978. Gi\u00e0 allora si potevano delineare i profili di un futuro prossimo che ora tutti possono toccare con mano. Berlinguer ministro della Pubblica Istruzione sarebbe arrivato 18 anni dopo e avrebbe\u201d sistemato \u201cdefinitivamente [&hellip;]","og_url":"https:\/\/www.bellunopress.it\/fr\/2024\/06\/28\/polli-da-allevamento-ultimi-2-giorni-per-opporsi-allinserimento-dati-nel-fascicolo-sanitario\/","og_site_name":"Bellunopress - Dolomiti","article_publisher":"https:\/\/www.facebook.com\/profile.php?id=100008943462799","article_published_time":"2024-06-28T19:31:02+00:00","article_modified_time":"2026-05-26T08:04:31+00:00","og_image":[{"url":"http:\/\/www.bellunopress.it\/wp-content\/uploads\/2012\/07\/logo-bellunopress-250x250-2012.jpg","type":"","width":"","height":""}],"author":"redazione","twitter_card":"summary_large_image","twitter_creator":"@bellunopress","twitter_site":"@bellunopress","twitter_misc":{"\u00c9crit par":"redazione","Dur\u00e9e de lecture estim\u00e9e":"3 minutes"},"schema":{"@context":"https:\/\/schema.org","@graph":[{"@type":"Article","@id":"https:\/\/www.bellunopress.it\/2024\/06\/28\/polli-da-allevamento-ultimi-2-giorni-per-opporsi-allinserimento-dati-nel-fascicolo-sanitario\/#article","isPartOf":{"@id":"https:\/\/www.bellunopress.it\/2024\/06\/28\/polli-da-allevamento-ultimi-2-giorni-per-opporsi-allinserimento-dati-nel-fascicolo-sanitario\/"},"author":{"name":"redazione","@id":"https:\/\/www.bellunopress.it\/#\/schema\/person\/79bb06722b37ece1c03d3e94beb30d73"},"headline":"Polli da allevamento. Ultimi 2 giorni per opporsi all&#8217;inserimento dati nel Fascicolo sanitario","datePublished":"2024-06-28T19:31:02+00:00","dateModified":"2026-05-26T08:04:31+00:00","mainEntityOfPage":{"@id":"https:\/\/www.bellunopress.it\/2024\/06\/28\/polli-da-allevamento-ultimi-2-giorni-per-opporsi-allinserimento-dati-nel-fascicolo-sanitario\/"},"wordCount":442,"publisher":{"@id":"https:\/\/www.bellunopress.it\/#organization"},"articleSection":["Controcorrente Dr Filiberto Dal Molin","Sanit\u00e0 Medicina"],"inLanguage":"fr-FR"},{"@type":"WebPage","@id":"https:\/\/www.bellunopress.it\/2024\/06\/28\/polli-da-allevamento-ultimi-2-giorni-per-opporsi-allinserimento-dati-nel-fascicolo-sanitario\/","url":"https:\/\/www.bellunopress.it\/2024\/06\/28\/polli-da-allevamento-ultimi-2-giorni-per-opporsi-allinserimento-dati-nel-fascicolo-sanitario\/","name":"Polli da allevamento. Ultimi 2 giorni per opporsi all'inserimento dati nel Fascicolo sanitario - Bellunopress - Dolomiti","isPartOf":{"@id":"https:\/\/www.bellunopress.it\/#website"},"datePublished":"2024-06-28T19:31:02+00:00","dateModified":"2026-05-26T08:04:31+00:00","breadcrumb":{"@id":"https:\/\/www.bellunopress.it\/2024\/06\/28\/polli-da-allevamento-ultimi-2-giorni-per-opporsi-allinserimento-dati-nel-fascicolo-sanitario\/#breadcrumb"},"inLanguage":"fr-FR","potentialAction":[{"@type":"ReadAction","target":["https:\/\/www.bellunopress.it\/2024\/06\/28\/polli-da-allevamento-ultimi-2-giorni-per-opporsi-allinserimento-dati-nel-fascicolo-sanitario\/"]}]},{"@type":"BreadcrumbList","@id":"https:\/\/www.bellunopress.it\/2024\/06\/28\/polli-da-allevamento-ultimi-2-giorni-per-opporsi-allinserimento-dati-nel-fascicolo-sanitario\/#breadcrumb","itemListElement":[{"@type":"ListItem","position":1,"name":"Home","item":"https:\/\/www.bellunopress.it\/"},{"@type":"ListItem","position":2,"name":"Polli da allevamento. Ultimi 2 giorni per opporsi all&#8217;inserimento dati nel Fascicolo sanitario"}]},{"@type":"WebSite","@id":"https:\/\/www.bellunopress.it\/#website","url":"https:\/\/www.bellunopress.it\/","name":"Bellunopress - Dolomiti","description":"e-mail: redazione@bellunopress.it","publisher":{"@id":"https:\/\/www.bellunopress.it\/#organization"},"potentialAction":[{"@type":"SearchAction","target":{"@type":"EntryPoint","urlTemplate":"https:\/\/www.bellunopress.it\/?s={search_term_string}"},"query-input":{"@type":"PropertyValueSpecification","valueRequired":true,"valueName":"search_term_string"}}],"inLanguage":"fr-FR"},{"@type":"Organization","@id":"https:\/\/www.bellunopress.it\/#organization","name":"Bellunopress","url":"https:\/\/www.bellunopress.it\/","logo":{"@type":"ImageObject","inLanguage":"fr-FR","@id":"https:\/\/www.bellunopress.it\/#\/schema\/logo\/image\/","url":"https:\/\/www.bellunopress.it\/wp-content\/uploads\/2011\/05\/cropped-logo-bellunopress-.jpg","contentUrl":"https:\/\/www.bellunopress.it\/wp-content\/uploads\/2011\/05\/cropped-logo-bellunopress-.jpg","width":512,"height":512,"caption":"Bellunopress"},"image":{"@id":"https:\/\/www.bellunopress.it\/#\/schema\/logo\/image\/"},"sameAs":["https:\/\/www.facebook.com\/profile.php?id=100008943462799","https:\/\/x.com\/bellunopress","https:\/\/www.linkedin.com\/hp\/?dnr=JBzUWaJfMUw8vbXJJ2tVW5-I3jZKvC4wsoxE&amp;amp;amp;amp;amp;amp;trk=nav_responsive_tab_home","https:\/\/www.youtube.com\/channel\/UCxL0wu1uN0_3_7hGG0306cw"]},{"@type":"Person","@id":"https:\/\/www.bellunopress.it\/#\/schema\/person\/79bb06722b37ece1c03d3e94beb30d73","name":"r\u00e9daction","image":{"@type":"ImageObject","inLanguage":"fr-FR","@id":"https:\/\/secure.gravatar.com\/avatar\/37d968a2e67a6fd04c169c4bdef102d0bc5d31b2546345219e348575eb80e9a0?s=96&d=mm&r=g","url":"https:\/\/secure.gravatar.com\/avatar\/37d968a2e67a6fd04c169c4bdef102d0bc5d31b2546345219e348575eb80e9a0?s=96&d=mm&r=g","contentUrl":"https:\/\/secure.gravatar.com\/avatar\/37d968a2e67a6fd04c169c4bdef102d0bc5d31b2546345219e348575eb80e9a0?s=96&d=mm&r=g","caption":"redazione"},"sameAs":["http:\/\/www.bellunopress.it","https:\/\/x.com\/bellunopress"],"url":"https:\/\/www.bellunopress.it\/fr\/author\/redazione\/"}]}},"_links":{"self":[{"href":"https:\/\/www.bellunopress.it\/fr\/wp-json\/wp\/v2\/posts\/151886","targetHints":{"allow":["GET"]}}],"collection":[{"href":"https:\/\/www.bellunopress.it\/fr\/wp-json\/wp\/v2\/posts"}],"about":[{"href":"https:\/\/www.bellunopress.it\/fr\/wp-json\/wp\/v2\/types\/post"}],"author":[{"embeddable":true,"href":"https:\/\/www.bellunopress.it\/fr\/wp-json\/wp\/v2\/users\/2"}],"replies":[{"embeddable":true,"href":"https:\/\/www.bellunopress.it\/fr\/wp-json\/wp\/v2\/comments?post=151886"}],"version-history":[{"count":2,"href":"https:\/\/www.bellunopress.it\/fr\/wp-json\/wp\/v2\/posts\/151886\/revisions"}],"predecessor-version":[{"id":170468,"href":"https:\/\/www.bellunopress.it\/fr\/wp-json\/wp\/v2\/posts\/151886\/revisions\/170468"}],"wp:attachment":[{"href":"https:\/\/www.bellunopress.it\/fr\/wp-json\/wp\/v2\/media?parent=151886"}],"wp:term":[{"taxonomy":"category","embeddable":true,"href":"https:\/\/www.bellunopress.it\/fr\/wp-json\/wp\/v2\/categories?post=151886"},{"taxonomy":"post_tag","embeddable":true,"href":"https:\/\/www.bellunopress.it\/fr\/wp-json\/wp\/v2\/tags?post=151886"}],"curies":[{"name":"wp","href":"https:\/\/api.w.org\/{rel}","templated":true}]}}