{"id":151822,"date":"2024-06-26T16:51:28","date_gmt":"2024-06-26T14:51:28","guid":{"rendered":"https:\/\/www.bellunopress.it\/?p=151822"},"modified":"2024-06-26T16:51:28","modified_gmt":"2024-06-26T14:51:28","slug":"bando-gal-prealpi-dolomiti-per-gli-enti-pubblici","status":"publish","type":"post","link":"https:\/\/www.bellunopress.it\/fr\/2024\/06\/26\/bando-gal-prealpi-dolomiti-per-gli-enti-pubblici\/","title":{"rendered":"Bando Gal Prealpi Dolomiti per gli Enti pubblici"},"content":{"rendered":"<p><img loading=\"lazy\" decoding=\"async\" class=\"alignleft size-full wp-image-150657\" src=\"https:\/\/www.bellunopress.it\/wp-content\/uploads\/2024\/05\/Gal-Prealpi-e-Dolomiti.jpg\" alt=\"\" width=\"935\" height=\"355\" srcset=\"https:\/\/www.bellunopress.it\/wp-content\/uploads\/2024\/05\/Gal-Prealpi-e-Dolomiti.jpg 935w, https:\/\/www.bellunopress.it\/wp-content\/uploads\/2024\/05\/Gal-Prealpi-e-Dolomiti-500x190.jpg 500w, https:\/\/www.bellunopress.it\/wp-content\/uploads\/2024\/05\/Gal-Prealpi-e-Dolomiti-696x264.jpg 696w\" sizes=\"auto, (max-width: 935px) 100vw, 935px\" \/>Il Gal Prealpi e Dolomiti ha pubblicato il bando pubblico inerente agli investimenti non produttivi nelle aree rurali. L\u2019iniziativa si inserisce nella cornice del Complemento Regionale per lo Sviluppo Rurale del Piano Strategico Nazionale PAC 2023-2027 per il Veneto \u2013 Programma di Sviluppo Locale 2023-2027 LEADER \u201cA-Tratti \u2013 Attratti dal Territorio\u201d. L\u2019intervento sostiene la realizzazione di investimenti per il rafforzamento dei servizi di base alla popolazione delle aree rurali nel territorio del GAL Prealpi e Dolomiti. Gli investimenti dovranno essere finalizzati all&#8217;attivazione e\/o implementazione di servizi di base a livello locale per la popolazione, compresi i servizi alla persona, le attivit\u00e0 culturali e ricreative e le relative strutture\/infrastrutture, anche attraverso la riqualificazione e la valorizzazione del patrimonio insediativo ed antropico rurale. Particolare attenzione sar\u00e0 rivolta ai servizi che favoriscono gli spazi aggregativi per i giovani e le comunit\u00e0. Sono ammissibili le operazioni da realizzare nei venti Comuni appartenenti all\u2019Ambito Territoriale Designato della Strategia di Sviluppo Locale del GAL Prealpi e Dolomiti. Possono presentare domanda esclusivamente enti pubblici, in forma singola o associata.<\/p>\n<p>L\u2019importo a bando \u00e8 pari a 2.209.456,00 euro e prevede un\u2019aliquota di sostegno pari al 100% con un importo massimo di spesa ammissibile pari a 200.000,00 euro.<br \/>\nIl termine per la presentazione delle domande \u00e8 fissato per il giorno 30 settembre. Il Gal ha organizzato un incontro pubblico il 2 luglio per presentare il bando e le modalit\u00e0 di partecipazione.<br \/>\nIl bando pu\u00f2 essere scaricato dal sito internet www.galprealpidolomiti.it, nella sezione BANDI PUBBLICI. Per informazioni, \u00e8 possibile contattare il GAL Prealpi e Dolomiti ai seguenti recapiti: Piazza T. Merlin, 1, 21 &#8211; 32026 Borgo Valbelluna (BL) &#8211; Tel. 0437-838586 &#8211; e-mail: info@gal2.it &#8211; dal luned\u00ec al venerd\u00ec dalle ore 8.30 alle ore 12.00.<\/p>","protected":false},"excerpt":{"rendered":"<p>Il Gal Prealpi e Dolomiti ha pubblicato il bando pubblico inerente agli investimenti non produttivi nelle aree rurali. L\u2019iniziativa si inserisce nella cornice del Complemento Regionale per lo Sviluppo Rurale del Piano Strategico Nazionale PAC 2023-2027 per il Veneto \u2013 Programma di Sviluppo Locale 2023-2027 LEADER \u201cA-Tratti \u2013 Attratti dal Territorio\u201d. L\u2019intervento sostiene la realizzazione [&hellip;]<\/p>\n","protected":false},"author":2,"featured_media":150657,"comment_status":"closed","ping_status":"open","sticky":false,"template":"","format":"standard","meta":{"footnotes":""},"categories":[36,8],"tags":[],"class_list":["post-151822","post","type-post","status-publish","format-standard","has-post-thumbnail","category-lavoro-economia","category-societa-istituzioni"],"yoast_head":"<!-- This site is optimized with the Yoast SEO plugin v28.4 - https:\/\/yoast.com\/product\/yoast-seo-wordpress\/ -->\n<title>Bando Gal Prealpi Dolomiti per gli Enti pubblici - Bellunopress - Dolomiti<\/title>\n<meta name=\"robots\" content=\"index, follow, max-snippet:-1, max-image-preview:large, max-video-preview:-1\" \/>\n<link rel=\"canonical\" href=\"https:\/\/www.bellunopress.it\/fr\/2024\/06\/26\/bando-gal-prealpi-dolomiti-per-gli-enti-pubblici\/\" \/>\n<meta property=\"og:locale\" content=\"fr_FR\" \/>\n<meta property=\"og:type\" content=\"article\" \/>\n<meta property=\"og:title\" content=\"Bando Gal Prealpi Dolomiti per gli Enti pubblici - Bellunopress - Dolomiti\" \/>\n<meta property=\"og:description\" content=\"Il Gal Prealpi e Dolomiti ha pubblicato il bando pubblico inerente agli investimenti non produttivi nelle aree rurali. L\u2019iniziativa si inserisce nella cornice del Complemento Regionale per lo Sviluppo Rurale del Piano Strategico Nazionale PAC 2023-2027 per il Veneto \u2013 Programma di Sviluppo Locale 2023-2027 LEADER \u201cA-Tratti \u2013 Attratti dal Territorio\u201d. L\u2019intervento sostiene la realizzazione [&hellip;]\" \/>\n<meta property=\"og:url\" content=\"https:\/\/www.bellunopress.it\/fr\/2024\/06\/26\/bando-gal-prealpi-dolomiti-per-gli-enti-pubblici\/\" \/>\n<meta property=\"og:site_name\" content=\"Bellunopress - Dolomiti\" \/>\n<meta property=\"article:publisher\" content=\"https:\/\/www.facebook.com\/profile.php?id=100008943462799\" \/>\n<meta property=\"article:published_time\" content=\"2024-06-26T14:51:28+00:00\" \/>\n<meta property=\"og:image\" content=\"https:\/\/www.bellunopress.it\/wp-content\/uploads\/2024\/05\/Gal-Prealpi-e-Dolomiti.jpg\" \/>\n\t<meta property=\"og:image:width\" content=\"935\" \/>\n\t<meta property=\"og:image:height\" content=\"355\" \/>\n\t<meta property=\"og:image:type\" content=\"image\/jpeg\" \/>\n<meta name=\"author\" content=\"redazione\" \/>\n<meta name=\"twitter:card\" content=\"summary_large_image\" \/>\n<meta name=\"twitter:creator\" content=\"@bellunopress\" \/>\n<meta name=\"twitter:site\" content=\"@bellunopress\" \/>\n<meta name=\"twitter:label1\" content=\"\u00c9crit par\" \/>\n\t<meta name=\"twitter:data1\" content=\"redazione\" \/>\n\t<meta name=\"twitter:label2\" content=\"Dur\u00e9e de lecture estim\u00e9e\" \/>\n\t<meta name=\"twitter:data2\" content=\"1 minute\" \/>\n<script type=\"application\/ld+json\" class=\"yoast-schema-graph\">{\"@context\":\"https:\\\/\\\/schema.org\",\"@graph\":[{\"@type\":\"Article\",\"@id\":\"https:\\\/\\\/www.bellunopress.it\\\/2024\\\/06\\\/26\\\/bando-gal-prealpi-dolomiti-per-gli-enti-pubblici\\\/#article\",\"isPartOf\":{\"@id\":\"https:\\\/\\\/www.bellunopress.it\\\/2024\\\/06\\\/26\\\/bando-gal-prealpi-dolomiti-per-gli-enti-pubblici\\\/\"},\"author\":{\"name\":\"redazione\",\"@id\":\"https:\\\/\\\/www.bellunopress.it\\\/#\\\/schema\\\/person\\\/79bb06722b37ece1c03d3e94beb30d73\"},\"headline\":\"Bando Gal Prealpi Dolomiti per gli Enti pubblici\",\"datePublished\":\"2024-06-26T14:51:28+00:00\",\"mainEntityOfPage\":{\"@id\":\"https:\\\/\\\/www.bellunopress.it\\\/2024\\\/06\\\/26\\\/bando-gal-prealpi-dolomiti-per-gli-enti-pubblici\\\/\"},\"wordCount\":290,\"publisher\":{\"@id\":\"https:\\\/\\\/www.bellunopress.it\\\/#organization\"},\"image\":{\"@id\":\"https:\\\/\\\/www.bellunopress.it\\\/2024\\\/06\\\/26\\\/bando-gal-prealpi-dolomiti-per-gli-enti-pubblici\\\/#primaryimage\"},\"thumbnailUrl\":\"https:\\\/\\\/www.bellunopress.it\\\/wp-content\\\/uploads\\\/2024\\\/05\\\/Gal-Prealpi-e-Dolomiti.jpg\",\"articleSection\":[\"Lavoro, Economia, Turismo\",\"Societ\u00e0, Associazioni, Istituzioni\"],\"inLanguage\":\"fr-FR\"},{\"@type\":\"WebPage\",\"@id\":\"https:\\\/\\\/www.bellunopress.it\\\/2024\\\/06\\\/26\\\/bando-gal-prealpi-dolomiti-per-gli-enti-pubblici\\\/\",\"url\":\"https:\\\/\\\/www.bellunopress.it\\\/2024\\\/06\\\/26\\\/bando-gal-prealpi-dolomiti-per-gli-enti-pubblici\\\/\",\"name\":\"Bando Gal Prealpi Dolomiti per gli Enti pubblici - Bellunopress - Dolomiti\",\"isPartOf\":{\"@id\":\"https:\\\/\\\/www.bellunopress.it\\\/#website\"},\"primaryImageOfPage\":{\"@id\":\"https:\\\/\\\/www.bellunopress.it\\\/2024\\\/06\\\/26\\\/bando-gal-prealpi-dolomiti-per-gli-enti-pubblici\\\/#primaryimage\"},\"image\":{\"@id\":\"https:\\\/\\\/www.bellunopress.it\\\/2024\\\/06\\\/26\\\/bando-gal-prealpi-dolomiti-per-gli-enti-pubblici\\\/#primaryimage\"},\"thumbnailUrl\":\"https:\\\/\\\/www.bellunopress.it\\\/wp-content\\\/uploads\\\/2024\\\/05\\\/Gal-Prealpi-e-Dolomiti.jpg\",\"datePublished\":\"2024-06-26T14:51:28+00:00\",\"breadcrumb\":{\"@id\":\"https:\\\/\\\/www.bellunopress.it\\\/2024\\\/06\\\/26\\\/bando-gal-prealpi-dolomiti-per-gli-enti-pubblici\\\/#breadcrumb\"},\"inLanguage\":\"fr-FR\",\"potentialAction\":[{\"@type\":\"ReadAction\",\"target\":[\"https:\\\/\\\/www.bellunopress.it\\\/2024\\\/06\\\/26\\\/bando-gal-prealpi-dolomiti-per-gli-enti-pubblici\\\/\"]}]},{\"@type\":\"ImageObject\",\"inLanguage\":\"fr-FR\",\"@id\":\"https:\\\/\\\/www.bellunopress.it\\\/2024\\\/06\\\/26\\\/bando-gal-prealpi-dolomiti-per-gli-enti-pubblici\\\/#primaryimage\",\"url\":\"https:\\\/\\\/www.bellunopress.it\\\/wp-content\\\/uploads\\\/2024\\\/05\\\/Gal-Prealpi-e-Dolomiti.jpg\",\"contentUrl\":\"https:\\\/\\\/www.bellunopress.it\\\/wp-content\\\/uploads\\\/2024\\\/05\\\/Gal-Prealpi-e-Dolomiti.jpg\",\"width\":935,\"height\":355},{\"@type\":\"BreadcrumbList\",\"@id\":\"https:\\\/\\\/www.bellunopress.it\\\/2024\\\/06\\\/26\\\/bando-gal-prealpi-dolomiti-per-gli-enti-pubblici\\\/#breadcrumb\",\"itemListElement\":[{\"@type\":\"ListItem\",\"position\":1,\"name\":\"Home\",\"item\":\"https:\\\/\\\/www.bellunopress.it\\\/\"},{\"@type\":\"ListItem\",\"position\":2,\"name\":\"Bando Gal Prealpi Dolomiti per gli Enti pubblici\"}]},{\"@type\":\"WebSite\",\"@id\":\"https:\\\/\\\/www.bellunopress.it\\\/#website\",\"url\":\"https:\\\/\\\/www.bellunopress.it\\\/\",\"name\":\"Bellunopress - Dolomiti\",\"description\":\"e-mail: redazione@bellunopress.it\",\"publisher\":{\"@id\":\"https:\\\/\\\/www.bellunopress.it\\\/#organization\"},\"potentialAction\":[{\"@type\":\"SearchAction\",\"target\":{\"@type\":\"EntryPoint\",\"urlTemplate\":\"https:\\\/\\\/www.bellunopress.it\\\/?s={search_term_string}\"},\"query-input\":{\"@type\":\"PropertyValueSpecification\",\"valueRequired\":true,\"valueName\":\"search_term_string\"}}],\"inLanguage\":\"fr-FR\"},{\"@type\":\"Organization\",\"@id\":\"https:\\\/\\\/www.bellunopress.it\\\/#organization\",\"name\":\"Bellunopress\",\"url\":\"https:\\\/\\\/www.bellunopress.it\\\/\",\"logo\":{\"@type\":\"ImageObject\",\"inLanguage\":\"fr-FR\",\"@id\":\"https:\\\/\\\/www.bellunopress.it\\\/#\\\/schema\\\/logo\\\/image\\\/\",\"url\":\"https:\\\/\\\/www.bellunopress.it\\\/wp-content\\\/uploads\\\/2011\\\/05\\\/cropped-logo-bellunopress-.jpg\",\"contentUrl\":\"https:\\\/\\\/www.bellunopress.it\\\/wp-content\\\/uploads\\\/2011\\\/05\\\/cropped-logo-bellunopress-.jpg\",\"width\":512,\"height\":512,\"caption\":\"Bellunopress\"},\"image\":{\"@id\":\"https:\\\/\\\/www.bellunopress.it\\\/#\\\/schema\\\/logo\\\/image\\\/\"},\"sameAs\":[\"https:\\\/\\\/www.facebook.com\\\/profile.php?id=100008943462799\",\"https:\\\/\\\/x.com\\\/bellunopress\",\"https:\\\/\\\/www.linkedin.com\\\/hp\\\/?dnr=JBzUWaJfMUw8vbXJJ2tVW5-I3jZKvC4wsoxE&amp;amp;amp;amp;amp;amp;trk=nav_responsive_tab_home\",\"https:\\\/\\\/www.youtube.com\\\/channel\\\/UCxL0wu1uN0_3_7hGG0306cw\"]},{\"@type\":\"Person\",\"@id\":\"https:\\\/\\\/www.bellunopress.it\\\/#\\\/schema\\\/person\\\/79bb06722b37ece1c03d3e94beb30d73\",\"name\":\"redazione\",\"image\":{\"@type\":\"ImageObject\",\"inLanguage\":\"fr-FR\",\"@id\":\"https:\\\/\\\/secure.gravatar.com\\\/avatar\\\/37d968a2e67a6fd04c169c4bdef102d0bc5d31b2546345219e348575eb80e9a0?s=96&d=mm&r=g\",\"url\":\"https:\\\/\\\/secure.gravatar.com\\\/avatar\\\/37d968a2e67a6fd04c169c4bdef102d0bc5d31b2546345219e348575eb80e9a0?s=96&d=mm&r=g\",\"contentUrl\":\"https:\\\/\\\/secure.gravatar.com\\\/avatar\\\/37d968a2e67a6fd04c169c4bdef102d0bc5d31b2546345219e348575eb80e9a0?s=96&d=mm&r=g\",\"caption\":\"redazione\"},\"sameAs\":[\"http:\\\/\\\/www.bellunopress.it\",\"https:\\\/\\\/x.com\\\/bellunopress\"],\"url\":\"https:\\\/\\\/www.bellunopress.it\\\/fr\\\/author\\\/redazione\\\/\"}]}<\/script>\n<!-- \/ Yoast SEO plugin. -->","yoast_head_json":{"title":"Bando Gal Prealpi Dolomiti per gli Enti pubblici - Bellunopress - Dolomiti","robots":{"index":"index","follow":"follow","max-snippet":"max-snippet:-1","max-image-preview":"max-image-preview:large","max-video-preview":"max-video-preview:-1"},"canonical":"https:\/\/www.bellunopress.it\/fr\/2024\/06\/26\/bando-gal-prealpi-dolomiti-per-gli-enti-pubblici\/","og_locale":"fr_FR","og_type":"article","og_title":"Bando Gal Prealpi Dolomiti per gli Enti pubblici - Bellunopress - Dolomiti","og_description":"Il Gal Prealpi e Dolomiti ha pubblicato il bando pubblico inerente agli investimenti non produttivi nelle aree rurali. L\u2019iniziativa si inserisce nella cornice del Complemento Regionale per lo Sviluppo Rurale del Piano Strategico Nazionale PAC 2023-2027 per il Veneto \u2013 Programma di Sviluppo Locale 2023-2027 LEADER \u201cA-Tratti \u2013 Attratti dal Territorio\u201d. L\u2019intervento sostiene la realizzazione [&hellip;]","og_url":"https:\/\/www.bellunopress.it\/fr\/2024\/06\/26\/bando-gal-prealpi-dolomiti-per-gli-enti-pubblici\/","og_site_name":"Bellunopress - Dolomiti","article_publisher":"https:\/\/www.facebook.com\/profile.php?id=100008943462799","article_published_time":"2024-06-26T14:51:28+00:00","og_image":[{"width":935,"height":355,"url":"https:\/\/www.bellunopress.it\/wp-content\/uploads\/2024\/05\/Gal-Prealpi-e-Dolomiti.jpg","type":"image\/jpeg"}],"author":"redazione","twitter_card":"summary_large_image","twitter_creator":"@bellunopress","twitter_site":"@bellunopress","twitter_misc":{"\u00c9crit par":"redazione","Dur\u00e9e de lecture estim\u00e9e":"1 minute"},"schema":{"@context":"https:\/\/schema.org","@graph":[{"@type":"Article","@id":"https:\/\/www.bellunopress.it\/2024\/06\/26\/bando-gal-prealpi-dolomiti-per-gli-enti-pubblici\/#article","isPartOf":{"@id":"https:\/\/www.bellunopress.it\/2024\/06\/26\/bando-gal-prealpi-dolomiti-per-gli-enti-pubblici\/"},"author":{"name":"redazione","@id":"https:\/\/www.bellunopress.it\/#\/schema\/person\/79bb06722b37ece1c03d3e94beb30d73"},"headline":"Bando Gal Prealpi Dolomiti per gli Enti pubblici","datePublished":"2024-06-26T14:51:28+00:00","mainEntityOfPage":{"@id":"https:\/\/www.bellunopress.it\/2024\/06\/26\/bando-gal-prealpi-dolomiti-per-gli-enti-pubblici\/"},"wordCount":290,"publisher":{"@id":"https:\/\/www.bellunopress.it\/#organization"},"image":{"@id":"https:\/\/www.bellunopress.it\/2024\/06\/26\/bando-gal-prealpi-dolomiti-per-gli-enti-pubblici\/#primaryimage"},"thumbnailUrl":"https:\/\/www.bellunopress.it\/wp-content\/uploads\/2024\/05\/Gal-Prealpi-e-Dolomiti.jpg","articleSection":["Lavoro, Economia, Turismo","Societ\u00e0, Associazioni, Istituzioni"],"inLanguage":"fr-FR"},{"@type":"WebPage","@id":"https:\/\/www.bellunopress.it\/2024\/06\/26\/bando-gal-prealpi-dolomiti-per-gli-enti-pubblici\/","url":"https:\/\/www.bellunopress.it\/2024\/06\/26\/bando-gal-prealpi-dolomiti-per-gli-enti-pubblici\/","name":"Bando Gal Prealpi Dolomiti per gli Enti pubblici - Bellunopress - Dolomiti","isPartOf":{"@id":"https:\/\/www.bellunopress.it\/#website"},"primaryImageOfPage":{"@id":"https:\/\/www.bellunopress.it\/2024\/06\/26\/bando-gal-prealpi-dolomiti-per-gli-enti-pubblici\/#primaryimage"},"image":{"@id":"https:\/\/www.bellunopress.it\/2024\/06\/26\/bando-gal-prealpi-dolomiti-per-gli-enti-pubblici\/#primaryimage"},"thumbnailUrl":"https:\/\/www.bellunopress.it\/wp-content\/uploads\/2024\/05\/Gal-Prealpi-e-Dolomiti.jpg","datePublished":"2024-06-26T14:51:28+00:00","breadcrumb":{"@id":"https:\/\/www.bellunopress.it\/2024\/06\/26\/bando-gal-prealpi-dolomiti-per-gli-enti-pubblici\/#breadcrumb"},"inLanguage":"fr-FR","potentialAction":[{"@type":"ReadAction","target":["https:\/\/www.bellunopress.it\/2024\/06\/26\/bando-gal-prealpi-dolomiti-per-gli-enti-pubblici\/"]}]},{"@type":"ImageObject","inLanguage":"fr-FR","@id":"https:\/\/www.bellunopress.it\/2024\/06\/26\/bando-gal-prealpi-dolomiti-per-gli-enti-pubblici\/#primaryimage","url":"https:\/\/www.bellunopress.it\/wp-content\/uploads\/2024\/05\/Gal-Prealpi-e-Dolomiti.jpg","contentUrl":"https:\/\/www.bellunopress.it\/wp-content\/uploads\/2024\/05\/Gal-Prealpi-e-Dolomiti.jpg","width":935,"height":355},{"@type":"BreadcrumbList","@id":"https:\/\/www.bellunopress.it\/2024\/06\/26\/bando-gal-prealpi-dolomiti-per-gli-enti-pubblici\/#breadcrumb","itemListElement":[{"@type":"ListItem","position":1,"name":"Home","item":"https:\/\/www.bellunopress.it\/"},{"@type":"ListItem","position":2,"name":"Bando Gal Prealpi Dolomiti per gli Enti pubblici"}]},{"@type":"WebSite","@id":"https:\/\/www.bellunopress.it\/#website","url":"https:\/\/www.bellunopress.it\/","name":"Bellunopress - Dolomiti","description":"e-mail: redazione@bellunopress.it","publisher":{"@id":"https:\/\/www.bellunopress.it\/#organization"},"potentialAction":[{"@type":"SearchAction","target":{"@type":"EntryPoint","urlTemplate":"https:\/\/www.bellunopress.it\/?s={search_term_string}"},"query-input":{"@type":"PropertyValueSpecification","valueRequired":true,"valueName":"search_term_string"}}],"inLanguage":"fr-FR"},{"@type":"Organization","@id":"https:\/\/www.bellunopress.it\/#organization","name":"Bellunopress","url":"https:\/\/www.bellunopress.it\/","logo":{"@type":"ImageObject","inLanguage":"fr-FR","@id":"https:\/\/www.bellunopress.it\/#\/schema\/logo\/image\/","url":"https:\/\/www.bellunopress.it\/wp-content\/uploads\/2011\/05\/cropped-logo-bellunopress-.jpg","contentUrl":"https:\/\/www.bellunopress.it\/wp-content\/uploads\/2011\/05\/cropped-logo-bellunopress-.jpg","width":512,"height":512,"caption":"Bellunopress"},"image":{"@id":"https:\/\/www.bellunopress.it\/#\/schema\/logo\/image\/"},"sameAs":["https:\/\/www.facebook.com\/profile.php?id=100008943462799","https:\/\/x.com\/bellunopress","https:\/\/www.linkedin.com\/hp\/?dnr=JBzUWaJfMUw8vbXJJ2tVW5-I3jZKvC4wsoxE&amp;amp;amp;amp;amp;amp;trk=nav_responsive_tab_home","https:\/\/www.youtube.com\/channel\/UCxL0wu1uN0_3_7hGG0306cw"]},{"@type":"Person","@id":"https:\/\/www.bellunopress.it\/#\/schema\/person\/79bb06722b37ece1c03d3e94beb30d73","name":"r\u00e9daction","image":{"@type":"ImageObject","inLanguage":"fr-FR","@id":"https:\/\/secure.gravatar.com\/avatar\/37d968a2e67a6fd04c169c4bdef102d0bc5d31b2546345219e348575eb80e9a0?s=96&d=mm&r=g","url":"https:\/\/secure.gravatar.com\/avatar\/37d968a2e67a6fd04c169c4bdef102d0bc5d31b2546345219e348575eb80e9a0?s=96&d=mm&r=g","contentUrl":"https:\/\/secure.gravatar.com\/avatar\/37d968a2e67a6fd04c169c4bdef102d0bc5d31b2546345219e348575eb80e9a0?s=96&d=mm&r=g","caption":"redazione"},"sameAs":["http:\/\/www.bellunopress.it","https:\/\/x.com\/bellunopress"],"url":"https:\/\/www.bellunopress.it\/fr\/author\/redazione\/"}]}},"_links":{"self":[{"href":"https:\/\/www.bellunopress.it\/fr\/wp-json\/wp\/v2\/posts\/151822","targetHints":{"allow":["GET"]}}],"collection":[{"href":"https:\/\/www.bellunopress.it\/fr\/wp-json\/wp\/v2\/posts"}],"about":[{"href":"https:\/\/www.bellunopress.it\/fr\/wp-json\/wp\/v2\/types\/post"}],"author":[{"embeddable":true,"href":"https:\/\/www.bellunopress.it\/fr\/wp-json\/wp\/v2\/users\/2"}],"replies":[{"embeddable":true,"href":"https:\/\/www.bellunopress.it\/fr\/wp-json\/wp\/v2\/comments?post=151822"}],"version-history":[{"count":1,"href":"https:\/\/www.bellunopress.it\/fr\/wp-json\/wp\/v2\/posts\/151822\/revisions"}],"predecessor-version":[{"id":151823,"href":"https:\/\/www.bellunopress.it\/fr\/wp-json\/wp\/v2\/posts\/151822\/revisions\/151823"}],"wp:featuredmedia":[{"embeddable":true,"href":"https:\/\/www.bellunopress.it\/fr\/wp-json\/wp\/v2\/media\/150657"}],"wp:attachment":[{"href":"https:\/\/www.bellunopress.it\/fr\/wp-json\/wp\/v2\/media?parent=151822"}],"wp:term":[{"taxonomy":"category","embeddable":true,"href":"https:\/\/www.bellunopress.it\/fr\/wp-json\/wp\/v2\/categories?post=151822"},{"taxonomy":"post_tag","embeddable":true,"href":"https:\/\/www.bellunopress.it\/fr\/wp-json\/wp\/v2\/tags?post=151822"}],"curies":[{"name":"wp","href":"https:\/\/api.w.org\/{rel}","templated":true}]}}