{"id":151819,"date":"2024-06-26T13:42:25","date_gmt":"2024-06-26T11:42:25","guid":{"rendered":"https:\/\/www.bellunopress.it\/?p=151819"},"modified":"2024-06-26T13:42:25","modified_gmt":"2024-06-26T11:42:25","slug":"il-ministro-sangiuliano-e-la-ferrea-legge-delloligarchia","status":"publish","type":"post","link":"https:\/\/www.bellunopress.it\/fr\/2024\/06\/26\/il-ministro-sangiuliano-e-la-ferrea-legge-delloligarchia\/","title":{"rendered":"Il ministro Sangiuliano e la ferrea legge dell&#8217;oligarchia\u00a0"},"content":{"rendered":"<p><img loading=\"lazy\" decoding=\"async\" class=\"alignleft size-full wp-image-151820\" src=\"https:\/\/www.bellunopress.it\/wp-content\/uploads\/2024\/06\/robert-michels_edited.jpg\" alt=\"\" width=\"348\" height=\"444\" srcset=\"https:\/\/www.bellunopress.it\/wp-content\/uploads\/2024\/06\/robert-michels_edited.jpg 348w, https:\/\/www.bellunopress.it\/wp-content\/uploads\/2024\/06\/robert-michels_edited-329x420.jpg 329w\" sizes=\"auto, (max-width: 348px) 100vw, 348px\" \/>Pochi anni fa mi sono interessato alla cosiddetta &#8220;ferrea legge dell&#8217;oligarchia&#8221;: ne avevo letto qualche citazione e la trovavo illuminante per alcuni aspetti dell&#8217;attuale politica sebbene fosse stata descritta ad inizio &#8216;900 in un ponderoso saggio, in tedesco, intitolato &#8220;Zur Soziologie des Parteiwesens in der modernen Demokratie, Untersuchungen \u00fcber die oligarchischen Tendenzen des Gruppenlebens&#8221; stampato a Lipsia nel 1911.<\/p>\n<p>L&#8217;autore, Roberto Michels, vi sosteneva che se \u00e8 ben vero che la democrazia richiede partiti, questi non possono che tradursi in organizzazione e questa, per forza di cose, produce oligarchie che tendono inevitabilmente a comprimere gli spazi reali della democrazia. Diagnosticava cio\u00e8 una sorta di cortocircuito che in realt\u00e0 affligge i partiti per quanto in s\u00e9 dotati di buone e democratiche intenzioni.<br \/>\nNon avevo poi approfondito la lettura del testo originale perch\u00e9 le traduzioni in italiano sono reperibili solo in poche decine di biblioteche pubbliche: sia la prima edita da UTET nel 1912 che la seconda edita da Il Mulino nel 1966. Poi, di recente, mi sono accorto che finalmente era disponibile una nuova edizione italiana (OAKS Editrice, 2022) e ne ho ordinato una copia.<\/p>\n<p>Confesso che ho poi parcheggiato il libro, sia perch\u00e9 condizionato da altre letture in corso, sia perch\u00e9 il tomo consta di oltre 500 pagine e richiede una certa applicazione. Non ho nemmeno fatto caso all&#8217;introduzione al testo, che mi pareva comunque scritta bene, con le opportune citazioni di studiosi del calibro di Bobbio, Pasquino e altri, sia perch\u00e9 a leggerla come uso fare di primo acchito, di striscio e a salti, mi sembrava che concordasse proprio &#8211; con me &#8211; sulle questioni che avevo trovato rilevanti ed attuali dell&#8217;analisi sociologica michelsiana del 1911. Confesso che non avevo fatto caso al nome del presentatore che mi sembrava non noto al mio angusto panorama degli analisti di sociologia e politica. Solo oggi, un po&#8217; per caso, mi ha colpito quella che mi appariva subito come una curiosa omonimia.<\/p>\n<p>Internet, tuttavia consente facili e veloci riscontri e cos\u00ec ho dovuto ammettere che l&#8217;autore della presentazione, e verosimilmente anche ideatore dell&#8217;edizione di questo testo a me si caro, non era un giovane ricercatore di scienze politiche casualmente di nome &#8220;Gennaro Sangiuliano&#8221; (il primo pensiero veloce che ti passa per la mente \u00e8 spesso una deduzione sbagliata!). Si trattava invece &#8211; si tratta &#8211; proprio del nostro ministro della cultura! Mi ha poi incuriosito questo suo interesse, oltre a quello dedicato alle figure di Hillary Clinton, Trump, Putin, Xi Jinping, Regan e Prezzolini di cui nell&#8217;ultimo decennio ha scritto le biografie.<\/p>\n<p>Nell&#8217;interrogare a questo proposito la rete mi \u00e8 venuto in mano un suo decreto, come ministro, del 7 marzo 2024 con il quale egli ha del tutto coerentemente istituito una Commissione scientifica preposta a curare l&#8217;Edizione Nazionale delle opere di Roberto Michels. Fa benissimo il Ministro a valorizzare Michels e con Michels s\u00e9 stesso.<\/p>\n<p>Io, intanto, da appassionato bibliofilo quale sono, conserver\u00f2 con cura l&#8217;edizione 2022 di Michels, prefata Sangiuliano, come prolegomeno all&#8217;edizione nazionale delle opere del politologo tedesco.<\/p>\n<p>Ora per\u00f2 attendiamo, per ovvie ragioni, anche l&#8217;Edizione Nazionale delle Opere di Galileo Galilei di cui il ministro appare appassionato lettore.<\/p>\n<p>Marco Zanetti<\/p>\n<p>&nbsp;<\/p>","protected":false},"excerpt":{"rendered":"<p>Pochi anni fa mi sono interessato alla cosiddetta &#8220;ferrea legge dell&#8217;oligarchia&#8221;: ne avevo letto qualche citazione e la trovavo illuminante per alcuni aspetti dell&#8217;attuale politica sebbene fosse stata descritta ad inizio &#8216;900 in un ponderoso saggio, in tedesco, intitolato &#8220;Zur Soziologie des Parteiwesens in der modernen Demokratie, Untersuchungen \u00fcber die oligarchischen Tendenzen des Gruppenlebens&#8221; stampato [&hellip;]<\/p>\n","protected":false},"author":2,"featured_media":151820,"comment_status":"closed","ping_status":"open","sticky":false,"template":"","format":"standard","meta":{"footnotes":""},"categories":[1,26],"tags":[],"class_list":["post-151819","post","type-post","status-publish","format-standard","has-post-thumbnail","category-leo","category-prima-pagina"],"yoast_head":"<!-- This site is optimized with the Yoast SEO plugin v28.4 - https:\/\/yoast.com\/product\/yoast-seo-wordpress\/ -->\n<title>Il ministro Sangiuliano e la ferrea legge dell&#039;oligarchia\u00a0 - Bellunopress - Dolomiti<\/title>\n<meta name=\"robots\" content=\"index, follow, max-snippet:-1, max-image-preview:large, max-video-preview:-1\" \/>\n<link rel=\"canonical\" href=\"https:\/\/www.bellunopress.it\/fr\/2024\/06\/26\/il-ministro-sangiuliano-e-la-ferrea-legge-delloligarchia\/\" \/>\n<meta property=\"og:locale\" content=\"fr_FR\" \/>\n<meta property=\"og:type\" content=\"article\" \/>\n<meta property=\"og:title\" content=\"Il ministro Sangiuliano e la ferrea legge dell&#039;oligarchia\u00a0 - Bellunopress - Dolomiti\" \/>\n<meta property=\"og:description\" content=\"Pochi anni fa mi sono interessato alla cosiddetta &#8220;ferrea legge dell&#8217;oligarchia&#8221;: ne avevo letto qualche citazione e la trovavo illuminante per alcuni aspetti dell&#8217;attuale politica sebbene fosse stata descritta ad inizio &#8216;900 in un ponderoso saggio, in tedesco, intitolato &#8220;Zur Soziologie des Parteiwesens in der modernen Demokratie, Untersuchungen \u00fcber die oligarchischen Tendenzen des Gruppenlebens&#8221; stampato [&hellip;]\" \/>\n<meta property=\"og:url\" content=\"https:\/\/www.bellunopress.it\/fr\/2024\/06\/26\/il-ministro-sangiuliano-e-la-ferrea-legge-delloligarchia\/\" \/>\n<meta property=\"og:site_name\" content=\"Bellunopress - Dolomiti\" \/>\n<meta property=\"article:publisher\" content=\"https:\/\/www.facebook.com\/profile.php?id=100008943462799\" \/>\n<meta property=\"article:published_time\" content=\"2024-06-26T11:42:25+00:00\" \/>\n<meta property=\"og:image\" content=\"https:\/\/www.bellunopress.it\/wp-content\/uploads\/2024\/06\/robert-michels_edited.jpg\" \/>\n\t<meta property=\"og:image:width\" content=\"348\" \/>\n\t<meta property=\"og:image:height\" content=\"444\" \/>\n\t<meta property=\"og:image:type\" content=\"image\/jpeg\" \/>\n<meta name=\"author\" content=\"redazione\" \/>\n<meta name=\"twitter:card\" content=\"summary_large_image\" \/>\n<meta name=\"twitter:creator\" content=\"@bellunopress\" \/>\n<meta name=\"twitter:site\" content=\"@bellunopress\" \/>\n<meta name=\"twitter:label1\" content=\"\u00c9crit par\" \/>\n\t<meta name=\"twitter:data1\" content=\"redazione\" \/>\n\t<meta name=\"twitter:label2\" content=\"Dur\u00e9e de lecture estim\u00e9e\" \/>\n\t<meta name=\"twitter:data2\" content=\"3 minutes\" \/>\n<script type=\"application\/ld+json\" class=\"yoast-schema-graph\">{\"@context\":\"https:\\\/\\\/schema.org\",\"@graph\":[{\"@type\":\"Article\",\"@id\":\"https:\\\/\\\/www.bellunopress.it\\\/2024\\\/06\\\/26\\\/il-ministro-sangiuliano-e-la-ferrea-legge-delloligarchia\\\/#article\",\"isPartOf\":{\"@id\":\"https:\\\/\\\/www.bellunopress.it\\\/2024\\\/06\\\/26\\\/il-ministro-sangiuliano-e-la-ferrea-legge-delloligarchia\\\/\"},\"author\":{\"name\":\"redazione\",\"@id\":\"https:\\\/\\\/www.bellunopress.it\\\/#\\\/schema\\\/person\\\/79bb06722b37ece1c03d3e94beb30d73\"},\"headline\":\"Il ministro Sangiuliano e la ferrea legge dell&#8217;oligarchia\u00a0\",\"datePublished\":\"2024-06-26T11:42:25+00:00\",\"mainEntityOfPage\":{\"@id\":\"https:\\\/\\\/www.bellunopress.it\\\/2024\\\/06\\\/26\\\/il-ministro-sangiuliano-e-la-ferrea-legge-delloligarchia\\\/\"},\"wordCount\":532,\"publisher\":{\"@id\":\"https:\\\/\\\/www.bellunopress.it\\\/#organization\"},\"image\":{\"@id\":\"https:\\\/\\\/www.bellunopress.it\\\/2024\\\/06\\\/26\\\/il-ministro-sangiuliano-e-la-ferrea-legge-delloligarchia\\\/#primaryimage\"},\"thumbnailUrl\":\"https:\\\/\\\/www.bellunopress.it\\\/wp-content\\\/uploads\\\/2024\\\/06\\\/robert-michels_edited.jpg\",\"articleSection\":[\"Lettere Opinioni\",\"Prima Pagina\"],\"inLanguage\":\"fr-FR\"},{\"@type\":\"WebPage\",\"@id\":\"https:\\\/\\\/www.bellunopress.it\\\/2024\\\/06\\\/26\\\/il-ministro-sangiuliano-e-la-ferrea-legge-delloligarchia\\\/\",\"url\":\"https:\\\/\\\/www.bellunopress.it\\\/2024\\\/06\\\/26\\\/il-ministro-sangiuliano-e-la-ferrea-legge-delloligarchia\\\/\",\"name\":\"Il ministro Sangiuliano e la ferrea legge dell'oligarchia\u00a0 - Bellunopress - Dolomiti\",\"isPartOf\":{\"@id\":\"https:\\\/\\\/www.bellunopress.it\\\/#website\"},\"primaryImageOfPage\":{\"@id\":\"https:\\\/\\\/www.bellunopress.it\\\/2024\\\/06\\\/26\\\/il-ministro-sangiuliano-e-la-ferrea-legge-delloligarchia\\\/#primaryimage\"},\"image\":{\"@id\":\"https:\\\/\\\/www.bellunopress.it\\\/2024\\\/06\\\/26\\\/il-ministro-sangiuliano-e-la-ferrea-legge-delloligarchia\\\/#primaryimage\"},\"thumbnailUrl\":\"https:\\\/\\\/www.bellunopress.it\\\/wp-content\\\/uploads\\\/2024\\\/06\\\/robert-michels_edited.jpg\",\"datePublished\":\"2024-06-26T11:42:25+00:00\",\"breadcrumb\":{\"@id\":\"https:\\\/\\\/www.bellunopress.it\\\/2024\\\/06\\\/26\\\/il-ministro-sangiuliano-e-la-ferrea-legge-delloligarchia\\\/#breadcrumb\"},\"inLanguage\":\"fr-FR\",\"potentialAction\":[{\"@type\":\"ReadAction\",\"target\":[\"https:\\\/\\\/www.bellunopress.it\\\/2024\\\/06\\\/26\\\/il-ministro-sangiuliano-e-la-ferrea-legge-delloligarchia\\\/\"]}]},{\"@type\":\"ImageObject\",\"inLanguage\":\"fr-FR\",\"@id\":\"https:\\\/\\\/www.bellunopress.it\\\/2024\\\/06\\\/26\\\/il-ministro-sangiuliano-e-la-ferrea-legge-delloligarchia\\\/#primaryimage\",\"url\":\"https:\\\/\\\/www.bellunopress.it\\\/wp-content\\\/uploads\\\/2024\\\/06\\\/robert-michels_edited.jpg\",\"contentUrl\":\"https:\\\/\\\/www.bellunopress.it\\\/wp-content\\\/uploads\\\/2024\\\/06\\\/robert-michels_edited.jpg\",\"width\":348,\"height\":444},{\"@type\":\"BreadcrumbList\",\"@id\":\"https:\\\/\\\/www.bellunopress.it\\\/2024\\\/06\\\/26\\\/il-ministro-sangiuliano-e-la-ferrea-legge-delloligarchia\\\/#breadcrumb\",\"itemListElement\":[{\"@type\":\"ListItem\",\"position\":1,\"name\":\"Home\",\"item\":\"https:\\\/\\\/www.bellunopress.it\\\/\"},{\"@type\":\"ListItem\",\"position\":2,\"name\":\"Il ministro Sangiuliano e la ferrea legge dell&#8217;oligarchia\u00a0\"}]},{\"@type\":\"WebSite\",\"@id\":\"https:\\\/\\\/www.bellunopress.it\\\/#website\",\"url\":\"https:\\\/\\\/www.bellunopress.it\\\/\",\"name\":\"Bellunopress - Dolomiti\",\"description\":\"e-mail: redazione@bellunopress.it\",\"publisher\":{\"@id\":\"https:\\\/\\\/www.bellunopress.it\\\/#organization\"},\"potentialAction\":[{\"@type\":\"SearchAction\",\"target\":{\"@type\":\"EntryPoint\",\"urlTemplate\":\"https:\\\/\\\/www.bellunopress.it\\\/?s={search_term_string}\"},\"query-input\":{\"@type\":\"PropertyValueSpecification\",\"valueRequired\":true,\"valueName\":\"search_term_string\"}}],\"inLanguage\":\"fr-FR\"},{\"@type\":\"Organization\",\"@id\":\"https:\\\/\\\/www.bellunopress.it\\\/#organization\",\"name\":\"Bellunopress\",\"url\":\"https:\\\/\\\/www.bellunopress.it\\\/\",\"logo\":{\"@type\":\"ImageObject\",\"inLanguage\":\"fr-FR\",\"@id\":\"https:\\\/\\\/www.bellunopress.it\\\/#\\\/schema\\\/logo\\\/image\\\/\",\"url\":\"https:\\\/\\\/www.bellunopress.it\\\/wp-content\\\/uploads\\\/2011\\\/05\\\/cropped-logo-bellunopress-.jpg\",\"contentUrl\":\"https:\\\/\\\/www.bellunopress.it\\\/wp-content\\\/uploads\\\/2011\\\/05\\\/cropped-logo-bellunopress-.jpg\",\"width\":512,\"height\":512,\"caption\":\"Bellunopress\"},\"image\":{\"@id\":\"https:\\\/\\\/www.bellunopress.it\\\/#\\\/schema\\\/logo\\\/image\\\/\"},\"sameAs\":[\"https:\\\/\\\/www.facebook.com\\\/profile.php?id=100008943462799\",\"https:\\\/\\\/x.com\\\/bellunopress\",\"https:\\\/\\\/www.linkedin.com\\\/hp\\\/?dnr=JBzUWaJfMUw8vbXJJ2tVW5-I3jZKvC4wsoxE&amp;amp;amp;amp;amp;amp;trk=nav_responsive_tab_home\",\"https:\\\/\\\/www.youtube.com\\\/channel\\\/UCxL0wu1uN0_3_7hGG0306cw\"]},{\"@type\":\"Person\",\"@id\":\"https:\\\/\\\/www.bellunopress.it\\\/#\\\/schema\\\/person\\\/79bb06722b37ece1c03d3e94beb30d73\",\"name\":\"redazione\",\"image\":{\"@type\":\"ImageObject\",\"inLanguage\":\"fr-FR\",\"@id\":\"https:\\\/\\\/secure.gravatar.com\\\/avatar\\\/37d968a2e67a6fd04c169c4bdef102d0bc5d31b2546345219e348575eb80e9a0?s=96&d=mm&r=g\",\"url\":\"https:\\\/\\\/secure.gravatar.com\\\/avatar\\\/37d968a2e67a6fd04c169c4bdef102d0bc5d31b2546345219e348575eb80e9a0?s=96&d=mm&r=g\",\"contentUrl\":\"https:\\\/\\\/secure.gravatar.com\\\/avatar\\\/37d968a2e67a6fd04c169c4bdef102d0bc5d31b2546345219e348575eb80e9a0?s=96&d=mm&r=g\",\"caption\":\"redazione\"},\"sameAs\":[\"http:\\\/\\\/www.bellunopress.it\",\"https:\\\/\\\/x.com\\\/bellunopress\"],\"url\":\"https:\\\/\\\/www.bellunopress.it\\\/fr\\\/author\\\/redazione\\\/\"}]}<\/script>\n<!-- \/ Yoast SEO plugin. -->","yoast_head_json":{"title":"Il ministro Sangiuliano e la ferrea legge dell'oligarchia\u00a0 - Bellunopress - Dolomiti","robots":{"index":"index","follow":"follow","max-snippet":"max-snippet:-1","max-image-preview":"max-image-preview:large","max-video-preview":"max-video-preview:-1"},"canonical":"https:\/\/www.bellunopress.it\/fr\/2024\/06\/26\/il-ministro-sangiuliano-e-la-ferrea-legge-delloligarchia\/","og_locale":"fr_FR","og_type":"article","og_title":"Il ministro Sangiuliano e la ferrea legge dell'oligarchia\u00a0 - Bellunopress - Dolomiti","og_description":"Pochi anni fa mi sono interessato alla cosiddetta &#8220;ferrea legge dell&#8217;oligarchia&#8221;: ne avevo letto qualche citazione e la trovavo illuminante per alcuni aspetti dell&#8217;attuale politica sebbene fosse stata descritta ad inizio &#8216;900 in un ponderoso saggio, in tedesco, intitolato &#8220;Zur Soziologie des Parteiwesens in der modernen Demokratie, Untersuchungen \u00fcber die oligarchischen Tendenzen des Gruppenlebens&#8221; stampato [&hellip;]","og_url":"https:\/\/www.bellunopress.it\/fr\/2024\/06\/26\/il-ministro-sangiuliano-e-la-ferrea-legge-delloligarchia\/","og_site_name":"Bellunopress - Dolomiti","article_publisher":"https:\/\/www.facebook.com\/profile.php?id=100008943462799","article_published_time":"2024-06-26T11:42:25+00:00","og_image":[{"width":348,"height":444,"url":"https:\/\/www.bellunopress.it\/wp-content\/uploads\/2024\/06\/robert-michels_edited.jpg","type":"image\/jpeg"}],"author":"redazione","twitter_card":"summary_large_image","twitter_creator":"@bellunopress","twitter_site":"@bellunopress","twitter_misc":{"\u00c9crit par":"redazione","Dur\u00e9e de lecture estim\u00e9e":"3 minutes"},"schema":{"@context":"https:\/\/schema.org","@graph":[{"@type":"Article","@id":"https:\/\/www.bellunopress.it\/2024\/06\/26\/il-ministro-sangiuliano-e-la-ferrea-legge-delloligarchia\/#article","isPartOf":{"@id":"https:\/\/www.bellunopress.it\/2024\/06\/26\/il-ministro-sangiuliano-e-la-ferrea-legge-delloligarchia\/"},"author":{"name":"redazione","@id":"https:\/\/www.bellunopress.it\/#\/schema\/person\/79bb06722b37ece1c03d3e94beb30d73"},"headline":"Il ministro Sangiuliano e la ferrea legge dell&#8217;oligarchia\u00a0","datePublished":"2024-06-26T11:42:25+00:00","mainEntityOfPage":{"@id":"https:\/\/www.bellunopress.it\/2024\/06\/26\/il-ministro-sangiuliano-e-la-ferrea-legge-delloligarchia\/"},"wordCount":532,"publisher":{"@id":"https:\/\/www.bellunopress.it\/#organization"},"image":{"@id":"https:\/\/www.bellunopress.it\/2024\/06\/26\/il-ministro-sangiuliano-e-la-ferrea-legge-delloligarchia\/#primaryimage"},"thumbnailUrl":"https:\/\/www.bellunopress.it\/wp-content\/uploads\/2024\/06\/robert-michels_edited.jpg","articleSection":["Lettere Opinioni","Prima Pagina"],"inLanguage":"fr-FR"},{"@type":"WebPage","@id":"https:\/\/www.bellunopress.it\/2024\/06\/26\/il-ministro-sangiuliano-e-la-ferrea-legge-delloligarchia\/","url":"https:\/\/www.bellunopress.it\/2024\/06\/26\/il-ministro-sangiuliano-e-la-ferrea-legge-delloligarchia\/","name":"Il ministro Sangiuliano e la ferrea legge dell'oligarchia\u00a0 - Bellunopress - Dolomiti","isPartOf":{"@id":"https:\/\/www.bellunopress.it\/#website"},"primaryImageOfPage":{"@id":"https:\/\/www.bellunopress.it\/2024\/06\/26\/il-ministro-sangiuliano-e-la-ferrea-legge-delloligarchia\/#primaryimage"},"image":{"@id":"https:\/\/www.bellunopress.it\/2024\/06\/26\/il-ministro-sangiuliano-e-la-ferrea-legge-delloligarchia\/#primaryimage"},"thumbnailUrl":"https:\/\/www.bellunopress.it\/wp-content\/uploads\/2024\/06\/robert-michels_edited.jpg","datePublished":"2024-06-26T11:42:25+00:00","breadcrumb":{"@id":"https:\/\/www.bellunopress.it\/2024\/06\/26\/il-ministro-sangiuliano-e-la-ferrea-legge-delloligarchia\/#breadcrumb"},"inLanguage":"fr-FR","potentialAction":[{"@type":"ReadAction","target":["https:\/\/www.bellunopress.it\/2024\/06\/26\/il-ministro-sangiuliano-e-la-ferrea-legge-delloligarchia\/"]}]},{"@type":"ImageObject","inLanguage":"fr-FR","@id":"https:\/\/www.bellunopress.it\/2024\/06\/26\/il-ministro-sangiuliano-e-la-ferrea-legge-delloligarchia\/#primaryimage","url":"https:\/\/www.bellunopress.it\/wp-content\/uploads\/2024\/06\/robert-michels_edited.jpg","contentUrl":"https:\/\/www.bellunopress.it\/wp-content\/uploads\/2024\/06\/robert-michels_edited.jpg","width":348,"height":444},{"@type":"BreadcrumbList","@id":"https:\/\/www.bellunopress.it\/2024\/06\/26\/il-ministro-sangiuliano-e-la-ferrea-legge-delloligarchia\/#breadcrumb","itemListElement":[{"@type":"ListItem","position":1,"name":"Home","item":"https:\/\/www.bellunopress.it\/"},{"@type":"ListItem","position":2,"name":"Il ministro Sangiuliano e la ferrea legge dell&#8217;oligarchia\u00a0"}]},{"@type":"WebSite","@id":"https:\/\/www.bellunopress.it\/#website","url":"https:\/\/www.bellunopress.it\/","name":"Bellunopress - Dolomiti","description":"e-mail: redazione@bellunopress.it","publisher":{"@id":"https:\/\/www.bellunopress.it\/#organization"},"potentialAction":[{"@type":"SearchAction","target":{"@type":"EntryPoint","urlTemplate":"https:\/\/www.bellunopress.it\/?s={search_term_string}"},"query-input":{"@type":"PropertyValueSpecification","valueRequired":true,"valueName":"search_term_string"}}],"inLanguage":"fr-FR"},{"@type":"Organization","@id":"https:\/\/www.bellunopress.it\/#organization","name":"Bellunopress","url":"https:\/\/www.bellunopress.it\/","logo":{"@type":"ImageObject","inLanguage":"fr-FR","@id":"https:\/\/www.bellunopress.it\/#\/schema\/logo\/image\/","url":"https:\/\/www.bellunopress.it\/wp-content\/uploads\/2011\/05\/cropped-logo-bellunopress-.jpg","contentUrl":"https:\/\/www.bellunopress.it\/wp-content\/uploads\/2011\/05\/cropped-logo-bellunopress-.jpg","width":512,"height":512,"caption":"Bellunopress"},"image":{"@id":"https:\/\/www.bellunopress.it\/#\/schema\/logo\/image\/"},"sameAs":["https:\/\/www.facebook.com\/profile.php?id=100008943462799","https:\/\/x.com\/bellunopress","https:\/\/www.linkedin.com\/hp\/?dnr=JBzUWaJfMUw8vbXJJ2tVW5-I3jZKvC4wsoxE&amp;amp;amp;amp;amp;amp;trk=nav_responsive_tab_home","https:\/\/www.youtube.com\/channel\/UCxL0wu1uN0_3_7hGG0306cw"]},{"@type":"Person","@id":"https:\/\/www.bellunopress.it\/#\/schema\/person\/79bb06722b37ece1c03d3e94beb30d73","name":"r\u00e9daction","image":{"@type":"ImageObject","inLanguage":"fr-FR","@id":"https:\/\/secure.gravatar.com\/avatar\/37d968a2e67a6fd04c169c4bdef102d0bc5d31b2546345219e348575eb80e9a0?s=96&d=mm&r=g","url":"https:\/\/secure.gravatar.com\/avatar\/37d968a2e67a6fd04c169c4bdef102d0bc5d31b2546345219e348575eb80e9a0?s=96&d=mm&r=g","contentUrl":"https:\/\/secure.gravatar.com\/avatar\/37d968a2e67a6fd04c169c4bdef102d0bc5d31b2546345219e348575eb80e9a0?s=96&d=mm&r=g","caption":"redazione"},"sameAs":["http:\/\/www.bellunopress.it","https:\/\/x.com\/bellunopress"],"url":"https:\/\/www.bellunopress.it\/fr\/author\/redazione\/"}]}},"_links":{"self":[{"href":"https:\/\/www.bellunopress.it\/fr\/wp-json\/wp\/v2\/posts\/151819","targetHints":{"allow":["GET"]}}],"collection":[{"href":"https:\/\/www.bellunopress.it\/fr\/wp-json\/wp\/v2\/posts"}],"about":[{"href":"https:\/\/www.bellunopress.it\/fr\/wp-json\/wp\/v2\/types\/post"}],"author":[{"embeddable":true,"href":"https:\/\/www.bellunopress.it\/fr\/wp-json\/wp\/v2\/users\/2"}],"replies":[{"embeddable":true,"href":"https:\/\/www.bellunopress.it\/fr\/wp-json\/wp\/v2\/comments?post=151819"}],"version-history":[{"count":1,"href":"https:\/\/www.bellunopress.it\/fr\/wp-json\/wp\/v2\/posts\/151819\/revisions"}],"predecessor-version":[{"id":151821,"href":"https:\/\/www.bellunopress.it\/fr\/wp-json\/wp\/v2\/posts\/151819\/revisions\/151821"}],"wp:featuredmedia":[{"embeddable":true,"href":"https:\/\/www.bellunopress.it\/fr\/wp-json\/wp\/v2\/media\/151820"}],"wp:attachment":[{"href":"https:\/\/www.bellunopress.it\/fr\/wp-json\/wp\/v2\/media?parent=151819"}],"wp:term":[{"taxonomy":"category","embeddable":true,"href":"https:\/\/www.bellunopress.it\/fr\/wp-json\/wp\/v2\/categories?post=151819"},{"taxonomy":"post_tag","embeddable":true,"href":"https:\/\/www.bellunopress.it\/fr\/wp-json\/wp\/v2\/tags?post=151819"}],"curies":[{"name":"wp","href":"https:\/\/api.w.org\/{rel}","templated":true}]}}