{"id":151815,"date":"2024-06-26T11:51:14","date_gmt":"2024-06-26T09:51:14","guid":{"rendered":"https:\/\/www.bellunopress.it\/?p=151815"},"modified":"2024-06-26T11:51:14","modified_gmt":"2024-06-26T09:51:14","slug":"basquiat-haring-banksy-la-mostra-sul-misterioso-mondo-della-street-art-a-caorle","status":"publish","type":"post","link":"https:\/\/www.bellunopress.it\/fr\/2024\/06\/26\/basquiat-haring-banksy-la-mostra-sul-misterioso-mondo-della-street-art-a-caorle\/","title":{"rendered":"Basquiat, Haring, Banksy. La mostra sul misterioso mondo della Street Art a Caorle"},"content":{"rendered":"<figure id=\"attachment_151816\" aria-describedby=\"caption-attachment-151816\" style=\"width: 1000px\" class=\"wp-caption alignleft\"><img loading=\"lazy\" decoding=\"async\" class=\"size-full wp-image-151816\" src=\"https:\/\/www.bellunopress.it\/wp-content\/uploads\/2024\/06\/Caorle-centro-Bafile_edited.jpg\" alt=\"\" width=\"1000\" height=\"563\" srcset=\"https:\/\/www.bellunopress.it\/wp-content\/uploads\/2024\/06\/Caorle-centro-Bafile_edited.jpg 1000w, https:\/\/www.bellunopress.it\/wp-content\/uploads\/2024\/06\/Caorle-centro-Bafile_edited-500x282.jpg 500w, https:\/\/www.bellunopress.it\/wp-content\/uploads\/2024\/06\/Caorle-centro-Bafile_edited-746x420.jpg 746w, https:\/\/www.bellunopress.it\/wp-content\/uploads\/2024\/06\/Caorle-centro-Bafile_edited-696x392.jpg 696w\" sizes=\"auto, (max-width: 1000px) 100vw, 1000px\" \/><figcaption id=\"caption-attachment-151816\" class=\"wp-caption-text\">Caorle, Centro culturale Bafile<\/figcaption><\/figure>\n<p>Fino al primo di settembre al centro culturale Bafile di Caorle, nel Veneziano, \u00e8 aperta la mostra evento con 70 opere provenienti da Italia, Francia, Inghilterra e Stati Uniti. Matteo Vanzan, direttore artistico: &#8220;Dalla nascita del graffitismo nella New York di fine anni Sessanta fino ai nuovi protagonisti. Raccontiamo una sottocultura indomabile e affascinante, ancora avvolta nel mistero&#8221;<\/p>\n<figure id=\"attachment_151817\" aria-describedby=\"caption-attachment-151817\" style=\"width: 717px\" class=\"wp-caption alignleft\"><img loading=\"lazy\" decoding=\"async\" class=\"size-full wp-image-151817\" src=\"https:\/\/www.bellunopress.it\/wp-content\/uploads\/2024\/06\/Obey_Acrilico_Carta-in-mostra-a-Caorle.jpg\" alt=\"\" width=\"717\" height=\"1000\" srcset=\"https:\/\/www.bellunopress.it\/wp-content\/uploads\/2024\/06\/Obey_Acrilico_Carta-in-mostra-a-Caorle.jpg 717w, https:\/\/www.bellunopress.it\/wp-content\/uploads\/2024\/06\/Obey_Acrilico_Carta-in-mostra-a-Caorle-359x500.jpg 359w, https:\/\/www.bellunopress.it\/wp-content\/uploads\/2024\/06\/Obey_Acrilico_Carta-in-mostra-a-Caorle-301x420.jpg 301w, https:\/\/www.bellunopress.it\/wp-content\/uploads\/2024\/06\/Obey_Acrilico_Carta-in-mostra-a-Caorle-696x971.jpg 696w\" sizes=\"auto, (max-width: 717px) 100vw, 717px\" \/><figcaption id=\"caption-attachment-151817\" class=\"wp-caption-text\">Obey, acrilico su carta<\/figcaption><\/figure>\n<p>L&#8217;Amministrazione Comunale di Caorle, in collaborazione con l&#8217;agenzia MV Arte di Vicenza, presenta la mostra &#8220;Basquiat, Haring, Banksy: the international and mysterious world of Street Art&#8221; aperta al Centro Culturale A. Bafile fino al primo di settembre 2024.<\/p>\n<p>La mostra, curata da Matteo Vanzan, racconter\u00e0 l&#8217;evoluzione di un linguaggio che, come un fiume carsico, appare e scompare lasciando tracce inequivocabili del suo passaggio sui muri di tutto il mondo.<\/p>\n<p>Protagonisti del percorso espositivo saranno le opere di coloro che, dagli anni &#8217;70 ad oggi, sono considerati tra i principali portavoce di un&#8217;espressione internazionale che ha unito intere generazioni: Banksy, Jean-Michel Basquiat, Delta 2 e Arte di Frontiera, D*Face, Dolk, Stelios Faitakis, John Fekner, KayOne, Keith Haring, Logan Hicks, JR, Mike Giant, Mr. Brainwash, Nasty, Obey, Seen, Slog 175, Sten e Lex, Swoon, Taki 183, Vhils, Mr. Wany e molti altri ancora.<\/p>\n<p>Oltre 70 opere le opere presentate provenienti da Italia, Spagna, Francia, Inghilterra e Stati Uniti in un&#8217;alternanza di lavori su tela, legno, carta, serigrafie firmate, poster, memorabilia oltre ad una selezione di disegni preparatori forniti direttamente dagli artisti selezionati dopo oltre due anni di ricerca e concessi in via esclusiva al Comune di Caorle (Ve) con l&#8217;obiettivo di indagare la Street Art dalla sua nascita fino ai giorni nostri comprendendone le evoluzioni ed i significati.<\/p>\n<p>&#8220;Caorle si conferma meta turistica a forte vocazione culturale&#8221; commenta il Sindaco di Caorle, Marco Sarto &#8220;Anche nel 2024, la Citt\u00e0 si \u00e8 dedicata con particolare impegno a valorizzare la propria gi\u00e0 ricca proposta culturale con manifestazioni ed eventi di assoluta rilevanza. Il 10 maggio inaugureremo la mostra &#8220;Basquiat \/ Haring \/ che, fino all&#8217;inizio di settembre, render\u00e0 il nostro centro culturale &#8220;Bafile&#8221; un punto di riferimento per gli amanti dell&#8217;arte contemporanea. Caorle \u00e8 cultura e si \u00e8 dimostrata ancora una volta capace di coniugare il suo passato millenario con ci\u00f2 che di pi\u00f9 interessante offre la modernit\u00e0&#8221;.<\/p>\n<p>&#8220;\u00c8 un vero onore per Caorle poter ospitare le opere di artisti cos\u00ec prestigiosi. Basquiat e Haring sono i capostipiti della Street art, i primi ad aver portato questo movimento dalle strade ai musei. Banksy \u00e8 il pi\u00f9 celebre artista contemporaneo, celebrato in tutto il mondo&#8221; continua il Vicesindaco di Caorle e Assessore alla Cultura, Luca Antelmo &#8220;Quest&#8217;anno la Street Art \u00e8 il filo conduttore della proposta culturale della Citt\u00e0 di Caorle, una proposta ricca, accattivante e assolutamente trasversale. Una proposta che valorizza Caorle e che la rende un&#8217;eccellenza nel panorama della localit\u00e0 balneari italiane. Voglio ringraziare MV Arte per aver curato l&#8217;organizzazione di una mostra cos\u00ec prestigiosa, la Consigliera Comunale delegata alla cultura Elisa Canta e gli Uffici Comunali per il prezioso lavoro svolto dietro le quinte&#8221;.<\/p>\n<p>&#8220;La mostra&#8221; spiega Matteo Vanzan, direttore artistico di MV Arte e curatore dell&#8217;esposizione &#8220;\u00e8 strutturata per essere un&#8217;indagine scientifica, oltre che artistica, sul fenomeno generazionale della Street Art, partendo dalla nascita del graffitismo nella New York di fine anni sessanta per arrivare fino ai nuovi protagonisti contemporanei. Vogliamo porre al visitatore una serie di interrogativi che parlano di una sottocultura indomabile, affascinante, misteriosa e per molti versi ancora avvolta nel mistero che, all&#8217;improvviso, emerse dall&#8217;underground per riversarsi nei canali mainstream grazie ad alcuni protagonisti: Basquiat, Haring e Banksy. Questi artisti rappresentano solamente la punta di un iceberg ben pi\u00f9 profondo: un mondo fatto di attitudine, regole non scritte e codici interni svolti in non luoghi come le metropolitane o i muri del mondo per un&#8217;arte senza confini che si estende in ogni angolo del pianeta e che raccoglie le voci di un&#8217;umanit\u00e0 in continua urgenza espressiva&#8221;.<\/p>\n<p>Con contenuti sempre nuovi e forme in continua mutazione, la Street Art \u00e8 affascinante e sexy, alternativa e, allo stesso tempo, mainstream diventando, dagli anni Ottanta, linguaggio istituzionalizzato proprio grazie ad un sistema dell&#8217;arte che tutto fagocita. Le pi\u00f9 rinomate gallerie newyorkesi iniziarono ad interessarsi a quelli che, ancora, non erano considerati artisti, ma che ben presto, e grazie ai sistemi di promozione culturale, divennero a tutti gli effetti delle vere e proprie leggende, in primis Keith Haring e Jean-Michel Basquiat. Oggi Banksy rappresenta una vicenda le cui origini iniziano nelle metropolitane degli Stati Uniti verso la prima met\u00e0 degli anni Sessanta per espandersi sempre di pi\u00f9 nei pieni Settanta. Fu grazie alle contestazioni studentesche e sociali del &#8217;68 che si sanc\u00ec la nascita di quella controcultura sintomo del rinnovamento di stili, linguaggi e forme espressive che, dal Post-Minimalismo, condusse alla nascita della Street Art. Quello scolpito sui muri \u00e8 un messaggio necessario per esprimere il proprio dissenso, per riappropriarsi di spazi la cui genuinit\u00e0 non deve sopportare i vincoli dei circuiti ufficiali. Ecco nascere, in tutto il mondo, un coro che, parlando direttamente al pubblico, riporta l&#8217;arte ad una nuova dimensione di<\/p>\n<p>&#8220;Credo che la Street Art&#8221; conclude Vanzan &#8220;abbia rinunciato al suo status di entit\u00e0 alternativa contro il mainstream nel momento stesso in cui Taki 183, il writer che diede inizio a tutto, venne &#8220;promosso&#8221; con l&#8217;articolo TAKI 183 Spawns Pen Pals, apparso sul New York Times nel 1971. Grazie a quell&#8217;articolo venne considerato il padre dei graffiti contemporanei e la sua leggenda si \u00e8 estesa a dismisura. Tutto questo interessamento mediatico verso un fenomeno sovversivo e di istanza polemico-sociale fu solamente la miccia che fece esplodere l&#8217;attenzione verso quello che viene ancor oggi considerato un luogo della notte dell&#8217;invisibilit\u00e0. Questo luogo si manifesta in altrettanti non-luoghi: le metropolitane, i sottopassi, i cavalcavia, ma soprattutto su muri bianchi che diventano il campo per una battaglia disputa a suon di marker, colori acrilici e bombolette spray. Quello rappresentato in questa esposizione \u00e8 dunque questo luogo del mistero, consapevoli che non c&#8217;\u00e8 pi\u00f9 tempo per definizioni o accademismi, ma che la Street Art \u00e8 oggi linguaggio universale della nostra societ\u00e0&#8221;.<\/p>\n<p>La mostra sar\u00e0 aperta al pubblico dal 10 maggio al 1 settembre 2024 con i seguenti orari: dal 10 a 31 maggio aperto dal luned\u00ec al gioved\u00ec 15.00 \u2013 19.00 e dal venerd\u00ec alla domenica 15.00 \u2013 22.00. Dal 1 giugno al 1 settembre aperto dal luned\u00ec alla domenica 10.00 \u2013 13.00 e 19.00 \u2013 22.00.<\/p>\n<p>&nbsp;<\/p>\n<p>INFORMAZIONI<\/p>\n<p>10 MAGGIO \u2013 01 SETTEMBRE 2024<\/p>\n<p>Centro Culturale Bafile<\/p>\n<p>Rio Terr\u00e0 delle Botteghe, 3 \u2013 Caorle (VE)<\/p>\n<p>ORARI<\/p>\n<p>Dal 10 a 31 maggio: aperto dal luned\u00ec al gioved\u00ec 15.00 &#8211; 19.00 e dal venerd\u00ec alla domenica 15.00 &#8211; 22.00<\/p>\n<p>Dal 1 giugno al 1 settembre: aperto dal luned\u00ec alla domenica 10.00 &#8211; 13.00 e 19.00 &#8211; 22.00<\/p>\n<p>BIGLIETTI<\/p>\n<p>Intero: 10 \u20ac<\/p>\n<p>Residenti: 6 \u20ac<\/p>\n<p>Ridotto: 5 \u20ac (over 65, insegnanti, gruppi di minimo 10 persone, studenti universitari) Gratuito: under 18, portatori di handicap e loro accompagnatori<\/p>","protected":false},"excerpt":{"rendered":"<p>Fino al primo di settembre al centro culturale Bafile di Caorle, nel Veneziano, \u00e8 aperta la mostra evento con 70 opere provenienti da Italia, Francia, Inghilterra e Stati Uniti. Matteo Vanzan, direttore artistico: &#8220;Dalla nascita del graffitismo nella New York di fine anni Sessanta fino ai nuovi protagonisti. Raccontiamo una sottocultura indomabile e affascinante, ancora [&hellip;]<\/p>\n","protected":false},"author":2,"featured_media":151816,"comment_status":"closed","ping_status":"open","sticky":false,"template":"","format":"standard","meta":{"footnotes":""},"categories":[3,3394,25],"tags":[],"class_list":["post-151815","post","type-post","status-publish","format-standard","has-post-thumbnail","category-arte-cultura-spettacoli-scienza-archivi","category-cultura-e-spettacoli-fuori-provincia","category-pausa-caffe"],"yoast_head":"<!-- This site is optimized with the Yoast SEO plugin v28.4 - https:\/\/yoast.com\/product\/yoast-seo-wordpress\/ -->\n<title>Basquiat, Haring, Banksy. La mostra sul misterioso mondo della Street Art a Caorle - Bellunopress - Dolomiti<\/title>\n<meta name=\"robots\" content=\"index, follow, max-snippet:-1, max-image-preview:large, max-video-preview:-1\" \/>\n<link rel=\"canonical\" href=\"https:\/\/www.bellunopress.it\/fr\/2024\/06\/26\/basquiat-haring-banksy-la-mostra-sul-misterioso-mondo-della-street-art-a-caorle\/\" \/>\n<meta property=\"og:locale\" content=\"fr_FR\" \/>\n<meta property=\"og:type\" content=\"article\" \/>\n<meta property=\"og:title\" content=\"Basquiat, Haring, Banksy. La mostra sul misterioso mondo della Street Art a Caorle - Bellunopress - Dolomiti\" \/>\n<meta property=\"og:description\" content=\"Fino al primo di settembre al centro culturale Bafile di Caorle, nel Veneziano, \u00e8 aperta la mostra evento con 70 opere provenienti da Italia, Francia, Inghilterra e Stati Uniti. Matteo Vanzan, direttore artistico: &#8220;Dalla nascita del graffitismo nella New York di fine anni Sessanta fino ai nuovi protagonisti. Raccontiamo una sottocultura indomabile e affascinante, ancora [&hellip;]\" \/>\n<meta property=\"og:url\" content=\"https:\/\/www.bellunopress.it\/fr\/2024\/06\/26\/basquiat-haring-banksy-la-mostra-sul-misterioso-mondo-della-street-art-a-caorle\/\" \/>\n<meta property=\"og:site_name\" content=\"Bellunopress - Dolomiti\" \/>\n<meta property=\"article:publisher\" content=\"https:\/\/www.facebook.com\/profile.php?id=100008943462799\" \/>\n<meta property=\"article:published_time\" content=\"2024-06-26T09:51:14+00:00\" \/>\n<meta property=\"og:image\" content=\"https:\/\/www.bellunopress.it\/wp-content\/uploads\/2024\/06\/Caorle-centro-Bafile_edited.jpg\" \/>\n\t<meta property=\"og:image:width\" content=\"1000\" \/>\n\t<meta property=\"og:image:height\" content=\"563\" \/>\n\t<meta property=\"og:image:type\" content=\"image\/jpeg\" \/>\n<meta name=\"author\" content=\"redazione\" \/>\n<meta name=\"twitter:card\" content=\"summary_large_image\" \/>\n<meta name=\"twitter:creator\" content=\"@bellunopress\" \/>\n<meta name=\"twitter:site\" content=\"@bellunopress\" \/>\n<meta name=\"twitter:label1\" content=\"\u00c9crit par\" \/>\n\t<meta name=\"twitter:data1\" content=\"redazione\" \/>\n\t<meta name=\"twitter:label2\" content=\"Dur\u00e9e de lecture estim\u00e9e\" \/>\n\t<meta name=\"twitter:data2\" content=\"6 minutes\" \/>\n<script type=\"application\/ld+json\" class=\"yoast-schema-graph\">{\"@context\":\"https:\\\/\\\/schema.org\",\"@graph\":[{\"@type\":\"Article\",\"@id\":\"https:\\\/\\\/www.bellunopress.it\\\/2024\\\/06\\\/26\\\/basquiat-haring-banksy-la-mostra-sul-misterioso-mondo-della-street-art-a-caorle\\\/#article\",\"isPartOf\":{\"@id\":\"https:\\\/\\\/www.bellunopress.it\\\/2024\\\/06\\\/26\\\/basquiat-haring-banksy-la-mostra-sul-misterioso-mondo-della-street-art-a-caorle\\\/\"},\"author\":{\"name\":\"redazione\",\"@id\":\"https:\\\/\\\/www.bellunopress.it\\\/#\\\/schema\\\/person\\\/79bb06722b37ece1c03d3e94beb30d73\"},\"headline\":\"Basquiat, Haring, Banksy. La mostra sul misterioso mondo della Street Art a Caorle\",\"datePublished\":\"2024-06-26T09:51:14+00:00\",\"mainEntityOfPage\":{\"@id\":\"https:\\\/\\\/www.bellunopress.it\\\/2024\\\/06\\\/26\\\/basquiat-haring-banksy-la-mostra-sul-misterioso-mondo-della-street-art-a-caorle\\\/\"},\"wordCount\":1135,\"publisher\":{\"@id\":\"https:\\\/\\\/www.bellunopress.it\\\/#organization\"},\"image\":{\"@id\":\"https:\\\/\\\/www.bellunopress.it\\\/2024\\\/06\\\/26\\\/basquiat-haring-banksy-la-mostra-sul-misterioso-mondo-della-street-art-a-caorle\\\/#primaryimage\"},\"thumbnailUrl\":\"https:\\\/\\\/www.bellunopress.it\\\/wp-content\\\/uploads\\\/2024\\\/06\\\/Caorle-centro-Bafile_edited.jpg\",\"articleSection\":[\"Arte, Cultura, Spettacoli, Scienza\",\"Cultura e spettacoli, tempo libero, benessere, fuori provincia\",\"Pausa Caff\u00e8\"],\"inLanguage\":\"fr-FR\"},{\"@type\":\"WebPage\",\"@id\":\"https:\\\/\\\/www.bellunopress.it\\\/2024\\\/06\\\/26\\\/basquiat-haring-banksy-la-mostra-sul-misterioso-mondo-della-street-art-a-caorle\\\/\",\"url\":\"https:\\\/\\\/www.bellunopress.it\\\/2024\\\/06\\\/26\\\/basquiat-haring-banksy-la-mostra-sul-misterioso-mondo-della-street-art-a-caorle\\\/\",\"name\":\"Basquiat, Haring, Banksy. La mostra sul misterioso mondo della Street Art a Caorle - Bellunopress - Dolomiti\",\"isPartOf\":{\"@id\":\"https:\\\/\\\/www.bellunopress.it\\\/#website\"},\"primaryImageOfPage\":{\"@id\":\"https:\\\/\\\/www.bellunopress.it\\\/2024\\\/06\\\/26\\\/basquiat-haring-banksy-la-mostra-sul-misterioso-mondo-della-street-art-a-caorle\\\/#primaryimage\"},\"image\":{\"@id\":\"https:\\\/\\\/www.bellunopress.it\\\/2024\\\/06\\\/26\\\/basquiat-haring-banksy-la-mostra-sul-misterioso-mondo-della-street-art-a-caorle\\\/#primaryimage\"},\"thumbnailUrl\":\"https:\\\/\\\/www.bellunopress.it\\\/wp-content\\\/uploads\\\/2024\\\/06\\\/Caorle-centro-Bafile_edited.jpg\",\"datePublished\":\"2024-06-26T09:51:14+00:00\",\"breadcrumb\":{\"@id\":\"https:\\\/\\\/www.bellunopress.it\\\/2024\\\/06\\\/26\\\/basquiat-haring-banksy-la-mostra-sul-misterioso-mondo-della-street-art-a-caorle\\\/#breadcrumb\"},\"inLanguage\":\"fr-FR\",\"potentialAction\":[{\"@type\":\"ReadAction\",\"target\":[\"https:\\\/\\\/www.bellunopress.it\\\/2024\\\/06\\\/26\\\/basquiat-haring-banksy-la-mostra-sul-misterioso-mondo-della-street-art-a-caorle\\\/\"]}]},{\"@type\":\"ImageObject\",\"inLanguage\":\"fr-FR\",\"@id\":\"https:\\\/\\\/www.bellunopress.it\\\/2024\\\/06\\\/26\\\/basquiat-haring-banksy-la-mostra-sul-misterioso-mondo-della-street-art-a-caorle\\\/#primaryimage\",\"url\":\"https:\\\/\\\/www.bellunopress.it\\\/wp-content\\\/uploads\\\/2024\\\/06\\\/Caorle-centro-Bafile_edited.jpg\",\"contentUrl\":\"https:\\\/\\\/www.bellunopress.it\\\/wp-content\\\/uploads\\\/2024\\\/06\\\/Caorle-centro-Bafile_edited.jpg\",\"width\":1000,\"height\":563,\"caption\":\"Caorle, Centro culturale Bafile\"},{\"@type\":\"BreadcrumbList\",\"@id\":\"https:\\\/\\\/www.bellunopress.it\\\/2024\\\/06\\\/26\\\/basquiat-haring-banksy-la-mostra-sul-misterioso-mondo-della-street-art-a-caorle\\\/#breadcrumb\",\"itemListElement\":[{\"@type\":\"ListItem\",\"position\":1,\"name\":\"Home\",\"item\":\"https:\\\/\\\/www.bellunopress.it\\\/\"},{\"@type\":\"ListItem\",\"position\":2,\"name\":\"Basquiat, Haring, Banksy. La mostra sul misterioso mondo della Street Art a Caorle\"}]},{\"@type\":\"WebSite\",\"@id\":\"https:\\\/\\\/www.bellunopress.it\\\/#website\",\"url\":\"https:\\\/\\\/www.bellunopress.it\\\/\",\"name\":\"Bellunopress - Dolomiti\",\"description\":\"e-mail: redazione@bellunopress.it\",\"publisher\":{\"@id\":\"https:\\\/\\\/www.bellunopress.it\\\/#organization\"},\"potentialAction\":[{\"@type\":\"SearchAction\",\"target\":{\"@type\":\"EntryPoint\",\"urlTemplate\":\"https:\\\/\\\/www.bellunopress.it\\\/?s={search_term_string}\"},\"query-input\":{\"@type\":\"PropertyValueSpecification\",\"valueRequired\":true,\"valueName\":\"search_term_string\"}}],\"inLanguage\":\"fr-FR\"},{\"@type\":\"Organization\",\"@id\":\"https:\\\/\\\/www.bellunopress.it\\\/#organization\",\"name\":\"Bellunopress\",\"url\":\"https:\\\/\\\/www.bellunopress.it\\\/\",\"logo\":{\"@type\":\"ImageObject\",\"inLanguage\":\"fr-FR\",\"@id\":\"https:\\\/\\\/www.bellunopress.it\\\/#\\\/schema\\\/logo\\\/image\\\/\",\"url\":\"https:\\\/\\\/www.bellunopress.it\\\/wp-content\\\/uploads\\\/2011\\\/05\\\/cropped-logo-bellunopress-.jpg\",\"contentUrl\":\"https:\\\/\\\/www.bellunopress.it\\\/wp-content\\\/uploads\\\/2011\\\/05\\\/cropped-logo-bellunopress-.jpg\",\"width\":512,\"height\":512,\"caption\":\"Bellunopress\"},\"image\":{\"@id\":\"https:\\\/\\\/www.bellunopress.it\\\/#\\\/schema\\\/logo\\\/image\\\/\"},\"sameAs\":[\"https:\\\/\\\/www.facebook.com\\\/profile.php?id=100008943462799\",\"https:\\\/\\\/x.com\\\/bellunopress\",\"https:\\\/\\\/www.linkedin.com\\\/hp\\\/?dnr=JBzUWaJfMUw8vbXJJ2tVW5-I3jZKvC4wsoxE&amp;amp;amp;amp;amp;amp;trk=nav_responsive_tab_home\",\"https:\\\/\\\/www.youtube.com\\\/channel\\\/UCxL0wu1uN0_3_7hGG0306cw\"]},{\"@type\":\"Person\",\"@id\":\"https:\\\/\\\/www.bellunopress.it\\\/#\\\/schema\\\/person\\\/79bb06722b37ece1c03d3e94beb30d73\",\"name\":\"redazione\",\"image\":{\"@type\":\"ImageObject\",\"inLanguage\":\"fr-FR\",\"@id\":\"https:\\\/\\\/secure.gravatar.com\\\/avatar\\\/37d968a2e67a6fd04c169c4bdef102d0bc5d31b2546345219e348575eb80e9a0?s=96&d=mm&r=g\",\"url\":\"https:\\\/\\\/secure.gravatar.com\\\/avatar\\\/37d968a2e67a6fd04c169c4bdef102d0bc5d31b2546345219e348575eb80e9a0?s=96&d=mm&r=g\",\"contentUrl\":\"https:\\\/\\\/secure.gravatar.com\\\/avatar\\\/37d968a2e67a6fd04c169c4bdef102d0bc5d31b2546345219e348575eb80e9a0?s=96&d=mm&r=g\",\"caption\":\"redazione\"},\"sameAs\":[\"http:\\\/\\\/www.bellunopress.it\",\"https:\\\/\\\/x.com\\\/bellunopress\"],\"url\":\"https:\\\/\\\/www.bellunopress.it\\\/fr\\\/author\\\/redazione\\\/\"}]}<\/script>\n<!-- \/ Yoast SEO plugin. -->","yoast_head_json":{"title":"Basquiat, Haring, Banksy. La mostra sul misterioso mondo della Street Art a Caorle - Bellunopress - Dolomiti","robots":{"index":"index","follow":"follow","max-snippet":"max-snippet:-1","max-image-preview":"max-image-preview:large","max-video-preview":"max-video-preview:-1"},"canonical":"https:\/\/www.bellunopress.it\/fr\/2024\/06\/26\/basquiat-haring-banksy-la-mostra-sul-misterioso-mondo-della-street-art-a-caorle\/","og_locale":"fr_FR","og_type":"article","og_title":"Basquiat, Haring, Banksy. La mostra sul misterioso mondo della Street Art a Caorle - Bellunopress - Dolomiti","og_description":"Fino al primo di settembre al centro culturale Bafile di Caorle, nel Veneziano, \u00e8 aperta la mostra evento con 70 opere provenienti da Italia, Francia, Inghilterra e Stati Uniti. Matteo Vanzan, direttore artistico: &#8220;Dalla nascita del graffitismo nella New York di fine anni Sessanta fino ai nuovi protagonisti. Raccontiamo una sottocultura indomabile e affascinante, ancora [&hellip;]","og_url":"https:\/\/www.bellunopress.it\/fr\/2024\/06\/26\/basquiat-haring-banksy-la-mostra-sul-misterioso-mondo-della-street-art-a-caorle\/","og_site_name":"Bellunopress - Dolomiti","article_publisher":"https:\/\/www.facebook.com\/profile.php?id=100008943462799","article_published_time":"2024-06-26T09:51:14+00:00","og_image":[{"width":1000,"height":563,"url":"https:\/\/www.bellunopress.it\/wp-content\/uploads\/2024\/06\/Caorle-centro-Bafile_edited.jpg","type":"image\/jpeg"}],"author":"redazione","twitter_card":"summary_large_image","twitter_creator":"@bellunopress","twitter_site":"@bellunopress","twitter_misc":{"\u00c9crit par":"redazione","Dur\u00e9e de lecture estim\u00e9e":"6 minutes"},"schema":{"@context":"https:\/\/schema.org","@graph":[{"@type":"Article","@id":"https:\/\/www.bellunopress.it\/2024\/06\/26\/basquiat-haring-banksy-la-mostra-sul-misterioso-mondo-della-street-art-a-caorle\/#article","isPartOf":{"@id":"https:\/\/www.bellunopress.it\/2024\/06\/26\/basquiat-haring-banksy-la-mostra-sul-misterioso-mondo-della-street-art-a-caorle\/"},"author":{"name":"redazione","@id":"https:\/\/www.bellunopress.it\/#\/schema\/person\/79bb06722b37ece1c03d3e94beb30d73"},"headline":"Basquiat, Haring, Banksy. La mostra sul misterioso mondo della Street Art a Caorle","datePublished":"2024-06-26T09:51:14+00:00","mainEntityOfPage":{"@id":"https:\/\/www.bellunopress.it\/2024\/06\/26\/basquiat-haring-banksy-la-mostra-sul-misterioso-mondo-della-street-art-a-caorle\/"},"wordCount":1135,"publisher":{"@id":"https:\/\/www.bellunopress.it\/#organization"},"image":{"@id":"https:\/\/www.bellunopress.it\/2024\/06\/26\/basquiat-haring-banksy-la-mostra-sul-misterioso-mondo-della-street-art-a-caorle\/#primaryimage"},"thumbnailUrl":"https:\/\/www.bellunopress.it\/wp-content\/uploads\/2024\/06\/Caorle-centro-Bafile_edited.jpg","articleSection":["Arte, Cultura, Spettacoli, Scienza","Cultura e spettacoli, tempo libero, benessere, fuori provincia","Pausa Caff\u00e8"],"inLanguage":"fr-FR"},{"@type":"WebPage","@id":"https:\/\/www.bellunopress.it\/2024\/06\/26\/basquiat-haring-banksy-la-mostra-sul-misterioso-mondo-della-street-art-a-caorle\/","url":"https:\/\/www.bellunopress.it\/2024\/06\/26\/basquiat-haring-banksy-la-mostra-sul-misterioso-mondo-della-street-art-a-caorle\/","name":"Basquiat, Haring, Banksy. La mostra sul misterioso mondo della Street Art a Caorle - Bellunopress - Dolomiti","isPartOf":{"@id":"https:\/\/www.bellunopress.it\/#website"},"primaryImageOfPage":{"@id":"https:\/\/www.bellunopress.it\/2024\/06\/26\/basquiat-haring-banksy-la-mostra-sul-misterioso-mondo-della-street-art-a-caorle\/#primaryimage"},"image":{"@id":"https:\/\/www.bellunopress.it\/2024\/06\/26\/basquiat-haring-banksy-la-mostra-sul-misterioso-mondo-della-street-art-a-caorle\/#primaryimage"},"thumbnailUrl":"https:\/\/www.bellunopress.it\/wp-content\/uploads\/2024\/06\/Caorle-centro-Bafile_edited.jpg","datePublished":"2024-06-26T09:51:14+00:00","breadcrumb":{"@id":"https:\/\/www.bellunopress.it\/2024\/06\/26\/basquiat-haring-banksy-la-mostra-sul-misterioso-mondo-della-street-art-a-caorle\/#breadcrumb"},"inLanguage":"fr-FR","potentialAction":[{"@type":"ReadAction","target":["https:\/\/www.bellunopress.it\/2024\/06\/26\/basquiat-haring-banksy-la-mostra-sul-misterioso-mondo-della-street-art-a-caorle\/"]}]},{"@type":"ImageObject","inLanguage":"fr-FR","@id":"https:\/\/www.bellunopress.it\/2024\/06\/26\/basquiat-haring-banksy-la-mostra-sul-misterioso-mondo-della-street-art-a-caorle\/#primaryimage","url":"https:\/\/www.bellunopress.it\/wp-content\/uploads\/2024\/06\/Caorle-centro-Bafile_edited.jpg","contentUrl":"https:\/\/www.bellunopress.it\/wp-content\/uploads\/2024\/06\/Caorle-centro-Bafile_edited.jpg","width":1000,"height":563,"caption":"Caorle, Centro culturale Bafile"},{"@type":"BreadcrumbList","@id":"https:\/\/www.bellunopress.it\/2024\/06\/26\/basquiat-haring-banksy-la-mostra-sul-misterioso-mondo-della-street-art-a-caorle\/#breadcrumb","itemListElement":[{"@type":"ListItem","position":1,"name":"Home","item":"https:\/\/www.bellunopress.it\/"},{"@type":"ListItem","position":2,"name":"Basquiat, Haring, Banksy. La mostra sul misterioso mondo della Street Art a Caorle"}]},{"@type":"WebSite","@id":"https:\/\/www.bellunopress.it\/#website","url":"https:\/\/www.bellunopress.it\/","name":"Bellunopress - Dolomiti","description":"e-mail: redazione@bellunopress.it","publisher":{"@id":"https:\/\/www.bellunopress.it\/#organization"},"potentialAction":[{"@type":"SearchAction","target":{"@type":"EntryPoint","urlTemplate":"https:\/\/www.bellunopress.it\/?s={search_term_string}"},"query-input":{"@type":"PropertyValueSpecification","valueRequired":true,"valueName":"search_term_string"}}],"inLanguage":"fr-FR"},{"@type":"Organization","@id":"https:\/\/www.bellunopress.it\/#organization","name":"Bellunopress","url":"https:\/\/www.bellunopress.it\/","logo":{"@type":"ImageObject","inLanguage":"fr-FR","@id":"https:\/\/www.bellunopress.it\/#\/schema\/logo\/image\/","url":"https:\/\/www.bellunopress.it\/wp-content\/uploads\/2011\/05\/cropped-logo-bellunopress-.jpg","contentUrl":"https:\/\/www.bellunopress.it\/wp-content\/uploads\/2011\/05\/cropped-logo-bellunopress-.jpg","width":512,"height":512,"caption":"Bellunopress"},"image":{"@id":"https:\/\/www.bellunopress.it\/#\/schema\/logo\/image\/"},"sameAs":["https:\/\/www.facebook.com\/profile.php?id=100008943462799","https:\/\/x.com\/bellunopress","https:\/\/www.linkedin.com\/hp\/?dnr=JBzUWaJfMUw8vbXJJ2tVW5-I3jZKvC4wsoxE&amp;amp;amp;amp;amp;amp;trk=nav_responsive_tab_home","https:\/\/www.youtube.com\/channel\/UCxL0wu1uN0_3_7hGG0306cw"]},{"@type":"Person","@id":"https:\/\/www.bellunopress.it\/#\/schema\/person\/79bb06722b37ece1c03d3e94beb30d73","name":"r\u00e9daction","image":{"@type":"ImageObject","inLanguage":"fr-FR","@id":"https:\/\/secure.gravatar.com\/avatar\/37d968a2e67a6fd04c169c4bdef102d0bc5d31b2546345219e348575eb80e9a0?s=96&d=mm&r=g","url":"https:\/\/secure.gravatar.com\/avatar\/37d968a2e67a6fd04c169c4bdef102d0bc5d31b2546345219e348575eb80e9a0?s=96&d=mm&r=g","contentUrl":"https:\/\/secure.gravatar.com\/avatar\/37d968a2e67a6fd04c169c4bdef102d0bc5d31b2546345219e348575eb80e9a0?s=96&d=mm&r=g","caption":"redazione"},"sameAs":["http:\/\/www.bellunopress.it","https:\/\/x.com\/bellunopress"],"url":"https:\/\/www.bellunopress.it\/fr\/author\/redazione\/"}]}},"_links":{"self":[{"href":"https:\/\/www.bellunopress.it\/fr\/wp-json\/wp\/v2\/posts\/151815","targetHints":{"allow":["GET"]}}],"collection":[{"href":"https:\/\/www.bellunopress.it\/fr\/wp-json\/wp\/v2\/posts"}],"about":[{"href":"https:\/\/www.bellunopress.it\/fr\/wp-json\/wp\/v2\/types\/post"}],"author":[{"embeddable":true,"href":"https:\/\/www.bellunopress.it\/fr\/wp-json\/wp\/v2\/users\/2"}],"replies":[{"embeddable":true,"href":"https:\/\/www.bellunopress.it\/fr\/wp-json\/wp\/v2\/comments?post=151815"}],"version-history":[{"count":1,"href":"https:\/\/www.bellunopress.it\/fr\/wp-json\/wp\/v2\/posts\/151815\/revisions"}],"predecessor-version":[{"id":151818,"href":"https:\/\/www.bellunopress.it\/fr\/wp-json\/wp\/v2\/posts\/151815\/revisions\/151818"}],"wp:featuredmedia":[{"embeddable":true,"href":"https:\/\/www.bellunopress.it\/fr\/wp-json\/wp\/v2\/media\/151816"}],"wp:attachment":[{"href":"https:\/\/www.bellunopress.it\/fr\/wp-json\/wp\/v2\/media?parent=151815"}],"wp:term":[{"taxonomy":"category","embeddable":true,"href":"https:\/\/www.bellunopress.it\/fr\/wp-json\/wp\/v2\/categories?post=151815"},{"taxonomy":"post_tag","embeddable":true,"href":"https:\/\/www.bellunopress.it\/fr\/wp-json\/wp\/v2\/tags?post=151815"}],"curies":[{"name":"wp","href":"https:\/\/api.w.org\/{rel}","templated":true}]}}