{"id":151813,"date":"2024-06-26T11:11:16","date_gmt":"2024-06-26T09:11:16","guid":{"rendered":"https:\/\/www.bellunopress.it\/?p=151813"},"modified":"2024-06-26T11:11:16","modified_gmt":"2024-06-26T09:11:16","slug":"vinovip-cortina-2024-il-14-e-15-luglio-torna-levento-biennale-di-civilta-del-bere","status":"publish","type":"post","link":"https:\/\/www.bellunopress.it\/fr\/2024\/06\/26\/vinovip-cortina-2024-il-14-e-15-luglio-torna-levento-biennale-di-civilta-del-bere\/","title":{"rendered":"VinoVip Cortina 2024: il 14 e 15 luglio torna l&#8217;evento biennale di Civilt\u00e0 del bere"},"content":{"rendered":"<p><img loading=\"lazy\" decoding=\"async\" class=\"alignleft size-full wp-image-134991\" src=\"https:\/\/www.bellunopress.it\/wp-content\/uploads\/2022\/07\/vinovip_edited.jpg\" alt=\"\" width=\"1000\" height=\"562\" srcset=\"https:\/\/www.bellunopress.it\/wp-content\/uploads\/2022\/07\/vinovip_edited.jpg 1000w, https:\/\/www.bellunopress.it\/wp-content\/uploads\/2022\/07\/vinovip_edited-500x281.jpg 500w, https:\/\/www.bellunopress.it\/wp-content\/uploads\/2022\/07\/vinovip_edited-696x391.jpg 696w, https:\/\/www.bellunopress.it\/wp-content\/uploads\/2022\/07\/vinovip_edited-747x420.jpg 747w\" sizes=\"auto, (max-width: 1000px) 100vw, 1000px\" \/>Tra gli appuntamenti il talk dedicato alla resistenza, tra crisi climatica, geopolitica e proibizionismo, una masterclass di confronto tra Cabernet Franc e Cabernet Sauvignon e il ritorno del wine tasting al Rifugio Faloria con 180 etichette raccontate direttamente dai produttori.<\/p>\n<p>A Cortina d&#8217;Ampezzo torna l&#8217;appuntamento con i grandi nomi del vino italiano: domenica 14 e luned\u00ec 15 luglio la perla delle Dolomiti ospiter\u00e0 la quattordicesima edizione di VinoVip Cortina, evento biennale della storica rivista Civilt\u00e0 del bere diretta da Alessandro Torcoli.<\/p>\n<p>Il summit, patrocinato dal Comune di Cortina d&#8217;Ampezzo, accoglier\u00e0 60 cantine leader dell&#8217;enologia italiana, che si confronteranno sul futuro del mondo del vino, con dibattiti e degustazioni aperte sia ai professionisti del settore che ai wine lovers.<\/p>\n<p>Ad aprire la due giorni sar\u00e0 il talk show Resistenza! alle 15.30 di domenica 14 luglio presso l&#8217;Alexander Girardi Hall. Il momento di approfondimento ha un titolo particolarmente provocatorio e mira a indagare le tematiche pi\u00f9 calde riguardanti la sopravvivenza della &#8220;civilt\u00e0 del bere&#8221;. Dalle tendenze proibizioniste di alcuni Paesi che negano il valore culturale del vino, alle migliori politiche da adottare per la risposta al cambiamento climatico che mette sempre pi\u00f9 a rischio la viticoltura in diverse zone del mondo, fino alle politiche commerciali pi\u00f9 adatte a scenari economici e geopolitici sempre pi\u00f9 complessi.<\/p>\n<p>A conclusione, come da tradizione, sar\u00e0 consegnato il Premio Khail 2024, riconoscimento intitolato al fondatore di Civilt\u00e0 del bere e destinato a un personaggio che si \u00e8 distinto nella valorizzazione del vino italiano nel mondo.<\/p>\n<p>L&#8217;ingresso al talk \u00e8 gratuito fino a esaurimento posti.<\/p>\n<p>Durante la giornata di luned\u00ec 15 luglio lo spazio sar\u00e0 tutto per gli approfondimenti enologici e le degustazioni.<\/p>\n<p>Alle 9.30 la mattinata si apre al Grand Hotel Savoia con Cabernet vs Cabernet: un evento speciale (convegno pi\u00f9 walk-around tasting fino alle 13.30) dedicato ai &#8220;fratelli&#8221; Sauvignon e Franc, due grandi vitigni internazionali alla base del successo di alcuni tra i vini pi\u00f9 apprezzati al mondo. Si indagheranno la dialettica tra i due e le loro differenze in termini enologici e viticoli con il coinvolgimento di grandi esperti in materia, passando poi alla prova sensoriale con l&#8217;assaggio di eccellenti versioni dell&#8217;uno dell&#8217;altro vitigno, oltre a qualche alleanza particolarmente riuscita.<\/p>\n<p>(Biglietto d&#8217;ingresso: 40 euro)<\/p>\n<p>Si prosegue nel pomeriggio con l&#8217;evento clou di VinoVip Cortina, il Wine tasting delle Aquile. Dalle 15.30 alle 19.00 (ingresso fino alle 17.30) torna la speciale degustazione ad alta quota presso il Rifugio Faloria (2.123 m slm), con vista mozzafiato sulle Dolomiti ampezzane. 180 etichette italiane simbolo del bere di qualit\u00e0, tra vini e distillati, grandi classici ed eccezionali novit\u00e0, raccontate direttamente dai loro creatori.<\/p>\n<p>(Biglietto d&#8217;ingresso, compresa funivia: 50 euro)<\/p>\n<p>Informazioni e prevendite sono gi\u00e0 disponibili sul sito www.vinovipcortina.it<\/p>\n<p>&nbsp;<\/p>\n<p><strong>Le aziende protagoniste<\/strong><\/p>\n<p>Marchesi Antinori, Argiolas, Banfi, Berlucchi Franciacorta, Bortolomiol, Le Caniette, Casale del Giglio, Castagner, Castello del Terriccio, Castello di Querceto, Cesarini Sforza, Cleto Chiarli, Citra Vini, Nododivino, Collavini, Dei, El\u00e8va, F\u00e8lsina, Fontanafredda, Fonzone, Isole e Olena, Leone de Castris, Livon, Cantine Lvnae, Lungarotti, Mandrarossa, Le Manzane, Masciarelli, Masi Agricola, Tenuta Meraviglia, Mezzacorona, Monteverro, Montezovo, Nino Franco, Nino Negri, Pasqua Vini, Pio Cesare, Planeta, Poggio al Tesoro, PuntoZero, Quintodecimo, Rocca delle Mac\u00ece, Rottensteiner, Ruffino, Tenuta San Guido, San Marzano, Tenuta Santa Caterina, Santa Margherita, Cantina Santadi, Santi, Tedeschi, Cantina Terlano &#8211; Andriano, Tommasi Family Estates, Umani Ronchi, Velenosi, La Viarte, Villa Bogdano 1880, Villa Sandi, Vite Colte, Zenato, Zorzettig<\/p>","protected":false},"excerpt":{"rendered":"<p>Tra gli appuntamenti il talk dedicato alla resistenza, tra crisi climatica, geopolitica e proibizionismo, una masterclass di confronto tra Cabernet Franc e Cabernet Sauvignon e il ritorno del wine tasting al Rifugio Faloria con 180 etichette raccontate direttamente dai produttori. A Cortina d&#8217;Ampezzo torna l&#8217;appuntamento con i grandi nomi del vino italiano: domenica 14 e [&hellip;]<\/p>\n","protected":false},"author":2,"featured_media":134991,"comment_status":"closed","ping_status":"open","sticky":false,"template":"","format":"standard","meta":{"footnotes":""},"categories":[25,4],"tags":[],"class_list":["post-151813","post","type-post","status-publish","format-standard","has-post-thumbnail","category-pausa-caffe","category-sport"],"yoast_head":"<!-- This site is optimized with the Yoast SEO plugin v28.4 - https:\/\/yoast.com\/product\/yoast-seo-wordpress\/ -->\n<title>VinoVip Cortina 2024: il 14 e 15 luglio torna l&#039;evento biennale di Civilt\u00e0 del bere - Bellunopress - Dolomiti<\/title>\n<meta name=\"robots\" content=\"index, follow, max-snippet:-1, max-image-preview:large, max-video-preview:-1\" \/>\n<link rel=\"canonical\" href=\"https:\/\/www.bellunopress.it\/fr\/2024\/06\/26\/vinovip-cortina-2024-il-14-e-15-luglio-torna-levento-biennale-di-civilta-del-bere\/\" \/>\n<meta property=\"og:locale\" content=\"fr_FR\" \/>\n<meta property=\"og:type\" content=\"article\" \/>\n<meta property=\"og:title\" content=\"VinoVip Cortina 2024: il 14 e 15 luglio torna l&#039;evento biennale di Civilt\u00e0 del bere - Bellunopress - Dolomiti\" \/>\n<meta property=\"og:description\" content=\"Tra gli appuntamenti il talk dedicato alla resistenza, tra crisi climatica, geopolitica e proibizionismo, una masterclass di confronto tra Cabernet Franc e Cabernet Sauvignon e il ritorno del wine tasting al Rifugio Faloria con 180 etichette raccontate direttamente dai produttori. A Cortina d&#8217;Ampezzo torna l&#8217;appuntamento con i grandi nomi del vino italiano: domenica 14 e [&hellip;]\" \/>\n<meta property=\"og:url\" content=\"https:\/\/www.bellunopress.it\/fr\/2024\/06\/26\/vinovip-cortina-2024-il-14-e-15-luglio-torna-levento-biennale-di-civilta-del-bere\/\" \/>\n<meta property=\"og:site_name\" content=\"Bellunopress - Dolomiti\" \/>\n<meta property=\"article:publisher\" content=\"https:\/\/www.facebook.com\/profile.php?id=100008943462799\" \/>\n<meta property=\"article:published_time\" content=\"2024-06-26T09:11:16+00:00\" \/>\n<meta property=\"og:image\" content=\"https:\/\/www.bellunopress.it\/wp-content\/uploads\/2022\/07\/vinovip_edited.jpg\" \/>\n\t<meta property=\"og:image:width\" content=\"1000\" \/>\n\t<meta property=\"og:image:height\" content=\"562\" \/>\n\t<meta property=\"og:image:type\" content=\"image\/jpeg\" \/>\n<meta name=\"author\" content=\"redazione\" \/>\n<meta name=\"twitter:card\" content=\"summary_large_image\" \/>\n<meta name=\"twitter:creator\" content=\"@bellunopress\" \/>\n<meta name=\"twitter:site\" content=\"@bellunopress\" \/>\n<meta name=\"twitter:label1\" content=\"\u00c9crit par\" \/>\n\t<meta name=\"twitter:data1\" content=\"redazione\" \/>\n\t<meta name=\"twitter:label2\" content=\"Dur\u00e9e de lecture estim\u00e9e\" \/>\n\t<meta name=\"twitter:data2\" content=\"3 minutes\" \/>\n<script type=\"application\/ld+json\" class=\"yoast-schema-graph\">{\"@context\":\"https:\\\/\\\/schema.org\",\"@graph\":[{\"@type\":\"Article\",\"@id\":\"https:\\\/\\\/www.bellunopress.it\\\/2024\\\/06\\\/26\\\/vinovip-cortina-2024-il-14-e-15-luglio-torna-levento-biennale-di-civilta-del-bere\\\/#article\",\"isPartOf\":{\"@id\":\"https:\\\/\\\/www.bellunopress.it\\\/2024\\\/06\\\/26\\\/vinovip-cortina-2024-il-14-e-15-luglio-torna-levento-biennale-di-civilta-del-bere\\\/\"},\"author\":{\"name\":\"redazione\",\"@id\":\"https:\\\/\\\/www.bellunopress.it\\\/#\\\/schema\\\/person\\\/79bb06722b37ece1c03d3e94beb30d73\"},\"headline\":\"VinoVip Cortina 2024: il 14 e 15 luglio torna l&#8217;evento biennale di Civilt\u00e0 del bere\",\"datePublished\":\"2024-06-26T09:11:16+00:00\",\"mainEntityOfPage\":{\"@id\":\"https:\\\/\\\/www.bellunopress.it\\\/2024\\\/06\\\/26\\\/vinovip-cortina-2024-il-14-e-15-luglio-torna-levento-biennale-di-civilta-del-bere\\\/\"},\"wordCount\":570,\"publisher\":{\"@id\":\"https:\\\/\\\/www.bellunopress.it\\\/#organization\"},\"image\":{\"@id\":\"https:\\\/\\\/www.bellunopress.it\\\/2024\\\/06\\\/26\\\/vinovip-cortina-2024-il-14-e-15-luglio-torna-levento-biennale-di-civilta-del-bere\\\/#primaryimage\"},\"thumbnailUrl\":\"https:\\\/\\\/www.bellunopress.it\\\/wp-content\\\/uploads\\\/2022\\\/07\\\/vinovip_edited.jpg\",\"articleSection\":[\"Pausa Caff\u00e8\",\"Sport, tempo libero\"],\"inLanguage\":\"fr-FR\"},{\"@type\":\"WebPage\",\"@id\":\"https:\\\/\\\/www.bellunopress.it\\\/2024\\\/06\\\/26\\\/vinovip-cortina-2024-il-14-e-15-luglio-torna-levento-biennale-di-civilta-del-bere\\\/\",\"url\":\"https:\\\/\\\/www.bellunopress.it\\\/2024\\\/06\\\/26\\\/vinovip-cortina-2024-il-14-e-15-luglio-torna-levento-biennale-di-civilta-del-bere\\\/\",\"name\":\"VinoVip Cortina 2024: il 14 e 15 luglio torna l'evento biennale di Civilt\u00e0 del bere - Bellunopress - Dolomiti\",\"isPartOf\":{\"@id\":\"https:\\\/\\\/www.bellunopress.it\\\/#website\"},\"primaryImageOfPage\":{\"@id\":\"https:\\\/\\\/www.bellunopress.it\\\/2024\\\/06\\\/26\\\/vinovip-cortina-2024-il-14-e-15-luglio-torna-levento-biennale-di-civilta-del-bere\\\/#primaryimage\"},\"image\":{\"@id\":\"https:\\\/\\\/www.bellunopress.it\\\/2024\\\/06\\\/26\\\/vinovip-cortina-2024-il-14-e-15-luglio-torna-levento-biennale-di-civilta-del-bere\\\/#primaryimage\"},\"thumbnailUrl\":\"https:\\\/\\\/www.bellunopress.it\\\/wp-content\\\/uploads\\\/2022\\\/07\\\/vinovip_edited.jpg\",\"datePublished\":\"2024-06-26T09:11:16+00:00\",\"breadcrumb\":{\"@id\":\"https:\\\/\\\/www.bellunopress.it\\\/2024\\\/06\\\/26\\\/vinovip-cortina-2024-il-14-e-15-luglio-torna-levento-biennale-di-civilta-del-bere\\\/#breadcrumb\"},\"inLanguage\":\"fr-FR\",\"potentialAction\":[{\"@type\":\"ReadAction\",\"target\":[\"https:\\\/\\\/www.bellunopress.it\\\/2024\\\/06\\\/26\\\/vinovip-cortina-2024-il-14-e-15-luglio-torna-levento-biennale-di-civilta-del-bere\\\/\"]}]},{\"@type\":\"ImageObject\",\"inLanguage\":\"fr-FR\",\"@id\":\"https:\\\/\\\/www.bellunopress.it\\\/2024\\\/06\\\/26\\\/vinovip-cortina-2024-il-14-e-15-luglio-torna-levento-biennale-di-civilta-del-bere\\\/#primaryimage\",\"url\":\"https:\\\/\\\/www.bellunopress.it\\\/wp-content\\\/uploads\\\/2022\\\/07\\\/vinovip_edited.jpg\",\"contentUrl\":\"https:\\\/\\\/www.bellunopress.it\\\/wp-content\\\/uploads\\\/2022\\\/07\\\/vinovip_edited.jpg\",\"width\":1000,\"height\":562},{\"@type\":\"BreadcrumbList\",\"@id\":\"https:\\\/\\\/www.bellunopress.it\\\/2024\\\/06\\\/26\\\/vinovip-cortina-2024-il-14-e-15-luglio-torna-levento-biennale-di-civilta-del-bere\\\/#breadcrumb\",\"itemListElement\":[{\"@type\":\"ListItem\",\"position\":1,\"name\":\"Home\",\"item\":\"https:\\\/\\\/www.bellunopress.it\\\/\"},{\"@type\":\"ListItem\",\"position\":2,\"name\":\"VinoVip Cortina 2024: il 14 e 15 luglio torna l&#8217;evento biennale di Civilt\u00e0 del bere\"}]},{\"@type\":\"WebSite\",\"@id\":\"https:\\\/\\\/www.bellunopress.it\\\/#website\",\"url\":\"https:\\\/\\\/www.bellunopress.it\\\/\",\"name\":\"Bellunopress - Dolomiti\",\"description\":\"e-mail: redazione@bellunopress.it\",\"publisher\":{\"@id\":\"https:\\\/\\\/www.bellunopress.it\\\/#organization\"},\"potentialAction\":[{\"@type\":\"SearchAction\",\"target\":{\"@type\":\"EntryPoint\",\"urlTemplate\":\"https:\\\/\\\/www.bellunopress.it\\\/?s={search_term_string}\"},\"query-input\":{\"@type\":\"PropertyValueSpecification\",\"valueRequired\":true,\"valueName\":\"search_term_string\"}}],\"inLanguage\":\"fr-FR\"},{\"@type\":\"Organization\",\"@id\":\"https:\\\/\\\/www.bellunopress.it\\\/#organization\",\"name\":\"Bellunopress\",\"url\":\"https:\\\/\\\/www.bellunopress.it\\\/\",\"logo\":{\"@type\":\"ImageObject\",\"inLanguage\":\"fr-FR\",\"@id\":\"https:\\\/\\\/www.bellunopress.it\\\/#\\\/schema\\\/logo\\\/image\\\/\",\"url\":\"https:\\\/\\\/www.bellunopress.it\\\/wp-content\\\/uploads\\\/2011\\\/05\\\/cropped-logo-bellunopress-.jpg\",\"contentUrl\":\"https:\\\/\\\/www.bellunopress.it\\\/wp-content\\\/uploads\\\/2011\\\/05\\\/cropped-logo-bellunopress-.jpg\",\"width\":512,\"height\":512,\"caption\":\"Bellunopress\"},\"image\":{\"@id\":\"https:\\\/\\\/www.bellunopress.it\\\/#\\\/schema\\\/logo\\\/image\\\/\"},\"sameAs\":[\"https:\\\/\\\/www.facebook.com\\\/profile.php?id=100008943462799\",\"https:\\\/\\\/x.com\\\/bellunopress\",\"https:\\\/\\\/www.linkedin.com\\\/hp\\\/?dnr=JBzUWaJfMUw8vbXJJ2tVW5-I3jZKvC4wsoxE&amp;amp;amp;amp;amp;amp;trk=nav_responsive_tab_home\",\"https:\\\/\\\/www.youtube.com\\\/channel\\\/UCxL0wu1uN0_3_7hGG0306cw\"]},{\"@type\":\"Person\",\"@id\":\"https:\\\/\\\/www.bellunopress.it\\\/#\\\/schema\\\/person\\\/79bb06722b37ece1c03d3e94beb30d73\",\"name\":\"redazione\",\"image\":{\"@type\":\"ImageObject\",\"inLanguage\":\"fr-FR\",\"@id\":\"https:\\\/\\\/secure.gravatar.com\\\/avatar\\\/37d968a2e67a6fd04c169c4bdef102d0bc5d31b2546345219e348575eb80e9a0?s=96&d=mm&r=g\",\"url\":\"https:\\\/\\\/secure.gravatar.com\\\/avatar\\\/37d968a2e67a6fd04c169c4bdef102d0bc5d31b2546345219e348575eb80e9a0?s=96&d=mm&r=g\",\"contentUrl\":\"https:\\\/\\\/secure.gravatar.com\\\/avatar\\\/37d968a2e67a6fd04c169c4bdef102d0bc5d31b2546345219e348575eb80e9a0?s=96&d=mm&r=g\",\"caption\":\"redazione\"},\"sameAs\":[\"http:\\\/\\\/www.bellunopress.it\",\"https:\\\/\\\/x.com\\\/bellunopress\"],\"url\":\"https:\\\/\\\/www.bellunopress.it\\\/fr\\\/author\\\/redazione\\\/\"}]}<\/script>\n<!-- \/ Yoast SEO plugin. -->","yoast_head_json":{"title":"VinoVip Cortina 2024: il 14 e 15 luglio torna l'evento biennale di Civilt\u00e0 del bere - Bellunopress - Dolomiti","robots":{"index":"index","follow":"follow","max-snippet":"max-snippet:-1","max-image-preview":"max-image-preview:large","max-video-preview":"max-video-preview:-1"},"canonical":"https:\/\/www.bellunopress.it\/fr\/2024\/06\/26\/vinovip-cortina-2024-il-14-e-15-luglio-torna-levento-biennale-di-civilta-del-bere\/","og_locale":"fr_FR","og_type":"article","og_title":"VinoVip Cortina 2024: il 14 e 15 luglio torna l'evento biennale di Civilt\u00e0 del bere - Bellunopress - Dolomiti","og_description":"Tra gli appuntamenti il talk dedicato alla resistenza, tra crisi climatica, geopolitica e proibizionismo, una masterclass di confronto tra Cabernet Franc e Cabernet Sauvignon e il ritorno del wine tasting al Rifugio Faloria con 180 etichette raccontate direttamente dai produttori. A Cortina d&#8217;Ampezzo torna l&#8217;appuntamento con i grandi nomi del vino italiano: domenica 14 e [&hellip;]","og_url":"https:\/\/www.bellunopress.it\/fr\/2024\/06\/26\/vinovip-cortina-2024-il-14-e-15-luglio-torna-levento-biennale-di-civilta-del-bere\/","og_site_name":"Bellunopress - Dolomiti","article_publisher":"https:\/\/www.facebook.com\/profile.php?id=100008943462799","article_published_time":"2024-06-26T09:11:16+00:00","og_image":[{"width":1000,"height":562,"url":"https:\/\/www.bellunopress.it\/wp-content\/uploads\/2022\/07\/vinovip_edited.jpg","type":"image\/jpeg"}],"author":"redazione","twitter_card":"summary_large_image","twitter_creator":"@bellunopress","twitter_site":"@bellunopress","twitter_misc":{"\u00c9crit par":"redazione","Dur\u00e9e de lecture estim\u00e9e":"3 minutes"},"schema":{"@context":"https:\/\/schema.org","@graph":[{"@type":"Article","@id":"https:\/\/www.bellunopress.it\/2024\/06\/26\/vinovip-cortina-2024-il-14-e-15-luglio-torna-levento-biennale-di-civilta-del-bere\/#article","isPartOf":{"@id":"https:\/\/www.bellunopress.it\/2024\/06\/26\/vinovip-cortina-2024-il-14-e-15-luglio-torna-levento-biennale-di-civilta-del-bere\/"},"author":{"name":"redazione","@id":"https:\/\/www.bellunopress.it\/#\/schema\/person\/79bb06722b37ece1c03d3e94beb30d73"},"headline":"VinoVip Cortina 2024: il 14 e 15 luglio torna l&#8217;evento biennale di Civilt\u00e0 del bere","datePublished":"2024-06-26T09:11:16+00:00","mainEntityOfPage":{"@id":"https:\/\/www.bellunopress.it\/2024\/06\/26\/vinovip-cortina-2024-il-14-e-15-luglio-torna-levento-biennale-di-civilta-del-bere\/"},"wordCount":570,"publisher":{"@id":"https:\/\/www.bellunopress.it\/#organization"},"image":{"@id":"https:\/\/www.bellunopress.it\/2024\/06\/26\/vinovip-cortina-2024-il-14-e-15-luglio-torna-levento-biennale-di-civilta-del-bere\/#primaryimage"},"thumbnailUrl":"https:\/\/www.bellunopress.it\/wp-content\/uploads\/2022\/07\/vinovip_edited.jpg","articleSection":["Pausa Caff\u00e8","Sport, tempo libero"],"inLanguage":"fr-FR"},{"@type":"WebPage","@id":"https:\/\/www.bellunopress.it\/2024\/06\/26\/vinovip-cortina-2024-il-14-e-15-luglio-torna-levento-biennale-di-civilta-del-bere\/","url":"https:\/\/www.bellunopress.it\/2024\/06\/26\/vinovip-cortina-2024-il-14-e-15-luglio-torna-levento-biennale-di-civilta-del-bere\/","name":"VinoVip Cortina 2024: il 14 e 15 luglio torna l'evento biennale di Civilt\u00e0 del bere - Bellunopress - Dolomiti","isPartOf":{"@id":"https:\/\/www.bellunopress.it\/#website"},"primaryImageOfPage":{"@id":"https:\/\/www.bellunopress.it\/2024\/06\/26\/vinovip-cortina-2024-il-14-e-15-luglio-torna-levento-biennale-di-civilta-del-bere\/#primaryimage"},"image":{"@id":"https:\/\/www.bellunopress.it\/2024\/06\/26\/vinovip-cortina-2024-il-14-e-15-luglio-torna-levento-biennale-di-civilta-del-bere\/#primaryimage"},"thumbnailUrl":"https:\/\/www.bellunopress.it\/wp-content\/uploads\/2022\/07\/vinovip_edited.jpg","datePublished":"2024-06-26T09:11:16+00:00","breadcrumb":{"@id":"https:\/\/www.bellunopress.it\/2024\/06\/26\/vinovip-cortina-2024-il-14-e-15-luglio-torna-levento-biennale-di-civilta-del-bere\/#breadcrumb"},"inLanguage":"fr-FR","potentialAction":[{"@type":"ReadAction","target":["https:\/\/www.bellunopress.it\/2024\/06\/26\/vinovip-cortina-2024-il-14-e-15-luglio-torna-levento-biennale-di-civilta-del-bere\/"]}]},{"@type":"ImageObject","inLanguage":"fr-FR","@id":"https:\/\/www.bellunopress.it\/2024\/06\/26\/vinovip-cortina-2024-il-14-e-15-luglio-torna-levento-biennale-di-civilta-del-bere\/#primaryimage","url":"https:\/\/www.bellunopress.it\/wp-content\/uploads\/2022\/07\/vinovip_edited.jpg","contentUrl":"https:\/\/www.bellunopress.it\/wp-content\/uploads\/2022\/07\/vinovip_edited.jpg","width":1000,"height":562},{"@type":"BreadcrumbList","@id":"https:\/\/www.bellunopress.it\/2024\/06\/26\/vinovip-cortina-2024-il-14-e-15-luglio-torna-levento-biennale-di-civilta-del-bere\/#breadcrumb","itemListElement":[{"@type":"ListItem","position":1,"name":"Home","item":"https:\/\/www.bellunopress.it\/"},{"@type":"ListItem","position":2,"name":"VinoVip Cortina 2024: il 14 e 15 luglio torna l&#8217;evento biennale di Civilt\u00e0 del bere"}]},{"@type":"WebSite","@id":"https:\/\/www.bellunopress.it\/#website","url":"https:\/\/www.bellunopress.it\/","name":"Bellunopress - Dolomiti","description":"e-mail: redazione@bellunopress.it","publisher":{"@id":"https:\/\/www.bellunopress.it\/#organization"},"potentialAction":[{"@type":"SearchAction","target":{"@type":"EntryPoint","urlTemplate":"https:\/\/www.bellunopress.it\/?s={search_term_string}"},"query-input":{"@type":"PropertyValueSpecification","valueRequired":true,"valueName":"search_term_string"}}],"inLanguage":"fr-FR"},{"@type":"Organization","@id":"https:\/\/www.bellunopress.it\/#organization","name":"Bellunopress","url":"https:\/\/www.bellunopress.it\/","logo":{"@type":"ImageObject","inLanguage":"fr-FR","@id":"https:\/\/www.bellunopress.it\/#\/schema\/logo\/image\/","url":"https:\/\/www.bellunopress.it\/wp-content\/uploads\/2011\/05\/cropped-logo-bellunopress-.jpg","contentUrl":"https:\/\/www.bellunopress.it\/wp-content\/uploads\/2011\/05\/cropped-logo-bellunopress-.jpg","width":512,"height":512,"caption":"Bellunopress"},"image":{"@id":"https:\/\/www.bellunopress.it\/#\/schema\/logo\/image\/"},"sameAs":["https:\/\/www.facebook.com\/profile.php?id=100008943462799","https:\/\/x.com\/bellunopress","https:\/\/www.linkedin.com\/hp\/?dnr=JBzUWaJfMUw8vbXJJ2tVW5-I3jZKvC4wsoxE&amp;amp;amp;amp;amp;amp;trk=nav_responsive_tab_home","https:\/\/www.youtube.com\/channel\/UCxL0wu1uN0_3_7hGG0306cw"]},{"@type":"Person","@id":"https:\/\/www.bellunopress.it\/#\/schema\/person\/79bb06722b37ece1c03d3e94beb30d73","name":"r\u00e9daction","image":{"@type":"ImageObject","inLanguage":"fr-FR","@id":"https:\/\/secure.gravatar.com\/avatar\/37d968a2e67a6fd04c169c4bdef102d0bc5d31b2546345219e348575eb80e9a0?s=96&d=mm&r=g","url":"https:\/\/secure.gravatar.com\/avatar\/37d968a2e67a6fd04c169c4bdef102d0bc5d31b2546345219e348575eb80e9a0?s=96&d=mm&r=g","contentUrl":"https:\/\/secure.gravatar.com\/avatar\/37d968a2e67a6fd04c169c4bdef102d0bc5d31b2546345219e348575eb80e9a0?s=96&d=mm&r=g","caption":"redazione"},"sameAs":["http:\/\/www.bellunopress.it","https:\/\/x.com\/bellunopress"],"url":"https:\/\/www.bellunopress.it\/fr\/author\/redazione\/"}]}},"_links":{"self":[{"href":"https:\/\/www.bellunopress.it\/fr\/wp-json\/wp\/v2\/posts\/151813","targetHints":{"allow":["GET"]}}],"collection":[{"href":"https:\/\/www.bellunopress.it\/fr\/wp-json\/wp\/v2\/posts"}],"about":[{"href":"https:\/\/www.bellunopress.it\/fr\/wp-json\/wp\/v2\/types\/post"}],"author":[{"embeddable":true,"href":"https:\/\/www.bellunopress.it\/fr\/wp-json\/wp\/v2\/users\/2"}],"replies":[{"embeddable":true,"href":"https:\/\/www.bellunopress.it\/fr\/wp-json\/wp\/v2\/comments?post=151813"}],"version-history":[{"count":1,"href":"https:\/\/www.bellunopress.it\/fr\/wp-json\/wp\/v2\/posts\/151813\/revisions"}],"predecessor-version":[{"id":151814,"href":"https:\/\/www.bellunopress.it\/fr\/wp-json\/wp\/v2\/posts\/151813\/revisions\/151814"}],"wp:featuredmedia":[{"embeddable":true,"href":"https:\/\/www.bellunopress.it\/fr\/wp-json\/wp\/v2\/media\/134991"}],"wp:attachment":[{"href":"https:\/\/www.bellunopress.it\/fr\/wp-json\/wp\/v2\/media?parent=151813"}],"wp:term":[{"taxonomy":"category","embeddable":true,"href":"https:\/\/www.bellunopress.it\/fr\/wp-json\/wp\/v2\/categories?post=151813"},{"taxonomy":"post_tag","embeddable":true,"href":"https:\/\/www.bellunopress.it\/fr\/wp-json\/wp\/v2\/tags?post=151813"}],"curies":[{"name":"wp","href":"https:\/\/api.w.org\/{rel}","templated":true}]}}