{"id":151811,"date":"2024-06-26T08:31:13","date_gmt":"2024-06-26T06:31:13","guid":{"rendered":"https:\/\/www.bellunopress.it\/?p=151811"},"modified":"2024-06-26T08:31:13","modified_gmt":"2024-06-26T06:31:13","slug":"guardia-di-finanza-250mo-anniversario-della-fondazione-il-bilancio","status":"publish","type":"post","link":"https:\/\/www.bellunopress.it\/fr\/2024\/06\/26\/guardia-di-finanza-250mo-anniversario-della-fondazione-il-bilancio\/","title":{"rendered":"Guardia di Finanza, 250mo anniversario della fondazione. Il bilancio"},"content":{"rendered":"<figure id=\"attachment_113162\" aria-describedby=\"caption-attachment-113162\" style=\"width: 619px\" class=\"wp-caption alignleft\"><img loading=\"lazy\" decoding=\"async\" class=\"size-full wp-image-113162\" src=\"https:\/\/www.bellunopress.it\/wp-content\/uploads\/2020\/03\/Guardia-di-Finanza_edited.jpg\" alt=\"\" width=\"619\" height=\"800\" srcset=\"https:\/\/www.bellunopress.it\/wp-content\/uploads\/2020\/03\/Guardia-di-Finanza_edited.jpg 619w, https:\/\/www.bellunopress.it\/wp-content\/uploads\/2020\/03\/Guardia-di-Finanza_edited-387x500.jpg 387w, https:\/\/www.bellunopress.it\/wp-content\/uploads\/2020\/03\/Guardia-di-Finanza_edited-325x420.jpg 325w\" sizes=\"auto, (max-width: 619px) 100vw, 619px\" \/><figcaption id=\"caption-attachment-113162\" class=\"wp-caption-text\">Guardia di Finanza, Comando provinciale di Belluno di via Mezzaterra, n.5<\/figcaption><\/figure>\n<p>Belluno, 26 giugno 2024 &#8211; La Guardia di Finanza compie 250 anni. Le prime celebrazioni hanno preso il via oggi, nella sede di via Mezzaterra 5, quando il comandante Provinciale, colonnello Dario Guarino, il comandante del Nucleo P.E.F. di Belluno, tenente colonnello Francesco Riggio, e il comandante del Gruppo di Belluno, maggiore Marco Ghenda, hanno deposto una corona di alloro alla targa commemorativa in ricordo del \u201cFinanziere Terra De Zorzi Luigi\u201d, cui \u00e8 intitolata la caserma di Belluno.<\/p>\n<p>Alle ore 18:00, in piazza dei Martiri a Belluno, si celebrer\u00e0 il 250\u00b0 Anniversario della<br \/>\nFondazione del Corpo della Guardia di Finanza.<br \/>\nAlla cerimonia, che avverr\u00e0 alla presenza del comandante provinciale \u2013 colonnello Dario Guarino, prenderanno parte, tra gli altri, il prefetto di Belluno Mariano Savastano, il presidente della provincia di Belluno \u2013 Roberto Padrin, il sindaco di Belluno \u2013 Oscar De Pellegrin, il questore Francesco Zarilli, il comandante Provinciale dei Carabinieri colonnello Enrico Pigozzo e tutti i comandanti dei dipendenti Reparti territoriali dislocati nell\u2019intera provincia di Belluno, impreziosendone in tal modo l\u2019intensit\u00e0 ed il significato.<br \/>\nLa ricorrenza dell\u2019Anniversario di Fondazione rappresenta l\u2019occasione per tracciare il bilancio dell\u2019attivit\u00e0 svolta dalle Fiamme Gialle bellunesi sul territorio.<\/p>\n<p><strong>CRIMINALITA\u2019\u00a0<\/strong><br \/>\nNel 2023 e nei primi cinque mesi del 2024, le Fiamme Gialle bellunesi hanno eseguito oltre 2.200 interventi ispettivi e oltre 410 indagini per contrastare gli illeciti economico-finanziari e le infiltrazioni della criminalit\u00e0 nell\u2019economia: un impegno \u201ca tutto campo\u201d a tutela di famiglie e imprese, destinato ad intensificarsi ulteriormente per garantire la corretta destinazione delle risorse del Piano Nazionale di Ripresa e Resilienza.<\/p>\n<p><strong>CONTRASTO ALL\u2019EVASIONE, ALL\u2019ELUSIONE E ALLE FRODI FISCALI<\/strong><br \/>\nL\u2019attivit\u00e0 operativa nel settore del contrasto all\u2019evasione si \u00e8 concretizzata nell\u2019esecuzione di 425 interventi ispettivi e di 29 indagini delegate dalla magistratura ordinaria per contrastare gli illeciti economico finanziari e le infiltrazioni della criminalit\u00e0 nell\u2019economia.<br \/>\nLe attivit\u00e0 ispettive hanno consentito di individuare 166 evasori totali, ossia esercenti attivit\u00e0 d\u2019impresa o di lavoro autonomo completamente sconosciuti al fisco, e 108 lavoratori \u201cin nero\u201d o \u201cirregolari\u201d.<br \/>\nNell\u2019ambito dell\u2019azione a contrasto del lavoro sommerso, sono stati verbalizzati 43 datori di lavoro, di cui 2 denunciati per aver impiegato stranieri privi del permesso di soggiorno.<br \/>\nI soggetti denunciati per reati tributari sono 31, riscontrando condotte illecite soprattutto con riferimento all\u2019emissione di fatture o altri documenti per operazioni inesistenti (da parte di 10 societ\u00e0 cartiere), alla dichiarazione fraudolenta mediante uso di fatture o altri documenti per operazioni inesistenti (da parte di 5 societ\u00e0 beneficiarie\/utilizzatrici), all\u2019omessa dichiarazione, alla dichiarazione infedele, all\u2019occultamento o distruzione di beni e, infine, non da ultimo, all\u2019indebita compensazione.<br \/>\nAll\u2019esito di indagini delegate dall\u2019Autorit\u00e0 giudiziaria, sono stati inoltre cautelati e segnalati all\u2019Agenzia delle entrate crediti d\u2019imposta agevolativi in materia edilizia ed energetica inesistenti o ad elevato rischio fiscale, nonch\u00e9 sequestrati beni costituenti profitto dell\u2019evasione e delle frodi fiscali, per un valore di circa 1 milione di euro, a cui si aggiunge la proposta di sequestro di disponibilit\u00e0 finanziarie e beni immobili per un valore complessivo di circa 3 milioni di euro.<br \/>\nSono state avanzate 10 proposte di cessazione della partita Iva e di cancellazione dalla banca dati VIES nei confronti di soggetti economici connotati da profili di pericolosit\u00e0 fiscale.<br \/>\nIncessante l\u2019azione del controllo economico del territorio, con oltre 1.300 interventi volti alla prevenzione e contrasto di illeciti in materia di corrispettivi telematici, canone RAI, circolazione delle merci, nonch\u00e9 ad individuare manifestazioni di elevata capacit\u00e0<br \/>\ncontributiva.<\/p>\n<p><strong>TUTELA DELLA SPESA PUBBLICA<\/strong><br \/>\nL\u2019attivit\u00e0 della Guardia di Finanza nel comparto della tutela della spesa pubblica \u00e8 orientata a vigilare sul corretto utilizzo delle risorse nazionali e dell\u2019Unione europea per la realizzazione di interventi a sostegno di imprese e famiglie.<br \/>\nLe direttive operative impartite per il corrente anno mirano, in particolare, a consolidare il presidio dei progetti e degli investimenti finanziati con risorse del PNRR, anche in ragione del ruolo affidato al Corpo nell\u2019ambito del sistema di governance del Piano.<br \/>\nComplessivamente, in tale arco temporale, i Reparti operativi hanno svolto 107 interventi nel settore, cui si aggiungono 32 indagini delegate dalla magistratura nazionale \u2013 penale e\/o contabile \u2013 ed europea (EPPO), al cui esito sono stati denunciati all\u2019A.G. 16 soggetti, segnalando alla Corte dei Conti 1 responsabile in relazione all\u2019accertamento di danni erariali per oltre 3 milioni di euro in ambito sanitario.<br \/>\nIn materia di reddito di cittadinanza sono stati eseguiti 14 controlli, tutti selettivamente orientati grazie a mirate analisi di rischio sviluppate dalla Componente speciale, che hanno consentito di accertare contributi indebitamente richiesti e\/o percepiti per circa 40 mila euro e denunciare 2 responsabili.<br \/>\nLe frodi scoperte ai danni delle risorse comunitarie, nazionale e locali ammontano<br \/>\ncomplessivamente a circa 60 mila euro: oltre alle frodi in materia di reddito di cittadinanza, \u00e8 stata accertata anche l\u2019indebita percezione\/richiesta di 20 mila di incentivi a carico del bilancio nazionale (finanziamenti assistiti da garanzia statale).<br \/>\nIn tema di appalti, sono state monitorate procedure contrattuali per circa 1 milione di euro, di cui oltre 34 mila euro riferibili a investimenti finanziati con risorse del PNRR. Le attivit\u00e0 di controllo si sono concluse con la denuncia di 9 soggetti, coinvolti nell\u2019irregolare assegnazione di appalti per un valore di oltre 600 mila euro. Ammontano a circa 100 mila euro i provvedimenti cautelari reali eseguiti.<br \/>\nL\u2019azione del Corpo nel contrasto ai fenomeni corruttivi e ad altri delitti contro la Pubblica Amministrazione \u00e8 stata svolta facendo leva sulle peculiari potest\u00e0 investigative che connotano la polizia economico-finanziaria e sviluppando indagini strutturate, di natura tecnica, finanziaria e patrimoniale, volte a ricostruire le regie criminali e il ruolo dei soggetti coinvolti, denunciando, in tale comparto, 3 soggetti, tra i quali un Pubblico Ufficiale.<br \/>\nParticolare attenzione, poi, \u00e8 stata riservata all\u2019attuazione del P.N.R.R. &#8211; Piano Nazionale di Ripresa e Resilienza, settore di assoluta priorit\u00e0 nell\u2019ambito della missione istituzionale del Corpo in questo e nei prossimi anni.<br \/>\nAllo scopo di garantire un adeguato presidio di legalit\u00e0 a tutela di tali risorse, infatti, l\u2019azione ispettiva si \u00e8 concretizzata nell\u2019esecuzione di 58 interventi, per un ammontare complessivo di circa 9 milioni di euro di risorse PNRR sottoposte a controllo, soprattutto nel settore dei crediti d\u2019imposta (in relazione alle misure \u201cBeni strumentali 4.0\u201d e \u201cTurismo e Cultura 4.0\u201d) e dei finanziamenti\/contributi (in relazione alle misure \u201cParco Agrisolare\u201d, \u201cCreazione imprese femminili\u201d, \u201cRifinanziamento SIMEST\u201d, ecc.), nell\u2019intento di riscontrarne la legittimit\u00e0 alla percezione e, in alcuni casi, alla compensazione con altre imposte dovute dai soggetti economici operanti in<br \/>\nprovincia.<\/p>\n<p><strong>CONTRASTO ALLA CRIMINALITA\u2019 ORGANIZZATA ED ECONOMICO-FINANZIARIA<\/strong><br \/>\nIn materia di riciclaggio e autoriciclaggio sono stati eseguiti 6 interventi, che hanno portato alla denuncia di 11 persone e ad accertare condotte illecite per un valore di oltre 6 milioni di euro, nonch\u00e9 al sequestro di beni per un valore di oltre 800 mila euro, a cui si aggiungono proposte ablative patrimoniali per oltre 4,7 milioni di euro.<br \/>\nInoltre, \u00e8 stata data esecuzione a specifici interventi nei confronti di 9 operatori economici soggetti ad obblighi antiriciclaggio (operatori compro oro, money transfer, esercenti e distributori dei servizi di gioco, professionisti giuridico-contabili, operatori non finanziari), comminando sanzioni amministrative per un ammontare complessivo di 51 mila euro a carico di 5 soggetti.<br \/>\nSono state analizzate 50 segnalazioni di operazioni sospette, di cui 9 concluse con la<br \/>\ncontestazione di violazioni penali e\/o amministrative.<br \/>\nL\u2019azione di contrasto alla falsificazione monetaria e dei mezzi di pagamento ha consentito di sequestrare banconote false per un ammontare complessivo di circa 5 mila euro nei confronti di 45 soggetti.<br \/>\nNell\u2019ambito dei servizi a tutela dell\u2019economia, sono stati denunciati 6 soggetti, responsabili &#8211; a vario titolo &#8211; di reati societari, fallimentari e del codice della crisi d\u2019impresa, accertando distrazioni patrimoniali per circa 200 mila euro. Ammontano a circa 640 mila euro i beni e le utilit\u00e0 proposte per il sequestro.<br \/>\nA circa 100 mila euro ammontano, invece, le condotte estorsive accertate, con la contestuale denuncia di 1 soggetto.<br \/>\nNell\u2019ambito del contrasto al crimine organizzato, \u00e8 stata conclusa 1 indagine per trasferimento fraudolento di valori, proponendo alla competente A.G. il sequestro di beni ed utilit\u00e0 per un valore di circa 426 mila euro.<br \/>\nIn applicazione della normativa antimafia, sono stati sottoposti ad accertamenti patrimoniali 7 soggetti, conclusi con la proposta di sequestro di disponibilit\u00e0 finanziarie per un valore complessivo pari a circa 50 mila euro.<br \/>\nNell\u2019ambito dell\u2019attivit\u00e0 di prevenzione antimafia richiesta dai Prefetti, sono stati eseguiti 12 accessi ai cantieri di importanti opere infrastrutturali locali previste per le Olimpiadi invernali Milano \u2013 Cortina 2026.<br \/>\nNel periodo in esame, i Reparti del Corpo hanno sequestrato, in ambito locale, oltre 1 etto di sostanze stupefacenti, in prevalenza costituite da marijuana (70 gr.), hashish (34 gr.) e cocaina (1 gr.), denunciando all\u2019A.G. 5 soggetti (di cui 2 ignoti) e segnalandone 4 ai Prefetti.<br \/>\nIl contrasto ai traffici illeciti, in generale, viene assicurato anche nell\u2019ambito del Servizio \u201c117\u201d, oggetto di recenti interventi in campo operativo, addestrativo e tecnico-logistico, finalizzati a incrementare la prontezza operativa e l\u2019efficacia d\u2019intervento delle pattuglie sul territorio, a riscontro delle segnalazioni del cittadino.<br \/>\nSul versante della tutela del mercato dei beni e servizi, sono stati eseguiti 70 interventi e sviluppata 1 delega dell\u2019Autorit\u00e0 Giudiziaria, denunciando 3 persone e sanzionando amministrativamente altri 12 soggetti. A seguito di tali attivit\u00e0 sono stati sottoposti a sequestro circa 11.000 prodotti contraffatti e\/o non sicuri, nonch\u00e9 circa 400 kg di prodotti alimentari scaduti e\/o non correttamente conservati.<\/p>\n<p><strong>OPERAZIONI DI SOCCORSO E CONCORSO NEI SERVIZI DI ORDINE E SICUREZZA PUBBLICA<\/strong><br \/>\nLa Guardia di Finanza, quale Forza di Polizia e Corpo Armato dello Stato, \u00e8 annoverata tra le strutture operative del Servizio nazionale della protezione civile ed \u00e8 chiamata quindi a fronteggiare calamit\u00e0 e disastri naturali nonch\u00e9 a fornire il proprio apporto per eventi straordinari, che richiedono un intervento di carattere eccezionale dell\u2019apparato statale.<br \/>\nIn quest\u2019ottica gli interventi di assistenza, seppure di natura concorsuale rispetto ai prioritari compiti istituzionali, trovano sempre nel Corpo un pronto interlocutore capace di fornire risposte efficaci ad ogni esigenza, anche la pi\u00f9 imprevedibile. In tali circostanze il Corpo ha partecipato con veicoli e personale specializzato del Soccorso Alpino (S.A.G.F.) alle operazioni attivate dal Meccanismo nazionale di Protezione Civile.<br \/>\nNel 2023, le dipendenti Stazioni S.A.G.F. di Auronzo di Cadore e Cortina d\u2019Ampezzo hanno eseguito, in costante collaborazione con il C.N.S.A.S.-S.A.S.V. regionale, 177 interventi di soccorso che hanno permesso di portare in salvo 196 persone e recuperare 2 salme.<br \/>\nL\u2019attivit\u00e0 del comparto alpestre, che sta continuando anche nel 2024, ha consentito di eseguire ad oggi 94 interventi e salvare 97 persone.<br \/>\nL\u2019impegno concorsuale del Corpo nella tutela dell\u2019ordine e della sicurezza pubblica continua ad essere garantito, anche in ambito locale, nell\u2019ambito della gestione delle manifestazioni pubbliche e di eventi di particolare rilevanza.<br \/>\nNel 2023, i dipendenti Reparti hanno impiegato complessive 817 giornate\/uomo in servizi di ordine pubblico in occasione di manifestazioni, eventi sportivi, consessi internazionali e altri eventi.<br \/>\nTale impegno, che sta continuando anche nel 2024, ha portato ad un impiego complessivo, nei primi 5 mesi, di 648 giornate\/uomo in servizi di ordine pubblico.<\/p>","protected":false},"excerpt":{"rendered":"<p>Belluno, 26 giugno 2024 &#8211; La Guardia di Finanza compie 250 anni. Le prime celebrazioni hanno preso il via oggi, nella sede di via Mezzaterra 5, quando il comandante Provinciale, colonnello Dario Guarino, il comandante del Nucleo P.E.F. di Belluno, tenente colonnello Francesco Riggio, e il comandante del Gruppo di Belluno, maggiore Marco Ghenda, hanno [&hellip;]<\/p>\n","protected":false},"author":2,"featured_media":113162,"comment_status":"closed","ping_status":"open","sticky":false,"template":"","format":"standard","meta":{"footnotes":""},"categories":[26,8],"tags":[],"class_list":["post-151811","post","type-post","status-publish","format-standard","has-post-thumbnail","category-prima-pagina","category-societa-istituzioni"],"yoast_head":"<!-- This site is optimized with the Yoast SEO plugin v28.4 - https:\/\/yoast.com\/product\/yoast-seo-wordpress\/ -->\n<title>Guardia di Finanza, 250mo anniversario della fondazione. Il bilancio - Bellunopress - Dolomiti<\/title>\n<meta name=\"robots\" content=\"index, follow, max-snippet:-1, max-image-preview:large, max-video-preview:-1\" \/>\n<link rel=\"canonical\" href=\"https:\/\/www.bellunopress.it\/fr\/2024\/06\/26\/guardia-di-finanza-250mo-anniversario-della-fondazione-il-bilancio\/\" \/>\n<meta property=\"og:locale\" content=\"fr_FR\" \/>\n<meta property=\"og:type\" content=\"article\" \/>\n<meta property=\"og:title\" content=\"Guardia di Finanza, 250mo anniversario della fondazione. Il bilancio - Bellunopress - Dolomiti\" \/>\n<meta property=\"og:description\" content=\"Belluno, 26 giugno 2024 &#8211; La Guardia di Finanza compie 250 anni. Le prime celebrazioni hanno preso il via oggi, nella sede di via Mezzaterra 5, quando il comandante Provinciale, colonnello Dario Guarino, il comandante del Nucleo P.E.F. di Belluno, tenente colonnello Francesco Riggio, e il comandante del Gruppo di Belluno, maggiore Marco Ghenda, hanno [&hellip;]\" \/>\n<meta property=\"og:url\" content=\"https:\/\/www.bellunopress.it\/fr\/2024\/06\/26\/guardia-di-finanza-250mo-anniversario-della-fondazione-il-bilancio\/\" \/>\n<meta property=\"og:site_name\" content=\"Bellunopress - Dolomiti\" \/>\n<meta property=\"article:publisher\" content=\"https:\/\/www.facebook.com\/profile.php?id=100008943462799\" \/>\n<meta property=\"article:published_time\" content=\"2024-06-26T06:31:13+00:00\" \/>\n<meta property=\"og:image\" content=\"https:\/\/www.bellunopress.it\/wp-content\/uploads\/2020\/03\/Guardia-di-Finanza_edited.jpg\" \/>\n\t<meta property=\"og:image:width\" content=\"619\" \/>\n\t<meta property=\"og:image:height\" content=\"800\" \/>\n\t<meta property=\"og:image:type\" content=\"image\/jpeg\" \/>\n<meta name=\"author\" content=\"redazione\" \/>\n<meta name=\"twitter:card\" content=\"summary_large_image\" \/>\n<meta name=\"twitter:creator\" content=\"@bellunopress\" \/>\n<meta name=\"twitter:site\" content=\"@bellunopress\" \/>\n<meta name=\"twitter:label1\" content=\"\u00c9crit par\" \/>\n\t<meta name=\"twitter:data1\" content=\"redazione\" \/>\n\t<meta name=\"twitter:label2\" content=\"Dur\u00e9e de lecture estim\u00e9e\" \/>\n\t<meta name=\"twitter:data2\" content=\"9 minutes\" \/>\n<script type=\"application\/ld+json\" class=\"yoast-schema-graph\">{\"@context\":\"https:\\\/\\\/schema.org\",\"@graph\":[{\"@type\":\"Article\",\"@id\":\"https:\\\/\\\/www.bellunopress.it\\\/2024\\\/06\\\/26\\\/guardia-di-finanza-250mo-anniversario-della-fondazione-il-bilancio\\\/#article\",\"isPartOf\":{\"@id\":\"https:\\\/\\\/www.bellunopress.it\\\/2024\\\/06\\\/26\\\/guardia-di-finanza-250mo-anniversario-della-fondazione-il-bilancio\\\/\"},\"author\":{\"name\":\"redazione\",\"@id\":\"https:\\\/\\\/www.bellunopress.it\\\/#\\\/schema\\\/person\\\/79bb06722b37ece1c03d3e94beb30d73\"},\"headline\":\"Guardia di Finanza, 250mo anniversario della fondazione. Il bilancio\",\"datePublished\":\"2024-06-26T06:31:13+00:00\",\"mainEntityOfPage\":{\"@id\":\"https:\\\/\\\/www.bellunopress.it\\\/2024\\\/06\\\/26\\\/guardia-di-finanza-250mo-anniversario-della-fondazione-il-bilancio\\\/\"},\"wordCount\":1801,\"publisher\":{\"@id\":\"https:\\\/\\\/www.bellunopress.it\\\/#organization\"},\"image\":{\"@id\":\"https:\\\/\\\/www.bellunopress.it\\\/2024\\\/06\\\/26\\\/guardia-di-finanza-250mo-anniversario-della-fondazione-il-bilancio\\\/#primaryimage\"},\"thumbnailUrl\":\"https:\\\/\\\/www.bellunopress.it\\\/wp-content\\\/uploads\\\/2020\\\/03\\\/Guardia-di-Finanza_edited.jpg\",\"articleSection\":[\"Prima Pagina\",\"Societ\u00e0, Associazioni, Istituzioni\"],\"inLanguage\":\"fr-FR\"},{\"@type\":\"WebPage\",\"@id\":\"https:\\\/\\\/www.bellunopress.it\\\/2024\\\/06\\\/26\\\/guardia-di-finanza-250mo-anniversario-della-fondazione-il-bilancio\\\/\",\"url\":\"https:\\\/\\\/www.bellunopress.it\\\/2024\\\/06\\\/26\\\/guardia-di-finanza-250mo-anniversario-della-fondazione-il-bilancio\\\/\",\"name\":\"Guardia di Finanza, 250mo anniversario della fondazione. Il bilancio - Bellunopress - Dolomiti\",\"isPartOf\":{\"@id\":\"https:\\\/\\\/www.bellunopress.it\\\/#website\"},\"primaryImageOfPage\":{\"@id\":\"https:\\\/\\\/www.bellunopress.it\\\/2024\\\/06\\\/26\\\/guardia-di-finanza-250mo-anniversario-della-fondazione-il-bilancio\\\/#primaryimage\"},\"image\":{\"@id\":\"https:\\\/\\\/www.bellunopress.it\\\/2024\\\/06\\\/26\\\/guardia-di-finanza-250mo-anniversario-della-fondazione-il-bilancio\\\/#primaryimage\"},\"thumbnailUrl\":\"https:\\\/\\\/www.bellunopress.it\\\/wp-content\\\/uploads\\\/2020\\\/03\\\/Guardia-di-Finanza_edited.jpg\",\"datePublished\":\"2024-06-26T06:31:13+00:00\",\"breadcrumb\":{\"@id\":\"https:\\\/\\\/www.bellunopress.it\\\/2024\\\/06\\\/26\\\/guardia-di-finanza-250mo-anniversario-della-fondazione-il-bilancio\\\/#breadcrumb\"},\"inLanguage\":\"fr-FR\",\"potentialAction\":[{\"@type\":\"ReadAction\",\"target\":[\"https:\\\/\\\/www.bellunopress.it\\\/2024\\\/06\\\/26\\\/guardia-di-finanza-250mo-anniversario-della-fondazione-il-bilancio\\\/\"]}]},{\"@type\":\"ImageObject\",\"inLanguage\":\"fr-FR\",\"@id\":\"https:\\\/\\\/www.bellunopress.it\\\/2024\\\/06\\\/26\\\/guardia-di-finanza-250mo-anniversario-della-fondazione-il-bilancio\\\/#primaryimage\",\"url\":\"https:\\\/\\\/www.bellunopress.it\\\/wp-content\\\/uploads\\\/2020\\\/03\\\/Guardia-di-Finanza_edited.jpg\",\"contentUrl\":\"https:\\\/\\\/www.bellunopress.it\\\/wp-content\\\/uploads\\\/2020\\\/03\\\/Guardia-di-Finanza_edited.jpg\",\"width\":619,\"height\":800,\"caption\":\"Guardia di Finanza, Comando provinciale di Belluno di via Mezzaterra, n.5\"},{\"@type\":\"BreadcrumbList\",\"@id\":\"https:\\\/\\\/www.bellunopress.it\\\/2024\\\/06\\\/26\\\/guardia-di-finanza-250mo-anniversario-della-fondazione-il-bilancio\\\/#breadcrumb\",\"itemListElement\":[{\"@type\":\"ListItem\",\"position\":1,\"name\":\"Home\",\"item\":\"https:\\\/\\\/www.bellunopress.it\\\/\"},{\"@type\":\"ListItem\",\"position\":2,\"name\":\"Guardia di Finanza, 250mo anniversario della fondazione. Il bilancio\"}]},{\"@type\":\"WebSite\",\"@id\":\"https:\\\/\\\/www.bellunopress.it\\\/#website\",\"url\":\"https:\\\/\\\/www.bellunopress.it\\\/\",\"name\":\"Bellunopress - Dolomiti\",\"description\":\"e-mail: redazione@bellunopress.it\",\"publisher\":{\"@id\":\"https:\\\/\\\/www.bellunopress.it\\\/#organization\"},\"potentialAction\":[{\"@type\":\"SearchAction\",\"target\":{\"@type\":\"EntryPoint\",\"urlTemplate\":\"https:\\\/\\\/www.bellunopress.it\\\/?s={search_term_string}\"},\"query-input\":{\"@type\":\"PropertyValueSpecification\",\"valueRequired\":true,\"valueName\":\"search_term_string\"}}],\"inLanguage\":\"fr-FR\"},{\"@type\":\"Organization\",\"@id\":\"https:\\\/\\\/www.bellunopress.it\\\/#organization\",\"name\":\"Bellunopress\",\"url\":\"https:\\\/\\\/www.bellunopress.it\\\/\",\"logo\":{\"@type\":\"ImageObject\",\"inLanguage\":\"fr-FR\",\"@id\":\"https:\\\/\\\/www.bellunopress.it\\\/#\\\/schema\\\/logo\\\/image\\\/\",\"url\":\"https:\\\/\\\/www.bellunopress.it\\\/wp-content\\\/uploads\\\/2011\\\/05\\\/cropped-logo-bellunopress-.jpg\",\"contentUrl\":\"https:\\\/\\\/www.bellunopress.it\\\/wp-content\\\/uploads\\\/2011\\\/05\\\/cropped-logo-bellunopress-.jpg\",\"width\":512,\"height\":512,\"caption\":\"Bellunopress\"},\"image\":{\"@id\":\"https:\\\/\\\/www.bellunopress.it\\\/#\\\/schema\\\/logo\\\/image\\\/\"},\"sameAs\":[\"https:\\\/\\\/www.facebook.com\\\/profile.php?id=100008943462799\",\"https:\\\/\\\/x.com\\\/bellunopress\",\"https:\\\/\\\/www.linkedin.com\\\/hp\\\/?dnr=JBzUWaJfMUw8vbXJJ2tVW5-I3jZKvC4wsoxE&amp;amp;amp;amp;amp;amp;trk=nav_responsive_tab_home\",\"https:\\\/\\\/www.youtube.com\\\/channel\\\/UCxL0wu1uN0_3_7hGG0306cw\"]},{\"@type\":\"Person\",\"@id\":\"https:\\\/\\\/www.bellunopress.it\\\/#\\\/schema\\\/person\\\/79bb06722b37ece1c03d3e94beb30d73\",\"name\":\"redazione\",\"image\":{\"@type\":\"ImageObject\",\"inLanguage\":\"fr-FR\",\"@id\":\"https:\\\/\\\/secure.gravatar.com\\\/avatar\\\/37d968a2e67a6fd04c169c4bdef102d0bc5d31b2546345219e348575eb80e9a0?s=96&d=mm&r=g\",\"url\":\"https:\\\/\\\/secure.gravatar.com\\\/avatar\\\/37d968a2e67a6fd04c169c4bdef102d0bc5d31b2546345219e348575eb80e9a0?s=96&d=mm&r=g\",\"contentUrl\":\"https:\\\/\\\/secure.gravatar.com\\\/avatar\\\/37d968a2e67a6fd04c169c4bdef102d0bc5d31b2546345219e348575eb80e9a0?s=96&d=mm&r=g\",\"caption\":\"redazione\"},\"sameAs\":[\"http:\\\/\\\/www.bellunopress.it\",\"https:\\\/\\\/x.com\\\/bellunopress\"],\"url\":\"https:\\\/\\\/www.bellunopress.it\\\/fr\\\/author\\\/redazione\\\/\"}]}<\/script>\n<!-- \/ Yoast SEO plugin. -->","yoast_head_json":{"title":"Guardia di Finanza, 250mo anniversario della fondazione. Il bilancio - Bellunopress - Dolomiti","robots":{"index":"index","follow":"follow","max-snippet":"max-snippet:-1","max-image-preview":"max-image-preview:large","max-video-preview":"max-video-preview:-1"},"canonical":"https:\/\/www.bellunopress.it\/fr\/2024\/06\/26\/guardia-di-finanza-250mo-anniversario-della-fondazione-il-bilancio\/","og_locale":"fr_FR","og_type":"article","og_title":"Guardia di Finanza, 250mo anniversario della fondazione. Il bilancio - Bellunopress - Dolomiti","og_description":"Belluno, 26 giugno 2024 &#8211; La Guardia di Finanza compie 250 anni. Le prime celebrazioni hanno preso il via oggi, nella sede di via Mezzaterra 5, quando il comandante Provinciale, colonnello Dario Guarino, il comandante del Nucleo P.E.F. di Belluno, tenente colonnello Francesco Riggio, e il comandante del Gruppo di Belluno, maggiore Marco Ghenda, hanno [&hellip;]","og_url":"https:\/\/www.bellunopress.it\/fr\/2024\/06\/26\/guardia-di-finanza-250mo-anniversario-della-fondazione-il-bilancio\/","og_site_name":"Bellunopress - Dolomiti","article_publisher":"https:\/\/www.facebook.com\/profile.php?id=100008943462799","article_published_time":"2024-06-26T06:31:13+00:00","og_image":[{"width":619,"height":800,"url":"https:\/\/www.bellunopress.it\/wp-content\/uploads\/2020\/03\/Guardia-di-Finanza_edited.jpg","type":"image\/jpeg"}],"author":"redazione","twitter_card":"summary_large_image","twitter_creator":"@bellunopress","twitter_site":"@bellunopress","twitter_misc":{"\u00c9crit par":"redazione","Dur\u00e9e de lecture estim\u00e9e":"9 minutes"},"schema":{"@context":"https:\/\/schema.org","@graph":[{"@type":"Article","@id":"https:\/\/www.bellunopress.it\/2024\/06\/26\/guardia-di-finanza-250mo-anniversario-della-fondazione-il-bilancio\/#article","isPartOf":{"@id":"https:\/\/www.bellunopress.it\/2024\/06\/26\/guardia-di-finanza-250mo-anniversario-della-fondazione-il-bilancio\/"},"author":{"name":"redazione","@id":"https:\/\/www.bellunopress.it\/#\/schema\/person\/79bb06722b37ece1c03d3e94beb30d73"},"headline":"Guardia di Finanza, 250mo anniversario della fondazione. Il bilancio","datePublished":"2024-06-26T06:31:13+00:00","mainEntityOfPage":{"@id":"https:\/\/www.bellunopress.it\/2024\/06\/26\/guardia-di-finanza-250mo-anniversario-della-fondazione-il-bilancio\/"},"wordCount":1801,"publisher":{"@id":"https:\/\/www.bellunopress.it\/#organization"},"image":{"@id":"https:\/\/www.bellunopress.it\/2024\/06\/26\/guardia-di-finanza-250mo-anniversario-della-fondazione-il-bilancio\/#primaryimage"},"thumbnailUrl":"https:\/\/www.bellunopress.it\/wp-content\/uploads\/2020\/03\/Guardia-di-Finanza_edited.jpg","articleSection":["Prima Pagina","Societ\u00e0, Associazioni, Istituzioni"],"inLanguage":"fr-FR"},{"@type":"WebPage","@id":"https:\/\/www.bellunopress.it\/2024\/06\/26\/guardia-di-finanza-250mo-anniversario-della-fondazione-il-bilancio\/","url":"https:\/\/www.bellunopress.it\/2024\/06\/26\/guardia-di-finanza-250mo-anniversario-della-fondazione-il-bilancio\/","name":"Guardia di Finanza, 250mo anniversario della fondazione. Il bilancio - Bellunopress - Dolomiti","isPartOf":{"@id":"https:\/\/www.bellunopress.it\/#website"},"primaryImageOfPage":{"@id":"https:\/\/www.bellunopress.it\/2024\/06\/26\/guardia-di-finanza-250mo-anniversario-della-fondazione-il-bilancio\/#primaryimage"},"image":{"@id":"https:\/\/www.bellunopress.it\/2024\/06\/26\/guardia-di-finanza-250mo-anniversario-della-fondazione-il-bilancio\/#primaryimage"},"thumbnailUrl":"https:\/\/www.bellunopress.it\/wp-content\/uploads\/2020\/03\/Guardia-di-Finanza_edited.jpg","datePublished":"2024-06-26T06:31:13+00:00","breadcrumb":{"@id":"https:\/\/www.bellunopress.it\/2024\/06\/26\/guardia-di-finanza-250mo-anniversario-della-fondazione-il-bilancio\/#breadcrumb"},"inLanguage":"fr-FR","potentialAction":[{"@type":"ReadAction","target":["https:\/\/www.bellunopress.it\/2024\/06\/26\/guardia-di-finanza-250mo-anniversario-della-fondazione-il-bilancio\/"]}]},{"@type":"ImageObject","inLanguage":"fr-FR","@id":"https:\/\/www.bellunopress.it\/2024\/06\/26\/guardia-di-finanza-250mo-anniversario-della-fondazione-il-bilancio\/#primaryimage","url":"https:\/\/www.bellunopress.it\/wp-content\/uploads\/2020\/03\/Guardia-di-Finanza_edited.jpg","contentUrl":"https:\/\/www.bellunopress.it\/wp-content\/uploads\/2020\/03\/Guardia-di-Finanza_edited.jpg","width":619,"height":800,"caption":"Guardia di Finanza, Comando provinciale di Belluno di via Mezzaterra, n.5"},{"@type":"BreadcrumbList","@id":"https:\/\/www.bellunopress.it\/2024\/06\/26\/guardia-di-finanza-250mo-anniversario-della-fondazione-il-bilancio\/#breadcrumb","itemListElement":[{"@type":"ListItem","position":1,"name":"Home","item":"https:\/\/www.bellunopress.it\/"},{"@type":"ListItem","position":2,"name":"Guardia di Finanza, 250mo anniversario della fondazione. Il bilancio"}]},{"@type":"WebSite","@id":"https:\/\/www.bellunopress.it\/#website","url":"https:\/\/www.bellunopress.it\/","name":"Bellunopress - Dolomiti","description":"e-mail: redazione@bellunopress.it","publisher":{"@id":"https:\/\/www.bellunopress.it\/#organization"},"potentialAction":[{"@type":"SearchAction","target":{"@type":"EntryPoint","urlTemplate":"https:\/\/www.bellunopress.it\/?s={search_term_string}"},"query-input":{"@type":"PropertyValueSpecification","valueRequired":true,"valueName":"search_term_string"}}],"inLanguage":"fr-FR"},{"@type":"Organization","@id":"https:\/\/www.bellunopress.it\/#organization","name":"Bellunopress","url":"https:\/\/www.bellunopress.it\/","logo":{"@type":"ImageObject","inLanguage":"fr-FR","@id":"https:\/\/www.bellunopress.it\/#\/schema\/logo\/image\/","url":"https:\/\/www.bellunopress.it\/wp-content\/uploads\/2011\/05\/cropped-logo-bellunopress-.jpg","contentUrl":"https:\/\/www.bellunopress.it\/wp-content\/uploads\/2011\/05\/cropped-logo-bellunopress-.jpg","width":512,"height":512,"caption":"Bellunopress"},"image":{"@id":"https:\/\/www.bellunopress.it\/#\/schema\/logo\/image\/"},"sameAs":["https:\/\/www.facebook.com\/profile.php?id=100008943462799","https:\/\/x.com\/bellunopress","https:\/\/www.linkedin.com\/hp\/?dnr=JBzUWaJfMUw8vbXJJ2tVW5-I3jZKvC4wsoxE&amp;amp;amp;amp;amp;amp;trk=nav_responsive_tab_home","https:\/\/www.youtube.com\/channel\/UCxL0wu1uN0_3_7hGG0306cw"]},{"@type":"Person","@id":"https:\/\/www.bellunopress.it\/#\/schema\/person\/79bb06722b37ece1c03d3e94beb30d73","name":"r\u00e9daction","image":{"@type":"ImageObject","inLanguage":"fr-FR","@id":"https:\/\/secure.gravatar.com\/avatar\/37d968a2e67a6fd04c169c4bdef102d0bc5d31b2546345219e348575eb80e9a0?s=96&d=mm&r=g","url":"https:\/\/secure.gravatar.com\/avatar\/37d968a2e67a6fd04c169c4bdef102d0bc5d31b2546345219e348575eb80e9a0?s=96&d=mm&r=g","contentUrl":"https:\/\/secure.gravatar.com\/avatar\/37d968a2e67a6fd04c169c4bdef102d0bc5d31b2546345219e348575eb80e9a0?s=96&d=mm&r=g","caption":"redazione"},"sameAs":["http:\/\/www.bellunopress.it","https:\/\/x.com\/bellunopress"],"url":"https:\/\/www.bellunopress.it\/fr\/author\/redazione\/"}]}},"_links":{"self":[{"href":"https:\/\/www.bellunopress.it\/fr\/wp-json\/wp\/v2\/posts\/151811","targetHints":{"allow":["GET"]}}],"collection":[{"href":"https:\/\/www.bellunopress.it\/fr\/wp-json\/wp\/v2\/posts"}],"about":[{"href":"https:\/\/www.bellunopress.it\/fr\/wp-json\/wp\/v2\/types\/post"}],"author":[{"embeddable":true,"href":"https:\/\/www.bellunopress.it\/fr\/wp-json\/wp\/v2\/users\/2"}],"replies":[{"embeddable":true,"href":"https:\/\/www.bellunopress.it\/fr\/wp-json\/wp\/v2\/comments?post=151811"}],"version-history":[{"count":1,"href":"https:\/\/www.bellunopress.it\/fr\/wp-json\/wp\/v2\/posts\/151811\/revisions"}],"predecessor-version":[{"id":151812,"href":"https:\/\/www.bellunopress.it\/fr\/wp-json\/wp\/v2\/posts\/151811\/revisions\/151812"}],"wp:featuredmedia":[{"embeddable":true,"href":"https:\/\/www.bellunopress.it\/fr\/wp-json\/wp\/v2\/media\/113162"}],"wp:attachment":[{"href":"https:\/\/www.bellunopress.it\/fr\/wp-json\/wp\/v2\/media?parent=151811"}],"wp:term":[{"taxonomy":"category","embeddable":true,"href":"https:\/\/www.bellunopress.it\/fr\/wp-json\/wp\/v2\/categories?post=151811"},{"taxonomy":"post_tag","embeddable":true,"href":"https:\/\/www.bellunopress.it\/fr\/wp-json\/wp\/v2\/tags?post=151811"}],"curies":[{"name":"wp","href":"https:\/\/api.w.org\/{rel}","templated":true}]}}