{"id":151803,"date":"2024-06-25T16:30:04","date_gmt":"2024-06-25T14:30:04","guid":{"rendered":"https:\/\/www.bellunopress.it\/?p=151803"},"modified":"2024-06-25T16:30:04","modified_gmt":"2024-06-25T14:30:04","slug":"34mo-gran-premio-nuvolari-dal-19-al-22-settembre-in-veneto-lombardia-emilia-romagna-marche-e-toscana","status":"publish","type":"post","link":"https:\/\/www.bellunopress.it\/fr\/2024\/06\/25\/34mo-gran-premio-nuvolari-dal-19-al-22-settembre-in-veneto-lombardia-emilia-romagna-marche-e-toscana\/","title":{"rendered":"34mo Gran Premio Nuvolari, dal 19 al 22 settembre in Veneto, Lombardia, Emilia Romagna, Marche e Toscana"},"content":{"rendered":"<figure id=\"attachment_151804\" aria-describedby=\"caption-attachment-151804\" style=\"width: 736px\" class=\"wp-caption alignleft\"><img loading=\"lazy\" decoding=\"async\" class=\"size-full wp-image-151804\" src=\"https:\/\/www.bellunopress.it\/wp-content\/uploads\/2024\/06\/Gran-Premio-Nuvolari-foto-Edoardo-Tommasini.jpg\" alt=\"\" width=\"736\" height=\"470\" srcset=\"https:\/\/www.bellunopress.it\/wp-content\/uploads\/2024\/06\/Gran-Premio-Nuvolari-foto-Edoardo-Tommasini.jpg 736w, https:\/\/www.bellunopress.it\/wp-content\/uploads\/2024\/06\/Gran-Premio-Nuvolari-foto-Edoardo-Tommasini-500x319.jpg 500w, https:\/\/www.bellunopress.it\/wp-content\/uploads\/2024\/06\/Gran-Premio-Nuvolari-foto-Edoardo-Tommasini-658x420.jpg 658w, https:\/\/www.bellunopress.it\/wp-content\/uploads\/2024\/06\/Gran-Premio-Nuvolari-foto-Edoardo-Tommasini-696x444.jpg 696w\" sizes=\"auto, (max-width: 736px) 100vw, 736px\" \/><figcaption id=\"caption-attachment-151804\" class=\"wp-caption-text\">Gran Premio Nuvolari (foto: Edoardo Tommasini)<\/figcaption><\/figure>\n<p>Mantova, 25 giugno 2024 \u2013 Considerato uno degli appuntamenti pi\u00f9 attesi della stagione, il Gran Premio Nuvolari \u00e8 nel pieno della sua organizzazione. La manifestazione internazionale di regolarit\u00e0 riservata alle auto storiche, arrivata alla sua 34esima edizione, si terr\u00e0 dal 19 al 22 settembre 2024 con la storica partenza dal centro di Mantova, terra natale del grande Tazio.<\/p>\n<p>Il Gran Premio Nuvolari \u00e8 stato recentemente insignito dalla Federation Internationale Vehicules Anciens del premio &#8220;Spirit of F.I.V.A., World Motoring Heritage&#8221;, assegnato ogni anno ai dieci migliori eventi di automobilismo storico al mondo. Questo prestigioso riconoscimento ha indotto gli organizzatori ad allestire un&#8217;edizione 2024 ancora pi\u00f9 importante. Numerose sono le novit\u00e0 di questa 34esima edizione: un itinerario rinnovato permetter\u00e0 ai concorrenti di godere delle strade mozzafiato del Lago del Garda, del Veneto e del Trentino, oltre che delle consuete bellezze di Lombardia, Emilia Romagna, Marche e Toscana.<\/p>\n<p>I tre giorni di gara scandiranno le diverse fasi della competizione che prevedono un totale di 1.060 km di percorso e la partecipazione di 300 equipaggi provenienti da tutto il mondo.<\/p>\n<p>Durante il Gran Premio Nuvolari le meravigliose auto d&#8217;epoca, icone della cultura industriale del XX secolo, renderanno omaggio al leggendario pilota, esibendo alcuni dei pi\u00f9 famosi capolavori dell&#8217;ingegneria automobilistica mondiale. L&#8217;evento offre un&#8217;esperienza straordinaria con l&#8217;obiettivo di promuovere un nuovo concetto di turismo lifestyle, strettamente legato al mondo dei motori e del collezionismo, unendo la sana competizione sportiva con il piacere di scoprire luoghi affascinanti e unici.<\/p>\n<p>Come da tradizione, Mantova Corse ha selezionato per ogni tappa hotel e strutture esclusive per offrire agli equipaggi il piacere di vivere l&#8217;esperienza di giorni indimenticabili.<\/p>\n<p>Il 1991 ha segnato il Centenario della nascita di Tazio Nuvolari e la prima rievocazione del Gran Premio Nuvolari; quest&#8217;anno la 34esima edizione organizzata da Mantova Corse far\u00e0 confluire a Mantova equipaggi provenienti da tutti e cinque i continenti, arrivati con i loro gioielli d&#8217;epoca e mossi da un unico comune intento: celebrare la figura del pi\u00f9 grande pilota di tutti i tempi. La manifestazione si svolger\u00e0 nel rispetto delle normative F.I.A, F.I.V.A. e A.C.I. Sport, con una particolare attenzione ai protocolli di sicurezza della federazione sportiva nazionale.<\/p>\n<p>Anche quest&#8217;anno l&#8217;evento pu\u00f2 contare sul supporto di importanti aziende, quali Red Bull (Special Partner), Finservice Group e Wannenes (Official Partners), Locman\u2013Italy (Timekeeper Official Partner) e Penske Cars (Automotive Partner), grazie alle quali il Gran Premio Nuvolari proporr\u00e0 ai concorrenti un&#8217;esperienza unica.<\/p>\n<p>&nbsp;<\/p>\n<p><strong>Gran Premio Nuvolari Green<\/strong><\/p>\n<p>L&#8217;organizzazione del Gran Premio Nuvolari si \u00e8 sempre dimostrata sensibile alla sostenibilit\u00e0 ambientale, intraprendendo da anni un percorso finalizzato alla salvaguardia delle persone e del territorio. La prima iniziativa &#8220;Gran Premio Nuvolari Green&#8221; \u00e8 stata sviluppata nel 2020 e prevedeva la piantumazione di alberi per compensare la quantit\u00e0 di CO2 emessa dalla circolazione delle auto storiche. Da quest&#8217;anno \u00e8 prevista un&#8217;ulteriore attivit\u00e0 per limitare l&#8217;uso di bottigliette di plastica: ad ogni equipaggio, a tutto lo staff organizzativo ed ai media verranno distribuite borracce in Tritan, un materiale di nuova generazione totalmente privo di BPA (Bisfenolo A) una sostanza che si trova nelle plastiche tradizionali e che rappresenta un potenziale rischio per la salute.<\/p>\n<p>&nbsp;<\/p>\n<p><strong>Il percorso 2024<\/strong><\/p>\n<p>Il percorso del Gran Premio Nuvolari rappresenta la sintesi di molte eccellenze italiane.<\/p>\n<p>Venerd\u00ec 20 settembre, come da tradizione, le vetture si posizioneranno sulla pedana di partenza nella storica Piazza Sordello, il cuore di Mantova. Percorreranno le strade del Monte Baldo affiancando il Lago di Garda, fino ad arrivare a Riva del Garda, dove \u00e8 prevista il lunch break presso la Spiaggia Olivi. La tappa continuer\u00e0 oltrepassando i Monti Lessini ed arrivando a Verona, in Piazza Bra, per il controllo a timbro all&#8217;ombra dell&#8217;Arena. Poi un passaggio da Castel d&#8217;Ario, paese natale di Tazio Nuvolari, le prove cronometrate di Revere, verso Modena, con l&#8217;arrivo in Piazza Grande. Serata presso l&#8217;esclusiva location di Villa Cavazza di Corte della Quadra, pernottamento nella capitale della Motor Valley.<\/p>\n<p>Sabato 21 settembre, la seconda tappa, vedr\u00e0 la ripartenza dal Parco Novi Sad di Modena, verso Toscana, Romagna e Marche. Previsti i controlli a timbro nel centro storico di Pistoia, Piazza del Campo a Siena, Piazza Grande di Arezzo. Nel pomeriggio gli equipaggi saranno diretti verso le prove di Pieve Santo Stefano e il passo di Viamaggio. L&#8217;arrivo della seconda tappa sar\u00e0 a Rimini, in Piazza Tre Martiri. La giornata si concluder\u00e0 con il tradizionale gala dinner in onore di Tazio Nuvolari, nella meravigliosa cornice Felliniana del Grand Hotel di Rimini.<\/p>\n<p>Domenica 22 settembre gli equipaggi torneranno verso Mantova. Il percorso riserver\u00e0 loro le ultime sfide, decisive per decretare il vincitore finale. Partendo da Rimini, si confronteranno con le temutissime prove cronometrate di Meldola, passando poi da Piazza Ordelaffi a Forl\u00ec, da Faenza, ospiti della rinnovata Scuderia di Formula 1 &#8220;Racing Bulls&#8221;, da Lugo, Conselice ed Argenta. Il Castello Estense sar\u00e0 la sede del lunch break che la citt\u00e0 di Ferrara riserver\u00e0 ai concorrenti. Sar\u00e0 poi la volta del rientro in terra mantovana, attraverso i controlli a timbro Poggio Rusco e Ostiglia. Finalmente il trionfale arrivo a Mantova, tra le ospitali mura di Piazza Sordello, dopo 1.060 km tra le bellezze d&#8217;Italia.<\/p>\n<p><strong>Requisiti e termini di iscrizione<\/strong><\/p>\n<p>Le richieste di iscrizione, da effettuarsi esclusivamente sul sito www.gpnuvolari.it potranno essere inviate fino al 31 luglio 2024. Al Gran Premio Nuvolari sono ammesse vetture fabbricate dal 1919 al 1981 munite di passaporto F.I.V.A., o fiche F.I.A. Heritage, o omologazione A.S.I., o fiche ACI Sport \/ACI Storico. o certificato d&#8217;iscrizione al registro storico A.A.V.S.<\/p>\n<p>Quest&#8217;anno \u00e8 stato ampliato lo spettro delle vetture ammesse. Verr\u00e0 organizzata una speciale appendice denominata &#8220;Coppa Nuvolari GT 2024&#8221;, riservata ad un numero massimo di 35 Gran Turismo costruite dal 1991 al 2024 e suddivise in tre categorie: &#8220;M1&#8221; (1991-2000) &#8211; &#8220;M2&#8221; (2001-2010) &#8211; &#8220;M3&#8221; (2011-2024). Le vetture dovranno essere regolarmente targate e revisionate, equipaggiate esclusivamente con pneumatici omologati per la circolazione stradale. Sono escluse le vetture in allestimento corsa. Nella redazione delle classifiche, non verr\u00e0 applicato alcun coefficiente basato sull&#8217;anzianit\u00e0 della vettura. Ai partecipanti verranno assegnati i numeri di gara dal n. 401 in poi, in base all&#8217;anzianit\u00e0 delle vetture stesse. Saranno redatte speciali classifiche di categoria ed assoluta che porteranno all&#8217;assegnazione dei premi di Categoria e della &#8220;Coppa Nuvolari GT 2024&#8221;.<\/p>","protected":false},"excerpt":{"rendered":"<p>Mantova, 25 giugno 2024 \u2013 Considerato uno degli appuntamenti pi\u00f9 attesi della stagione, il Gran Premio Nuvolari \u00e8 nel pieno della sua organizzazione. La manifestazione internazionale di regolarit\u00e0 riservata alle auto storiche, arrivata alla sua 34esima edizione, si terr\u00e0 dal 19 al 22 settembre 2024 con la storica partenza dal centro di Mantova, terra natale [&hellip;]<\/p>\n","protected":false},"author":2,"featured_media":151804,"comment_status":"closed","ping_status":"open","sticky":false,"template":"","format":"standard","meta":{"footnotes":""},"categories":[4],"tags":[],"class_list":["post-151803","post","type-post","status-publish","format-standard","has-post-thumbnail","category-sport"],"yoast_head":"<!-- This site is optimized with the Yoast SEO plugin v28.4 - https:\/\/yoast.com\/product\/yoast-seo-wordpress\/ -->\n<title>34mo Gran Premio Nuvolari, dal 19 al 22 settembre in Veneto, Lombardia, Emilia Romagna, Marche e Toscana - Bellunopress - Dolomiti<\/title>\n<meta name=\"robots\" content=\"index, follow, max-snippet:-1, max-image-preview:large, max-video-preview:-1\" \/>\n<link rel=\"canonical\" href=\"https:\/\/www.bellunopress.it\/fr\/2024\/06\/25\/34mo-gran-premio-nuvolari-dal-19-al-22-settembre-in-veneto-lombardia-emilia-romagna-marche-e-toscana\/\" \/>\n<meta property=\"og:locale\" content=\"fr_FR\" \/>\n<meta property=\"og:type\" content=\"article\" \/>\n<meta property=\"og:title\" content=\"34mo Gran Premio Nuvolari, dal 19 al 22 settembre in Veneto, Lombardia, Emilia Romagna, Marche e Toscana - Bellunopress - Dolomiti\" \/>\n<meta property=\"og:description\" content=\"Mantova, 25 giugno 2024 \u2013 Considerato uno degli appuntamenti pi\u00f9 attesi della stagione, il Gran Premio Nuvolari \u00e8 nel pieno della sua organizzazione. La manifestazione internazionale di regolarit\u00e0 riservata alle auto storiche, arrivata alla sua 34esima edizione, si terr\u00e0 dal 19 al 22 settembre 2024 con la storica partenza dal centro di Mantova, terra natale [&hellip;]\" \/>\n<meta property=\"og:url\" content=\"https:\/\/www.bellunopress.it\/fr\/2024\/06\/25\/34mo-gran-premio-nuvolari-dal-19-al-22-settembre-in-veneto-lombardia-emilia-romagna-marche-e-toscana\/\" \/>\n<meta property=\"og:site_name\" content=\"Bellunopress - Dolomiti\" \/>\n<meta property=\"article:publisher\" content=\"https:\/\/www.facebook.com\/profile.php?id=100008943462799\" \/>\n<meta property=\"article:published_time\" content=\"2024-06-25T14:30:04+00:00\" \/>\n<meta property=\"og:image\" content=\"https:\/\/www.bellunopress.it\/wp-content\/uploads\/2024\/06\/Gran-Premio-Nuvolari-foto-Edoardo-Tommasini.jpg\" \/>\n\t<meta property=\"og:image:width\" content=\"736\" \/>\n\t<meta property=\"og:image:height\" content=\"470\" \/>\n\t<meta property=\"og:image:type\" content=\"image\/jpeg\" \/>\n<meta name=\"author\" content=\"redazione\" \/>\n<meta name=\"twitter:card\" content=\"summary_large_image\" \/>\n<meta name=\"twitter:creator\" content=\"@bellunopress\" \/>\n<meta name=\"twitter:site\" content=\"@bellunopress\" \/>\n<meta name=\"twitter:label1\" content=\"\u00c9crit par\" \/>\n\t<meta name=\"twitter:data1\" content=\"redazione\" \/>\n\t<meta name=\"twitter:label2\" content=\"Dur\u00e9e de lecture estim\u00e9e\" \/>\n\t<meta name=\"twitter:data2\" content=\"5 minutes\" \/>\n<script type=\"application\/ld+json\" class=\"yoast-schema-graph\">{\"@context\":\"https:\\\/\\\/schema.org\",\"@graph\":[{\"@type\":\"Article\",\"@id\":\"https:\\\/\\\/www.bellunopress.it\\\/2024\\\/06\\\/25\\\/34mo-gran-premio-nuvolari-dal-19-al-22-settembre-in-veneto-lombardia-emilia-romagna-marche-e-toscana\\\/#article\",\"isPartOf\":{\"@id\":\"https:\\\/\\\/www.bellunopress.it\\\/2024\\\/06\\\/25\\\/34mo-gran-premio-nuvolari-dal-19-al-22-settembre-in-veneto-lombardia-emilia-romagna-marche-e-toscana\\\/\"},\"author\":{\"name\":\"redazione\",\"@id\":\"https:\\\/\\\/www.bellunopress.it\\\/#\\\/schema\\\/person\\\/79bb06722b37ece1c03d3e94beb30d73\"},\"headline\":\"34mo Gran Premio Nuvolari, dal 19 al 22 settembre in Veneto, Lombardia, Emilia Romagna, Marche e Toscana\",\"datePublished\":\"2024-06-25T14:30:04+00:00\",\"mainEntityOfPage\":{\"@id\":\"https:\\\/\\\/www.bellunopress.it\\\/2024\\\/06\\\/25\\\/34mo-gran-premio-nuvolari-dal-19-al-22-settembre-in-veneto-lombardia-emilia-romagna-marche-e-toscana\\\/\"},\"wordCount\":1074,\"publisher\":{\"@id\":\"https:\\\/\\\/www.bellunopress.it\\\/#organization\"},\"image\":{\"@id\":\"https:\\\/\\\/www.bellunopress.it\\\/2024\\\/06\\\/25\\\/34mo-gran-premio-nuvolari-dal-19-al-22-settembre-in-veneto-lombardia-emilia-romagna-marche-e-toscana\\\/#primaryimage\"},\"thumbnailUrl\":\"https:\\\/\\\/www.bellunopress.it\\\/wp-content\\\/uploads\\\/2024\\\/06\\\/Gran-Premio-Nuvolari-foto-Edoardo-Tommasini.jpg\",\"articleSection\":[\"Sport, tempo libero\"],\"inLanguage\":\"fr-FR\"},{\"@type\":\"WebPage\",\"@id\":\"https:\\\/\\\/www.bellunopress.it\\\/2024\\\/06\\\/25\\\/34mo-gran-premio-nuvolari-dal-19-al-22-settembre-in-veneto-lombardia-emilia-romagna-marche-e-toscana\\\/\",\"url\":\"https:\\\/\\\/www.bellunopress.it\\\/2024\\\/06\\\/25\\\/34mo-gran-premio-nuvolari-dal-19-al-22-settembre-in-veneto-lombardia-emilia-romagna-marche-e-toscana\\\/\",\"name\":\"34mo Gran Premio Nuvolari, dal 19 al 22 settembre in Veneto, Lombardia, Emilia Romagna, Marche e Toscana - Bellunopress - Dolomiti\",\"isPartOf\":{\"@id\":\"https:\\\/\\\/www.bellunopress.it\\\/#website\"},\"primaryImageOfPage\":{\"@id\":\"https:\\\/\\\/www.bellunopress.it\\\/2024\\\/06\\\/25\\\/34mo-gran-premio-nuvolari-dal-19-al-22-settembre-in-veneto-lombardia-emilia-romagna-marche-e-toscana\\\/#primaryimage\"},\"image\":{\"@id\":\"https:\\\/\\\/www.bellunopress.it\\\/2024\\\/06\\\/25\\\/34mo-gran-premio-nuvolari-dal-19-al-22-settembre-in-veneto-lombardia-emilia-romagna-marche-e-toscana\\\/#primaryimage\"},\"thumbnailUrl\":\"https:\\\/\\\/www.bellunopress.it\\\/wp-content\\\/uploads\\\/2024\\\/06\\\/Gran-Premio-Nuvolari-foto-Edoardo-Tommasini.jpg\",\"datePublished\":\"2024-06-25T14:30:04+00:00\",\"breadcrumb\":{\"@id\":\"https:\\\/\\\/www.bellunopress.it\\\/2024\\\/06\\\/25\\\/34mo-gran-premio-nuvolari-dal-19-al-22-settembre-in-veneto-lombardia-emilia-romagna-marche-e-toscana\\\/#breadcrumb\"},\"inLanguage\":\"fr-FR\",\"potentialAction\":[{\"@type\":\"ReadAction\",\"target\":[\"https:\\\/\\\/www.bellunopress.it\\\/2024\\\/06\\\/25\\\/34mo-gran-premio-nuvolari-dal-19-al-22-settembre-in-veneto-lombardia-emilia-romagna-marche-e-toscana\\\/\"]}]},{\"@type\":\"ImageObject\",\"inLanguage\":\"fr-FR\",\"@id\":\"https:\\\/\\\/www.bellunopress.it\\\/2024\\\/06\\\/25\\\/34mo-gran-premio-nuvolari-dal-19-al-22-settembre-in-veneto-lombardia-emilia-romagna-marche-e-toscana\\\/#primaryimage\",\"url\":\"https:\\\/\\\/www.bellunopress.it\\\/wp-content\\\/uploads\\\/2024\\\/06\\\/Gran-Premio-Nuvolari-foto-Edoardo-Tommasini.jpg\",\"contentUrl\":\"https:\\\/\\\/www.bellunopress.it\\\/wp-content\\\/uploads\\\/2024\\\/06\\\/Gran-Premio-Nuvolari-foto-Edoardo-Tommasini.jpg\",\"width\":736,\"height\":470,\"caption\":\"Gran Premio Nuvolari (foto: Edoardo Tommasini)\"},{\"@type\":\"BreadcrumbList\",\"@id\":\"https:\\\/\\\/www.bellunopress.it\\\/2024\\\/06\\\/25\\\/34mo-gran-premio-nuvolari-dal-19-al-22-settembre-in-veneto-lombardia-emilia-romagna-marche-e-toscana\\\/#breadcrumb\",\"itemListElement\":[{\"@type\":\"ListItem\",\"position\":1,\"name\":\"Home\",\"item\":\"https:\\\/\\\/www.bellunopress.it\\\/\"},{\"@type\":\"ListItem\",\"position\":2,\"name\":\"34mo Gran Premio Nuvolari, dal 19 al 22 settembre in Veneto, Lombardia, Emilia Romagna, Marche e Toscana\"}]},{\"@type\":\"WebSite\",\"@id\":\"https:\\\/\\\/www.bellunopress.it\\\/#website\",\"url\":\"https:\\\/\\\/www.bellunopress.it\\\/\",\"name\":\"Bellunopress - Dolomiti\",\"description\":\"e-mail: redazione@bellunopress.it\",\"publisher\":{\"@id\":\"https:\\\/\\\/www.bellunopress.it\\\/#organization\"},\"potentialAction\":[{\"@type\":\"SearchAction\",\"target\":{\"@type\":\"EntryPoint\",\"urlTemplate\":\"https:\\\/\\\/www.bellunopress.it\\\/?s={search_term_string}\"},\"query-input\":{\"@type\":\"PropertyValueSpecification\",\"valueRequired\":true,\"valueName\":\"search_term_string\"}}],\"inLanguage\":\"fr-FR\"},{\"@type\":\"Organization\",\"@id\":\"https:\\\/\\\/www.bellunopress.it\\\/#organization\",\"name\":\"Bellunopress\",\"url\":\"https:\\\/\\\/www.bellunopress.it\\\/\",\"logo\":{\"@type\":\"ImageObject\",\"inLanguage\":\"fr-FR\",\"@id\":\"https:\\\/\\\/www.bellunopress.it\\\/#\\\/schema\\\/logo\\\/image\\\/\",\"url\":\"https:\\\/\\\/www.bellunopress.it\\\/wp-content\\\/uploads\\\/2011\\\/05\\\/cropped-logo-bellunopress-.jpg\",\"contentUrl\":\"https:\\\/\\\/www.bellunopress.it\\\/wp-content\\\/uploads\\\/2011\\\/05\\\/cropped-logo-bellunopress-.jpg\",\"width\":512,\"height\":512,\"caption\":\"Bellunopress\"},\"image\":{\"@id\":\"https:\\\/\\\/www.bellunopress.it\\\/#\\\/schema\\\/logo\\\/image\\\/\"},\"sameAs\":[\"https:\\\/\\\/www.facebook.com\\\/profile.php?id=100008943462799\",\"https:\\\/\\\/x.com\\\/bellunopress\",\"https:\\\/\\\/www.linkedin.com\\\/hp\\\/?dnr=JBzUWaJfMUw8vbXJJ2tVW5-I3jZKvC4wsoxE&amp;amp;amp;amp;amp;amp;trk=nav_responsive_tab_home\",\"https:\\\/\\\/www.youtube.com\\\/channel\\\/UCxL0wu1uN0_3_7hGG0306cw\"]},{\"@type\":\"Person\",\"@id\":\"https:\\\/\\\/www.bellunopress.it\\\/#\\\/schema\\\/person\\\/79bb06722b37ece1c03d3e94beb30d73\",\"name\":\"redazione\",\"image\":{\"@type\":\"ImageObject\",\"inLanguage\":\"fr-FR\",\"@id\":\"https:\\\/\\\/secure.gravatar.com\\\/avatar\\\/37d968a2e67a6fd04c169c4bdef102d0bc5d31b2546345219e348575eb80e9a0?s=96&d=mm&r=g\",\"url\":\"https:\\\/\\\/secure.gravatar.com\\\/avatar\\\/37d968a2e67a6fd04c169c4bdef102d0bc5d31b2546345219e348575eb80e9a0?s=96&d=mm&r=g\",\"contentUrl\":\"https:\\\/\\\/secure.gravatar.com\\\/avatar\\\/37d968a2e67a6fd04c169c4bdef102d0bc5d31b2546345219e348575eb80e9a0?s=96&d=mm&r=g\",\"caption\":\"redazione\"},\"sameAs\":[\"http:\\\/\\\/www.bellunopress.it\",\"https:\\\/\\\/x.com\\\/bellunopress\"],\"url\":\"https:\\\/\\\/www.bellunopress.it\\\/fr\\\/author\\\/redazione\\\/\"}]}<\/script>\n<!-- \/ Yoast SEO plugin. -->","yoast_head_json":{"title":"34mo Gran Premio Nuvolari, dal 19 al 22 settembre in Veneto, Lombardia, Emilia Romagna, Marche e Toscana - Bellunopress - Dolomiti","robots":{"index":"index","follow":"follow","max-snippet":"max-snippet:-1","max-image-preview":"max-image-preview:large","max-video-preview":"max-video-preview:-1"},"canonical":"https:\/\/www.bellunopress.it\/fr\/2024\/06\/25\/34mo-gran-premio-nuvolari-dal-19-al-22-settembre-in-veneto-lombardia-emilia-romagna-marche-e-toscana\/","og_locale":"fr_FR","og_type":"article","og_title":"34mo Gran Premio Nuvolari, dal 19 al 22 settembre in Veneto, Lombardia, Emilia Romagna, Marche e Toscana - Bellunopress - Dolomiti","og_description":"Mantova, 25 giugno 2024 \u2013 Considerato uno degli appuntamenti pi\u00f9 attesi della stagione, il Gran Premio Nuvolari \u00e8 nel pieno della sua organizzazione. La manifestazione internazionale di regolarit\u00e0 riservata alle auto storiche, arrivata alla sua 34esima edizione, si terr\u00e0 dal 19 al 22 settembre 2024 con la storica partenza dal centro di Mantova, terra natale [&hellip;]","og_url":"https:\/\/www.bellunopress.it\/fr\/2024\/06\/25\/34mo-gran-premio-nuvolari-dal-19-al-22-settembre-in-veneto-lombardia-emilia-romagna-marche-e-toscana\/","og_site_name":"Bellunopress - Dolomiti","article_publisher":"https:\/\/www.facebook.com\/profile.php?id=100008943462799","article_published_time":"2024-06-25T14:30:04+00:00","og_image":[{"width":736,"height":470,"url":"https:\/\/www.bellunopress.it\/wp-content\/uploads\/2024\/06\/Gran-Premio-Nuvolari-foto-Edoardo-Tommasini.jpg","type":"image\/jpeg"}],"author":"redazione","twitter_card":"summary_large_image","twitter_creator":"@bellunopress","twitter_site":"@bellunopress","twitter_misc":{"\u00c9crit par":"redazione","Dur\u00e9e de lecture estim\u00e9e":"5 minutes"},"schema":{"@context":"https:\/\/schema.org","@graph":[{"@type":"Article","@id":"https:\/\/www.bellunopress.it\/2024\/06\/25\/34mo-gran-premio-nuvolari-dal-19-al-22-settembre-in-veneto-lombardia-emilia-romagna-marche-e-toscana\/#article","isPartOf":{"@id":"https:\/\/www.bellunopress.it\/2024\/06\/25\/34mo-gran-premio-nuvolari-dal-19-al-22-settembre-in-veneto-lombardia-emilia-romagna-marche-e-toscana\/"},"author":{"name":"redazione","@id":"https:\/\/www.bellunopress.it\/#\/schema\/person\/79bb06722b37ece1c03d3e94beb30d73"},"headline":"34mo Gran Premio Nuvolari, dal 19 al 22 settembre in Veneto, Lombardia, Emilia Romagna, Marche e Toscana","datePublished":"2024-06-25T14:30:04+00:00","mainEntityOfPage":{"@id":"https:\/\/www.bellunopress.it\/2024\/06\/25\/34mo-gran-premio-nuvolari-dal-19-al-22-settembre-in-veneto-lombardia-emilia-romagna-marche-e-toscana\/"},"wordCount":1074,"publisher":{"@id":"https:\/\/www.bellunopress.it\/#organization"},"image":{"@id":"https:\/\/www.bellunopress.it\/2024\/06\/25\/34mo-gran-premio-nuvolari-dal-19-al-22-settembre-in-veneto-lombardia-emilia-romagna-marche-e-toscana\/#primaryimage"},"thumbnailUrl":"https:\/\/www.bellunopress.it\/wp-content\/uploads\/2024\/06\/Gran-Premio-Nuvolari-foto-Edoardo-Tommasini.jpg","articleSection":["Sport, tempo libero"],"inLanguage":"fr-FR"},{"@type":"WebPage","@id":"https:\/\/www.bellunopress.it\/2024\/06\/25\/34mo-gran-premio-nuvolari-dal-19-al-22-settembre-in-veneto-lombardia-emilia-romagna-marche-e-toscana\/","url":"https:\/\/www.bellunopress.it\/2024\/06\/25\/34mo-gran-premio-nuvolari-dal-19-al-22-settembre-in-veneto-lombardia-emilia-romagna-marche-e-toscana\/","name":"34mo Gran Premio Nuvolari, dal 19 al 22 settembre in Veneto, Lombardia, Emilia Romagna, Marche e Toscana - Bellunopress - Dolomiti","isPartOf":{"@id":"https:\/\/www.bellunopress.it\/#website"},"primaryImageOfPage":{"@id":"https:\/\/www.bellunopress.it\/2024\/06\/25\/34mo-gran-premio-nuvolari-dal-19-al-22-settembre-in-veneto-lombardia-emilia-romagna-marche-e-toscana\/#primaryimage"},"image":{"@id":"https:\/\/www.bellunopress.it\/2024\/06\/25\/34mo-gran-premio-nuvolari-dal-19-al-22-settembre-in-veneto-lombardia-emilia-romagna-marche-e-toscana\/#primaryimage"},"thumbnailUrl":"https:\/\/www.bellunopress.it\/wp-content\/uploads\/2024\/06\/Gran-Premio-Nuvolari-foto-Edoardo-Tommasini.jpg","datePublished":"2024-06-25T14:30:04+00:00","breadcrumb":{"@id":"https:\/\/www.bellunopress.it\/2024\/06\/25\/34mo-gran-premio-nuvolari-dal-19-al-22-settembre-in-veneto-lombardia-emilia-romagna-marche-e-toscana\/#breadcrumb"},"inLanguage":"fr-FR","potentialAction":[{"@type":"ReadAction","target":["https:\/\/www.bellunopress.it\/2024\/06\/25\/34mo-gran-premio-nuvolari-dal-19-al-22-settembre-in-veneto-lombardia-emilia-romagna-marche-e-toscana\/"]}]},{"@type":"ImageObject","inLanguage":"fr-FR","@id":"https:\/\/www.bellunopress.it\/2024\/06\/25\/34mo-gran-premio-nuvolari-dal-19-al-22-settembre-in-veneto-lombardia-emilia-romagna-marche-e-toscana\/#primaryimage","url":"https:\/\/www.bellunopress.it\/wp-content\/uploads\/2024\/06\/Gran-Premio-Nuvolari-foto-Edoardo-Tommasini.jpg","contentUrl":"https:\/\/www.bellunopress.it\/wp-content\/uploads\/2024\/06\/Gran-Premio-Nuvolari-foto-Edoardo-Tommasini.jpg","width":736,"height":470,"caption":"Gran Premio Nuvolari (foto: Edoardo Tommasini)"},{"@type":"BreadcrumbList","@id":"https:\/\/www.bellunopress.it\/2024\/06\/25\/34mo-gran-premio-nuvolari-dal-19-al-22-settembre-in-veneto-lombardia-emilia-romagna-marche-e-toscana\/#breadcrumb","itemListElement":[{"@type":"ListItem","position":1,"name":"Home","item":"https:\/\/www.bellunopress.it\/"},{"@type":"ListItem","position":2,"name":"34mo Gran Premio Nuvolari, dal 19 al 22 settembre in Veneto, Lombardia, Emilia Romagna, Marche e Toscana"}]},{"@type":"WebSite","@id":"https:\/\/www.bellunopress.it\/#website","url":"https:\/\/www.bellunopress.it\/","name":"Bellunopress - Dolomiti","description":"e-mail: redazione@bellunopress.it","publisher":{"@id":"https:\/\/www.bellunopress.it\/#organization"},"potentialAction":[{"@type":"SearchAction","target":{"@type":"EntryPoint","urlTemplate":"https:\/\/www.bellunopress.it\/?s={search_term_string}"},"query-input":{"@type":"PropertyValueSpecification","valueRequired":true,"valueName":"search_term_string"}}],"inLanguage":"fr-FR"},{"@type":"Organization","@id":"https:\/\/www.bellunopress.it\/#organization","name":"Bellunopress","url":"https:\/\/www.bellunopress.it\/","logo":{"@type":"ImageObject","inLanguage":"fr-FR","@id":"https:\/\/www.bellunopress.it\/#\/schema\/logo\/image\/","url":"https:\/\/www.bellunopress.it\/wp-content\/uploads\/2011\/05\/cropped-logo-bellunopress-.jpg","contentUrl":"https:\/\/www.bellunopress.it\/wp-content\/uploads\/2011\/05\/cropped-logo-bellunopress-.jpg","width":512,"height":512,"caption":"Bellunopress"},"image":{"@id":"https:\/\/www.bellunopress.it\/#\/schema\/logo\/image\/"},"sameAs":["https:\/\/www.facebook.com\/profile.php?id=100008943462799","https:\/\/x.com\/bellunopress","https:\/\/www.linkedin.com\/hp\/?dnr=JBzUWaJfMUw8vbXJJ2tVW5-I3jZKvC4wsoxE&amp;amp;amp;amp;amp;amp;trk=nav_responsive_tab_home","https:\/\/www.youtube.com\/channel\/UCxL0wu1uN0_3_7hGG0306cw"]},{"@type":"Person","@id":"https:\/\/www.bellunopress.it\/#\/schema\/person\/79bb06722b37ece1c03d3e94beb30d73","name":"r\u00e9daction","image":{"@type":"ImageObject","inLanguage":"fr-FR","@id":"https:\/\/secure.gravatar.com\/avatar\/37d968a2e67a6fd04c169c4bdef102d0bc5d31b2546345219e348575eb80e9a0?s=96&d=mm&r=g","url":"https:\/\/secure.gravatar.com\/avatar\/37d968a2e67a6fd04c169c4bdef102d0bc5d31b2546345219e348575eb80e9a0?s=96&d=mm&r=g","contentUrl":"https:\/\/secure.gravatar.com\/avatar\/37d968a2e67a6fd04c169c4bdef102d0bc5d31b2546345219e348575eb80e9a0?s=96&d=mm&r=g","caption":"redazione"},"sameAs":["http:\/\/www.bellunopress.it","https:\/\/x.com\/bellunopress"],"url":"https:\/\/www.bellunopress.it\/fr\/author\/redazione\/"}]}},"_links":{"self":[{"href":"https:\/\/www.bellunopress.it\/fr\/wp-json\/wp\/v2\/posts\/151803","targetHints":{"allow":["GET"]}}],"collection":[{"href":"https:\/\/www.bellunopress.it\/fr\/wp-json\/wp\/v2\/posts"}],"about":[{"href":"https:\/\/www.bellunopress.it\/fr\/wp-json\/wp\/v2\/types\/post"}],"author":[{"embeddable":true,"href":"https:\/\/www.bellunopress.it\/fr\/wp-json\/wp\/v2\/users\/2"}],"replies":[{"embeddable":true,"href":"https:\/\/www.bellunopress.it\/fr\/wp-json\/wp\/v2\/comments?post=151803"}],"version-history":[{"count":1,"href":"https:\/\/www.bellunopress.it\/fr\/wp-json\/wp\/v2\/posts\/151803\/revisions"}],"predecessor-version":[{"id":151805,"href":"https:\/\/www.bellunopress.it\/fr\/wp-json\/wp\/v2\/posts\/151803\/revisions\/151805"}],"wp:featuredmedia":[{"embeddable":true,"href":"https:\/\/www.bellunopress.it\/fr\/wp-json\/wp\/v2\/media\/151804"}],"wp:attachment":[{"href":"https:\/\/www.bellunopress.it\/fr\/wp-json\/wp\/v2\/media?parent=151803"}],"wp:term":[{"taxonomy":"category","embeddable":true,"href":"https:\/\/www.bellunopress.it\/fr\/wp-json\/wp\/v2\/categories?post=151803"},{"taxonomy":"post_tag","embeddable":true,"href":"https:\/\/www.bellunopress.it\/fr\/wp-json\/wp\/v2\/tags?post=151803"}],"curies":[{"name":"wp","href":"https:\/\/api.w.org\/{rel}","templated":true}]}}