{"id":151800,"date":"2024-06-25T16:10:44","date_gmt":"2024-06-25T14:10:44","guid":{"rendered":"https:\/\/www.bellunopress.it\/?p=151800"},"modified":"2024-06-25T16:10:44","modified_gmt":"2024-06-25T14:10:44","slug":"staffetta-lions-per-la-pace-2024-36-tappe-dalle-tre-cime-a-roma-dal-5-luglio-al-12-settembre","status":"publish","type":"post","link":"https:\/\/www.bellunopress.it\/fr\/2024\/06\/25\/staffetta-lions-per-la-pace-2024-36-tappe-dalle-tre-cime-a-roma-dal-5-luglio-al-12-settembre\/","title":{"rendered":"Staffetta Lions per la pace 2024: 36 tappe, dalle Tre Cime a Roma dal 5 luglio al 12 settembre"},"content":{"rendered":"<p><img loading=\"lazy\" decoding=\"async\" class=\"alignleft size-full wp-image-151801\" src=\"https:\/\/www.bellunopress.it\/wp-content\/uploads\/2024\/06\/Staffetta-per-la-pace-Lions-club.jpg\" alt=\"\" width=\"563\" height=\"498\" srcset=\"https:\/\/www.bellunopress.it\/wp-content\/uploads\/2024\/06\/Staffetta-per-la-pace-Lions-club.jpg 563w, https:\/\/www.bellunopress.it\/wp-content\/uploads\/2024\/06\/Staffetta-per-la-pace-Lions-club-500x442.jpg 500w, https:\/\/www.bellunopress.it\/wp-content\/uploads\/2024\/06\/Staffetta-per-la-pace-Lions-club-475x420.jpg 475w\" sizes=\"auto, (max-width: 563px) 100vw, 563px\" \/>E&#8217; stata presentata nei giorni scorsi in Sala consiliare del Municipio di Pieve di Cadore la Staffetta Lions per la Pace 2024. Sono intervenuti tre sostenitori d&#8217;eccezione: Moni Ovadia (attore, cantante, scrittore), Raffaele Crocco (giornalista Rai, autore, documentarista e inviato), e Giovanni Caccamo (cantautore).<\/p>\n<p>La Staffetta Lions per la Pace \u00e8 organizzata dal Distretto Ta2 con la collaborazione dei Distretti 108Ta1, 108Ta2, 108Ta3, 108Tb, 108A, 108La, 108L e di molte realt\u00e0 della societ\u00e0 civile. Partir\u00e0 dalle Tre Cime di Lavaredo (Dolomiti) e arriver\u00e0 a Roma. L\u2019evento ricalcher\u00e0 in buona parte l\u2019itinerario della via Romea-Germanica (che fu il pi\u00f9 importante itinerario per i pellegrini medievali che venivano dal Nord Europa) e attraverser\u00e0 5 Regioni italiane. Il cammino sar\u00e0 caratterizzato da 36 TAPPE dove si punta ad incontrare i Sindaci dei comuni attraversati, e da 6 NODI di Pace (uno per regione) dove si intende indire importanti conferenze stampa (VOCI di Pace) con l\u2019obiettivo di approfondire alcuni assi tematici (TEMI di Pace):<br \/>\nGiustizia\/Legalit\u00e0 e Carta dei Diritti Umani ONU; Clima e Ambiente, Economia di giustizia e Armi, Comunicazione e Informazione, Migrazioni e integrazione.<br \/>\nI partecipanti sono chiamati a portare un messaggio (MANIFESTO) ispirato dalle riflessioni sui Temi e raccogliere un messaggio di Pace, ispirato dai territori. Sar\u00e0 redatta una &#8220;pergamena partecipativa del cammino&#8221; che verr\u00e0 messa nelle mani di Papa Francesco e del Presidente della Repubblica Mattarella una volta arrivati a Roma. I Sindaci saranno stimolati ad indire una giornata di &#8220;Festa\/riflessione per la Pace&#8221; a cui far aderire le scuole di tutti i Comuni attraversati, in un periodo specifico dell&#8217;anno, magari in un giorno dedicato a livello nazionale. Il Cammino comincer\u00e0 il 5 Luglio per protrarsi, con alcune pause (settimanali ed agostana), fino al 12 Settembre (tempi necessari per percorrere le tappe previste).<br \/>\nOgni tappa potr\u00e0 essere percorsa da almeno 1 camminante (alcune tappe potranno essere congeniali alla bicicletta) e potr\u00e0 non essere seguito lo schema ideale della staffetta (tappe conseguenti in serie) ma, a seconda delle risorse in campo, potr\u00e0 essere omessa la vera percorrenza in favore del solo incontro istituzionale previsto per ogni Nodo (nella necessit\u00e0 potranno essere percorse delle tappe anche in quelle che sono le pause suggerite).<br \/>\nLa STAFFETTA LIONS PER LA PACE sar\u00e0 composta da un LANCIO, da un NODO \u201c0\u201d denominato \u201cAbbraccio delle Tre Cime\u201d, da altri 5 Nodi (Padova, Ravenna, Arezzo, Orvieto e Roma) e da 36 Tappe dal 5 luglio al 12 settembre.<\/p>\n<p><strong>IL MANIFESTO<\/strong><br \/>\nStaffetta Lions per la Pace<br \/>\nNoi soci Lions con molti partners (associazioni, gruppi societ\u00e0 civile e liberi cittadini) convinti che la Pace sia un bene comune globale e un bisogno universale, mossi da un\u2019iniziativa del distretto 108Ta2, condivisa, sostenuta e partecipata dai distretti 108Ta1, 108Ta2, 108Ta3, 108Tb, 108A, 108La, 108L siamo in cammino ideale a staffetta per amplificare il bisogno di Pace impellente che molti invocano e pochi ascoltano. Come durante la pandemia gli Stati si sono adoperati unitamente per salvare vite umane, cos\u00ec oggi si rifiuti la logica dell\u2019aumento delle spese in armamenti che producono morte e si destinino le risorse per celebrare la vita, promuovere la dignit\u00e0 dell\u2019esistenza e del reciproco rispetto.<br \/>\n&#8211; Crediamo nel Mediterraneo come crogiuolo di popoli e luogo di incontro, i cui Stati possono risolvere le controversie che rendono disumano il flusso migratorio e attuare politiche condivise per la prevenzione di tragedie umanitarie e per la pratica dell\u2019accoglienza e del dialogo fra popoli e culture;<br \/>\n&#8211; Crediamo nel Parlamento Europeo come espressione che rappresenta la nostra cultura;<br \/>\n&#8211; Crediamo nell\u2019ONU come soggetto democratico che pu\u00f2 risolvere le controversie internazionali e garantire i Diritti Umani;<br \/>\n&#8211; Crediamo nel Lions, nella sua espressione internazionale e associativa come organizzazione attraverso la quale soci volontari e partners possono farsi portatori di rispetto e Pace tra i popoli;<br \/>\n&#8211; Crediamo nelle istituzioni locali come migliori luoghi ove esercitare democrazia, facilitare le relazioni, porre in essere le pi\u00f9 efficaci azioni e per realizzare progetti sostenibili nel presente e nel futuro.<\/p>\n<p>DIMENSIONE INTERNAZIONALE<br \/>\n\u2022 Chiediamo all\u2019ONU di affrontare un riassetto preventivo delle proprie funzioni che possa portare ad una sua piena e reale operativit\u00e0 in funzione della applicazione della Pace e del dialogo come unici strumenti per la prevenzione e risoluzione dei conflitti. Contestualmente chiediamo l\u2019istituzione di un Fondo sovranazionale per la diffusione della cultura della Pace e la costruzione della Pace nel Mondo.<br \/>\n\u2022 Chiediamo al Parlamento Europeo di candidare la Pace e le sue pratiche alla \u201cLista del Patrimonio Culturale Immateriale che Necessita di Urgente Tutela\u201d (List of Intangible Cultural Heritage in Need of Urgent Safeguarding) dell\u2019UNESCO.<br \/>\n\u2022 Chiediamo al Lions International di considerare la Pace come Causa Globale del Lions International al pari delle altre cause globali gi\u00e0 enunciate (Cancro Infantile, Ambiente, Fame, Vista, Diabete), richiesta gi\u00e0 contenuta nella \u201cCarta di Bologna\u201d adottata alla Conferenza Lions del Mediterraneo (Bologna, 7-10 Marzo 2024)<br \/>\nDIMENSIONE NAZIONALE<br \/>\n\u2022 Chiediamo al Governo Italiano e ai Rappresentati della Repubblica di istituire un Organo Istituzionale Permanente per la promozione della Pace in difesa dei principi Costituzionali relativi alla curatela della Pace e delle Leggi dello Stato che garantiscono un controllo sulla produzione e sull\u2019esportazione di armamenti.<br \/>\n\u2022 Chiediamo alle Amministrazioni locali e alla comunit\u00e0 educante di indire una Giornata Scolastica della Cultura della Pace in cui accompagnare i giovani a costruire pensiero, cultura e azioni per la Pace.<\/p>\n<p>&nbsp;<\/p>","protected":false},"excerpt":{"rendered":"<p>E&#8217; stata presentata nei giorni scorsi in Sala consiliare del Municipio di Pieve di Cadore la Staffetta Lions per la Pace 2024. Sono intervenuti tre sostenitori d&#8217;eccezione: Moni Ovadia (attore, cantante, scrittore), Raffaele Crocco (giornalista Rai, autore, documentarista e inviato), e Giovanni Caccamo (cantautore). La Staffetta Lions per la Pace \u00e8 organizzata dal Distretto Ta2 [&hellip;]<\/p>\n","protected":false},"author":2,"featured_media":132457,"comment_status":"closed","ping_status":"open","sticky":false,"template":"","format":"standard","meta":{"footnotes":""},"categories":[25,8],"tags":[],"class_list":["post-151800","post","type-post","status-publish","format-standard","has-post-thumbnail","category-pausa-caffe","category-societa-istituzioni"],"yoast_head":"<!-- This site is optimized with the Yoast SEO plugin v28.4 - https:\/\/yoast.com\/product\/yoast-seo-wordpress\/ -->\n<title>Staffetta Lions per la pace 2024: 36 tappe, dalle Tre Cime a Roma dal 5 luglio al 12 settembre - Bellunopress - Dolomiti<\/title>\n<meta name=\"robots\" content=\"index, follow, max-snippet:-1, max-image-preview:large, max-video-preview:-1\" \/>\n<link rel=\"canonical\" href=\"https:\/\/www.bellunopress.it\/fr\/2024\/06\/25\/staffetta-lions-per-la-pace-2024-36-tappe-dalle-tre-cime-a-roma-dal-5-luglio-al-12-settembre\/\" \/>\n<meta property=\"og:locale\" content=\"fr_FR\" \/>\n<meta property=\"og:type\" content=\"article\" \/>\n<meta property=\"og:title\" content=\"Staffetta Lions per la pace 2024: 36 tappe, dalle Tre Cime a Roma dal 5 luglio al 12 settembre - Bellunopress - Dolomiti\" \/>\n<meta property=\"og:description\" content=\"E&#8217; stata presentata nei giorni scorsi in Sala consiliare del Municipio di Pieve di Cadore la Staffetta Lions per la Pace 2024. Sono intervenuti tre sostenitori d&#8217;eccezione: Moni Ovadia (attore, cantante, scrittore), Raffaele Crocco (giornalista Rai, autore, documentarista e inviato), e Giovanni Caccamo (cantautore). La Staffetta Lions per la Pace \u00e8 organizzata dal Distretto Ta2 [&hellip;]\" \/>\n<meta property=\"og:url\" content=\"https:\/\/www.bellunopress.it\/fr\/2024\/06\/25\/staffetta-lions-per-la-pace-2024-36-tappe-dalle-tre-cime-a-roma-dal-5-luglio-al-12-settembre\/\" \/>\n<meta property=\"og:site_name\" content=\"Bellunopress - Dolomiti\" \/>\n<meta property=\"article:publisher\" content=\"https:\/\/www.facebook.com\/profile.php?id=100008943462799\" \/>\n<meta property=\"article:published_time\" content=\"2024-06-25T14:10:44+00:00\" \/>\n<meta property=\"og:image\" content=\"https:\/\/www.bellunopress.it\/wp-content\/uploads\/2022\/04\/Lions-Club_edited.jpg\" \/>\n\t<meta property=\"og:image:width\" content=\"900\" \/>\n\t<meta property=\"og:image:height\" content=\"852\" \/>\n\t<meta property=\"og:image:type\" content=\"image\/jpeg\" \/>\n<meta name=\"author\" content=\"redazione\" \/>\n<meta name=\"twitter:card\" content=\"summary_large_image\" \/>\n<meta name=\"twitter:creator\" content=\"@bellunopress\" \/>\n<meta name=\"twitter:site\" content=\"@bellunopress\" \/>\n<meta name=\"twitter:label1\" content=\"\u00c9crit par\" \/>\n\t<meta name=\"twitter:data1\" content=\"redazione\" \/>\n\t<meta name=\"twitter:label2\" content=\"Dur\u00e9e de lecture estim\u00e9e\" \/>\n\t<meta name=\"twitter:data2\" content=\"4 minutes\" \/>\n<script type=\"application\/ld+json\" class=\"yoast-schema-graph\">{\"@context\":\"https:\\\/\\\/schema.org\",\"@graph\":[{\"@type\":\"Article\",\"@id\":\"https:\\\/\\\/www.bellunopress.it\\\/2024\\\/06\\\/25\\\/staffetta-lions-per-la-pace-2024-36-tappe-dalle-tre-cime-a-roma-dal-5-luglio-al-12-settembre\\\/#article\",\"isPartOf\":{\"@id\":\"https:\\\/\\\/www.bellunopress.it\\\/2024\\\/06\\\/25\\\/staffetta-lions-per-la-pace-2024-36-tappe-dalle-tre-cime-a-roma-dal-5-luglio-al-12-settembre\\\/\"},\"author\":{\"name\":\"redazione\",\"@id\":\"https:\\\/\\\/www.bellunopress.it\\\/#\\\/schema\\\/person\\\/79bb06722b37ece1c03d3e94beb30d73\"},\"headline\":\"Staffetta Lions per la pace 2024: 36 tappe, dalle Tre Cime a Roma dal 5 luglio al 12 settembre\",\"datePublished\":\"2024-06-25T14:10:44+00:00\",\"mainEntityOfPage\":{\"@id\":\"https:\\\/\\\/www.bellunopress.it\\\/2024\\\/06\\\/25\\\/staffetta-lions-per-la-pace-2024-36-tappe-dalle-tre-cime-a-roma-dal-5-luglio-al-12-settembre\\\/\"},\"wordCount\":889,\"publisher\":{\"@id\":\"https:\\\/\\\/www.bellunopress.it\\\/#organization\"},\"image\":{\"@id\":\"https:\\\/\\\/www.bellunopress.it\\\/2024\\\/06\\\/25\\\/staffetta-lions-per-la-pace-2024-36-tappe-dalle-tre-cime-a-roma-dal-5-luglio-al-12-settembre\\\/#primaryimage\"},\"thumbnailUrl\":\"https:\\\/\\\/www.bellunopress.it\\\/wp-content\\\/uploads\\\/2022\\\/04\\\/Lions-Club_edited.jpg\",\"articleSection\":[\"Pausa Caff\u00e8\",\"Societ\u00e0, Associazioni, Istituzioni\"],\"inLanguage\":\"fr-FR\"},{\"@type\":\"WebPage\",\"@id\":\"https:\\\/\\\/www.bellunopress.it\\\/2024\\\/06\\\/25\\\/staffetta-lions-per-la-pace-2024-36-tappe-dalle-tre-cime-a-roma-dal-5-luglio-al-12-settembre\\\/\",\"url\":\"https:\\\/\\\/www.bellunopress.it\\\/2024\\\/06\\\/25\\\/staffetta-lions-per-la-pace-2024-36-tappe-dalle-tre-cime-a-roma-dal-5-luglio-al-12-settembre\\\/\",\"name\":\"Staffetta Lions per la pace 2024: 36 tappe, dalle Tre Cime a Roma dal 5 luglio al 12 settembre - Bellunopress - Dolomiti\",\"isPartOf\":{\"@id\":\"https:\\\/\\\/www.bellunopress.it\\\/#website\"},\"primaryImageOfPage\":{\"@id\":\"https:\\\/\\\/www.bellunopress.it\\\/2024\\\/06\\\/25\\\/staffetta-lions-per-la-pace-2024-36-tappe-dalle-tre-cime-a-roma-dal-5-luglio-al-12-settembre\\\/#primaryimage\"},\"image\":{\"@id\":\"https:\\\/\\\/www.bellunopress.it\\\/2024\\\/06\\\/25\\\/staffetta-lions-per-la-pace-2024-36-tappe-dalle-tre-cime-a-roma-dal-5-luglio-al-12-settembre\\\/#primaryimage\"},\"thumbnailUrl\":\"https:\\\/\\\/www.bellunopress.it\\\/wp-content\\\/uploads\\\/2022\\\/04\\\/Lions-Club_edited.jpg\",\"datePublished\":\"2024-06-25T14:10:44+00:00\",\"breadcrumb\":{\"@id\":\"https:\\\/\\\/www.bellunopress.it\\\/2024\\\/06\\\/25\\\/staffetta-lions-per-la-pace-2024-36-tappe-dalle-tre-cime-a-roma-dal-5-luglio-al-12-settembre\\\/#breadcrumb\"},\"inLanguage\":\"fr-FR\",\"potentialAction\":[{\"@type\":\"ReadAction\",\"target\":[\"https:\\\/\\\/www.bellunopress.it\\\/2024\\\/06\\\/25\\\/staffetta-lions-per-la-pace-2024-36-tappe-dalle-tre-cime-a-roma-dal-5-luglio-al-12-settembre\\\/\"]}]},{\"@type\":\"ImageObject\",\"inLanguage\":\"fr-FR\",\"@id\":\"https:\\\/\\\/www.bellunopress.it\\\/2024\\\/06\\\/25\\\/staffetta-lions-per-la-pace-2024-36-tappe-dalle-tre-cime-a-roma-dal-5-luglio-al-12-settembre\\\/#primaryimage\",\"url\":\"https:\\\/\\\/www.bellunopress.it\\\/wp-content\\\/uploads\\\/2022\\\/04\\\/Lions-Club_edited.jpg\",\"contentUrl\":\"https:\\\/\\\/www.bellunopress.it\\\/wp-content\\\/uploads\\\/2022\\\/04\\\/Lions-Club_edited.jpg\",\"width\":900,\"height\":852},{\"@type\":\"BreadcrumbList\",\"@id\":\"https:\\\/\\\/www.bellunopress.it\\\/2024\\\/06\\\/25\\\/staffetta-lions-per-la-pace-2024-36-tappe-dalle-tre-cime-a-roma-dal-5-luglio-al-12-settembre\\\/#breadcrumb\",\"itemListElement\":[{\"@type\":\"ListItem\",\"position\":1,\"name\":\"Home\",\"item\":\"https:\\\/\\\/www.bellunopress.it\\\/\"},{\"@type\":\"ListItem\",\"position\":2,\"name\":\"Staffetta Lions per la pace 2024: 36 tappe, dalle Tre Cime a Roma dal 5 luglio al 12 settembre\"}]},{\"@type\":\"WebSite\",\"@id\":\"https:\\\/\\\/www.bellunopress.it\\\/#website\",\"url\":\"https:\\\/\\\/www.bellunopress.it\\\/\",\"name\":\"Bellunopress - Dolomiti\",\"description\":\"e-mail: redazione@bellunopress.it\",\"publisher\":{\"@id\":\"https:\\\/\\\/www.bellunopress.it\\\/#organization\"},\"potentialAction\":[{\"@type\":\"SearchAction\",\"target\":{\"@type\":\"EntryPoint\",\"urlTemplate\":\"https:\\\/\\\/www.bellunopress.it\\\/?s={search_term_string}\"},\"query-input\":{\"@type\":\"PropertyValueSpecification\",\"valueRequired\":true,\"valueName\":\"search_term_string\"}}],\"inLanguage\":\"fr-FR\"},{\"@type\":\"Organization\",\"@id\":\"https:\\\/\\\/www.bellunopress.it\\\/#organization\",\"name\":\"Bellunopress\",\"url\":\"https:\\\/\\\/www.bellunopress.it\\\/\",\"logo\":{\"@type\":\"ImageObject\",\"inLanguage\":\"fr-FR\",\"@id\":\"https:\\\/\\\/www.bellunopress.it\\\/#\\\/schema\\\/logo\\\/image\\\/\",\"url\":\"https:\\\/\\\/www.bellunopress.it\\\/wp-content\\\/uploads\\\/2011\\\/05\\\/cropped-logo-bellunopress-.jpg\",\"contentUrl\":\"https:\\\/\\\/www.bellunopress.it\\\/wp-content\\\/uploads\\\/2011\\\/05\\\/cropped-logo-bellunopress-.jpg\",\"width\":512,\"height\":512,\"caption\":\"Bellunopress\"},\"image\":{\"@id\":\"https:\\\/\\\/www.bellunopress.it\\\/#\\\/schema\\\/logo\\\/image\\\/\"},\"sameAs\":[\"https:\\\/\\\/www.facebook.com\\\/profile.php?id=100008943462799\",\"https:\\\/\\\/x.com\\\/bellunopress\",\"https:\\\/\\\/www.linkedin.com\\\/hp\\\/?dnr=JBzUWaJfMUw8vbXJJ2tVW5-I3jZKvC4wsoxE&amp;amp;amp;amp;amp;amp;trk=nav_responsive_tab_home\",\"https:\\\/\\\/www.youtube.com\\\/channel\\\/UCxL0wu1uN0_3_7hGG0306cw\"]},{\"@type\":\"Person\",\"@id\":\"https:\\\/\\\/www.bellunopress.it\\\/#\\\/schema\\\/person\\\/79bb06722b37ece1c03d3e94beb30d73\",\"name\":\"redazione\",\"image\":{\"@type\":\"ImageObject\",\"inLanguage\":\"fr-FR\",\"@id\":\"https:\\\/\\\/secure.gravatar.com\\\/avatar\\\/37d968a2e67a6fd04c169c4bdef102d0bc5d31b2546345219e348575eb80e9a0?s=96&d=mm&r=g\",\"url\":\"https:\\\/\\\/secure.gravatar.com\\\/avatar\\\/37d968a2e67a6fd04c169c4bdef102d0bc5d31b2546345219e348575eb80e9a0?s=96&d=mm&r=g\",\"contentUrl\":\"https:\\\/\\\/secure.gravatar.com\\\/avatar\\\/37d968a2e67a6fd04c169c4bdef102d0bc5d31b2546345219e348575eb80e9a0?s=96&d=mm&r=g\",\"caption\":\"redazione\"},\"sameAs\":[\"http:\\\/\\\/www.bellunopress.it\",\"https:\\\/\\\/x.com\\\/bellunopress\"],\"url\":\"https:\\\/\\\/www.bellunopress.it\\\/fr\\\/author\\\/redazione\\\/\"}]}<\/script>\n<!-- \/ Yoast SEO plugin. -->","yoast_head_json":{"title":"Staffetta Lions per la pace 2024: 36 tappe, dalle Tre Cime a Roma dal 5 luglio al 12 settembre - Bellunopress - Dolomiti","robots":{"index":"index","follow":"follow","max-snippet":"max-snippet:-1","max-image-preview":"max-image-preview:large","max-video-preview":"max-video-preview:-1"},"canonical":"https:\/\/www.bellunopress.it\/fr\/2024\/06\/25\/staffetta-lions-per-la-pace-2024-36-tappe-dalle-tre-cime-a-roma-dal-5-luglio-al-12-settembre\/","og_locale":"fr_FR","og_type":"article","og_title":"Staffetta Lions per la pace 2024: 36 tappe, dalle Tre Cime a Roma dal 5 luglio al 12 settembre - Bellunopress - Dolomiti","og_description":"E&#8217; stata presentata nei giorni scorsi in Sala consiliare del Municipio di Pieve di Cadore la Staffetta Lions per la Pace 2024. Sono intervenuti tre sostenitori d&#8217;eccezione: Moni Ovadia (attore, cantante, scrittore), Raffaele Crocco (giornalista Rai, autore, documentarista e inviato), e Giovanni Caccamo (cantautore). La Staffetta Lions per la Pace \u00e8 organizzata dal Distretto Ta2 [&hellip;]","og_url":"https:\/\/www.bellunopress.it\/fr\/2024\/06\/25\/staffetta-lions-per-la-pace-2024-36-tappe-dalle-tre-cime-a-roma-dal-5-luglio-al-12-settembre\/","og_site_name":"Bellunopress - Dolomiti","article_publisher":"https:\/\/www.facebook.com\/profile.php?id=100008943462799","article_published_time":"2024-06-25T14:10:44+00:00","og_image":[{"width":900,"height":852,"url":"https:\/\/www.bellunopress.it\/wp-content\/uploads\/2022\/04\/Lions-Club_edited.jpg","type":"image\/jpeg"}],"author":"redazione","twitter_card":"summary_large_image","twitter_creator":"@bellunopress","twitter_site":"@bellunopress","twitter_misc":{"\u00c9crit par":"redazione","Dur\u00e9e de lecture estim\u00e9e":"4 minutes"},"schema":{"@context":"https:\/\/schema.org","@graph":[{"@type":"Article","@id":"https:\/\/www.bellunopress.it\/2024\/06\/25\/staffetta-lions-per-la-pace-2024-36-tappe-dalle-tre-cime-a-roma-dal-5-luglio-al-12-settembre\/#article","isPartOf":{"@id":"https:\/\/www.bellunopress.it\/2024\/06\/25\/staffetta-lions-per-la-pace-2024-36-tappe-dalle-tre-cime-a-roma-dal-5-luglio-al-12-settembre\/"},"author":{"name":"redazione","@id":"https:\/\/www.bellunopress.it\/#\/schema\/person\/79bb06722b37ece1c03d3e94beb30d73"},"headline":"Staffetta Lions per la pace 2024: 36 tappe, dalle Tre Cime a Roma dal 5 luglio al 12 settembre","datePublished":"2024-06-25T14:10:44+00:00","mainEntityOfPage":{"@id":"https:\/\/www.bellunopress.it\/2024\/06\/25\/staffetta-lions-per-la-pace-2024-36-tappe-dalle-tre-cime-a-roma-dal-5-luglio-al-12-settembre\/"},"wordCount":889,"publisher":{"@id":"https:\/\/www.bellunopress.it\/#organization"},"image":{"@id":"https:\/\/www.bellunopress.it\/2024\/06\/25\/staffetta-lions-per-la-pace-2024-36-tappe-dalle-tre-cime-a-roma-dal-5-luglio-al-12-settembre\/#primaryimage"},"thumbnailUrl":"https:\/\/www.bellunopress.it\/wp-content\/uploads\/2022\/04\/Lions-Club_edited.jpg","articleSection":["Pausa Caff\u00e8","Societ\u00e0, Associazioni, Istituzioni"],"inLanguage":"fr-FR"},{"@type":"WebPage","@id":"https:\/\/www.bellunopress.it\/2024\/06\/25\/staffetta-lions-per-la-pace-2024-36-tappe-dalle-tre-cime-a-roma-dal-5-luglio-al-12-settembre\/","url":"https:\/\/www.bellunopress.it\/2024\/06\/25\/staffetta-lions-per-la-pace-2024-36-tappe-dalle-tre-cime-a-roma-dal-5-luglio-al-12-settembre\/","name":"Staffetta Lions per la pace 2024: 36 tappe, dalle Tre Cime a Roma dal 5 luglio al 12 settembre - Bellunopress - Dolomiti","isPartOf":{"@id":"https:\/\/www.bellunopress.it\/#website"},"primaryImageOfPage":{"@id":"https:\/\/www.bellunopress.it\/2024\/06\/25\/staffetta-lions-per-la-pace-2024-36-tappe-dalle-tre-cime-a-roma-dal-5-luglio-al-12-settembre\/#primaryimage"},"image":{"@id":"https:\/\/www.bellunopress.it\/2024\/06\/25\/staffetta-lions-per-la-pace-2024-36-tappe-dalle-tre-cime-a-roma-dal-5-luglio-al-12-settembre\/#primaryimage"},"thumbnailUrl":"https:\/\/www.bellunopress.it\/wp-content\/uploads\/2022\/04\/Lions-Club_edited.jpg","datePublished":"2024-06-25T14:10:44+00:00","breadcrumb":{"@id":"https:\/\/www.bellunopress.it\/2024\/06\/25\/staffetta-lions-per-la-pace-2024-36-tappe-dalle-tre-cime-a-roma-dal-5-luglio-al-12-settembre\/#breadcrumb"},"inLanguage":"fr-FR","potentialAction":[{"@type":"ReadAction","target":["https:\/\/www.bellunopress.it\/2024\/06\/25\/staffetta-lions-per-la-pace-2024-36-tappe-dalle-tre-cime-a-roma-dal-5-luglio-al-12-settembre\/"]}]},{"@type":"ImageObject","inLanguage":"fr-FR","@id":"https:\/\/www.bellunopress.it\/2024\/06\/25\/staffetta-lions-per-la-pace-2024-36-tappe-dalle-tre-cime-a-roma-dal-5-luglio-al-12-settembre\/#primaryimage","url":"https:\/\/www.bellunopress.it\/wp-content\/uploads\/2022\/04\/Lions-Club_edited.jpg","contentUrl":"https:\/\/www.bellunopress.it\/wp-content\/uploads\/2022\/04\/Lions-Club_edited.jpg","width":900,"height":852},{"@type":"BreadcrumbList","@id":"https:\/\/www.bellunopress.it\/2024\/06\/25\/staffetta-lions-per-la-pace-2024-36-tappe-dalle-tre-cime-a-roma-dal-5-luglio-al-12-settembre\/#breadcrumb","itemListElement":[{"@type":"ListItem","position":1,"name":"Home","item":"https:\/\/www.bellunopress.it\/"},{"@type":"ListItem","position":2,"name":"Staffetta Lions per la pace 2024: 36 tappe, dalle Tre Cime a Roma dal 5 luglio al 12 settembre"}]},{"@type":"WebSite","@id":"https:\/\/www.bellunopress.it\/#website","url":"https:\/\/www.bellunopress.it\/","name":"Bellunopress - Dolomiti","description":"e-mail: redazione@bellunopress.it","publisher":{"@id":"https:\/\/www.bellunopress.it\/#organization"},"potentialAction":[{"@type":"SearchAction","target":{"@type":"EntryPoint","urlTemplate":"https:\/\/www.bellunopress.it\/?s={search_term_string}"},"query-input":{"@type":"PropertyValueSpecification","valueRequired":true,"valueName":"search_term_string"}}],"inLanguage":"fr-FR"},{"@type":"Organization","@id":"https:\/\/www.bellunopress.it\/#organization","name":"Bellunopress","url":"https:\/\/www.bellunopress.it\/","logo":{"@type":"ImageObject","inLanguage":"fr-FR","@id":"https:\/\/www.bellunopress.it\/#\/schema\/logo\/image\/","url":"https:\/\/www.bellunopress.it\/wp-content\/uploads\/2011\/05\/cropped-logo-bellunopress-.jpg","contentUrl":"https:\/\/www.bellunopress.it\/wp-content\/uploads\/2011\/05\/cropped-logo-bellunopress-.jpg","width":512,"height":512,"caption":"Bellunopress"},"image":{"@id":"https:\/\/www.bellunopress.it\/#\/schema\/logo\/image\/"},"sameAs":["https:\/\/www.facebook.com\/profile.php?id=100008943462799","https:\/\/x.com\/bellunopress","https:\/\/www.linkedin.com\/hp\/?dnr=JBzUWaJfMUw8vbXJJ2tVW5-I3jZKvC4wsoxE&amp;amp;amp;amp;amp;amp;trk=nav_responsive_tab_home","https:\/\/www.youtube.com\/channel\/UCxL0wu1uN0_3_7hGG0306cw"]},{"@type":"Person","@id":"https:\/\/www.bellunopress.it\/#\/schema\/person\/79bb06722b37ece1c03d3e94beb30d73","name":"r\u00e9daction","image":{"@type":"ImageObject","inLanguage":"fr-FR","@id":"https:\/\/secure.gravatar.com\/avatar\/37d968a2e67a6fd04c169c4bdef102d0bc5d31b2546345219e348575eb80e9a0?s=96&d=mm&r=g","url":"https:\/\/secure.gravatar.com\/avatar\/37d968a2e67a6fd04c169c4bdef102d0bc5d31b2546345219e348575eb80e9a0?s=96&d=mm&r=g","contentUrl":"https:\/\/secure.gravatar.com\/avatar\/37d968a2e67a6fd04c169c4bdef102d0bc5d31b2546345219e348575eb80e9a0?s=96&d=mm&r=g","caption":"redazione"},"sameAs":["http:\/\/www.bellunopress.it","https:\/\/x.com\/bellunopress"],"url":"https:\/\/www.bellunopress.it\/fr\/author\/redazione\/"}]}},"_links":{"self":[{"href":"https:\/\/www.bellunopress.it\/fr\/wp-json\/wp\/v2\/posts\/151800","targetHints":{"allow":["GET"]}}],"collection":[{"href":"https:\/\/www.bellunopress.it\/fr\/wp-json\/wp\/v2\/posts"}],"about":[{"href":"https:\/\/www.bellunopress.it\/fr\/wp-json\/wp\/v2\/types\/post"}],"author":[{"embeddable":true,"href":"https:\/\/www.bellunopress.it\/fr\/wp-json\/wp\/v2\/users\/2"}],"replies":[{"embeddable":true,"href":"https:\/\/www.bellunopress.it\/fr\/wp-json\/wp\/v2\/comments?post=151800"}],"version-history":[{"count":1,"href":"https:\/\/www.bellunopress.it\/fr\/wp-json\/wp\/v2\/posts\/151800\/revisions"}],"predecessor-version":[{"id":151802,"href":"https:\/\/www.bellunopress.it\/fr\/wp-json\/wp\/v2\/posts\/151800\/revisions\/151802"}],"wp:featuredmedia":[{"embeddable":true,"href":"https:\/\/www.bellunopress.it\/fr\/wp-json\/wp\/v2\/media\/132457"}],"wp:attachment":[{"href":"https:\/\/www.bellunopress.it\/fr\/wp-json\/wp\/v2\/media?parent=151800"}],"wp:term":[{"taxonomy":"category","embeddable":true,"href":"https:\/\/www.bellunopress.it\/fr\/wp-json\/wp\/v2\/categories?post=151800"},{"taxonomy":"post_tag","embeddable":true,"href":"https:\/\/www.bellunopress.it\/fr\/wp-json\/wp\/v2\/tags?post=151800"}],"curies":[{"name":"wp","href":"https:\/\/api.w.org\/{rel}","templated":true}]}}