{"id":151524,"date":"2024-06-14T21:17:31","date_gmt":"2024-06-14T19:17:31","guid":{"rendered":"https:\/\/www.bellunopress.it\/?p=151524"},"modified":"2024-06-14T21:17:31","modified_gmt":"2024-06-14T19:17:31","slug":"nomina-assessori-a-santa-giustina-il-sindaco-non-ha-fiducia-nelle-competenze-dei-suoi-nuovi-consiglieri-di-moira-fiorot","status":"publish","type":"post","link":"https:\/\/www.bellunopress.it\/fr\/2024\/06\/14\/nomina-assessori-a-santa-giustina-il-sindaco-non-ha-fiducia-nelle-competenze-dei-suoi-nuovi-consiglieri-di-moira-fiorot\/","title":{"rendered":"Nomina assessori a Santa Giustina. Il sindaco non ha fiducia nelle competenze dei suoi nuovi consiglieri?  * di Moira Fiorot"},"content":{"rendered":"<p><img loading=\"lazy\" decoding=\"async\" class=\"alignleft size-full wp-image-123120\" src=\"https:\/\/www.bellunopress.it\/wp-content\/uploads\/2021\/04\/Comune-di-Santa-Giustina_edited.jpg\" alt=\"\" width=\"350\" height=\"350\" srcset=\"https:\/\/www.bellunopress.it\/wp-content\/uploads\/2021\/04\/Comune-di-Santa-Giustina_edited.jpg 350w, https:\/\/www.bellunopress.it\/wp-content\/uploads\/2021\/04\/Comune-di-Santa-Giustina_edited-300x300.jpg 300w\" sizes=\"auto, (max-width: 350px) 100vw, 350px\" \/>L\u2019elezione diretta del Sindaco datata 1993 costringe i candidati a presentarsi alle elezioni con una lista di nomi di futuri consiglieri ed un programma ben delineato. I cittadini possono cos\u00ec scegliere direttamente e sovranamente Sindaco e consiglieri; nel caso di Santa Giustina nella rosa degli 8 eletti di maggioranza saranno scelti gli assessori. Questo \u00e8 ci\u00f2 che prevede lo Statuto del nostro Comune votato dopo mesi di intensi dibattiti e studio dall\u2019intero consiglio comunale e mai modificato nelle parti fondamentali.<br \/>\nLo statuto che \u00e8 l&#8217;atto fondamentale che garantisce e regola l&#8217;esercizio dell&#8217;autonomia normativa ed organizzativa del Comune, nell&#8217;ambito dei principi fissati dal Decreto Legislativo 18.8.2000 n. 267, costituisce la fonte normativa che, attuando i principi costituzionali e legislativi dell&#8217;autonomia locale stabilisce anche le funzioni del consiglio comunale, la composizione della giunta.<\/p>\n<p>Lo Statuto prevede che gli assessori siano scelti dal Sindaco fra i consiglieri eletti:<br \/>\nquesto passaggio a lungo dibattuto ma alfine votato da tutti i consiglieri voleva e vuole sancire un principio fondamentale della democrazia : il voto dei cittadini e le preferenze da questi date sono la massima espressione della Democrazia partecipata: significa ieri come oggi che pur rimanendo in capo al Sindaco la scelta degli assessori esso NON PUO\u2019 cancellare la volont\u00e0 dei cittadini che hanno scelto anche chi insieme a lui governer\u00e0.<\/p>\n<p>Si \u00e8 voluto evitare che chi non entrava in consiglio per la porta principale delle preferenze entrasse poi magari dalla finestra come assessore.<\/p>\n<p>L\u2019elezione degli assessori solo fra i consiglieri eletti era ed \u00e8 un sistema limpido che aiuta il cittadino a scegliere la squadra che lo governer\u00e0.<br \/>\nPensare di cambiare lo Statuto ad elezioni concluse con l\u2019unica motivazione di non dar ascolto alla volont\u00e0 dei cittadini che hanno espresso in maniera chiara ed insindacabile la loro volont\u00e0 lascia molto perplessi.<br \/>\nMoira Fiorot<\/p>","protected":false},"excerpt":{"rendered":"<p>L\u2019elezione diretta del Sindaco datata 1993 costringe i candidati a presentarsi alle elezioni con una lista di nomi di futuri consiglieri ed un programma ben delineato. I cittadini possono cos\u00ec scegliere direttamente e sovranamente Sindaco e consiglieri; nel caso di Santa Giustina nella rosa degli 8 eletti di maggioranza saranno scelti gli assessori. Questo \u00e8 [&hellip;]<\/p>\n","protected":false},"author":2,"featured_media":123120,"comment_status":"closed","ping_status":"open","sticky":false,"template":"","format":"standard","meta":{"footnotes":""},"categories":[5],"tags":[],"class_list":["post-151524","post","type-post","status-publish","format-standard","has-post-thumbnail","category-cronaca"],"yoast_head":"<!-- This site is optimized with the Yoast SEO plugin v28.4 - https:\/\/yoast.com\/product\/yoast-seo-wordpress\/ -->\n<title>Nomina assessori a Santa Giustina. Il sindaco non ha fiducia nelle competenze dei suoi nuovi consiglieri? * di Moira Fiorot - Bellunopress - Dolomiti<\/title>\n<meta name=\"robots\" content=\"index, follow, max-snippet:-1, max-image-preview:large, max-video-preview:-1\" \/>\n<link rel=\"canonical\" href=\"https:\/\/www.bellunopress.it\/fr\/2024\/06\/14\/nomina-assessori-a-santa-giustina-il-sindaco-non-ha-fiducia-nelle-competenze-dei-suoi-nuovi-consiglieri-di-moira-fiorot\/\" \/>\n<meta property=\"og:locale\" content=\"fr_FR\" \/>\n<meta property=\"og:type\" content=\"article\" \/>\n<meta property=\"og:title\" content=\"Nomina assessori a Santa Giustina. Il sindaco non ha fiducia nelle competenze dei suoi nuovi consiglieri? * di Moira Fiorot - Bellunopress - Dolomiti\" \/>\n<meta property=\"og:description\" content=\"L\u2019elezione diretta del Sindaco datata 1993 costringe i candidati a presentarsi alle elezioni con una lista di nomi di futuri consiglieri ed un programma ben delineato. I cittadini possono cos\u00ec scegliere direttamente e sovranamente Sindaco e consiglieri; nel caso di Santa Giustina nella rosa degli 8 eletti di maggioranza saranno scelti gli assessori. Questo \u00e8 [&hellip;]\" \/>\n<meta property=\"og:url\" content=\"https:\/\/www.bellunopress.it\/fr\/2024\/06\/14\/nomina-assessori-a-santa-giustina-il-sindaco-non-ha-fiducia-nelle-competenze-dei-suoi-nuovi-consiglieri-di-moira-fiorot\/\" \/>\n<meta property=\"og:site_name\" content=\"Bellunopress - Dolomiti\" \/>\n<meta property=\"article:publisher\" content=\"https:\/\/www.facebook.com\/profile.php?id=100008943462799\" \/>\n<meta property=\"article:published_time\" content=\"2024-06-14T19:17:31+00:00\" \/>\n<meta property=\"og:image\" content=\"https:\/\/www.bellunopress.it\/wp-content\/uploads\/2021\/04\/Comune-di-Santa-Giustina_edited.jpg\" \/>\n\t<meta property=\"og:image:width\" content=\"350\" \/>\n\t<meta property=\"og:image:height\" content=\"350\" \/>\n\t<meta property=\"og:image:type\" content=\"image\/jpeg\" \/>\n<meta name=\"author\" content=\"redazione\" \/>\n<meta name=\"twitter:card\" content=\"summary_large_image\" \/>\n<meta name=\"twitter:creator\" content=\"@bellunopress\" \/>\n<meta name=\"twitter:site\" content=\"@bellunopress\" \/>\n<meta name=\"twitter:label1\" content=\"\u00c9crit par\" \/>\n\t<meta name=\"twitter:data1\" content=\"redazione\" \/>\n\t<meta name=\"twitter:label2\" content=\"Dur\u00e9e de lecture estim\u00e9e\" \/>\n\t<meta name=\"twitter:data2\" content=\"1 minute\" \/>\n<script type=\"application\/ld+json\" class=\"yoast-schema-graph\">{\"@context\":\"https:\\\/\\\/schema.org\",\"@graph\":[{\"@type\":\"Article\",\"@id\":\"https:\\\/\\\/www.bellunopress.it\\\/2024\\\/06\\\/14\\\/nomina-assessori-a-santa-giustina-il-sindaco-non-ha-fiducia-nelle-competenze-dei-suoi-nuovi-consiglieri-di-moira-fiorot\\\/#article\",\"isPartOf\":{\"@id\":\"https:\\\/\\\/www.bellunopress.it\\\/2024\\\/06\\\/14\\\/nomina-assessori-a-santa-giustina-il-sindaco-non-ha-fiducia-nelle-competenze-dei-suoi-nuovi-consiglieri-di-moira-fiorot\\\/\"},\"author\":{\"name\":\"redazione\",\"@id\":\"https:\\\/\\\/www.bellunopress.it\\\/#\\\/schema\\\/person\\\/79bb06722b37ece1c03d3e94beb30d73\"},\"headline\":\"Nomina assessori a Santa Giustina. Il sindaco non ha fiducia nelle competenze dei suoi nuovi consiglieri? * di Moira Fiorot\",\"datePublished\":\"2024-06-14T19:17:31+00:00\",\"mainEntityOfPage\":{\"@id\":\"https:\\\/\\\/www.bellunopress.it\\\/2024\\\/06\\\/14\\\/nomina-assessori-a-santa-giustina-il-sindaco-non-ha-fiducia-nelle-competenze-dei-suoi-nuovi-consiglieri-di-moira-fiorot\\\/\"},\"wordCount\":318,\"publisher\":{\"@id\":\"https:\\\/\\\/www.bellunopress.it\\\/#organization\"},\"image\":{\"@id\":\"https:\\\/\\\/www.bellunopress.it\\\/2024\\\/06\\\/14\\\/nomina-assessori-a-santa-giustina-il-sindaco-non-ha-fiducia-nelle-competenze-dei-suoi-nuovi-consiglieri-di-moira-fiorot\\\/#primaryimage\"},\"thumbnailUrl\":\"https:\\\/\\\/www.bellunopress.it\\\/wp-content\\\/uploads\\\/2021\\\/04\\\/Comune-di-Santa-Giustina_edited.jpg\",\"articleSection\":[\"Cronaca\\\/Politica\"],\"inLanguage\":\"fr-FR\"},{\"@type\":\"WebPage\",\"@id\":\"https:\\\/\\\/www.bellunopress.it\\\/2024\\\/06\\\/14\\\/nomina-assessori-a-santa-giustina-il-sindaco-non-ha-fiducia-nelle-competenze-dei-suoi-nuovi-consiglieri-di-moira-fiorot\\\/\",\"url\":\"https:\\\/\\\/www.bellunopress.it\\\/2024\\\/06\\\/14\\\/nomina-assessori-a-santa-giustina-il-sindaco-non-ha-fiducia-nelle-competenze-dei-suoi-nuovi-consiglieri-di-moira-fiorot\\\/\",\"name\":\"Nomina assessori a Santa Giustina. Il sindaco non ha fiducia nelle competenze dei suoi nuovi consiglieri? * di Moira Fiorot - Bellunopress - Dolomiti\",\"isPartOf\":{\"@id\":\"https:\\\/\\\/www.bellunopress.it\\\/#website\"},\"primaryImageOfPage\":{\"@id\":\"https:\\\/\\\/www.bellunopress.it\\\/2024\\\/06\\\/14\\\/nomina-assessori-a-santa-giustina-il-sindaco-non-ha-fiducia-nelle-competenze-dei-suoi-nuovi-consiglieri-di-moira-fiorot\\\/#primaryimage\"},\"image\":{\"@id\":\"https:\\\/\\\/www.bellunopress.it\\\/2024\\\/06\\\/14\\\/nomina-assessori-a-santa-giustina-il-sindaco-non-ha-fiducia-nelle-competenze-dei-suoi-nuovi-consiglieri-di-moira-fiorot\\\/#primaryimage\"},\"thumbnailUrl\":\"https:\\\/\\\/www.bellunopress.it\\\/wp-content\\\/uploads\\\/2021\\\/04\\\/Comune-di-Santa-Giustina_edited.jpg\",\"datePublished\":\"2024-06-14T19:17:31+00:00\",\"breadcrumb\":{\"@id\":\"https:\\\/\\\/www.bellunopress.it\\\/2024\\\/06\\\/14\\\/nomina-assessori-a-santa-giustina-il-sindaco-non-ha-fiducia-nelle-competenze-dei-suoi-nuovi-consiglieri-di-moira-fiorot\\\/#breadcrumb\"},\"inLanguage\":\"fr-FR\",\"potentialAction\":[{\"@type\":\"ReadAction\",\"target\":[\"https:\\\/\\\/www.bellunopress.it\\\/2024\\\/06\\\/14\\\/nomina-assessori-a-santa-giustina-il-sindaco-non-ha-fiducia-nelle-competenze-dei-suoi-nuovi-consiglieri-di-moira-fiorot\\\/\"]}]},{\"@type\":\"ImageObject\",\"inLanguage\":\"fr-FR\",\"@id\":\"https:\\\/\\\/www.bellunopress.it\\\/2024\\\/06\\\/14\\\/nomina-assessori-a-santa-giustina-il-sindaco-non-ha-fiducia-nelle-competenze-dei-suoi-nuovi-consiglieri-di-moira-fiorot\\\/#primaryimage\",\"url\":\"https:\\\/\\\/www.bellunopress.it\\\/wp-content\\\/uploads\\\/2021\\\/04\\\/Comune-di-Santa-Giustina_edited.jpg\",\"contentUrl\":\"https:\\\/\\\/www.bellunopress.it\\\/wp-content\\\/uploads\\\/2021\\\/04\\\/Comune-di-Santa-Giustina_edited.jpg\",\"width\":350,\"height\":350},{\"@type\":\"BreadcrumbList\",\"@id\":\"https:\\\/\\\/www.bellunopress.it\\\/2024\\\/06\\\/14\\\/nomina-assessori-a-santa-giustina-il-sindaco-non-ha-fiducia-nelle-competenze-dei-suoi-nuovi-consiglieri-di-moira-fiorot\\\/#breadcrumb\",\"itemListElement\":[{\"@type\":\"ListItem\",\"position\":1,\"name\":\"Home\",\"item\":\"https:\\\/\\\/www.bellunopress.it\\\/\"},{\"@type\":\"ListItem\",\"position\":2,\"name\":\"Nomina assessori a Santa Giustina. Il sindaco non ha fiducia nelle competenze dei suoi nuovi consiglieri? * di Moira Fiorot\"}]},{\"@type\":\"WebSite\",\"@id\":\"https:\\\/\\\/www.bellunopress.it\\\/#website\",\"url\":\"https:\\\/\\\/www.bellunopress.it\\\/\",\"name\":\"Bellunopress - Dolomiti\",\"description\":\"e-mail: redazione@bellunopress.it\",\"publisher\":{\"@id\":\"https:\\\/\\\/www.bellunopress.it\\\/#organization\"},\"potentialAction\":[{\"@type\":\"SearchAction\",\"target\":{\"@type\":\"EntryPoint\",\"urlTemplate\":\"https:\\\/\\\/www.bellunopress.it\\\/?s={search_term_string}\"},\"query-input\":{\"@type\":\"PropertyValueSpecification\",\"valueRequired\":true,\"valueName\":\"search_term_string\"}}],\"inLanguage\":\"fr-FR\"},{\"@type\":\"Organization\",\"@id\":\"https:\\\/\\\/www.bellunopress.it\\\/#organization\",\"name\":\"Bellunopress\",\"url\":\"https:\\\/\\\/www.bellunopress.it\\\/\",\"logo\":{\"@type\":\"ImageObject\",\"inLanguage\":\"fr-FR\",\"@id\":\"https:\\\/\\\/www.bellunopress.it\\\/#\\\/schema\\\/logo\\\/image\\\/\",\"url\":\"https:\\\/\\\/www.bellunopress.it\\\/wp-content\\\/uploads\\\/2011\\\/05\\\/cropped-logo-bellunopress-.jpg\",\"contentUrl\":\"https:\\\/\\\/www.bellunopress.it\\\/wp-content\\\/uploads\\\/2011\\\/05\\\/cropped-logo-bellunopress-.jpg\",\"width\":512,\"height\":512,\"caption\":\"Bellunopress\"},\"image\":{\"@id\":\"https:\\\/\\\/www.bellunopress.it\\\/#\\\/schema\\\/logo\\\/image\\\/\"},\"sameAs\":[\"https:\\\/\\\/www.facebook.com\\\/profile.php?id=100008943462799\",\"https:\\\/\\\/x.com\\\/bellunopress\",\"https:\\\/\\\/www.linkedin.com\\\/hp\\\/?dnr=JBzUWaJfMUw8vbXJJ2tVW5-I3jZKvC4wsoxE&amp;amp;amp;amp;amp;amp;trk=nav_responsive_tab_home\",\"https:\\\/\\\/www.youtube.com\\\/channel\\\/UCxL0wu1uN0_3_7hGG0306cw\"]},{\"@type\":\"Person\",\"@id\":\"https:\\\/\\\/www.bellunopress.it\\\/#\\\/schema\\\/person\\\/79bb06722b37ece1c03d3e94beb30d73\",\"name\":\"redazione\",\"image\":{\"@type\":\"ImageObject\",\"inLanguage\":\"fr-FR\",\"@id\":\"https:\\\/\\\/secure.gravatar.com\\\/avatar\\\/37d968a2e67a6fd04c169c4bdef102d0bc5d31b2546345219e348575eb80e9a0?s=96&d=mm&r=g\",\"url\":\"https:\\\/\\\/secure.gravatar.com\\\/avatar\\\/37d968a2e67a6fd04c169c4bdef102d0bc5d31b2546345219e348575eb80e9a0?s=96&d=mm&r=g\",\"contentUrl\":\"https:\\\/\\\/secure.gravatar.com\\\/avatar\\\/37d968a2e67a6fd04c169c4bdef102d0bc5d31b2546345219e348575eb80e9a0?s=96&d=mm&r=g\",\"caption\":\"redazione\"},\"sameAs\":[\"http:\\\/\\\/www.bellunopress.it\",\"https:\\\/\\\/x.com\\\/bellunopress\"],\"url\":\"https:\\\/\\\/www.bellunopress.it\\\/fr\\\/author\\\/redazione\\\/\"}]}<\/script>\n<!-- \/ Yoast SEO plugin. -->","yoast_head_json":{"title":"Nomina assessori a Santa Giustina. Il sindaco non ha fiducia nelle competenze dei suoi nuovi consiglieri? * di Moira Fiorot - Bellunopress - Dolomiti","robots":{"index":"index","follow":"follow","max-snippet":"max-snippet:-1","max-image-preview":"max-image-preview:large","max-video-preview":"max-video-preview:-1"},"canonical":"https:\/\/www.bellunopress.it\/fr\/2024\/06\/14\/nomina-assessori-a-santa-giustina-il-sindaco-non-ha-fiducia-nelle-competenze-dei-suoi-nuovi-consiglieri-di-moira-fiorot\/","og_locale":"fr_FR","og_type":"article","og_title":"Nomina assessori a Santa Giustina. Il sindaco non ha fiducia nelle competenze dei suoi nuovi consiglieri? * di Moira Fiorot - Bellunopress - Dolomiti","og_description":"L\u2019elezione diretta del Sindaco datata 1993 costringe i candidati a presentarsi alle elezioni con una lista di nomi di futuri consiglieri ed un programma ben delineato. I cittadini possono cos\u00ec scegliere direttamente e sovranamente Sindaco e consiglieri; nel caso di Santa Giustina nella rosa degli 8 eletti di maggioranza saranno scelti gli assessori. Questo \u00e8 [&hellip;]","og_url":"https:\/\/www.bellunopress.it\/fr\/2024\/06\/14\/nomina-assessori-a-santa-giustina-il-sindaco-non-ha-fiducia-nelle-competenze-dei-suoi-nuovi-consiglieri-di-moira-fiorot\/","og_site_name":"Bellunopress - Dolomiti","article_publisher":"https:\/\/www.facebook.com\/profile.php?id=100008943462799","article_published_time":"2024-06-14T19:17:31+00:00","og_image":[{"width":350,"height":350,"url":"https:\/\/www.bellunopress.it\/wp-content\/uploads\/2021\/04\/Comune-di-Santa-Giustina_edited.jpg","type":"image\/jpeg"}],"author":"redazione","twitter_card":"summary_large_image","twitter_creator":"@bellunopress","twitter_site":"@bellunopress","twitter_misc":{"\u00c9crit par":"redazione","Dur\u00e9e de lecture estim\u00e9e":"1 minute"},"schema":{"@context":"https:\/\/schema.org","@graph":[{"@type":"Article","@id":"https:\/\/www.bellunopress.it\/2024\/06\/14\/nomina-assessori-a-santa-giustina-il-sindaco-non-ha-fiducia-nelle-competenze-dei-suoi-nuovi-consiglieri-di-moira-fiorot\/#article","isPartOf":{"@id":"https:\/\/www.bellunopress.it\/2024\/06\/14\/nomina-assessori-a-santa-giustina-il-sindaco-non-ha-fiducia-nelle-competenze-dei-suoi-nuovi-consiglieri-di-moira-fiorot\/"},"author":{"name":"redazione","@id":"https:\/\/www.bellunopress.it\/#\/schema\/person\/79bb06722b37ece1c03d3e94beb30d73"},"headline":"Nomina assessori a Santa Giustina. Il sindaco non ha fiducia nelle competenze dei suoi nuovi consiglieri? * di Moira Fiorot","datePublished":"2024-06-14T19:17:31+00:00","mainEntityOfPage":{"@id":"https:\/\/www.bellunopress.it\/2024\/06\/14\/nomina-assessori-a-santa-giustina-il-sindaco-non-ha-fiducia-nelle-competenze-dei-suoi-nuovi-consiglieri-di-moira-fiorot\/"},"wordCount":318,"publisher":{"@id":"https:\/\/www.bellunopress.it\/#organization"},"image":{"@id":"https:\/\/www.bellunopress.it\/2024\/06\/14\/nomina-assessori-a-santa-giustina-il-sindaco-non-ha-fiducia-nelle-competenze-dei-suoi-nuovi-consiglieri-di-moira-fiorot\/#primaryimage"},"thumbnailUrl":"https:\/\/www.bellunopress.it\/wp-content\/uploads\/2021\/04\/Comune-di-Santa-Giustina_edited.jpg","articleSection":["Cronaca\/Politica"],"inLanguage":"fr-FR"},{"@type":"WebPage","@id":"https:\/\/www.bellunopress.it\/2024\/06\/14\/nomina-assessori-a-santa-giustina-il-sindaco-non-ha-fiducia-nelle-competenze-dei-suoi-nuovi-consiglieri-di-moira-fiorot\/","url":"https:\/\/www.bellunopress.it\/2024\/06\/14\/nomina-assessori-a-santa-giustina-il-sindaco-non-ha-fiducia-nelle-competenze-dei-suoi-nuovi-consiglieri-di-moira-fiorot\/","name":"Nomina assessori a Santa Giustina. Il sindaco non ha fiducia nelle competenze dei suoi nuovi consiglieri? * di Moira Fiorot - Bellunopress - Dolomiti","isPartOf":{"@id":"https:\/\/www.bellunopress.it\/#website"},"primaryImageOfPage":{"@id":"https:\/\/www.bellunopress.it\/2024\/06\/14\/nomina-assessori-a-santa-giustina-il-sindaco-non-ha-fiducia-nelle-competenze-dei-suoi-nuovi-consiglieri-di-moira-fiorot\/#primaryimage"},"image":{"@id":"https:\/\/www.bellunopress.it\/2024\/06\/14\/nomina-assessori-a-santa-giustina-il-sindaco-non-ha-fiducia-nelle-competenze-dei-suoi-nuovi-consiglieri-di-moira-fiorot\/#primaryimage"},"thumbnailUrl":"https:\/\/www.bellunopress.it\/wp-content\/uploads\/2021\/04\/Comune-di-Santa-Giustina_edited.jpg","datePublished":"2024-06-14T19:17:31+00:00","breadcrumb":{"@id":"https:\/\/www.bellunopress.it\/2024\/06\/14\/nomina-assessori-a-santa-giustina-il-sindaco-non-ha-fiducia-nelle-competenze-dei-suoi-nuovi-consiglieri-di-moira-fiorot\/#breadcrumb"},"inLanguage":"fr-FR","potentialAction":[{"@type":"ReadAction","target":["https:\/\/www.bellunopress.it\/2024\/06\/14\/nomina-assessori-a-santa-giustina-il-sindaco-non-ha-fiducia-nelle-competenze-dei-suoi-nuovi-consiglieri-di-moira-fiorot\/"]}]},{"@type":"ImageObject","inLanguage":"fr-FR","@id":"https:\/\/www.bellunopress.it\/2024\/06\/14\/nomina-assessori-a-santa-giustina-il-sindaco-non-ha-fiducia-nelle-competenze-dei-suoi-nuovi-consiglieri-di-moira-fiorot\/#primaryimage","url":"https:\/\/www.bellunopress.it\/wp-content\/uploads\/2021\/04\/Comune-di-Santa-Giustina_edited.jpg","contentUrl":"https:\/\/www.bellunopress.it\/wp-content\/uploads\/2021\/04\/Comune-di-Santa-Giustina_edited.jpg","width":350,"height":350},{"@type":"BreadcrumbList","@id":"https:\/\/www.bellunopress.it\/2024\/06\/14\/nomina-assessori-a-santa-giustina-il-sindaco-non-ha-fiducia-nelle-competenze-dei-suoi-nuovi-consiglieri-di-moira-fiorot\/#breadcrumb","itemListElement":[{"@type":"ListItem","position":1,"name":"Home","item":"https:\/\/www.bellunopress.it\/"},{"@type":"ListItem","position":2,"name":"Nomina assessori a Santa Giustina. Il sindaco non ha fiducia nelle competenze dei suoi nuovi consiglieri? * di Moira Fiorot"}]},{"@type":"WebSite","@id":"https:\/\/www.bellunopress.it\/#website","url":"https:\/\/www.bellunopress.it\/","name":"Bellunopress - Dolomiti","description":"e-mail: redazione@bellunopress.it","publisher":{"@id":"https:\/\/www.bellunopress.it\/#organization"},"potentialAction":[{"@type":"SearchAction","target":{"@type":"EntryPoint","urlTemplate":"https:\/\/www.bellunopress.it\/?s={search_term_string}"},"query-input":{"@type":"PropertyValueSpecification","valueRequired":true,"valueName":"search_term_string"}}],"inLanguage":"fr-FR"},{"@type":"Organization","@id":"https:\/\/www.bellunopress.it\/#organization","name":"Bellunopress","url":"https:\/\/www.bellunopress.it\/","logo":{"@type":"ImageObject","inLanguage":"fr-FR","@id":"https:\/\/www.bellunopress.it\/#\/schema\/logo\/image\/","url":"https:\/\/www.bellunopress.it\/wp-content\/uploads\/2011\/05\/cropped-logo-bellunopress-.jpg","contentUrl":"https:\/\/www.bellunopress.it\/wp-content\/uploads\/2011\/05\/cropped-logo-bellunopress-.jpg","width":512,"height":512,"caption":"Bellunopress"},"image":{"@id":"https:\/\/www.bellunopress.it\/#\/schema\/logo\/image\/"},"sameAs":["https:\/\/www.facebook.com\/profile.php?id=100008943462799","https:\/\/x.com\/bellunopress","https:\/\/www.linkedin.com\/hp\/?dnr=JBzUWaJfMUw8vbXJJ2tVW5-I3jZKvC4wsoxE&amp;amp;amp;amp;amp;amp;trk=nav_responsive_tab_home","https:\/\/www.youtube.com\/channel\/UCxL0wu1uN0_3_7hGG0306cw"]},{"@type":"Person","@id":"https:\/\/www.bellunopress.it\/#\/schema\/person\/79bb06722b37ece1c03d3e94beb30d73","name":"r\u00e9daction","image":{"@type":"ImageObject","inLanguage":"fr-FR","@id":"https:\/\/secure.gravatar.com\/avatar\/37d968a2e67a6fd04c169c4bdef102d0bc5d31b2546345219e348575eb80e9a0?s=96&d=mm&r=g","url":"https:\/\/secure.gravatar.com\/avatar\/37d968a2e67a6fd04c169c4bdef102d0bc5d31b2546345219e348575eb80e9a0?s=96&d=mm&r=g","contentUrl":"https:\/\/secure.gravatar.com\/avatar\/37d968a2e67a6fd04c169c4bdef102d0bc5d31b2546345219e348575eb80e9a0?s=96&d=mm&r=g","caption":"redazione"},"sameAs":["http:\/\/www.bellunopress.it","https:\/\/x.com\/bellunopress"],"url":"https:\/\/www.bellunopress.it\/fr\/author\/redazione\/"}]}},"_links":{"self":[{"href":"https:\/\/www.bellunopress.it\/fr\/wp-json\/wp\/v2\/posts\/151524","targetHints":{"allow":["GET"]}}],"collection":[{"href":"https:\/\/www.bellunopress.it\/fr\/wp-json\/wp\/v2\/posts"}],"about":[{"href":"https:\/\/www.bellunopress.it\/fr\/wp-json\/wp\/v2\/types\/post"}],"author":[{"embeddable":true,"href":"https:\/\/www.bellunopress.it\/fr\/wp-json\/wp\/v2\/users\/2"}],"replies":[{"embeddable":true,"href":"https:\/\/www.bellunopress.it\/fr\/wp-json\/wp\/v2\/comments?post=151524"}],"version-history":[{"count":1,"href":"https:\/\/www.bellunopress.it\/fr\/wp-json\/wp\/v2\/posts\/151524\/revisions"}],"predecessor-version":[{"id":151525,"href":"https:\/\/www.bellunopress.it\/fr\/wp-json\/wp\/v2\/posts\/151524\/revisions\/151525"}],"wp:featuredmedia":[{"embeddable":true,"href":"https:\/\/www.bellunopress.it\/fr\/wp-json\/wp\/v2\/media\/123120"}],"wp:attachment":[{"href":"https:\/\/www.bellunopress.it\/fr\/wp-json\/wp\/v2\/media?parent=151524"}],"wp:term":[{"taxonomy":"category","embeddable":true,"href":"https:\/\/www.bellunopress.it\/fr\/wp-json\/wp\/v2\/categories?post=151524"},{"taxonomy":"post_tag","embeddable":true,"href":"https:\/\/www.bellunopress.it\/fr\/wp-json\/wp\/v2\/tags?post=151524"}],"curies":[{"name":"wp","href":"https:\/\/api.w.org\/{rel}","templated":true}]}}