{"id":151521,"date":"2024-06-14T21:06:37","date_gmt":"2024-06-14T19:06:37","guid":{"rendered":"https:\/\/www.bellunopress.it\/?p=151521"},"modified":"2024-06-14T21:06:37","modified_gmt":"2024-06-14T19:06:37","slug":"matti-al-cubo-le-tre-dimensioni-della-persona-il-20-giugno-al-caffe-letterario-enaip-campus-tina-merlin-a-feltre","status":"publish","type":"post","link":"https:\/\/www.bellunopress.it\/fr\/2024\/06\/14\/matti-al-cubo-le-tre-dimensioni-della-persona-il-20-giugno-al-caffe-letterario-enaip-campus-tina-merlin-a-feltre\/","title":{"rendered":"Matti al cubo, le tre dimensioni della persona. Il 20 giugno al Caff\u00e8 letterario Enaip, Campus Tina Merlin a Feltre"},"content":{"rendered":"<p><img loading=\"lazy\" decoding=\"async\" class=\"alignleft size-full wp-image-151522\" src=\"https:\/\/www.bellunopress.it\/wp-content\/uploads\/2024\/06\/matti-al-cubo_edited.jpg\" alt=\"\" width=\"802\" height=\"1000\" srcset=\"https:\/\/www.bellunopress.it\/wp-content\/uploads\/2024\/06\/matti-al-cubo_edited.jpg 802w, https:\/\/www.bellunopress.it\/wp-content\/uploads\/2024\/06\/matti-al-cubo_edited-401x500.jpg 401w, https:\/\/www.bellunopress.it\/wp-content\/uploads\/2024\/06\/matti-al-cubo_edited-337x420.jpg 337w, https:\/\/www.bellunopress.it\/wp-content\/uploads\/2024\/06\/matti-al-cubo_edited-696x868.jpg 696w\" sizes=\"auto, (max-width: 802px) 100vw, 802px\" \/>C.I.A.O. (Comitato Inclusivo di Azione e Orientamento), in collaborazione con il Comitato Feltrino per il diritto alla salute mentale &#8211; Gi\u00f9 le mani dalla salute bellunese, organizza un altro incontro\u00a0verso il secondo Pride di Belluno.<\/p>\n<p>Il 20 Giugno, alle 18:30, presso il Caff\u00e8 letterario ENAIP, Campus Tina Merlin Feltre, si terr\u00e0 un talk interattivo sulla salute mentale. &#8220;Verr\u00e0 trattato questo tema, di cui abbiamo parlato anche nel Manifesto 2024 del Belluno Pride, con focus principale sulla persona. Parleremo della salute mentale attraverso vari argomenti come la vulnerabilit\u00e0, lo stress, fattori biologici, psicologici e sociali, le minoranze e tanto altro ancora. Il tutto con tre ospiti d&#8217;eccezione: Romana Lucattelli, Tecnico della Riabilitazione Psichiatrica; Alberta Xodo, Psicologa, Psicoterapeuta e Sessuologa Clinica, che ha gi\u00e0 collaborato pi\u00f9 volte con il C.I.A.O.; Rodolfo Pessina, Medico Chirurgo Psichiatra e Sessuologo Clinico, meglio conosciuto sui social con il nome di @sexotan_gocce. Questi ultimi due professionisti, ospiti d&#8217;onore dell&#8217;evento, sono esponenti di spicco, tra pubblicazioni e ricerca, anche per il trattamento e la divulgazione delle tematiche appartenenti alla comunit\u00e0 LGBTQIA+.&#8221;<br \/>\nUna serata per tutt\u0259 all&#8217;insegna della formazione, dell&#8217;informazione e della condivisione riguardo una tematica attuale e molto importante, che risulta ancora di difficile gestione e comprensione.<br \/>\nVerso il\u00a013 luglio, data del Belluno Pride\u00a02024.<\/p>","protected":false},"excerpt":{"rendered":"<p>C.I.A.O. (Comitato Inclusivo di Azione e Orientamento), in collaborazione con il Comitato Feltrino per il diritto alla salute mentale &#8211; Gi\u00f9 le mani dalla salute bellunese, organizza un altro incontro\u00a0verso il secondo Pride di Belluno. Il 20 Giugno, alle 18:30, presso il Caff\u00e8 letterario ENAIP, Campus Tina Merlin Feltre, si terr\u00e0 un talk interattivo sulla [&hellip;]<\/p>\n","protected":false},"author":2,"featured_media":151522,"comment_status":"closed","ping_status":"open","sticky":false,"template":"","format":"standard","meta":{"footnotes":""},"categories":[27,25],"tags":[],"class_list":["post-151521","post","type-post","status-publish","format-standard","has-post-thumbnail","category-appuntamenti","category-pausa-caffe"],"yoast_head":"<!-- This site is optimized with the Yoast SEO plugin v28.4 - https:\/\/yoast.com\/product\/yoast-seo-wordpress\/ -->\n<title>Matti al cubo, le tre dimensioni della persona. Il 20 giugno al Caff\u00e8 letterario Enaip, Campus Tina Merlin a Feltre - Bellunopress - Dolomiti<\/title>\n<meta name=\"robots\" content=\"index, follow, max-snippet:-1, max-image-preview:large, max-video-preview:-1\" \/>\n<link rel=\"canonical\" href=\"https:\/\/www.bellunopress.it\/fr\/2024\/06\/14\/matti-al-cubo-le-tre-dimensioni-della-persona-il-20-giugno-al-caffe-letterario-enaip-campus-tina-merlin-a-feltre\/\" \/>\n<meta property=\"og:locale\" content=\"fr_FR\" \/>\n<meta property=\"og:type\" content=\"article\" \/>\n<meta property=\"og:title\" content=\"Matti al cubo, le tre dimensioni della persona. Il 20 giugno al Caff\u00e8 letterario Enaip, Campus Tina Merlin a Feltre - Bellunopress - Dolomiti\" \/>\n<meta property=\"og:description\" content=\"C.I.A.O. (Comitato Inclusivo di Azione e Orientamento), in collaborazione con il Comitato Feltrino per il diritto alla salute mentale &#8211; Gi\u00f9 le mani dalla salute bellunese, organizza un altro incontro\u00a0verso il secondo Pride di Belluno. Il 20 Giugno, alle 18:30, presso il Caff\u00e8 letterario ENAIP, Campus Tina Merlin Feltre, si terr\u00e0 un talk interattivo sulla [&hellip;]\" \/>\n<meta property=\"og:url\" content=\"https:\/\/www.bellunopress.it\/fr\/2024\/06\/14\/matti-al-cubo-le-tre-dimensioni-della-persona-il-20-giugno-al-caffe-letterario-enaip-campus-tina-merlin-a-feltre\/\" \/>\n<meta property=\"og:site_name\" content=\"Bellunopress - Dolomiti\" \/>\n<meta property=\"article:publisher\" content=\"https:\/\/www.facebook.com\/profile.php?id=100008943462799\" \/>\n<meta property=\"article:published_time\" content=\"2024-06-14T19:06:37+00:00\" \/>\n<meta property=\"og:image\" content=\"https:\/\/www.bellunopress.it\/wp-content\/uploads\/2024\/06\/matti-al-cubo_edited.jpg\" \/>\n\t<meta property=\"og:image:width\" content=\"802\" \/>\n\t<meta property=\"og:image:height\" content=\"1000\" \/>\n\t<meta property=\"og:image:type\" content=\"image\/jpeg\" \/>\n<meta name=\"author\" content=\"redazione\" \/>\n<meta name=\"twitter:card\" content=\"summary_large_image\" \/>\n<meta name=\"twitter:creator\" content=\"@bellunopress\" \/>\n<meta name=\"twitter:site\" content=\"@bellunopress\" \/>\n<meta name=\"twitter:label1\" content=\"\u00c9crit par\" \/>\n\t<meta name=\"twitter:data1\" content=\"redazione\" \/>\n\t<meta name=\"twitter:label2\" content=\"Dur\u00e9e de lecture estim\u00e9e\" \/>\n\t<meta name=\"twitter:data2\" content=\"1 minute\" \/>\n<script type=\"application\/ld+json\" class=\"yoast-schema-graph\">{\"@context\":\"https:\\\/\\\/schema.org\",\"@graph\":[{\"@type\":\"Article\",\"@id\":\"https:\\\/\\\/www.bellunopress.it\\\/2024\\\/06\\\/14\\\/matti-al-cubo-le-tre-dimensioni-della-persona-il-20-giugno-al-caffe-letterario-enaip-campus-tina-merlin-a-feltre\\\/#article\",\"isPartOf\":{\"@id\":\"https:\\\/\\\/www.bellunopress.it\\\/2024\\\/06\\\/14\\\/matti-al-cubo-le-tre-dimensioni-della-persona-il-20-giugno-al-caffe-letterario-enaip-campus-tina-merlin-a-feltre\\\/\"},\"author\":{\"name\":\"redazione\",\"@id\":\"https:\\\/\\\/www.bellunopress.it\\\/#\\\/schema\\\/person\\\/79bb06722b37ece1c03d3e94beb30d73\"},\"headline\":\"Matti al cubo, le tre dimensioni della persona. Il 20 giugno al Caff\u00e8 letterario Enaip, Campus Tina Merlin a Feltre\",\"datePublished\":\"2024-06-14T19:06:37+00:00\",\"mainEntityOfPage\":{\"@id\":\"https:\\\/\\\/www.bellunopress.it\\\/2024\\\/06\\\/14\\\/matti-al-cubo-le-tre-dimensioni-della-persona-il-20-giugno-al-caffe-letterario-enaip-campus-tina-merlin-a-feltre\\\/\"},\"wordCount\":235,\"publisher\":{\"@id\":\"https:\\\/\\\/www.bellunopress.it\\\/#organization\"},\"image\":{\"@id\":\"https:\\\/\\\/www.bellunopress.it\\\/2024\\\/06\\\/14\\\/matti-al-cubo-le-tre-dimensioni-della-persona-il-20-giugno-al-caffe-letterario-enaip-campus-tina-merlin-a-feltre\\\/#primaryimage\"},\"thumbnailUrl\":\"https:\\\/\\\/www.bellunopress.it\\\/wp-content\\\/uploads\\\/2024\\\/06\\\/matti-al-cubo_edited.jpg\",\"articleSection\":[\"Appuntamenti, Eventi\",\"Pausa Caff\u00e8\"],\"inLanguage\":\"fr-FR\"},{\"@type\":\"WebPage\",\"@id\":\"https:\\\/\\\/www.bellunopress.it\\\/2024\\\/06\\\/14\\\/matti-al-cubo-le-tre-dimensioni-della-persona-il-20-giugno-al-caffe-letterario-enaip-campus-tina-merlin-a-feltre\\\/\",\"url\":\"https:\\\/\\\/www.bellunopress.it\\\/2024\\\/06\\\/14\\\/matti-al-cubo-le-tre-dimensioni-della-persona-il-20-giugno-al-caffe-letterario-enaip-campus-tina-merlin-a-feltre\\\/\",\"name\":\"Matti al cubo, le tre dimensioni della persona. Il 20 giugno al Caff\u00e8 letterario Enaip, Campus Tina Merlin a Feltre - Bellunopress - Dolomiti\",\"isPartOf\":{\"@id\":\"https:\\\/\\\/www.bellunopress.it\\\/#website\"},\"primaryImageOfPage\":{\"@id\":\"https:\\\/\\\/www.bellunopress.it\\\/2024\\\/06\\\/14\\\/matti-al-cubo-le-tre-dimensioni-della-persona-il-20-giugno-al-caffe-letterario-enaip-campus-tina-merlin-a-feltre\\\/#primaryimage\"},\"image\":{\"@id\":\"https:\\\/\\\/www.bellunopress.it\\\/2024\\\/06\\\/14\\\/matti-al-cubo-le-tre-dimensioni-della-persona-il-20-giugno-al-caffe-letterario-enaip-campus-tina-merlin-a-feltre\\\/#primaryimage\"},\"thumbnailUrl\":\"https:\\\/\\\/www.bellunopress.it\\\/wp-content\\\/uploads\\\/2024\\\/06\\\/matti-al-cubo_edited.jpg\",\"datePublished\":\"2024-06-14T19:06:37+00:00\",\"breadcrumb\":{\"@id\":\"https:\\\/\\\/www.bellunopress.it\\\/2024\\\/06\\\/14\\\/matti-al-cubo-le-tre-dimensioni-della-persona-il-20-giugno-al-caffe-letterario-enaip-campus-tina-merlin-a-feltre\\\/#breadcrumb\"},\"inLanguage\":\"fr-FR\",\"potentialAction\":[{\"@type\":\"ReadAction\",\"target\":[\"https:\\\/\\\/www.bellunopress.it\\\/2024\\\/06\\\/14\\\/matti-al-cubo-le-tre-dimensioni-della-persona-il-20-giugno-al-caffe-letterario-enaip-campus-tina-merlin-a-feltre\\\/\"]}]},{\"@type\":\"ImageObject\",\"inLanguage\":\"fr-FR\",\"@id\":\"https:\\\/\\\/www.bellunopress.it\\\/2024\\\/06\\\/14\\\/matti-al-cubo-le-tre-dimensioni-della-persona-il-20-giugno-al-caffe-letterario-enaip-campus-tina-merlin-a-feltre\\\/#primaryimage\",\"url\":\"https:\\\/\\\/www.bellunopress.it\\\/wp-content\\\/uploads\\\/2024\\\/06\\\/matti-al-cubo_edited.jpg\",\"contentUrl\":\"https:\\\/\\\/www.bellunopress.it\\\/wp-content\\\/uploads\\\/2024\\\/06\\\/matti-al-cubo_edited.jpg\",\"width\":802,\"height\":1000},{\"@type\":\"BreadcrumbList\",\"@id\":\"https:\\\/\\\/www.bellunopress.it\\\/2024\\\/06\\\/14\\\/matti-al-cubo-le-tre-dimensioni-della-persona-il-20-giugno-al-caffe-letterario-enaip-campus-tina-merlin-a-feltre\\\/#breadcrumb\",\"itemListElement\":[{\"@type\":\"ListItem\",\"position\":1,\"name\":\"Home\",\"item\":\"https:\\\/\\\/www.bellunopress.it\\\/\"},{\"@type\":\"ListItem\",\"position\":2,\"name\":\"Matti al cubo, le tre dimensioni della persona. Il 20 giugno al Caff\u00e8 letterario Enaip, Campus Tina Merlin a Feltre\"}]},{\"@type\":\"WebSite\",\"@id\":\"https:\\\/\\\/www.bellunopress.it\\\/#website\",\"url\":\"https:\\\/\\\/www.bellunopress.it\\\/\",\"name\":\"Bellunopress - Dolomiti\",\"description\":\"e-mail: redazione@bellunopress.it\",\"publisher\":{\"@id\":\"https:\\\/\\\/www.bellunopress.it\\\/#organization\"},\"potentialAction\":[{\"@type\":\"SearchAction\",\"target\":{\"@type\":\"EntryPoint\",\"urlTemplate\":\"https:\\\/\\\/www.bellunopress.it\\\/?s={search_term_string}\"},\"query-input\":{\"@type\":\"PropertyValueSpecification\",\"valueRequired\":true,\"valueName\":\"search_term_string\"}}],\"inLanguage\":\"fr-FR\"},{\"@type\":\"Organization\",\"@id\":\"https:\\\/\\\/www.bellunopress.it\\\/#organization\",\"name\":\"Bellunopress\",\"url\":\"https:\\\/\\\/www.bellunopress.it\\\/\",\"logo\":{\"@type\":\"ImageObject\",\"inLanguage\":\"fr-FR\",\"@id\":\"https:\\\/\\\/www.bellunopress.it\\\/#\\\/schema\\\/logo\\\/image\\\/\",\"url\":\"https:\\\/\\\/www.bellunopress.it\\\/wp-content\\\/uploads\\\/2011\\\/05\\\/cropped-logo-bellunopress-.jpg\",\"contentUrl\":\"https:\\\/\\\/www.bellunopress.it\\\/wp-content\\\/uploads\\\/2011\\\/05\\\/cropped-logo-bellunopress-.jpg\",\"width\":512,\"height\":512,\"caption\":\"Bellunopress\"},\"image\":{\"@id\":\"https:\\\/\\\/www.bellunopress.it\\\/#\\\/schema\\\/logo\\\/image\\\/\"},\"sameAs\":[\"https:\\\/\\\/www.facebook.com\\\/profile.php?id=100008943462799\",\"https:\\\/\\\/x.com\\\/bellunopress\",\"https:\\\/\\\/www.linkedin.com\\\/hp\\\/?dnr=JBzUWaJfMUw8vbXJJ2tVW5-I3jZKvC4wsoxE&amp;amp;amp;amp;amp;amp;trk=nav_responsive_tab_home\",\"https:\\\/\\\/www.youtube.com\\\/channel\\\/UCxL0wu1uN0_3_7hGG0306cw\"]},{\"@type\":\"Person\",\"@id\":\"https:\\\/\\\/www.bellunopress.it\\\/#\\\/schema\\\/person\\\/79bb06722b37ece1c03d3e94beb30d73\",\"name\":\"redazione\",\"image\":{\"@type\":\"ImageObject\",\"inLanguage\":\"fr-FR\",\"@id\":\"https:\\\/\\\/secure.gravatar.com\\\/avatar\\\/37d968a2e67a6fd04c169c4bdef102d0bc5d31b2546345219e348575eb80e9a0?s=96&d=mm&r=g\",\"url\":\"https:\\\/\\\/secure.gravatar.com\\\/avatar\\\/37d968a2e67a6fd04c169c4bdef102d0bc5d31b2546345219e348575eb80e9a0?s=96&d=mm&r=g\",\"contentUrl\":\"https:\\\/\\\/secure.gravatar.com\\\/avatar\\\/37d968a2e67a6fd04c169c4bdef102d0bc5d31b2546345219e348575eb80e9a0?s=96&d=mm&r=g\",\"caption\":\"redazione\"},\"sameAs\":[\"http:\\\/\\\/www.bellunopress.it\",\"https:\\\/\\\/x.com\\\/bellunopress\"],\"url\":\"https:\\\/\\\/www.bellunopress.it\\\/fr\\\/author\\\/redazione\\\/\"}]}<\/script>\n<!-- \/ Yoast SEO plugin. -->","yoast_head_json":{"title":"Matti al cubo, le tre dimensioni della persona. Il 20 giugno al Caff\u00e8 letterario Enaip, Campus Tina Merlin a Feltre - Bellunopress - Dolomiti","robots":{"index":"index","follow":"follow","max-snippet":"max-snippet:-1","max-image-preview":"max-image-preview:large","max-video-preview":"max-video-preview:-1"},"canonical":"https:\/\/www.bellunopress.it\/fr\/2024\/06\/14\/matti-al-cubo-le-tre-dimensioni-della-persona-il-20-giugno-al-caffe-letterario-enaip-campus-tina-merlin-a-feltre\/","og_locale":"fr_FR","og_type":"article","og_title":"Matti al cubo, le tre dimensioni della persona. Il 20 giugno al Caff\u00e8 letterario Enaip, Campus Tina Merlin a Feltre - Bellunopress - Dolomiti","og_description":"C.I.A.O. (Comitato Inclusivo di Azione e Orientamento), in collaborazione con il Comitato Feltrino per il diritto alla salute mentale &#8211; Gi\u00f9 le mani dalla salute bellunese, organizza un altro incontro\u00a0verso il secondo Pride di Belluno. Il 20 Giugno, alle 18:30, presso il Caff\u00e8 letterario ENAIP, Campus Tina Merlin Feltre, si terr\u00e0 un talk interattivo sulla [&hellip;]","og_url":"https:\/\/www.bellunopress.it\/fr\/2024\/06\/14\/matti-al-cubo-le-tre-dimensioni-della-persona-il-20-giugno-al-caffe-letterario-enaip-campus-tina-merlin-a-feltre\/","og_site_name":"Bellunopress - Dolomiti","article_publisher":"https:\/\/www.facebook.com\/profile.php?id=100008943462799","article_published_time":"2024-06-14T19:06:37+00:00","og_image":[{"width":802,"height":1000,"url":"https:\/\/www.bellunopress.it\/wp-content\/uploads\/2024\/06\/matti-al-cubo_edited.jpg","type":"image\/jpeg"}],"author":"redazione","twitter_card":"summary_large_image","twitter_creator":"@bellunopress","twitter_site":"@bellunopress","twitter_misc":{"\u00c9crit par":"redazione","Dur\u00e9e de lecture estim\u00e9e":"1 minute"},"schema":{"@context":"https:\/\/schema.org","@graph":[{"@type":"Article","@id":"https:\/\/www.bellunopress.it\/2024\/06\/14\/matti-al-cubo-le-tre-dimensioni-della-persona-il-20-giugno-al-caffe-letterario-enaip-campus-tina-merlin-a-feltre\/#article","isPartOf":{"@id":"https:\/\/www.bellunopress.it\/2024\/06\/14\/matti-al-cubo-le-tre-dimensioni-della-persona-il-20-giugno-al-caffe-letterario-enaip-campus-tina-merlin-a-feltre\/"},"author":{"name":"redazione","@id":"https:\/\/www.bellunopress.it\/#\/schema\/person\/79bb06722b37ece1c03d3e94beb30d73"},"headline":"Matti al cubo, le tre dimensioni della persona. Il 20 giugno al Caff\u00e8 letterario Enaip, Campus Tina Merlin a Feltre","datePublished":"2024-06-14T19:06:37+00:00","mainEntityOfPage":{"@id":"https:\/\/www.bellunopress.it\/2024\/06\/14\/matti-al-cubo-le-tre-dimensioni-della-persona-il-20-giugno-al-caffe-letterario-enaip-campus-tina-merlin-a-feltre\/"},"wordCount":235,"publisher":{"@id":"https:\/\/www.bellunopress.it\/#organization"},"image":{"@id":"https:\/\/www.bellunopress.it\/2024\/06\/14\/matti-al-cubo-le-tre-dimensioni-della-persona-il-20-giugno-al-caffe-letterario-enaip-campus-tina-merlin-a-feltre\/#primaryimage"},"thumbnailUrl":"https:\/\/www.bellunopress.it\/wp-content\/uploads\/2024\/06\/matti-al-cubo_edited.jpg","articleSection":["Appuntamenti, Eventi","Pausa Caff\u00e8"],"inLanguage":"fr-FR"},{"@type":"WebPage","@id":"https:\/\/www.bellunopress.it\/2024\/06\/14\/matti-al-cubo-le-tre-dimensioni-della-persona-il-20-giugno-al-caffe-letterario-enaip-campus-tina-merlin-a-feltre\/","url":"https:\/\/www.bellunopress.it\/2024\/06\/14\/matti-al-cubo-le-tre-dimensioni-della-persona-il-20-giugno-al-caffe-letterario-enaip-campus-tina-merlin-a-feltre\/","name":"Matti al cubo, le tre dimensioni della persona. Il 20 giugno al Caff\u00e8 letterario Enaip, Campus Tina Merlin a Feltre - Bellunopress - Dolomiti","isPartOf":{"@id":"https:\/\/www.bellunopress.it\/#website"},"primaryImageOfPage":{"@id":"https:\/\/www.bellunopress.it\/2024\/06\/14\/matti-al-cubo-le-tre-dimensioni-della-persona-il-20-giugno-al-caffe-letterario-enaip-campus-tina-merlin-a-feltre\/#primaryimage"},"image":{"@id":"https:\/\/www.bellunopress.it\/2024\/06\/14\/matti-al-cubo-le-tre-dimensioni-della-persona-il-20-giugno-al-caffe-letterario-enaip-campus-tina-merlin-a-feltre\/#primaryimage"},"thumbnailUrl":"https:\/\/www.bellunopress.it\/wp-content\/uploads\/2024\/06\/matti-al-cubo_edited.jpg","datePublished":"2024-06-14T19:06:37+00:00","breadcrumb":{"@id":"https:\/\/www.bellunopress.it\/2024\/06\/14\/matti-al-cubo-le-tre-dimensioni-della-persona-il-20-giugno-al-caffe-letterario-enaip-campus-tina-merlin-a-feltre\/#breadcrumb"},"inLanguage":"fr-FR","potentialAction":[{"@type":"ReadAction","target":["https:\/\/www.bellunopress.it\/2024\/06\/14\/matti-al-cubo-le-tre-dimensioni-della-persona-il-20-giugno-al-caffe-letterario-enaip-campus-tina-merlin-a-feltre\/"]}]},{"@type":"ImageObject","inLanguage":"fr-FR","@id":"https:\/\/www.bellunopress.it\/2024\/06\/14\/matti-al-cubo-le-tre-dimensioni-della-persona-il-20-giugno-al-caffe-letterario-enaip-campus-tina-merlin-a-feltre\/#primaryimage","url":"https:\/\/www.bellunopress.it\/wp-content\/uploads\/2024\/06\/matti-al-cubo_edited.jpg","contentUrl":"https:\/\/www.bellunopress.it\/wp-content\/uploads\/2024\/06\/matti-al-cubo_edited.jpg","width":802,"height":1000},{"@type":"BreadcrumbList","@id":"https:\/\/www.bellunopress.it\/2024\/06\/14\/matti-al-cubo-le-tre-dimensioni-della-persona-il-20-giugno-al-caffe-letterario-enaip-campus-tina-merlin-a-feltre\/#breadcrumb","itemListElement":[{"@type":"ListItem","position":1,"name":"Home","item":"https:\/\/www.bellunopress.it\/"},{"@type":"ListItem","position":2,"name":"Matti al cubo, le tre dimensioni della persona. Il 20 giugno al Caff\u00e8 letterario Enaip, Campus Tina Merlin a Feltre"}]},{"@type":"WebSite","@id":"https:\/\/www.bellunopress.it\/#website","url":"https:\/\/www.bellunopress.it\/","name":"Bellunopress - Dolomiti","description":"e-mail: redazione@bellunopress.it","publisher":{"@id":"https:\/\/www.bellunopress.it\/#organization"},"potentialAction":[{"@type":"SearchAction","target":{"@type":"EntryPoint","urlTemplate":"https:\/\/www.bellunopress.it\/?s={search_term_string}"},"query-input":{"@type":"PropertyValueSpecification","valueRequired":true,"valueName":"search_term_string"}}],"inLanguage":"fr-FR"},{"@type":"Organization","@id":"https:\/\/www.bellunopress.it\/#organization","name":"Bellunopress","url":"https:\/\/www.bellunopress.it\/","logo":{"@type":"ImageObject","inLanguage":"fr-FR","@id":"https:\/\/www.bellunopress.it\/#\/schema\/logo\/image\/","url":"https:\/\/www.bellunopress.it\/wp-content\/uploads\/2011\/05\/cropped-logo-bellunopress-.jpg","contentUrl":"https:\/\/www.bellunopress.it\/wp-content\/uploads\/2011\/05\/cropped-logo-bellunopress-.jpg","width":512,"height":512,"caption":"Bellunopress"},"image":{"@id":"https:\/\/www.bellunopress.it\/#\/schema\/logo\/image\/"},"sameAs":["https:\/\/www.facebook.com\/profile.php?id=100008943462799","https:\/\/x.com\/bellunopress","https:\/\/www.linkedin.com\/hp\/?dnr=JBzUWaJfMUw8vbXJJ2tVW5-I3jZKvC4wsoxE&amp;amp;amp;amp;amp;amp;trk=nav_responsive_tab_home","https:\/\/www.youtube.com\/channel\/UCxL0wu1uN0_3_7hGG0306cw"]},{"@type":"Person","@id":"https:\/\/www.bellunopress.it\/#\/schema\/person\/79bb06722b37ece1c03d3e94beb30d73","name":"r\u00e9daction","image":{"@type":"ImageObject","inLanguage":"fr-FR","@id":"https:\/\/secure.gravatar.com\/avatar\/37d968a2e67a6fd04c169c4bdef102d0bc5d31b2546345219e348575eb80e9a0?s=96&d=mm&r=g","url":"https:\/\/secure.gravatar.com\/avatar\/37d968a2e67a6fd04c169c4bdef102d0bc5d31b2546345219e348575eb80e9a0?s=96&d=mm&r=g","contentUrl":"https:\/\/secure.gravatar.com\/avatar\/37d968a2e67a6fd04c169c4bdef102d0bc5d31b2546345219e348575eb80e9a0?s=96&d=mm&r=g","caption":"redazione"},"sameAs":["http:\/\/www.bellunopress.it","https:\/\/x.com\/bellunopress"],"url":"https:\/\/www.bellunopress.it\/fr\/author\/redazione\/"}]}},"_links":{"self":[{"href":"https:\/\/www.bellunopress.it\/fr\/wp-json\/wp\/v2\/posts\/151521","targetHints":{"allow":["GET"]}}],"collection":[{"href":"https:\/\/www.bellunopress.it\/fr\/wp-json\/wp\/v2\/posts"}],"about":[{"href":"https:\/\/www.bellunopress.it\/fr\/wp-json\/wp\/v2\/types\/post"}],"author":[{"embeddable":true,"href":"https:\/\/www.bellunopress.it\/fr\/wp-json\/wp\/v2\/users\/2"}],"replies":[{"embeddable":true,"href":"https:\/\/www.bellunopress.it\/fr\/wp-json\/wp\/v2\/comments?post=151521"}],"version-history":[{"count":1,"href":"https:\/\/www.bellunopress.it\/fr\/wp-json\/wp\/v2\/posts\/151521\/revisions"}],"predecessor-version":[{"id":151523,"href":"https:\/\/www.bellunopress.it\/fr\/wp-json\/wp\/v2\/posts\/151521\/revisions\/151523"}],"wp:featuredmedia":[{"embeddable":true,"href":"https:\/\/www.bellunopress.it\/fr\/wp-json\/wp\/v2\/media\/151522"}],"wp:attachment":[{"href":"https:\/\/www.bellunopress.it\/fr\/wp-json\/wp\/v2\/media?parent=151521"}],"wp:term":[{"taxonomy":"category","embeddable":true,"href":"https:\/\/www.bellunopress.it\/fr\/wp-json\/wp\/v2\/categories?post=151521"},{"taxonomy":"post_tag","embeddable":true,"href":"https:\/\/www.bellunopress.it\/fr\/wp-json\/wp\/v2\/tags?post=151521"}],"curies":[{"name":"wp","href":"https:\/\/api.w.org\/{rel}","templated":true}]}}