{"id":151511,"date":"2024-06-13T22:43:42","date_gmt":"2024-06-13T20:43:42","guid":{"rendered":"https:\/\/www.bellunopress.it\/?p=151511"},"modified":"2024-06-13T22:43:42","modified_gmt":"2024-06-13T20:43:42","slug":"transito-il-festival-dei-non-luoghi-a-lentiai-torna-il-transito-film-fest","status":"publish","type":"post","link":"https:\/\/www.bellunopress.it\/fr\/2024\/06\/13\/transito-il-festival-dei-non-luoghi-a-lentiai-torna-il-transito-film-fest\/","title":{"rendered":"Transito, il festival dei non luoghi. A Lentiai torna il Transito film fest"},"content":{"rendered":"<p><strong><img loading=\"lazy\" decoding=\"async\" class=\"alignleft size-full wp-image-151512\" src=\"https:\/\/www.bellunopress.it\/wp-content\/uploads\/2024\/06\/Transito-film_edited.jpg\" alt=\"\" width=\"622\" height=\"774\" srcset=\"https:\/\/www.bellunopress.it\/wp-content\/uploads\/2024\/06\/Transito-film_edited.jpg 622w, https:\/\/www.bellunopress.it\/wp-content\/uploads\/2024\/06\/Transito-film_edited-402x500.jpg 402w, https:\/\/www.bellunopress.it\/wp-content\/uploads\/2024\/06\/Transito-film_edited-338x420.jpg 338w\" sizes=\"auto, (max-width: 622px) 100vw, 622px\" \/><\/strong><\/p>\n<p>&nbsp;<\/p>\n<p>&nbsp;<\/p>\n<p>&nbsp;<\/p>\n<p>&nbsp;<\/p>\n<p>&nbsp;<\/p>\n<p>&nbsp;<\/p>\n<p>&nbsp;<\/p>\n<p>&nbsp;<\/p>\n<p>&nbsp;<\/p>\n<p>&nbsp;<\/p>\n<p>&nbsp;<\/p>\n<p>&nbsp;<\/p>\n<p>&nbsp;<\/p>\n<p>&nbsp;<\/p>\n<p>&nbsp;<\/p>\n<p><strong>Dal 21 al 23 e il 29 giugno a Lentiai di Borgo Valbelluna<\/strong><\/p>\n<p>Dopo il grande successo delle edizioni precedenti, torna il Transito, film festival internazionale a Lentiai di Borgo Valbelluna. Nei giorni del 21, 22, 23 e 29 giugno Lentiai si animer\u00e0 di colori, arte, riflessioni e soprattutto film, sul tema, vastissimo, dell\u2019 Indifferenza.<\/p>\n<p>Oltre 400 i film iscritti da pi\u00f9 di 70 nazioni diverse. Quattro i film selezionati, tutti di grande qualit\u00e0, ad altissimo impatto visivo ed emotivo. Il tema dell\u2019indifferenza \u00e8 in filo conduttore che si dirama raggiungendo tutto il mondo dal nord al sud Italia, all&#8217;Iran e al Sudamerica. I quattro film selezionati vogliono testimoniare la vastit\u00e0 di sfumature che questa tematica riesce ad assumere. L\u2019indifferenza affettiva, nei rapporti umani, quella che avviene in ambito giuridico dove purtroppo le ingiustizie permangono, ma anche nei confronti dell\u2019ambiente e del territorio in cui viviamo sono alcuni degli esempi portati.<\/p>\n<p>&#8220;Il tema scelto quest\u2019anno era davvero difficile da interpretare, e le sue molteplici sfumature e implicazioni hanno reso il nostro compito di selezionatori davvero difficile.\u201d dicono gli organizzatori. \u201cLa qualit\u00e0 sempre pi\u00f9 alta delle opere \u00e8 un segno che questo piccolo festival sta crescendo, interessando anche registi di un certo calibro. Le opere scelte esplorano il tema ramificandosi in mille rivoli, a volte con ironia, a volte con incredibile ferocia, con un impatto visivo altamente coinvolgente.\u201d<\/p>\n<p>La proiezione dei film scelti per venerd\u00ec 21, sabato 22 e domenica 23 \u00e8 prevista nel piazzale<br \/>\nantistante la Biblioteca comunale di Lentiai, mentre per sabato 29 presso il Palazzo Pretorio di Cesana o in caso di maltempo presso la SOMS sempre alle ore 21:30.<br \/>\nvenerd\u00ec 21 \u201cAn Invisible Enemy\u201d di Riccardo Campagna e Federico Savonitto (IT 2022)<br \/>\nsabato 22 \u201cCold Tea\u201d di Amir Razi (IR 2023) domenica 23 \u201cAsini Dotti\u201d di Francesco De Giorgi e Giovanni Iavarone (IT 2023)<br \/>\nsabato 29 \u201cThe Invisible Girl\u201d di Dorian Fern\u00e1ndez Moris (PER 2022)<br \/>\nTutte le serate e i dibattiti sono ad ingresso gratuito, i film saranno proiettati in lingua originale con sottotitoli in italiano.<br \/>\nwww.transitofest.org | info@transit<\/p>","protected":false},"excerpt":{"rendered":"<p>&nbsp; &nbsp; &nbsp; &nbsp; &nbsp; &nbsp; &nbsp; &nbsp; &nbsp; &nbsp; &nbsp; &nbsp; &nbsp; &nbsp; &nbsp; Dal 21 al 23 e il 29 giugno a Lentiai di Borgo Valbelluna Dopo il grande successo delle edizioni precedenti, torna il Transito, film festival internazionale a Lentiai di Borgo Valbelluna. Nei giorni del 21, 22, 23 e 29 giugno [&hellip;]<\/p>\n","protected":false},"author":2,"featured_media":151512,"comment_status":"closed","ping_status":"open","sticky":false,"template":"","format":"standard","meta":{"footnotes":""},"categories":[27,3,25],"tags":[],"class_list":["post-151511","post","type-post","status-publish","format-standard","has-post-thumbnail","category-appuntamenti","category-arte-cultura-spettacoli-scienza-archivi","category-pausa-caffe"],"yoast_head":"<!-- This site is optimized with the Yoast SEO plugin v28.4 - https:\/\/yoast.com\/product\/yoast-seo-wordpress\/ -->\n<title>Transito, il festival dei non luoghi. A Lentiai torna il Transito film fest - Bellunopress - Dolomiti<\/title>\n<meta name=\"robots\" content=\"index, follow, max-snippet:-1, max-image-preview:large, max-video-preview:-1\" \/>\n<link rel=\"canonical\" href=\"https:\/\/www.bellunopress.it\/fr\/2024\/06\/13\/transito-il-festival-dei-non-luoghi-a-lentiai-torna-il-transito-film-fest\/\" \/>\n<meta property=\"og:locale\" content=\"fr_FR\" \/>\n<meta property=\"og:type\" content=\"article\" \/>\n<meta property=\"og:title\" content=\"Transito, il festival dei non luoghi. A Lentiai torna il Transito film fest - Bellunopress - Dolomiti\" \/>\n<meta property=\"og:description\" content=\"&nbsp; &nbsp; &nbsp; &nbsp; &nbsp; &nbsp; &nbsp; &nbsp; &nbsp; &nbsp; &nbsp; &nbsp; &nbsp; &nbsp; &nbsp; Dal 21 al 23 e il 29 giugno a Lentiai di Borgo Valbelluna Dopo il grande successo delle edizioni precedenti, torna il Transito, film festival internazionale a Lentiai di Borgo Valbelluna. Nei giorni del 21, 22, 23 e 29 giugno [&hellip;]\" \/>\n<meta property=\"og:url\" content=\"https:\/\/www.bellunopress.it\/fr\/2024\/06\/13\/transito-il-festival-dei-non-luoghi-a-lentiai-torna-il-transito-film-fest\/\" \/>\n<meta property=\"og:site_name\" content=\"Bellunopress - Dolomiti\" \/>\n<meta property=\"article:publisher\" content=\"https:\/\/www.facebook.com\/profile.php?id=100008943462799\" \/>\n<meta property=\"article:published_time\" content=\"2024-06-13T20:43:42+00:00\" \/>\n<meta property=\"og:image\" content=\"https:\/\/www.bellunopress.it\/wp-content\/uploads\/2024\/06\/Transito-film_edited.jpg\" \/>\n\t<meta property=\"og:image:width\" content=\"622\" \/>\n\t<meta property=\"og:image:height\" content=\"774\" \/>\n\t<meta property=\"og:image:type\" content=\"image\/jpeg\" \/>\n<meta name=\"author\" content=\"redazione\" \/>\n<meta name=\"twitter:card\" content=\"summary_large_image\" \/>\n<meta name=\"twitter:creator\" content=\"@bellunopress\" \/>\n<meta name=\"twitter:site\" content=\"@bellunopress\" \/>\n<meta name=\"twitter:label1\" content=\"\u00c9crit par\" \/>\n\t<meta name=\"twitter:data1\" content=\"redazione\" \/>\n\t<meta name=\"twitter:label2\" content=\"Dur\u00e9e de lecture estim\u00e9e\" \/>\n\t<meta name=\"twitter:data2\" content=\"2 minutes\" \/>\n<script type=\"application\/ld+json\" class=\"yoast-schema-graph\">{\"@context\":\"https:\\\/\\\/schema.org\",\"@graph\":[{\"@type\":\"Article\",\"@id\":\"https:\\\/\\\/www.bellunopress.it\\\/2024\\\/06\\\/13\\\/transito-il-festival-dei-non-luoghi-a-lentiai-torna-il-transito-film-fest\\\/#article\",\"isPartOf\":{\"@id\":\"https:\\\/\\\/www.bellunopress.it\\\/2024\\\/06\\\/13\\\/transito-il-festival-dei-non-luoghi-a-lentiai-torna-il-transito-film-fest\\\/\"},\"author\":{\"name\":\"redazione\",\"@id\":\"https:\\\/\\\/www.bellunopress.it\\\/#\\\/schema\\\/person\\\/79bb06722b37ece1c03d3e94beb30d73\"},\"headline\":\"Transito, il festival dei non luoghi. A Lentiai torna il Transito film fest\",\"datePublished\":\"2024-06-13T20:43:42+00:00\",\"mainEntityOfPage\":{\"@id\":\"https:\\\/\\\/www.bellunopress.it\\\/2024\\\/06\\\/13\\\/transito-il-festival-dei-non-luoghi-a-lentiai-torna-il-transito-film-fest\\\/\"},\"wordCount\":353,\"publisher\":{\"@id\":\"https:\\\/\\\/www.bellunopress.it\\\/#organization\"},\"image\":{\"@id\":\"https:\\\/\\\/www.bellunopress.it\\\/2024\\\/06\\\/13\\\/transito-il-festival-dei-non-luoghi-a-lentiai-torna-il-transito-film-fest\\\/#primaryimage\"},\"thumbnailUrl\":\"https:\\\/\\\/www.bellunopress.it\\\/wp-content\\\/uploads\\\/2024\\\/06\\\/Transito-film_edited.jpg\",\"articleSection\":[\"Appuntamenti, Eventi\",\"Arte, Cultura, Spettacoli, Scienza\",\"Pausa Caff\u00e8\"],\"inLanguage\":\"fr-FR\"},{\"@type\":\"WebPage\",\"@id\":\"https:\\\/\\\/www.bellunopress.it\\\/2024\\\/06\\\/13\\\/transito-il-festival-dei-non-luoghi-a-lentiai-torna-il-transito-film-fest\\\/\",\"url\":\"https:\\\/\\\/www.bellunopress.it\\\/2024\\\/06\\\/13\\\/transito-il-festival-dei-non-luoghi-a-lentiai-torna-il-transito-film-fest\\\/\",\"name\":\"Transito, il festival dei non luoghi. A Lentiai torna il Transito film fest - Bellunopress - Dolomiti\",\"isPartOf\":{\"@id\":\"https:\\\/\\\/www.bellunopress.it\\\/#website\"},\"primaryImageOfPage\":{\"@id\":\"https:\\\/\\\/www.bellunopress.it\\\/2024\\\/06\\\/13\\\/transito-il-festival-dei-non-luoghi-a-lentiai-torna-il-transito-film-fest\\\/#primaryimage\"},\"image\":{\"@id\":\"https:\\\/\\\/www.bellunopress.it\\\/2024\\\/06\\\/13\\\/transito-il-festival-dei-non-luoghi-a-lentiai-torna-il-transito-film-fest\\\/#primaryimage\"},\"thumbnailUrl\":\"https:\\\/\\\/www.bellunopress.it\\\/wp-content\\\/uploads\\\/2024\\\/06\\\/Transito-film_edited.jpg\",\"datePublished\":\"2024-06-13T20:43:42+00:00\",\"breadcrumb\":{\"@id\":\"https:\\\/\\\/www.bellunopress.it\\\/2024\\\/06\\\/13\\\/transito-il-festival-dei-non-luoghi-a-lentiai-torna-il-transito-film-fest\\\/#breadcrumb\"},\"inLanguage\":\"fr-FR\",\"potentialAction\":[{\"@type\":\"ReadAction\",\"target\":[\"https:\\\/\\\/www.bellunopress.it\\\/2024\\\/06\\\/13\\\/transito-il-festival-dei-non-luoghi-a-lentiai-torna-il-transito-film-fest\\\/\"]}]},{\"@type\":\"ImageObject\",\"inLanguage\":\"fr-FR\",\"@id\":\"https:\\\/\\\/www.bellunopress.it\\\/2024\\\/06\\\/13\\\/transito-il-festival-dei-non-luoghi-a-lentiai-torna-il-transito-film-fest\\\/#primaryimage\",\"url\":\"https:\\\/\\\/www.bellunopress.it\\\/wp-content\\\/uploads\\\/2024\\\/06\\\/Transito-film_edited.jpg\",\"contentUrl\":\"https:\\\/\\\/www.bellunopress.it\\\/wp-content\\\/uploads\\\/2024\\\/06\\\/Transito-film_edited.jpg\",\"width\":622,\"height\":774},{\"@type\":\"BreadcrumbList\",\"@id\":\"https:\\\/\\\/www.bellunopress.it\\\/2024\\\/06\\\/13\\\/transito-il-festival-dei-non-luoghi-a-lentiai-torna-il-transito-film-fest\\\/#breadcrumb\",\"itemListElement\":[{\"@type\":\"ListItem\",\"position\":1,\"name\":\"Home\",\"item\":\"https:\\\/\\\/www.bellunopress.it\\\/\"},{\"@type\":\"ListItem\",\"position\":2,\"name\":\"Transito, il festival dei non luoghi. A Lentiai torna il Transito film fest\"}]},{\"@type\":\"WebSite\",\"@id\":\"https:\\\/\\\/www.bellunopress.it\\\/#website\",\"url\":\"https:\\\/\\\/www.bellunopress.it\\\/\",\"name\":\"Bellunopress - Dolomiti\",\"description\":\"e-mail: redazione@bellunopress.it\",\"publisher\":{\"@id\":\"https:\\\/\\\/www.bellunopress.it\\\/#organization\"},\"potentialAction\":[{\"@type\":\"SearchAction\",\"target\":{\"@type\":\"EntryPoint\",\"urlTemplate\":\"https:\\\/\\\/www.bellunopress.it\\\/?s={search_term_string}\"},\"query-input\":{\"@type\":\"PropertyValueSpecification\",\"valueRequired\":true,\"valueName\":\"search_term_string\"}}],\"inLanguage\":\"fr-FR\"},{\"@type\":\"Organization\",\"@id\":\"https:\\\/\\\/www.bellunopress.it\\\/#organization\",\"name\":\"Bellunopress\",\"url\":\"https:\\\/\\\/www.bellunopress.it\\\/\",\"logo\":{\"@type\":\"ImageObject\",\"inLanguage\":\"fr-FR\",\"@id\":\"https:\\\/\\\/www.bellunopress.it\\\/#\\\/schema\\\/logo\\\/image\\\/\",\"url\":\"https:\\\/\\\/www.bellunopress.it\\\/wp-content\\\/uploads\\\/2011\\\/05\\\/cropped-logo-bellunopress-.jpg\",\"contentUrl\":\"https:\\\/\\\/www.bellunopress.it\\\/wp-content\\\/uploads\\\/2011\\\/05\\\/cropped-logo-bellunopress-.jpg\",\"width\":512,\"height\":512,\"caption\":\"Bellunopress\"},\"image\":{\"@id\":\"https:\\\/\\\/www.bellunopress.it\\\/#\\\/schema\\\/logo\\\/image\\\/\"},\"sameAs\":[\"https:\\\/\\\/www.facebook.com\\\/profile.php?id=100008943462799\",\"https:\\\/\\\/x.com\\\/bellunopress\",\"https:\\\/\\\/www.linkedin.com\\\/hp\\\/?dnr=JBzUWaJfMUw8vbXJJ2tVW5-I3jZKvC4wsoxE&amp;amp;amp;amp;amp;amp;trk=nav_responsive_tab_home\",\"https:\\\/\\\/www.youtube.com\\\/channel\\\/UCxL0wu1uN0_3_7hGG0306cw\"]},{\"@type\":\"Person\",\"@id\":\"https:\\\/\\\/www.bellunopress.it\\\/#\\\/schema\\\/person\\\/79bb06722b37ece1c03d3e94beb30d73\",\"name\":\"redazione\",\"image\":{\"@type\":\"ImageObject\",\"inLanguage\":\"fr-FR\",\"@id\":\"https:\\\/\\\/secure.gravatar.com\\\/avatar\\\/37d968a2e67a6fd04c169c4bdef102d0bc5d31b2546345219e348575eb80e9a0?s=96&d=mm&r=g\",\"url\":\"https:\\\/\\\/secure.gravatar.com\\\/avatar\\\/37d968a2e67a6fd04c169c4bdef102d0bc5d31b2546345219e348575eb80e9a0?s=96&d=mm&r=g\",\"contentUrl\":\"https:\\\/\\\/secure.gravatar.com\\\/avatar\\\/37d968a2e67a6fd04c169c4bdef102d0bc5d31b2546345219e348575eb80e9a0?s=96&d=mm&r=g\",\"caption\":\"redazione\"},\"sameAs\":[\"http:\\\/\\\/www.bellunopress.it\",\"https:\\\/\\\/x.com\\\/bellunopress\"],\"url\":\"https:\\\/\\\/www.bellunopress.it\\\/fr\\\/author\\\/redazione\\\/\"}]}<\/script>\n<!-- \/ Yoast SEO plugin. -->","yoast_head_json":{"title":"Transito, il festival dei non luoghi. A Lentiai torna il Transito film fest - Bellunopress - Dolomiti","robots":{"index":"index","follow":"follow","max-snippet":"max-snippet:-1","max-image-preview":"max-image-preview:large","max-video-preview":"max-video-preview:-1"},"canonical":"https:\/\/www.bellunopress.it\/fr\/2024\/06\/13\/transito-il-festival-dei-non-luoghi-a-lentiai-torna-il-transito-film-fest\/","og_locale":"fr_FR","og_type":"article","og_title":"Transito, il festival dei non luoghi. A Lentiai torna il Transito film fest - Bellunopress - Dolomiti","og_description":"&nbsp; &nbsp; &nbsp; &nbsp; &nbsp; &nbsp; &nbsp; &nbsp; &nbsp; &nbsp; &nbsp; &nbsp; &nbsp; &nbsp; &nbsp; Dal 21 al 23 e il 29 giugno a Lentiai di Borgo Valbelluna Dopo il grande successo delle edizioni precedenti, torna il Transito, film festival internazionale a Lentiai di Borgo Valbelluna. Nei giorni del 21, 22, 23 e 29 giugno [&hellip;]","og_url":"https:\/\/www.bellunopress.it\/fr\/2024\/06\/13\/transito-il-festival-dei-non-luoghi-a-lentiai-torna-il-transito-film-fest\/","og_site_name":"Bellunopress - Dolomiti","article_publisher":"https:\/\/www.facebook.com\/profile.php?id=100008943462799","article_published_time":"2024-06-13T20:43:42+00:00","og_image":[{"width":622,"height":774,"url":"https:\/\/www.bellunopress.it\/wp-content\/uploads\/2024\/06\/Transito-film_edited.jpg","type":"image\/jpeg"}],"author":"redazione","twitter_card":"summary_large_image","twitter_creator":"@bellunopress","twitter_site":"@bellunopress","twitter_misc":{"\u00c9crit par":"redazione","Dur\u00e9e de lecture estim\u00e9e":"2 minutes"},"schema":{"@context":"https:\/\/schema.org","@graph":[{"@type":"Article","@id":"https:\/\/www.bellunopress.it\/2024\/06\/13\/transito-il-festival-dei-non-luoghi-a-lentiai-torna-il-transito-film-fest\/#article","isPartOf":{"@id":"https:\/\/www.bellunopress.it\/2024\/06\/13\/transito-il-festival-dei-non-luoghi-a-lentiai-torna-il-transito-film-fest\/"},"author":{"name":"redazione","@id":"https:\/\/www.bellunopress.it\/#\/schema\/person\/79bb06722b37ece1c03d3e94beb30d73"},"headline":"Transito, il festival dei non luoghi. A Lentiai torna il Transito film fest","datePublished":"2024-06-13T20:43:42+00:00","mainEntityOfPage":{"@id":"https:\/\/www.bellunopress.it\/2024\/06\/13\/transito-il-festival-dei-non-luoghi-a-lentiai-torna-il-transito-film-fest\/"},"wordCount":353,"publisher":{"@id":"https:\/\/www.bellunopress.it\/#organization"},"image":{"@id":"https:\/\/www.bellunopress.it\/2024\/06\/13\/transito-il-festival-dei-non-luoghi-a-lentiai-torna-il-transito-film-fest\/#primaryimage"},"thumbnailUrl":"https:\/\/www.bellunopress.it\/wp-content\/uploads\/2024\/06\/Transito-film_edited.jpg","articleSection":["Appuntamenti, Eventi","Arte, Cultura, Spettacoli, Scienza","Pausa Caff\u00e8"],"inLanguage":"fr-FR"},{"@type":"WebPage","@id":"https:\/\/www.bellunopress.it\/2024\/06\/13\/transito-il-festival-dei-non-luoghi-a-lentiai-torna-il-transito-film-fest\/","url":"https:\/\/www.bellunopress.it\/2024\/06\/13\/transito-il-festival-dei-non-luoghi-a-lentiai-torna-il-transito-film-fest\/","name":"Transito, il festival dei non luoghi. A Lentiai torna il Transito film fest - Bellunopress - Dolomiti","isPartOf":{"@id":"https:\/\/www.bellunopress.it\/#website"},"primaryImageOfPage":{"@id":"https:\/\/www.bellunopress.it\/2024\/06\/13\/transito-il-festival-dei-non-luoghi-a-lentiai-torna-il-transito-film-fest\/#primaryimage"},"image":{"@id":"https:\/\/www.bellunopress.it\/2024\/06\/13\/transito-il-festival-dei-non-luoghi-a-lentiai-torna-il-transito-film-fest\/#primaryimage"},"thumbnailUrl":"https:\/\/www.bellunopress.it\/wp-content\/uploads\/2024\/06\/Transito-film_edited.jpg","datePublished":"2024-06-13T20:43:42+00:00","breadcrumb":{"@id":"https:\/\/www.bellunopress.it\/2024\/06\/13\/transito-il-festival-dei-non-luoghi-a-lentiai-torna-il-transito-film-fest\/#breadcrumb"},"inLanguage":"fr-FR","potentialAction":[{"@type":"ReadAction","target":["https:\/\/www.bellunopress.it\/2024\/06\/13\/transito-il-festival-dei-non-luoghi-a-lentiai-torna-il-transito-film-fest\/"]}]},{"@type":"ImageObject","inLanguage":"fr-FR","@id":"https:\/\/www.bellunopress.it\/2024\/06\/13\/transito-il-festival-dei-non-luoghi-a-lentiai-torna-il-transito-film-fest\/#primaryimage","url":"https:\/\/www.bellunopress.it\/wp-content\/uploads\/2024\/06\/Transito-film_edited.jpg","contentUrl":"https:\/\/www.bellunopress.it\/wp-content\/uploads\/2024\/06\/Transito-film_edited.jpg","width":622,"height":774},{"@type":"BreadcrumbList","@id":"https:\/\/www.bellunopress.it\/2024\/06\/13\/transito-il-festival-dei-non-luoghi-a-lentiai-torna-il-transito-film-fest\/#breadcrumb","itemListElement":[{"@type":"ListItem","position":1,"name":"Home","item":"https:\/\/www.bellunopress.it\/"},{"@type":"ListItem","position":2,"name":"Transito, il festival dei non luoghi. A Lentiai torna il Transito film fest"}]},{"@type":"WebSite","@id":"https:\/\/www.bellunopress.it\/#website","url":"https:\/\/www.bellunopress.it\/","name":"Bellunopress - Dolomiti","description":"e-mail: redazione@bellunopress.it","publisher":{"@id":"https:\/\/www.bellunopress.it\/#organization"},"potentialAction":[{"@type":"SearchAction","target":{"@type":"EntryPoint","urlTemplate":"https:\/\/www.bellunopress.it\/?s={search_term_string}"},"query-input":{"@type":"PropertyValueSpecification","valueRequired":true,"valueName":"search_term_string"}}],"inLanguage":"fr-FR"},{"@type":"Organization","@id":"https:\/\/www.bellunopress.it\/#organization","name":"Bellunopress","url":"https:\/\/www.bellunopress.it\/","logo":{"@type":"ImageObject","inLanguage":"fr-FR","@id":"https:\/\/www.bellunopress.it\/#\/schema\/logo\/image\/","url":"https:\/\/www.bellunopress.it\/wp-content\/uploads\/2011\/05\/cropped-logo-bellunopress-.jpg","contentUrl":"https:\/\/www.bellunopress.it\/wp-content\/uploads\/2011\/05\/cropped-logo-bellunopress-.jpg","width":512,"height":512,"caption":"Bellunopress"},"image":{"@id":"https:\/\/www.bellunopress.it\/#\/schema\/logo\/image\/"},"sameAs":["https:\/\/www.facebook.com\/profile.php?id=100008943462799","https:\/\/x.com\/bellunopress","https:\/\/www.linkedin.com\/hp\/?dnr=JBzUWaJfMUw8vbXJJ2tVW5-I3jZKvC4wsoxE&amp;amp;amp;amp;amp;amp;trk=nav_responsive_tab_home","https:\/\/www.youtube.com\/channel\/UCxL0wu1uN0_3_7hGG0306cw"]},{"@type":"Person","@id":"https:\/\/www.bellunopress.it\/#\/schema\/person\/79bb06722b37ece1c03d3e94beb30d73","name":"r\u00e9daction","image":{"@type":"ImageObject","inLanguage":"fr-FR","@id":"https:\/\/secure.gravatar.com\/avatar\/37d968a2e67a6fd04c169c4bdef102d0bc5d31b2546345219e348575eb80e9a0?s=96&d=mm&r=g","url":"https:\/\/secure.gravatar.com\/avatar\/37d968a2e67a6fd04c169c4bdef102d0bc5d31b2546345219e348575eb80e9a0?s=96&d=mm&r=g","contentUrl":"https:\/\/secure.gravatar.com\/avatar\/37d968a2e67a6fd04c169c4bdef102d0bc5d31b2546345219e348575eb80e9a0?s=96&d=mm&r=g","caption":"redazione"},"sameAs":["http:\/\/www.bellunopress.it","https:\/\/x.com\/bellunopress"],"url":"https:\/\/www.bellunopress.it\/fr\/author\/redazione\/"}]}},"_links":{"self":[{"href":"https:\/\/www.bellunopress.it\/fr\/wp-json\/wp\/v2\/posts\/151511","targetHints":{"allow":["GET"]}}],"collection":[{"href":"https:\/\/www.bellunopress.it\/fr\/wp-json\/wp\/v2\/posts"}],"about":[{"href":"https:\/\/www.bellunopress.it\/fr\/wp-json\/wp\/v2\/types\/post"}],"author":[{"embeddable":true,"href":"https:\/\/www.bellunopress.it\/fr\/wp-json\/wp\/v2\/users\/2"}],"replies":[{"embeddable":true,"href":"https:\/\/www.bellunopress.it\/fr\/wp-json\/wp\/v2\/comments?post=151511"}],"version-history":[{"count":1,"href":"https:\/\/www.bellunopress.it\/fr\/wp-json\/wp\/v2\/posts\/151511\/revisions"}],"predecessor-version":[{"id":151513,"href":"https:\/\/www.bellunopress.it\/fr\/wp-json\/wp\/v2\/posts\/151511\/revisions\/151513"}],"wp:featuredmedia":[{"embeddable":true,"href":"https:\/\/www.bellunopress.it\/fr\/wp-json\/wp\/v2\/media\/151512"}],"wp:attachment":[{"href":"https:\/\/www.bellunopress.it\/fr\/wp-json\/wp\/v2\/media?parent=151511"}],"wp:term":[{"taxonomy":"category","embeddable":true,"href":"https:\/\/www.bellunopress.it\/fr\/wp-json\/wp\/v2\/categories?post=151511"},{"taxonomy":"post_tag","embeddable":true,"href":"https:\/\/www.bellunopress.it\/fr\/wp-json\/wp\/v2\/tags?post=151511"}],"curies":[{"name":"wp","href":"https:\/\/api.w.org\/{rel}","templated":true}]}}